{"id":13080,"date":"2022-06-02T06:12:45","date_gmt":"2022-06-02T04:12:45","guid":{"rendered":"https:\/\/www.organisator.ch\/?p=13080"},"modified":"2022-06-01T17:03:19","modified_gmt":"2022-06-01T15:03:19","slug":"firmenflotten-in-der-schweiz-vorsichtige-zuversicht-in-komplexem-umfeld","status":"publish","type":"post","link":"https:\/\/www.organisator.ch\/fr\/management\/2022-06-02\/firmenflotten-in-der-schweiz-vorsichtige-zuversicht-in-komplexem-umfeld\/","title":{"rendered":"Flottes d'entreprise en Suisse : une confiance prudente dans un environnement complexe"},"content":{"rendered":"<figure id=\"attachment_13081\" aria-describedby=\"caption-attachment-13081\" style=\"width: 680px\" class=\"wp-caption alignnone\"><img loading=\"lazy\" decoding=\"async\" class=\"size-full wp-image-13081\" src=\"https:\/\/www.organisator.ch\/wp-content\/uploads\/2022\/06\/Firmenflotten-in-der-Schweiz-Vorsichtige-Zuversicht-in-komplexem-Umfeld-1_Organisator.jpg\" alt=\"\" width=\"680\" height=\"453\" srcset=\"https:\/\/www.organisator.ch\/wp-content\/uploads\/2022\/06\/Firmenflotten-in-der-Schweiz-Vorsichtige-Zuversicht-in-komplexem-Umfeld-1_Organisator.jpg 680w, https:\/\/www.organisator.ch\/wp-content\/uploads\/2022\/06\/Firmenflotten-in-der-Schweiz-Vorsichtige-Zuversicht-in-komplexem-Umfeld-1_Organisator-18x12.jpg 18w, https:\/\/www.organisator.ch\/wp-content\/uploads\/2022\/06\/Firmenflotten-in-der-Schweiz-Vorsichtige-Zuversicht-in-komplexem-Umfeld-1_Organisator-263x175.jpg 263w, https:\/\/www.organisator.ch\/wp-content\/uploads\/2022\/06\/Firmenflotten-in-der-Schweiz-Vorsichtige-Zuversicht-in-komplexem-Umfeld-1_Organisator-525x350.jpg 525w, https:\/\/www.organisator.ch\/wp-content\/uploads\/2022\/06\/Firmenflotten-in-der-Schweiz-Vorsichtige-Zuversicht-in-komplexem-Umfeld-1_Organisator-300x200.jpg 300w\" sizes=\"auto, (max-width: 680px) 100vw, 680px\" \/><figcaption id=\"caption-attachment-13081\" class=\"wp-caption-text\">Les entreprises en Suisse sont confiantes quant \u00e0 l'\u00e9volution de leurs flottes d'entreprise. L'environnement devient toutefois de plus en plus complexe. (Image : Pixabay.com)<\/figcaption><\/figure>\n<p>Le Barom\u00e8tre de la flotte et de la mobilit\u00e9 2022 est une \u00e9tude annuelle men\u00e9e par Arval Mobility Observatory. L'enqu\u00eate a \u00e9t\u00e9 men\u00e9e dans 26 pays, avec un focus sur l'Europe, et montre l'\u00e9tat d'esprit qui r\u00e8gne parmi les gestionnaires de flotte. Pour les trois prochaines ann\u00e9es, on s'attend \u00e0 une stabilit\u00e9 ou \u00e0 une croissance des flottes d'entreprise en raison de la bonne marche des affaires et des besoins en personnel. L'environnement incertain d\u00fb \u00e0 l'inflation, \u00e0 la p\u00e9nurie de semi-conducteurs et aux probl\u00e8mes de la cha\u00eene d'approvisionnement incite toutefois les entreprises suisses \u00e0 conserver leurs v\u00e9hicules plus longtemps qu'auparavant - un ph\u00e9nom\u00e8ne que l'on observe \u00e9galement dans le reste de l'Europe. La tendance au home-office n'influence toutefois que timidement la strat\u00e9gie de mobilit\u00e9 des entreprises : 17 % des entreprises suisses (Europe : 13 %) envisagent d'adapter leur politique de mobilit\u00e9 \u00e0 cet \u00e9gard. 22 % des PME suisses pr\u00e9voient en outre d'introduire ou de d\u00e9velopper le full service leasing dans leur flotte au cours des trois prochaines ann\u00e9es.<\/p>\n<h3><strong>Les technologies alternatives continuent de gagner du terrain<\/strong><\/h3>\n<p>En ce qui concerne l'introduction de technologies de propulsion alternatives, la Suisse se situe dans la moyenne europ\u00e9enne : 4 entreprises sur 10 ont d\u00e9j\u00e0 des mod\u00e8les hybrides, hybrides plug-in ou BEV (v\u00e9hicules purement \u00e9lectriques avec batterie) dans leur flotte de voitures de tourisme. Au total, deux tiers des entreprises interrog\u00e9es utilisent ou envisagent d'utiliser des technologies alternatives dans les trois ann\u00e9es \u00e0 venir.<\/p>\n<p>L'hybride et le VEB sont utilis\u00e9s par une entreprise sur cinq ; l'hybride rechargeable est l\u00e9g\u00e8rement en dessous avec 16 %. Au total, chacune de ces trois technologies est utilis\u00e9e ou envisag\u00e9e par un tiers des entreprises. La Suisse se situe ici au niveau de l'Europe. Les entreprises ayant des v\u00e9hicules utilitaires dans leur flotte ont \u00e9galement d\u00e9j\u00e0 commenc\u00e9 \u00e0 \u00e9lectrifier leur parc avec des BEV : 25 % les utilisent d\u00e9j\u00e0 ou envisagent de le faire dans les trois prochaines ann\u00e9es. C'est plus souvent le cas pour les grandes entreprises que pour les petites. En ce qui concerne les autres technologies, le GNC (gaz naturel comprim\u00e9) est d\u00e9j\u00e0 utilis\u00e9 par 7 % des entreprises, alors que l'hydrog\u00e8ne n'est utilis\u00e9 que dans 2 % des flottes de voitures particuli\u00e8res.<\/p>\n<h3><strong>Des points de recharge \u00e0 domicile peu financ\u00e9s<\/strong><\/h3>\n<p>La principale motivation pour le passage aux technologies de propulsion alternatives est la responsabilit\u00e9 sociale de l'entreprise. Dans ce domaine, la Suisse occupe la premi\u00e8re place avec 83 % pour les flottes de voitures particuli\u00e8res, suivie de pr\u00e8s par l'objectif de r\u00e9duire les co\u00fbts de carburant (76 %), de diminuer l'impact \u00e9cologique (69 %) et d'am\u00e9liorer l'image de l'entreprise (68 %).<\/p>\n<p>Avec la forte diffusion des v\u00e9hicules \u00e9lectriques, le besoin en stations de recharge augmente. L'acc\u00e8s aux bornes de recharge en route, \u00e0 la maison et sur le lieu de travail n'est donc pas encore jug\u00e9 optimal. Pr\u00e8s de la moiti\u00e9 des entreprises en Suisse ont d\u00e9sormais install\u00e9 des bornes de recharge sur leur site ou sont en train de les planifier. En ce qui concerne le soutien financier des collaborateurs pour l'installation et le financement de bornes de recharge \u00e0 domicile, la Suisse a un grand retard \u00e0 rattraper par rapport au reste de l'Europe : 52 % des entreprises suisses (Europe : 21 %) n'accordent pas encore de soutien financier \u00e0 leurs collaborateurs dans ce domaine.<\/p>\n<figure id=\"attachment_13083\" aria-describedby=\"caption-attachment-13083\" style=\"width: 680px\" class=\"wp-caption alignnone\"><img loading=\"lazy\" decoding=\"async\" class=\"size-full wp-image-13083\" src=\"https:\/\/www.organisator.ch\/wp-content\/uploads\/2022\/06\/Firmenflotten-in-der-Schweiz-Vorsichtige-Zuversicht-in-komplexem-Umfeld-2_Organisator.jpg\" alt=\"\" width=\"680\" height=\"383\" srcset=\"https:\/\/www.organisator.ch\/wp-content\/uploads\/2022\/06\/Firmenflotten-in-der-Schweiz-Vorsichtige-Zuversicht-in-komplexem-Umfeld-2_Organisator.jpg 680w, https:\/\/www.organisator.ch\/wp-content\/uploads\/2022\/06\/Firmenflotten-in-der-Schweiz-Vorsichtige-Zuversicht-in-komplexem-Umfeld-2_Organisator-18x10.jpg 18w, https:\/\/www.organisator.ch\/wp-content\/uploads\/2022\/06\/Firmenflotten-in-der-Schweiz-Vorsichtige-Zuversicht-in-komplexem-Umfeld-2_Organisator-311x175.jpg 311w, https:\/\/www.organisator.ch\/wp-content\/uploads\/2022\/06\/Firmenflotten-in-der-Schweiz-Vorsichtige-Zuversicht-in-komplexem-Umfeld-2_Organisator-621x350.jpg 621w, https:\/\/www.organisator.ch\/wp-content\/uploads\/2022\/06\/Firmenflotten-in-der-Schweiz-Vorsichtige-Zuversicht-in-komplexem-Umfeld-2_Organisator-300x169.jpg 300w\" sizes=\"auto, (max-width: 680px) 100vw, 680px\" \/><figcaption id=\"caption-attachment-13083\" class=\"wp-caption-text\">(Graphique : Arval)<\/figcaption><\/figure>\n<p>En revanche, les solutions de mobilit\u00e9 alternatives, telles que la combinaison de la voiture, des transports publics et du v\u00e9lo, sont d\u00e9j\u00e0 largement r\u00e9pandues : Deux entreprises sur trois en Suisse proposent d\u00e9j\u00e0 de tels mod\u00e8les \u00e0 leurs collaborateurs et trois entreprises sur quatre le font d\u00e9j\u00e0 ou envisagent de le faire dans les trois ann\u00e9es \u00e0 venir. Cela s'accompagne \u00e9galement de budgets de mobilit\u00e9 pour les collaborateurs, qui doivent contribuer \u00e0 la r\u00e9duction des co\u00fbts de mobilit\u00e9 et \u00e0 des solutions de mobilit\u00e9 flexibles. Dans ce contexte, un tiers des entreprises interrog\u00e9es indiquent vouloir introduire ou encore d\u00e9velopper le home office.<\/p>\n<h3><strong>les flottes d'entreprise des PME : <\/strong><strong>Le full service leasing prend de l'ampleur<\/strong><\/h3>\n<p>L'Observatoire de la mobilit\u00e9 d'Arval examine \u00e9galement les m\u00e9thodes de financement des flottes d'entreprise. Le full service leasing est actuellement la principale m\u00e9thode de financement utilis\u00e9e par 13 % des entreprises en Suisse, ce qui repr\u00e9sente un doublement par rapport \u00e0 l'ann\u00e9e 2020 (2020 : 6 %). Parmi les petites entreprises en particulier, 22 % suppl\u00e9mentaires pr\u00e9voient de l'introduire ou de le d\u00e9velopper au cours des trois prochaines ann\u00e9es.<\/p>\n<figure id=\"attachment_13084\" aria-describedby=\"caption-attachment-13084\" style=\"width: 680px\" class=\"wp-caption alignnone\"><img loading=\"lazy\" decoding=\"async\" class=\"size-full wp-image-13084\" src=\"https:\/\/www.organisator.ch\/wp-content\/uploads\/2022\/06\/Firmenflotten-in-der-Schweiz-Vorsichtige-Zuversicht-in-komplexem-Umfeld-3_Organisator.jpg\" alt=\"\" width=\"680\" height=\"383\" srcset=\"https:\/\/www.organisator.ch\/wp-content\/uploads\/2022\/06\/Firmenflotten-in-der-Schweiz-Vorsichtige-Zuversicht-in-komplexem-Umfeld-3_Organisator.jpg 680w, https:\/\/www.organisator.ch\/wp-content\/uploads\/2022\/06\/Firmenflotten-in-der-Schweiz-Vorsichtige-Zuversicht-in-komplexem-Umfeld-3_Organisator-18x10.jpg 18w, https:\/\/www.organisator.ch\/wp-content\/uploads\/2022\/06\/Firmenflotten-in-der-Schweiz-Vorsichtige-Zuversicht-in-komplexem-Umfeld-3_Organisator-311x175.jpg 311w, https:\/\/www.organisator.ch\/wp-content\/uploads\/2022\/06\/Firmenflotten-in-der-Schweiz-Vorsichtige-Zuversicht-in-komplexem-Umfeld-3_Organisator-621x350.jpg 621w, https:\/\/www.organisator.ch\/wp-content\/uploads\/2022\/06\/Firmenflotten-in-der-Schweiz-Vorsichtige-Zuversicht-in-komplexem-Umfeld-3_Organisator-300x169.jpg 300w\" sizes=\"auto, (max-width: 680px) 100vw, 680px\" \/><figcaption id=\"caption-attachment-13084\" class=\"wp-caption-text\">(Graphique : Arval)<\/figcaption><\/figure>\n<p>En ce qui concerne l'utilisation de syst\u00e8mes t\u00e9l\u00e9matiques, les flottes d'entreprises suisses se situent au niveau europ\u00e9en avec 30 % (Europe : 33 %), les grandes entreprises \u00e9tant les premi\u00e8res \u00e0 progresser et \u00e0 utiliser davantage la technologie pour les v\u00e9hicules de tourisme que pour les v\u00e9hicules utilitaires. Les principales raisons de l'utilisation de la t\u00e9l\u00e9matique en Suisse sont les m\u00eames que dans le reste de l'Europe : comportement des conducteurs, s\u00e9curit\u00e9 et localisation du v\u00e9hicule et efficacit\u00e9 op\u00e9rationnelle.<\/p>\n<p><em>Source : <a href=\"http:\/\/www.arval.ch\">Arval<\/a><\/em><\/p>","protected":false},"excerpt":{"rendered":"<p>Der Fleet and Mobility Barometer 2022 ist eine j\u00e4hrlich durchgef\u00fchrte Studie von Arval Mobility Observatory. Die Umfrage wurde in 26 L\u00e4ndern durchgef\u00fchrt mit Fokus Europa und zeigt die Stimmung, die unter Flottenmanagerinnen und -managern herrscht. F\u00fcr die n\u00e4chsten drei Jahre wird mit Stabilit\u00e4t oder Wachstum der Firmenflotten infolge guten Gesch\u00e4ftsverlaufes und Personalbedarf gerechnet. Das unsichere [&hellip;]<\/p>\n","protected":false},"author":4,"featured_media":0,"comment_status":"closed","ping_status":"closed","sticky":false,"template":"","format":"standard","meta":{"_acf_changed":false,"_yoast_wpseo_focuskw":"Firmenflotten","_yoast_wpseo_metadesc":"95 % der Unternehmen erwarten, dass ihre Firmenflotten in den n\u00e4chsten drei Jahren mindestens gleich gross bleiben werden.","articlekey":"","footnotes":""},"categories":[28],"tags":[212,354,1727,1787],"class_list":["post-13080","post","type-post","status-publish","format-standard","hentry","category-management","tag-flottenmanagement","tag-mobilitaet","tag-mobilitaetsmanagement","tag-nachhaltigkeit"],"acf":[],"yoast_head":"<!-- This site is optimized with the Yoast SEO plugin v27.5 - https:\/\/yoast.com\/product\/yoast-seo-wordpress\/ -->\n<title>Firmenflotten in der Schweiz: Vorsichtige Zuversicht in komplexem Umfeld - Organisator<\/title>\n<meta name=\"description\" content=\"95 % der Unternehmen erwarten, dass ihre Firmenflotten in den n\u00e4chsten drei Jahren mindestens gleich gross bleiben werden.\" \/>\n<meta name=\"robots\" content=\"index, follow, max-snippet:-1, max-image-preview:large, max-video-preview:-1\" \/>\n<link rel=\"canonical\" href=\"https:\/\/www.organisator.ch\/fr\/gestion-2\/2022-06-02\/firmenflotten-in-der-schweiz-vorsichtige-zuversicht-in-komplexem-umfeld\/\" \/>\n<meta property=\"og:locale\" content=\"fr_FR\" \/>\n<meta property=\"og:type\" content=\"article\" \/>\n<meta property=\"og:title\" content=\"Firmenflotten in der Schweiz: Vorsichtige Zuversicht in komplexem Umfeld\" \/>\n<meta property=\"og:description\" content=\"95 % der Unternehmen erwarten, dass ihre Firmenflotten in den n\u00e4chsten drei Jahren mindestens gleich gross bleiben werden.\" \/>\n<meta property=\"og:url\" content=\"https:\/\/www.organisator.ch\/fr\/gestion-2\/2022-06-02\/firmenflotten-in-der-schweiz-vorsichtige-zuversicht-in-komplexem-umfeld\/\" \/>\n<meta property=\"og:site_name\" content=\"Organisator\" \/>\n<meta property=\"article:publisher\" content=\"https:\/\/www.facebook.com\/OrganisatorFachmagazin\" \/>\n<meta property=\"article:published_time\" content=\"2022-06-02T04:12:45+00:00\" \/>\n<meta property=\"og:image\" content=\"https:\/\/www.organisator.ch\/wp-content\/uploads\/2022\/06\/Firmenflotten-in-der-Schweiz-Vorsichtige-Zuversicht-in-komplexem-Umfeld-1_Organisator.jpg\" \/>\n\t<meta property=\"og:image:width\" content=\"680\" \/>\n\t<meta property=\"og:image:height\" content=\"453\" \/>\n\t<meta property=\"og:image:type\" content=\"image\/jpeg\" \/>\n<meta name=\"author\" content=\"thomas.berner\" \/>\n<meta name=\"twitter:card\" content=\"summary_large_image\" \/>\n<meta name=\"twitter:title\" content=\"#Firmenflotten in der Schweiz: Vorsichtige #Zuversicht in komplexem Umfeld\" \/>\n<meta name=\"twitter:description\" content=\"95 % der Unternehmen erwarten, dass ihre #Firmenflotten in den n\u00e4chsten drei Jahren mindestens gleich gross bleiben werden.\" \/>\n<meta name=\"twitter:image\" content=\"https:\/\/www.organisator.ch\/wp-content\/uploads\/2022\/06\/Firmenflotten-in-der-Schweiz-Vorsichtige-Zuversicht-in-komplexem-Umfeld-1_Organisator.jpg\" \/>\n<script type=\"application\/ld+json\" class=\"yoast-schema-graph\">{\"@context\":\"https:\\\/\\\/schema.org\",\"@graph\":[{\"@type\":\"Article\",\"@id\":\"https:\\\/\\\/www.organisator.ch\\\/management\\\/2022-06-02\\\/firmenflotten-in-der-schweiz-vorsichtige-zuversicht-in-komplexem-umfeld\\\/#article\",\"isPartOf\":{\"@id\":\"https:\\\/\\\/www.organisator.ch\\\/management\\\/2022-06-02\\\/firmenflotten-in-der-schweiz-vorsichtige-zuversicht-in-komplexem-umfeld\\\/\"},\"author\":{\"name\":\"thomas.berner\",\"@id\":\"https:\\\/\\\/www.organisator.ch\\\/#\\\/schema\\\/person\\\/6f650f90b2842cd4c0cc334b4e36f67e\"},\"headline\":\"Firmenflotten in der Schweiz: Vorsichtige Zuversicht in komplexem Umfeld\",\"datePublished\":\"2022-06-02T04:12:45+00:00\",\"mainEntityOfPage\":{\"@id\":\"https:\\\/\\\/www.organisator.ch\\\/management\\\/2022-06-02\\\/firmenflotten-in-der-schweiz-vorsichtige-zuversicht-in-komplexem-umfeld\\\/\"},\"wordCount\":721,\"publisher\":{\"@id\":\"https:\\\/\\\/www.organisator.ch\\\/#organization\"},\"image\":{\"@id\":\"https:\\\/\\\/www.organisator.ch\\\/management\\\/2022-06-02\\\/firmenflotten-in-der-schweiz-vorsichtige-zuversicht-in-komplexem-umfeld\\\/#primaryimage\"},\"thumbnailUrl\":\"https:\\\/\\\/www.organisator.ch\\\/wp-content\\\/uploads\\\/2022\\\/06\\\/Firmenflotten-in-der-Schweiz-Vorsichtige-Zuversicht-in-komplexem-Umfeld-1_Organisator.jpg\",\"keywords\":[\"Flottenmanagement\",\"Mobilit\u00e4t\",\"Mobilit\u00e4tsmanagement\",\"Nachhaltigkeit\"],\"articleSection\":[\"MANAGEMENT\"],\"inLanguage\":\"fr-FR\"},{\"@type\":\"WebPage\",\"@id\":\"https:\\\/\\\/www.organisator.ch\\\/management\\\/2022-06-02\\\/firmenflotten-in-der-schweiz-vorsichtige-zuversicht-in-komplexem-umfeld\\\/\",\"url\":\"https:\\\/\\\/www.organisator.ch\\\/management\\\/2022-06-02\\\/firmenflotten-in-der-schweiz-vorsichtige-zuversicht-in-komplexem-umfeld\\\/\",\"name\":\"Firmenflotten in der Schweiz: Vorsichtige Zuversicht in komplexem Umfeld - Organisator\",\"isPartOf\":{\"@id\":\"https:\\\/\\\/www.organisator.ch\\\/#website\"},\"primaryImageOfPage\":{\"@id\":\"https:\\\/\\\/www.organisator.ch\\\/management\\\/2022-06-02\\\/firmenflotten-in-der-schweiz-vorsichtige-zuversicht-in-komplexem-umfeld\\\/#primaryimage\"},\"image\":{\"@id\":\"https:\\\/\\\/www.organisator.ch\\\/management\\\/2022-06-02\\\/firmenflotten-in-der-schweiz-vorsichtige-zuversicht-in-komplexem-umfeld\\\/#primaryimage\"},\"thumbnailUrl\":\"https:\\\/\\\/www.organisator.ch\\\/wp-content\\\/uploads\\\/2022\\\/06\\\/Firmenflotten-in-der-Schweiz-Vorsichtige-Zuversicht-in-komplexem-Umfeld-1_Organisator.jpg\",\"datePublished\":\"2022-06-02T04:12:45+00:00\",\"description\":\"95 % der Unternehmen erwarten, dass ihre Firmenflotten in den n\u00e4chsten drei Jahren mindestens gleich gross bleiben werden.\",\"breadcrumb\":{\"@id\":\"https:\\\/\\\/www.organisator.ch\\\/management\\\/2022-06-02\\\/firmenflotten-in-der-schweiz-vorsichtige-zuversicht-in-komplexem-umfeld\\\/#breadcrumb\"},\"inLanguage\":\"fr-FR\",\"potentialAction\":[{\"@type\":\"ReadAction\",\"target\":[\"https:\\\/\\\/www.organisator.ch\\\/management\\\/2022-06-02\\\/firmenflotten-in-der-schweiz-vorsichtige-zuversicht-in-komplexem-umfeld\\\/\"]}]},{\"@type\":\"ImageObject\",\"inLanguage\":\"fr-FR\",\"@id\":\"https:\\\/\\\/www.organisator.ch\\\/management\\\/2022-06-02\\\/firmenflotten-in-der-schweiz-vorsichtige-zuversicht-in-komplexem-umfeld\\\/#primaryimage\",\"url\":\"https:\\\/\\\/www.organisator.ch\\\/wp-content\\\/uploads\\\/2022\\\/06\\\/Firmenflotten-in-der-Schweiz-Vorsichtige-Zuversicht-in-komplexem-Umfeld-1_Organisator.jpg\",\"contentUrl\":\"https:\\\/\\\/www.organisator.ch\\\/wp-content\\\/uploads\\\/2022\\\/06\\\/Firmenflotten-in-der-Schweiz-Vorsichtige-Zuversicht-in-komplexem-Umfeld-1_Organisator.jpg\"},{\"@type\":\"BreadcrumbList\",\"@id\":\"https:\\\/\\\/www.organisator.ch\\\/management\\\/2022-06-02\\\/firmenflotten-in-der-schweiz-vorsichtige-zuversicht-in-komplexem-umfeld\\\/#breadcrumb\",\"itemListElement\":[{\"@type\":\"ListItem\",\"position\":1,\"name\":\"Home\",\"item\":\"https:\\\/\\\/www.organisator.ch\\\/\"},{\"@type\":\"ListItem\",\"position\":2,\"name\":\"Firmenflotten in der Schweiz: Vorsichtige Zuversicht in komplexem Umfeld\"}]},{\"@type\":\"WebSite\",\"@id\":\"https:\\\/\\\/www.organisator.ch\\\/#website\",\"url\":\"https:\\\/\\\/www.organisator.ch\\\/\",\"name\":\"Organisator\",\"description\":\"Kompetent. Praxisnah. Der ORGANISATOR bereitet in 10 Ausgaben pro Jahr die wesentlichen Themen f\u00fcr F\u00fchrungskr\u00e4fte von KMU auf.\",\"publisher\":{\"@id\":\"https:\\\/\\\/www.organisator.ch\\\/#organization\"},\"potentialAction\":[{\"@type\":\"SearchAction\",\"target\":{\"@type\":\"EntryPoint\",\"urlTemplate\":\"https:\\\/\\\/www.organisator.ch\\\/?s={search_term_string}\"},\"query-input\":{\"@type\":\"PropertyValueSpecification\",\"valueRequired\":true,\"valueName\":\"search_term_string\"}}],\"inLanguage\":\"fr-FR\"},{\"@type\":\"Organization\",\"@id\":\"https:\\\/\\\/www.organisator.ch\\\/#organization\",\"name\":\"Organisator\",\"url\":\"https:\\\/\\\/www.organisator.ch\\\/\",\"logo\":{\"@type\":\"ImageObject\",\"inLanguage\":\"fr-FR\",\"@id\":\"https:\\\/\\\/www.organisator.ch\\\/#\\\/schema\\\/logo\\\/image\\\/\",\"url\":\"https:\\\/\\\/www.organisator.ch\\\/wp-content\\\/uploads\\\/2022\\\/01\\\/Logo_Organisator_Website.png\",\"contentUrl\":\"https:\\\/\\\/www.organisator.ch\\\/wp-content\\\/uploads\\\/2022\\\/01\\\/Logo_Organisator_Website.png\",\"width\":800,\"height\":77,\"caption\":\"Organisator\"},\"image\":{\"@id\":\"https:\\\/\\\/www.organisator.ch\\\/#\\\/schema\\\/logo\\\/image\\\/\"},\"sameAs\":[\"https:\\\/\\\/www.facebook.com\\\/OrganisatorFachmagazin\",\"https:\\\/\\\/www.linkedin.com\\\/showcase\\\/organisator-das-magazin-fr-kmu\",\"https:\\\/\\\/www.xing.com\\\/news\\\/pages\\\/organisator-ch-695\",\"https:\\\/\\\/www.youtube.com\\\/channel\\\/UCGP2Sq0iWaZwT3BdIAQFYpw\"]},{\"@type\":\"Person\",\"@id\":\"https:\\\/\\\/www.organisator.ch\\\/#\\\/schema\\\/person\\\/6f650f90b2842cd4c0cc334b4e36f67e\",\"name\":\"thomas.berner\",\"image\":{\"@type\":\"ImageObject\",\"inLanguage\":\"fr-FR\",\"@id\":\"https:\\\/\\\/secure.gravatar.com\\\/avatar\\\/ac5001d2a36cb6c6cd3e50789007ffca834b477b74a2144564522e944eabff61?s=96&d=mm&r=g\",\"url\":\"https:\\\/\\\/secure.gravatar.com\\\/avatar\\\/ac5001d2a36cb6c6cd3e50789007ffca834b477b74a2144564522e944eabff61?s=96&d=mm&r=g\",\"contentUrl\":\"https:\\\/\\\/secure.gravatar.com\\\/avatar\\\/ac5001d2a36cb6c6cd3e50789007ffca834b477b74a2144564522e944eabff61?s=96&d=mm&r=g\",\"caption\":\"thomas.berner\"},\"url\":\"https:\\\/\\\/www.organisator.ch\\\/fr\\\/author\\\/thomas-berner\\\/\"}]}<\/script>\n<!-- \/ Yoast SEO plugin. -->","yoast_head_json":{"title":"Flottes d'entreprise en Suisse : une confiance prudente dans un environnement complexe - Organisateur","description":"95 % des entreprises s'attendent \u00e0 ce que leurs flottes d'entreprise restent au moins de la m\u00eame taille au cours des trois prochaines ann\u00e9es.","robots":{"index":"index","follow":"follow","max-snippet":"max-snippet:-1","max-image-preview":"max-image-preview:large","max-video-preview":"max-video-preview:-1"},"canonical":"https:\/\/www.organisator.ch\/fr\/gestion-2\/2022-06-02\/firmenflotten-in-der-schweiz-vorsichtige-zuversicht-in-komplexem-umfeld\/","og_locale":"fr_FR","og_type":"article","og_title":"Firmenflotten in der Schweiz: Vorsichtige Zuversicht in komplexem Umfeld","og_description":"95 % der Unternehmen erwarten, dass ihre Firmenflotten in den n\u00e4chsten drei Jahren mindestens gleich gross bleiben werden.","og_url":"https:\/\/www.organisator.ch\/fr\/gestion-2\/2022-06-02\/firmenflotten-in-der-schweiz-vorsichtige-zuversicht-in-komplexem-umfeld\/","og_site_name":"Organisator","article_publisher":"https:\/\/www.facebook.com\/OrganisatorFachmagazin","article_published_time":"2022-06-02T04:12:45+00:00","og_image":[{"width":680,"height":453,"url":"https:\/\/www.organisator.ch\/wp-content\/uploads\/2022\/06\/Firmenflotten-in-der-Schweiz-Vorsichtige-Zuversicht-in-komplexem-Umfeld-1_Organisator.jpg","type":"image\/jpeg"}],"author":"thomas.berner","twitter_card":"summary_large_image","twitter_title":"#Firmenflotten in der Schweiz: Vorsichtige #Zuversicht in komplexem Umfeld","twitter_description":"95 % der Unternehmen erwarten, dass ihre #Firmenflotten in den n\u00e4chsten drei Jahren mindestens gleich gross bleiben werden.","twitter_image":"https:\/\/www.organisator.ch\/wp-content\/uploads\/2022\/06\/Firmenflotten-in-der-Schweiz-Vorsichtige-Zuversicht-in-komplexem-Umfeld-1_Organisator.jpg","schema":{"@context":"https:\/\/schema.org","@graph":[{"@type":"Article","@id":"https:\/\/www.organisator.ch\/management\/2022-06-02\/firmenflotten-in-der-schweiz-vorsichtige-zuversicht-in-komplexem-umfeld\/#article","isPartOf":{"@id":"https:\/\/www.organisator.ch\/management\/2022-06-02\/firmenflotten-in-der-schweiz-vorsichtige-zuversicht-in-komplexem-umfeld\/"},"author":{"name":"thomas.berner","@id":"https:\/\/www.organisator.ch\/#\/schema\/person\/6f650f90b2842cd4c0cc334b4e36f67e"},"headline":"Firmenflotten in der Schweiz: Vorsichtige Zuversicht in komplexem Umfeld","datePublished":"2022-06-02T04:12:45+00:00","mainEntityOfPage":{"@id":"https:\/\/www.organisator.ch\/management\/2022-06-02\/firmenflotten-in-der-schweiz-vorsichtige-zuversicht-in-komplexem-umfeld\/"},"wordCount":721,"publisher":{"@id":"https:\/\/www.organisator.ch\/#organization"},"image":{"@id":"https:\/\/www.organisator.ch\/management\/2022-06-02\/firmenflotten-in-der-schweiz-vorsichtige-zuversicht-in-komplexem-umfeld\/#primaryimage"},"thumbnailUrl":"https:\/\/www.organisator.ch\/wp-content\/uploads\/2022\/06\/Firmenflotten-in-der-Schweiz-Vorsichtige-Zuversicht-in-komplexem-Umfeld-1_Organisator.jpg","keywords":["Flottenmanagement","Mobilit\u00e4t","Mobilit\u00e4tsmanagement","Nachhaltigkeit"],"articleSection":["MANAGEMENT"],"inLanguage":"fr-FR"},{"@type":"WebPage","@id":"https:\/\/www.organisator.ch\/management\/2022-06-02\/firmenflotten-in-der-schweiz-vorsichtige-zuversicht-in-komplexem-umfeld\/","url":"https:\/\/www.organisator.ch\/management\/2022-06-02\/firmenflotten-in-der-schweiz-vorsichtige-zuversicht-in-komplexem-umfeld\/","name":"Flottes d'entreprise en Suisse : une confiance prudente dans un environnement complexe - Organisateur","isPartOf":{"@id":"https:\/\/www.organisator.ch\/#website"},"primaryImageOfPage":{"@id":"https:\/\/www.organisator.ch\/management\/2022-06-02\/firmenflotten-in-der-schweiz-vorsichtige-zuversicht-in-komplexem-umfeld\/#primaryimage"},"image":{"@id":"https:\/\/www.organisator.ch\/management\/2022-06-02\/firmenflotten-in-der-schweiz-vorsichtige-zuversicht-in-komplexem-umfeld\/#primaryimage"},"thumbnailUrl":"https:\/\/www.organisator.ch\/wp-content\/uploads\/2022\/06\/Firmenflotten-in-der-Schweiz-Vorsichtige-Zuversicht-in-komplexem-Umfeld-1_Organisator.jpg","datePublished":"2022-06-02T04:12:45+00:00","description":"95 % des entreprises s'attendent \u00e0 ce que leurs flottes d'entreprise restent au moins de la m\u00eame taille au cours des trois prochaines ann\u00e9es.","breadcrumb":{"@id":"https:\/\/www.organisator.ch\/management\/2022-06-02\/firmenflotten-in-der-schweiz-vorsichtige-zuversicht-in-komplexem-umfeld\/#breadcrumb"},"inLanguage":"fr-FR","potentialAction":[{"@type":"ReadAction","target":["https:\/\/www.organisator.ch\/management\/2022-06-02\/firmenflotten-in-der-schweiz-vorsichtige-zuversicht-in-komplexem-umfeld\/"]}]},{"@type":"ImageObject","inLanguage":"fr-FR","@id":"https:\/\/www.organisator.ch\/management\/2022-06-02\/firmenflotten-in-der-schweiz-vorsichtige-zuversicht-in-komplexem-umfeld\/#primaryimage","url":"https:\/\/www.organisator.ch\/wp-content\/uploads\/2022\/06\/Firmenflotten-in-der-Schweiz-Vorsichtige-Zuversicht-in-komplexem-Umfeld-1_Organisator.jpg","contentUrl":"https:\/\/www.organisator.ch\/wp-content\/uploads\/2022\/06\/Firmenflotten-in-der-Schweiz-Vorsichtige-Zuversicht-in-komplexem-Umfeld-1_Organisator.jpg"},{"@type":"BreadcrumbList","@id":"https:\/\/www.organisator.ch\/management\/2022-06-02\/firmenflotten-in-der-schweiz-vorsichtige-zuversicht-in-komplexem-umfeld\/#breadcrumb","itemListElement":[{"@type":"ListItem","position":1,"name":"Home","item":"https:\/\/www.organisator.ch\/"},{"@type":"ListItem","position":2,"name":"Firmenflotten in der Schweiz: Vorsichtige Zuversicht in komplexem Umfeld"}]},{"@type":"WebSite","@id":"https:\/\/www.organisator.ch\/#website","url":"https:\/\/www.organisator.ch\/","name":"Organisateur","description":"Comp\u00e9tence et comp\u00e9tence. Proches de la pratique. L'ORGANISATEUR pr\u00e9pare 10 num\u00e9ros par an sur les th\u00e8mes essentiels pour les dirigeants de PME.","publisher":{"@id":"https:\/\/www.organisator.ch\/#organization"},"potentialAction":[{"@type":"SearchAction","target":{"@type":"EntryPoint","urlTemplate":"https:\/\/www.organisator.ch\/?s={search_term_string}"},"query-input":{"@type":"PropertyValueSpecification","valueRequired":true,"valueName":"search_term_string"}}],"inLanguage":"fr-FR"},{"@type":"Organization","@id":"https:\/\/www.organisator.ch\/#organization","name":"Organisateur","url":"https:\/\/www.organisator.ch\/","logo":{"@type":"ImageObject","inLanguage":"fr-FR","@id":"https:\/\/www.organisator.ch\/#\/schema\/logo\/image\/","url":"https:\/\/www.organisator.ch\/wp-content\/uploads\/2022\/01\/Logo_Organisator_Website.png","contentUrl":"https:\/\/www.organisator.ch\/wp-content\/uploads\/2022\/01\/Logo_Organisator_Website.png","width":800,"height":77,"caption":"Organisator"},"image":{"@id":"https:\/\/www.organisator.ch\/#\/schema\/logo\/image\/"},"sameAs":["https:\/\/www.facebook.com\/OrganisatorFachmagazin","https:\/\/www.linkedin.com\/showcase\/organisator-das-magazin-fr-kmu","https:\/\/www.xing.com\/news\/pages\/organisator-ch-695","https:\/\/www.youtube.com\/channel\/UCGP2Sq0iWaZwT3BdIAQFYpw"]},{"@type":"Person","@id":"https:\/\/www.organisator.ch\/#\/schema\/person\/6f650f90b2842cd4c0cc334b4e36f67e","name":"thomas.berner","image":{"@type":"ImageObject","inLanguage":"fr-FR","@id":"https:\/\/secure.gravatar.com\/avatar\/ac5001d2a36cb6c6cd3e50789007ffca834b477b74a2144564522e944eabff61?s=96&d=mm&r=g","url":"https:\/\/secure.gravatar.com\/avatar\/ac5001d2a36cb6c6cd3e50789007ffca834b477b74a2144564522e944eabff61?s=96&d=mm&r=g","contentUrl":"https:\/\/secure.gravatar.com\/avatar\/ac5001d2a36cb6c6cd3e50789007ffca834b477b74a2144564522e944eabff61?s=96&d=mm&r=g","caption":"thomas.berner"},"url":"https:\/\/www.organisator.ch\/fr\/author\/thomas-berner\/"}]}},"_links":{"self":[{"href":"https:\/\/www.organisator.ch\/fr\/wp-json\/wp\/v2\/posts\/13080","targetHints":{"allow":["GET"]}}],"collection":[{"href":"https:\/\/www.organisator.ch\/fr\/wp-json\/wp\/v2\/posts"}],"about":[{"href":"https:\/\/www.organisator.ch\/fr\/wp-json\/wp\/v2\/types\/post"}],"author":[{"embeddable":true,"href":"https:\/\/www.organisator.ch\/fr\/wp-json\/wp\/v2\/users\/4"}],"replies":[{"embeddable":true,"href":"https:\/\/www.organisator.ch\/fr\/wp-json\/wp\/v2\/comments?post=13080"}],"version-history":[{"count":1,"href":"https:\/\/www.organisator.ch\/fr\/wp-json\/wp\/v2\/posts\/13080\/revisions"}],"predecessor-version":[{"id":13085,"href":"https:\/\/www.organisator.ch\/fr\/wp-json\/wp\/v2\/posts\/13080\/revisions\/13085"}],"wp:attachment":[{"href":"https:\/\/www.organisator.ch\/fr\/wp-json\/wp\/v2\/media?parent=13080"}],"wp:term":[{"taxonomy":"category","embeddable":true,"href":"https:\/\/www.organisator.ch\/fr\/wp-json\/wp\/v2\/categories?post=13080"},{"taxonomy":"post_tag","embeddable":true,"href":"https:\/\/www.organisator.ch\/fr\/wp-json\/wp\/v2\/tags?post=13080"}],"curies":[{"name":"wp","href":"https:\/\/api.w.org\/{rel}","templated":true}]}}