{"id":13089,"date":"2022-06-02T08:12:35","date_gmt":"2022-06-02T06:12:35","guid":{"rendered":"https:\/\/www.m-q.ch\/?p=16407"},"modified":"2022-06-03T08:31:53","modified_gmt":"2022-06-03T06:31:53","slug":"traceability-programm-transparenz-fuer-outdoor-artikel","status":"publish","type":"post","link":"https:\/\/www.organisator.ch\/fr\/sustainability\/2022-06-02\/traceability-programm-transparenz-fuer-outdoor-artikel\/","title":{"rendered":"Programme de tra\u00e7abilit\u00e9 : transparence pour les articles de plein air"},"content":{"rendered":"<figure id=\"attachment_16408\" class=\"wp-caption alignnone\" style=\"width: 680px;\" aria-describedby=\"caption-attachment-16408\"><img class=\"size-full wp-image-16408\" src=\"https:\/\/www.m-q.ch\/wp-content\/uploads\/2022\/06\/Traceability-Programm-Transparenz-fuer-Outdoor-Artikel_MQ.jpg\" sizes=\"(max-width: 680px) 100vw, 680px\" srcset=\"https:\/\/www.m-q.ch\/wp-content\/uploads\/2022\/06\/Traceability-Programm-Transparenz-fuer-Outdoor-Artikel_MQ.jpg 680w, https:\/\/www.m-q.ch\/wp-content\/uploads\/2022\/06\/Traceability-Programm-Transparenz-fuer-Outdoor-Artikel_MQ-18x9.jpg 18w, https:\/\/www.m-q.ch\/wp-content\/uploads\/2022\/06\/Traceability-Programm-Transparenz-fuer-Outdoor-Artikel_MQ-338x175.jpg 338w, https:\/\/www.m-q.ch\/wp-content\/uploads\/2022\/06\/Traceability-Programm-Transparenz-fuer-Outdoor-Artikel_MQ-676x350.jpg 676w, https:\/\/www.m-q.ch\/wp-content\/uploads\/2022\/06\/Traceability-Programm-Transparenz-fuer-Outdoor-Artikel_MQ-300x155.jpg 300w\" alt=\"\" width=\"680\" height=\"352\" \/><figcaption id=\"caption-attachment-16408\" class=\"wp-caption-text\">Chez le fabricant d'articles de plein air Tatonka, il est d\u00e9sormais possible de suivre l'ensemble du processus de fabrication des produits. (Image : Capture d'\u00e9cran \/ Tatonka)<\/figcaption><\/figure>\r\nPour Tatonka, un fabricant d'articles de plein air, les th\u00e8mes de la durabilit\u00e9 et de la transparence sont depuis longtemps une pr\u00e9occupation importante. Dans le cadre du programme \"Open Factory\", l'entreprise invite depuis 2011 les visiteurs \u00e0 visiter sa propre usine certifi\u00e9e SA8000 au Vietnam. Chaque vendredi, l'usine ouvre ses portes aux visiteurs. Aujourd'hui, le fabricant va encore plus loin et lance un vaste programme de tra\u00e7abilit\u00e9 afin de rendre transparentes toutes les \u00e9tapes du processus de fabrication et de transport.\r\n<h3>Consulter les itin\u00e9raires de fabrication et de transport<\/h3>\r\nEt voil\u00e0 comment cela fonctionne : Sur la <a href=\"https:\/\/presse-meldungen.cmail19.com\/t\/d-l-ftdjyld-ijvykuitt-y\/\">Site web de tra\u00e7abilit\u00e9<\/a> de Tatonka, tous les propri\u00e9taires d'un produit de cette maison peuvent suivre, gr\u00e2ce au num\u00e9ro de s\u00e9rie figurant sur l'\u00e9tiquette, l'origine des diff\u00e9rents composants mat\u00e9riels jusqu'au fil \u00e0 coudre et le parcours complet de fabrication et de transport ainsi que les moyens de transport respectifs. Tous les produits de tous les groupes de marchandises \u00e0 partir de l'ann\u00e9e 2016 peuvent ainsi \u00eatre consult\u00e9s. Apr\u00e8s avoir saisi le num\u00e9ro de s\u00e9rie, une carte du monde avec un index d\u00e9taill\u00e9 montre en d\u00e9tail de quels fournisseurs proviennent les mat\u00e9riaux utilis\u00e9s et quels certificats de durabilit\u00e9 les fabricants peuvent pr\u00e9senter. L'adresse est \u00e9galement indiqu\u00e9e, tout comme le d\u00e9but de la relation commerciale.\r\n\r\nLes mat\u00e9riaux partent des fournisseurs pour rejoindre l'usine au Vietnam. L\u00e0 aussi, on peut voir quelle distance ils ont parcourue et par quel moyen de transport. La fabrication a lieu dans l'usine de Mountech, puis le produit fini entame son voyage vers sa destination finale, dont toutes les \u00e9tapes sont retrac\u00e9es, en indiquant \u00e0 nouveau l'itin\u00e9raire et le moyen de transport, et ce pour chaque livraison de produit.\r\n<h3>Se faire suivre avec un programme de tra\u00e7abilit\u00e9<\/h3>\r\nChez Tatonka, toutes les \u00e9tapes, de l'achat des mat\u00e9riaux au transport des produits finis en passant par la fabrication, sont g\u00e9r\u00e9es en interne et de mani\u00e8re efficace. La consolidation des voies de transport, tant pour les livraisons de diff\u00e9rents fabricants de mat\u00e9riaux \u00e0 un entrep\u00f4t central et l'\u00e9quipement de deux fabrications \u00e0 partir de cet entrep\u00f4t central que pour l'exportation centrale de tous les produits fabriqu\u00e9s dans un conteneur, r\u00e9duit la consommation de ressources et les \u00e9missions de CO2. Gr\u00e2ce au nouveau programme de tra\u00e7abilit\u00e9, l'entreprise familiale de Dasing, en Allemagne, se laisse volontiers suivre \u00e0 la trace.\n<p class=\"syndicated-attribution\">Cet article est paru initialement sur m-q.ch - <a href=\"https:\/\/www.m-q.ch\/de\/traceability-programm-transparenz-fuer-outdoor-artikel\/\" target=\"_blank\">https:\/\/www.m-q.ch\/de\/traceability-programm-transparenz-fuer-outdoor-artikel\/<\/a><\/p>","protected":false},"excerpt":{"rendered":"<p>F\u00fcr Tatonka, ein Hersteller von Outdoor-Artikeln, sind Themen rund um Nachhaltigkeit und Transparenz schon l\u00e4nger ein wichtiges Anliegen. So l\u00e4dt das Unternehmen im Rahmen des \u201eOpen Factory\u201c-Programms seit 2011 dazu ein,\u00a0die eigene SA8000-zertifizierte Fabrik in Vietnam zu besichtigen. Jeden Freitag \u00f6ffnet das Werk seine T\u00fcren f\u00fcr Besucher. Nun geht der Hersteller noch einen Schritt weiter [\u2026]<\/p>\n","protected":false},"author":8,"featured_media":0,"comment_status":"closed","ping_status":"closed","sticky":false,"template":"","format":"standard","meta":{"_acf_changed":false,"_yoast_wpseo_focuskw":"Traceability","_yoast_wpseo_metadesc":"","articlekey":"","footnotes":""},"categories":[580],"tags":[335,358,2904],"class_list":["post-13089","post","type-post","status-publish","format-standard","hentry","category-sustainability","tag-management-und-unternehmensfuehrung","tag-nachhaltige-wirtschaft","tag-traceability"],"acf":[],"yoast_head":"<!-- This site is optimized with the Yoast SEO plugin v27.5 - https:\/\/yoast.com\/product\/yoast-seo-wordpress\/ -->\n<title>Traceability-Programm: Transparenz f\u00fcr Outdoor-Artikel - Organisator<\/title>\n<meta name=\"robots\" content=\"index, follow, max-snippet:-1, max-image-preview:large, max-video-preview:-1\" \/>\n<link rel=\"canonical\" href=\"https:\/\/www.organisator.ch\/fr\/sustainability\/2022-06-02\/traceability-programm-transparenz-fuer-outdoor-artikel\/\" \/>\n<meta property=\"og:locale\" content=\"fr_FR\" \/>\n<meta property=\"og:type\" content=\"article\" \/>\n<meta property=\"og:title\" content=\"Traceability-Programm: Transparenz f\u00fcr Outdoor-Artikel - Organisator\" \/>\n<meta property=\"og:description\" content=\"F\u00fcr Tatonka, ein Hersteller von Outdoor-Artikeln, sind Themen rund um Nachhaltigkeit und Transparenz schon l\u00e4nger ein wichtiges Anliegen. So l\u00e4dt das Unternehmen im Rahmen des \u201eOpen Factory\u201c-Programms seit 2011 dazu ein,\u00a0die eigene SA8000-zertifizierte Fabrik in Vietnam zu besichtigen. Jeden Freitag \u00f6ffnet das Werk seine T\u00fcren f\u00fcr Besucher. Nun geht der Hersteller noch einen Schritt weiter [\u2026]\" \/>\n<meta property=\"og:url\" content=\"https:\/\/www.organisator.ch\/fr\/sustainability\/2022-06-02\/traceability-programm-transparenz-fuer-outdoor-artikel\/\" \/>\n<meta property=\"og:site_name\" content=\"Organisator\" \/>\n<meta property=\"article:publisher\" content=\"https:\/\/www.facebook.com\/OrganisatorFachmagazin\" \/>\n<meta property=\"article:published_time\" content=\"2022-06-02T06:12:35+00:00\" \/>\n<meta property=\"article:modified_time\" content=\"2022-06-03T06:31:53+00:00\" \/>\n<meta property=\"og:image\" content=\"https:\/\/www.m-q.ch\/wp-content\/uploads\/2022\/06\/Traceability-Programm-Transparenz-fuer-Outdoor-Artikel_MQ.jpg\" \/>\n<meta name=\"author\" content=\"galledia\" \/>\n<meta name=\"twitter:card\" content=\"summary_large_image\" \/>\n<meta name=\"twitter:creator\" content=\"@admin\" \/>\n<script type=\"application\/ld+json\" class=\"yoast-schema-graph\">{\"@context\":\"https:\\\/\\\/schema.org\",\"@graph\":[{\"@type\":\"Article\",\"@id\":\"https:\\\/\\\/www.organisator.ch\\\/sustainability\\\/2022-06-02\\\/traceability-programm-transparenz-fuer-outdoor-artikel\\\/#article\",\"isPartOf\":{\"@id\":\"https:\\\/\\\/www.organisator.ch\\\/sustainability\\\/2022-06-02\\\/traceability-programm-transparenz-fuer-outdoor-artikel\\\/\"},\"author\":{\"name\":\"galledia\",\"@id\":\"https:\\\/\\\/www.organisator.ch\\\/#\\\/schema\\\/person\\\/4e51799071cd2dd1232ac003643ef5f0\"},\"headline\":\"Traceability-Programm: Transparenz f\u00fcr Outdoor-Artikel\",\"datePublished\":\"2022-06-02T06:12:35+00:00\",\"dateModified\":\"2022-06-03T06:31:53+00:00\",\"mainEntityOfPage\":{\"@id\":\"https:\\\/\\\/www.organisator.ch\\\/sustainability\\\/2022-06-02\\\/traceability-programm-transparenz-fuer-outdoor-artikel\\\/\"},\"wordCount\":357,\"publisher\":{\"@id\":\"https:\\\/\\\/www.organisator.ch\\\/#organization\"},\"image\":{\"@id\":\"https:\\\/\\\/www.organisator.ch\\\/sustainability\\\/2022-06-02\\\/traceability-programm-transparenz-fuer-outdoor-artikel\\\/#primaryimage\"},\"thumbnailUrl\":\"https:\\\/\\\/www.m-q.ch\\\/wp-content\\\/uploads\\\/2022\\\/06\\\/Traceability-Programm-Transparenz-fuer-Outdoor-Artikel_MQ.jpg\",\"keywords\":[\"Management und Unternehmensf\u00fchrung\",\"Nachhaltige Wirtschaft\",\"Traceability\"],\"articleSection\":[\"SUSTAINABILITY\"],\"inLanguage\":\"fr-FR\"},{\"@type\":\"WebPage\",\"@id\":\"https:\\\/\\\/www.organisator.ch\\\/sustainability\\\/2022-06-02\\\/traceability-programm-transparenz-fuer-outdoor-artikel\\\/\",\"url\":\"https:\\\/\\\/www.organisator.ch\\\/sustainability\\\/2022-06-02\\\/traceability-programm-transparenz-fuer-outdoor-artikel\\\/\",\"name\":\"Traceability-Programm: Transparenz f\u00fcr Outdoor-Artikel - Organisator\",\"isPartOf\":{\"@id\":\"https:\\\/\\\/www.organisator.ch\\\/#website\"},\"primaryImageOfPage\":{\"@id\":\"https:\\\/\\\/www.organisator.ch\\\/sustainability\\\/2022-06-02\\\/traceability-programm-transparenz-fuer-outdoor-artikel\\\/#primaryimage\"},\"image\":{\"@id\":\"https:\\\/\\\/www.organisator.ch\\\/sustainability\\\/2022-06-02\\\/traceability-programm-transparenz-fuer-outdoor-artikel\\\/#primaryimage\"},\"thumbnailUrl\":\"https:\\\/\\\/www.m-q.ch\\\/wp-content\\\/uploads\\\/2022\\\/06\\\/Traceability-Programm-Transparenz-fuer-Outdoor-Artikel_MQ.jpg\",\"datePublished\":\"2022-06-02T06:12:35+00:00\",\"dateModified\":\"2022-06-03T06:31:53+00:00\",\"breadcrumb\":{\"@id\":\"https:\\\/\\\/www.organisator.ch\\\/sustainability\\\/2022-06-02\\\/traceability-programm-transparenz-fuer-outdoor-artikel\\\/#breadcrumb\"},\"inLanguage\":\"fr-FR\",\"potentialAction\":[{\"@type\":\"ReadAction\",\"target\":[\"https:\\\/\\\/www.organisator.ch\\\/sustainability\\\/2022-06-02\\\/traceability-programm-transparenz-fuer-outdoor-artikel\\\/\"]}]},{\"@type\":\"ImageObject\",\"inLanguage\":\"fr-FR\",\"@id\":\"https:\\\/\\\/www.organisator.ch\\\/sustainability\\\/2022-06-02\\\/traceability-programm-transparenz-fuer-outdoor-artikel\\\/#primaryimage\",\"url\":\"https:\\\/\\\/www.m-q.ch\\\/wp-content\\\/uploads\\\/2022\\\/06\\\/Traceability-Programm-Transparenz-fuer-Outdoor-Artikel_MQ.jpg\",\"contentUrl\":\"https:\\\/\\\/www.m-q.ch\\\/wp-content\\\/uploads\\\/2022\\\/06\\\/Traceability-Programm-Transparenz-fuer-Outdoor-Artikel_MQ.jpg\"},{\"@type\":\"BreadcrumbList\",\"@id\":\"https:\\\/\\\/www.organisator.ch\\\/sustainability\\\/2022-06-02\\\/traceability-programm-transparenz-fuer-outdoor-artikel\\\/#breadcrumb\",\"itemListElement\":[{\"@type\":\"ListItem\",\"position\":1,\"name\":\"Home\",\"item\":\"https:\\\/\\\/www.organisator.ch\\\/\"},{\"@type\":\"ListItem\",\"position\":2,\"name\":\"Traceability-Programm: Transparenz f\u00fcr Outdoor-Artikel\"}]},{\"@type\":\"WebSite\",\"@id\":\"https:\\\/\\\/www.organisator.ch\\\/#website\",\"url\":\"https:\\\/\\\/www.organisator.ch\\\/\",\"name\":\"Organisator\",\"description\":\"Kompetent. Praxisnah. Der ORGANISATOR bereitet in 10 Ausgaben pro Jahr die wesentlichen Themen f\u00fcr F\u00fchrungskr\u00e4fte von KMU auf.\",\"publisher\":{\"@id\":\"https:\\\/\\\/www.organisator.ch\\\/#organization\"},\"potentialAction\":[{\"@type\":\"SearchAction\",\"target\":{\"@type\":\"EntryPoint\",\"urlTemplate\":\"https:\\\/\\\/www.organisator.ch\\\/?s={search_term_string}\"},\"query-input\":{\"@type\":\"PropertyValueSpecification\",\"valueRequired\":true,\"valueName\":\"search_term_string\"}}],\"inLanguage\":\"fr-FR\"},{\"@type\":\"Organization\",\"@id\":\"https:\\\/\\\/www.organisator.ch\\\/#organization\",\"name\":\"Organisator\",\"url\":\"https:\\\/\\\/www.organisator.ch\\\/\",\"logo\":{\"@type\":\"ImageObject\",\"inLanguage\":\"fr-FR\",\"@id\":\"https:\\\/\\\/www.organisator.ch\\\/#\\\/schema\\\/logo\\\/image\\\/\",\"url\":\"https:\\\/\\\/www.organisator.ch\\\/wp-content\\\/uploads\\\/2022\\\/01\\\/Logo_Organisator_Website.png\",\"contentUrl\":\"https:\\\/\\\/www.organisator.ch\\\/wp-content\\\/uploads\\\/2022\\\/01\\\/Logo_Organisator_Website.png\",\"width\":800,\"height\":77,\"caption\":\"Organisator\"},\"image\":{\"@id\":\"https:\\\/\\\/www.organisator.ch\\\/#\\\/schema\\\/logo\\\/image\\\/\"},\"sameAs\":[\"https:\\\/\\\/www.facebook.com\\\/OrganisatorFachmagazin\",\"https:\\\/\\\/www.linkedin.com\\\/showcase\\\/organisator-das-magazin-fr-kmu\",\"https:\\\/\\\/www.xing.com\\\/news\\\/pages\\\/organisator-ch-695\",\"https:\\\/\\\/www.youtube.com\\\/channel\\\/UCGP2Sq0iWaZwT3BdIAQFYpw\"]},{\"@type\":\"Person\",\"@id\":\"https:\\\/\\\/www.organisator.ch\\\/#\\\/schema\\\/person\\\/4e51799071cd2dd1232ac003643ef5f0\",\"name\":\"galledia\",\"image\":{\"@type\":\"ImageObject\",\"inLanguage\":\"fr-FR\",\"@id\":\"https:\\\/\\\/secure.gravatar.com\\\/avatar\\\/78a7f90c01fc2bfc875782a0d4922b37cde2cf184ce347b91316d23cd7f69a36?s=96&d=mm&r=g\",\"url\":\"https:\\\/\\\/secure.gravatar.com\\\/avatar\\\/78a7f90c01fc2bfc875782a0d4922b37cde2cf184ce347b91316d23cd7f69a36?s=96&d=mm&r=g\",\"contentUrl\":\"https:\\\/\\\/secure.gravatar.com\\\/avatar\\\/78a7f90c01fc2bfc875782a0d4922b37cde2cf184ce347b91316d23cd7f69a36?s=96&d=mm&r=g\",\"caption\":\"galledia\"},\"sameAs\":[\"https:\\\/\\\/x.com\\\/admin\"],\"url\":\"https:\\\/\\\/www.organisator.ch\\\/fr\\\/author\\\/galledia\\\/\"}]}<\/script>\n<!-- \/ Yoast SEO plugin. -->","yoast_head_json":{"title":"Programme de tra\u00e7abilit\u00e9 : transparence pour les articles de plein air - Organisateur","robots":{"index":"index","follow":"follow","max-snippet":"max-snippet:-1","max-image-preview":"max-image-preview:large","max-video-preview":"max-video-preview:-1"},"canonical":"https:\/\/www.organisator.ch\/fr\/sustainability\/2022-06-02\/traceability-programm-transparenz-fuer-outdoor-artikel\/","og_locale":"fr_FR","og_type":"article","og_title":"Traceability-Programm: Transparenz f\u00fcr Outdoor-Artikel - Organisator","og_description":"F\u00fcr Tatonka, ein Hersteller von Outdoor-Artikeln, sind Themen rund um Nachhaltigkeit und Transparenz schon l\u00e4nger ein wichtiges Anliegen. So l\u00e4dt das Unternehmen im Rahmen des \u201eOpen Factory\u201c-Programms seit 2011 dazu ein,\u00a0die eigene SA8000-zertifizierte Fabrik in Vietnam zu besichtigen. Jeden Freitag \u00f6ffnet das Werk seine T\u00fcren f\u00fcr Besucher. Nun geht der Hersteller noch einen Schritt weiter [\u2026]","og_url":"https:\/\/www.organisator.ch\/fr\/sustainability\/2022-06-02\/traceability-programm-transparenz-fuer-outdoor-artikel\/","og_site_name":"Organisator","article_publisher":"https:\/\/www.facebook.com\/OrganisatorFachmagazin","article_published_time":"2022-06-02T06:12:35+00:00","article_modified_time":"2022-06-03T06:31:53+00:00","og_image":[{"url":"https:\/\/www.m-q.ch\/wp-content\/uploads\/2022\/06\/Traceability-Programm-Transparenz-fuer-Outdoor-Artikel_MQ.jpg","type":"","width":"","height":""}],"author":"galledia","twitter_card":"summary_large_image","twitter_creator":"@admin","schema":{"@context":"https:\/\/schema.org","@graph":[{"@type":"Article","@id":"https:\/\/www.organisator.ch\/sustainability\/2022-06-02\/traceability-programm-transparenz-fuer-outdoor-artikel\/#article","isPartOf":{"@id":"https:\/\/www.organisator.ch\/sustainability\/2022-06-02\/traceability-programm-transparenz-fuer-outdoor-artikel\/"},"author":{"name":"galledia","@id":"https:\/\/www.organisator.ch\/#\/schema\/person\/4e51799071cd2dd1232ac003643ef5f0"},"headline":"Traceability-Programm: Transparenz f\u00fcr Outdoor-Artikel","datePublished":"2022-06-02T06:12:35+00:00","dateModified":"2022-06-03T06:31:53+00:00","mainEntityOfPage":{"@id":"https:\/\/www.organisator.ch\/sustainability\/2022-06-02\/traceability-programm-transparenz-fuer-outdoor-artikel\/"},"wordCount":357,"publisher":{"@id":"https:\/\/www.organisator.ch\/#organization"},"image":{"@id":"https:\/\/www.organisator.ch\/sustainability\/2022-06-02\/traceability-programm-transparenz-fuer-outdoor-artikel\/#primaryimage"},"thumbnailUrl":"https:\/\/www.m-q.ch\/wp-content\/uploads\/2022\/06\/Traceability-Programm-Transparenz-fuer-Outdoor-Artikel_MQ.jpg","keywords":["Management und Unternehmensf\u00fchrung","Nachhaltige Wirtschaft","Traceability"],"articleSection":["SUSTAINABILITY"],"inLanguage":"fr-FR"},{"@type":"WebPage","@id":"https:\/\/www.organisator.ch\/sustainability\/2022-06-02\/traceability-programm-transparenz-fuer-outdoor-artikel\/","url":"https:\/\/www.organisator.ch\/sustainability\/2022-06-02\/traceability-programm-transparenz-fuer-outdoor-artikel\/","name":"Programme de tra\u00e7abilit\u00e9 : transparence pour les articles de plein air - Organisateur","isPartOf":{"@id":"https:\/\/www.organisator.ch\/#website"},"primaryImageOfPage":{"@id":"https:\/\/www.organisator.ch\/sustainability\/2022-06-02\/traceability-programm-transparenz-fuer-outdoor-artikel\/#primaryimage"},"image":{"@id":"https:\/\/www.organisator.ch\/sustainability\/2022-06-02\/traceability-programm-transparenz-fuer-outdoor-artikel\/#primaryimage"},"thumbnailUrl":"https:\/\/www.m-q.ch\/wp-content\/uploads\/2022\/06\/Traceability-Programm-Transparenz-fuer-Outdoor-Artikel_MQ.jpg","datePublished":"2022-06-02T06:12:35+00:00","dateModified":"2022-06-03T06:31:53+00:00","breadcrumb":{"@id":"https:\/\/www.organisator.ch\/sustainability\/2022-06-02\/traceability-programm-transparenz-fuer-outdoor-artikel\/#breadcrumb"},"inLanguage":"fr-FR","potentialAction":[{"@type":"ReadAction","target":["https:\/\/www.organisator.ch\/sustainability\/2022-06-02\/traceability-programm-transparenz-fuer-outdoor-artikel\/"]}]},{"@type":"ImageObject","inLanguage":"fr-FR","@id":"https:\/\/www.organisator.ch\/sustainability\/2022-06-02\/traceability-programm-transparenz-fuer-outdoor-artikel\/#primaryimage","url":"https:\/\/www.m-q.ch\/wp-content\/uploads\/2022\/06\/Traceability-Programm-Transparenz-fuer-Outdoor-Artikel_MQ.jpg","contentUrl":"https:\/\/www.m-q.ch\/wp-content\/uploads\/2022\/06\/Traceability-Programm-Transparenz-fuer-Outdoor-Artikel_MQ.jpg"},{"@type":"BreadcrumbList","@id":"https:\/\/www.organisator.ch\/sustainability\/2022-06-02\/traceability-programm-transparenz-fuer-outdoor-artikel\/#breadcrumb","itemListElement":[{"@type":"ListItem","position":1,"name":"Home","item":"https:\/\/www.organisator.ch\/"},{"@type":"ListItem","position":2,"name":"Traceability-Programm: Transparenz f\u00fcr Outdoor-Artikel"}]},{"@type":"WebSite","@id":"https:\/\/www.organisator.ch\/#website","url":"https:\/\/www.organisator.ch\/","name":"Organisateur","description":"Comp\u00e9tence et comp\u00e9tence. Proches de la pratique. L'ORGANISATEUR pr\u00e9pare 10 num\u00e9ros par an sur les th\u00e8mes essentiels pour les dirigeants de PME.","publisher":{"@id":"https:\/\/www.organisator.ch\/#organization"},"potentialAction":[{"@type":"SearchAction","target":{"@type":"EntryPoint","urlTemplate":"https:\/\/www.organisator.ch\/?s={search_term_string}"},"query-input":{"@type":"PropertyValueSpecification","valueRequired":true,"valueName":"search_term_string"}}],"inLanguage":"fr-FR"},{"@type":"Organization","@id":"https:\/\/www.organisator.ch\/#organization","name":"Organisateur","url":"https:\/\/www.organisator.ch\/","logo":{"@type":"ImageObject","inLanguage":"fr-FR","@id":"https:\/\/www.organisator.ch\/#\/schema\/logo\/image\/","url":"https:\/\/www.organisator.ch\/wp-content\/uploads\/2022\/01\/Logo_Organisator_Website.png","contentUrl":"https:\/\/www.organisator.ch\/wp-content\/uploads\/2022\/01\/Logo_Organisator_Website.png","width":800,"height":77,"caption":"Organisator"},"image":{"@id":"https:\/\/www.organisator.ch\/#\/schema\/logo\/image\/"},"sameAs":["https:\/\/www.facebook.com\/OrganisatorFachmagazin","https:\/\/www.linkedin.com\/showcase\/organisator-das-magazin-fr-kmu","https:\/\/www.xing.com\/news\/pages\/organisator-ch-695","https:\/\/www.youtube.com\/channel\/UCGP2Sq0iWaZwT3BdIAQFYpw"]},{"@type":"Person","@id":"https:\/\/www.organisator.ch\/#\/schema\/person\/4e51799071cd2dd1232ac003643ef5f0","name":"galledia","image":{"@type":"ImageObject","inLanguage":"fr-FR","@id":"https:\/\/secure.gravatar.com\/avatar\/78a7f90c01fc2bfc875782a0d4922b37cde2cf184ce347b91316d23cd7f69a36?s=96&d=mm&r=g","url":"https:\/\/secure.gravatar.com\/avatar\/78a7f90c01fc2bfc875782a0d4922b37cde2cf184ce347b91316d23cd7f69a36?s=96&d=mm&r=g","contentUrl":"https:\/\/secure.gravatar.com\/avatar\/78a7f90c01fc2bfc875782a0d4922b37cde2cf184ce347b91316d23cd7f69a36?s=96&d=mm&r=g","caption":"galledia"},"sameAs":["https:\/\/x.com\/admin"],"url":"https:\/\/www.organisator.ch\/fr\/author\/galledia\/"}]}},"_links":{"self":[{"href":"https:\/\/www.organisator.ch\/fr\/wp-json\/wp\/v2\/posts\/13089","targetHints":{"allow":["GET"]}}],"collection":[{"href":"https:\/\/www.organisator.ch\/fr\/wp-json\/wp\/v2\/posts"}],"about":[{"href":"https:\/\/www.organisator.ch\/fr\/wp-json\/wp\/v2\/types\/post"}],"author":[{"embeddable":true,"href":"https:\/\/www.organisator.ch\/fr\/wp-json\/wp\/v2\/users\/8"}],"replies":[{"embeddable":true,"href":"https:\/\/www.organisator.ch\/fr\/wp-json\/wp\/v2\/comments?post=13089"}],"version-history":[{"count":4,"href":"https:\/\/www.organisator.ch\/fr\/wp-json\/wp\/v2\/posts\/13089\/revisions"}],"predecessor-version":[{"id":13278,"href":"https:\/\/www.organisator.ch\/fr\/wp-json\/wp\/v2\/posts\/13089\/revisions\/13278"}],"wp:attachment":[{"href":"https:\/\/www.organisator.ch\/fr\/wp-json\/wp\/v2\/media?parent=13089"}],"wp:term":[{"taxonomy":"category","embeddable":true,"href":"https:\/\/www.organisator.ch\/fr\/wp-json\/wp\/v2\/categories?post=13089"},{"taxonomy":"post_tag","embeddable":true,"href":"https:\/\/www.organisator.ch\/fr\/wp-json\/wp\/v2\/tags?post=13089"}],"curies":[{"name":"wp","href":"https:\/\/api.w.org\/{rel}","templated":true}]}}