{"id":131,"date":"2016-02-10T15:59:10","date_gmt":"2016-02-10T14:59:10","guid":{"rendered":"http:\/\/dev.organisator.ch\/?p=131"},"modified":"2016-02-10T15:59:10","modified_gmt":"2016-02-10T14:59:10","slug":"19-annual-global-ceo-survey","status":"publish","type":"post","link":"https:\/\/www.organisator.ch\/fr\/allgemein\/2016-02-10\/19-annual-global-ceo-survey\/","title":{"rendered":"19e enqu\u00eate mondiale annuelle sur les PDG"},"content":{"rendered":"<figure id=\"attachment_132\" aria-describedby=\"caption-attachment-132\" style=\"width: 680px\" class=\"wp-caption alignnone\"><img loading=\"lazy\" decoding=\"async\" class=\"size-medium wp-image-132\" src=\"https:\/\/organisator.ch\/wp-content\/uploads\/2016\/12\/19.-Annual-Global-CEO-Survey-organisator.jpg\" alt=\"\" width=\"680\" height=\"452\" srcset=\"https:\/\/www.organisator.ch\/wp-content\/uploads\/2016\/12\/19.-Annual-Global-CEO-Survey-organisator.jpg 750w, https:\/\/www.organisator.ch\/wp-content\/uploads\/2016\/12\/19.-Annual-Global-CEO-Survey-organisator-680x452.jpg 680w, https:\/\/www.organisator.ch\/wp-content\/uploads\/2016\/12\/19.-Annual-Global-CEO-Survey-organisator-16x12.jpg 16w, https:\/\/www.organisator.ch\/wp-content\/uploads\/2016\/12\/19.-Annual-Global-CEO-Survey-organisator-264x175.jpg 264w, https:\/\/www.organisator.ch\/wp-content\/uploads\/2016\/12\/19.-Annual-Global-CEO-Survey-organisator-527x350.jpg 527w, https:\/\/www.organisator.ch\/wp-content\/uploads\/2016\/12\/19.-Annual-Global-CEO-Survey-organisator-300x199.jpg 300w\" sizes=\"auto, (max-width: 680px) 100vw, 680px\" \/><figcaption id=\"caption-attachment-132\" class=\"wp-caption-text\">De nombreux CEO s'attendent \u00e0 une croissance positive pour 2016. 25% des managers affichent des perspectives moins roses. Pour en savoir plus, consultez la derni\u00e8re enqu\u00eate CEO Survey.<\/figcaption><\/figure>\n<p>Les domaines du monde \u00e9conomique ont d\u00e9j\u00e0 \u00e9t\u00e9 plus faciles \u00e0 coordonner. C'est du moins ce que sugg\u00e8re l'\u00e9tude publi\u00e9e \u00e0 l'occasion du Forum \u00e9conomique mondial de Davos (WEF). Les principaux acteurs \u00e9conomiques font \u00e9tat de changements majeurs dans les structures du march\u00e9, d'un abandon de la mondialisation au profit d'un monde dit multipolaire. En effet, des secteurs \u00e9conomiques entiers d'\u00e9conomies nationales et d'unions politiques de plus en plus int\u00e9gr\u00e9es disparaissent en raison de la ren\u00e9gociation des blocs \u00e9conomiques r\u00e9gionaux, des diff\u00e9rents syst\u00e8mes juridiques, des valeurs et des notions de libert\u00e9.<\/p>\n<p>La mondialisation n'est certes \"pas morte\", r\u00e9sume PwC, mais les incertitudes et les risques parmi les dirigeants \u00e9conomiques ont augment\u00e9 et font ressortir ces d\u00e9veloppements multipolaires extr\u00eames et les mentalit\u00e9s conservatrices.<\/p>\n<p><strong>Ma\u00eetrise des causes <\/strong><\/p>\n<p>D'un point de vue politique, l'\u00e9tude ne r\u00e9v\u00e8le rien de surprenant. Mais cela devient int\u00e9ressant si l'on int\u00e8gre les r\u00e9sultats de l'\u00e9tude dans des consid\u00e9rations individuelles. La nouvelle \u00e9tude souligne que les managers semblent certes reconna\u00eetre les incertitudes et les dangers accrus - mais que les causes centrales des d\u00e9veloppements actuels ne sont pas si faciles \u00e0 traiter. Certains managers de premier plan orienteraient m\u00eame leurs activit\u00e9s sur des probl\u00e8mes typiques, des probl\u00e8mes qu'ils mettent en avant depuis maintenant de nombreuses ann\u00e9es.<\/p>\n<p>Existe-t-il toutefois d'autres r\u00e9ponses \u00e0 l'instabilit\u00e9 \u00e9conomique ? PwC pr\u00e9sente en tout cas une vue d'ensemble int\u00e9ressante qui illustre l'influence de l'\u00e9conomie sur la politique. A l'aide de statistiques et de graphiques d\u00e9taill\u00e9s, l'\u00e9tude veille notamment \u00e0 ce que les managers ne puissent pas faire l'impasse sur deux param\u00e8tres importants : La croissance et la stabilit\u00e9.<\/p>\n<p>Les r\u00e9sultats cl\u00e9s proprement dits sont disponibles sur <a href=\"http:\/\/www.pwc.com\/ceosurvey\" target=\"_blank\" data-cke-saved-href=\"http:\/\/www.pwc.com\/ceosurvey\" rel=\"noopener\">www.pwc.com\/ceosurvey<\/a><\/p>\n<p>&nbsp;<\/p>","protected":false},"excerpt":{"rendered":"<p>Bereiche der Wirtschaftswelt waren auch schon einfacher zu koordinieren. Hierf\u00fcr spricht zumindest die p\u00fcnktlich ums Weltwirtschaftsforums in Davos (WEF) erscheinende Studie. Zurezit bekunden die f\u00fchrenden Wirtschaftstreiber gravierende Ver\u00e4nderungen im Marktstrukturen, eine Abkehr der Globalisierung hin zu einer so genannten multi-polaren Welt. Tats\u00e4chlich brechen ganze Wirtschaftszweige von sich mehr und mehr integrierenden Volkswirtschaften und politischen Unionen [&hellip;]<\/p>\n","protected":false},"author":1,"featured_media":132,"comment_status":"open","ping_status":"open","sticky":false,"template":"","format":"standard","meta":{"_acf_changed":false,"_yoast_wpseo_focuskw":"CEO Survey","_yoast_wpseo_metadesc":"Eben erschienen die Schl\u00fcsselergebnisse des \"19th Annual Global CEO Survey\". Rund 1'400 CEOs, \u00e4usserten gegen\u00fcber der PwC besorgt \u00fcber Bedrohungen.","articlekey":"","footnotes":""},"categories":[1],"tags":[459],"class_list":["post-131","post","type-post","status-publish","format-standard","has-post-thumbnail","hentry","category-allgemein","tag-studie"],"acf":[],"yoast_head":"<!-- This site is optimized with the Yoast SEO plugin v27.4 - https:\/\/yoast.com\/product\/yoast-seo-wordpress\/ -->\n<title>19. Annual Global CEO Survey - Organisator<\/title>\n<meta name=\"description\" content=\"Eben erschienen die Schl\u00fcsselergebnisse des &quot;19th Annual Global CEO Survey&quot;. Rund 1&#039;400 CEOs, \u00e4usserten gegen\u00fcber der PwC besorgt \u00fcber Bedrohungen.\" \/>\n<meta name=\"robots\" content=\"index, follow, max-snippet:-1, max-image-preview:large, max-video-preview:-1\" \/>\n<link rel=\"canonical\" href=\"https:\/\/www.organisator.ch\/fr\/general\/2016-02-10\/19-annual-global-ceo-survey\/\" \/>\n<meta property=\"og:locale\" content=\"fr_FR\" \/>\n<meta property=\"og:type\" content=\"article\" \/>\n<meta property=\"og:title\" content=\"19. Annual Global CEO Survey\" \/>\n<meta property=\"og:description\" content=\"Eliten der Welt zeigten sich nicht nur am Weltwirtschaftsforum besortgt dar\u00fcber, wie komplex - sprich &quot;multi-polar&quot; - sich die Welt entwickeln k\u00f6nnte. Rund 1&#039;400 CEOs, respektive Manager, \u00e4usserten ebenso gegen\u00fcber der Wirtschaftspr\u00fcfungsgesellschaft PwC besorgt \u00fcber herrschende Bedrohungen. Eben erschienen die Schl\u00fcsselergebnisse des &quot;19th Annual Global CEO Survey&quot;.\" \/>\n<meta property=\"og:url\" content=\"https:\/\/www.organisator.ch\/fr\/general\/2016-02-10\/19-annual-global-ceo-survey\/\" \/>\n<meta property=\"og:site_name\" content=\"Organisator\" \/>\n<meta property=\"article:publisher\" content=\"https:\/\/www.facebook.com\/OrganisatorFachmagazin\" \/>\n<meta property=\"article:published_time\" content=\"2016-02-10T14:59:10+00:00\" \/>\n<meta name=\"author\" content=\"admin\" \/>\n<meta name=\"twitter:card\" content=\"summary_large_image\" \/>\n<meta name=\"twitter:image\" content=\"https:\/\/www.organisator.ch\/wp-content\/uploads\/2016\/12\/19.-Annual-Global-CEO-Survey-organisator.jpg\" \/>\n<script type=\"application\/ld+json\" class=\"yoast-schema-graph\">{\"@context\":\"https:\\\/\\\/schema.org\",\"@graph\":[{\"@type\":\"Article\",\"@id\":\"https:\\\/\\\/www.organisator.ch\\\/de\\\/allgemein\\\/2016-02-10\\\/19-annual-global-ceo-survey\\\/#article\",\"isPartOf\":{\"@id\":\"https:\\\/\\\/www.organisator.ch\\\/de\\\/allgemein\\\/2016-02-10\\\/19-annual-global-ceo-survey\\\/\"},\"author\":{\"name\":\"admin\",\"@id\":\"https:\\\/\\\/www.organisator.ch\\\/#\\\/schema\\\/person\\\/aa2bace6c5c5aad60102004a50c4eb1c\"},\"headline\":\"19. Annual Global CEO Survey\",\"datePublished\":\"2016-02-10T14:59:10+00:00\",\"mainEntityOfPage\":{\"@id\":\"https:\\\/\\\/www.organisator.ch\\\/de\\\/allgemein\\\/2016-02-10\\\/19-annual-global-ceo-survey\\\/\"},\"wordCount\":284,\"commentCount\":0,\"publisher\":{\"@id\":\"https:\\\/\\\/www.organisator.ch\\\/#organization\"},\"image\":{\"@id\":\"https:\\\/\\\/www.organisator.ch\\\/de\\\/allgemein\\\/2016-02-10\\\/19-annual-global-ceo-survey\\\/#primaryimage\"},\"thumbnailUrl\":\"https:\\\/\\\/www.organisator.ch\\\/wp-content\\\/uploads\\\/2016\\\/12\\\/19.-Annual-Global-CEO-Survey-organisator.jpg\",\"keywords\":[\"Studie\"],\"articleSection\":[\"Allgemein\"],\"inLanguage\":\"fr-FR\"},{\"@type\":\"WebPage\",\"@id\":\"https:\\\/\\\/www.organisator.ch\\\/de\\\/allgemein\\\/2016-02-10\\\/19-annual-global-ceo-survey\\\/\",\"url\":\"https:\\\/\\\/www.organisator.ch\\\/de\\\/allgemein\\\/2016-02-10\\\/19-annual-global-ceo-survey\\\/\",\"name\":\"19. Annual Global CEO Survey - Organisator\",\"isPartOf\":{\"@id\":\"https:\\\/\\\/www.organisator.ch\\\/#website\"},\"primaryImageOfPage\":{\"@id\":\"https:\\\/\\\/www.organisator.ch\\\/de\\\/allgemein\\\/2016-02-10\\\/19-annual-global-ceo-survey\\\/#primaryimage\"},\"image\":{\"@id\":\"https:\\\/\\\/www.organisator.ch\\\/de\\\/allgemein\\\/2016-02-10\\\/19-annual-global-ceo-survey\\\/#primaryimage\"},\"thumbnailUrl\":\"https:\\\/\\\/www.organisator.ch\\\/wp-content\\\/uploads\\\/2016\\\/12\\\/19.-Annual-Global-CEO-Survey-organisator.jpg\",\"datePublished\":\"2016-02-10T14:59:10+00:00\",\"description\":\"Eben erschienen die Schl\u00fcsselergebnisse des \\\"19th Annual Global CEO Survey\\\". Rund 1'400 CEOs, \u00e4usserten gegen\u00fcber der PwC besorgt \u00fcber Bedrohungen.\",\"breadcrumb\":{\"@id\":\"https:\\\/\\\/www.organisator.ch\\\/de\\\/allgemein\\\/2016-02-10\\\/19-annual-global-ceo-survey\\\/#breadcrumb\"},\"inLanguage\":\"fr-FR\",\"potentialAction\":[{\"@type\":\"ReadAction\",\"target\":[\"https:\\\/\\\/www.organisator.ch\\\/de\\\/allgemein\\\/2016-02-10\\\/19-annual-global-ceo-survey\\\/\"]}]},{\"@type\":\"ImageObject\",\"inLanguage\":\"fr-FR\",\"@id\":\"https:\\\/\\\/www.organisator.ch\\\/de\\\/allgemein\\\/2016-02-10\\\/19-annual-global-ceo-survey\\\/#primaryimage\",\"url\":\"https:\\\/\\\/www.organisator.ch\\\/wp-content\\\/uploads\\\/2016\\\/12\\\/19.-Annual-Global-CEO-Survey-organisator.jpg\",\"contentUrl\":\"https:\\\/\\\/www.organisator.ch\\\/wp-content\\\/uploads\\\/2016\\\/12\\\/19.-Annual-Global-CEO-Survey-organisator.jpg\",\"width\":750,\"height\":498,\"caption\":\"Viele CEOs gehen von einem positiven Wachstum f\u00fcr 2016 aus. 25 Prozent der Manager zeigen weniger rosige Aussichten. Mehr dar\u00fcber im aktuellen CEO Survey.\"},{\"@type\":\"BreadcrumbList\",\"@id\":\"https:\\\/\\\/www.organisator.ch\\\/de\\\/allgemein\\\/2016-02-10\\\/19-annual-global-ceo-survey\\\/#breadcrumb\",\"itemListElement\":[{\"@type\":\"ListItem\",\"position\":1,\"name\":\"Home\",\"item\":\"https:\\\/\\\/www.organisator.ch\\\/\"},{\"@type\":\"ListItem\",\"position\":2,\"name\":\"19. Annual Global CEO Survey\"}]},{\"@type\":\"WebSite\",\"@id\":\"https:\\\/\\\/www.organisator.ch\\\/#website\",\"url\":\"https:\\\/\\\/www.organisator.ch\\\/\",\"name\":\"Organisator\",\"description\":\"Kompetent. Praxisnah. Der ORGANISATOR bereitet in 10 Ausgaben pro Jahr die wesentlichen Themen f\u00fcr F\u00fchrungskr\u00e4fte von KMU auf.\",\"publisher\":{\"@id\":\"https:\\\/\\\/www.organisator.ch\\\/#organization\"},\"potentialAction\":[{\"@type\":\"SearchAction\",\"target\":{\"@type\":\"EntryPoint\",\"urlTemplate\":\"https:\\\/\\\/www.organisator.ch\\\/?s={search_term_string}\"},\"query-input\":{\"@type\":\"PropertyValueSpecification\",\"valueRequired\":true,\"valueName\":\"search_term_string\"}}],\"inLanguage\":\"fr-FR\"},{\"@type\":\"Organization\",\"@id\":\"https:\\\/\\\/www.organisator.ch\\\/#organization\",\"name\":\"Organisator\",\"url\":\"https:\\\/\\\/www.organisator.ch\\\/\",\"logo\":{\"@type\":\"ImageObject\",\"inLanguage\":\"fr-FR\",\"@id\":\"https:\\\/\\\/www.organisator.ch\\\/#\\\/schema\\\/logo\\\/image\\\/\",\"url\":\"https:\\\/\\\/www.organisator.ch\\\/wp-content\\\/uploads\\\/2022\\\/01\\\/Logo_Organisator_Website.png\",\"contentUrl\":\"https:\\\/\\\/www.organisator.ch\\\/wp-content\\\/uploads\\\/2022\\\/01\\\/Logo_Organisator_Website.png\",\"width\":800,\"height\":77,\"caption\":\"Organisator\"},\"image\":{\"@id\":\"https:\\\/\\\/www.organisator.ch\\\/#\\\/schema\\\/logo\\\/image\\\/\"},\"sameAs\":[\"https:\\\/\\\/www.facebook.com\\\/OrganisatorFachmagazin\",\"https:\\\/\\\/www.linkedin.com\\\/showcase\\\/organisator-das-magazin-fr-kmu\",\"https:\\\/\\\/www.xing.com\\\/news\\\/pages\\\/organisator-ch-695\",\"https:\\\/\\\/www.youtube.com\\\/channel\\\/UCGP2Sq0iWaZwT3BdIAQFYpw\"]},{\"@type\":\"Person\",\"@id\":\"https:\\\/\\\/www.organisator.ch\\\/#\\\/schema\\\/person\\\/aa2bace6c5c5aad60102004a50c4eb1c\",\"name\":\"admin\",\"image\":{\"@type\":\"ImageObject\",\"inLanguage\":\"fr-FR\",\"@id\":\"https:\\\/\\\/secure.gravatar.com\\\/avatar\\\/ae2f4d718e6c49043e314ce431e7e645d646302a24a5ef5a8bc8e3f5a032e319?s=96&d=mm&r=g\",\"url\":\"https:\\\/\\\/secure.gravatar.com\\\/avatar\\\/ae2f4d718e6c49043e314ce431e7e645d646302a24a5ef5a8bc8e3f5a032e319?s=96&d=mm&r=g\",\"contentUrl\":\"https:\\\/\\\/secure.gravatar.com\\\/avatar\\\/ae2f4d718e6c49043e314ce431e7e645d646302a24a5ef5a8bc8e3f5a032e319?s=96&d=mm&r=g\",\"caption\":\"admin\"},\"sameAs\":[\"https:\\\/\\\/www.organisator.ch\"],\"url\":\"https:\\\/\\\/www.organisator.ch\\\/fr\\\/author\\\/admin\\\/\"}]}<\/script>\n<!-- \/ Yoast SEO plugin. -->","yoast_head_json":{"title":"19e Annual Global CEO Survey - Organisateur","description":"Les principaux r\u00e9sultats de la \"19th Annual Global CEO Survey\" viennent d'\u00eatre publi\u00e9s. Pr\u00e8s de 1400 CEO ont fait part \u00e0 PwC de leurs pr\u00e9occupations concernant les menaces.","robots":{"index":"index","follow":"follow","max-snippet":"max-snippet:-1","max-image-preview":"max-image-preview:large","max-video-preview":"max-video-preview:-1"},"canonical":"https:\/\/www.organisator.ch\/fr\/general\/2016-02-10\/19-annual-global-ceo-survey\/","og_locale":"fr_FR","og_type":"article","og_title":"19. Annual Global CEO Survey","og_description":"Eliten der Welt zeigten sich nicht nur am Weltwirtschaftsforum besortgt dar\u00fcber, wie komplex - sprich \"multi-polar\" - sich die Welt entwickeln k\u00f6nnte. Rund 1'400 CEOs, respektive Manager, \u00e4usserten ebenso gegen\u00fcber der Wirtschaftspr\u00fcfungsgesellschaft PwC besorgt \u00fcber herrschende Bedrohungen. Eben erschienen die Schl\u00fcsselergebnisse des \"19th Annual Global CEO Survey\".","og_url":"https:\/\/www.organisator.ch\/fr\/general\/2016-02-10\/19-annual-global-ceo-survey\/","og_site_name":"Organisator","article_publisher":"https:\/\/www.facebook.com\/OrganisatorFachmagazin","article_published_time":"2016-02-10T14:59:10+00:00","author":"admin","twitter_card":"summary_large_image","twitter_image":"https:\/\/www.organisator.ch\/wp-content\/uploads\/2016\/12\/19.-Annual-Global-CEO-Survey-organisator.jpg","schema":{"@context":"https:\/\/schema.org","@graph":[{"@type":"Article","@id":"https:\/\/www.organisator.ch\/de\/allgemein\/2016-02-10\/19-annual-global-ceo-survey\/#article","isPartOf":{"@id":"https:\/\/www.organisator.ch\/de\/allgemein\/2016-02-10\/19-annual-global-ceo-survey\/"},"author":{"name":"admin","@id":"https:\/\/www.organisator.ch\/#\/schema\/person\/aa2bace6c5c5aad60102004a50c4eb1c"},"headline":"19. Annual Global CEO Survey","datePublished":"2016-02-10T14:59:10+00:00","mainEntityOfPage":{"@id":"https:\/\/www.organisator.ch\/de\/allgemein\/2016-02-10\/19-annual-global-ceo-survey\/"},"wordCount":284,"commentCount":0,"publisher":{"@id":"https:\/\/www.organisator.ch\/#organization"},"image":{"@id":"https:\/\/www.organisator.ch\/de\/allgemein\/2016-02-10\/19-annual-global-ceo-survey\/#primaryimage"},"thumbnailUrl":"https:\/\/www.organisator.ch\/wp-content\/uploads\/2016\/12\/19.-Annual-Global-CEO-Survey-organisator.jpg","keywords":["Studie"],"articleSection":["Allgemein"],"inLanguage":"fr-FR"},{"@type":"WebPage","@id":"https:\/\/www.organisator.ch\/de\/allgemein\/2016-02-10\/19-annual-global-ceo-survey\/","url":"https:\/\/www.organisator.ch\/de\/allgemein\/2016-02-10\/19-annual-global-ceo-survey\/","name":"19e Annual Global CEO Survey - Organisateur","isPartOf":{"@id":"https:\/\/www.organisator.ch\/#website"},"primaryImageOfPage":{"@id":"https:\/\/www.organisator.ch\/de\/allgemein\/2016-02-10\/19-annual-global-ceo-survey\/#primaryimage"},"image":{"@id":"https:\/\/www.organisator.ch\/de\/allgemein\/2016-02-10\/19-annual-global-ceo-survey\/#primaryimage"},"thumbnailUrl":"https:\/\/www.organisator.ch\/wp-content\/uploads\/2016\/12\/19.-Annual-Global-CEO-Survey-organisator.jpg","datePublished":"2016-02-10T14:59:10+00:00","description":"Les principaux r\u00e9sultats de la \"19th Annual Global CEO Survey\" viennent d'\u00eatre publi\u00e9s. Pr\u00e8s de 1400 CEO ont fait part \u00e0 PwC de leurs pr\u00e9occupations concernant les menaces.","breadcrumb":{"@id":"https:\/\/www.organisator.ch\/de\/allgemein\/2016-02-10\/19-annual-global-ceo-survey\/#breadcrumb"},"inLanguage":"fr-FR","potentialAction":[{"@type":"ReadAction","target":["https:\/\/www.organisator.ch\/de\/allgemein\/2016-02-10\/19-annual-global-ceo-survey\/"]}]},{"@type":"ImageObject","inLanguage":"fr-FR","@id":"https:\/\/www.organisator.ch\/de\/allgemein\/2016-02-10\/19-annual-global-ceo-survey\/#primaryimage","url":"https:\/\/www.organisator.ch\/wp-content\/uploads\/2016\/12\/19.-Annual-Global-CEO-Survey-organisator.jpg","contentUrl":"https:\/\/www.organisator.ch\/wp-content\/uploads\/2016\/12\/19.-Annual-Global-CEO-Survey-organisator.jpg","width":750,"height":498,"caption":"Viele CEOs gehen von einem positiven Wachstum f\u00fcr 2016 aus. 25 Prozent der Manager zeigen weniger rosige Aussichten. Mehr dar\u00fcber im aktuellen CEO Survey."},{"@type":"BreadcrumbList","@id":"https:\/\/www.organisator.ch\/de\/allgemein\/2016-02-10\/19-annual-global-ceo-survey\/#breadcrumb","itemListElement":[{"@type":"ListItem","position":1,"name":"Home","item":"https:\/\/www.organisator.ch\/"},{"@type":"ListItem","position":2,"name":"19. Annual Global CEO Survey"}]},{"@type":"WebSite","@id":"https:\/\/www.organisator.ch\/#website","url":"https:\/\/www.organisator.ch\/","name":"Organisateur","description":"Comp\u00e9tence et comp\u00e9tence. Proches de la pratique. L'ORGANISATEUR pr\u00e9pare 10 num\u00e9ros par an sur les th\u00e8mes essentiels pour les dirigeants de PME.","publisher":{"@id":"https:\/\/www.organisator.ch\/#organization"},"potentialAction":[{"@type":"SearchAction","target":{"@type":"EntryPoint","urlTemplate":"https:\/\/www.organisator.ch\/?s={search_term_string}"},"query-input":{"@type":"PropertyValueSpecification","valueRequired":true,"valueName":"search_term_string"}}],"inLanguage":"fr-FR"},{"@type":"Organization","@id":"https:\/\/www.organisator.ch\/#organization","name":"Organisateur","url":"https:\/\/www.organisator.ch\/","logo":{"@type":"ImageObject","inLanguage":"fr-FR","@id":"https:\/\/www.organisator.ch\/#\/schema\/logo\/image\/","url":"https:\/\/www.organisator.ch\/wp-content\/uploads\/2022\/01\/Logo_Organisator_Website.png","contentUrl":"https:\/\/www.organisator.ch\/wp-content\/uploads\/2022\/01\/Logo_Organisator_Website.png","width":800,"height":77,"caption":"Organisator"},"image":{"@id":"https:\/\/www.organisator.ch\/#\/schema\/logo\/image\/"},"sameAs":["https:\/\/www.facebook.com\/OrganisatorFachmagazin","https:\/\/www.linkedin.com\/showcase\/organisator-das-magazin-fr-kmu","https:\/\/www.xing.com\/news\/pages\/organisator-ch-695","https:\/\/www.youtube.com\/channel\/UCGP2Sq0iWaZwT3BdIAQFYpw"]},{"@type":"Person","@id":"https:\/\/www.organisator.ch\/#\/schema\/person\/aa2bace6c5c5aad60102004a50c4eb1c","name":"admin","image":{"@type":"ImageObject","inLanguage":"fr-FR","@id":"https:\/\/secure.gravatar.com\/avatar\/ae2f4d718e6c49043e314ce431e7e645d646302a24a5ef5a8bc8e3f5a032e319?s=96&d=mm&r=g","url":"https:\/\/secure.gravatar.com\/avatar\/ae2f4d718e6c49043e314ce431e7e645d646302a24a5ef5a8bc8e3f5a032e319?s=96&d=mm&r=g","contentUrl":"https:\/\/secure.gravatar.com\/avatar\/ae2f4d718e6c49043e314ce431e7e645d646302a24a5ef5a8bc8e3f5a032e319?s=96&d=mm&r=g","caption":"admin"},"sameAs":["https:\/\/www.organisator.ch"],"url":"https:\/\/www.organisator.ch\/fr\/author\/admin\/"}]}},"_links":{"self":[{"href":"https:\/\/www.organisator.ch\/fr\/wp-json\/wp\/v2\/posts\/131","targetHints":{"allow":["GET"]}}],"collection":[{"href":"https:\/\/www.organisator.ch\/fr\/wp-json\/wp\/v2\/posts"}],"about":[{"href":"https:\/\/www.organisator.ch\/fr\/wp-json\/wp\/v2\/types\/post"}],"author":[{"embeddable":true,"href":"https:\/\/www.organisator.ch\/fr\/wp-json\/wp\/v2\/users\/1"}],"replies":[{"embeddable":true,"href":"https:\/\/www.organisator.ch\/fr\/wp-json\/wp\/v2\/comments?post=131"}],"version-history":[{"count":0,"href":"https:\/\/www.organisator.ch\/fr\/wp-json\/wp\/v2\/posts\/131\/revisions"}],"wp:featuredmedia":[{"embeddable":true,"href":"https:\/\/www.organisator.ch\/fr\/wp-json\/wp\/v2\/media\/132"}],"wp:attachment":[{"href":"https:\/\/www.organisator.ch\/fr\/wp-json\/wp\/v2\/media?parent=131"}],"wp:term":[{"taxonomy":"category","embeddable":true,"href":"https:\/\/www.organisator.ch\/fr\/wp-json\/wp\/v2\/categories?post=131"},{"taxonomy":"post_tag","embeddable":true,"href":"https:\/\/www.organisator.ch\/fr\/wp-json\/wp\/v2\/tags?post=131"}],"curies":[{"name":"wp","href":"https:\/\/api.w.org\/{rel}","templated":true}]}}