{"id":1312,"date":"2017-10-24T10:51:57","date_gmt":"2017-10-24T08:51:57","guid":{"rendered":"https:\/\/www.umweltperspektiven.ch\/?p=1312"},"modified":"2017-10-24T10:51:57","modified_gmt":"2017-10-24T08:51:57","slug":"1312-2","status":"publish","type":"post","link":"https:\/\/www.organisator.ch\/fr\/allgemein\/2017-10-24\/1312-2\/","title":{"rendered":"La disparition des insectes - une ampleur catastrophique d\u00e9sormais scientifiquement \u00e9tablie"},"content":{"rendered":"<figure id=\"attachment_1313\" aria-describedby=\"caption-attachment-1313\" style=\"width: 680px\" class=\"wp-caption alignnone\"><img loading=\"lazy\" decoding=\"async\" class=\"size-medium wp-image-1313\" src=\"\/\/www.umweltperspektiven.ch\/wp-content\/uploads\/2017\/10\/Insektensterben-\u2013-katastrophales-Ausmass-nun-wissenschaftlich-fundiert-up-umweltperspektiven.jpg\" alt=\"\" width=\"680\" height=\"454\" \/><figcaption id=\"caption-attachment-1313\" class=\"wp-caption-text\">Les principaux journaux et revues sp\u00e9cialis\u00e9es parlent de l'effondrement des esp\u00e8ces d'insectes et de la biomasse en Europe. (depositphotos)<\/figcaption><\/figure>\n<p>La disparition des insectes est un fait. Certes, des sp\u00e9cimens des esp\u00e8ces les plus courantes circulent, mais d'autres esp\u00e8ces disparaissent sans que l'on s'en aper\u00e7oive. Plus de papillons de nuit qui tournent autour des lampes, plus de papillons de jour au-dessus des prairies. Une \u00e9tude sur les insectes volants de 63 r\u00e9serves naturelles en Allemagne a montr\u00e9 que la masse totale avait diminu\u00e9 de 76 pour cent depuis 1989.<\/p>\n<p>Avec les insectes, ce sont aussi les populations d'oiseaux et d'amphibiens qui disparaissent, faute de nourriture. Le Papilorama souligne qu'il est grand temps pour la Suisse de changer de paradigme et d'arr\u00eater l'utilisation des pesticides. Caspar Bijleveld, directeur du Papiliorama, est tr\u00e8s inquiet de ce d\u00e9clin de la biomasse d'insectes qu'il d\u00e9nonce depuis deux d\u00e9cennies.<\/p>\n<p>Si l'\u00e9volution actuelle n'est pas endigu\u00e9e, nous perdrons encore 75% des 25% restants au cours des prochaines d\u00e9cennies. Un ph\u00e9nom\u00e8ne qui pourrait m\u00eame s'acc\u00e9l\u00e9rer, car la densit\u00e9 de population toujours plus faible pourrait encore r\u00e9duire la capacit\u00e9 de reproduction des insectes.<\/p>\n<p><strong>Preuve scientifique<\/strong><\/p>\n<p>Les scientifiques de l'association entomologique de Krefeld en Allemagne (collecte de donn\u00e9es) et ceux de l'universit\u00e9 Radboud de Nim\u00e8gue (analyses statistiques) ont pu exploiter ces donn\u00e9es collect\u00e9es sur pr\u00e8s de trente ans, en collaboration avec les scientifiques de la \"Task Force Pesticides syst\u00e9miques\", notamment le professeur Dave Goulson en Angleterre.<\/p>\n<p>Si les cons\u00e9quences de cette diminution ne sont pas encore prouv\u00e9es en soi, il est clair que ni les modifications des habitats (les r\u00e9serves naturelles sont g\u00e9r\u00e9es avec beaucoup de soin), ni les changements climatiques ne sont responsables. La corr\u00e9lation entre l'arriv\u00e9e sur le march\u00e9 des n\u00e9onicotino\u00efdes au d\u00e9but des ann\u00e9es 90 (neurotoxiques, largement utilis\u00e9s \u00e0 titre pr\u00e9ventif, ils rendent les plantes toxiques pour les insectes).<\/p>\n<p>La diminution mesur\u00e9e de la biomasse d'insectes ne peut clairement pas \u00eatre une co\u00efncidence. Les n\u00e9onicotino\u00efdes sont aujourd'hui les insecticides les plus utilis\u00e9s au monde.<\/p>\n<p><strong>Cons\u00e9quences impossibles \u00e0 \u00e9valuer<\/strong><\/p>\n<p>La publication de l'\u00e9tude dans le magazine \"Plos One\" a eu l'effet d'une bombe : les insectes repr\u00e9sentent le lien entre le sol, les plantes et les animaux. Ils jouent un r\u00f4le \u00e9cologique fondamental \u00e0 tous les niveaux imaginables : Transformation de la mati\u00e8re vivante, base alimentaire pour tous les insectivores, pollinisateurs irrempla\u00e7ables pour les plantes (y compris dans l'agriculture).<\/p>\n<p>L'effondrement des populations d'insectes aura des cons\u00e9quences qui ne sont pas encore pr\u00e9visibles aujourd'hui.<\/p>\n<p><strong>Task Force suisse<\/strong><\/p>\n<p>En 2008, Maarten Bijleveld, fondateur du Papiliorama \u00e0 Chi\u00e8tres, a cr\u00e9\u00e9 avec le c\u00e9l\u00e8bre \u00e9cotoxicologue Fran\u00e7ois Ramade et l'ancien directeur du Mus\u00e9um d'histoire naturelle de Lausanne, Pierre Goeldlin, la \"Task Force Pesticides Syst\u00e9miques (TFSP)\" sous l'\u00e9gide de l'\"Union Internationale pour la Conservation de la Nature (UICN)\".<\/p>\n<p>Ce panel purement scientifique r\u00e9unit aujourd'hui diff\u00e9rents chercheurs du monde entier, issus de 21 nations et de quatre continents. En 2015, le TFSP a publi\u00e9 la premi\u00e8re m\u00e9ta-analyse mondiale sur les pesticides syst\u00e9miques (dont font partie les n\u00e9onicotino\u00efdes) et leurs effets sur la faune. Celle-ci comprend \u00e9galement diff\u00e9rentes \u00e9tudes qui d\u00e9montrent clairement l'influence n\u00e9gative des insecticides sur les abeilles.<\/p>\n<p>Cette \u00e9valuation environnementale mondiale int\u00e9gr\u00e9e (Worldwide Integrated Assessment, WIA) sur les effets des pesticides syst\u00e9miques sur la biodiversit\u00e9 et les \u00e9cosyst\u00e8mes est une synth\u00e8se de 1'121 \u00e9tudes publi\u00e9es dans des revues scientifiques entre 2010 et 2015, y compris les \u00e9tudes financ\u00e9es par l'agrochimie.<\/p>\n<p>Il s'agit de l'\u00e9tude la plus compl\u00e8te sur les n\u00e9onicotino\u00efdes \u00e0 ce jour, mais aussi du seul travail complet sur le sujet. Elle a r\u00e9cemment \u00e9t\u00e9 mise \u00e0 jour et sera bient\u00f4t publi\u00e9e. Les deux versions sont disponibles gratuitement et publiquement. R\u00e9cemment, l'\u00e9tude du professeur Edward Mitchell de l'Universit\u00e9 de Neuch\u00e2tel sur la d\u00e9tection des n\u00e9onicotino\u00efdes dans pratiquement tous les miels du monde a \u00e9galement fait beaucoup de bruit.<\/p>\n<p><strong>Pas de point de retour<\/strong><\/p>\n<p>La perte des insectes est un \"point de non-retour\" qu'il vaut mieux ne pas imaginer. C'est pourquoi Caspar Bijleveld s'engage avec la fondation Papiliorama \u00e0 r\u00e9colter des signatures pour l'initiative \"Pour une Suisse sans pesticides de synth\u00e8se\". Pas seulement par amour des insectes, mais surtout par sens des responsabilit\u00e9s envers les g\u00e9n\u00e9rations futures.<\/p>\n<p><em>Initiative Future 3.0 :<\/em><\/p>\n<p><a href=\"\/\/manifest-future3.ch\">https:\/\/manifest-future3.ch<\/a> &amp; <a href=\"\/\/www.future3.ch\/\">http:\/\/www.future3.ch\/<\/a><\/p>\n<p><em>R\u00e9f\u00e9rences de texte :<\/em><\/p>\n<p><a href=\"\/\/journals.plos.org\/plosone\/article?id=10.1371\/journal.pone.0185809\">Plos One<\/a><\/p>\n<p><a href=\"\/\/www.theguardian.com\/commentisfree\/2017\/oct\/20\/insectageddon-farming-catastrophe-climate-breakdown-insect-populations\">Le Guardian<\/a><\/p>\n<p><a href=\"\/\/link.springer.com\/journal\/11356\/22\/1\/page\/1\">\u00c9valuation mondiale int\u00e9gr\u00e9e de la TFSP<\/a><\/p>","protected":false},"excerpt":{"rendered":"<p>Das Insektensterben ist Fakt. Sicher kursieren Exemplare der h\u00e4ufigsten Arten, doch andere Arten verschwinden unbemerkt. Keine um Lampen kreisende Nachtfalter mehr, keine Tagfalter mehr \u00fcber den Wiesen. Eine Studie \u00fcber die fliegenden Insekten von 63 Naturschutzgebieten in Deutschland hat gezeigt, dass die Gesamtmasse seit 1989 um 76 Prozent abgenommen hat. Mit den Insekten verschwinden \u2013 [&hellip;]<\/p>\n","protected":false},"author":5,"featured_media":9518,"comment_status":"open","ping_status":"open","sticky":false,"template":"","format":"standard","meta":{"_acf_changed":false,"_yoast_wpseo_focuskw":"Insektensterben","_yoast_wpseo_metadesc":"Auch hierzulande sorgen sich Institutionen ums voranschreitende Insektensterben. Das Papiliorama in Kerzers etwa hat immer wieder darauf hingewiesen.","articlekey":"","footnotes":""},"categories":[1],"tags":[843,1426],"class_list":["post-1312","post","type-post","status-publish","format-standard","has-post-thumbnail","hentry","category-allgemein","tag-biomasse","tag-insektensterben"],"acf":[],"yoast_head":"<!-- This site is optimized with the Yoast SEO plugin v27.4 - https:\/\/yoast.com\/product\/yoast-seo-wordpress\/ -->\n<title>Insektensterben \u2013 katastrophales Ausmass nun wissenschaftlich fundiert - Organisator<\/title>\n<meta name=\"description\" content=\"Auch hierzulande sorgen sich Institutionen ums voranschreitende Insektensterben. Das Papiliorama in Kerzers etwa hat immer wieder darauf hingewiesen.\" \/>\n<meta name=\"robots\" content=\"index, follow, max-snippet:-1, max-image-preview:large, max-video-preview:-1\" \/>\n<link rel=\"canonical\" href=\"https:\/\/www.organisator.ch\/fr\/general\/2017-10-24\/1312-2\/\" \/>\n<meta property=\"og:locale\" content=\"fr_FR\" \/>\n<meta property=\"og:type\" content=\"article\" \/>\n<meta property=\"og:title\" content=\"Insektensterben \u2013 katastrophales Ausmass nun wissenschaftlich fundiert - Organisator\" \/>\n<meta property=\"og:description\" content=\"Auch hierzulande sorgen sich Institutionen ums voranschreitende Insektensterben. Das Papiliorama in Kerzers etwa hat immer wieder darauf hingewiesen.\" \/>\n<meta property=\"og:url\" content=\"https:\/\/www.organisator.ch\/fr\/general\/2017-10-24\/1312-2\/\" \/>\n<meta property=\"og:site_name\" content=\"Organisator\" \/>\n<meta property=\"article:publisher\" content=\"https:\/\/www.facebook.com\/OrganisatorFachmagazin\" \/>\n<meta property=\"article:published_time\" content=\"2017-10-24T08:51:57+00:00\" \/>\n<meta property=\"og:image\" content=\"https:\/\/www.organisator.ch\/wp-content\/uploads\/2017\/10\/Insektensterben-\u2013-katastrophales-Ausmass-nun-wissenschaftlich-fundiert-up-umweltperspektiven.jpg\" \/>\n\t<meta property=\"og:image:width\" content=\"1000\" \/>\n\t<meta property=\"og:image:height\" content=\"667\" \/>\n\t<meta property=\"og:image:type\" content=\"image\/jpeg\" \/>\n<meta name=\"author\" content=\"michael.merz\" \/>\n<meta name=\"twitter:card\" content=\"summary_large_image\" \/>\n<script type=\"application\/ld+json\" class=\"yoast-schema-graph\">{\"@context\":\"https:\\\/\\\/schema.org\",\"@graph\":[{\"@type\":\"Article\",\"@id\":\"https:\\\/\\\/www.organisator.ch\\\/fr\\\/general\\\/2017-10-24\\\/1312-2\\\/#article\",\"isPartOf\":{\"@id\":\"https:\\\/\\\/www.organisator.ch\\\/fr\\\/general\\\/2017-10-24\\\/1312-2\\\/\"},\"author\":{\"name\":\"michael.merz\",\"@id\":\"https:\\\/\\\/www.organisator.ch\\\/#\\\/schema\\\/person\\\/134708ca9321c57b0362cceb7948ffbd\"},\"headline\":\"Insektensterben \u2013 katastrophales Ausmass nun wissenschaftlich fundiert\",\"datePublished\":\"2017-10-24T08:51:57+00:00\",\"mainEntityOfPage\":{\"@id\":\"https:\\\/\\\/www.organisator.ch\\\/fr\\\/general\\\/2017-10-24\\\/1312-2\\\/\"},\"wordCount\":686,\"commentCount\":0,\"publisher\":{\"@id\":\"https:\\\/\\\/www.organisator.ch\\\/#organization\"},\"image\":{\"@id\":\"https:\\\/\\\/www.organisator.ch\\\/fr\\\/general\\\/2017-10-24\\\/1312-2\\\/#primaryimage\"},\"thumbnailUrl\":\"https:\\\/\\\/www.organisator.ch\\\/wp-content\\\/uploads\\\/2017\\\/10\\\/Insektensterben-\u2013-katastrophales-Ausmass-nun-wissenschaftlich-fundiert-up-umweltperspektiven.jpg\",\"keywords\":[\"Biomasse\",\"Insektensterben\"],\"articleSection\":[\"Allgemein\"],\"inLanguage\":\"fr-FR\"},{\"@type\":\"WebPage\",\"@id\":\"https:\\\/\\\/www.organisator.ch\\\/fr\\\/general\\\/2017-10-24\\\/1312-2\\\/\",\"url\":\"https:\\\/\\\/www.organisator.ch\\\/fr\\\/general\\\/2017-10-24\\\/1312-2\\\/\",\"name\":\"Insektensterben \u2013 katastrophales Ausmass nun wissenschaftlich fundiert - Organisator\",\"isPartOf\":{\"@id\":\"https:\\\/\\\/www.organisator.ch\\\/#website\"},\"primaryImageOfPage\":{\"@id\":\"https:\\\/\\\/www.organisator.ch\\\/fr\\\/general\\\/2017-10-24\\\/1312-2\\\/#primaryimage\"},\"image\":{\"@id\":\"https:\\\/\\\/www.organisator.ch\\\/fr\\\/general\\\/2017-10-24\\\/1312-2\\\/#primaryimage\"},\"thumbnailUrl\":\"https:\\\/\\\/www.organisator.ch\\\/wp-content\\\/uploads\\\/2017\\\/10\\\/Insektensterben-\u2013-katastrophales-Ausmass-nun-wissenschaftlich-fundiert-up-umweltperspektiven.jpg\",\"datePublished\":\"2017-10-24T08:51:57+00:00\",\"description\":\"Auch hierzulande sorgen sich Institutionen ums voranschreitende Insektensterben. Das Papiliorama in Kerzers etwa hat immer wieder darauf hingewiesen.\",\"breadcrumb\":{\"@id\":\"https:\\\/\\\/www.organisator.ch\\\/fr\\\/general\\\/2017-10-24\\\/1312-2\\\/#breadcrumb\"},\"inLanguage\":\"fr-FR\",\"potentialAction\":[{\"@type\":\"ReadAction\",\"target\":[\"https:\\\/\\\/www.organisator.ch\\\/fr\\\/general\\\/2017-10-24\\\/1312-2\\\/\"]}]},{\"@type\":\"ImageObject\",\"inLanguage\":\"fr-FR\",\"@id\":\"https:\\\/\\\/www.organisator.ch\\\/fr\\\/general\\\/2017-10-24\\\/1312-2\\\/#primaryimage\",\"url\":\"https:\\\/\\\/www.organisator.ch\\\/wp-content\\\/uploads\\\/2017\\\/10\\\/Insektensterben-\u2013-katastrophales-Ausmass-nun-wissenschaftlich-fundiert-up-umweltperspektiven.jpg\",\"contentUrl\":\"https:\\\/\\\/www.organisator.ch\\\/wp-content\\\/uploads\\\/2017\\\/10\\\/Insektensterben-\u2013-katastrophales-Ausmass-nun-wissenschaftlich-fundiert-up-umweltperspektiven.jpg\",\"width\":1000,\"height\":667,\"caption\":\"F\u00fchrende Zeitungen und Fachzeitschriften sprechen vom Kollaps der Insektenarten und der Biomasse in Europa. (depositphotos)\"},{\"@type\":\"BreadcrumbList\",\"@id\":\"https:\\\/\\\/www.organisator.ch\\\/fr\\\/general\\\/2017-10-24\\\/1312-2\\\/#breadcrumb\",\"itemListElement\":[{\"@type\":\"ListItem\",\"position\":1,\"name\":\"Home\",\"item\":\"https:\\\/\\\/www.organisator.ch\\\/\"},{\"@type\":\"ListItem\",\"position\":2,\"name\":\"Insektensterben \u2013 katastrophales Ausmass nun wissenschaftlich fundiert\"}]},{\"@type\":\"WebSite\",\"@id\":\"https:\\\/\\\/www.organisator.ch\\\/#website\",\"url\":\"https:\\\/\\\/www.organisator.ch\\\/\",\"name\":\"Organisator\",\"description\":\"Kompetent. Praxisnah. Der ORGANISATOR bereitet in 10 Ausgaben pro Jahr die wesentlichen Themen f\u00fcr F\u00fchrungskr\u00e4fte von KMU auf.\",\"publisher\":{\"@id\":\"https:\\\/\\\/www.organisator.ch\\\/#organization\"},\"potentialAction\":[{\"@type\":\"SearchAction\",\"target\":{\"@type\":\"EntryPoint\",\"urlTemplate\":\"https:\\\/\\\/www.organisator.ch\\\/?s={search_term_string}\"},\"query-input\":{\"@type\":\"PropertyValueSpecification\",\"valueRequired\":true,\"valueName\":\"search_term_string\"}}],\"inLanguage\":\"fr-FR\"},{\"@type\":\"Organization\",\"@id\":\"https:\\\/\\\/www.organisator.ch\\\/#organization\",\"name\":\"Organisator\",\"url\":\"https:\\\/\\\/www.organisator.ch\\\/\",\"logo\":{\"@type\":\"ImageObject\",\"inLanguage\":\"fr-FR\",\"@id\":\"https:\\\/\\\/www.organisator.ch\\\/#\\\/schema\\\/logo\\\/image\\\/\",\"url\":\"https:\\\/\\\/www.organisator.ch\\\/wp-content\\\/uploads\\\/2022\\\/01\\\/Logo_Organisator_Website.png\",\"contentUrl\":\"https:\\\/\\\/www.organisator.ch\\\/wp-content\\\/uploads\\\/2022\\\/01\\\/Logo_Organisator_Website.png\",\"width\":800,\"height\":77,\"caption\":\"Organisator\"},\"image\":{\"@id\":\"https:\\\/\\\/www.organisator.ch\\\/#\\\/schema\\\/logo\\\/image\\\/\"},\"sameAs\":[\"https:\\\/\\\/www.facebook.com\\\/OrganisatorFachmagazin\",\"https:\\\/\\\/www.linkedin.com\\\/showcase\\\/organisator-das-magazin-fr-kmu\",\"https:\\\/\\\/www.xing.com\\\/news\\\/pages\\\/organisator-ch-695\",\"https:\\\/\\\/www.youtube.com\\\/channel\\\/UCGP2Sq0iWaZwT3BdIAQFYpw\"]},{\"@type\":\"Person\",\"@id\":\"https:\\\/\\\/www.organisator.ch\\\/#\\\/schema\\\/person\\\/134708ca9321c57b0362cceb7948ffbd\",\"name\":\"michael.merz\",\"image\":{\"@type\":\"ImageObject\",\"inLanguage\":\"fr-FR\",\"@id\":\"https:\\\/\\\/secure.gravatar.com\\\/avatar\\\/?s=96&d=mm&r=g\",\"url\":\"https:\\\/\\\/secure.gravatar.com\\\/avatar\\\/?s=96&d=mm&r=g\",\"contentUrl\":\"https:\\\/\\\/secure.gravatar.com\\\/avatar\\\/?s=96&d=mm&r=g\",\"caption\":\"michael.merz\"},\"url\":\"https:\\\/\\\/www.organisator.ch\\\/fr\\\/author\\\/michael-merz\\\/\"}]}<\/script>\n<!-- \/ Yoast SEO plugin. -->","yoast_head_json":{"title":"La disparition des insectes - une ampleur catastrophique d\u00e9sormais scientifiquement prouv\u00e9e - Organisateur","description":"Dans notre pays aussi, les institutions s'inqui\u00e8tent de la disparition progressive des insectes. Le Papiliorama \u00e0 Kerzers, par exemple, n'a cess\u00e9 d'attirer l'attention sur ce probl\u00e8me.","robots":{"index":"index","follow":"follow","max-snippet":"max-snippet:-1","max-image-preview":"max-image-preview:large","max-video-preview":"max-video-preview:-1"},"canonical":"https:\/\/www.organisator.ch\/fr\/general\/2017-10-24\/1312-2\/","og_locale":"fr_FR","og_type":"article","og_title":"Insektensterben \u2013 katastrophales Ausmass nun wissenschaftlich fundiert - Organisator","og_description":"Auch hierzulande sorgen sich Institutionen ums voranschreitende Insektensterben. Das Papiliorama in Kerzers etwa hat immer wieder darauf hingewiesen.","og_url":"https:\/\/www.organisator.ch\/fr\/general\/2017-10-24\/1312-2\/","og_site_name":"Organisator","article_publisher":"https:\/\/www.facebook.com\/OrganisatorFachmagazin","article_published_time":"2017-10-24T08:51:57+00:00","og_image":[{"width":1000,"height":667,"url":"https:\/\/www.organisator.ch\/wp-content\/uploads\/2017\/10\/Insektensterben-\u2013-katastrophales-Ausmass-nun-wissenschaftlich-fundiert-up-umweltperspektiven.jpg","type":"image\/jpeg"}],"author":"michael.merz","twitter_card":"summary_large_image","schema":{"@context":"https:\/\/schema.org","@graph":[{"@type":"Article","@id":"https:\/\/www.organisator.ch\/fr\/general\/2017-10-24\/1312-2\/#article","isPartOf":{"@id":"https:\/\/www.organisator.ch\/fr\/general\/2017-10-24\/1312-2\/"},"author":{"name":"michael.merz","@id":"https:\/\/www.organisator.ch\/#\/schema\/person\/134708ca9321c57b0362cceb7948ffbd"},"headline":"Insektensterben \u2013 katastrophales Ausmass nun wissenschaftlich fundiert","datePublished":"2017-10-24T08:51:57+00:00","mainEntityOfPage":{"@id":"https:\/\/www.organisator.ch\/fr\/general\/2017-10-24\/1312-2\/"},"wordCount":686,"commentCount":0,"publisher":{"@id":"https:\/\/www.organisator.ch\/#organization"},"image":{"@id":"https:\/\/www.organisator.ch\/fr\/general\/2017-10-24\/1312-2\/#primaryimage"},"thumbnailUrl":"https:\/\/www.organisator.ch\/wp-content\/uploads\/2017\/10\/Insektensterben-\u2013-katastrophales-Ausmass-nun-wissenschaftlich-fundiert-up-umweltperspektiven.jpg","keywords":["Biomasse","Insektensterben"],"articleSection":["Allgemein"],"inLanguage":"fr-FR"},{"@type":"WebPage","@id":"https:\/\/www.organisator.ch\/fr\/general\/2017-10-24\/1312-2\/","url":"https:\/\/www.organisator.ch\/fr\/general\/2017-10-24\/1312-2\/","name":"La disparition des insectes - une ampleur catastrophique d\u00e9sormais scientifiquement prouv\u00e9e - Organisateur","isPartOf":{"@id":"https:\/\/www.organisator.ch\/#website"},"primaryImageOfPage":{"@id":"https:\/\/www.organisator.ch\/fr\/general\/2017-10-24\/1312-2\/#primaryimage"},"image":{"@id":"https:\/\/www.organisator.ch\/fr\/general\/2017-10-24\/1312-2\/#primaryimage"},"thumbnailUrl":"https:\/\/www.organisator.ch\/wp-content\/uploads\/2017\/10\/Insektensterben-\u2013-katastrophales-Ausmass-nun-wissenschaftlich-fundiert-up-umweltperspektiven.jpg","datePublished":"2017-10-24T08:51:57+00:00","description":"Dans notre pays aussi, les institutions s'inqui\u00e8tent de la disparition progressive des insectes. Le Papiliorama \u00e0 Kerzers, par exemple, n'a cess\u00e9 d'attirer l'attention sur ce probl\u00e8me.","breadcrumb":{"@id":"https:\/\/www.organisator.ch\/fr\/general\/2017-10-24\/1312-2\/#breadcrumb"},"inLanguage":"fr-FR","potentialAction":[{"@type":"ReadAction","target":["https:\/\/www.organisator.ch\/fr\/general\/2017-10-24\/1312-2\/"]}]},{"@type":"ImageObject","inLanguage":"fr-FR","@id":"https:\/\/www.organisator.ch\/fr\/general\/2017-10-24\/1312-2\/#primaryimage","url":"https:\/\/www.organisator.ch\/wp-content\/uploads\/2017\/10\/Insektensterben-\u2013-katastrophales-Ausmass-nun-wissenschaftlich-fundiert-up-umweltperspektiven.jpg","contentUrl":"https:\/\/www.organisator.ch\/wp-content\/uploads\/2017\/10\/Insektensterben-\u2013-katastrophales-Ausmass-nun-wissenschaftlich-fundiert-up-umweltperspektiven.jpg","width":1000,"height":667,"caption":"F\u00fchrende Zeitungen und Fachzeitschriften sprechen vom Kollaps der Insektenarten und der Biomasse in Europa. (depositphotos)"},{"@type":"BreadcrumbList","@id":"https:\/\/www.organisator.ch\/fr\/general\/2017-10-24\/1312-2\/#breadcrumb","itemListElement":[{"@type":"ListItem","position":1,"name":"Home","item":"https:\/\/www.organisator.ch\/"},{"@type":"ListItem","position":2,"name":"Insektensterben \u2013 katastrophales Ausmass nun wissenschaftlich fundiert"}]},{"@type":"WebSite","@id":"https:\/\/www.organisator.ch\/#website","url":"https:\/\/www.organisator.ch\/","name":"Organisateur","description":"Comp\u00e9tence et comp\u00e9tence. Proches de la pratique. L'ORGANISATEUR pr\u00e9pare 10 num\u00e9ros par an sur les th\u00e8mes essentiels pour les dirigeants de PME.","publisher":{"@id":"https:\/\/www.organisator.ch\/#organization"},"potentialAction":[{"@type":"SearchAction","target":{"@type":"EntryPoint","urlTemplate":"https:\/\/www.organisator.ch\/?s={search_term_string}"},"query-input":{"@type":"PropertyValueSpecification","valueRequired":true,"valueName":"search_term_string"}}],"inLanguage":"fr-FR"},{"@type":"Organization","@id":"https:\/\/www.organisator.ch\/#organization","name":"Organisateur","url":"https:\/\/www.organisator.ch\/","logo":{"@type":"ImageObject","inLanguage":"fr-FR","@id":"https:\/\/www.organisator.ch\/#\/schema\/logo\/image\/","url":"https:\/\/www.organisator.ch\/wp-content\/uploads\/2022\/01\/Logo_Organisator_Website.png","contentUrl":"https:\/\/www.organisator.ch\/wp-content\/uploads\/2022\/01\/Logo_Organisator_Website.png","width":800,"height":77,"caption":"Organisator"},"image":{"@id":"https:\/\/www.organisator.ch\/#\/schema\/logo\/image\/"},"sameAs":["https:\/\/www.facebook.com\/OrganisatorFachmagazin","https:\/\/www.linkedin.com\/showcase\/organisator-das-magazin-fr-kmu","https:\/\/www.xing.com\/news\/pages\/organisator-ch-695","https:\/\/www.youtube.com\/channel\/UCGP2Sq0iWaZwT3BdIAQFYpw"]},{"@type":"Person","@id":"https:\/\/www.organisator.ch\/#\/schema\/person\/134708ca9321c57b0362cceb7948ffbd","name":"michael.merz","image":{"@type":"ImageObject","inLanguage":"fr-FR","@id":"https:\/\/secure.gravatar.com\/avatar\/?s=96&d=mm&r=g","url":"https:\/\/secure.gravatar.com\/avatar\/?s=96&d=mm&r=g","contentUrl":"https:\/\/secure.gravatar.com\/avatar\/?s=96&d=mm&r=g","caption":"michael.merz"},"url":"https:\/\/www.organisator.ch\/fr\/author\/michael-merz\/"}]}},"_links":{"self":[{"href":"https:\/\/www.organisator.ch\/fr\/wp-json\/wp\/v2\/posts\/1312","targetHints":{"allow":["GET"]}}],"collection":[{"href":"https:\/\/www.organisator.ch\/fr\/wp-json\/wp\/v2\/posts"}],"about":[{"href":"https:\/\/www.organisator.ch\/fr\/wp-json\/wp\/v2\/types\/post"}],"author":[{"embeddable":true,"href":"https:\/\/www.organisator.ch\/fr\/wp-json\/wp\/v2\/users\/5"}],"replies":[{"embeddable":true,"href":"https:\/\/www.organisator.ch\/fr\/wp-json\/wp\/v2\/comments?post=1312"}],"version-history":[{"count":0,"href":"https:\/\/www.organisator.ch\/fr\/wp-json\/wp\/v2\/posts\/1312\/revisions"}],"wp:featuredmedia":[{"embeddable":true,"href":"https:\/\/www.organisator.ch\/fr\/wp-json\/wp\/v2\/media\/9518"}],"wp:attachment":[{"href":"https:\/\/www.organisator.ch\/fr\/wp-json\/wp\/v2\/media?parent=1312"}],"wp:term":[{"taxonomy":"category","embeddable":true,"href":"https:\/\/www.organisator.ch\/fr\/wp-json\/wp\/v2\/categories?post=1312"},{"taxonomy":"post_tag","embeddable":true,"href":"https:\/\/www.organisator.ch\/fr\/wp-json\/wp\/v2\/tags?post=1312"}],"curies":[{"name":"wp","href":"https:\/\/api.w.org\/{rel}","templated":true}]}}