{"id":1316,"date":"2018-02-08T10:07:54","date_gmt":"2018-02-08T09:07:54","guid":{"rendered":"https:\/\/www.umweltperspektiven.ch\/?p=1316"},"modified":"2018-02-08T10:07:54","modified_gmt":"2018-02-08T09:07:54","slug":"diesen-sonntag-ist-zeitumstellung-auf-die-so-genannte-normalzeit-allerdings-bringt-die-einst-fixierte-winterzeit-tatsaechlich-der-schweizerischen-volkswirtschaft-einen-mehrwert-welche-energiekosten","status":"publish","type":"post","link":"https:\/\/www.organisator.ch\/fr\/allgemein\/2018-02-08\/diesen-sonntag-ist-zeitumstellung-auf-die-so-genannte-normalzeit-allerdings-bringt-die-einst-fixierte-winterzeit-tatsaechlich-der-schweizerischen-volkswirtschaft-einen-mehrwert-welche-energiekosten\/","title":{"rendered":"Changement d'heure : une heure d'hiver permanente permettrait-elle d'\u00e9conomiser des frais d'\u00e9lectricit\u00e9 ?"},"content":{"rendered":"<figure id=\"attachment_1317\" aria-describedby=\"caption-attachment-1317\" style=\"width: 640px\" class=\"wp-caption alignnone\"><img loading=\"lazy\" decoding=\"async\" class=\"wp-image-1317 size-full\" src=\"\/\/www.umweltperspektiven.ch\/wp-content\/uploads\/2017\/10\/Zeitumstellung-K\u00f6nnte-eine-dauerhafte-Sommerzeit-Stromkosten-sparen-up-umweltperspektiven.jpg\" alt=\"\" width=\"640\" height=\"424\" \/><figcaption id=\"caption-attachment-1317\" class=\"wp-caption-text\">L'heure d'\u00e9t\u00e9 n'est pas toujours l'heure locale : de fin mars \u00e0 fin octobre, les horloges suisses avancent de plus d'une heure selon le fuseau horaire. (Image : depositphotos)<\/figcaption><\/figure>\n<p>\"L'aspect le plus positif du passage \u00e0 l'heure d'\u00e9t\u00e9 est l'attractivit\u00e9 accrue des loisirs en soir\u00e9e gr\u00e2ce \u00e0 l'augmentation des heures de lumi\u00e8re du jour\", explique Robert Tichler de l'Energieinstitut Linz. A l'instar de l'Autriche, on estime que la Suisse \u00e9conomise environ 50 millions d'euros en co\u00fbts \u00e9nerg\u00e9tiques sur les six mois d'heure d'\u00e9t\u00e9.<\/p>\n<p>L'expert parle d'\u00e9conomies de carburant et d'\u00e9lectricit\u00e9. Si nous \u00e9tendions donc de facto l'heure d'\u00e9t\u00e9 \u00e0 toute l'ann\u00e9e, le gain de prosp\u00e9rit\u00e9 pourrait \u00eatre chiffr\u00e9 \u00e0 plus de 500 millions d'euros. Ce chiffre est toutefois relatif.<\/p>\n<p><strong>Effets \u00e9nerg\u00e9tiques<\/strong><\/p>\n<p>L'institut de l'\u00e9nergie de l'universit\u00e9 de Linz a calcul\u00e9 pour la premi\u00e8re fois l'ann\u00e9e derni\u00e8re les \u00e9conomies de co\u00fbts pour les effets \u00e9nerg\u00e9tiques et non \u00e9nerg\u00e9tiques. Il en r\u00e9sulte que le passage \u00e0 l'heure d'\u00e9t\u00e9 entra\u00eene - par rapport \u00e0 l'heure d'hiver permanente - une l\u00e9g\u00e8re \u00e9conomie de co\u00fbts pour les m\u00e9nages et pour l'\u00e9conomie nationale.<\/p>\n<p>\"Les heures de lumi\u00e8re du jour suppl\u00e9mentaires en \u00e9t\u00e9 permettent \u00e0 chaque m\u00e9nage d'\u00e9conomiser 0,45 pour cent de sa facture d'\u00e9lectricit\u00e9\", explique Robert Tichler de l'Energieinstitut. Mais ce plus est att\u00e9nu\u00e9 parce que les gens consomment plus de carburant ou d'\u00e9lectricit\u00e9 pour les ventilateurs pendant les heures de lumi\u00e8re du jour suppl\u00e9mentaires. \"Les effets non \u00e9nerg\u00e9tiques sont bien plus importants que ceux li\u00e9s aux co\u00fbts de l'\u00e9lectricit\u00e9 et de l'\u00e9nergie\", pr\u00e9cise Robert Tichler.<\/p>\n<p><strong>Dans le bon biorythme <\/strong><\/p>\n<p>De nombreuses \u00e9tudes sur les effets du changement d'heure sur le biorythme et les troubles du sommeil montrent que dans les semaines qui suivent le changement, le rendement au travail diminue et le risque d'accidents de la route augmente : Les Linzois chiffrent les co\u00fbts qui en r\u00e9sultent \u00e0 40 millions d'euros par an pour la Haute-Autriche, ce qui, extrapol\u00e9 \u00e0 l'Autriche, repr\u00e9sente donc 240 millions d'euros.<\/p>\n<p>Le maintien de l'heure d'\u00e9t\u00e9 multiplierait donc les bons effets du changement - notamment parce que les effets n\u00e9gatifs dus au changement d'heure deux fois par an dispara\u00eetraient. Enfin, la qualit\u00e9 de vie serait \u00e9galement am\u00e9lior\u00e9e.<\/p>\n<p><a href=\"\/\/www.energieinstitut-linz.at\">www.energieinstitut-linz.at<\/a><\/p>\n<p>&nbsp;<\/p>\n<p>&nbsp;<\/p>","protected":false},"excerpt":{"rendered":"<p>\u201eDer positivste Aspekt der Zeitumstellung auf die Sommerzeit ist die attraktivere Freizeitgestaltung am Abend durch mehr Tageslichtstunden\u201c, sagt Robert Tichler vom Energieinstitut Linz. \u00c4hnlich wie \u00d6sterreich erspart sich die Schweiz sch\u00e4tzungsweise um 50 Millionen Euro an Energiekosten \u00fcber die sechs Monate Sommerzeit. Wobei der Experte von Einsparungen der Treibstoff- und Stromkosten spricht. W\u00fcrden wir die [&hellip;]<\/p>\n","protected":false},"author":5,"featured_media":1317,"comment_status":"open","ping_status":"open","sticky":false,"template":"","format":"standard","meta":{"_acf_changed":false,"_yoast_wpseo_focuskw":"Zeitumstellung","_yoast_wpseo_metadesc":"Diesen Sonntag ist Zeitumstellung auf die so genannte Normalzeit. Bringt die einst fixierte Winterzeit der Schweizerischen Volkswirtschaft einen Mehrwert?","articlekey":"","footnotes":""},"categories":[1],"tags":[1069,2575,2593],"class_list":["post-1316","post","type-post","status-publish","format-standard","has-post-thumbnail","hentry","category-allgemein","tag-energiekosten","tag-winterzeit","tag-zeitumstellung"],"acf":[],"yoast_head":"<!-- This site is optimized with the Yoast SEO plugin v27.5 - https:\/\/yoast.com\/product\/yoast-seo-wordpress\/ -->\n<title>Zeitumstellung: K\u00f6nnte eine dauerhafte Winterzeit Stromkosten sparen? - Organisator<\/title>\n<meta name=\"description\" content=\"Diesen Sonntag ist Zeitumstellung auf die so genannte Normalzeit. Bringt die einst fixierte Winterzeit der Schweizerischen Volkswirtschaft einen Mehrwert?\" \/>\n<meta name=\"robots\" content=\"index, follow, max-snippet:-1, max-image-preview:large, max-video-preview:-1\" \/>\n<link rel=\"canonical\" href=\"https:\/\/www.organisator.ch\/fr\/general\/2018-02-08\/diesen-sonntag-ist-zeitumstellung-auf-die-so-genannte-normalzeit-allerdings-bringt-die-einst-fixierte-winterzeit-tatsaechlich-der-schweizerischen-volkswirtschaft-einen-mehrwert-welche-energiekosten\/\" \/>\n<meta property=\"og:locale\" content=\"fr_FR\" \/>\n<meta property=\"og:type\" content=\"article\" \/>\n<meta property=\"og:title\" content=\"Zeitumstellung: K\u00f6nnte eine dauerhafte Winterzeit Stromkosten sparen? - Organisator\" \/>\n<meta property=\"og:description\" content=\"Diesen Sonntag ist Zeitumstellung auf die so genannte Normalzeit. Bringt die einst fixierte Winterzeit der Schweizerischen Volkswirtschaft einen Mehrwert?\" \/>\n<meta property=\"og:url\" content=\"https:\/\/www.organisator.ch\/fr\/general\/2018-02-08\/diesen-sonntag-ist-zeitumstellung-auf-die-so-genannte-normalzeit-allerdings-bringt-die-einst-fixierte-winterzeit-tatsaechlich-der-schweizerischen-volkswirtschaft-einen-mehrwert-welche-energiekosten\/\" \/>\n<meta property=\"og:site_name\" content=\"Organisator\" \/>\n<meta property=\"article:publisher\" content=\"https:\/\/www.facebook.com\/OrganisatorFachmagazin\" \/>\n<meta property=\"article:published_time\" content=\"2018-02-08T09:07:54+00:00\" \/>\n<meta property=\"og:image\" content=\"https:\/\/www.organisator.ch\/wp-content\/uploads\/2017\/10\/Zeitumstellung-Koennte-eine-dauerhafte-Sommerzeit-Stromkosten-sparen-up-umweltperspektiven.jpg\" \/>\n\t<meta property=\"og:image:width\" content=\"640\" \/>\n\t<meta property=\"og:image:height\" content=\"424\" \/>\n\t<meta property=\"og:image:type\" content=\"image\/jpeg\" \/>\n<meta name=\"author\" content=\"michael.merz\" \/>\n<meta name=\"twitter:card\" content=\"summary_large_image\" \/>\n<script type=\"application\/ld+json\" class=\"yoast-schema-graph\">{\"@context\":\"https:\\\/\\\/schema.org\",\"@graph\":[{\"@type\":\"Article\",\"@id\":\"https:\\\/\\\/www.organisator.ch\\\/de\\\/allgemein\\\/2018-02-08\\\/diesen-sonntag-ist-zeitumstellung-auf-die-so-genannte-normalzeit-allerdings-bringt-die-einst-fixierte-winterzeit-tatsaechlich-der-schweizerischen-volkswirtschaft-einen-mehrwert-welche-energiekosten\\\/#article\",\"isPartOf\":{\"@id\":\"https:\\\/\\\/www.organisator.ch\\\/de\\\/allgemein\\\/2018-02-08\\\/diesen-sonntag-ist-zeitumstellung-auf-die-so-genannte-normalzeit-allerdings-bringt-die-einst-fixierte-winterzeit-tatsaechlich-der-schweizerischen-volkswirtschaft-einen-mehrwert-welche-energiekosten\\\/\"},\"author\":{\"name\":\"michael.merz\",\"@id\":\"https:\\\/\\\/www.organisator.ch\\\/#\\\/schema\\\/person\\\/134708ca9321c57b0362cceb7948ffbd\"},\"headline\":\"Zeitumstellung: K\u00f6nnte eine dauerhafte Winterzeit Stromkosten sparen?\",\"datePublished\":\"2018-02-08T09:07:54+00:00\",\"mainEntityOfPage\":{\"@id\":\"https:\\\/\\\/www.organisator.ch\\\/de\\\/allgemein\\\/2018-02-08\\\/diesen-sonntag-ist-zeitumstellung-auf-die-so-genannte-normalzeit-allerdings-bringt-die-einst-fixierte-winterzeit-tatsaechlich-der-schweizerischen-volkswirtschaft-einen-mehrwert-welche-energiekosten\\\/\"},\"wordCount\":318,\"commentCount\":0,\"publisher\":{\"@id\":\"https:\\\/\\\/www.organisator.ch\\\/#organization\"},\"image\":{\"@id\":\"https:\\\/\\\/www.organisator.ch\\\/de\\\/allgemein\\\/2018-02-08\\\/diesen-sonntag-ist-zeitumstellung-auf-die-so-genannte-normalzeit-allerdings-bringt-die-einst-fixierte-winterzeit-tatsaechlich-der-schweizerischen-volkswirtschaft-einen-mehrwert-welche-energiekosten\\\/#primaryimage\"},\"thumbnailUrl\":\"https:\\\/\\\/www.organisator.ch\\\/wp-content\\\/uploads\\\/2017\\\/10\\\/Zeitumstellung-Koennte-eine-dauerhafte-Sommerzeit-Stromkosten-sparen-up-umweltperspektiven.jpg\",\"keywords\":[\"Energiekosten\",\"Winterzeit\",\"Zeitumstellung\"],\"articleSection\":[\"Allgemein\"],\"inLanguage\":\"fr-FR\"},{\"@type\":\"WebPage\",\"@id\":\"https:\\\/\\\/www.organisator.ch\\\/de\\\/allgemein\\\/2018-02-08\\\/diesen-sonntag-ist-zeitumstellung-auf-die-so-genannte-normalzeit-allerdings-bringt-die-einst-fixierte-winterzeit-tatsaechlich-der-schweizerischen-volkswirtschaft-einen-mehrwert-welche-energiekosten\\\/\",\"url\":\"https:\\\/\\\/www.organisator.ch\\\/de\\\/allgemein\\\/2018-02-08\\\/diesen-sonntag-ist-zeitumstellung-auf-die-so-genannte-normalzeit-allerdings-bringt-die-einst-fixierte-winterzeit-tatsaechlich-der-schweizerischen-volkswirtschaft-einen-mehrwert-welche-energiekosten\\\/\",\"name\":\"Zeitumstellung: K\u00f6nnte eine dauerhafte Winterzeit Stromkosten sparen? - Organisator\",\"isPartOf\":{\"@id\":\"https:\\\/\\\/www.organisator.ch\\\/#website\"},\"primaryImageOfPage\":{\"@id\":\"https:\\\/\\\/www.organisator.ch\\\/de\\\/allgemein\\\/2018-02-08\\\/diesen-sonntag-ist-zeitumstellung-auf-die-so-genannte-normalzeit-allerdings-bringt-die-einst-fixierte-winterzeit-tatsaechlich-der-schweizerischen-volkswirtschaft-einen-mehrwert-welche-energiekosten\\\/#primaryimage\"},\"image\":{\"@id\":\"https:\\\/\\\/www.organisator.ch\\\/de\\\/allgemein\\\/2018-02-08\\\/diesen-sonntag-ist-zeitumstellung-auf-die-so-genannte-normalzeit-allerdings-bringt-die-einst-fixierte-winterzeit-tatsaechlich-der-schweizerischen-volkswirtschaft-einen-mehrwert-welche-energiekosten\\\/#primaryimage\"},\"thumbnailUrl\":\"https:\\\/\\\/www.organisator.ch\\\/wp-content\\\/uploads\\\/2017\\\/10\\\/Zeitumstellung-Koennte-eine-dauerhafte-Sommerzeit-Stromkosten-sparen-up-umweltperspektiven.jpg\",\"datePublished\":\"2018-02-08T09:07:54+00:00\",\"description\":\"Diesen Sonntag ist Zeitumstellung auf die so genannte Normalzeit. Bringt die einst fixierte Winterzeit der Schweizerischen Volkswirtschaft einen Mehrwert?\",\"breadcrumb\":{\"@id\":\"https:\\\/\\\/www.organisator.ch\\\/de\\\/allgemein\\\/2018-02-08\\\/diesen-sonntag-ist-zeitumstellung-auf-die-so-genannte-normalzeit-allerdings-bringt-die-einst-fixierte-winterzeit-tatsaechlich-der-schweizerischen-volkswirtschaft-einen-mehrwert-welche-energiekosten\\\/#breadcrumb\"},\"inLanguage\":\"fr-FR\",\"potentialAction\":[{\"@type\":\"ReadAction\",\"target\":[\"https:\\\/\\\/www.organisator.ch\\\/de\\\/allgemein\\\/2018-02-08\\\/diesen-sonntag-ist-zeitumstellung-auf-die-so-genannte-normalzeit-allerdings-bringt-die-einst-fixierte-winterzeit-tatsaechlich-der-schweizerischen-volkswirtschaft-einen-mehrwert-welche-energiekosten\\\/\"]}]},{\"@type\":\"ImageObject\",\"inLanguage\":\"fr-FR\",\"@id\":\"https:\\\/\\\/www.organisator.ch\\\/de\\\/allgemein\\\/2018-02-08\\\/diesen-sonntag-ist-zeitumstellung-auf-die-so-genannte-normalzeit-allerdings-bringt-die-einst-fixierte-winterzeit-tatsaechlich-der-schweizerischen-volkswirtschaft-einen-mehrwert-welche-energiekosten\\\/#primaryimage\",\"url\":\"https:\\\/\\\/www.organisator.ch\\\/wp-content\\\/uploads\\\/2017\\\/10\\\/Zeitumstellung-Koennte-eine-dauerhafte-Sommerzeit-Stromkosten-sparen-up-umweltperspektiven.jpg\",\"contentUrl\":\"https:\\\/\\\/www.organisator.ch\\\/wp-content\\\/uploads\\\/2017\\\/10\\\/Zeitumstellung-Koennte-eine-dauerhafte-Sommerzeit-Stromkosten-sparen-up-umweltperspektiven.jpg\",\"width\":640,\"height\":424,\"caption\":\"Sommerzeit ist nicht gleich Lokalzeit: Von Ende M\u00e4rz bis Ende Oktober gehen je nach Zeitzone die Uhren in der Schweiz um \u00fcber eine 1 Stunde vor. (Bild: depositphotos)\"},{\"@type\":\"BreadcrumbList\",\"@id\":\"https:\\\/\\\/www.organisator.ch\\\/de\\\/allgemein\\\/2018-02-08\\\/diesen-sonntag-ist-zeitumstellung-auf-die-so-genannte-normalzeit-allerdings-bringt-die-einst-fixierte-winterzeit-tatsaechlich-der-schweizerischen-volkswirtschaft-einen-mehrwert-welche-energiekosten\\\/#breadcrumb\",\"itemListElement\":[{\"@type\":\"ListItem\",\"position\":1,\"name\":\"Home\",\"item\":\"https:\\\/\\\/www.organisator.ch\\\/\"},{\"@type\":\"ListItem\",\"position\":2,\"name\":\"Zeitumstellung: K\u00f6nnte eine dauerhafte Winterzeit Stromkosten sparen?\"}]},{\"@type\":\"WebSite\",\"@id\":\"https:\\\/\\\/www.organisator.ch\\\/#website\",\"url\":\"https:\\\/\\\/www.organisator.ch\\\/\",\"name\":\"Organisator\",\"description\":\"Kompetent. Praxisnah. Der ORGANISATOR bereitet in 10 Ausgaben pro Jahr die wesentlichen Themen f\u00fcr F\u00fchrungskr\u00e4fte von KMU auf.\",\"publisher\":{\"@id\":\"https:\\\/\\\/www.organisator.ch\\\/#organization\"},\"potentialAction\":[{\"@type\":\"SearchAction\",\"target\":{\"@type\":\"EntryPoint\",\"urlTemplate\":\"https:\\\/\\\/www.organisator.ch\\\/?s={search_term_string}\"},\"query-input\":{\"@type\":\"PropertyValueSpecification\",\"valueRequired\":true,\"valueName\":\"search_term_string\"}}],\"inLanguage\":\"fr-FR\"},{\"@type\":\"Organization\",\"@id\":\"https:\\\/\\\/www.organisator.ch\\\/#organization\",\"name\":\"Organisator\",\"url\":\"https:\\\/\\\/www.organisator.ch\\\/\",\"logo\":{\"@type\":\"ImageObject\",\"inLanguage\":\"fr-FR\",\"@id\":\"https:\\\/\\\/www.organisator.ch\\\/#\\\/schema\\\/logo\\\/image\\\/\",\"url\":\"https:\\\/\\\/www.organisator.ch\\\/wp-content\\\/uploads\\\/2022\\\/01\\\/Logo_Organisator_Website.png\",\"contentUrl\":\"https:\\\/\\\/www.organisator.ch\\\/wp-content\\\/uploads\\\/2022\\\/01\\\/Logo_Organisator_Website.png\",\"width\":800,\"height\":77,\"caption\":\"Organisator\"},\"image\":{\"@id\":\"https:\\\/\\\/www.organisator.ch\\\/#\\\/schema\\\/logo\\\/image\\\/\"},\"sameAs\":[\"https:\\\/\\\/www.facebook.com\\\/OrganisatorFachmagazin\",\"https:\\\/\\\/www.linkedin.com\\\/showcase\\\/organisator-das-magazin-fr-kmu\",\"https:\\\/\\\/www.xing.com\\\/news\\\/pages\\\/organisator-ch-695\",\"https:\\\/\\\/www.youtube.com\\\/channel\\\/UCGP2Sq0iWaZwT3BdIAQFYpw\"]},{\"@type\":\"Person\",\"@id\":\"https:\\\/\\\/www.organisator.ch\\\/#\\\/schema\\\/person\\\/134708ca9321c57b0362cceb7948ffbd\",\"name\":\"michael.merz\",\"image\":{\"@type\":\"ImageObject\",\"inLanguage\":\"fr-FR\",\"@id\":\"https:\\\/\\\/secure.gravatar.com\\\/avatar\\\/?s=96&d=mm&r=g\",\"url\":\"https:\\\/\\\/secure.gravatar.com\\\/avatar\\\/?s=96&d=mm&r=g\",\"contentUrl\":\"https:\\\/\\\/secure.gravatar.com\\\/avatar\\\/?s=96&d=mm&r=g\",\"caption\":\"michael.merz\"},\"url\":\"https:\\\/\\\/www.organisator.ch\\\/fr\\\/author\\\/michael-merz\\\/\"}]}<\/script>\n<!-- \/ Yoast SEO plugin. -->","yoast_head_json":{"title":"Changement d'heure : une heure d'hiver permanente permettrait-elle d'\u00e9conomiser des frais d'\u00e9lectricit\u00e9 ? - Organisateur","description":"Ce dimanche, c'est le passage \u00e0 l'heure dite normale. L'heure d'hiver, autrefois fixe, apporte-t-elle une plus-value \u00e0 l'\u00e9conomie suisse ?","robots":{"index":"index","follow":"follow","max-snippet":"max-snippet:-1","max-image-preview":"max-image-preview:large","max-video-preview":"max-video-preview:-1"},"canonical":"https:\/\/www.organisator.ch\/fr\/general\/2018-02-08\/diesen-sonntag-ist-zeitumstellung-auf-die-so-genannte-normalzeit-allerdings-bringt-die-einst-fixierte-winterzeit-tatsaechlich-der-schweizerischen-volkswirtschaft-einen-mehrwert-welche-energiekosten\/","og_locale":"fr_FR","og_type":"article","og_title":"Zeitumstellung: K\u00f6nnte eine dauerhafte Winterzeit Stromkosten sparen? - Organisator","og_description":"Diesen Sonntag ist Zeitumstellung auf die so genannte Normalzeit. Bringt die einst fixierte Winterzeit der Schweizerischen Volkswirtschaft einen Mehrwert?","og_url":"https:\/\/www.organisator.ch\/fr\/general\/2018-02-08\/diesen-sonntag-ist-zeitumstellung-auf-die-so-genannte-normalzeit-allerdings-bringt-die-einst-fixierte-winterzeit-tatsaechlich-der-schweizerischen-volkswirtschaft-einen-mehrwert-welche-energiekosten\/","og_site_name":"Organisator","article_publisher":"https:\/\/www.facebook.com\/OrganisatorFachmagazin","article_published_time":"2018-02-08T09:07:54+00:00","og_image":[{"width":640,"height":424,"url":"https:\/\/www.organisator.ch\/wp-content\/uploads\/2017\/10\/Zeitumstellung-Koennte-eine-dauerhafte-Sommerzeit-Stromkosten-sparen-up-umweltperspektiven.jpg","type":"image\/jpeg"}],"author":"michael.merz","twitter_card":"summary_large_image","schema":{"@context":"https:\/\/schema.org","@graph":[{"@type":"Article","@id":"https:\/\/www.organisator.ch\/de\/allgemein\/2018-02-08\/diesen-sonntag-ist-zeitumstellung-auf-die-so-genannte-normalzeit-allerdings-bringt-die-einst-fixierte-winterzeit-tatsaechlich-der-schweizerischen-volkswirtschaft-einen-mehrwert-welche-energiekosten\/#article","isPartOf":{"@id":"https:\/\/www.organisator.ch\/de\/allgemein\/2018-02-08\/diesen-sonntag-ist-zeitumstellung-auf-die-so-genannte-normalzeit-allerdings-bringt-die-einst-fixierte-winterzeit-tatsaechlich-der-schweizerischen-volkswirtschaft-einen-mehrwert-welche-energiekosten\/"},"author":{"name":"michael.merz","@id":"https:\/\/www.organisator.ch\/#\/schema\/person\/134708ca9321c57b0362cceb7948ffbd"},"headline":"Zeitumstellung: K\u00f6nnte eine dauerhafte Winterzeit Stromkosten sparen?","datePublished":"2018-02-08T09:07:54+00:00","mainEntityOfPage":{"@id":"https:\/\/www.organisator.ch\/de\/allgemein\/2018-02-08\/diesen-sonntag-ist-zeitumstellung-auf-die-so-genannte-normalzeit-allerdings-bringt-die-einst-fixierte-winterzeit-tatsaechlich-der-schweizerischen-volkswirtschaft-einen-mehrwert-welche-energiekosten\/"},"wordCount":318,"commentCount":0,"publisher":{"@id":"https:\/\/www.organisator.ch\/#organization"},"image":{"@id":"https:\/\/www.organisator.ch\/de\/allgemein\/2018-02-08\/diesen-sonntag-ist-zeitumstellung-auf-die-so-genannte-normalzeit-allerdings-bringt-die-einst-fixierte-winterzeit-tatsaechlich-der-schweizerischen-volkswirtschaft-einen-mehrwert-welche-energiekosten\/#primaryimage"},"thumbnailUrl":"https:\/\/www.organisator.ch\/wp-content\/uploads\/2017\/10\/Zeitumstellung-Koennte-eine-dauerhafte-Sommerzeit-Stromkosten-sparen-up-umweltperspektiven.jpg","keywords":["Energiekosten","Winterzeit","Zeitumstellung"],"articleSection":["Allgemein"],"inLanguage":"fr-FR"},{"@type":"WebPage","@id":"https:\/\/www.organisator.ch\/de\/allgemein\/2018-02-08\/diesen-sonntag-ist-zeitumstellung-auf-die-so-genannte-normalzeit-allerdings-bringt-die-einst-fixierte-winterzeit-tatsaechlich-der-schweizerischen-volkswirtschaft-einen-mehrwert-welche-energiekosten\/","url":"https:\/\/www.organisator.ch\/de\/allgemein\/2018-02-08\/diesen-sonntag-ist-zeitumstellung-auf-die-so-genannte-normalzeit-allerdings-bringt-die-einst-fixierte-winterzeit-tatsaechlich-der-schweizerischen-volkswirtschaft-einen-mehrwert-welche-energiekosten\/","name":"Changement d'heure : une heure d'hiver permanente permettrait-elle d'\u00e9conomiser des frais d'\u00e9lectricit\u00e9 ? - Organisateur","isPartOf":{"@id":"https:\/\/www.organisator.ch\/#website"},"primaryImageOfPage":{"@id":"https:\/\/www.organisator.ch\/de\/allgemein\/2018-02-08\/diesen-sonntag-ist-zeitumstellung-auf-die-so-genannte-normalzeit-allerdings-bringt-die-einst-fixierte-winterzeit-tatsaechlich-der-schweizerischen-volkswirtschaft-einen-mehrwert-welche-energiekosten\/#primaryimage"},"image":{"@id":"https:\/\/www.organisator.ch\/de\/allgemein\/2018-02-08\/diesen-sonntag-ist-zeitumstellung-auf-die-so-genannte-normalzeit-allerdings-bringt-die-einst-fixierte-winterzeit-tatsaechlich-der-schweizerischen-volkswirtschaft-einen-mehrwert-welche-energiekosten\/#primaryimage"},"thumbnailUrl":"https:\/\/www.organisator.ch\/wp-content\/uploads\/2017\/10\/Zeitumstellung-Koennte-eine-dauerhafte-Sommerzeit-Stromkosten-sparen-up-umweltperspektiven.jpg","datePublished":"2018-02-08T09:07:54+00:00","description":"Ce dimanche, c'est le passage \u00e0 l'heure dite normale. L'heure d'hiver, autrefois fixe, apporte-t-elle une plus-value \u00e0 l'\u00e9conomie suisse ?","breadcrumb":{"@id":"https:\/\/www.organisator.ch\/de\/allgemein\/2018-02-08\/diesen-sonntag-ist-zeitumstellung-auf-die-so-genannte-normalzeit-allerdings-bringt-die-einst-fixierte-winterzeit-tatsaechlich-der-schweizerischen-volkswirtschaft-einen-mehrwert-welche-energiekosten\/#breadcrumb"},"inLanguage":"fr-FR","potentialAction":[{"@type":"ReadAction","target":["https:\/\/www.organisator.ch\/de\/allgemein\/2018-02-08\/diesen-sonntag-ist-zeitumstellung-auf-die-so-genannte-normalzeit-allerdings-bringt-die-einst-fixierte-winterzeit-tatsaechlich-der-schweizerischen-volkswirtschaft-einen-mehrwert-welche-energiekosten\/"]}]},{"@type":"ImageObject","inLanguage":"fr-FR","@id":"https:\/\/www.organisator.ch\/de\/allgemein\/2018-02-08\/diesen-sonntag-ist-zeitumstellung-auf-die-so-genannte-normalzeit-allerdings-bringt-die-einst-fixierte-winterzeit-tatsaechlich-der-schweizerischen-volkswirtschaft-einen-mehrwert-welche-energiekosten\/#primaryimage","url":"https:\/\/www.organisator.ch\/wp-content\/uploads\/2017\/10\/Zeitumstellung-Koennte-eine-dauerhafte-Sommerzeit-Stromkosten-sparen-up-umweltperspektiven.jpg","contentUrl":"https:\/\/www.organisator.ch\/wp-content\/uploads\/2017\/10\/Zeitumstellung-Koennte-eine-dauerhafte-Sommerzeit-Stromkosten-sparen-up-umweltperspektiven.jpg","width":640,"height":424,"caption":"Sommerzeit ist nicht gleich Lokalzeit: Von Ende M\u00e4rz bis Ende Oktober gehen je nach Zeitzone die Uhren in der Schweiz um \u00fcber eine 1 Stunde vor. (Bild: depositphotos)"},{"@type":"BreadcrumbList","@id":"https:\/\/www.organisator.ch\/de\/allgemein\/2018-02-08\/diesen-sonntag-ist-zeitumstellung-auf-die-so-genannte-normalzeit-allerdings-bringt-die-einst-fixierte-winterzeit-tatsaechlich-der-schweizerischen-volkswirtschaft-einen-mehrwert-welche-energiekosten\/#breadcrumb","itemListElement":[{"@type":"ListItem","position":1,"name":"Home","item":"https:\/\/www.organisator.ch\/"},{"@type":"ListItem","position":2,"name":"Zeitumstellung: K\u00f6nnte eine dauerhafte Winterzeit Stromkosten sparen?"}]},{"@type":"WebSite","@id":"https:\/\/www.organisator.ch\/#website","url":"https:\/\/www.organisator.ch\/","name":"Organisateur","description":"Comp\u00e9tence et comp\u00e9tence. Proches de la pratique. L'ORGANISATEUR pr\u00e9pare 10 num\u00e9ros par an sur les th\u00e8mes essentiels pour les dirigeants de PME.","publisher":{"@id":"https:\/\/www.organisator.ch\/#organization"},"potentialAction":[{"@type":"SearchAction","target":{"@type":"EntryPoint","urlTemplate":"https:\/\/www.organisator.ch\/?s={search_term_string}"},"query-input":{"@type":"PropertyValueSpecification","valueRequired":true,"valueName":"search_term_string"}}],"inLanguage":"fr-FR"},{"@type":"Organization","@id":"https:\/\/www.organisator.ch\/#organization","name":"Organisateur","url":"https:\/\/www.organisator.ch\/","logo":{"@type":"ImageObject","inLanguage":"fr-FR","@id":"https:\/\/www.organisator.ch\/#\/schema\/logo\/image\/","url":"https:\/\/www.organisator.ch\/wp-content\/uploads\/2022\/01\/Logo_Organisator_Website.png","contentUrl":"https:\/\/www.organisator.ch\/wp-content\/uploads\/2022\/01\/Logo_Organisator_Website.png","width":800,"height":77,"caption":"Organisator"},"image":{"@id":"https:\/\/www.organisator.ch\/#\/schema\/logo\/image\/"},"sameAs":["https:\/\/www.facebook.com\/OrganisatorFachmagazin","https:\/\/www.linkedin.com\/showcase\/organisator-das-magazin-fr-kmu","https:\/\/www.xing.com\/news\/pages\/organisator-ch-695","https:\/\/www.youtube.com\/channel\/UCGP2Sq0iWaZwT3BdIAQFYpw"]},{"@type":"Person","@id":"https:\/\/www.organisator.ch\/#\/schema\/person\/134708ca9321c57b0362cceb7948ffbd","name":"michael.merz","image":{"@type":"ImageObject","inLanguage":"fr-FR","@id":"https:\/\/secure.gravatar.com\/avatar\/?s=96&d=mm&r=g","url":"https:\/\/secure.gravatar.com\/avatar\/?s=96&d=mm&r=g","contentUrl":"https:\/\/secure.gravatar.com\/avatar\/?s=96&d=mm&r=g","caption":"michael.merz"},"url":"https:\/\/www.organisator.ch\/fr\/author\/michael-merz\/"}]}},"_links":{"self":[{"href":"https:\/\/www.organisator.ch\/fr\/wp-json\/wp\/v2\/posts\/1316","targetHints":{"allow":["GET"]}}],"collection":[{"href":"https:\/\/www.organisator.ch\/fr\/wp-json\/wp\/v2\/posts"}],"about":[{"href":"https:\/\/www.organisator.ch\/fr\/wp-json\/wp\/v2\/types\/post"}],"author":[{"embeddable":true,"href":"https:\/\/www.organisator.ch\/fr\/wp-json\/wp\/v2\/users\/5"}],"replies":[{"embeddable":true,"href":"https:\/\/www.organisator.ch\/fr\/wp-json\/wp\/v2\/comments?post=1316"}],"version-history":[{"count":0,"href":"https:\/\/www.organisator.ch\/fr\/wp-json\/wp\/v2\/posts\/1316\/revisions"}],"wp:featuredmedia":[{"embeddable":true,"href":"https:\/\/www.organisator.ch\/fr\/wp-json\/wp\/v2\/media\/1317"}],"wp:attachment":[{"href":"https:\/\/www.organisator.ch\/fr\/wp-json\/wp\/v2\/media?parent=1316"}],"wp:term":[{"taxonomy":"category","embeddable":true,"href":"https:\/\/www.organisator.ch\/fr\/wp-json\/wp\/v2\/categories?post=1316"},{"taxonomy":"post_tag","embeddable":true,"href":"https:\/\/www.organisator.ch\/fr\/wp-json\/wp\/v2\/tags?post=1316"}],"curies":[{"name":"wp","href":"https:\/\/api.w.org\/{rel}","templated":true}]}}