{"id":133,"date":"2016-01-07T11:59:21","date_gmt":"2016-01-07T10:59:21","guid":{"rendered":"https:\/\/dev.umweltperspektiven.ch\/?p=133"},"modified":"2022-02-09T11:10:15","modified_gmt":"2022-02-09T10:10:15","slug":"prix-de-lenvironnement-2016-biosynthetique-elements-pv-et-systemes-de-chauffage-nomines","status":"publish","type":"post","link":"https:\/\/www.organisator.ch\/fr\/sustainability\/2016-01-07\/umweltpreis-2016-biokunststoff-pv-elemente-und-heiz-kuehlsystem-nominiert\/","title":{"rendered":"Prix de l'environnement 2016 : bioplastique, \u00e9l\u00e9ments PV et syst\u00e8me de chauffage\/refroidissement nomin\u00e9s"},"content":{"rendered":"<figure id=\"attachment_134\" aria-describedby=\"caption-attachment-134\" style=\"width: 680px\" class=\"wp-caption alignnone\"><a href=\"\/\/dev.umweltperspektiven.ch\/wp-content\/uploads\/2016\/12\/Umweltpreis-2016-Biokunststoff-PV-Elemente-und-Heiz-K\u00fchlsystem-nominiert-umweltperspektiven.jpg\"><img loading=\"lazy\" decoding=\"async\" class=\"size-medium wp-image-134\" src=\"\/\/dev.umweltperspektiven.ch\/wp-content\/uploads\/2016\/12\/Umweltpreis-2016-Biokunststoff-PV-Elemente-und-Heiz-K\u00fchlsystem-nominiert-umweltperspektiven.jpg\" alt=\"Le 12 janvier, le vainqueur du prix de l&#039;environnement de cette ann\u00e9e sera annonc\u00e9 lors de la Swissbau.\" width=\"680\" height=\"453\" \/><\/a><figcaption id=\"caption-attachment-134\" class=\"wp-caption-text\">Le 12 janvier, le vainqueur du prix de l'environnement de cette ann\u00e9e sera annonc\u00e9 lors de la Swissbau.<\/figcaption><\/figure>\n<p>Sur mandat de la Fondation pro Aqua-pro Vita, le jury d'experts pr\u00e9sid\u00e9 par le professeur Rainer Bunge a s\u00e9lectionn\u00e9 trois projets remarquables parmi les nombreuses candidatures re\u00e7ues dans la cat\u00e9gorie \"Innovation\" pour le Prix Suisse de l'Environnement 2016. Les projets de BS2 AG, CSEM SA et FluidSolids AG ont convaincu le jury par leur haut degr\u00e9 d'innovation, de pr\u00e9servation des ressources et de pertinence environnementale. L'annonce des gagnants - \u00e9galement dans la cat\u00e9gorie \"Ecopreneur\" - aura lieu le 12 janvier 2016 dans le cadre de Swissbau \u00e0 B\u00e2le.<br \/>\nLe site <a href=\"http:\/\/www.umweltpreis.ch\/\" target=\"_blank\" data-cke-saved-href=\"\/\/www.umweltpreis.ch\/\" rel=\"noopener\">Prix suisse de l'environnement<\/a> est, avec 50'000 francs, l'un des prix de l'environnement les mieux dot\u00e9s de Suisse et est d\u00e9cern\u00e9 tous les deux ans par la fondation pro Aqua-pro Vita. Rainer Bunge, lui-m\u00eame innovateur et chercheur titulaire d'une chaire de technique environnementale et des proc\u00e9d\u00e9s \u00e0 la Haute \u00e9cole de Rapperswil, a pu nominer trois candidats pour la cat\u00e9gorie \"Innovation\" parmi les nombreux dossiers de grande qualit\u00e9 qui lui ont \u00e9t\u00e9 soumis. Il est tr\u00e8s r\u00e9jouissant de constater que la conscience sans cesse croissante d'une gestion respectueuse de notre environnement se manifeste \u00e0 nouveau dans le cadre du prix de l'environnement 2016.<\/p>\n<p>En ce qui concerne le degr\u00e9 d'innovation, les avantages concrets pour l'environnement et le niveau de d\u00e9veloppement des projets, le jury d'experts a nomin\u00e9 trois produits et proc\u00e9d\u00e9s tr\u00e8s diff\u00e9rents.<\/p>\n<p><strong>FluidSolids AG<\/strong><br \/>\nAvec ses propri\u00e9t\u00e9s \u00e9cologiques et physiques, le bioplastique FluidSolids, d\u00e9velopp\u00e9 en Suisse, a un potentiel de conqu\u00eate du march\u00e9. Contrairement \u00e0 d'autres bioplastiques, aucune denr\u00e9e alimentaire n'est utilis\u00e9e pour sa fabrication - FluidSolids est compos\u00e9 de r\u00e9sidus de ressources renouvelables. Le mat\u00e9riau se pr\u00eate \u00e0 une multitude de produits qui sont encore fabriqu\u00e9s aujourd'hui en m\u00e9tal, en bois et surtout en plastique \u00e0 base de p\u00e9trole. Ce mat\u00e9riau extr\u00eamement adaptable peut \u00eatre transform\u00e9 aussi bien par les proc\u00e9d\u00e9s traditionnels de la production industrielle de masse que par la technologie d'avenir de l'impression 3D. Son grand potentiel r\u00e9side dans sa biod\u00e9gradabilit\u00e9, qui repr\u00e9sente une solution au probl\u00e8me mondial des d\u00e9chets plastiques.<\/p>\n<p><strong>CSEM SA<\/strong><br \/>\nDepuis des d\u00e9cennies, les architectes exigent de nouvelles solutions pour l'int\u00e9gration visuelle des \u00e9l\u00e9ments photovolta\u00efques dans les b\u00e2timents. La couleur blanche pr\u00e9sente un int\u00e9r\u00eat particulier en raison de son \u00e9l\u00e9gance, de ses multiples combinaisons et de sa fra\u00eecheur. L'entreprise CSEM SA a maintenant d\u00e9velopp\u00e9 une nouvelle technologie qui permet de r\u00e9aliser des modules solaires sans cellules ni connexions visibles. Celle-ci combine une technologie de cellules solaires qui transforme le rayonnement infrarouge de la lumi\u00e8re solaire en \u00e9lectricit\u00e9 et un filtre diffuseur qui diffuse tout le spectre de la lumi\u00e8re visible, mais transmet la lumi\u00e8re infrarouge. Toute technologie PV \u00e0 base de silicium cristallin peut d\u00e9sormais \u00eatre utilis\u00e9e pour fabriquer des modules solaires blancs - et color\u00e9s. La technologie peut \u00eatre appliqu\u00e9e sur un module existant ou int\u00e9gr\u00e9e dans un nouveau module pendant la fabrication.<\/p>\n<p><strong>BS2 Z\u00e9l\u00e9gance<\/strong><br \/>\nLe syst\u00e8me de gestion technique des b\u00e2timents Zeleganz chauffe, refroidit et ventile les pi\u00e8ces et fournit de l'eau chaude. Tout cela se fait sans \u00e9missions de CO2 et les co\u00fbts sur l'ensemble du cycle de vie sont inf\u00e9rieurs \u00e0 ceux d'une exploitation de longue dur\u00e9e avec un chauffage au mazout. L'innovation de Zeleganz r\u00e9side \u00e0 la fois dans l'approche syst\u00e9mique et dans les composants. La pompe \u00e0 chaleur \u00e0 basse lev\u00e9e avec r\u00e9gulation int\u00e9gr\u00e9e du syst\u00e8me est tr\u00e8s efficace, la sonde g\u00e9othermique \u00e0 membrane coaxiale est adapt\u00e9e au stockage saisonnier de la chaleur \u00e0 des profondeurs allant jusqu'\u00e0 450 m et \u00e9galement dans les zones de protection des eaux souterraines. Les capteurs hybrides PVT int\u00e9gr\u00e9s dans des \u00e9l\u00e9ments de toiture pr\u00e9fabriqu\u00e9s individuellement augmentent la marge de man\u0153uvre en mati\u00e8re de conception. La chaleur n\u00e9cessaire et l'\u00e9lectricit\u00e9 de service sont produites toute l'ann\u00e9e sans \u00e9missions de CO2. Les petites pompes du distributeur du circuit de chauffage actif r\u00e9gulent le chauffage et le refroidissement en fonction des besoins, le syst\u00e8me de ventilation d\u00e9centralis\u00e9 est peu encombrant et augmente le confort d'habitation. Comme le syst\u00e8me est adapt\u00e9 aux nouvelles constructions, mais surtout \u00e0 la r\u00e9novation douce des b\u00e2timents existants, il offre un potentiel consid\u00e9rable de protection du climat. Environ 85% du parc immobilier suisse pourraient ainsi \u00eatre exploit\u00e9s sans \u00e9missions de CO2.<\/p>\n<p><strong>Ecopreneur - Prix de reconnaissance pour les entrepreneurs<\/strong><br \/>\nEn janvier, le Prix Suisse de l'Environnement sera \u00e9galement d\u00e9cern\u00e9 dans la cat\u00e9gorie \"Ecopreneur\". Sera r\u00e9compens\u00e9 un entrepreneur qui, gr\u00e2ce \u00e0 son engagement durable et de longue date en faveur de la protection de l'environnement et de la pr\u00e9servation des ressources naturelles, a connu un succ\u00e8s visible sur le march\u00e9. Le nom du gagnant sera annonc\u00e9 lors de la remise des prix. L'Ecopreneur de cette ann\u00e9e est issu du secteur de la construction - on peut donc attendre avec impatience !<\/p>\n<p><strong>Annonce des gagnants et remise des prix \u00e0 la Swissbau 2016<\/strong><br \/>\nLa remise des prix aura lieu le 12 janvier 2016 \u00e0 17h30 au salon Swissbau \u00e0 B\u00e2le, hall 1.0 sud, Swissbau Focus. Dans le cadre de la remise des prix, Stefan Zanetti, CEO et fondateur de l'entreprise qipp, tiendra un expos\u00e9 introductif intitul\u00e9 : \"Digital sustainable building\". Plus d'informations et inscription : <a href=\"http:\/\/www.swissbau.ch\/focus\" target=\"_blank\" data-cke-saved-href=\"\/\/www.swissbau.ch\/focus\" rel=\"noopener\">www.swissbau.ch\/focus<\/a><\/p>","protected":false},"excerpt":{"rendered":"<p>Die Fachjury unter der Leitung von Prof. Dr. Rainer Bunge hat im Auftrag der Stiftung pro Aqua-pro Vita aus zahlreichen Eingaben in der Kategorie \u00abInnovation\u00bb drei herausragende Projekte f\u00fcr den Umweltpreis der Schweiz 2016 nominiert. Die Projekte der BS2 AG, CSEM SA und der FluidSolids AG haben die Jury durch ihren hohen Grad an Innovation, [&hellip;]<\/p>\n","protected":false},"author":1,"featured_media":134,"comment_status":"open","ping_status":"open","sticky":false,"template":"","format":"standard","meta":{"_acf_changed":false,"_yoast_wpseo_focuskw":"Umweltpreis","_yoast_wpseo_metadesc":"Drei innovative Projekte wurden f\u00fcr den Umweltpreis der Schweiz 2016 nominiert. Die Verleihung findet am 12. Januar an der Swissbau statt.","articlekey":"","footnotes":""},"categories":[580],"tags":[],"class_list":["post-133","post","type-post","status-publish","format-standard","has-post-thumbnail","hentry","category-sustainability"],"acf":[],"yoast_head":"<!-- This site is optimized with the Yoast SEO plugin v27.4 - https:\/\/yoast.com\/product\/yoast-seo-wordpress\/ -->\n<title>Umweltpreis 2016: Biokunststoff, PV-Elemente und Heiz-\/K\u00fchlsystem nominiert - Organisator<\/title>\n<meta name=\"description\" content=\"Drei innovative Projekte wurden f\u00fcr den Umweltpreis der Schweiz 2016 nominiert. Die Verleihung findet am 12. Januar an der Swissbau statt.\" \/>\n<meta name=\"robots\" content=\"index, follow, max-snippet:-1, max-image-preview:large, max-video-preview:-1\" \/>\n<link rel=\"canonical\" href=\"https:\/\/www.organisator.ch\/fr\/sustainability\/2016-01-07\/prix-de-lenvironnement-2016-biosynthetique-elements-pv-et-systemes-de-chauffage-nomines\/\" \/>\n<meta property=\"og:locale\" content=\"fr_FR\" \/>\n<meta property=\"og:type\" content=\"article\" \/>\n<meta property=\"og:title\" content=\"Umweltpreis 2016: Biokunststoff, PV-Elemente und Heiz-\/K\u00fchlsystem nominiert - Organisator\" \/>\n<meta property=\"og:description\" content=\"Drei innovative Projekte wurden f\u00fcr den Umweltpreis der Schweiz 2016 nominiert. Die Verleihung findet am 12. Januar an der Swissbau statt.\" \/>\n<meta property=\"og:url\" content=\"https:\/\/www.organisator.ch\/fr\/sustainability\/2016-01-07\/prix-de-lenvironnement-2016-biosynthetique-elements-pv-et-systemes-de-chauffage-nomines\/\" \/>\n<meta property=\"og:site_name\" content=\"Organisator\" \/>\n<meta property=\"article:publisher\" content=\"https:\/\/www.facebook.com\/OrganisatorFachmagazin\" \/>\n<meta property=\"article:published_time\" content=\"2016-01-07T10:59:21+00:00\" \/>\n<meta property=\"article:modified_time\" content=\"2022-02-09T10:10:15+00:00\" \/>\n<meta property=\"og:image\" content=\"https:\/\/www.organisator.ch\/wp-content\/uploads\/2016\/12\/Umweltpreis-2016-Biokunststoff-PV-Elemente-und-Heiz-Kuehlsystem-nominiert-umweltperspektiven-scaled.jpg\" \/>\n\t<meta property=\"og:image:width\" content=\"2560\" \/>\n\t<meta property=\"og:image:height\" content=\"1706\" \/>\n\t<meta property=\"og:image:type\" content=\"image\/jpeg\" \/>\n<meta name=\"author\" content=\"admin\" \/>\n<meta name=\"twitter:card\" content=\"summary_large_image\" \/>\n<script type=\"application\/ld+json\" class=\"yoast-schema-graph\">{\"@context\":\"https:\\\/\\\/schema.org\",\"@graph\":[{\"@type\":\"Article\",\"@id\":\"https:\\\/\\\/www.organisator.ch\\\/sustainability\\\/2016-01-07\\\/umweltpreis-2016-biokunststoff-pv-elemente-und-heiz-kuehlsystem-nominiert\\\/#article\",\"isPartOf\":{\"@id\":\"https:\\\/\\\/www.organisator.ch\\\/sustainability\\\/2016-01-07\\\/umweltpreis-2016-biokunststoff-pv-elemente-und-heiz-kuehlsystem-nominiert\\\/\"},\"author\":{\"name\":\"admin\",\"@id\":\"https:\\\/\\\/www.organisator.ch\\\/#\\\/schema\\\/person\\\/aa2bace6c5c5aad60102004a50c4eb1c\"},\"headline\":\"Umweltpreis 2016: Biokunststoff, PV-Elemente und Heiz-\\\/K\u00fchlsystem nominiert\",\"datePublished\":\"2016-01-07T10:59:21+00:00\",\"dateModified\":\"2022-02-09T10:10:15+00:00\",\"mainEntityOfPage\":{\"@id\":\"https:\\\/\\\/www.organisator.ch\\\/sustainability\\\/2016-01-07\\\/umweltpreis-2016-biokunststoff-pv-elemente-und-heiz-kuehlsystem-nominiert\\\/\"},\"wordCount\":734,\"commentCount\":0,\"publisher\":{\"@id\":\"https:\\\/\\\/www.organisator.ch\\\/#organization\"},\"image\":{\"@id\":\"https:\\\/\\\/www.organisator.ch\\\/sustainability\\\/2016-01-07\\\/umweltpreis-2016-biokunststoff-pv-elemente-und-heiz-kuehlsystem-nominiert\\\/#primaryimage\"},\"thumbnailUrl\":\"https:\\\/\\\/www.organisator.ch\\\/wp-content\\\/uploads\\\/2016\\\/12\\\/Umweltpreis-2016-Biokunststoff-PV-Elemente-und-Heiz-Kuehlsystem-nominiert-umweltperspektiven-scaled.jpg\",\"articleSection\":[\"SUSTAINABILITY\"],\"inLanguage\":\"fr-FR\"},{\"@type\":\"WebPage\",\"@id\":\"https:\\\/\\\/www.organisator.ch\\\/sustainability\\\/2016-01-07\\\/umweltpreis-2016-biokunststoff-pv-elemente-und-heiz-kuehlsystem-nominiert\\\/\",\"url\":\"https:\\\/\\\/www.organisator.ch\\\/sustainability\\\/2016-01-07\\\/umweltpreis-2016-biokunststoff-pv-elemente-und-heiz-kuehlsystem-nominiert\\\/\",\"name\":\"Umweltpreis 2016: Biokunststoff, PV-Elemente und Heiz-\\\/K\u00fchlsystem nominiert - Organisator\",\"isPartOf\":{\"@id\":\"https:\\\/\\\/www.organisator.ch\\\/#website\"},\"primaryImageOfPage\":{\"@id\":\"https:\\\/\\\/www.organisator.ch\\\/sustainability\\\/2016-01-07\\\/umweltpreis-2016-biokunststoff-pv-elemente-und-heiz-kuehlsystem-nominiert\\\/#primaryimage\"},\"image\":{\"@id\":\"https:\\\/\\\/www.organisator.ch\\\/sustainability\\\/2016-01-07\\\/umweltpreis-2016-biokunststoff-pv-elemente-und-heiz-kuehlsystem-nominiert\\\/#primaryimage\"},\"thumbnailUrl\":\"https:\\\/\\\/www.organisator.ch\\\/wp-content\\\/uploads\\\/2016\\\/12\\\/Umweltpreis-2016-Biokunststoff-PV-Elemente-und-Heiz-Kuehlsystem-nominiert-umweltperspektiven-scaled.jpg\",\"datePublished\":\"2016-01-07T10:59:21+00:00\",\"dateModified\":\"2022-02-09T10:10:15+00:00\",\"description\":\"Drei innovative Projekte wurden f\u00fcr den Umweltpreis der Schweiz 2016 nominiert. Die Verleihung findet am 12. Januar an der Swissbau statt.\",\"breadcrumb\":{\"@id\":\"https:\\\/\\\/www.organisator.ch\\\/sustainability\\\/2016-01-07\\\/umweltpreis-2016-biokunststoff-pv-elemente-und-heiz-kuehlsystem-nominiert\\\/#breadcrumb\"},\"inLanguage\":\"fr-FR\",\"potentialAction\":[{\"@type\":\"ReadAction\",\"target\":[\"https:\\\/\\\/www.organisator.ch\\\/sustainability\\\/2016-01-07\\\/umweltpreis-2016-biokunststoff-pv-elemente-und-heiz-kuehlsystem-nominiert\\\/\"]}]},{\"@type\":\"ImageObject\",\"inLanguage\":\"fr-FR\",\"@id\":\"https:\\\/\\\/www.organisator.ch\\\/sustainability\\\/2016-01-07\\\/umweltpreis-2016-biokunststoff-pv-elemente-und-heiz-kuehlsystem-nominiert\\\/#primaryimage\",\"url\":\"https:\\\/\\\/www.organisator.ch\\\/wp-content\\\/uploads\\\/2016\\\/12\\\/Umweltpreis-2016-Biokunststoff-PV-Elemente-und-Heiz-Kuehlsystem-nominiert-umweltperspektiven-scaled.jpg\",\"contentUrl\":\"https:\\\/\\\/www.organisator.ch\\\/wp-content\\\/uploads\\\/2016\\\/12\\\/Umweltpreis-2016-Biokunststoff-PV-Elemente-und-Heiz-Kuehlsystem-nominiert-umweltperspektiven-scaled.jpg\",\"width\":2560,\"height\":1706,\"caption\":\"Am 12. Januar wird an der Swissbau der diesj\u00e4hrige Sieger des Umweltpreises bekannt gegeben.\"},{\"@type\":\"BreadcrumbList\",\"@id\":\"https:\\\/\\\/www.organisator.ch\\\/sustainability\\\/2016-01-07\\\/umweltpreis-2016-biokunststoff-pv-elemente-und-heiz-kuehlsystem-nominiert\\\/#breadcrumb\",\"itemListElement\":[{\"@type\":\"ListItem\",\"position\":1,\"name\":\"Home\",\"item\":\"https:\\\/\\\/www.organisator.ch\\\/\"},{\"@type\":\"ListItem\",\"position\":2,\"name\":\"Umweltpreis 2016: Biokunststoff, PV-Elemente und Heiz-\\\/K\u00fchlsystem nominiert\"}]},{\"@type\":\"WebSite\",\"@id\":\"https:\\\/\\\/www.organisator.ch\\\/#website\",\"url\":\"https:\\\/\\\/www.organisator.ch\\\/\",\"name\":\"Organisator\",\"description\":\"Kompetent. Praxisnah. Der ORGANISATOR bereitet in 10 Ausgaben pro Jahr die wesentlichen Themen f\u00fcr F\u00fchrungskr\u00e4fte von KMU auf.\",\"publisher\":{\"@id\":\"https:\\\/\\\/www.organisator.ch\\\/#organization\"},\"potentialAction\":[{\"@type\":\"SearchAction\",\"target\":{\"@type\":\"EntryPoint\",\"urlTemplate\":\"https:\\\/\\\/www.organisator.ch\\\/?s={search_term_string}\"},\"query-input\":{\"@type\":\"PropertyValueSpecification\",\"valueRequired\":true,\"valueName\":\"search_term_string\"}}],\"inLanguage\":\"fr-FR\"},{\"@type\":\"Organization\",\"@id\":\"https:\\\/\\\/www.organisator.ch\\\/#organization\",\"name\":\"Organisator\",\"url\":\"https:\\\/\\\/www.organisator.ch\\\/\",\"logo\":{\"@type\":\"ImageObject\",\"inLanguage\":\"fr-FR\",\"@id\":\"https:\\\/\\\/www.organisator.ch\\\/#\\\/schema\\\/logo\\\/image\\\/\",\"url\":\"https:\\\/\\\/www.organisator.ch\\\/wp-content\\\/uploads\\\/2022\\\/01\\\/Logo_Organisator_Website.png\",\"contentUrl\":\"https:\\\/\\\/www.organisator.ch\\\/wp-content\\\/uploads\\\/2022\\\/01\\\/Logo_Organisator_Website.png\",\"width\":800,\"height\":77,\"caption\":\"Organisator\"},\"image\":{\"@id\":\"https:\\\/\\\/www.organisator.ch\\\/#\\\/schema\\\/logo\\\/image\\\/\"},\"sameAs\":[\"https:\\\/\\\/www.facebook.com\\\/OrganisatorFachmagazin\",\"https:\\\/\\\/www.linkedin.com\\\/showcase\\\/organisator-das-magazin-fr-kmu\",\"https:\\\/\\\/www.xing.com\\\/news\\\/pages\\\/organisator-ch-695\",\"https:\\\/\\\/www.youtube.com\\\/channel\\\/UCGP2Sq0iWaZwT3BdIAQFYpw\"]},{\"@type\":\"Person\",\"@id\":\"https:\\\/\\\/www.organisator.ch\\\/#\\\/schema\\\/person\\\/aa2bace6c5c5aad60102004a50c4eb1c\",\"name\":\"admin\",\"image\":{\"@type\":\"ImageObject\",\"inLanguage\":\"fr-FR\",\"@id\":\"https:\\\/\\\/secure.gravatar.com\\\/avatar\\\/ae2f4d718e6c49043e314ce431e7e645d646302a24a5ef5a8bc8e3f5a032e319?s=96&d=mm&r=g\",\"url\":\"https:\\\/\\\/secure.gravatar.com\\\/avatar\\\/ae2f4d718e6c49043e314ce431e7e645d646302a24a5ef5a8bc8e3f5a032e319?s=96&d=mm&r=g\",\"contentUrl\":\"https:\\\/\\\/secure.gravatar.com\\\/avatar\\\/ae2f4d718e6c49043e314ce431e7e645d646302a24a5ef5a8bc8e3f5a032e319?s=96&d=mm&r=g\",\"caption\":\"admin\"},\"sameAs\":[\"https:\\\/\\\/www.organisator.ch\"],\"url\":\"https:\\\/\\\/www.organisator.ch\\\/fr\\\/author\\\/admin\\\/\"}]}<\/script>\n<!-- \/ Yoast SEO plugin. -->","yoast_head_json":{"title":"Prix de l'environnement 2016 : bioplastique, \u00e9l\u00e9ments PV et syst\u00e8me de chauffage\/refroidissement nomin\u00e9s - Organisateur","description":"Trois projets innovants ont \u00e9t\u00e9 nomin\u00e9s pour le Prix Suisse de l'Environnement 2016. La remise des prix aura lieu le 12 janvier \u00e0 la Swissbau.","robots":{"index":"index","follow":"follow","max-snippet":"max-snippet:-1","max-image-preview":"max-image-preview:large","max-video-preview":"max-video-preview:-1"},"canonical":"https:\/\/www.organisator.ch\/fr\/sustainability\/2016-01-07\/prix-de-lenvironnement-2016-biosynthetique-elements-pv-et-systemes-de-chauffage-nomines\/","og_locale":"fr_FR","og_type":"article","og_title":"Umweltpreis 2016: Biokunststoff, PV-Elemente und Heiz-\/K\u00fchlsystem nominiert - Organisator","og_description":"Drei innovative Projekte wurden f\u00fcr den Umweltpreis der Schweiz 2016 nominiert. Die Verleihung findet am 12. Januar an der Swissbau statt.","og_url":"https:\/\/www.organisator.ch\/fr\/sustainability\/2016-01-07\/prix-de-lenvironnement-2016-biosynthetique-elements-pv-et-systemes-de-chauffage-nomines\/","og_site_name":"Organisator","article_publisher":"https:\/\/www.facebook.com\/OrganisatorFachmagazin","article_published_time":"2016-01-07T10:59:21+00:00","article_modified_time":"2022-02-09T10:10:15+00:00","og_image":[{"width":2560,"height":1706,"url":"https:\/\/www.organisator.ch\/wp-content\/uploads\/2016\/12\/Umweltpreis-2016-Biokunststoff-PV-Elemente-und-Heiz-Kuehlsystem-nominiert-umweltperspektiven-scaled.jpg","type":"image\/jpeg"}],"author":"admin","twitter_card":"summary_large_image","schema":{"@context":"https:\/\/schema.org","@graph":[{"@type":"Article","@id":"https:\/\/www.organisator.ch\/sustainability\/2016-01-07\/umweltpreis-2016-biokunststoff-pv-elemente-und-heiz-kuehlsystem-nominiert\/#article","isPartOf":{"@id":"https:\/\/www.organisator.ch\/sustainability\/2016-01-07\/umweltpreis-2016-biokunststoff-pv-elemente-und-heiz-kuehlsystem-nominiert\/"},"author":{"name":"admin","@id":"https:\/\/www.organisator.ch\/#\/schema\/person\/aa2bace6c5c5aad60102004a50c4eb1c"},"headline":"Umweltpreis 2016: Biokunststoff, PV-Elemente und Heiz-\/K\u00fchlsystem nominiert","datePublished":"2016-01-07T10:59:21+00:00","dateModified":"2022-02-09T10:10:15+00:00","mainEntityOfPage":{"@id":"https:\/\/www.organisator.ch\/sustainability\/2016-01-07\/umweltpreis-2016-biokunststoff-pv-elemente-und-heiz-kuehlsystem-nominiert\/"},"wordCount":734,"commentCount":0,"publisher":{"@id":"https:\/\/www.organisator.ch\/#organization"},"image":{"@id":"https:\/\/www.organisator.ch\/sustainability\/2016-01-07\/umweltpreis-2016-biokunststoff-pv-elemente-und-heiz-kuehlsystem-nominiert\/#primaryimage"},"thumbnailUrl":"https:\/\/www.organisator.ch\/wp-content\/uploads\/2016\/12\/Umweltpreis-2016-Biokunststoff-PV-Elemente-und-Heiz-Kuehlsystem-nominiert-umweltperspektiven-scaled.jpg","articleSection":["SUSTAINABILITY"],"inLanguage":"fr-FR"},{"@type":"WebPage","@id":"https:\/\/www.organisator.ch\/sustainability\/2016-01-07\/umweltpreis-2016-biokunststoff-pv-elemente-und-heiz-kuehlsystem-nominiert\/","url":"https:\/\/www.organisator.ch\/sustainability\/2016-01-07\/umweltpreis-2016-biokunststoff-pv-elemente-und-heiz-kuehlsystem-nominiert\/","name":"Prix de l'environnement 2016 : bioplastique, \u00e9l\u00e9ments PV et syst\u00e8me de chauffage\/refroidissement nomin\u00e9s - Organisateur","isPartOf":{"@id":"https:\/\/www.organisator.ch\/#website"},"primaryImageOfPage":{"@id":"https:\/\/www.organisator.ch\/sustainability\/2016-01-07\/umweltpreis-2016-biokunststoff-pv-elemente-und-heiz-kuehlsystem-nominiert\/#primaryimage"},"image":{"@id":"https:\/\/www.organisator.ch\/sustainability\/2016-01-07\/umweltpreis-2016-biokunststoff-pv-elemente-und-heiz-kuehlsystem-nominiert\/#primaryimage"},"thumbnailUrl":"https:\/\/www.organisator.ch\/wp-content\/uploads\/2016\/12\/Umweltpreis-2016-Biokunststoff-PV-Elemente-und-Heiz-Kuehlsystem-nominiert-umweltperspektiven-scaled.jpg","datePublished":"2016-01-07T10:59:21+00:00","dateModified":"2022-02-09T10:10:15+00:00","description":"Trois projets innovants ont \u00e9t\u00e9 nomin\u00e9s pour le Prix Suisse de l'Environnement 2016. La remise des prix aura lieu le 12 janvier \u00e0 la Swissbau.","breadcrumb":{"@id":"https:\/\/www.organisator.ch\/sustainability\/2016-01-07\/umweltpreis-2016-biokunststoff-pv-elemente-und-heiz-kuehlsystem-nominiert\/#breadcrumb"},"inLanguage":"fr-FR","potentialAction":[{"@type":"ReadAction","target":["https:\/\/www.organisator.ch\/sustainability\/2016-01-07\/umweltpreis-2016-biokunststoff-pv-elemente-und-heiz-kuehlsystem-nominiert\/"]}]},{"@type":"ImageObject","inLanguage":"fr-FR","@id":"https:\/\/www.organisator.ch\/sustainability\/2016-01-07\/umweltpreis-2016-biokunststoff-pv-elemente-und-heiz-kuehlsystem-nominiert\/#primaryimage","url":"https:\/\/www.organisator.ch\/wp-content\/uploads\/2016\/12\/Umweltpreis-2016-Biokunststoff-PV-Elemente-und-Heiz-Kuehlsystem-nominiert-umweltperspektiven-scaled.jpg","contentUrl":"https:\/\/www.organisator.ch\/wp-content\/uploads\/2016\/12\/Umweltpreis-2016-Biokunststoff-PV-Elemente-und-Heiz-Kuehlsystem-nominiert-umweltperspektiven-scaled.jpg","width":2560,"height":1706,"caption":"Am 12. Januar wird an der Swissbau der diesj\u00e4hrige Sieger des Umweltpreises bekannt gegeben."},{"@type":"BreadcrumbList","@id":"https:\/\/www.organisator.ch\/sustainability\/2016-01-07\/umweltpreis-2016-biokunststoff-pv-elemente-und-heiz-kuehlsystem-nominiert\/#breadcrumb","itemListElement":[{"@type":"ListItem","position":1,"name":"Home","item":"https:\/\/www.organisator.ch\/"},{"@type":"ListItem","position":2,"name":"Umweltpreis 2016: Biokunststoff, PV-Elemente und Heiz-\/K\u00fchlsystem nominiert"}]},{"@type":"WebSite","@id":"https:\/\/www.organisator.ch\/#website","url":"https:\/\/www.organisator.ch\/","name":"Organisateur","description":"Comp\u00e9tence et comp\u00e9tence. Proches de la pratique. L'ORGANISATEUR pr\u00e9pare 10 num\u00e9ros par an sur les th\u00e8mes essentiels pour les dirigeants de PME.","publisher":{"@id":"https:\/\/www.organisator.ch\/#organization"},"potentialAction":[{"@type":"SearchAction","target":{"@type":"EntryPoint","urlTemplate":"https:\/\/www.organisator.ch\/?s={search_term_string}"},"query-input":{"@type":"PropertyValueSpecification","valueRequired":true,"valueName":"search_term_string"}}],"inLanguage":"fr-FR"},{"@type":"Organization","@id":"https:\/\/www.organisator.ch\/#organization","name":"Organisateur","url":"https:\/\/www.organisator.ch\/","logo":{"@type":"ImageObject","inLanguage":"fr-FR","@id":"https:\/\/www.organisator.ch\/#\/schema\/logo\/image\/","url":"https:\/\/www.organisator.ch\/wp-content\/uploads\/2022\/01\/Logo_Organisator_Website.png","contentUrl":"https:\/\/www.organisator.ch\/wp-content\/uploads\/2022\/01\/Logo_Organisator_Website.png","width":800,"height":77,"caption":"Organisator"},"image":{"@id":"https:\/\/www.organisator.ch\/#\/schema\/logo\/image\/"},"sameAs":["https:\/\/www.facebook.com\/OrganisatorFachmagazin","https:\/\/www.linkedin.com\/showcase\/organisator-das-magazin-fr-kmu","https:\/\/www.xing.com\/news\/pages\/organisator-ch-695","https:\/\/www.youtube.com\/channel\/UCGP2Sq0iWaZwT3BdIAQFYpw"]},{"@type":"Person","@id":"https:\/\/www.organisator.ch\/#\/schema\/person\/aa2bace6c5c5aad60102004a50c4eb1c","name":"admin","image":{"@type":"ImageObject","inLanguage":"fr-FR","@id":"https:\/\/secure.gravatar.com\/avatar\/ae2f4d718e6c49043e314ce431e7e645d646302a24a5ef5a8bc8e3f5a032e319?s=96&d=mm&r=g","url":"https:\/\/secure.gravatar.com\/avatar\/ae2f4d718e6c49043e314ce431e7e645d646302a24a5ef5a8bc8e3f5a032e319?s=96&d=mm&r=g","contentUrl":"https:\/\/secure.gravatar.com\/avatar\/ae2f4d718e6c49043e314ce431e7e645d646302a24a5ef5a8bc8e3f5a032e319?s=96&d=mm&r=g","caption":"admin"},"sameAs":["https:\/\/www.organisator.ch"],"url":"https:\/\/www.organisator.ch\/fr\/author\/admin\/"}]}},"_links":{"self":[{"href":"https:\/\/www.organisator.ch\/fr\/wp-json\/wp\/v2\/posts\/133","targetHints":{"allow":["GET"]}}],"collection":[{"href":"https:\/\/www.organisator.ch\/fr\/wp-json\/wp\/v2\/posts"}],"about":[{"href":"https:\/\/www.organisator.ch\/fr\/wp-json\/wp\/v2\/types\/post"}],"author":[{"embeddable":true,"href":"https:\/\/www.organisator.ch\/fr\/wp-json\/wp\/v2\/users\/1"}],"replies":[{"embeddable":true,"href":"https:\/\/www.organisator.ch\/fr\/wp-json\/wp\/v2\/comments?post=133"}],"version-history":[{"count":1,"href":"https:\/\/www.organisator.ch\/fr\/wp-json\/wp\/v2\/posts\/133\/revisions"}],"predecessor-version":[{"id":10975,"href":"https:\/\/www.organisator.ch\/fr\/wp-json\/wp\/v2\/posts\/133\/revisions\/10975"}],"wp:featuredmedia":[{"embeddable":true,"href":"https:\/\/www.organisator.ch\/fr\/wp-json\/wp\/v2\/media\/134"}],"wp:attachment":[{"href":"https:\/\/www.organisator.ch\/fr\/wp-json\/wp\/v2\/media?parent=133"}],"wp:term":[{"taxonomy":"category","embeddable":true,"href":"https:\/\/www.organisator.ch\/fr\/wp-json\/wp\/v2\/categories?post=133"},{"taxonomy":"post_tag","embeddable":true,"href":"https:\/\/www.organisator.ch\/fr\/wp-json\/wp\/v2\/tags?post=133"}],"curies":[{"name":"wp","href":"https:\/\/api.w.org\/{rel}","templated":true}]}}