{"id":1340,"date":"2017-11-08T12:00:32","date_gmt":"2017-11-08T11:00:32","guid":{"rendered":"https:\/\/www.umweltperspektiven.ch\/?p=1340"},"modified":"2022-02-09T11:06:55","modified_gmt":"2022-02-09T10:06:55","slug":"bonner-weltklimakonferenz-setzt-logistische-massstaebe","status":"publish","type":"post","link":"https:\/\/www.organisator.ch\/fr\/sustainability\/2017-11-08\/bonner-weltklimakonferenz-setzt-logistische-massstaebe\/","title":{"rendered":"La conf\u00e9rence mondiale sur le climat pose des jalons logistiques"},"content":{"rendered":"<figure id=\"attachment_1341\" aria-describedby=\"caption-attachment-1341\" style=\"width: 640px\" class=\"wp-caption alignnone\"><img loading=\"lazy\" decoding=\"async\" class=\"size-full wp-image-1341\" src=\"\/\/www.umweltperspektiven.ch\/wp-content\/uploads\/2017\/11\/Weltklimakonferenz-setzt-logistische-Massst\u00e4be-up-umweltperspektiven.jpg\" alt=\"\" width=\"640\" height=\"472\" \/><figcaption id=\"caption-attachment-1341\" class=\"wp-caption-text\">La \"Bonn Zone\" sur le site de la Conf\u00e9rence mondiale sur le climat \u00e0 Bonn, o\u00f9 l'autorit\u00e9 f\u00e9d\u00e9rale allemande met l'accent sur une gestion environnementale compr\u00e9hensible et claire. (Photo : BMUB\/Dominik Ketz)<\/figcaption><\/figure>\n<p>La conf\u00e9rence mondiale sur le climat de Bonn est en soi une manifestation de grande envergure, qui r\u00e9unit sous son toit quelque 25 000 personnes de pays et de cultures diff\u00e9rents.  Outre les th\u00e8mes urgents de la politique environnementale qui figurent \u00e0 l'agenda de la protection de l'environnement, les participants \u00e0 la conf\u00e9rence et les collaborateurs eux-m\u00eames ont \u00e9t\u00e9 invit\u00e9s \u00e0 g\u00e9rer les ressources de mani\u00e8re cibl\u00e9e.<\/p>\n<p>Comme l'a annonc\u00e9 le minist\u00e8re f\u00e9d\u00e9ral de l'Environnement, de la Protection de la nature, de la Construction et de la S\u00fbret\u00e9 nucl\u00e9aire (en abr\u00e9g\u00e9 BMUB) \u00e0 l'occasion de l'ouverture de la COP 23, la 23e conf\u00e9rence mondiale sur le climat, non seulement les plus hautes autorit\u00e9s f\u00e9d\u00e9rales de la R\u00e9publique f\u00e9d\u00e9rale d'Allemagne, mais aussi tous les th\u00e8mes de la conf\u00e9rence re\u00e7oivent des repas majoritairement v\u00e9g\u00e9tariens avec une part importante de produits bio et r\u00e9gionaux.<\/p>\n<p>Tous les domaines tels que la mobilit\u00e9, la consommation d'\u00e9nergie et d'eau, le recyclage, la consommation de papier, la production de d\u00e9chets et l'h\u00e9bergement sous tente seront coordonn\u00e9s.  Les \u00e9missions de CO2 qui ne peuvent pas \u00eatre \u00e9vit\u00e9es - par exemple en raison des d\u00e9placements des d\u00e9l\u00e9gu\u00e9s - doivent ensuite \u00eatre compens\u00e9es.<\/p>\n<p>Les d\u00e9fis de tous les contractants et fournisseurs de la COP en d\u00e9tail :<\/p>\n<p><strong>Approvisionnement durable<\/strong><\/p>\n<p>Dans la mesure du possible, des mat\u00e9riaux recycl\u00e9s, recyclables ou r\u00e9utilisables sont utilis\u00e9s. Cet objectif s'applique aussi bien aux constructions temporaires qu'au mat\u00e9riel de conf\u00e9rence, des badges aux bouteilles d'eau. Les plus de 95 fournisseurs et prestataires de services sont invit\u00e9s \u00e0 approuver un code de durabilit\u00e9 pour la COP 23, bas\u00e9 sur un code des Nations unies d\u00e9j\u00e0 appliqu\u00e9.<\/p>\n<p>En compl\u00e9ment, il existe des directives de durabilit\u00e9 sp\u00e9cialement d\u00e9velopp\u00e9es pour la COP pour les exposants, les organisateurs de pavillons et les constructeurs de stands de pavillons. Le respect de l'environnement a \u00e9galement \u00e9t\u00e9 pris en compte dans l'\u00e9quipement des 650 b\u00e9n\u00e9voles.<\/p>\n<p><strong>R\u00e9duire au maximum les d\u00e9chets<\/strong><\/p>\n<p>Pr\u00e8s de 50 fontaines d'eau potable gratuites sont disponibles sur l'ensemble du site. Chaque participant \u00e0 la conf\u00e9rence re\u00e7oit sa propre bouteille d'eau. Cela permet \u00e0 lui seul d'\u00e9conomiser plus d'un demi-million de gobelets en plastique. La conf\u00e9rence utilise en outre largement des documents \u00e9lectroniques et \u00e9vite ainsi l'impression de documents de conf\u00e9rence. La r\u00e9duction des d\u00e9chets est \u00e9galement pr\u00e9vue pour les repas. L'utilisation de vaisselle r\u00e9utilisable en fait partie.<\/p>\n<p>Les moquettes et les dalles de moquette provenant des tentes de la zone de Bonn sont transform\u00e9es - dans la mesure o\u00f9 une r\u00e9utilisation n'est pas possible - pour la fabrication de v\u00eatements, de chaussures, de tapis de sol pour voitures ou encore de produits en feutre.<\/p>\n<p><strong>Restauration respectueuse du climat<\/strong><\/p>\n<p>Le service de restauration de la conf\u00e9rence mondiale sur le climat propose principalement des plats v\u00e9g\u00e9tariens. Au moins 50 pour cent des plats propos\u00e9s sont certifi\u00e9s bio. La viande et le poisson sont exclusivement certifi\u00e9s bio. Au moins 20 pour cent des plats proviendront de la r\u00e9gion. Certains produits de restauration seront en outre issus \u00e0 100 pour cent du commerce \u00e9quitable, par exemple le caf\u00e9, le th\u00e9 et le chocolat.<\/p>\n<p><strong>Mobilit\u00e9 respectueuse du climat<\/strong><\/p>\n<p>Des navettes \u00e9lectriques gratuites seront mises \u00e0 la disposition des participants \u00e0 la conf\u00e9rence entre les deux sites de la conf\u00e9rence, la zone de Bonn et la zone de Bula. L'utilisation des transports publics dans la zone de Bonn est gratuite pour tous les d\u00e9l\u00e9gu\u00e9s et les organisations d'observateurs accr\u00e9dit\u00e9s ainsi que pour les journalistes pendant la COP 23. La flotte de bus comprend une quinzaine de bus \u00e0 propulsion alternative.<\/p>\n<p>Une navette dans la plaine alluviale du Rhin avec de petits bus \u00e9lectriques et \u00e0 pile \u00e0 combustible est \u00e0 la disposition des participants entre la zone de Bonn et celle de Bula. De plus, 600 v\u00e9los utilisables gratuitement peuvent \u00eatre utilis\u00e9s pour faire la navette entre les zones, pour se rendre \u00e0 l'h\u00f4tel ou m\u00eame en ville.<\/p>\n<p><strong>Approvisionnement en \u00e9nergie et efficacit\u00e9 \u00e9nerg\u00e9tique<\/strong><\/p>\n<p>Tous les espaces int\u00e9rieurs doivent \u00eatre maintenus \u00e0 une temp\u00e9rature moyenne de 21 degr\u00e9s Celsius et pas plus. Les participants et les b\u00e9n\u00e9voles seront impliqu\u00e9s et invit\u00e9s \u00e0 adopter un comportement \u00e9conome en \u00e9nergie. Cela inclut l'\u00e9clairage des locaux et l'utilisation des technologies de l'information et de la communication - les appareils TIC, qui doivent \u00eatre \u00e9teints lorsqu'ils ne sont pas utilis\u00e9s.<\/p>\n<p>Outre la maximisation de l'efficacit\u00e9 \u00e9nerg\u00e9tique, les organisateurs de la COP veillent \u00e0 ce que l'\u00e9nergie utilis\u00e9e dans les b\u00e2timents provienne autant que possible de sources renouvelables. L'\u00e9lectricit\u00e9 utilis\u00e9e par les navettes \u00e9lectriques des services municipaux de Bonn est produite \u00e0 100 % \u00e0 partir d'\u00e9nergies renouvelables. Pour l'approvisionnement de la conf\u00e9rence, on vise au moins 80 pour cent d'\u00e9nergies renouvelables.<\/p>\n<p><strong>Compensation<\/strong><\/p>\n<p>Les gaz \u00e0 effet de serre in\u00e9vitables, produits principalement par les trajets aller et retour, seront compens\u00e9s par des certificats de r\u00e9duction des \u00e9missions de CO2 de haute qualit\u00e9 issus de projets internationaux de protection du climat. L'Agence f\u00e9d\u00e9rale de l'environnement publie aujourd'hui un appel d'offres \u00e0 cet effet. Sont recherch\u00e9s des projets ambitieux qui, outre une r\u00e9duction suppl\u00e9mentaire des \u00e9missions, ont un impact \u00e9lev\u00e9 sur la durabilit\u00e9 dans le pays o\u00f9 se d\u00e9roule le projet.<\/p>\n<p>En signe de partenariat avec les Fidji pour la COP, un accent r\u00e9gional sera mis sur les petits \u00c9tats insulaires en d\u00e9veloppement (SIDS, Small Island Developing States) pour l'achat de certificats. Le gouvernement f\u00e9d\u00e9ral ach\u00e8tera alors des certificats \u00e0 ces projets dans la mesure o\u00f9 la conf\u00e9rence de Bonn a g\u00e9n\u00e9r\u00e9 des gaz \u00e0 effet de serre.<\/p>\n<p><em><strong>Certification EMAS<\/strong><\/em><\/p>\n<p><em>Les diff\u00e9rents aspects environnementaux de la conf\u00e9rence mondiale sur le climat sont v\u00e9rifi\u00e9s par un \u00e9valuateur ind\u00e9pendant pendant la COP 23. Le certificat EMAS a \u00e9t\u00e9 remis au minist\u00e8re f\u00e9d\u00e9ral de l'environnement et \u00e0 la CCNUCC le 17 novembre 2017, \u00e0 la fin de la conf\u00e9rence, apr\u00e8s que l'\u00e9valuation sur place ait \u00e9t\u00e9 men\u00e9e \u00e0 bien. Il s'ensuit toutefois une analyse de toutes les donn\u00e9es environnementales collect\u00e9es, qui permettent une comparaison d\u00e9finie des objectifs.<\/em><\/p>\n<p><em><strong>Appel d'offres pour les certificats de r\u00e9duction des \u00e9missions : <\/strong>L'appel d'offres pour l'acquisition des certificats de r\u00e9duction des \u00e9missions est publi\u00e9 sur le site web de l'UBA sous le num\u00e9ro de projet 96539 (formellement, cela signifie que les documents sont publi\u00e9s depuis le 6 novembre 2017 pour le processus \u00e0 l'\u00e9chelle europ\u00e9enne).<\/em><\/p>\n<p><a href=\"\/\/www.umweltbundesamt.de\">http:\/\/www.umweltbundesamt.de<\/a><\/p>","protected":false},"excerpt":{"rendered":"<p>Die Weltklimakonferenz in Bonn ist an sich ist eine Grossveranstaltung, die um 25&#8217;000 Menschen aus unterschiedlichen L\u00e4ndern und Kulturen unter seinem Dach versammelt. \u00a0Neben dringlichen umweltpolitischen Themen, die auf der Umweltschutzagenda stehen, \u00a0waren auch die Konferenz-Teilnehmenden und Mitarbeitenden selbst aufgefordert, mit Ressourcen gezielt umzugehen. Wie das Bundesministerium f\u00fcr Umwelt, Naturschutz, Bau und Reaktorsicherheit (kurz BMUB) [&hellip;]<\/p>\n","protected":false},"author":5,"featured_media":1341,"comment_status":"open","ping_status":"open","sticky":false,"template":"","format":"standard","meta":{"_acf_changed":false,"_yoast_wpseo_focuskw":"Weltklimakonferenz","_yoast_wpseo_metadesc":"Die Weltklimakonferenz soll Massst\u00e4be in Sachen Umweltfreundlichkeit setzen. Alle Umweltauswirkungen der Veranstaltung werden analysiert.","articlekey":"","footnotes":""},"categories":[580],"tags":[1045,1049,328,2546],"class_list":["post-1340","post","type-post","status-publish","format-standard","has-post-thumbnail","hentry","category-sustainability","tag-emas-zertifizierung","tag-emissionsminderung","tag-logistik","tag-weltklimakonferenz"],"acf":[],"yoast_head":"<!-- This site is optimized with the Yoast SEO plugin v27.5 - https:\/\/yoast.com\/product\/yoast-seo-wordpress\/ -->\n<title>Weltklimakonferenz setzt logistische Massst\u00e4be - Organisator<\/title>\n<meta name=\"description\" content=\"Die Weltklimakonferenz soll Massst\u00e4be in Sachen Umweltfreundlichkeit setzen. Alle Umweltauswirkungen der Veranstaltung werden analysiert.\" \/>\n<meta name=\"robots\" content=\"index, follow, max-snippet:-1, max-image-preview:large, max-video-preview:-1\" \/>\n<link rel=\"canonical\" href=\"https:\/\/www.organisator.ch\/fr\/sustainability\/2017-11-08\/bonner-weltklimakonferenz-setzt-logistische-massstaebe\/\" \/>\n<meta property=\"og:locale\" content=\"fr_FR\" \/>\n<meta property=\"og:type\" content=\"article\" \/>\n<meta property=\"og:title\" content=\"Weltklimakonferenz setzt logistische Massst\u00e4be - Organisator\" \/>\n<meta property=\"og:description\" content=\"Die Weltklimakonferenz soll Massst\u00e4be in Sachen Umweltfreundlichkeit setzen. Alle Umweltauswirkungen der Veranstaltung werden analysiert.\" \/>\n<meta property=\"og:url\" content=\"https:\/\/www.organisator.ch\/fr\/sustainability\/2017-11-08\/bonner-weltklimakonferenz-setzt-logistische-massstaebe\/\" \/>\n<meta property=\"og:site_name\" content=\"Organisator\" \/>\n<meta property=\"article:publisher\" content=\"https:\/\/www.facebook.com\/OrganisatorFachmagazin\" \/>\n<meta property=\"article:published_time\" content=\"2017-11-08T11:00:32+00:00\" \/>\n<meta property=\"article:modified_time\" content=\"2022-02-09T10:06:55+00:00\" \/>\n<meta property=\"og:image\" content=\"https:\/\/www.organisator.ch\/wp-content\/uploads\/2017\/11\/Weltklimakonferenz-setzt-logistische-Massstaebe-up-umweltperspektiven.jpg\" \/>\n\t<meta property=\"og:image:width\" content=\"640\" \/>\n\t<meta property=\"og:image:height\" content=\"472\" \/>\n\t<meta property=\"og:image:type\" content=\"image\/jpeg\" \/>\n<meta name=\"author\" content=\"michael.merz\" \/>\n<meta name=\"twitter:card\" content=\"summary_large_image\" \/>\n<script type=\"application\/ld+json\" class=\"yoast-schema-graph\">{\"@context\":\"https:\\\/\\\/schema.org\",\"@graph\":[{\"@type\":\"Article\",\"@id\":\"https:\\\/\\\/www.organisator.ch\\\/sustainability\\\/2017-11-08\\\/bonner-weltklimakonferenz-setzt-logistische-massstaebe\\\/#article\",\"isPartOf\":{\"@id\":\"https:\\\/\\\/www.organisator.ch\\\/sustainability\\\/2017-11-08\\\/bonner-weltklimakonferenz-setzt-logistische-massstaebe\\\/\"},\"author\":{\"name\":\"michael.merz\",\"@id\":\"https:\\\/\\\/www.organisator.ch\\\/#\\\/schema\\\/person\\\/134708ca9321c57b0362cceb7948ffbd\"},\"headline\":\"Weltklimakonferenz setzt logistische Massst\u00e4be\",\"datePublished\":\"2017-11-08T11:00:32+00:00\",\"dateModified\":\"2022-02-09T10:06:55+00:00\",\"mainEntityOfPage\":{\"@id\":\"https:\\\/\\\/www.organisator.ch\\\/sustainability\\\/2017-11-08\\\/bonner-weltklimakonferenz-setzt-logistische-massstaebe\\\/\"},\"wordCount\":803,\"commentCount\":0,\"publisher\":{\"@id\":\"https:\\\/\\\/www.organisator.ch\\\/#organization\"},\"image\":{\"@id\":\"https:\\\/\\\/www.organisator.ch\\\/sustainability\\\/2017-11-08\\\/bonner-weltklimakonferenz-setzt-logistische-massstaebe\\\/#primaryimage\"},\"thumbnailUrl\":\"https:\\\/\\\/www.organisator.ch\\\/wp-content\\\/uploads\\\/2017\\\/11\\\/Weltklimakonferenz-setzt-logistische-Massstaebe-up-umweltperspektiven.jpg\",\"keywords\":[\"EMAS-Zertifizierung\",\"Emissionsminderung\",\"Logistik\",\"Weltklimakonferenz\"],\"articleSection\":[\"SUSTAINABILITY\"],\"inLanguage\":\"fr-FR\"},{\"@type\":\"WebPage\",\"@id\":\"https:\\\/\\\/www.organisator.ch\\\/sustainability\\\/2017-11-08\\\/bonner-weltklimakonferenz-setzt-logistische-massstaebe\\\/\",\"url\":\"https:\\\/\\\/www.organisator.ch\\\/sustainability\\\/2017-11-08\\\/bonner-weltklimakonferenz-setzt-logistische-massstaebe\\\/\",\"name\":\"Weltklimakonferenz setzt logistische Massst\u00e4be - Organisator\",\"isPartOf\":{\"@id\":\"https:\\\/\\\/www.organisator.ch\\\/#website\"},\"primaryImageOfPage\":{\"@id\":\"https:\\\/\\\/www.organisator.ch\\\/sustainability\\\/2017-11-08\\\/bonner-weltklimakonferenz-setzt-logistische-massstaebe\\\/#primaryimage\"},\"image\":{\"@id\":\"https:\\\/\\\/www.organisator.ch\\\/sustainability\\\/2017-11-08\\\/bonner-weltklimakonferenz-setzt-logistische-massstaebe\\\/#primaryimage\"},\"thumbnailUrl\":\"https:\\\/\\\/www.organisator.ch\\\/wp-content\\\/uploads\\\/2017\\\/11\\\/Weltklimakonferenz-setzt-logistische-Massstaebe-up-umweltperspektiven.jpg\",\"datePublished\":\"2017-11-08T11:00:32+00:00\",\"dateModified\":\"2022-02-09T10:06:55+00:00\",\"description\":\"Die Weltklimakonferenz soll Massst\u00e4be in Sachen Umweltfreundlichkeit setzen. Alle Umweltauswirkungen der Veranstaltung werden analysiert.\",\"breadcrumb\":{\"@id\":\"https:\\\/\\\/www.organisator.ch\\\/sustainability\\\/2017-11-08\\\/bonner-weltklimakonferenz-setzt-logistische-massstaebe\\\/#breadcrumb\"},\"inLanguage\":\"fr-FR\",\"potentialAction\":[{\"@type\":\"ReadAction\",\"target\":[\"https:\\\/\\\/www.organisator.ch\\\/sustainability\\\/2017-11-08\\\/bonner-weltklimakonferenz-setzt-logistische-massstaebe\\\/\"]}]},{\"@type\":\"ImageObject\",\"inLanguage\":\"fr-FR\",\"@id\":\"https:\\\/\\\/www.organisator.ch\\\/sustainability\\\/2017-11-08\\\/bonner-weltklimakonferenz-setzt-logistische-massstaebe\\\/#primaryimage\",\"url\":\"https:\\\/\\\/www.organisator.ch\\\/wp-content\\\/uploads\\\/2017\\\/11\\\/Weltklimakonferenz-setzt-logistische-Massstaebe-up-umweltperspektiven.jpg\",\"contentUrl\":\"https:\\\/\\\/www.organisator.ch\\\/wp-content\\\/uploads\\\/2017\\\/11\\\/Weltklimakonferenz-setzt-logistische-Massstaebe-up-umweltperspektiven.jpg\",\"width\":640,\"height\":472,\"caption\":\"Die \\\"Bonn Zone\\\" auf dem Gel\u00e4nde der Weltklimakonferenz in Bonn, wo die Deutsche Bundesbeh\u00f6rde verst\u00e4ndliches und \u00fcberschaubares Umweltmanagement gross schreibt. (Bild: BMUB\\\/Dominik Ketz)\"},{\"@type\":\"BreadcrumbList\",\"@id\":\"https:\\\/\\\/www.organisator.ch\\\/sustainability\\\/2017-11-08\\\/bonner-weltklimakonferenz-setzt-logistische-massstaebe\\\/#breadcrumb\",\"itemListElement\":[{\"@type\":\"ListItem\",\"position\":1,\"name\":\"Home\",\"item\":\"https:\\\/\\\/www.organisator.ch\\\/\"},{\"@type\":\"ListItem\",\"position\":2,\"name\":\"Weltklimakonferenz setzt logistische Massst\u00e4be\"}]},{\"@type\":\"WebSite\",\"@id\":\"https:\\\/\\\/www.organisator.ch\\\/#website\",\"url\":\"https:\\\/\\\/www.organisator.ch\\\/\",\"name\":\"Organisator\",\"description\":\"Kompetent. Praxisnah. Der ORGANISATOR bereitet in 10 Ausgaben pro Jahr die wesentlichen Themen f\u00fcr F\u00fchrungskr\u00e4fte von KMU auf.\",\"publisher\":{\"@id\":\"https:\\\/\\\/www.organisator.ch\\\/#organization\"},\"potentialAction\":[{\"@type\":\"SearchAction\",\"target\":{\"@type\":\"EntryPoint\",\"urlTemplate\":\"https:\\\/\\\/www.organisator.ch\\\/?s={search_term_string}\"},\"query-input\":{\"@type\":\"PropertyValueSpecification\",\"valueRequired\":true,\"valueName\":\"search_term_string\"}}],\"inLanguage\":\"fr-FR\"},{\"@type\":\"Organization\",\"@id\":\"https:\\\/\\\/www.organisator.ch\\\/#organization\",\"name\":\"Organisator\",\"url\":\"https:\\\/\\\/www.organisator.ch\\\/\",\"logo\":{\"@type\":\"ImageObject\",\"inLanguage\":\"fr-FR\",\"@id\":\"https:\\\/\\\/www.organisator.ch\\\/#\\\/schema\\\/logo\\\/image\\\/\",\"url\":\"https:\\\/\\\/www.organisator.ch\\\/wp-content\\\/uploads\\\/2022\\\/01\\\/Logo_Organisator_Website.png\",\"contentUrl\":\"https:\\\/\\\/www.organisator.ch\\\/wp-content\\\/uploads\\\/2022\\\/01\\\/Logo_Organisator_Website.png\",\"width\":800,\"height\":77,\"caption\":\"Organisator\"},\"image\":{\"@id\":\"https:\\\/\\\/www.organisator.ch\\\/#\\\/schema\\\/logo\\\/image\\\/\"},\"sameAs\":[\"https:\\\/\\\/www.facebook.com\\\/OrganisatorFachmagazin\",\"https:\\\/\\\/www.linkedin.com\\\/showcase\\\/organisator-das-magazin-fr-kmu\",\"https:\\\/\\\/www.xing.com\\\/news\\\/pages\\\/organisator-ch-695\",\"https:\\\/\\\/www.youtube.com\\\/channel\\\/UCGP2Sq0iWaZwT3BdIAQFYpw\"]},{\"@type\":\"Person\",\"@id\":\"https:\\\/\\\/www.organisator.ch\\\/#\\\/schema\\\/person\\\/134708ca9321c57b0362cceb7948ffbd\",\"name\":\"michael.merz\",\"image\":{\"@type\":\"ImageObject\",\"inLanguage\":\"fr-FR\",\"@id\":\"https:\\\/\\\/secure.gravatar.com\\\/avatar\\\/?s=96&d=mm&r=g\",\"url\":\"https:\\\/\\\/secure.gravatar.com\\\/avatar\\\/?s=96&d=mm&r=g\",\"contentUrl\":\"https:\\\/\\\/secure.gravatar.com\\\/avatar\\\/?s=96&d=mm&r=g\",\"caption\":\"michael.merz\"},\"url\":\"https:\\\/\\\/www.organisator.ch\\\/fr\\\/author\\\/michael-merz\\\/\"}]}<\/script>\n<!-- \/ Yoast SEO plugin. -->","yoast_head_json":{"title":"La conf\u00e9rence mondiale sur le climat pose des jalons logistiques - Organisateur","description":"La conf\u00e9rence mondiale sur le climat doit servir de r\u00e9f\u00e9rence en mati\u00e8re de respect de l'environnement. Tous les impacts environnementaux de l'\u00e9v\u00e9nement seront analys\u00e9s.","robots":{"index":"index","follow":"follow","max-snippet":"max-snippet:-1","max-image-preview":"max-image-preview:large","max-video-preview":"max-video-preview:-1"},"canonical":"https:\/\/www.organisator.ch\/fr\/sustainability\/2017-11-08\/bonner-weltklimakonferenz-setzt-logistische-massstaebe\/","og_locale":"fr_FR","og_type":"article","og_title":"Weltklimakonferenz setzt logistische Massst\u00e4be - Organisator","og_description":"Die Weltklimakonferenz soll Massst\u00e4be in Sachen Umweltfreundlichkeit setzen. Alle Umweltauswirkungen der Veranstaltung werden analysiert.","og_url":"https:\/\/www.organisator.ch\/fr\/sustainability\/2017-11-08\/bonner-weltklimakonferenz-setzt-logistische-massstaebe\/","og_site_name":"Organisator","article_publisher":"https:\/\/www.facebook.com\/OrganisatorFachmagazin","article_published_time":"2017-11-08T11:00:32+00:00","article_modified_time":"2022-02-09T10:06:55+00:00","og_image":[{"width":640,"height":472,"url":"https:\/\/www.organisator.ch\/wp-content\/uploads\/2017\/11\/Weltklimakonferenz-setzt-logistische-Massstaebe-up-umweltperspektiven.jpg","type":"image\/jpeg"}],"author":"michael.merz","twitter_card":"summary_large_image","schema":{"@context":"https:\/\/schema.org","@graph":[{"@type":"Article","@id":"https:\/\/www.organisator.ch\/sustainability\/2017-11-08\/bonner-weltklimakonferenz-setzt-logistische-massstaebe\/#article","isPartOf":{"@id":"https:\/\/www.organisator.ch\/sustainability\/2017-11-08\/bonner-weltklimakonferenz-setzt-logistische-massstaebe\/"},"author":{"name":"michael.merz","@id":"https:\/\/www.organisator.ch\/#\/schema\/person\/134708ca9321c57b0362cceb7948ffbd"},"headline":"Weltklimakonferenz setzt logistische Massst\u00e4be","datePublished":"2017-11-08T11:00:32+00:00","dateModified":"2022-02-09T10:06:55+00:00","mainEntityOfPage":{"@id":"https:\/\/www.organisator.ch\/sustainability\/2017-11-08\/bonner-weltklimakonferenz-setzt-logistische-massstaebe\/"},"wordCount":803,"commentCount":0,"publisher":{"@id":"https:\/\/www.organisator.ch\/#organization"},"image":{"@id":"https:\/\/www.organisator.ch\/sustainability\/2017-11-08\/bonner-weltklimakonferenz-setzt-logistische-massstaebe\/#primaryimage"},"thumbnailUrl":"https:\/\/www.organisator.ch\/wp-content\/uploads\/2017\/11\/Weltklimakonferenz-setzt-logistische-Massstaebe-up-umweltperspektiven.jpg","keywords":["EMAS-Zertifizierung","Emissionsminderung","Logistik","Weltklimakonferenz"],"articleSection":["SUSTAINABILITY"],"inLanguage":"fr-FR"},{"@type":"WebPage","@id":"https:\/\/www.organisator.ch\/sustainability\/2017-11-08\/bonner-weltklimakonferenz-setzt-logistische-massstaebe\/","url":"https:\/\/www.organisator.ch\/sustainability\/2017-11-08\/bonner-weltklimakonferenz-setzt-logistische-massstaebe\/","name":"La conf\u00e9rence mondiale sur le climat pose des jalons logistiques - Organisateur","isPartOf":{"@id":"https:\/\/www.organisator.ch\/#website"},"primaryImageOfPage":{"@id":"https:\/\/www.organisator.ch\/sustainability\/2017-11-08\/bonner-weltklimakonferenz-setzt-logistische-massstaebe\/#primaryimage"},"image":{"@id":"https:\/\/www.organisator.ch\/sustainability\/2017-11-08\/bonner-weltklimakonferenz-setzt-logistische-massstaebe\/#primaryimage"},"thumbnailUrl":"https:\/\/www.organisator.ch\/wp-content\/uploads\/2017\/11\/Weltklimakonferenz-setzt-logistische-Massstaebe-up-umweltperspektiven.jpg","datePublished":"2017-11-08T11:00:32+00:00","dateModified":"2022-02-09T10:06:55+00:00","description":"La conf\u00e9rence mondiale sur le climat doit servir de r\u00e9f\u00e9rence en mati\u00e8re de respect de l'environnement. Tous les impacts environnementaux de l'\u00e9v\u00e9nement seront analys\u00e9s.","breadcrumb":{"@id":"https:\/\/www.organisator.ch\/sustainability\/2017-11-08\/bonner-weltklimakonferenz-setzt-logistische-massstaebe\/#breadcrumb"},"inLanguage":"fr-FR","potentialAction":[{"@type":"ReadAction","target":["https:\/\/www.organisator.ch\/sustainability\/2017-11-08\/bonner-weltklimakonferenz-setzt-logistische-massstaebe\/"]}]},{"@type":"ImageObject","inLanguage":"fr-FR","@id":"https:\/\/www.organisator.ch\/sustainability\/2017-11-08\/bonner-weltklimakonferenz-setzt-logistische-massstaebe\/#primaryimage","url":"https:\/\/www.organisator.ch\/wp-content\/uploads\/2017\/11\/Weltklimakonferenz-setzt-logistische-Massstaebe-up-umweltperspektiven.jpg","contentUrl":"https:\/\/www.organisator.ch\/wp-content\/uploads\/2017\/11\/Weltklimakonferenz-setzt-logistische-Massstaebe-up-umweltperspektiven.jpg","width":640,"height":472,"caption":"Die \"Bonn Zone\" auf dem Gel\u00e4nde der Weltklimakonferenz in Bonn, wo die Deutsche Bundesbeh\u00f6rde verst\u00e4ndliches und \u00fcberschaubares Umweltmanagement gross schreibt. (Bild: BMUB\/Dominik Ketz)"},{"@type":"BreadcrumbList","@id":"https:\/\/www.organisator.ch\/sustainability\/2017-11-08\/bonner-weltklimakonferenz-setzt-logistische-massstaebe\/#breadcrumb","itemListElement":[{"@type":"ListItem","position":1,"name":"Home","item":"https:\/\/www.organisator.ch\/"},{"@type":"ListItem","position":2,"name":"Weltklimakonferenz setzt logistische Massst\u00e4be"}]},{"@type":"WebSite","@id":"https:\/\/www.organisator.ch\/#website","url":"https:\/\/www.organisator.ch\/","name":"Organisateur","description":"Comp\u00e9tence et comp\u00e9tence. Proches de la pratique. L'ORGANISATEUR pr\u00e9pare 10 num\u00e9ros par an sur les th\u00e8mes essentiels pour les dirigeants de PME.","publisher":{"@id":"https:\/\/www.organisator.ch\/#organization"},"potentialAction":[{"@type":"SearchAction","target":{"@type":"EntryPoint","urlTemplate":"https:\/\/www.organisator.ch\/?s={search_term_string}"},"query-input":{"@type":"PropertyValueSpecification","valueRequired":true,"valueName":"search_term_string"}}],"inLanguage":"fr-FR"},{"@type":"Organization","@id":"https:\/\/www.organisator.ch\/#organization","name":"Organisateur","url":"https:\/\/www.organisator.ch\/","logo":{"@type":"ImageObject","inLanguage":"fr-FR","@id":"https:\/\/www.organisator.ch\/#\/schema\/logo\/image\/","url":"https:\/\/www.organisator.ch\/wp-content\/uploads\/2022\/01\/Logo_Organisator_Website.png","contentUrl":"https:\/\/www.organisator.ch\/wp-content\/uploads\/2022\/01\/Logo_Organisator_Website.png","width":800,"height":77,"caption":"Organisator"},"image":{"@id":"https:\/\/www.organisator.ch\/#\/schema\/logo\/image\/"},"sameAs":["https:\/\/www.facebook.com\/OrganisatorFachmagazin","https:\/\/www.linkedin.com\/showcase\/organisator-das-magazin-fr-kmu","https:\/\/www.xing.com\/news\/pages\/organisator-ch-695","https:\/\/www.youtube.com\/channel\/UCGP2Sq0iWaZwT3BdIAQFYpw"]},{"@type":"Person","@id":"https:\/\/www.organisator.ch\/#\/schema\/person\/134708ca9321c57b0362cceb7948ffbd","name":"michael.merz","image":{"@type":"ImageObject","inLanguage":"fr-FR","@id":"https:\/\/secure.gravatar.com\/avatar\/?s=96&d=mm&r=g","url":"https:\/\/secure.gravatar.com\/avatar\/?s=96&d=mm&r=g","contentUrl":"https:\/\/secure.gravatar.com\/avatar\/?s=96&d=mm&r=g","caption":"michael.merz"},"url":"https:\/\/www.organisator.ch\/fr\/author\/michael-merz\/"}]}},"_links":{"self":[{"href":"https:\/\/www.organisator.ch\/fr\/wp-json\/wp\/v2\/posts\/1340","targetHints":{"allow":["GET"]}}],"collection":[{"href":"https:\/\/www.organisator.ch\/fr\/wp-json\/wp\/v2\/posts"}],"about":[{"href":"https:\/\/www.organisator.ch\/fr\/wp-json\/wp\/v2\/types\/post"}],"author":[{"embeddable":true,"href":"https:\/\/www.organisator.ch\/fr\/wp-json\/wp\/v2\/users\/5"}],"replies":[{"embeddable":true,"href":"https:\/\/www.organisator.ch\/fr\/wp-json\/wp\/v2\/comments?post=1340"}],"version-history":[{"count":1,"href":"https:\/\/www.organisator.ch\/fr\/wp-json\/wp\/v2\/posts\/1340\/revisions"}],"predecessor-version":[{"id":10721,"href":"https:\/\/www.organisator.ch\/fr\/wp-json\/wp\/v2\/posts\/1340\/revisions\/10721"}],"wp:featuredmedia":[{"embeddable":true,"href":"https:\/\/www.organisator.ch\/fr\/wp-json\/wp\/v2\/media\/1341"}],"wp:attachment":[{"href":"https:\/\/www.organisator.ch\/fr\/wp-json\/wp\/v2\/media?parent=1340"}],"wp:term":[{"taxonomy":"category","embeddable":true,"href":"https:\/\/www.organisator.ch\/fr\/wp-json\/wp\/v2\/categories?post=1340"},{"taxonomy":"post_tag","embeddable":true,"href":"https:\/\/www.organisator.ch\/fr\/wp-json\/wp\/v2\/tags?post=1340"}],"curies":[{"name":"wp","href":"https:\/\/api.w.org\/{rel}","templated":true}]}}