{"id":1352,"date":"2017-01-12T17:02:00","date_gmt":"2017-01-12T16:02:00","guid":{"rendered":"https:\/\/organisator.ch\/?p=1352"},"modified":"2017-01-12T17:02:00","modified_gmt":"2017-01-12T16:02:00","slug":"alpensymposium-2017-trumputin-brexit-und-populismus","status":"publish","type":"post","link":"https:\/\/www.organisator.ch\/fr\/allgemein\/2017-01-12\/alpensymposium-2017-trumputin-brexit-und-populismus\/","title":{"rendered":"Symposium alpin 2017 : Trumpoutine, Brexit et populisme"},"content":{"rendered":"<figure id=\"attachment_1355\" aria-describedby=\"caption-attachment-1355\" style=\"width: 640px\" class=\"wp-caption alignnone\"><img loading=\"lazy\" decoding=\"async\" class=\"size-full wp-image-1355\" src=\"https:\/\/www.organisator.ch\/wp-content\/uploads\/2017\/01\/Alpensymposium-2017-Trumputin-Brexit-und-Populismus_Organisator.jpg\" alt=\"\" width=\"640\" height=\"475\" srcset=\"https:\/\/www.organisator.ch\/wp-content\/uploads\/2017\/01\/Alpensymposium-2017-Trumputin-Brexit-und-Populismus_Organisator.jpg 640w, https:\/\/www.organisator.ch\/wp-content\/uploads\/2017\/01\/Alpensymposium-2017-Trumputin-Brexit-und-Populismus_Organisator-16x12.jpg 16w, https:\/\/www.organisator.ch\/wp-content\/uploads\/2017\/01\/Alpensymposium-2017-Trumputin-Brexit-und-Populismus_Organisator-236x175.jpg 236w, https:\/\/www.organisator.ch\/wp-content\/uploads\/2017\/01\/Alpensymposium-2017-Trumputin-Brexit-und-Populismus_Organisator-472x350.jpg 472w, https:\/\/www.organisator.ch\/wp-content\/uploads\/2017\/01\/Alpensymposium-2017-Trumputin-Brexit-und-Populismus_Organisator-300x223.jpg 300w\" sizes=\"auto, (max-width: 640px) 100vw, 640px\" \/><figcaption id=\"caption-attachment-1355\" class=\"wp-caption-text\">Guy Verhofstadt a anim\u00e9 les d\u00e9bats du Symposium alpin (Photo : thb)<\/figcaption><\/figure>\n<p>Dans les expos\u00e9s et les discussions de repr\u00e9sentants de haut niveau de la politique, de l'\u00e9conomie, du sport et de la soci\u00e9t\u00e9, les th\u00e8mes globaux tels que le pr\u00e9sident am\u00e9ricain fra\u00eechement \u00e9lu Donald Trump, Poutine, la Chine, l'Europe avec le Brexit et les tendances populistes mondiales ont domin\u00e9 devant une salle comble. Le nouveau pr\u00e9sident du FC Bayern, Uli Hoeness, a offert un moment fort \u00e0 la fin de la conf\u00e9rence. Lors de l'interview avec le mod\u00e9rateur Stephan Klapproth, il a su parler de mani\u00e8re emphatique de ses succ\u00e8s et de ses \u00e9checs personnels et professionnels ainsi que de sa strat\u00e9gie de direction du premier club de football allemand.<\/p>\n<figure id=\"attachment_1357\" aria-describedby=\"caption-attachment-1357\" style=\"width: 640px\" class=\"wp-caption alignnone\"><img loading=\"lazy\" decoding=\"async\" class=\"size-full wp-image-1357\" src=\"https:\/\/www.organisator.ch\/wp-content\/uploads\/2017\/01\/Alpensymposium-2017-Trumputin-Brexit-und-Populismus-3_Organisator.jpg\" alt=\"\" width=\"640\" height=\"425\" srcset=\"https:\/\/www.organisator.ch\/wp-content\/uploads\/2017\/01\/Alpensymposium-2017-Trumputin-Brexit-und-Populismus-3_Organisator.jpg 640w, https:\/\/www.organisator.ch\/wp-content\/uploads\/2017\/01\/Alpensymposium-2017-Trumputin-Brexit-und-Populismus-3_Organisator-16x12.jpg 16w, https:\/\/www.organisator.ch\/wp-content\/uploads\/2017\/01\/Alpensymposium-2017-Trumputin-Brexit-und-Populismus-3_Organisator-264x175.jpg 264w, https:\/\/www.organisator.ch\/wp-content\/uploads\/2017\/01\/Alpensymposium-2017-Trumputin-Brexit-und-Populismus-3_Organisator-527x350.jpg 527w, https:\/\/www.organisator.ch\/wp-content\/uploads\/2017\/01\/Alpensymposium-2017-Trumputin-Brexit-und-Populismus-3_Organisator-300x199.jpg 300w\" sizes=\"auto, (max-width: 640px) 100vw, 640px\" \/><figcaption id=\"caption-attachment-1357\" class=\"wp-caption-text\">Uli Hoeness \u00e0 la question de savoir ce qui le motive encore \u00e0 65 ans : \"Si un Am\u00e9ricain peut encore \u00eatre pr\u00e9sident \u00e0 71 ans, je peux aussi \u00eatre pr\u00e9sident d'un club\". (Photo : thb)<\/figcaption><\/figure>\n<h2>L'Europe doit se red\u00e9couvrir<\/h2>\n<p>Au milieu d'une Europe en pleine mutation, d'une \u00e9volution politique et \u00e9conomique incertaine aux Etats-Unis et en Chine et \u00e0 l'\u00e8re d'une num\u00e9risation fulgurante, la Suisse doit trouver de nouveaux rep\u00e8res. Les intervenants du 15e Symposium alpin d'Interlaken \u00e9taient tous d'accord sur ce point. Le politicien belge Guy Verhofstadt, n\u00e9gociateur en chef du Brexit et candidat \u00e0 la pr\u00e9sidence du Parlement europ\u00e9en, s'est inqui\u00e9t\u00e9, en tant qu'Europ\u00e9en convaincu, du fait qu'il n'existe pas de vision uniforme des \u00e9volutions au sein de l'UE. Et il a avou\u00e9 ouvertement : \"Nos institutions en Europe ne sont pas faites pour les situations de crise !\"  Verhofstadt a vu la sortie de la Grande-Bretagne \"comme la m\u00e8re de tous les divorces\", mais aussi comme une grande opportunit\u00e9 de r\u00e9inventer l'UE en tant qu'institution. Dans la situation actuelle et avec Trump comme pr\u00e9sident des Etats-Unis, une nouvelle organisation n'est pas seulement une possibilit\u00e9, mais une n\u00e9cessit\u00e9, a exig\u00e9 le politicien engag\u00e9.<\/p>\n<p>Pour le c\u00e9l\u00e8bre correspondant au Proche-Orient Ulrich Tilgner, l'\u00e9chec de l'Occident au Proche-Orient avec les interventions am\u00e9ricaines, associ\u00e9 \u00e0 la fuite dans les traditions et le pass\u00e9 sur place, a renforc\u00e9 le terrorisme et favoris\u00e9 l'\u00e9mergence de l'\u00c9tat islamique (EI). Il a clairement indiqu\u00e9 que le pros\u00e9lytisme fondamentaliste et les id\u00e9ologies terroristes qui y sont li\u00e9es sont financ\u00e9s par l'Arabie saoudite. Selon Tilgner, le terrorisme ne peut pas \u00eatre combattu par des moyens militaires, mais uniquement par une aide \u00e9conomique et politique sur place. Il reproche notamment \u00e0 l'administration Obama de ne pas avoir \"compris la le\u00e7on\". Elle a trop souvent mis\u00e9 sur les mauvais partenaires, car les partenariats avec les gouvernements d'Etats o\u00f9 le terrorisme s'est implant\u00e9 sont pr\u00e9cis\u00e9ment des partenariats avec ceux qui font na\u00eetre le terrorisme, selon Tilgner.<\/p>\n<h2>Un one-man-show pr\u00e9sidentiel et l'abandon de l'Europe<\/h2>\n<p>L'animateur de la SRF et ancien correspondant aux Etats-Unis Arthur H. Honegger a dress\u00e9 un tableau sombre de la pr\u00e9sidence de Donald Trump. Ses \u00e9lecteurs voulaient que \u00e7a p\u00e8te et le one-man-show qu'il veut manifestement aussi faire en tant que pr\u00e9sident a d\u00e9j\u00e0 \u00e9branl\u00e9 la confiance dans les institutions. \"Je ne suis pas particuli\u00e8rement optimiste pour les quatre prochaines ann\u00e9es\", a d\u00e9clar\u00e9 Honegger. Pour Dirk M\u00fcller, sp\u00e9cialiste de la bourse et de la finance, l'\u00e9lection de Trump \u00e9tait tout sauf un accident. Selon lui, la bourse n'est pas m\u00e9contente de cette \u00e9lection. M\u00fcller a vu des opportunit\u00e9s dans les all\u00e9gements fiscaux et les investissements publics annonc\u00e9s, qui marqueraient le premier semestre 2017. Les entreprises am\u00e9ricaines devraient \u00eatre incit\u00e9es par des imp\u00f4ts peu \u00e9lev\u00e9s \u00e0 rapatrier en Am\u00e9rique les milliards qu'elles ont parqu\u00e9s \u00e0 l'\u00e9tranger. Il a toutefois identifi\u00e9 des risques importants dans la progression globale des nationalistes en r\u00e9action \u00e0 la mondialisation ainsi qu'un risque \u00e9lev\u00e9 d'inflation et une hausse des taux d'int\u00e9r\u00eat d\u00e8s le deuxi\u00e8me semestre.<\/p>\n<p>La pr\u00e9sidente de la direction d'economiesuisse, Monika R\u00fchl, craint elle aussi que les Etats-Unis se d\u00e9tournent de l'Europe et que la tendance au populisme politique s'accompagne d'un protectionnisme \u00e9conomique. Elle a clairement expliqu\u00e9 qu'au vu du Brexit, la Suisse serait \u00e9galement touch\u00e9e si l'important partenaire commercial qu'est la Grande-Bretagne connaissait une crise structurelle et un effondrement conjoncturel. Pour une \u00e9conomie suisse forte, Mme R\u00fchl a demand\u00e9 un oui \u00e0 la r\u00e9forme fiscale, des relations stables avec l'UE et une solution viable en mati\u00e8re de pr\u00e9voyance vieillesse.<\/p>\n<p>L'ancien maire de Berlin Klaus Wowereit s'est montr\u00e9 plus optimiste. Il s'est montr\u00e9 satisfait de ses 14 ann\u00e9es de gouvernement \u00e0 Berlin. D'un endettement \u00e9lev\u00e9 et d'une mentalit\u00e9 de subvention omnipr\u00e9sente, il est parvenu, gr\u00e2ce \u00e0 un programme radical et \u00e0 des personnes cr\u00e9atives, \u00e0 ce que Berlin puisse aujourd'hui investir par ses propres moyens en raison de ses exc\u00e9dents financiers. Pour le d\u00e9veloppement de grandes communaut\u00e9s, il est important de former une soci\u00e9t\u00e9 qui soit libre. Si l'on autorise la discrimination, on n'obtiendra pas les forces cr\u00e9atives.<\/p>\n<h2>Autres Magic Moments au Symposium alpin<\/h2>\n<p>Sous le slogan \"Think big. Cr\u00e9er le futur\". l'organisateur Oliver Stoldt a invit\u00e9 pour la 15e fois des personnes \u00e0 l'esprit d'entreprise \u00e0 pr\u00e9senter leurs id\u00e9es devant un public enthousiaste issu du monde \u00e9conomique et social. C\u00e9line Renaud, entrepreneuse passionn\u00e9e, Olaf Swantee, CEO de Sunrise, Peter Staub, fondateur et CEO de pom+, et Hans K\u00fcnzle, membre du conseil d'administration de CSS, ont pr\u00e9sent\u00e9 une \u00e9norme charge de suissitude lors du \"Unternehmenstalk\". Le photographe \u00e0 succ\u00e8s et philanthrope Hannes Schmid, qui a cr\u00e9\u00e9 le Marlboro Man, photographi\u00e9 des centaines de stars de la pop et du rock et peint de mani\u00e8re hyperr\u00e9aliste, a pr\u00e9sent\u00e9 une impressionnante d\u00e9monstration de son travail.<\/p>\n<figure id=\"attachment_1356\" aria-describedby=\"caption-attachment-1356\" style=\"width: 640px\" class=\"wp-caption alignnone\"><img loading=\"lazy\" decoding=\"async\" class=\"size-full wp-image-1356\" src=\"https:\/\/www.organisator.ch\/wp-content\/uploads\/2017\/01\/Alpensymposium-2017-Trumputin-Brexit-und-Populismus-2_Organisator.jpg\" alt=\"\" width=\"640\" height=\"245\" srcset=\"https:\/\/www.organisator.ch\/wp-content\/uploads\/2017\/01\/Alpensymposium-2017-Trumputin-Brexit-und-Populismus-2_Organisator.jpg 640w, https:\/\/www.organisator.ch\/wp-content\/uploads\/2017\/01\/Alpensymposium-2017-Trumputin-Brexit-und-Populismus-2_Organisator-16x6.jpg 16w, https:\/\/www.organisator.ch\/wp-content\/uploads\/2017\/01\/Alpensymposium-2017-Trumputin-Brexit-und-Populismus-2_Organisator-375x144.jpg 375w, https:\/\/www.organisator.ch\/wp-content\/uploads\/2017\/01\/Alpensymposium-2017-Trumputin-Brexit-und-Populismus-2_Organisator-300x115.jpg 300w\" sizes=\"auto, (max-width: 640px) 100vw, 640px\" \/><figcaption id=\"caption-attachment-1356\" class=\"wp-caption-text\">Entretien avec des entrepreneurs lors du Symposium alpin avec Peter Staub, C\u00e9line Renaud, Olaf Swantee et Hans K\u00fcnzle. (Photo : thb)<\/figcaption><\/figure>\n<p>Lors de son \u00e9dition anniversaire, le Symposium alpin a \u00e9galement offert les meilleures occasions de nouer des contacts personnels pr\u00e9cieux, de faire des affaires, de nouer des relations avec les clients et d'\u00eatre pr\u00e9sent dans la soci\u00e9t\u00e9. L'organisateur Oliver Stoldt et la directrice de la conf\u00e9rence Janin Heukamp ont r\u00e9ussi \u00e0 cr\u00e9er de nombreux \"moments magiques\" lors de ce congr\u00e8s innovant, avec le strat\u00e8ge en innovation Anders S\u00f6rman-Nilsson ou la profileuse \u00e0 succ\u00e8s Suzanne Grieger-Langer. Cette derni\u00e8re s'est donn\u00e9 pour mission de rep\u00e9rer les vrais \"siffleurs\" dans les entreprises. Le dialogue suivant entre l'animateur Stephan Klapproth et la conf\u00e9renci\u00e8re a fait sourire le public : Klapproth : \"O\u00f9 le taux de sifflets est-il le plus \u00e9lev\u00e9 ?\" - Grieger-Langer : \"Aupr\u00e8s des autorit\u00e9s et des grandes entreprises\". - Klapproth : \"50:50 ?\" - Grieger-Langer : \"Sans commentaire\". Par ailleurs, le fondateur de whatchado, Ali Mahlodji, a appel\u00e9 \u00e0 investir dans les jeunes de 15 ans d'aujourd'hui. Car dans dix ans, ils seront les nouveaux adultes et devront un jour r\u00e9soudre nos probl\u00e8mes. Enfin, les deux sportifs Silvan Zurbriggen et Joey Kelly ont impressionn\u00e9 le symposium alpin de cette ann\u00e9e par leurs t\u00e9moignages sur la mani\u00e8re dont les objectifs peuvent \u00eatre atteints avec de la volont\u00e9 et une discipline de fer.<\/p>\n<p><em><a href=\"http:\/\/www.alpensymposium.ch\">Lien<\/a> vers l'\u00e9v\u00e9nement<\/em><\/p>\n<p>&nbsp;<\/p>","protected":false},"excerpt":{"rendered":"<p>In den Referaten und Diskussionen von hochrangigen Vertretern aus Politik, Wirtschaft, Sport und Gesellschaft dominierten vor ausverkauftem Haus globale Themen wie der frisch gew\u00e4hlte US-Pr\u00e4sident Donald Trump, Putin, China, Europa mit Brexit und die weltweiten populistischen Trends. Ein Highlight zum Abschluss bot der neue FC Bayern Pr\u00e4sident Uli Hoeness, der im Interview mit Moderator Stephan [&hellip;]<\/p>\n","protected":false},"author":4,"featured_media":1355,"comment_status":"open","ping_status":"open","sticky":false,"template":"","format":"standard","meta":{"_acf_changed":false,"_yoast_wpseo_focuskw":"Alpensymposium","_yoast_wpseo_metadesc":"Die Ungewissheit \u00fcber die zuk\u00fcnftigen politischen und wirtschaftlichen Entwicklungen in und deren langfristige Auswirkungen pr\u00e4gten das 15. Alpensymposium.","articlekey":"","footnotes":""},"categories":[1],"tags":[386,469,502,508],"class_list":["post-1352","post","type-post","status-publish","format-standard","has-post-thumbnail","hentry","category-allgemein","tag-politik","tag-tagungen-events","tag-veranstaltungen","tag-vermischtes"],"acf":[],"yoast_head":"<!-- This site is optimized with the Yoast SEO plugin v27.5 - https:\/\/yoast.com\/product\/yoast-seo-wordpress\/ -->\n<title>Alpensymposium 2017: Trumputin, Brexit und Populismus - Organisator<\/title>\n<meta name=\"description\" content=\"Die Ungewissheit \u00fcber die zuk\u00fcnftigen politischen und wirtschaftlichen Entwicklungen in und deren langfristige Auswirkungen pr\u00e4gten das 15. Alpensymposium.\" \/>\n<meta name=\"robots\" content=\"index, follow, max-snippet:-1, max-image-preview:large, max-video-preview:-1\" \/>\n<link rel=\"canonical\" href=\"https:\/\/www.organisator.ch\/fr\/general\/2017-01-12\/alpensymposium-2017-trumputin-brexit-und-populismus\/\" \/>\n<meta property=\"og:locale\" content=\"fr_FR\" \/>\n<meta property=\"og:type\" content=\"article\" \/>\n<meta property=\"og:title\" content=\"Alpensymposium 2017: Trumputin, Brexit und Populismus - Organisator\" \/>\n<meta property=\"og:description\" content=\"Die Ungewissheit \u00fcber die zuk\u00fcnftigen politischen und wirtschaftlichen Entwicklungen in und deren langfristige Auswirkungen pr\u00e4gten das 15. Alpensymposium.\" \/>\n<meta property=\"og:url\" content=\"https:\/\/www.organisator.ch\/fr\/general\/2017-01-12\/alpensymposium-2017-trumputin-brexit-und-populismus\/\" \/>\n<meta property=\"og:site_name\" content=\"Organisator\" \/>\n<meta property=\"article:publisher\" content=\"https:\/\/www.facebook.com\/OrganisatorFachmagazin\" \/>\n<meta property=\"article:published_time\" content=\"2017-01-12T16:02:00+00:00\" \/>\n<meta property=\"og:image\" content=\"https:\/\/www.organisator.ch\/wp-content\/uploads\/2017\/01\/Alpensymposium-2017-Trumputin-Brexit-und-Populismus_Organisator.jpg\" \/>\n\t<meta property=\"og:image:width\" content=\"640\" \/>\n\t<meta property=\"og:image:height\" content=\"475\" \/>\n\t<meta property=\"og:image:type\" content=\"image\/jpeg\" \/>\n<meta name=\"author\" content=\"thomas.berner\" \/>\n<meta name=\"twitter:card\" content=\"summary_large_image\" \/>\n<script type=\"application\/ld+json\" class=\"yoast-schema-graph\">{\"@context\":\"https:\\\/\\\/schema.org\",\"@graph\":[{\"@type\":\"Article\",\"@id\":\"https:\\\/\\\/www.organisator.ch\\\/de\\\/allgemein\\\/2017-01-12\\\/alpensymposium-2017-trumputin-brexit-und-populismus\\\/#article\",\"isPartOf\":{\"@id\":\"https:\\\/\\\/www.organisator.ch\\\/de\\\/allgemein\\\/2017-01-12\\\/alpensymposium-2017-trumputin-brexit-und-populismus\\\/\"},\"author\":{\"name\":\"thomas.berner\",\"@id\":\"https:\\\/\\\/www.organisator.ch\\\/#\\\/schema\\\/person\\\/6f650f90b2842cd4c0cc334b4e36f67e\"},\"headline\":\"Alpensymposium 2017: Trumputin, Brexit und Populismus\",\"datePublished\":\"2017-01-12T16:02:00+00:00\",\"mainEntityOfPage\":{\"@id\":\"https:\\\/\\\/www.organisator.ch\\\/de\\\/allgemein\\\/2017-01-12\\\/alpensymposium-2017-trumputin-brexit-und-populismus\\\/\"},\"wordCount\":1027,\"commentCount\":0,\"publisher\":{\"@id\":\"https:\\\/\\\/www.organisator.ch\\\/#organization\"},\"image\":{\"@id\":\"https:\\\/\\\/www.organisator.ch\\\/de\\\/allgemein\\\/2017-01-12\\\/alpensymposium-2017-trumputin-brexit-und-populismus\\\/#primaryimage\"},\"thumbnailUrl\":\"https:\\\/\\\/www.organisator.ch\\\/wp-content\\\/uploads\\\/2017\\\/01\\\/Alpensymposium-2017-Trumputin-Brexit-und-Populismus_Organisator.jpg\",\"keywords\":[\"Politik\",\"Tagungen &amp; Events\",\"Veranstaltungen\",\"Vermischtes\"],\"articleSection\":[\"Allgemein\"],\"inLanguage\":\"fr-FR\"},{\"@type\":\"WebPage\",\"@id\":\"https:\\\/\\\/www.organisator.ch\\\/de\\\/allgemein\\\/2017-01-12\\\/alpensymposium-2017-trumputin-brexit-und-populismus\\\/\",\"url\":\"https:\\\/\\\/www.organisator.ch\\\/de\\\/allgemein\\\/2017-01-12\\\/alpensymposium-2017-trumputin-brexit-und-populismus\\\/\",\"name\":\"Alpensymposium 2017: Trumputin, Brexit und Populismus - Organisator\",\"isPartOf\":{\"@id\":\"https:\\\/\\\/www.organisator.ch\\\/#website\"},\"primaryImageOfPage\":{\"@id\":\"https:\\\/\\\/www.organisator.ch\\\/de\\\/allgemein\\\/2017-01-12\\\/alpensymposium-2017-trumputin-brexit-und-populismus\\\/#primaryimage\"},\"image\":{\"@id\":\"https:\\\/\\\/www.organisator.ch\\\/de\\\/allgemein\\\/2017-01-12\\\/alpensymposium-2017-trumputin-brexit-und-populismus\\\/#primaryimage\"},\"thumbnailUrl\":\"https:\\\/\\\/www.organisator.ch\\\/wp-content\\\/uploads\\\/2017\\\/01\\\/Alpensymposium-2017-Trumputin-Brexit-und-Populismus_Organisator.jpg\",\"datePublished\":\"2017-01-12T16:02:00+00:00\",\"description\":\"Die Ungewissheit \u00fcber die zuk\u00fcnftigen politischen und wirtschaftlichen Entwicklungen in und deren langfristige Auswirkungen pr\u00e4gten das 15. Alpensymposium.\",\"breadcrumb\":{\"@id\":\"https:\\\/\\\/www.organisator.ch\\\/de\\\/allgemein\\\/2017-01-12\\\/alpensymposium-2017-trumputin-brexit-und-populismus\\\/#breadcrumb\"},\"inLanguage\":\"fr-FR\",\"potentialAction\":[{\"@type\":\"ReadAction\",\"target\":[\"https:\\\/\\\/www.organisator.ch\\\/de\\\/allgemein\\\/2017-01-12\\\/alpensymposium-2017-trumputin-brexit-und-populismus\\\/\"]}]},{\"@type\":\"ImageObject\",\"inLanguage\":\"fr-FR\",\"@id\":\"https:\\\/\\\/www.organisator.ch\\\/de\\\/allgemein\\\/2017-01-12\\\/alpensymposium-2017-trumputin-brexit-und-populismus\\\/#primaryimage\",\"url\":\"https:\\\/\\\/www.organisator.ch\\\/wp-content\\\/uploads\\\/2017\\\/01\\\/Alpensymposium-2017-Trumputin-Brexit-und-Populismus_Organisator.jpg\",\"contentUrl\":\"https:\\\/\\\/www.organisator.ch\\\/wp-content\\\/uploads\\\/2017\\\/01\\\/Alpensymposium-2017-Trumputin-Brexit-und-Populismus_Organisator.jpg\",\"width\":640,\"height\":475,\"caption\":\"Sorgte f\u00fcr angeregte Diskussionen am Alpensymposium: Guy Verhofstadt (Foto: thb)\"},{\"@type\":\"BreadcrumbList\",\"@id\":\"https:\\\/\\\/www.organisator.ch\\\/de\\\/allgemein\\\/2017-01-12\\\/alpensymposium-2017-trumputin-brexit-und-populismus\\\/#breadcrumb\",\"itemListElement\":[{\"@type\":\"ListItem\",\"position\":1,\"name\":\"Home\",\"item\":\"https:\\\/\\\/www.organisator.ch\\\/\"},{\"@type\":\"ListItem\",\"position\":2,\"name\":\"Alpensymposium 2017: Trumputin, Brexit und Populismus\"}]},{\"@type\":\"WebSite\",\"@id\":\"https:\\\/\\\/www.organisator.ch\\\/#website\",\"url\":\"https:\\\/\\\/www.organisator.ch\\\/\",\"name\":\"Organisator\",\"description\":\"Kompetent. Praxisnah. Der ORGANISATOR bereitet in 10 Ausgaben pro Jahr die wesentlichen Themen f\u00fcr F\u00fchrungskr\u00e4fte von KMU auf.\",\"publisher\":{\"@id\":\"https:\\\/\\\/www.organisator.ch\\\/#organization\"},\"potentialAction\":[{\"@type\":\"SearchAction\",\"target\":{\"@type\":\"EntryPoint\",\"urlTemplate\":\"https:\\\/\\\/www.organisator.ch\\\/?s={search_term_string}\"},\"query-input\":{\"@type\":\"PropertyValueSpecification\",\"valueRequired\":true,\"valueName\":\"search_term_string\"}}],\"inLanguage\":\"fr-FR\"},{\"@type\":\"Organization\",\"@id\":\"https:\\\/\\\/www.organisator.ch\\\/#organization\",\"name\":\"Organisator\",\"url\":\"https:\\\/\\\/www.organisator.ch\\\/\",\"logo\":{\"@type\":\"ImageObject\",\"inLanguage\":\"fr-FR\",\"@id\":\"https:\\\/\\\/www.organisator.ch\\\/#\\\/schema\\\/logo\\\/image\\\/\",\"url\":\"https:\\\/\\\/www.organisator.ch\\\/wp-content\\\/uploads\\\/2022\\\/01\\\/Logo_Organisator_Website.png\",\"contentUrl\":\"https:\\\/\\\/www.organisator.ch\\\/wp-content\\\/uploads\\\/2022\\\/01\\\/Logo_Organisator_Website.png\",\"width\":800,\"height\":77,\"caption\":\"Organisator\"},\"image\":{\"@id\":\"https:\\\/\\\/www.organisator.ch\\\/#\\\/schema\\\/logo\\\/image\\\/\"},\"sameAs\":[\"https:\\\/\\\/www.facebook.com\\\/OrganisatorFachmagazin\",\"https:\\\/\\\/www.linkedin.com\\\/showcase\\\/organisator-das-magazin-fr-kmu\",\"https:\\\/\\\/www.xing.com\\\/news\\\/pages\\\/organisator-ch-695\",\"https:\\\/\\\/www.youtube.com\\\/channel\\\/UCGP2Sq0iWaZwT3BdIAQFYpw\"]},{\"@type\":\"Person\",\"@id\":\"https:\\\/\\\/www.organisator.ch\\\/#\\\/schema\\\/person\\\/6f650f90b2842cd4c0cc334b4e36f67e\",\"name\":\"thomas.berner\",\"image\":{\"@type\":\"ImageObject\",\"inLanguage\":\"fr-FR\",\"@id\":\"https:\\\/\\\/secure.gravatar.com\\\/avatar\\\/ac5001d2a36cb6c6cd3e50789007ffca834b477b74a2144564522e944eabff61?s=96&d=mm&r=g\",\"url\":\"https:\\\/\\\/secure.gravatar.com\\\/avatar\\\/ac5001d2a36cb6c6cd3e50789007ffca834b477b74a2144564522e944eabff61?s=96&d=mm&r=g\",\"contentUrl\":\"https:\\\/\\\/secure.gravatar.com\\\/avatar\\\/ac5001d2a36cb6c6cd3e50789007ffca834b477b74a2144564522e944eabff61?s=96&d=mm&r=g\",\"caption\":\"thomas.berner\"},\"url\":\"https:\\\/\\\/www.organisator.ch\\\/fr\\\/author\\\/thomas-berner\\\/\"}]}<\/script>\n<!-- \/ Yoast SEO plugin. -->","yoast_head_json":{"title":"Symposium alpin 2017 : Trumpoutine, Brexit et populisme - Organisateur","description":"L'incertitude quant aux futurs d\u00e9veloppements politiques et \u00e9conomiques en et leurs cons\u00e9quences \u00e0 long terme ont marqu\u00e9 le 15e Symposium alpin.","robots":{"index":"index","follow":"follow","max-snippet":"max-snippet:-1","max-image-preview":"max-image-preview:large","max-video-preview":"max-video-preview:-1"},"canonical":"https:\/\/www.organisator.ch\/fr\/general\/2017-01-12\/alpensymposium-2017-trumputin-brexit-und-populismus\/","og_locale":"fr_FR","og_type":"article","og_title":"Alpensymposium 2017: Trumputin, Brexit und Populismus - Organisator","og_description":"Die Ungewissheit \u00fcber die zuk\u00fcnftigen politischen und wirtschaftlichen Entwicklungen in und deren langfristige Auswirkungen pr\u00e4gten das 15. Alpensymposium.","og_url":"https:\/\/www.organisator.ch\/fr\/general\/2017-01-12\/alpensymposium-2017-trumputin-brexit-und-populismus\/","og_site_name":"Organisator","article_publisher":"https:\/\/www.facebook.com\/OrganisatorFachmagazin","article_published_time":"2017-01-12T16:02:00+00:00","og_image":[{"width":640,"height":475,"url":"https:\/\/www.organisator.ch\/wp-content\/uploads\/2017\/01\/Alpensymposium-2017-Trumputin-Brexit-und-Populismus_Organisator.jpg","type":"image\/jpeg"}],"author":"thomas.berner","twitter_card":"summary_large_image","schema":{"@context":"https:\/\/schema.org","@graph":[{"@type":"Article","@id":"https:\/\/www.organisator.ch\/de\/allgemein\/2017-01-12\/alpensymposium-2017-trumputin-brexit-und-populismus\/#article","isPartOf":{"@id":"https:\/\/www.organisator.ch\/de\/allgemein\/2017-01-12\/alpensymposium-2017-trumputin-brexit-und-populismus\/"},"author":{"name":"thomas.berner","@id":"https:\/\/www.organisator.ch\/#\/schema\/person\/6f650f90b2842cd4c0cc334b4e36f67e"},"headline":"Alpensymposium 2017: Trumputin, Brexit und Populismus","datePublished":"2017-01-12T16:02:00+00:00","mainEntityOfPage":{"@id":"https:\/\/www.organisator.ch\/de\/allgemein\/2017-01-12\/alpensymposium-2017-trumputin-brexit-und-populismus\/"},"wordCount":1027,"commentCount":0,"publisher":{"@id":"https:\/\/www.organisator.ch\/#organization"},"image":{"@id":"https:\/\/www.organisator.ch\/de\/allgemein\/2017-01-12\/alpensymposium-2017-trumputin-brexit-und-populismus\/#primaryimage"},"thumbnailUrl":"https:\/\/www.organisator.ch\/wp-content\/uploads\/2017\/01\/Alpensymposium-2017-Trumputin-Brexit-und-Populismus_Organisator.jpg","keywords":["Politik","Tagungen &amp; Events","Veranstaltungen","Vermischtes"],"articleSection":["Allgemein"],"inLanguage":"fr-FR"},{"@type":"WebPage","@id":"https:\/\/www.organisator.ch\/de\/allgemein\/2017-01-12\/alpensymposium-2017-trumputin-brexit-und-populismus\/","url":"https:\/\/www.organisator.ch\/de\/allgemein\/2017-01-12\/alpensymposium-2017-trumputin-brexit-und-populismus\/","name":"Symposium alpin 2017 : Trumpoutine, Brexit et populisme - Organisateur","isPartOf":{"@id":"https:\/\/www.organisator.ch\/#website"},"primaryImageOfPage":{"@id":"https:\/\/www.organisator.ch\/de\/allgemein\/2017-01-12\/alpensymposium-2017-trumputin-brexit-und-populismus\/#primaryimage"},"image":{"@id":"https:\/\/www.organisator.ch\/de\/allgemein\/2017-01-12\/alpensymposium-2017-trumputin-brexit-und-populismus\/#primaryimage"},"thumbnailUrl":"https:\/\/www.organisator.ch\/wp-content\/uploads\/2017\/01\/Alpensymposium-2017-Trumputin-Brexit-und-Populismus_Organisator.jpg","datePublished":"2017-01-12T16:02:00+00:00","description":"L'incertitude quant aux futurs d\u00e9veloppements politiques et \u00e9conomiques en et leurs cons\u00e9quences \u00e0 long terme ont marqu\u00e9 le 15e Symposium alpin.","breadcrumb":{"@id":"https:\/\/www.organisator.ch\/de\/allgemein\/2017-01-12\/alpensymposium-2017-trumputin-brexit-und-populismus\/#breadcrumb"},"inLanguage":"fr-FR","potentialAction":[{"@type":"ReadAction","target":["https:\/\/www.organisator.ch\/de\/allgemein\/2017-01-12\/alpensymposium-2017-trumputin-brexit-und-populismus\/"]}]},{"@type":"ImageObject","inLanguage":"fr-FR","@id":"https:\/\/www.organisator.ch\/de\/allgemein\/2017-01-12\/alpensymposium-2017-trumputin-brexit-und-populismus\/#primaryimage","url":"https:\/\/www.organisator.ch\/wp-content\/uploads\/2017\/01\/Alpensymposium-2017-Trumputin-Brexit-und-Populismus_Organisator.jpg","contentUrl":"https:\/\/www.organisator.ch\/wp-content\/uploads\/2017\/01\/Alpensymposium-2017-Trumputin-Brexit-und-Populismus_Organisator.jpg","width":640,"height":475,"caption":"Sorgte f\u00fcr angeregte Diskussionen am Alpensymposium: Guy Verhofstadt (Foto: thb)"},{"@type":"BreadcrumbList","@id":"https:\/\/www.organisator.ch\/de\/allgemein\/2017-01-12\/alpensymposium-2017-trumputin-brexit-und-populismus\/#breadcrumb","itemListElement":[{"@type":"ListItem","position":1,"name":"Home","item":"https:\/\/www.organisator.ch\/"},{"@type":"ListItem","position":2,"name":"Alpensymposium 2017: Trumputin, Brexit und Populismus"}]},{"@type":"WebSite","@id":"https:\/\/www.organisator.ch\/#website","url":"https:\/\/www.organisator.ch\/","name":"Organisateur","description":"Comp\u00e9tence et comp\u00e9tence. Proches de la pratique. L'ORGANISATEUR pr\u00e9pare 10 num\u00e9ros par an sur les th\u00e8mes essentiels pour les dirigeants de PME.","publisher":{"@id":"https:\/\/www.organisator.ch\/#organization"},"potentialAction":[{"@type":"SearchAction","target":{"@type":"EntryPoint","urlTemplate":"https:\/\/www.organisator.ch\/?s={search_term_string}"},"query-input":{"@type":"PropertyValueSpecification","valueRequired":true,"valueName":"search_term_string"}}],"inLanguage":"fr-FR"},{"@type":"Organization","@id":"https:\/\/www.organisator.ch\/#organization","name":"Organisateur","url":"https:\/\/www.organisator.ch\/","logo":{"@type":"ImageObject","inLanguage":"fr-FR","@id":"https:\/\/www.organisator.ch\/#\/schema\/logo\/image\/","url":"https:\/\/www.organisator.ch\/wp-content\/uploads\/2022\/01\/Logo_Organisator_Website.png","contentUrl":"https:\/\/www.organisator.ch\/wp-content\/uploads\/2022\/01\/Logo_Organisator_Website.png","width":800,"height":77,"caption":"Organisator"},"image":{"@id":"https:\/\/www.organisator.ch\/#\/schema\/logo\/image\/"},"sameAs":["https:\/\/www.facebook.com\/OrganisatorFachmagazin","https:\/\/www.linkedin.com\/showcase\/organisator-das-magazin-fr-kmu","https:\/\/www.xing.com\/news\/pages\/organisator-ch-695","https:\/\/www.youtube.com\/channel\/UCGP2Sq0iWaZwT3BdIAQFYpw"]},{"@type":"Person","@id":"https:\/\/www.organisator.ch\/#\/schema\/person\/6f650f90b2842cd4c0cc334b4e36f67e","name":"thomas.berner","image":{"@type":"ImageObject","inLanguage":"fr-FR","@id":"https:\/\/secure.gravatar.com\/avatar\/ac5001d2a36cb6c6cd3e50789007ffca834b477b74a2144564522e944eabff61?s=96&d=mm&r=g","url":"https:\/\/secure.gravatar.com\/avatar\/ac5001d2a36cb6c6cd3e50789007ffca834b477b74a2144564522e944eabff61?s=96&d=mm&r=g","contentUrl":"https:\/\/secure.gravatar.com\/avatar\/ac5001d2a36cb6c6cd3e50789007ffca834b477b74a2144564522e944eabff61?s=96&d=mm&r=g","caption":"thomas.berner"},"url":"https:\/\/www.organisator.ch\/fr\/author\/thomas-berner\/"}]}},"_links":{"self":[{"href":"https:\/\/www.organisator.ch\/fr\/wp-json\/wp\/v2\/posts\/1352","targetHints":{"allow":["GET"]}}],"collection":[{"href":"https:\/\/www.organisator.ch\/fr\/wp-json\/wp\/v2\/posts"}],"about":[{"href":"https:\/\/www.organisator.ch\/fr\/wp-json\/wp\/v2\/types\/post"}],"author":[{"embeddable":true,"href":"https:\/\/www.organisator.ch\/fr\/wp-json\/wp\/v2\/users\/4"}],"replies":[{"embeddable":true,"href":"https:\/\/www.organisator.ch\/fr\/wp-json\/wp\/v2\/comments?post=1352"}],"version-history":[{"count":0,"href":"https:\/\/www.organisator.ch\/fr\/wp-json\/wp\/v2\/posts\/1352\/revisions"}],"wp:featuredmedia":[{"embeddable":true,"href":"https:\/\/www.organisator.ch\/fr\/wp-json\/wp\/v2\/media\/1355"}],"wp:attachment":[{"href":"https:\/\/www.organisator.ch\/fr\/wp-json\/wp\/v2\/media?parent=1352"}],"wp:term":[{"taxonomy":"category","embeddable":true,"href":"https:\/\/www.organisator.ch\/fr\/wp-json\/wp\/v2\/categories?post=1352"},{"taxonomy":"post_tag","embeddable":true,"href":"https:\/\/www.organisator.ch\/fr\/wp-json\/wp\/v2\/tags?post=1352"}],"curies":[{"name":"wp","href":"https:\/\/api.w.org\/{rel}","templated":true}]}}