{"id":1371,"date":"2017-01-18T10:58:34","date_gmt":"2017-01-18T09:58:34","guid":{"rendered":"https:\/\/organisator.ch\/?p=1371"},"modified":"2017-01-18T10:58:34","modified_gmt":"2017-01-18T09:58:34","slug":"firmenpleiten-prognose-anzahl-der-insolvenzen-steigt-weltweit","status":"publish","type":"post","link":"https:\/\/www.organisator.ch\/fr\/management\/finanzen_recht\/2017-01-18\/firmenpleiten-prognose-anzahl-der-insolvenzen-steigt-weltweit\/","title":{"rendered":"Pr\u00e9visions de faillites d'entreprises : le nombre de faillites augmente dans le monde entier"},"content":{"rendered":"<figure id=\"attachment_1374\" aria-describedby=\"caption-attachment-1374\" style=\"width: 424px\" class=\"wp-caption alignnone\"><img loading=\"lazy\" decoding=\"async\" class=\"size-full wp-image-1374\" src=\"https:\/\/www.organisator.ch\/wp-content\/uploads\/2017\/01\/Firmenpleiten-Prognose-Anzahl-der-Insolvenzen-steigt-weltweit2_Organisator.jpg\" alt=\"\" width=\"424\" height=\"283\" srcset=\"https:\/\/www.organisator.ch\/wp-content\/uploads\/2017\/01\/Firmenpleiten-Prognose-Anzahl-der-Insolvenzen-steigt-weltweit2_Organisator.jpg 424w, https:\/\/www.organisator.ch\/wp-content\/uploads\/2017\/01\/Firmenpleiten-Prognose-Anzahl-der-Insolvenzen-steigt-weltweit2_Organisator-16x12.jpg 16w, https:\/\/www.organisator.ch\/wp-content\/uploads\/2017\/01\/Firmenpleiten-Prognose-Anzahl-der-Insolvenzen-steigt-weltweit2_Organisator-262x175.jpg 262w, https:\/\/www.organisator.ch\/wp-content\/uploads\/2017\/01\/Firmenpleiten-Prognose-Anzahl-der-Insolvenzen-steigt-weltweit2_Organisator-300x200.jpg 300w\" sizes=\"auto, (max-width: 424px) 100vw, 424px\" \/><figcaption id=\"caption-attachment-1374\" class=\"wp-caption-text\">Le nombre de faillites devrait augmenter dans le monde en 2017. (Jamrooferpix - Fotolia.com)<\/figcaption><\/figure>\n<p>Ce n'est pas seulement en Suisse qu'un renversement de tendance se dessine probablement avec une stagnation des insolvabilit\u00e9s en 2017, mais aussi sur la sc\u00e8ne mondiale des entreprises : dans sa derni\u00e8re \u00e9tude \"Insolvencies : The tip of the iceberg\", l'assureur-cr\u00e9dit Euler Hermes conclut que le nombre d'insolvabilit\u00e9s dans le monde devrait augmenter de 1% en 2017. Les principaux moteurs de cette hausse sont les pr\u00e9visions n\u00e9gatives pour l'Am\u00e9rique latine (+12% de faillites en 2017), l'Afrique (+9%), l'Asie-Pacifique (+6%) et l'Am\u00e9rique du Nord (+1%), selon le communiqu\u00e9. Ce qui est particuli\u00e8rement inqui\u00e9tant dans ce contexte, c'est la tendance \u00e0 une nette augmentation des dommages caus\u00e9s par les faillites, selon Ludovic Subran, \u00e9conomiste en chef du groupe Euler Hermes. \"Au cours des trois premiers trimestres de 2016, nous avons enregistr\u00e9 45% de faillites majeures de plus qu'\u00e0 la m\u00eame p\u00e9riode de l'ann\u00e9e pr\u00e9c\u00e9dente. Cela cr\u00e9e un effet boule de neige n\u00e9gatif qui se poursuivra en 2017\". L'\u00e9conomie mondiale cro\u00eet certes d'environ 2,8%, mais la croissance n'est pas assez forte pour emp\u00eacher une augmentation des insolvabilit\u00e9s. M\u00eame \u00e0 long terme, la croissance du produit int\u00e9rieur brut mondial restera en dessous de la barre des 3%.<\/p>\n<p><strong>Suisse : apr\u00e8s une hausse du nombre de faillites en 2016, une stagnation en 2017 <\/strong><\/p>\n<p>Avec la lib\u00e9ration du taux de change du franc suisse par rapport \u00e0 l'euro en janvier 2015 et le choc d'appr\u00e9ciation qui en a r\u00e9sult\u00e9 pour l'industrie d'exportation, la phase de recul des faillites d'entreprises a pris fin en Suisse. La tendance \u00e0 la hausse des faillites d'entreprises s'est poursuivie en 2016 : Apr\u00e8s une hausse de 7% en 2015, le nombre de faillites a encore augment\u00e9 de 5% \u00e0 fin novembre 2016. La Suisse romande, le Tessin et la Suisse orientale sont particuli\u00e8rement touch\u00e9s. En revanche, les chiffres sont en baisse en Suisse centrale. \"Pour 2017, Euler Hermes s'attend \u00e0 ce que le nombre de faillites en Suisse se maintienne. Apr\u00e8s une phase d'adaptation et de consolidation de deux ans, l'\u00e9conomie d'exportation s'est mieux adapt\u00e9e \u00e0 la force persistante du franc\", explique Stefan Ruf, CEO d'Euler Hermes Suisse. \"De m\u00eame, les perspectives conjoncturelles ont globalement un effet stabilisateur sur le nombre de faillites d'entreprises. L'\u00e9volution dans les diff\u00e9rents secteurs doit toutefois \u00eatre consid\u00e9r\u00e9e de mani\u00e8re diff\u00e9renci\u00e9e : Le secteur de la construction est toujours marqu\u00e9 par un taux de faillite \u00e9lev\u00e9. Mais en outre, nous classons \u00e9galement l'industrie m\u00e9tallurgique et le commerce de d\u00e9tail comme particuli\u00e8rement critiques\".<\/p>\n<p><strong>Le risque de faillite augmente aussi chez les principaux partenaires commerciaux de la Suisse<\/strong><\/p>\n<p>Chez deux des cinq principaux partenaires commerciaux de la Suisse, les insolvabilit\u00e9s augmentent : en Chine (+10%) et aux Etats-Unis (+1%). Elles stagnent en Allemagne et sont en revanche en recul en France (-7%) et en Italie (-5%). \"Aux \u00c9tats-Unis, nous nous attendons \u00e0 une l\u00e9g\u00e8re augmentation des faillites malgr\u00e9 les injections annonc\u00e9es dans l'\u00e9conomie nationale\", explique Ludovic Subran. \"Tous les secteurs ne profiteront pas des mesures annonc\u00e9es. L'appr\u00e9ciation du dollar am\u00e9ricain touche surtout les exportateurs am\u00e9ricains. Pourtant, le durcissement de la politique mon\u00e9taire p\u00e9nalise tous les secteurs, et pas seulement ceux dont le niveau d'endettement est particuli\u00e8rement \u00e9lev\u00e9, comme la construction m\u00e9canique. Dans le cadre des mesures protectionnistes annonc\u00e9es, le secteur des m\u00e9taux fait probablement partie des gagnants, tandis que le secteur du textile fait partie des perdants avec des droits d'importation \u00e9lev\u00e9s pouvant atteindre 32%\".<\/p>\n<figure id=\"attachment_1375\" aria-describedby=\"caption-attachment-1375\" style=\"width: 504px\" class=\"wp-caption alignnone\"><img loading=\"lazy\" decoding=\"async\" class=\"size-full wp-image-1375\" src=\"https:\/\/www.organisator.ch\/wp-content\/uploads\/2017\/01\/Firmenpleiten-Prognose-Anzahl-der-Insolvenzen-steigt-weltweit_Organisator.jpg\" alt=\"\" width=\"504\" height=\"480\" srcset=\"https:\/\/www.organisator.ch\/wp-content\/uploads\/2017\/01\/Firmenpleiten-Prognose-Anzahl-der-Insolvenzen-steigt-weltweit_Organisator.jpg 504w, https:\/\/www.organisator.ch\/wp-content\/uploads\/2017\/01\/Firmenpleiten-Prognose-Anzahl-der-Insolvenzen-steigt-weltweit_Organisator-13x12.jpg 13w, https:\/\/www.organisator.ch\/wp-content\/uploads\/2017\/01\/Firmenpleiten-Prognose-Anzahl-der-Insolvenzen-steigt-weltweit_Organisator-184x175.jpg 184w, https:\/\/www.organisator.ch\/wp-content\/uploads\/2017\/01\/Firmenpleiten-Prognose-Anzahl-der-Insolvenzen-steigt-weltweit_Organisator-368x350.jpg 368w, https:\/\/www.organisator.ch\/wp-content\/uploads\/2017\/01\/Firmenpleiten-Prognose-Anzahl-der-Insolvenzen-steigt-weltweit_Organisator-300x286.jpg 300w\" sizes=\"auto, (max-width: 504px) 100vw, 504px\" \/><figcaption id=\"caption-attachment-1375\" class=\"wp-caption-text\">\u00c9volution des insolvabilit\u00e9s dans le monde. (Graphique : Euler Hermes)<\/figcaption><\/figure>\n<p>Dans les pays \u00e9mergents, o\u00f9 les exportateurs suisses per\u00e7oivent \u00e9galement des opportunit\u00e9s de croissance, des d\u00e9faillances en nette hausse se profilent \u00e9galement : En 2017, le Br\u00e9sil et Singapour, qui d\u00e9pendent tous deux fortement du march\u00e9 chinois, devancent encore la Chine (+10%) avec +15% chacun.<\/p>\n<p><b>Les raisons des faillites et de l'augmentation des dommages varient localement et globalement<\/b><br \/>\nSelon Euler Hermes, les raisons de ce revirement de tendance en mati\u00e8re d'insolvabilit\u00e9 sont la faiblesse de l'\u00e9conomie mondiale, le ralentissement de la croissance du commerce mondial, la forte concurrence sur les prix et la volatilit\u00e9 des devises. Les chiffres d'affaires et les marges sont donc de plus en plus sous pression. Certains secteurs, notamment le commerce et la vente au d\u00e9tail, manquent donc de la capacit\u00e9 financi\u00e8re n\u00e9cessaire pour investir, par exemple dans la num\u00e9risation. Dans d'autres secteurs, les entreprises sont confront\u00e9es \u00e0 des surcapacit\u00e9s et \u00e0 une chute des prix correspondante (p. ex. mati\u00e8res premi\u00e8res, acier). De plus, \"les mesures protectionnistes et les barri\u00e8res commerciales croissantes rendent les exportations encore plus complexes et plus ch\u00e8res en de nombreux endroits\", explique Ruf. \"Cela pourrait \u00eatre un facteur d\u00e9cisif qui marquera l'\u00e9conomie mondiale en 2017\".<\/p>\n<p><em>Source : <a href=\"http:\/\/www.eulerhermes.ch\" target=\"_blank\" rel=\"noopener\">www.eulerhermes.ch<\/a><\/em><\/p>","protected":false},"excerpt":{"rendered":"<p>Nicht nur in der Schweiz zeichnet sich mit stagnierenden Insolvenzen 2017 voraussichtlich eine Trendwende ab, sondern auch auf dem globalen Firmenparkett: In seiner aktuellen Studie \u201eInsolvencies: The tip of the iceberg\u201c kommt der Kreditversicherer Euler Hermes zu dem Schluss, dass die Zahl der weltweiten Insolvenzen 2017 um 1% ansteigen d\u00fcrfte. Haupttreiber dieses Anstiegs sind negative [&hellip;]<\/p>\n","protected":false},"author":4,"featured_media":1374,"comment_status":"open","ping_status":"open","sticky":false,"template":"","format":"standard","meta":{"_acf_changed":false,"_yoast_wpseo_focuskw":"Insolvenzen","_yoast_wpseo_metadesc":"Nicht nur in der Schweiz zeichnet sich mit stagnierenden Insolvenzen 2017 voraussichtlich eine Trendwende ab, sondern auch auf dem globalen Firmenparkett.","articlekey":"","footnotes":""},"categories":[24],"tags":[203,340,508,531],"class_list":["post-1371","post","type-post","status-publish","format-standard","has-post-thumbnail","hentry","category-finanzen_recht","tag-finanzierung","tag-maerkte","tag-vermischtes","tag-wirtschaftspolitik"],"acf":[],"yoast_head":"<!-- This site is optimized with the Yoast SEO plugin v27.5 - https:\/\/yoast.com\/product\/yoast-seo-wordpress\/ -->\n<title>Firmenpleiten-Prognose: Anzahl der Insolvenzen steigt weltweit - Organisator<\/title>\n<meta name=\"description\" content=\"Nicht nur in der Schweiz zeichnet sich mit stagnierenden Insolvenzen 2017 voraussichtlich eine Trendwende ab, sondern auch auf dem globalen Firmenparkett.\" \/>\n<meta name=\"robots\" content=\"index, follow, max-snippet:-1, max-image-preview:large, max-video-preview:-1\" \/>\n<link rel=\"canonical\" href=\"https:\/\/www.organisator.ch\/fr\/gestion-2\/finanzen_recht\/2017-01-18\/firmenpleiten-prognose-anzahl-der-insolvenzen-steigt-weltweit\/\" \/>\n<meta property=\"og:locale\" content=\"fr_FR\" \/>\n<meta property=\"og:type\" content=\"article\" \/>\n<meta property=\"og:title\" content=\"Firmenpleiten-Prognose: Anzahl der Insolvenzen steigt weltweit - Organisator\" \/>\n<meta property=\"og:description\" content=\"Nicht nur in der Schweiz zeichnet sich mit stagnierenden Insolvenzen 2017 voraussichtlich eine Trendwende ab, sondern auch auf dem globalen Firmenparkett.\" \/>\n<meta property=\"og:url\" content=\"https:\/\/www.organisator.ch\/fr\/gestion-2\/finanzen_recht\/2017-01-18\/firmenpleiten-prognose-anzahl-der-insolvenzen-steigt-weltweit\/\" \/>\n<meta property=\"og:site_name\" content=\"Organisator\" \/>\n<meta property=\"article:publisher\" content=\"https:\/\/www.facebook.com\/OrganisatorFachmagazin\" \/>\n<meta property=\"article:published_time\" content=\"2017-01-18T09:58:34+00:00\" \/>\n<meta property=\"og:image\" content=\"https:\/\/www.organisator.ch\/wp-content\/uploads\/2017\/01\/Firmenpleiten-Prognose-Anzahl-der-Insolvenzen-steigt-weltweit2_Organisator.jpg\" \/>\n\t<meta property=\"og:image:width\" content=\"424\" \/>\n\t<meta property=\"og:image:height\" content=\"283\" \/>\n\t<meta property=\"og:image:type\" content=\"image\/jpeg\" \/>\n<meta name=\"author\" content=\"thomas.berner\" \/>\n<meta name=\"twitter:card\" content=\"summary_large_image\" \/>\n<script type=\"application\/ld+json\" class=\"yoast-schema-graph\">{\"@context\":\"https:\\\/\\\/schema.org\",\"@graph\":[{\"@type\":\"Article\",\"@id\":\"https:\\\/\\\/www.organisator.ch\\\/management\\\/finanzen_recht\\\/2017-01-18\\\/firmenpleiten-prognose-anzahl-der-insolvenzen-steigt-weltweit\\\/#article\",\"isPartOf\":{\"@id\":\"https:\\\/\\\/www.organisator.ch\\\/management\\\/finanzen_recht\\\/2017-01-18\\\/firmenpleiten-prognose-anzahl-der-insolvenzen-steigt-weltweit\\\/\"},\"author\":{\"name\":\"thomas.berner\",\"@id\":\"https:\\\/\\\/www.organisator.ch\\\/#\\\/schema\\\/person\\\/6f650f90b2842cd4c0cc334b4e36f67e\"},\"headline\":\"Firmenpleiten-Prognose: Anzahl der Insolvenzen steigt weltweit\",\"datePublished\":\"2017-01-18T09:58:34+00:00\",\"mainEntityOfPage\":{\"@id\":\"https:\\\/\\\/www.organisator.ch\\\/management\\\/finanzen_recht\\\/2017-01-18\\\/firmenpleiten-prognose-anzahl-der-insolvenzen-steigt-weltweit\\\/\"},\"wordCount\":649,\"commentCount\":0,\"publisher\":{\"@id\":\"https:\\\/\\\/www.organisator.ch\\\/#organization\"},\"image\":{\"@id\":\"https:\\\/\\\/www.organisator.ch\\\/management\\\/finanzen_recht\\\/2017-01-18\\\/firmenpleiten-prognose-anzahl-der-insolvenzen-steigt-weltweit\\\/#primaryimage\"},\"thumbnailUrl\":\"https:\\\/\\\/www.organisator.ch\\\/wp-content\\\/uploads\\\/2017\\\/01\\\/Firmenpleiten-Prognose-Anzahl-der-Insolvenzen-steigt-weltweit2_Organisator.jpg\",\"keywords\":[\"Finanzierung\",\"M\u00e4rkte\",\"Vermischtes\",\"Wirtschaftspolitik\"],\"articleSection\":[\"FINANZEN\\\/RECHT\"],\"inLanguage\":\"fr-FR\"},{\"@type\":\"WebPage\",\"@id\":\"https:\\\/\\\/www.organisator.ch\\\/management\\\/finanzen_recht\\\/2017-01-18\\\/firmenpleiten-prognose-anzahl-der-insolvenzen-steigt-weltweit\\\/\",\"url\":\"https:\\\/\\\/www.organisator.ch\\\/management\\\/finanzen_recht\\\/2017-01-18\\\/firmenpleiten-prognose-anzahl-der-insolvenzen-steigt-weltweit\\\/\",\"name\":\"Firmenpleiten-Prognose: Anzahl der Insolvenzen steigt weltweit - Organisator\",\"isPartOf\":{\"@id\":\"https:\\\/\\\/www.organisator.ch\\\/#website\"},\"primaryImageOfPage\":{\"@id\":\"https:\\\/\\\/www.organisator.ch\\\/management\\\/finanzen_recht\\\/2017-01-18\\\/firmenpleiten-prognose-anzahl-der-insolvenzen-steigt-weltweit\\\/#primaryimage\"},\"image\":{\"@id\":\"https:\\\/\\\/www.organisator.ch\\\/management\\\/finanzen_recht\\\/2017-01-18\\\/firmenpleiten-prognose-anzahl-der-insolvenzen-steigt-weltweit\\\/#primaryimage\"},\"thumbnailUrl\":\"https:\\\/\\\/www.organisator.ch\\\/wp-content\\\/uploads\\\/2017\\\/01\\\/Firmenpleiten-Prognose-Anzahl-der-Insolvenzen-steigt-weltweit2_Organisator.jpg\",\"datePublished\":\"2017-01-18T09:58:34+00:00\",\"description\":\"Nicht nur in der Schweiz zeichnet sich mit stagnierenden Insolvenzen 2017 voraussichtlich eine Trendwende ab, sondern auch auf dem globalen Firmenparkett.\",\"breadcrumb\":{\"@id\":\"https:\\\/\\\/www.organisator.ch\\\/management\\\/finanzen_recht\\\/2017-01-18\\\/firmenpleiten-prognose-anzahl-der-insolvenzen-steigt-weltweit\\\/#breadcrumb\"},\"inLanguage\":\"fr-FR\",\"potentialAction\":[{\"@type\":\"ReadAction\",\"target\":[\"https:\\\/\\\/www.organisator.ch\\\/management\\\/finanzen_recht\\\/2017-01-18\\\/firmenpleiten-prognose-anzahl-der-insolvenzen-steigt-weltweit\\\/\"]}]},{\"@type\":\"ImageObject\",\"inLanguage\":\"fr-FR\",\"@id\":\"https:\\\/\\\/www.organisator.ch\\\/management\\\/finanzen_recht\\\/2017-01-18\\\/firmenpleiten-prognose-anzahl-der-insolvenzen-steigt-weltweit\\\/#primaryimage\",\"url\":\"https:\\\/\\\/www.organisator.ch\\\/wp-content\\\/uploads\\\/2017\\\/01\\\/Firmenpleiten-Prognose-Anzahl-der-Insolvenzen-steigt-weltweit2_Organisator.jpg\",\"contentUrl\":\"https:\\\/\\\/www.organisator.ch\\\/wp-content\\\/uploads\\\/2017\\\/01\\\/Firmenpleiten-Prognose-Anzahl-der-Insolvenzen-steigt-weltweit2_Organisator.jpg\",\"width\":424,\"height\":283,\"caption\":\"Die Zahl der Insolvenzen d\u00fcrfte 2017 weltweit ansteigen. (Jamrooferpix - Fotolia.com)\"},{\"@type\":\"BreadcrumbList\",\"@id\":\"https:\\\/\\\/www.organisator.ch\\\/management\\\/finanzen_recht\\\/2017-01-18\\\/firmenpleiten-prognose-anzahl-der-insolvenzen-steigt-weltweit\\\/#breadcrumb\",\"itemListElement\":[{\"@type\":\"ListItem\",\"position\":1,\"name\":\"Home\",\"item\":\"https:\\\/\\\/www.organisator.ch\\\/\"},{\"@type\":\"ListItem\",\"position\":2,\"name\":\"Firmenpleiten-Prognose: Anzahl der Insolvenzen steigt weltweit\"}]},{\"@type\":\"WebSite\",\"@id\":\"https:\\\/\\\/www.organisator.ch\\\/#website\",\"url\":\"https:\\\/\\\/www.organisator.ch\\\/\",\"name\":\"Organisator\",\"description\":\"Kompetent. Praxisnah. Der ORGANISATOR bereitet in 10 Ausgaben pro Jahr die wesentlichen Themen f\u00fcr F\u00fchrungskr\u00e4fte von KMU auf.\",\"publisher\":{\"@id\":\"https:\\\/\\\/www.organisator.ch\\\/#organization\"},\"potentialAction\":[{\"@type\":\"SearchAction\",\"target\":{\"@type\":\"EntryPoint\",\"urlTemplate\":\"https:\\\/\\\/www.organisator.ch\\\/?s={search_term_string}\"},\"query-input\":{\"@type\":\"PropertyValueSpecification\",\"valueRequired\":true,\"valueName\":\"search_term_string\"}}],\"inLanguage\":\"fr-FR\"},{\"@type\":\"Organization\",\"@id\":\"https:\\\/\\\/www.organisator.ch\\\/#organization\",\"name\":\"Organisator\",\"url\":\"https:\\\/\\\/www.organisator.ch\\\/\",\"logo\":{\"@type\":\"ImageObject\",\"inLanguage\":\"fr-FR\",\"@id\":\"https:\\\/\\\/www.organisator.ch\\\/#\\\/schema\\\/logo\\\/image\\\/\",\"url\":\"https:\\\/\\\/www.organisator.ch\\\/wp-content\\\/uploads\\\/2022\\\/01\\\/Logo_Organisator_Website.png\",\"contentUrl\":\"https:\\\/\\\/www.organisator.ch\\\/wp-content\\\/uploads\\\/2022\\\/01\\\/Logo_Organisator_Website.png\",\"width\":800,\"height\":77,\"caption\":\"Organisator\"},\"image\":{\"@id\":\"https:\\\/\\\/www.organisator.ch\\\/#\\\/schema\\\/logo\\\/image\\\/\"},\"sameAs\":[\"https:\\\/\\\/www.facebook.com\\\/OrganisatorFachmagazin\",\"https:\\\/\\\/www.linkedin.com\\\/showcase\\\/organisator-das-magazin-fr-kmu\",\"https:\\\/\\\/www.xing.com\\\/news\\\/pages\\\/organisator-ch-695\",\"https:\\\/\\\/www.youtube.com\\\/channel\\\/UCGP2Sq0iWaZwT3BdIAQFYpw\"]},{\"@type\":\"Person\",\"@id\":\"https:\\\/\\\/www.organisator.ch\\\/#\\\/schema\\\/person\\\/6f650f90b2842cd4c0cc334b4e36f67e\",\"name\":\"thomas.berner\",\"image\":{\"@type\":\"ImageObject\",\"inLanguage\":\"fr-FR\",\"@id\":\"https:\\\/\\\/secure.gravatar.com\\\/avatar\\\/ac5001d2a36cb6c6cd3e50789007ffca834b477b74a2144564522e944eabff61?s=96&d=mm&r=g\",\"url\":\"https:\\\/\\\/secure.gravatar.com\\\/avatar\\\/ac5001d2a36cb6c6cd3e50789007ffca834b477b74a2144564522e944eabff61?s=96&d=mm&r=g\",\"contentUrl\":\"https:\\\/\\\/secure.gravatar.com\\\/avatar\\\/ac5001d2a36cb6c6cd3e50789007ffca834b477b74a2144564522e944eabff61?s=96&d=mm&r=g\",\"caption\":\"thomas.berner\"},\"url\":\"https:\\\/\\\/www.organisator.ch\\\/fr\\\/author\\\/thomas-berner\\\/\"}]}<\/script>\n<!-- \/ Yoast SEO plugin. -->","yoast_head_json":{"title":"Pr\u00e9visions de faillites d'entreprises : le nombre de faillites augmente dans le monde entier - Organisateur","description":"Ce n'est pas seulement en Suisse qu'un renversement de tendance se dessine probablement, avec une stagnation des insolvabilit\u00e9s en 2017, mais aussi sur la sc\u00e8ne mondiale des entreprises.","robots":{"index":"index","follow":"follow","max-snippet":"max-snippet:-1","max-image-preview":"max-image-preview:large","max-video-preview":"max-video-preview:-1"},"canonical":"https:\/\/www.organisator.ch\/fr\/gestion-2\/finanzen_recht\/2017-01-18\/firmenpleiten-prognose-anzahl-der-insolvenzen-steigt-weltweit\/","og_locale":"fr_FR","og_type":"article","og_title":"Firmenpleiten-Prognose: Anzahl der Insolvenzen steigt weltweit - Organisator","og_description":"Nicht nur in der Schweiz zeichnet sich mit stagnierenden Insolvenzen 2017 voraussichtlich eine Trendwende ab, sondern auch auf dem globalen Firmenparkett.","og_url":"https:\/\/www.organisator.ch\/fr\/gestion-2\/finanzen_recht\/2017-01-18\/firmenpleiten-prognose-anzahl-der-insolvenzen-steigt-weltweit\/","og_site_name":"Organisator","article_publisher":"https:\/\/www.facebook.com\/OrganisatorFachmagazin","article_published_time":"2017-01-18T09:58:34+00:00","og_image":[{"width":424,"height":283,"url":"https:\/\/www.organisator.ch\/wp-content\/uploads\/2017\/01\/Firmenpleiten-Prognose-Anzahl-der-Insolvenzen-steigt-weltweit2_Organisator.jpg","type":"image\/jpeg"}],"author":"thomas.berner","twitter_card":"summary_large_image","schema":{"@context":"https:\/\/schema.org","@graph":[{"@type":"Article","@id":"https:\/\/www.organisator.ch\/management\/finanzen_recht\/2017-01-18\/firmenpleiten-prognose-anzahl-der-insolvenzen-steigt-weltweit\/#article","isPartOf":{"@id":"https:\/\/www.organisator.ch\/management\/finanzen_recht\/2017-01-18\/firmenpleiten-prognose-anzahl-der-insolvenzen-steigt-weltweit\/"},"author":{"name":"thomas.berner","@id":"https:\/\/www.organisator.ch\/#\/schema\/person\/6f650f90b2842cd4c0cc334b4e36f67e"},"headline":"Firmenpleiten-Prognose: Anzahl der Insolvenzen steigt weltweit","datePublished":"2017-01-18T09:58:34+00:00","mainEntityOfPage":{"@id":"https:\/\/www.organisator.ch\/management\/finanzen_recht\/2017-01-18\/firmenpleiten-prognose-anzahl-der-insolvenzen-steigt-weltweit\/"},"wordCount":649,"commentCount":0,"publisher":{"@id":"https:\/\/www.organisator.ch\/#organization"},"image":{"@id":"https:\/\/www.organisator.ch\/management\/finanzen_recht\/2017-01-18\/firmenpleiten-prognose-anzahl-der-insolvenzen-steigt-weltweit\/#primaryimage"},"thumbnailUrl":"https:\/\/www.organisator.ch\/wp-content\/uploads\/2017\/01\/Firmenpleiten-Prognose-Anzahl-der-Insolvenzen-steigt-weltweit2_Organisator.jpg","keywords":["Finanzierung","M\u00e4rkte","Vermischtes","Wirtschaftspolitik"],"articleSection":["FINANZEN\/RECHT"],"inLanguage":"fr-FR"},{"@type":"WebPage","@id":"https:\/\/www.organisator.ch\/management\/finanzen_recht\/2017-01-18\/firmenpleiten-prognose-anzahl-der-insolvenzen-steigt-weltweit\/","url":"https:\/\/www.organisator.ch\/management\/finanzen_recht\/2017-01-18\/firmenpleiten-prognose-anzahl-der-insolvenzen-steigt-weltweit\/","name":"Pr\u00e9visions de faillites d'entreprises : le nombre de faillites augmente dans le monde entier - Organisateur","isPartOf":{"@id":"https:\/\/www.organisator.ch\/#website"},"primaryImageOfPage":{"@id":"https:\/\/www.organisator.ch\/management\/finanzen_recht\/2017-01-18\/firmenpleiten-prognose-anzahl-der-insolvenzen-steigt-weltweit\/#primaryimage"},"image":{"@id":"https:\/\/www.organisator.ch\/management\/finanzen_recht\/2017-01-18\/firmenpleiten-prognose-anzahl-der-insolvenzen-steigt-weltweit\/#primaryimage"},"thumbnailUrl":"https:\/\/www.organisator.ch\/wp-content\/uploads\/2017\/01\/Firmenpleiten-Prognose-Anzahl-der-Insolvenzen-steigt-weltweit2_Organisator.jpg","datePublished":"2017-01-18T09:58:34+00:00","description":"Ce n'est pas seulement en Suisse qu'un renversement de tendance se dessine probablement, avec une stagnation des insolvabilit\u00e9s en 2017, mais aussi sur la sc\u00e8ne mondiale des entreprises.","breadcrumb":{"@id":"https:\/\/www.organisator.ch\/management\/finanzen_recht\/2017-01-18\/firmenpleiten-prognose-anzahl-der-insolvenzen-steigt-weltweit\/#breadcrumb"},"inLanguage":"fr-FR","potentialAction":[{"@type":"ReadAction","target":["https:\/\/www.organisator.ch\/management\/finanzen_recht\/2017-01-18\/firmenpleiten-prognose-anzahl-der-insolvenzen-steigt-weltweit\/"]}]},{"@type":"ImageObject","inLanguage":"fr-FR","@id":"https:\/\/www.organisator.ch\/management\/finanzen_recht\/2017-01-18\/firmenpleiten-prognose-anzahl-der-insolvenzen-steigt-weltweit\/#primaryimage","url":"https:\/\/www.organisator.ch\/wp-content\/uploads\/2017\/01\/Firmenpleiten-Prognose-Anzahl-der-Insolvenzen-steigt-weltweit2_Organisator.jpg","contentUrl":"https:\/\/www.organisator.ch\/wp-content\/uploads\/2017\/01\/Firmenpleiten-Prognose-Anzahl-der-Insolvenzen-steigt-weltweit2_Organisator.jpg","width":424,"height":283,"caption":"Die Zahl der Insolvenzen d\u00fcrfte 2017 weltweit ansteigen. (Jamrooferpix - Fotolia.com)"},{"@type":"BreadcrumbList","@id":"https:\/\/www.organisator.ch\/management\/finanzen_recht\/2017-01-18\/firmenpleiten-prognose-anzahl-der-insolvenzen-steigt-weltweit\/#breadcrumb","itemListElement":[{"@type":"ListItem","position":1,"name":"Home","item":"https:\/\/www.organisator.ch\/"},{"@type":"ListItem","position":2,"name":"Firmenpleiten-Prognose: Anzahl der Insolvenzen steigt weltweit"}]},{"@type":"WebSite","@id":"https:\/\/www.organisator.ch\/#website","url":"https:\/\/www.organisator.ch\/","name":"Organisateur","description":"Comp\u00e9tence et comp\u00e9tence. Proches de la pratique. L'ORGANISATEUR pr\u00e9pare 10 num\u00e9ros par an sur les th\u00e8mes essentiels pour les dirigeants de PME.","publisher":{"@id":"https:\/\/www.organisator.ch\/#organization"},"potentialAction":[{"@type":"SearchAction","target":{"@type":"EntryPoint","urlTemplate":"https:\/\/www.organisator.ch\/?s={search_term_string}"},"query-input":{"@type":"PropertyValueSpecification","valueRequired":true,"valueName":"search_term_string"}}],"inLanguage":"fr-FR"},{"@type":"Organization","@id":"https:\/\/www.organisator.ch\/#organization","name":"Organisateur","url":"https:\/\/www.organisator.ch\/","logo":{"@type":"ImageObject","inLanguage":"fr-FR","@id":"https:\/\/www.organisator.ch\/#\/schema\/logo\/image\/","url":"https:\/\/www.organisator.ch\/wp-content\/uploads\/2022\/01\/Logo_Organisator_Website.png","contentUrl":"https:\/\/www.organisator.ch\/wp-content\/uploads\/2022\/01\/Logo_Organisator_Website.png","width":800,"height":77,"caption":"Organisator"},"image":{"@id":"https:\/\/www.organisator.ch\/#\/schema\/logo\/image\/"},"sameAs":["https:\/\/www.facebook.com\/OrganisatorFachmagazin","https:\/\/www.linkedin.com\/showcase\/organisator-das-magazin-fr-kmu","https:\/\/www.xing.com\/news\/pages\/organisator-ch-695","https:\/\/www.youtube.com\/channel\/UCGP2Sq0iWaZwT3BdIAQFYpw"]},{"@type":"Person","@id":"https:\/\/www.organisator.ch\/#\/schema\/person\/6f650f90b2842cd4c0cc334b4e36f67e","name":"thomas.berner","image":{"@type":"ImageObject","inLanguage":"fr-FR","@id":"https:\/\/secure.gravatar.com\/avatar\/ac5001d2a36cb6c6cd3e50789007ffca834b477b74a2144564522e944eabff61?s=96&d=mm&r=g","url":"https:\/\/secure.gravatar.com\/avatar\/ac5001d2a36cb6c6cd3e50789007ffca834b477b74a2144564522e944eabff61?s=96&d=mm&r=g","contentUrl":"https:\/\/secure.gravatar.com\/avatar\/ac5001d2a36cb6c6cd3e50789007ffca834b477b74a2144564522e944eabff61?s=96&d=mm&r=g","caption":"thomas.berner"},"url":"https:\/\/www.organisator.ch\/fr\/author\/thomas-berner\/"}]}},"_links":{"self":[{"href":"https:\/\/www.organisator.ch\/fr\/wp-json\/wp\/v2\/posts\/1371","targetHints":{"allow":["GET"]}}],"collection":[{"href":"https:\/\/www.organisator.ch\/fr\/wp-json\/wp\/v2\/posts"}],"about":[{"href":"https:\/\/www.organisator.ch\/fr\/wp-json\/wp\/v2\/types\/post"}],"author":[{"embeddable":true,"href":"https:\/\/www.organisator.ch\/fr\/wp-json\/wp\/v2\/users\/4"}],"replies":[{"embeddable":true,"href":"https:\/\/www.organisator.ch\/fr\/wp-json\/wp\/v2\/comments?post=1371"}],"version-history":[{"count":0,"href":"https:\/\/www.organisator.ch\/fr\/wp-json\/wp\/v2\/posts\/1371\/revisions"}],"wp:featuredmedia":[{"embeddable":true,"href":"https:\/\/www.organisator.ch\/fr\/wp-json\/wp\/v2\/media\/1374"}],"wp:attachment":[{"href":"https:\/\/www.organisator.ch\/fr\/wp-json\/wp\/v2\/media?parent=1371"}],"wp:term":[{"taxonomy":"category","embeddable":true,"href":"https:\/\/www.organisator.ch\/fr\/wp-json\/wp\/v2\/categories?post=1371"},{"taxonomy":"post_tag","embeddable":true,"href":"https:\/\/www.organisator.ch\/fr\/wp-json\/wp\/v2\/tags?post=1371"}],"curies":[{"name":"wp","href":"https:\/\/api.w.org\/{rel}","templated":true}]}}