{"id":1390,"date":"2017-01-20T08:22:37","date_gmt":"2017-01-20T07:22:37","guid":{"rendered":"https:\/\/organisator.ch\/?p=1390"},"modified":"2017-01-20T08:22:37","modified_gmt":"2017-01-20T07:22:37","slug":"kmu-haben-zu-wenig-einfluss-auf-politische-entscheidungen","status":"publish","type":"post","link":"https:\/\/www.organisator.ch\/fr\/allgemein\/2017-01-20\/kmu-haben-zu-wenig-einfluss-auf-politische-entscheidungen\/","title":{"rendered":"Les PME n'ont pas assez d'influence sur les d\u00e9cisions politiques"},"content":{"rendered":"<p>Une enqu\u00eate men\u00e9e en novembre 2016 aupr\u00e8s de plus de 5500 entreprises de 19 pays montre que 43 pour cent des entrepreneurs ne se sentent pas suffisamment repr\u00e9sent\u00e9s par la politique, et ce dans une ann\u00e9e d'instabilit\u00e9 et de changement politiques. En Allemagne, en Autriche et en Suisse, 513 PME ont particip\u00e9 \u00e0 l'enqu\u00eate et 61 pour cent d'entre elles se sentent m\u00eame trop peu repr\u00e9sent\u00e9es par la politique. Toutefois, en Suisse, 42 % des personnes interrog\u00e9es estiment que les PME sont bien repr\u00e9sent\u00e9es par la politique. Il s'agit de la troisi\u00e8me valeur la plus \u00e9lev\u00e9e de tous les pays interrog\u00e9s ; les PME ne se sentent mieux impliqu\u00e9es dans les d\u00e9cisions politiques qu'en Australie (54 pour cent) et au Br\u00e9sil (59 pour cent).<\/p>\n<p><strong>Sage lance le \"Forum for Business Builders\".<\/strong><\/p>\n<p>Sage a partag\u00e9 les conclusions de cette enqu\u00eate \u00e0 l'occasion du lancement du \"Sage Forum for Business Builders\". Ce forum a pour but d'offrir aux entrepreneurs du monde entier une plate-forme o\u00f9 ils peuvent faire entendre leur point de vue et partager leurs exp\u00e9riences sur les obstacles et les \u00e9cueils qu'ils rencontrent sur le chemin de l'entreprise en tant que cr\u00e9ateurs et directeurs. Parall\u00e8lement, la plateforme initi\u00e9e par Sage entend apporter un soutien politique. Pour ce faire, un grand nombre de manifestations \u00e0 caract\u00e8re politique sont organis\u00e9es dans le cadre du forum. La pr\u00e9sentation en ligne du forum peut \u00eatre consult\u00e9e ici : <a href=\"https:\/\/www.sage.com\/company\/business-builders\">https:\/\/www.sage.com\/company\/business-builders<\/a><\/p>\n<p><strong>Les PME largement exclues du WEF<\/strong><\/p>\n<p>Stephen Kelly (photo), CEO de Sage, critique le fait que les PME soient trop peu impliqu\u00e9es dans les d\u00e9cisions politiques : \"Les entrepreneurs sont les b\u00e2tisseurs de l'\u00e9conomie, ils travaillent jour et nuit et cr\u00e9ent deux tiers des nouveaux emplois dans les \u00e9conomies d\u00e9velopp\u00e9es du monde. Mais tr\u00e8s souvent, lorsque les d\u00e9cideurs politiques du monde discutent du paysage \u00e9conomique mondial, ils sont exclus de la discussion. On le voit \u00e9galement chaque ann\u00e9e au Forum \u00e9conomique mondial de Davos, o\u00f9 les PME sont largement exclues de l'ordre du jour\". C'est pour cette raison, selon Kelly, que Sage lance \u00e9galement le \"Sage Forum for Business Builders\" et veut ainsi contribuer \u00e0 changer cette situation insatisfaisante\".<\/p>\n<figure id=\"attachment_1393\" aria-describedby=\"caption-attachment-1393\" style=\"width: 590px\" class=\"wp-caption alignnone\"><img loading=\"lazy\" decoding=\"async\" class=\"size-full wp-image-1393\" src=\"https:\/\/www.organisator.ch\/wp-content\/uploads\/2017\/01\/KMU-haben-zu-wenig-Einfluss-auf-politische-Entscheidungen_Organisator.jpg\" alt=\"\" width=\"590\" height=\"480\" srcset=\"https:\/\/www.organisator.ch\/wp-content\/uploads\/2017\/01\/KMU-haben-zu-wenig-Einfluss-auf-politische-Entscheidungen_Organisator.jpg 590w, https:\/\/www.organisator.ch\/wp-content\/uploads\/2017\/01\/KMU-haben-zu-wenig-Einfluss-auf-politische-Entscheidungen_Organisator-16x12.jpg 16w, https:\/\/www.organisator.ch\/wp-content\/uploads\/2017\/01\/KMU-haben-zu-wenig-Einfluss-auf-politische-Entscheidungen_Organisator-215x175.jpg 215w, https:\/\/www.organisator.ch\/wp-content\/uploads\/2017\/01\/KMU-haben-zu-wenig-Einfluss-auf-politische-Entscheidungen_Organisator-430x350.jpg 430w, https:\/\/www.organisator.ch\/wp-content\/uploads\/2017\/01\/KMU-haben-zu-wenig-Einfluss-auf-politische-Entscheidungen_Organisator-300x244.jpg 300w\" sizes=\"auto, (max-width: 590px) 100vw, 590px\" \/><figcaption id=\"caption-attachment-1393\" class=\"wp-caption-text\">Stephen Kelly, PDG de Sage Group.<\/figcaption><\/figure>\n<p>Les autres r\u00e9sultats pour la r\u00e9gion DACH montrent que pour les PME, le plus grand d\u00e9fi pour l'ann\u00e9e 2017 est la bureaucratie gouvernementale et la l\u00e9gislation (23%), suivi par le manque de personnel qualifi\u00e9 (12%) et l'obtention de moyens d'investissement (financement et acc\u00e8s au capital - 11%). De m\u00eame, 11% des personnes interrog\u00e9es consid\u00e8rent que l'entr\u00e9e sur les march\u00e9s internationaux constitue un d\u00e9fi.<\/p>\n<p>Source : <a href=\"http:\/\/www.sage.com\/ch\">Sage<\/a><\/p>","protected":false},"excerpt":{"rendered":"<p>Eine im November 2016 durchgef\u00fchrte Umfrage bei mehr als 5500 Unternehmen aus 19 L\u00e4ndern zeigt, dass sich 43 Prozent der Unternehmer nicht gen\u00fcgend durch die Politik vertreten f\u00fchlen \u2013 und das in einem Jahr der politischen Instabilit\u00e4t und des Wandels. In Deutschland, \u00d6sterreich und der Schweiz nahmen 513 KMU an der Befragung teil, von denen [&hellip;]<\/p>\n","protected":false},"author":4,"featured_media":1393,"comment_status":"open","ping_status":"open","sticky":false,"template":"","format":"standard","meta":{"_acf_changed":false,"_yoast_wpseo_focuskw":"politische Entscheidungen","_yoast_wpseo_metadesc":"KMU finden, dass sie zu wenig Einfluss haben, wenn in ihrem Land politische Entscheidungen getroffen werden. Das zeigt eine Studie von Sage.","articlekey":"","footnotes":""},"categories":[1],"tags":[340,386,459,492],"class_list":["post-1390","post","type-post","status-publish","format-standard","has-post-thumbnail","hentry","category-allgemein","tag-maerkte","tag-politik","tag-studie","tag-unternehmen"],"acf":[],"yoast_head":"<!-- This site is optimized with the Yoast SEO plugin v27.5 - https:\/\/yoast.com\/product\/yoast-seo-wordpress\/ -->\n<title>KMU haben zu wenig Einfluss auf politische Entscheidungen - Organisator<\/title>\n<meta name=\"description\" content=\"KMU finden, dass sie zu wenig Einfluss haben, wenn in ihrem Land politische Entscheidungen getroffen werden. Das zeigt eine Studie von Sage.\" \/>\n<meta name=\"robots\" content=\"index, follow, max-snippet:-1, max-image-preview:large, max-video-preview:-1\" \/>\n<link rel=\"canonical\" href=\"https:\/\/www.organisator.ch\/fr\/general\/2017-01-20\/kmu-haben-zu-wenig-einfluss-auf-politische-entscheidungen\/\" \/>\n<meta property=\"og:locale\" content=\"fr_FR\" \/>\n<meta property=\"og:type\" content=\"article\" \/>\n<meta property=\"og:title\" content=\"KMU haben zu wenig Einfluss auf politische Entscheidungen - Organisator\" \/>\n<meta property=\"og:description\" content=\"KMU finden, dass sie zu wenig Einfluss haben, wenn in ihrem Land politische Entscheidungen getroffen werden. Das zeigt eine Studie von Sage.\" \/>\n<meta property=\"og:url\" content=\"https:\/\/www.organisator.ch\/fr\/general\/2017-01-20\/kmu-haben-zu-wenig-einfluss-auf-politische-entscheidungen\/\" \/>\n<meta property=\"og:site_name\" content=\"Organisator\" \/>\n<meta property=\"article:publisher\" content=\"https:\/\/www.facebook.com\/OrganisatorFachmagazin\" \/>\n<meta property=\"article:published_time\" content=\"2017-01-20T07:22:37+00:00\" \/>\n<meta property=\"og:image\" content=\"https:\/\/www.organisator.ch\/wp-content\/uploads\/2017\/01\/KMU-haben-zu-wenig-Einfluss-auf-politische-Entscheidungen_Organisator.jpg\" \/>\n\t<meta property=\"og:image:width\" content=\"590\" \/>\n\t<meta property=\"og:image:height\" content=\"480\" \/>\n\t<meta property=\"og:image:type\" content=\"image\/jpeg\" \/>\n<meta name=\"author\" content=\"thomas.berner\" \/>\n<meta name=\"twitter:card\" content=\"summary_large_image\" \/>\n<script type=\"application\/ld+json\" class=\"yoast-schema-graph\">{\"@context\":\"https:\\\/\\\/schema.org\",\"@graph\":[{\"@type\":\"Article\",\"@id\":\"https:\\\/\\\/www.organisator.ch\\\/fr\\\/general\\\/2017-01-20\\\/kmu-haben-zu-wenig-einfluss-auf-politische-entscheidungen\\\/#article\",\"isPartOf\":{\"@id\":\"https:\\\/\\\/www.organisator.ch\\\/fr\\\/general\\\/2017-01-20\\\/kmu-haben-zu-wenig-einfluss-auf-politische-entscheidungen\\\/\"},\"author\":{\"name\":\"thomas.berner\",\"@id\":\"https:\\\/\\\/www.organisator.ch\\\/#\\\/schema\\\/person\\\/6f650f90b2842cd4c0cc334b4e36f67e\"},\"headline\":\"KMU haben zu wenig Einfluss auf politische Entscheidungen\",\"datePublished\":\"2017-01-20T07:22:37+00:00\",\"mainEntityOfPage\":{\"@id\":\"https:\\\/\\\/www.organisator.ch\\\/fr\\\/general\\\/2017-01-20\\\/kmu-haben-zu-wenig-einfluss-auf-politische-entscheidungen\\\/\"},\"wordCount\":405,\"commentCount\":0,\"publisher\":{\"@id\":\"https:\\\/\\\/www.organisator.ch\\\/#organization\"},\"image\":{\"@id\":\"https:\\\/\\\/www.organisator.ch\\\/fr\\\/general\\\/2017-01-20\\\/kmu-haben-zu-wenig-einfluss-auf-politische-entscheidungen\\\/#primaryimage\"},\"thumbnailUrl\":\"https:\\\/\\\/www.organisator.ch\\\/wp-content\\\/uploads\\\/2017\\\/01\\\/KMU-haben-zu-wenig-Einfluss-auf-politische-Entscheidungen_Organisator.jpg\",\"keywords\":[\"M\u00e4rkte\",\"Politik\",\"Studie\",\"Unternehmen\"],\"articleSection\":[\"Allgemein\"],\"inLanguage\":\"fr-FR\"},{\"@type\":\"WebPage\",\"@id\":\"https:\\\/\\\/www.organisator.ch\\\/fr\\\/general\\\/2017-01-20\\\/kmu-haben-zu-wenig-einfluss-auf-politische-entscheidungen\\\/\",\"url\":\"https:\\\/\\\/www.organisator.ch\\\/fr\\\/general\\\/2017-01-20\\\/kmu-haben-zu-wenig-einfluss-auf-politische-entscheidungen\\\/\",\"name\":\"KMU haben zu wenig Einfluss auf politische Entscheidungen - Organisator\",\"isPartOf\":{\"@id\":\"https:\\\/\\\/www.organisator.ch\\\/#website\"},\"primaryImageOfPage\":{\"@id\":\"https:\\\/\\\/www.organisator.ch\\\/fr\\\/general\\\/2017-01-20\\\/kmu-haben-zu-wenig-einfluss-auf-politische-entscheidungen\\\/#primaryimage\"},\"image\":{\"@id\":\"https:\\\/\\\/www.organisator.ch\\\/fr\\\/general\\\/2017-01-20\\\/kmu-haben-zu-wenig-einfluss-auf-politische-entscheidungen\\\/#primaryimage\"},\"thumbnailUrl\":\"https:\\\/\\\/www.organisator.ch\\\/wp-content\\\/uploads\\\/2017\\\/01\\\/KMU-haben-zu-wenig-Einfluss-auf-politische-Entscheidungen_Organisator.jpg\",\"datePublished\":\"2017-01-20T07:22:37+00:00\",\"description\":\"KMU finden, dass sie zu wenig Einfluss haben, wenn in ihrem Land politische Entscheidungen getroffen werden. Das zeigt eine Studie von Sage.\",\"breadcrumb\":{\"@id\":\"https:\\\/\\\/www.organisator.ch\\\/fr\\\/general\\\/2017-01-20\\\/kmu-haben-zu-wenig-einfluss-auf-politische-entscheidungen\\\/#breadcrumb\"},\"inLanguage\":\"fr-FR\",\"potentialAction\":[{\"@type\":\"ReadAction\",\"target\":[\"https:\\\/\\\/www.organisator.ch\\\/fr\\\/general\\\/2017-01-20\\\/kmu-haben-zu-wenig-einfluss-auf-politische-entscheidungen\\\/\"]}]},{\"@type\":\"ImageObject\",\"inLanguage\":\"fr-FR\",\"@id\":\"https:\\\/\\\/www.organisator.ch\\\/fr\\\/general\\\/2017-01-20\\\/kmu-haben-zu-wenig-einfluss-auf-politische-entscheidungen\\\/#primaryimage\",\"url\":\"https:\\\/\\\/www.organisator.ch\\\/wp-content\\\/uploads\\\/2017\\\/01\\\/KMU-haben-zu-wenig-Einfluss-auf-politische-Entscheidungen_Organisator.jpg\",\"contentUrl\":\"https:\\\/\\\/www.organisator.ch\\\/wp-content\\\/uploads\\\/2017\\\/01\\\/KMU-haben-zu-wenig-Einfluss-auf-politische-Entscheidungen_Organisator.jpg\",\"width\":590,\"height\":480,\"caption\":\"Stephen Kelly, CEO der Sage Group.\"},{\"@type\":\"BreadcrumbList\",\"@id\":\"https:\\\/\\\/www.organisator.ch\\\/fr\\\/general\\\/2017-01-20\\\/kmu-haben-zu-wenig-einfluss-auf-politische-entscheidungen\\\/#breadcrumb\",\"itemListElement\":[{\"@type\":\"ListItem\",\"position\":1,\"name\":\"Home\",\"item\":\"https:\\\/\\\/www.organisator.ch\\\/\"},{\"@type\":\"ListItem\",\"position\":2,\"name\":\"KMU haben zu wenig Einfluss auf politische Entscheidungen\"}]},{\"@type\":\"WebSite\",\"@id\":\"https:\\\/\\\/www.organisator.ch\\\/#website\",\"url\":\"https:\\\/\\\/www.organisator.ch\\\/\",\"name\":\"Organisator\",\"description\":\"Kompetent. Praxisnah. Der ORGANISATOR bereitet in 10 Ausgaben pro Jahr die wesentlichen Themen f\u00fcr F\u00fchrungskr\u00e4fte von KMU auf.\",\"publisher\":{\"@id\":\"https:\\\/\\\/www.organisator.ch\\\/#organization\"},\"potentialAction\":[{\"@type\":\"SearchAction\",\"target\":{\"@type\":\"EntryPoint\",\"urlTemplate\":\"https:\\\/\\\/www.organisator.ch\\\/?s={search_term_string}\"},\"query-input\":{\"@type\":\"PropertyValueSpecification\",\"valueRequired\":true,\"valueName\":\"search_term_string\"}}],\"inLanguage\":\"fr-FR\"},{\"@type\":\"Organization\",\"@id\":\"https:\\\/\\\/www.organisator.ch\\\/#organization\",\"name\":\"Organisator\",\"url\":\"https:\\\/\\\/www.organisator.ch\\\/\",\"logo\":{\"@type\":\"ImageObject\",\"inLanguage\":\"fr-FR\",\"@id\":\"https:\\\/\\\/www.organisator.ch\\\/#\\\/schema\\\/logo\\\/image\\\/\",\"url\":\"https:\\\/\\\/www.organisator.ch\\\/wp-content\\\/uploads\\\/2022\\\/01\\\/Logo_Organisator_Website.png\",\"contentUrl\":\"https:\\\/\\\/www.organisator.ch\\\/wp-content\\\/uploads\\\/2022\\\/01\\\/Logo_Organisator_Website.png\",\"width\":800,\"height\":77,\"caption\":\"Organisator\"},\"image\":{\"@id\":\"https:\\\/\\\/www.organisator.ch\\\/#\\\/schema\\\/logo\\\/image\\\/\"},\"sameAs\":[\"https:\\\/\\\/www.facebook.com\\\/OrganisatorFachmagazin\",\"https:\\\/\\\/www.linkedin.com\\\/showcase\\\/organisator-das-magazin-fr-kmu\",\"https:\\\/\\\/www.xing.com\\\/news\\\/pages\\\/organisator-ch-695\",\"https:\\\/\\\/www.youtube.com\\\/channel\\\/UCGP2Sq0iWaZwT3BdIAQFYpw\"]},{\"@type\":\"Person\",\"@id\":\"https:\\\/\\\/www.organisator.ch\\\/#\\\/schema\\\/person\\\/6f650f90b2842cd4c0cc334b4e36f67e\",\"name\":\"thomas.berner\",\"image\":{\"@type\":\"ImageObject\",\"inLanguage\":\"fr-FR\",\"@id\":\"https:\\\/\\\/secure.gravatar.com\\\/avatar\\\/ac5001d2a36cb6c6cd3e50789007ffca834b477b74a2144564522e944eabff61?s=96&d=mm&r=g\",\"url\":\"https:\\\/\\\/secure.gravatar.com\\\/avatar\\\/ac5001d2a36cb6c6cd3e50789007ffca834b477b74a2144564522e944eabff61?s=96&d=mm&r=g\",\"contentUrl\":\"https:\\\/\\\/secure.gravatar.com\\\/avatar\\\/ac5001d2a36cb6c6cd3e50789007ffca834b477b74a2144564522e944eabff61?s=96&d=mm&r=g\",\"caption\":\"thomas.berner\"},\"url\":\"https:\\\/\\\/www.organisator.ch\\\/fr\\\/author\\\/thomas-berner\\\/\"}]}<\/script>\n<!-- \/ Yoast SEO plugin. -->","yoast_head_json":{"title":"Les PME n'ont pas assez d'influence sur les d\u00e9cisions politiques - Organisateur","description":"Les PME estiment qu'elles ont trop peu d'influence lorsque des d\u00e9cisions politiques sont prises dans leur pays. C'est ce que r\u00e9v\u00e8le une \u00e9tude de Sage.","robots":{"index":"index","follow":"follow","max-snippet":"max-snippet:-1","max-image-preview":"max-image-preview:large","max-video-preview":"max-video-preview:-1"},"canonical":"https:\/\/www.organisator.ch\/fr\/general\/2017-01-20\/kmu-haben-zu-wenig-einfluss-auf-politische-entscheidungen\/","og_locale":"fr_FR","og_type":"article","og_title":"KMU haben zu wenig Einfluss auf politische Entscheidungen - Organisator","og_description":"KMU finden, dass sie zu wenig Einfluss haben, wenn in ihrem Land politische Entscheidungen getroffen werden. Das zeigt eine Studie von Sage.","og_url":"https:\/\/www.organisator.ch\/fr\/general\/2017-01-20\/kmu-haben-zu-wenig-einfluss-auf-politische-entscheidungen\/","og_site_name":"Organisator","article_publisher":"https:\/\/www.facebook.com\/OrganisatorFachmagazin","article_published_time":"2017-01-20T07:22:37+00:00","og_image":[{"width":590,"height":480,"url":"https:\/\/www.organisator.ch\/wp-content\/uploads\/2017\/01\/KMU-haben-zu-wenig-Einfluss-auf-politische-Entscheidungen_Organisator.jpg","type":"image\/jpeg"}],"author":"thomas.berner","twitter_card":"summary_large_image","schema":{"@context":"https:\/\/schema.org","@graph":[{"@type":"Article","@id":"https:\/\/www.organisator.ch\/fr\/general\/2017-01-20\/kmu-haben-zu-wenig-einfluss-auf-politische-entscheidungen\/#article","isPartOf":{"@id":"https:\/\/www.organisator.ch\/fr\/general\/2017-01-20\/kmu-haben-zu-wenig-einfluss-auf-politische-entscheidungen\/"},"author":{"name":"thomas.berner","@id":"https:\/\/www.organisator.ch\/#\/schema\/person\/6f650f90b2842cd4c0cc334b4e36f67e"},"headline":"KMU haben zu wenig Einfluss auf politische Entscheidungen","datePublished":"2017-01-20T07:22:37+00:00","mainEntityOfPage":{"@id":"https:\/\/www.organisator.ch\/fr\/general\/2017-01-20\/kmu-haben-zu-wenig-einfluss-auf-politische-entscheidungen\/"},"wordCount":405,"commentCount":0,"publisher":{"@id":"https:\/\/www.organisator.ch\/#organization"},"image":{"@id":"https:\/\/www.organisator.ch\/fr\/general\/2017-01-20\/kmu-haben-zu-wenig-einfluss-auf-politische-entscheidungen\/#primaryimage"},"thumbnailUrl":"https:\/\/www.organisator.ch\/wp-content\/uploads\/2017\/01\/KMU-haben-zu-wenig-Einfluss-auf-politische-Entscheidungen_Organisator.jpg","keywords":["M\u00e4rkte","Politik","Studie","Unternehmen"],"articleSection":["Allgemein"],"inLanguage":"fr-FR"},{"@type":"WebPage","@id":"https:\/\/www.organisator.ch\/fr\/general\/2017-01-20\/kmu-haben-zu-wenig-einfluss-auf-politische-entscheidungen\/","url":"https:\/\/www.organisator.ch\/fr\/general\/2017-01-20\/kmu-haben-zu-wenig-einfluss-auf-politische-entscheidungen\/","name":"Les PME n'ont pas assez d'influence sur les d\u00e9cisions politiques - Organisateur","isPartOf":{"@id":"https:\/\/www.organisator.ch\/#website"},"primaryImageOfPage":{"@id":"https:\/\/www.organisator.ch\/fr\/general\/2017-01-20\/kmu-haben-zu-wenig-einfluss-auf-politische-entscheidungen\/#primaryimage"},"image":{"@id":"https:\/\/www.organisator.ch\/fr\/general\/2017-01-20\/kmu-haben-zu-wenig-einfluss-auf-politische-entscheidungen\/#primaryimage"},"thumbnailUrl":"https:\/\/www.organisator.ch\/wp-content\/uploads\/2017\/01\/KMU-haben-zu-wenig-Einfluss-auf-politische-Entscheidungen_Organisator.jpg","datePublished":"2017-01-20T07:22:37+00:00","description":"Les PME estiment qu'elles ont trop peu d'influence lorsque des d\u00e9cisions politiques sont prises dans leur pays. C'est ce que r\u00e9v\u00e8le une \u00e9tude de Sage.","breadcrumb":{"@id":"https:\/\/www.organisator.ch\/fr\/general\/2017-01-20\/kmu-haben-zu-wenig-einfluss-auf-politische-entscheidungen\/#breadcrumb"},"inLanguage":"fr-FR","potentialAction":[{"@type":"ReadAction","target":["https:\/\/www.organisator.ch\/fr\/general\/2017-01-20\/kmu-haben-zu-wenig-einfluss-auf-politische-entscheidungen\/"]}]},{"@type":"ImageObject","inLanguage":"fr-FR","@id":"https:\/\/www.organisator.ch\/fr\/general\/2017-01-20\/kmu-haben-zu-wenig-einfluss-auf-politische-entscheidungen\/#primaryimage","url":"https:\/\/www.organisator.ch\/wp-content\/uploads\/2017\/01\/KMU-haben-zu-wenig-Einfluss-auf-politische-Entscheidungen_Organisator.jpg","contentUrl":"https:\/\/www.organisator.ch\/wp-content\/uploads\/2017\/01\/KMU-haben-zu-wenig-Einfluss-auf-politische-Entscheidungen_Organisator.jpg","width":590,"height":480,"caption":"Stephen Kelly, CEO der Sage Group."},{"@type":"BreadcrumbList","@id":"https:\/\/www.organisator.ch\/fr\/general\/2017-01-20\/kmu-haben-zu-wenig-einfluss-auf-politische-entscheidungen\/#breadcrumb","itemListElement":[{"@type":"ListItem","position":1,"name":"Home","item":"https:\/\/www.organisator.ch\/"},{"@type":"ListItem","position":2,"name":"KMU haben zu wenig Einfluss auf politische Entscheidungen"}]},{"@type":"WebSite","@id":"https:\/\/www.organisator.ch\/#website","url":"https:\/\/www.organisator.ch\/","name":"Organisateur","description":"Comp\u00e9tence et comp\u00e9tence. Proches de la pratique. L'ORGANISATEUR pr\u00e9pare 10 num\u00e9ros par an sur les th\u00e8mes essentiels pour les dirigeants de PME.","publisher":{"@id":"https:\/\/www.organisator.ch\/#organization"},"potentialAction":[{"@type":"SearchAction","target":{"@type":"EntryPoint","urlTemplate":"https:\/\/www.organisator.ch\/?s={search_term_string}"},"query-input":{"@type":"PropertyValueSpecification","valueRequired":true,"valueName":"search_term_string"}}],"inLanguage":"fr-FR"},{"@type":"Organization","@id":"https:\/\/www.organisator.ch\/#organization","name":"Organisateur","url":"https:\/\/www.organisator.ch\/","logo":{"@type":"ImageObject","inLanguage":"fr-FR","@id":"https:\/\/www.organisator.ch\/#\/schema\/logo\/image\/","url":"https:\/\/www.organisator.ch\/wp-content\/uploads\/2022\/01\/Logo_Organisator_Website.png","contentUrl":"https:\/\/www.organisator.ch\/wp-content\/uploads\/2022\/01\/Logo_Organisator_Website.png","width":800,"height":77,"caption":"Organisator"},"image":{"@id":"https:\/\/www.organisator.ch\/#\/schema\/logo\/image\/"},"sameAs":["https:\/\/www.facebook.com\/OrganisatorFachmagazin","https:\/\/www.linkedin.com\/showcase\/organisator-das-magazin-fr-kmu","https:\/\/www.xing.com\/news\/pages\/organisator-ch-695","https:\/\/www.youtube.com\/channel\/UCGP2Sq0iWaZwT3BdIAQFYpw"]},{"@type":"Person","@id":"https:\/\/www.organisator.ch\/#\/schema\/person\/6f650f90b2842cd4c0cc334b4e36f67e","name":"thomas.berner","image":{"@type":"ImageObject","inLanguage":"fr-FR","@id":"https:\/\/secure.gravatar.com\/avatar\/ac5001d2a36cb6c6cd3e50789007ffca834b477b74a2144564522e944eabff61?s=96&d=mm&r=g","url":"https:\/\/secure.gravatar.com\/avatar\/ac5001d2a36cb6c6cd3e50789007ffca834b477b74a2144564522e944eabff61?s=96&d=mm&r=g","contentUrl":"https:\/\/secure.gravatar.com\/avatar\/ac5001d2a36cb6c6cd3e50789007ffca834b477b74a2144564522e944eabff61?s=96&d=mm&r=g","caption":"thomas.berner"},"url":"https:\/\/www.organisator.ch\/fr\/author\/thomas-berner\/"}]}},"_links":{"self":[{"href":"https:\/\/www.organisator.ch\/fr\/wp-json\/wp\/v2\/posts\/1390","targetHints":{"allow":["GET"]}}],"collection":[{"href":"https:\/\/www.organisator.ch\/fr\/wp-json\/wp\/v2\/posts"}],"about":[{"href":"https:\/\/www.organisator.ch\/fr\/wp-json\/wp\/v2\/types\/post"}],"author":[{"embeddable":true,"href":"https:\/\/www.organisator.ch\/fr\/wp-json\/wp\/v2\/users\/4"}],"replies":[{"embeddable":true,"href":"https:\/\/www.organisator.ch\/fr\/wp-json\/wp\/v2\/comments?post=1390"}],"version-history":[{"count":0,"href":"https:\/\/www.organisator.ch\/fr\/wp-json\/wp\/v2\/posts\/1390\/revisions"}],"wp:featuredmedia":[{"embeddable":true,"href":"https:\/\/www.organisator.ch\/fr\/wp-json\/wp\/v2\/media\/1393"}],"wp:attachment":[{"href":"https:\/\/www.organisator.ch\/fr\/wp-json\/wp\/v2\/media?parent=1390"}],"wp:term":[{"taxonomy":"category","embeddable":true,"href":"https:\/\/www.organisator.ch\/fr\/wp-json\/wp\/v2\/categories?post=1390"},{"taxonomy":"post_tag","embeddable":true,"href":"https:\/\/www.organisator.ch\/fr\/wp-json\/wp\/v2\/tags?post=1390"}],"curies":[{"name":"wp","href":"https:\/\/api.w.org\/{rel}","templated":true}]}}