{"id":13916,"date":"2022-06-08T11:00:44","date_gmt":"2022-06-08T09:00:44","guid":{"rendered":"https:\/\/www.m-q.ch\/?p=16421"},"modified":"2022-07-27T11:45:26","modified_gmt":"2022-07-27T09:45:26","slug":"unabhaengiges-testinstitut-erhoeht-nationale-cybersicherheit-in-der-schweiz","status":"publish","type":"post","link":"https:\/\/www.organisator.ch\/fr\/operational-excellence\/2022-06-08\/unabhaengiges-testinstitut-erhoeht-nationale-cybersicherheit-in-der-schweiz\/","title":{"rendered":"Un institut de test ind\u00e9pendant renforce la cybers\u00e9curit\u00e9 nationale en Suisse"},"content":{"rendered":"<figure id=\"attachment_16422\" class=\"wp-caption alignnone\" style=\"width: 680px\" aria-describedby=\"caption-attachment-16422\"><img class=\"alignnone wp-image-16422 size-full\" src=\"https:\/\/www.m-q.ch\/wp-content\/uploads\/2022\/06\/Unabhaengiges-Testinstitut-erhoeht-nationale-Cybersicherheit-in-der-Schweiz_MQ.jpg\" alt=\"Cybers\u00e9curit\u00e9\" width=\"680\" height=\"386\" \/><figcaption id=\"caption-attachment-16422\" class=\"wp-caption-text\">Le NTC examinera \u00e0 l'avenir la cybers\u00e9curit\u00e9 des produits informatiques en r\u00e9seau et des applications num\u00e9riques.<\/figcaption><\/figure>\r\nUn nouvel Institut national de test pour la cybers\u00e9curit\u00e9 (NTC) assume une fonction importante pour renforcer la cybers\u00e9curit\u00e9 et l'ind\u00e9pendance de la Suisse. Il sera situ\u00e9 \u00e0 Zoug. Un financement de d\u00e9part est d\u00e9sormais assur\u00e9, le d\u00e9lai r\u00e9f\u00e9rendaire ayant expir\u00e9 le 7 juin 2022 et la d\u00e9cision unanime du Grand Conseil zougois du 31 mars 2022 \u00e9tant entr\u00e9e en vigueur. Apr\u00e8s le succ\u00e8s de la phase pilote, la mise en place effective du NTC en tant qu'institut de test ind\u00e9pendant peut maintenant avoir lieu. Le NTC existe depuis d\u00e9cembre 2020 en tant qu'association domicili\u00e9e dans le canton de Zoug.\r\n<h3>Les cyber-risques croissants exigent des contr\u00f4les de s\u00e9curit\u00e9 diff\u00e9renci\u00e9s<\/h3>\r\nEn Suisse, des millions de composants, d'appareils et d'applications num\u00e9riques sont utilis\u00e9s chaque jour. Selon l'avis dominant des experts, presque chaque produit num\u00e9rique pr\u00e9sente des points faibles inconnus. En raison de l'interconnexion croissante et de la grande diffusion, cela entra\u00eene des risques consid\u00e9rables pour la soci\u00e9t\u00e9 et l'\u00e9conomie. De nombreux produits num\u00e9riques ne sont pas soumis \u00e0 une obligation de contr\u00f4le centralis\u00e9e. De plus, les entreprises de s\u00e9curit\u00e9 du secteur priv\u00e9 ne sont pas incit\u00e9es \u00e0 effectuer les contr\u00f4les de s\u00e9curit\u00e9 de leur propre initiative et \u00e0 leurs frais. Par cons\u00e9quent, les contr\u00f4les de s\u00e9curit\u00e9 pour le bien de la soci\u00e9t\u00e9 n'ont pas aujourd'hui l'ampleur et la profondeur n\u00e9cessaires.\r\n<h3>Un institut de test ind\u00e9pendant augmente la cyber-r\u00e9silience<\/h3>\r\nLe NTC est un institut objectif et neutre qui v\u00e9rifie la fiabilit\u00e9 et la s\u00e9curit\u00e9 des produits en r\u00e9seau et des applications num\u00e9riques. Les contr\u00f4les sont effectu\u00e9s en coop\u00e9ration avec l'\u00e9conomie, les entreprises de s\u00e9curit\u00e9 informatique et les universit\u00e9s et, si n\u00e9cessaire, sur initiative propre. Le NTC travaille sans but lucratif. Il agit en toute ind\u00e9pendance ; les participations financi\u00e8res des fabricants de produits et des fournisseurs de services sont exclues par les statuts.\r\n<h3>Centre de comp\u00e9tences et de transfert de connaissances<\/h3>\r\nDans son travail, l'institut de test s'oriente vers les recommandations et les normes internationales courantes. La haute qualit\u00e9 de la prestation de test est garantie par ses propres connaissances sp\u00e9cialis\u00e9es ainsi que par un \u00e9change actif de connaissances avec des experts internationaux. L'\u00e9change \u00e9troit avec d'autres organisations de cybers\u00e9curit\u00e9 en Suisse et \u00e0 l'\u00e9tranger, ainsi qu'avec le Centre national de cybers\u00e9curit\u00e9 (NCSC), garantit que les mesures existantes s'imbriquent de mani\u00e8re synergique et que des capacit\u00e9s mobilisables sont disponibles.\r\n\r\nEn outre, le NTC signale les points faibles des produits et des services et met son expertise \u00e0 la disposition des fabricants de composants informatiques et d'applications num\u00e9riques, ainsi que de l'\u00e9conomie et de la population. Avec ses projets de test et de recherche, le NTC remplit sa mission d'augmenter la s\u00e9curit\u00e9 en Suisse. Dans ce but, des sp\u00e9cialistes locaux et internationaux de la cybers\u00e9curit\u00e9 sont invit\u00e9s d\u00e8s \u00e0 pr\u00e9sent \u00e0 remplir cette mission en collaboration avec le NTC.\r\n\r\n<em>Plus d'informations : <a href=\"https:\/\/www.ntc.swiss\/#mission\">ntc.swiss<\/a><\/em>\n<p class=\"syndicated-attribution\">Cet article est paru initialement sur m-q.ch - <a href=\"https:\/\/www.m-q.ch\/de\/unabhaengiges-testinstitut-erhoeht-nationale-cybersicherheit-in-der-schweiz\/\" target=\"_blank\">https:\/\/www.m-q.ch\/de\/unabhaengiges-testinstitut-erhoeht-nationale-cybersicherheit-in-der-schweiz\/<\/a><\/p>","protected":false},"excerpt":{"rendered":"<p>Ein neues Nationales Testinstitut f\u00fcr Cybersicherheit (NTC) \u00fcbernimmt eine wichtige Funktion zur St\u00e4rkung der Cybersicherheit und Unabh\u00e4ngigkeit der Schweiz. Es hat seinen Standort in Zug. Eine Anschubfinanzierung ist nun gesichert, nachdem die Referendumsfrist am 7. Juni 2022 abgelaufen und der einstimmige Entscheid des Zuger Kantonsrats vom 31. M\u00e4rz 2022 rechtskr\u00e4ftig ist. Nach der erfolgreichen Pilotphase [\u2026]<\/p>\n","protected":false},"author":8,"featured_media":0,"comment_status":"closed","ping_status":"closed","sticky":false,"template":"","format":"standard","meta":{"_acf_changed":false,"_yoast_wpseo_focuskw":"Cybersicherheit","_yoast_wpseo_metadesc":"In Zug entsteht das Nationale Testinstitut f\u00fcr Cybersicherheit NTC f\u00fcr die Pr\u00fcfung der Cybersicherheit vernetzter IT-Produkte und digitaler Anwendungen.","articlekey":"","footnotes":""},"categories":[582],"tags":[608],"class_list":["post-13916","post","type-post","status-publish","format-standard","hentry","category-operational-excellence","tag-cybersicherheit"],"acf":[],"yoast_head":"<!-- This site is optimized with the Yoast SEO plugin v27.5 - https:\/\/yoast.com\/product\/yoast-seo-wordpress\/ -->\n<title>Unabh\u00e4ngiges Testinstitut erh\u00f6ht nationale Cybersicherheit in der Schweiz - Organisator<\/title>\n<meta name=\"description\" content=\"In Zug entsteht das Nationale Testinstitut f\u00fcr Cybersicherheit NTC f\u00fcr die Pr\u00fcfung der Cybersicherheit vernetzter IT-Produkte und digitaler Anwendungen.\" \/>\n<meta name=\"robots\" content=\"index, follow, max-snippet:-1, max-image-preview:large, max-video-preview:-1\" \/>\n<link rel=\"canonical\" href=\"https:\/\/www.m-q.ch\/de\/unabhaengiges-testinstitut-erhoeht-nationale-cybersicherheit-in-der-schweiz\/\" \/>\n<meta property=\"og:locale\" content=\"fr_FR\" \/>\n<meta property=\"og:type\" content=\"article\" \/>\n<meta property=\"og:title\" content=\"Unabh\u00e4ngiges Testinstitut erh\u00f6ht nationale Cybersicherheit in der Schweiz - Organisator\" \/>\n<meta property=\"og:description\" content=\"In Zug entsteht das Nationale Testinstitut f\u00fcr Cybersicherheit NTC f\u00fcr die Pr\u00fcfung der Cybersicherheit vernetzter IT-Produkte und digitaler Anwendungen.\" \/>\n<meta property=\"og:url\" content=\"https:\/\/www.m-q.ch\/de\/unabhaengiges-testinstitut-erhoeht-nationale-cybersicherheit-in-der-schweiz\/\" \/>\n<meta property=\"og:site_name\" content=\"Organisator\" \/>\n<meta property=\"article:publisher\" content=\"https:\/\/www.facebook.com\/OrganisatorFachmagazin\" \/>\n<meta property=\"article:published_time\" content=\"2022-06-08T09:00:44+00:00\" \/>\n<meta property=\"article:modified_time\" content=\"2022-07-27T09:45:26+00:00\" \/>\n<meta property=\"og:image\" content=\"https:\/\/www.m-q.ch\/wp-content\/uploads\/2022\/06\/Unabhaengiges-Testinstitut-erhoeht-nationale-Cybersicherheit-in-der-Schweiz_MQ.jpg\" \/>\n<meta name=\"author\" content=\"galledia\" \/>\n<meta name=\"twitter:card\" content=\"summary_large_image\" \/>\n<meta name=\"twitter:creator\" content=\"@admin\" \/>\n<script type=\"application\/ld+json\" class=\"yoast-schema-graph\">{\"@context\":\"https:\\\/\\\/schema.org\",\"@graph\":[{\"@type\":\"Article\",\"@id\":\"https:\\\/\\\/www.m-q.ch\\\/de\\\/unabhaengiges-testinstitut-erhoeht-nationale-cybersicherheit-in-der-schweiz\\\/#article\",\"isPartOf\":{\"@id\":\"https:\\\/\\\/www.organisator.ch\\\/operational-excellence\\\/2022-06-08\\\/unabhaengiges-testinstitut-erhoeht-nationale-cybersicherheit-in-der-schweiz\\\/\"},\"author\":{\"name\":\"galledia\",\"@id\":\"https:\\\/\\\/www.organisator.ch\\\/#\\\/schema\\\/person\\\/4e51799071cd2dd1232ac003643ef5f0\"},\"headline\":\"Unabh\u00e4ngiges Testinstitut erh\u00f6ht nationale Cybersicherheit in der Schweiz\",\"datePublished\":\"2022-06-08T09:00:44+00:00\",\"dateModified\":\"2022-07-27T09:45:26+00:00\",\"mainEntityOfPage\":{\"@id\":\"https:\\\/\\\/www.organisator.ch\\\/operational-excellence\\\/2022-06-08\\\/unabhaengiges-testinstitut-erhoeht-nationale-cybersicherheit-in-der-schweiz\\\/\"},\"wordCount\":424,\"publisher\":{\"@id\":\"https:\\\/\\\/www.organisator.ch\\\/#organization\"},\"image\":{\"@id\":\"https:\\\/\\\/www.m-q.ch\\\/de\\\/unabhaengiges-testinstitut-erhoeht-nationale-cybersicherheit-in-der-schweiz\\\/#primaryimage\"},\"thumbnailUrl\":\"https:\\\/\\\/www.m-q.ch\\\/wp-content\\\/uploads\\\/2022\\\/06\\\/Unabhaengiges-Testinstitut-erhoeht-nationale-Cybersicherheit-in-der-Schweiz_MQ.jpg\",\"keywords\":[\"Cybersicherheit\"],\"articleSection\":[\"OPERATIONAL EXCELLENCE\"],\"inLanguage\":\"fr-FR\"},{\"@type\":\"WebPage\",\"@id\":\"https:\\\/\\\/www.organisator.ch\\\/operational-excellence\\\/2022-06-08\\\/unabhaengiges-testinstitut-erhoeht-nationale-cybersicherheit-in-der-schweiz\\\/\",\"url\":\"https:\\\/\\\/www.m-q.ch\\\/de\\\/unabhaengiges-testinstitut-erhoeht-nationale-cybersicherheit-in-der-schweiz\\\/\",\"name\":\"Unabh\u00e4ngiges Testinstitut erh\u00f6ht nationale Cybersicherheit in der Schweiz - Organisator\",\"isPartOf\":{\"@id\":\"https:\\\/\\\/www.organisator.ch\\\/#website\"},\"primaryImageOfPage\":{\"@id\":\"https:\\\/\\\/www.m-q.ch\\\/de\\\/unabhaengiges-testinstitut-erhoeht-nationale-cybersicherheit-in-der-schweiz\\\/#primaryimage\"},\"image\":{\"@id\":\"https:\\\/\\\/www.m-q.ch\\\/de\\\/unabhaengiges-testinstitut-erhoeht-nationale-cybersicherheit-in-der-schweiz\\\/#primaryimage\"},\"thumbnailUrl\":\"https:\\\/\\\/www.m-q.ch\\\/wp-content\\\/uploads\\\/2022\\\/06\\\/Unabhaengiges-Testinstitut-erhoeht-nationale-Cybersicherheit-in-der-Schweiz_MQ.jpg\",\"datePublished\":\"2022-06-08T09:00:44+00:00\",\"dateModified\":\"2022-07-27T09:45:26+00:00\",\"description\":\"In Zug entsteht das Nationale Testinstitut f\u00fcr Cybersicherheit NTC f\u00fcr die Pr\u00fcfung der Cybersicherheit vernetzter IT-Produkte und digitaler Anwendungen.\",\"breadcrumb\":{\"@id\":\"https:\\\/\\\/www.m-q.ch\\\/de\\\/unabhaengiges-testinstitut-erhoeht-nationale-cybersicherheit-in-der-schweiz\\\/#breadcrumb\"},\"inLanguage\":\"fr-FR\",\"potentialAction\":[{\"@type\":\"ReadAction\",\"target\":[\"https:\\\/\\\/www.m-q.ch\\\/de\\\/unabhaengiges-testinstitut-erhoeht-nationale-cybersicherheit-in-der-schweiz\\\/\"]}]},{\"@type\":\"ImageObject\",\"inLanguage\":\"fr-FR\",\"@id\":\"https:\\\/\\\/www.m-q.ch\\\/de\\\/unabhaengiges-testinstitut-erhoeht-nationale-cybersicherheit-in-der-schweiz\\\/#primaryimage\",\"url\":\"https:\\\/\\\/www.m-q.ch\\\/wp-content\\\/uploads\\\/2022\\\/06\\\/Unabhaengiges-Testinstitut-erhoeht-nationale-Cybersicherheit-in-der-Schweiz_MQ.jpg\",\"contentUrl\":\"https:\\\/\\\/www.m-q.ch\\\/wp-content\\\/uploads\\\/2022\\\/06\\\/Unabhaengiges-Testinstitut-erhoeht-nationale-Cybersicherheit-in-der-Schweiz_MQ.jpg\"},{\"@type\":\"BreadcrumbList\",\"@id\":\"https:\\\/\\\/www.m-q.ch\\\/de\\\/unabhaengiges-testinstitut-erhoeht-nationale-cybersicherheit-in-der-schweiz\\\/#breadcrumb\",\"itemListElement\":[{\"@type\":\"ListItem\",\"position\":1,\"name\":\"Home\",\"item\":\"https:\\\/\\\/www.organisator.ch\\\/\"},{\"@type\":\"ListItem\",\"position\":2,\"name\":\"Unabh\u00e4ngiges Testinstitut erh\u00f6ht nationale Cybersicherheit in der Schweiz\"}]},{\"@type\":\"WebSite\",\"@id\":\"https:\\\/\\\/www.organisator.ch\\\/#website\",\"url\":\"https:\\\/\\\/www.organisator.ch\\\/\",\"name\":\"Organisator\",\"description\":\"Kompetent. Praxisnah. Der ORGANISATOR bereitet in 10 Ausgaben pro Jahr die wesentlichen Themen f\u00fcr F\u00fchrungskr\u00e4fte von KMU auf.\",\"publisher\":{\"@id\":\"https:\\\/\\\/www.organisator.ch\\\/#organization\"},\"potentialAction\":[{\"@type\":\"SearchAction\",\"target\":{\"@type\":\"EntryPoint\",\"urlTemplate\":\"https:\\\/\\\/www.organisator.ch\\\/?s={search_term_string}\"},\"query-input\":{\"@type\":\"PropertyValueSpecification\",\"valueRequired\":true,\"valueName\":\"search_term_string\"}}],\"inLanguage\":\"fr-FR\"},{\"@type\":\"Organization\",\"@id\":\"https:\\\/\\\/www.organisator.ch\\\/#organization\",\"name\":\"Organisator\",\"url\":\"https:\\\/\\\/www.organisator.ch\\\/\",\"logo\":{\"@type\":\"ImageObject\",\"inLanguage\":\"fr-FR\",\"@id\":\"https:\\\/\\\/www.organisator.ch\\\/#\\\/schema\\\/logo\\\/image\\\/\",\"url\":\"https:\\\/\\\/www.organisator.ch\\\/wp-content\\\/uploads\\\/2022\\\/01\\\/Logo_Organisator_Website.png\",\"contentUrl\":\"https:\\\/\\\/www.organisator.ch\\\/wp-content\\\/uploads\\\/2022\\\/01\\\/Logo_Organisator_Website.png\",\"width\":800,\"height\":77,\"caption\":\"Organisator\"},\"image\":{\"@id\":\"https:\\\/\\\/www.organisator.ch\\\/#\\\/schema\\\/logo\\\/image\\\/\"},\"sameAs\":[\"https:\\\/\\\/www.facebook.com\\\/OrganisatorFachmagazin\",\"https:\\\/\\\/www.linkedin.com\\\/showcase\\\/organisator-das-magazin-fr-kmu\",\"https:\\\/\\\/www.xing.com\\\/news\\\/pages\\\/organisator-ch-695\",\"https:\\\/\\\/www.youtube.com\\\/channel\\\/UCGP2Sq0iWaZwT3BdIAQFYpw\"]},{\"@type\":\"Person\",\"@id\":\"https:\\\/\\\/www.organisator.ch\\\/#\\\/schema\\\/person\\\/4e51799071cd2dd1232ac003643ef5f0\",\"name\":\"galledia\",\"image\":{\"@type\":\"ImageObject\",\"inLanguage\":\"fr-FR\",\"@id\":\"https:\\\/\\\/secure.gravatar.com\\\/avatar\\\/78a7f90c01fc2bfc875782a0d4922b37cde2cf184ce347b91316d23cd7f69a36?s=96&d=mm&r=g\",\"url\":\"https:\\\/\\\/secure.gravatar.com\\\/avatar\\\/78a7f90c01fc2bfc875782a0d4922b37cde2cf184ce347b91316d23cd7f69a36?s=96&d=mm&r=g\",\"contentUrl\":\"https:\\\/\\\/secure.gravatar.com\\\/avatar\\\/78a7f90c01fc2bfc875782a0d4922b37cde2cf184ce347b91316d23cd7f69a36?s=96&d=mm&r=g\",\"caption\":\"galledia\"},\"sameAs\":[\"https:\\\/\\\/x.com\\\/admin\"],\"url\":\"https:\\\/\\\/www.organisator.ch\\\/fr\\\/author\\\/galledia\\\/\"}]}<\/script>\n<!-- \/ Yoast SEO plugin. -->","yoast_head_json":{"title":"Un institut de test ind\u00e9pendant renforce la cybers\u00e9curit\u00e9 nationale en Suisse - Organisateur","description":"L'Institut national de test de cybers\u00e9curit\u00e9 (NTC) est cr\u00e9\u00e9 \u00e0 Zoug pour tester la cybers\u00e9curit\u00e9 des produits informatiques en r\u00e9seau et des applications num\u00e9riques.","robots":{"index":"index","follow":"follow","max-snippet":"max-snippet:-1","max-image-preview":"max-image-preview:large","max-video-preview":"max-video-preview:-1"},"canonical":"https:\/\/www.m-q.ch\/de\/unabhaengiges-testinstitut-erhoeht-nationale-cybersicherheit-in-der-schweiz\/","og_locale":"fr_FR","og_type":"article","og_title":"Unabh\u00e4ngiges Testinstitut erh\u00f6ht nationale Cybersicherheit in der Schweiz - Organisator","og_description":"In Zug entsteht das Nationale Testinstitut f\u00fcr Cybersicherheit NTC f\u00fcr die Pr\u00fcfung der Cybersicherheit vernetzter IT-Produkte und digitaler Anwendungen.","og_url":"https:\/\/www.m-q.ch\/de\/unabhaengiges-testinstitut-erhoeht-nationale-cybersicherheit-in-der-schweiz\/","og_site_name":"Organisator","article_publisher":"https:\/\/www.facebook.com\/OrganisatorFachmagazin","article_published_time":"2022-06-08T09:00:44+00:00","article_modified_time":"2022-07-27T09:45:26+00:00","og_image":[{"url":"https:\/\/www.m-q.ch\/wp-content\/uploads\/2022\/06\/Unabhaengiges-Testinstitut-erhoeht-nationale-Cybersicherheit-in-der-Schweiz_MQ.jpg","type":"","width":"","height":""}],"author":"galledia","twitter_card":"summary_large_image","twitter_creator":"@admin","schema":{"@context":"https:\/\/schema.org","@graph":[{"@type":"Article","@id":"https:\/\/www.m-q.ch\/de\/unabhaengiges-testinstitut-erhoeht-nationale-cybersicherheit-in-der-schweiz\/#article","isPartOf":{"@id":"https:\/\/www.organisator.ch\/operational-excellence\/2022-06-08\/unabhaengiges-testinstitut-erhoeht-nationale-cybersicherheit-in-der-schweiz\/"},"author":{"name":"galledia","@id":"https:\/\/www.organisator.ch\/#\/schema\/person\/4e51799071cd2dd1232ac003643ef5f0"},"headline":"Unabh\u00e4ngiges Testinstitut erh\u00f6ht nationale Cybersicherheit in der Schweiz","datePublished":"2022-06-08T09:00:44+00:00","dateModified":"2022-07-27T09:45:26+00:00","mainEntityOfPage":{"@id":"https:\/\/www.organisator.ch\/operational-excellence\/2022-06-08\/unabhaengiges-testinstitut-erhoeht-nationale-cybersicherheit-in-der-schweiz\/"},"wordCount":424,"publisher":{"@id":"https:\/\/www.organisator.ch\/#organization"},"image":{"@id":"https:\/\/www.m-q.ch\/de\/unabhaengiges-testinstitut-erhoeht-nationale-cybersicherheit-in-der-schweiz\/#primaryimage"},"thumbnailUrl":"https:\/\/www.m-q.ch\/wp-content\/uploads\/2022\/06\/Unabhaengiges-Testinstitut-erhoeht-nationale-Cybersicherheit-in-der-Schweiz_MQ.jpg","keywords":["Cybersicherheit"],"articleSection":["OPERATIONAL EXCELLENCE"],"inLanguage":"fr-FR"},{"@type":"WebPage","@id":"https:\/\/www.organisator.ch\/operational-excellence\/2022-06-08\/unabhaengiges-testinstitut-erhoeht-nationale-cybersicherheit-in-der-schweiz\/","url":"https:\/\/www.m-q.ch\/de\/unabhaengiges-testinstitut-erhoeht-nationale-cybersicherheit-in-der-schweiz\/","name":"Un institut de test ind\u00e9pendant renforce la cybers\u00e9curit\u00e9 nationale en Suisse - Organisateur","isPartOf":{"@id":"https:\/\/www.organisator.ch\/#website"},"primaryImageOfPage":{"@id":"https:\/\/www.m-q.ch\/de\/unabhaengiges-testinstitut-erhoeht-nationale-cybersicherheit-in-der-schweiz\/#primaryimage"},"image":{"@id":"https:\/\/www.m-q.ch\/de\/unabhaengiges-testinstitut-erhoeht-nationale-cybersicherheit-in-der-schweiz\/#primaryimage"},"thumbnailUrl":"https:\/\/www.m-q.ch\/wp-content\/uploads\/2022\/06\/Unabhaengiges-Testinstitut-erhoeht-nationale-Cybersicherheit-in-der-Schweiz_MQ.jpg","datePublished":"2022-06-08T09:00:44+00:00","dateModified":"2022-07-27T09:45:26+00:00","description":"L'Institut national de test de cybers\u00e9curit\u00e9 (NTC) est cr\u00e9\u00e9 \u00e0 Zoug pour tester la cybers\u00e9curit\u00e9 des produits informatiques en r\u00e9seau et des applications num\u00e9riques.","breadcrumb":{"@id":"https:\/\/www.m-q.ch\/de\/unabhaengiges-testinstitut-erhoeht-nationale-cybersicherheit-in-der-schweiz\/#breadcrumb"},"inLanguage":"fr-FR","potentialAction":[{"@type":"ReadAction","target":["https:\/\/www.m-q.ch\/de\/unabhaengiges-testinstitut-erhoeht-nationale-cybersicherheit-in-der-schweiz\/"]}]},{"@type":"ImageObject","inLanguage":"fr-FR","@id":"https:\/\/www.m-q.ch\/de\/unabhaengiges-testinstitut-erhoeht-nationale-cybersicherheit-in-der-schweiz\/#primaryimage","url":"https:\/\/www.m-q.ch\/wp-content\/uploads\/2022\/06\/Unabhaengiges-Testinstitut-erhoeht-nationale-Cybersicherheit-in-der-Schweiz_MQ.jpg","contentUrl":"https:\/\/www.m-q.ch\/wp-content\/uploads\/2022\/06\/Unabhaengiges-Testinstitut-erhoeht-nationale-Cybersicherheit-in-der-Schweiz_MQ.jpg"},{"@type":"BreadcrumbList","@id":"https:\/\/www.m-q.ch\/de\/unabhaengiges-testinstitut-erhoeht-nationale-cybersicherheit-in-der-schweiz\/#breadcrumb","itemListElement":[{"@type":"ListItem","position":1,"name":"Home","item":"https:\/\/www.organisator.ch\/"},{"@type":"ListItem","position":2,"name":"Unabh\u00e4ngiges Testinstitut erh\u00f6ht nationale Cybersicherheit in der Schweiz"}]},{"@type":"WebSite","@id":"https:\/\/www.organisator.ch\/#website","url":"https:\/\/www.organisator.ch\/","name":"Organisateur","description":"Comp\u00e9tence et comp\u00e9tence. Proches de la pratique. L'ORGANISATEUR pr\u00e9pare 10 num\u00e9ros par an sur les th\u00e8mes essentiels pour les dirigeants de PME.","publisher":{"@id":"https:\/\/www.organisator.ch\/#organization"},"potentialAction":[{"@type":"SearchAction","target":{"@type":"EntryPoint","urlTemplate":"https:\/\/www.organisator.ch\/?s={search_term_string}"},"query-input":{"@type":"PropertyValueSpecification","valueRequired":true,"valueName":"search_term_string"}}],"inLanguage":"fr-FR"},{"@type":"Organization","@id":"https:\/\/www.organisator.ch\/#organization","name":"Organisateur","url":"https:\/\/www.organisator.ch\/","logo":{"@type":"ImageObject","inLanguage":"fr-FR","@id":"https:\/\/www.organisator.ch\/#\/schema\/logo\/image\/","url":"https:\/\/www.organisator.ch\/wp-content\/uploads\/2022\/01\/Logo_Organisator_Website.png","contentUrl":"https:\/\/www.organisator.ch\/wp-content\/uploads\/2022\/01\/Logo_Organisator_Website.png","width":800,"height":77,"caption":"Organisator"},"image":{"@id":"https:\/\/www.organisator.ch\/#\/schema\/logo\/image\/"},"sameAs":["https:\/\/www.facebook.com\/OrganisatorFachmagazin","https:\/\/www.linkedin.com\/showcase\/organisator-das-magazin-fr-kmu","https:\/\/www.xing.com\/news\/pages\/organisator-ch-695","https:\/\/www.youtube.com\/channel\/UCGP2Sq0iWaZwT3BdIAQFYpw"]},{"@type":"Person","@id":"https:\/\/www.organisator.ch\/#\/schema\/person\/4e51799071cd2dd1232ac003643ef5f0","name":"galledia","image":{"@type":"ImageObject","inLanguage":"fr-FR","@id":"https:\/\/secure.gravatar.com\/avatar\/78a7f90c01fc2bfc875782a0d4922b37cde2cf184ce347b91316d23cd7f69a36?s=96&d=mm&r=g","url":"https:\/\/secure.gravatar.com\/avatar\/78a7f90c01fc2bfc875782a0d4922b37cde2cf184ce347b91316d23cd7f69a36?s=96&d=mm&r=g","contentUrl":"https:\/\/secure.gravatar.com\/avatar\/78a7f90c01fc2bfc875782a0d4922b37cde2cf184ce347b91316d23cd7f69a36?s=96&d=mm&r=g","caption":"galledia"},"sameAs":["https:\/\/x.com\/admin"],"url":"https:\/\/www.organisator.ch\/fr\/author\/galledia\/"}]}},"_links":{"self":[{"href":"https:\/\/www.organisator.ch\/fr\/wp-json\/wp\/v2\/posts\/13916","targetHints":{"allow":["GET"]}}],"collection":[{"href":"https:\/\/www.organisator.ch\/fr\/wp-json\/wp\/v2\/posts"}],"about":[{"href":"https:\/\/www.organisator.ch\/fr\/wp-json\/wp\/v2\/types\/post"}],"author":[{"embeddable":true,"href":"https:\/\/www.organisator.ch\/fr\/wp-json\/wp\/v2\/users\/8"}],"replies":[{"embeddable":true,"href":"https:\/\/www.organisator.ch\/fr\/wp-json\/wp\/v2\/comments?post=13916"}],"version-history":[{"count":3,"href":"https:\/\/www.organisator.ch\/fr\/wp-json\/wp\/v2\/posts\/13916\/revisions"}],"predecessor-version":[{"id":15870,"href":"https:\/\/www.organisator.ch\/fr\/wp-json\/wp\/v2\/posts\/13916\/revisions\/15870"}],"wp:attachment":[{"href":"https:\/\/www.organisator.ch\/fr\/wp-json\/wp\/v2\/media?parent=13916"}],"wp:term":[{"taxonomy":"category","embeddable":true,"href":"https:\/\/www.organisator.ch\/fr\/wp-json\/wp\/v2\/categories?post=13916"},{"taxonomy":"post_tag","embeddable":true,"href":"https:\/\/www.organisator.ch\/fr\/wp-json\/wp\/v2\/tags?post=13916"}],"curies":[{"name":"wp","href":"https:\/\/api.w.org\/{rel}","templated":true}]}}