{"id":1399,"date":"2017-01-24T11:00:11","date_gmt":"2017-01-24T10:00:11","guid":{"rendered":"https:\/\/organisator.ch\/?p=1399"},"modified":"2017-01-24T11:00:11","modified_gmt":"2017-01-24T10:00:11","slug":"900-millionen-franken-junge-tech-unternehmen","status":"publish","type":"post","link":"https:\/\/www.organisator.ch\/fr\/management\/finanzen_recht\/2017-01-24\/900-millionen-franken-junge-tech-unternehmen\/","title":{"rendered":"900 millions de francs pour les jeunes entreprises tech"},"content":{"rendered":"<figure id=\"attachment_1401\" aria-describedby=\"caption-attachment-1401\" style=\"width: 424px\" class=\"wp-caption alignnone\"><img loading=\"lazy\" decoding=\"async\" class=\"size-full wp-image-1401\" src=\"https:\/\/www.organisator.ch\/wp-content\/uploads\/2017\/01\/900-Millionen-Franken-fuer-junge-Tech-Unternehmen_Organisator.jpg\" alt=\"\" width=\"424\" height=\"283\" srcset=\"https:\/\/www.organisator.ch\/wp-content\/uploads\/2017\/01\/900-Millionen-Franken-fuer-junge-Tech-Unternehmen_Organisator.jpg 424w, https:\/\/www.organisator.ch\/wp-content\/uploads\/2017\/01\/900-Millionen-Franken-fuer-junge-Tech-Unternehmen_Organisator-16x12.jpg 16w, https:\/\/www.organisator.ch\/wp-content\/uploads\/2017\/01\/900-Millionen-Franken-fuer-junge-Tech-Unternehmen_Organisator-262x175.jpg 262w, https:\/\/www.organisator.ch\/wp-content\/uploads\/2017\/01\/900-Millionen-Franken-fuer-junge-Tech-Unternehmen_Organisator-300x200.jpg 300w\" sizes=\"auto, (max-width: 424px) 100vw, 424px\" \/><figcaption id=\"caption-attachment-1401\" class=\"wp-caption-text\">Les jeunes entreprises tech ont \u00e9t\u00e9 financ\u00e9es par du capital-risque \u00e0 hauteur de plus de 900 millions de francs en 2016. (Image : shock - Fotolia.com)<\/figcaption><\/figure>\n<p>Les investissements dans les nouvelles entreprises tech, c'est-\u00e0-dire les start-up bas\u00e9es sur le savoir et la technologie, ont presque tripl\u00e9 au cours des cinq derni\u00e8res ann\u00e9es, indique le dernier Swiss Venture Capital Report. Selon ce rapport, les bailleurs de fonds suisses et \u00e9trangers ont mis \u00e0 disposition du capital-risque \u00e0 hauteur de 909 millions en 2016, soit 35 pour cent de plus que l'ann\u00e9e pr\u00e9c\u00e9dente. Les 20 premiers tours de table ont encore augment\u00e9 de 26 pour cent, passant de CHF 561 \u00e0 CHF 706 millions, en raison de transactions de financement plus importantes qui ont eu lieu \u00e0 un stade de d\u00e9veloppement plus avanc\u00e9. En outre, pour la premi\u00e8re fois, des tours de financement de plus de 100 millions de francs ont eu lieu. Dans les deux cas, ADC Therapeutics et Mindmaze, l'argent est all\u00e9 \u00e0 des entreprises vaudoises.<\/p>\n<p><strong>La plus forte hausse dans le secteur des TIC<\/strong><\/p>\n<p>En pourcentage, les investissements dans le domaine des technologies de l'information et de la communication (TIC), y compris la fintech, ont connu la plus forte croissance. Les 271 millions indiqu\u00e9s correspondent \u00e0 plus du double de l'ann\u00e9e pr\u00e9c\u00e9dente. Les responsables de cette augmentation sont d'une part les fournisseurs de logiciels B2B comme Nexthink ou SonarSource, et d'autre part les entreprises tech dont les produits sont utilis\u00e9s pour la num\u00e9risation des branches traditionnelles. Les startups fintech suisses ont attir\u00e9 \u00e0 elles seules pr\u00e8s de 50 millions de francs en 2016. En chiffres absolus, ce sont les entreprises de biotechnologie qui ont re\u00e7u le plus d'argent. Ce secteur a encore progress\u00e9 en 2016. Environ 400 millions ont \u00e9t\u00e9 r\u00e9colt\u00e9s en 25 tours de financement.<\/p>\n<p><strong>Point n\u00e9vralgique : Lausanne<\/strong><\/p>\n<p>Ce qui est remarquable - c'est un constat du rapport qui recense tous les investissements en capital-risque publi\u00e9s dans les start-up suisses - c'est la r\u00e9partition g\u00e9ographique des investissements. En 2016, le canton de Vaud s'est hiss\u00e9 tr\u00e8s haut. Plus de la moiti\u00e9 de la somme totale investie est all\u00e9e au cluster d'innovation autour de l'EPF et de l'universit\u00e9 de Lausanne. Pour la premi\u00e8re fois, le canton romand a \u00e9galement attir\u00e9 le plus d'argent dans le secteur des TIC, poursuit le communiqu\u00e9. Le canton de Zurich, consid\u00e9r\u00e9 pendant des ann\u00e9es comme le fief des TIC en Suisse, n'est plus en t\u00eate que dans le secteur Fintech.<\/p>\n<p><strong>Sept introductions en bourse<\/strong><\/p>\n<p>C'est au moment de la sortie que l'on d\u00e9cide si l'engagement de la start-up est payant pour les bailleurs de fonds. L'entreprise est alors soit reprise par un investisseur strat\u00e9gique, soit elle reste ind\u00e9pendante et entre en bourse. Et de ce point de vue aussi, 2016 a \u00e9t\u00e9 riche en \u00e9v\u00e9nements. En tenant compte de deux reverse takeovers, sept entreprises tech financ\u00e9es par du capital-risque ont os\u00e9 faire leur entr\u00e9e en bourse l'ann\u00e9e derni\u00e8re. De plus, de nombreuses start-up ont \u00e9t\u00e9 rachet\u00e9es par de grandes entreprises comme Hewlett Packard Enterprise, 3M ou TripAdvisor.<\/p>\n<p><em>Source : <a href=\"http:\/\/www.startupticker.ch\">www.startupticker.ch<\/a>\u00a0<\/em><\/p>","protected":false},"excerpt":{"rendered":"<p>Die Investitionen in neue Tech-Unternehmen, also\u00a0wissens- und technologiebasierte Startups, haben sich in den letzten f\u00fcnf Jahren knapp verdreifacht, teilt der j\u00fcngste Swiss Venture Capital Report mit.\u00a0Demnach stellten 2016 in- und ausl\u00e4ndische Geldgeber Risikokapital in der H\u00f6he von 909 Millionen zur Verf\u00fcgung, 35 Prozent mehr als im Vorjahr. Nochmals um 26 Prozent stiegen die Top 20 [&hellip;]<\/p>\n","protected":false},"author":4,"featured_media":1401,"comment_status":"open","ping_status":"open","sticky":false,"template":"","format":"standard","meta":{"_acf_changed":false,"_yoast_wpseo_focuskw":"Tech-Unternehmen","_yoast_wpseo_metadesc":"Die Investitionen in neue Tech-Unternehmen, also wissens- und technologiebasierte Startups, haben sich in den letzten f\u00fcnf Jahren knapp verdreifacht.","articlekey":"","footnotes":""},"categories":[24],"tags":[203,340,451,492],"class_list":["post-1399","post","type-post","status-publish","format-standard","has-post-thumbnail","hentry","category-finanzen_recht","tag-finanzierung","tag-maerkte","tag-startups","tag-unternehmen"],"acf":[],"yoast_head":"<!-- This site is optimized with the Yoast SEO plugin v27.4 - https:\/\/yoast.com\/product\/yoast-seo-wordpress\/ -->\n<title>900 Millionen Franken f\u00fcr junge Tech-Unternehmen - Organisator<\/title>\n<meta name=\"description\" content=\"Die Investitionen in neue Tech-Unternehmen, also wissens- und technologiebasierte Startups, haben sich in den letzten f\u00fcnf Jahren knapp verdreifacht.\" \/>\n<meta name=\"robots\" content=\"index, follow, max-snippet:-1, max-image-preview:large, max-video-preview:-1\" \/>\n<link rel=\"canonical\" href=\"https:\/\/www.organisator.ch\/fr\/gestion-2\/finanzen_recht\/2017-01-24\/900-millionen-franken-junge-tech-unternehmen\/\" \/>\n<meta property=\"og:locale\" content=\"fr_FR\" \/>\n<meta property=\"og:type\" content=\"article\" \/>\n<meta property=\"og:title\" content=\"900 Millionen Franken f\u00fcr junge Tech-Unternehmen - Organisator\" \/>\n<meta property=\"og:description\" content=\"Die Investitionen in neue Tech-Unternehmen, also wissens- und technologiebasierte Startups, haben sich in den letzten f\u00fcnf Jahren knapp verdreifacht.\" \/>\n<meta property=\"og:url\" content=\"https:\/\/www.organisator.ch\/fr\/gestion-2\/finanzen_recht\/2017-01-24\/900-millionen-franken-junge-tech-unternehmen\/\" \/>\n<meta property=\"og:site_name\" content=\"Organisator\" \/>\n<meta property=\"article:publisher\" content=\"https:\/\/www.facebook.com\/OrganisatorFachmagazin\" \/>\n<meta property=\"article:published_time\" content=\"2017-01-24T10:00:11+00:00\" \/>\n<meta property=\"og:image\" content=\"https:\/\/www.organisator.ch\/wp-content\/uploads\/2017\/01\/900-Millionen-Franken-fuer-junge-Tech-Unternehmen_Organisator.jpg\" \/>\n\t<meta property=\"og:image:width\" content=\"424\" \/>\n\t<meta property=\"og:image:height\" content=\"283\" \/>\n\t<meta property=\"og:image:type\" content=\"image\/jpeg\" \/>\n<meta name=\"author\" content=\"thomas.berner\" \/>\n<meta name=\"twitter:card\" content=\"summary_large_image\" \/>\n<script type=\"application\/ld+json\" class=\"yoast-schema-graph\">{\"@context\":\"https:\\\/\\\/schema.org\",\"@graph\":[{\"@type\":\"Article\",\"@id\":\"https:\\\/\\\/www.organisator.ch\\\/management\\\/finanzen_recht\\\/2017-01-24\\\/900-millionen-franken-junge-tech-unternehmen\\\/#article\",\"isPartOf\":{\"@id\":\"https:\\\/\\\/www.organisator.ch\\\/management\\\/finanzen_recht\\\/2017-01-24\\\/900-millionen-franken-junge-tech-unternehmen\\\/\"},\"author\":{\"name\":\"thomas.berner\",\"@id\":\"https:\\\/\\\/www.organisator.ch\\\/#\\\/schema\\\/person\\\/6f650f90b2842cd4c0cc334b4e36f67e\"},\"headline\":\"900 Millionen Franken f\u00fcr junge Tech-Unternehmen\",\"datePublished\":\"2017-01-24T10:00:11+00:00\",\"mainEntityOfPage\":{\"@id\":\"https:\\\/\\\/www.organisator.ch\\\/management\\\/finanzen_recht\\\/2017-01-24\\\/900-millionen-franken-junge-tech-unternehmen\\\/\"},\"wordCount\":395,\"commentCount\":0,\"publisher\":{\"@id\":\"https:\\\/\\\/www.organisator.ch\\\/#organization\"},\"image\":{\"@id\":\"https:\\\/\\\/www.organisator.ch\\\/management\\\/finanzen_recht\\\/2017-01-24\\\/900-millionen-franken-junge-tech-unternehmen\\\/#primaryimage\"},\"thumbnailUrl\":\"https:\\\/\\\/www.organisator.ch\\\/wp-content\\\/uploads\\\/2017\\\/01\\\/900-Millionen-Franken-fuer-junge-Tech-Unternehmen_Organisator.jpg\",\"keywords\":[\"Finanzierung\",\"M\u00e4rkte\",\"Startups\",\"Unternehmen\"],\"articleSection\":[\"FINANZEN\\\/RECHT\"],\"inLanguage\":\"fr-FR\"},{\"@type\":\"WebPage\",\"@id\":\"https:\\\/\\\/www.organisator.ch\\\/management\\\/finanzen_recht\\\/2017-01-24\\\/900-millionen-franken-junge-tech-unternehmen\\\/\",\"url\":\"https:\\\/\\\/www.organisator.ch\\\/management\\\/finanzen_recht\\\/2017-01-24\\\/900-millionen-franken-junge-tech-unternehmen\\\/\",\"name\":\"900 Millionen Franken f\u00fcr junge Tech-Unternehmen - Organisator\",\"isPartOf\":{\"@id\":\"https:\\\/\\\/www.organisator.ch\\\/#website\"},\"primaryImageOfPage\":{\"@id\":\"https:\\\/\\\/www.organisator.ch\\\/management\\\/finanzen_recht\\\/2017-01-24\\\/900-millionen-franken-junge-tech-unternehmen\\\/#primaryimage\"},\"image\":{\"@id\":\"https:\\\/\\\/www.organisator.ch\\\/management\\\/finanzen_recht\\\/2017-01-24\\\/900-millionen-franken-junge-tech-unternehmen\\\/#primaryimage\"},\"thumbnailUrl\":\"https:\\\/\\\/www.organisator.ch\\\/wp-content\\\/uploads\\\/2017\\\/01\\\/900-Millionen-Franken-fuer-junge-Tech-Unternehmen_Organisator.jpg\",\"datePublished\":\"2017-01-24T10:00:11+00:00\",\"description\":\"Die Investitionen in neue Tech-Unternehmen, also wissens- und technologiebasierte Startups, haben sich in den letzten f\u00fcnf Jahren knapp verdreifacht.\",\"breadcrumb\":{\"@id\":\"https:\\\/\\\/www.organisator.ch\\\/management\\\/finanzen_recht\\\/2017-01-24\\\/900-millionen-franken-junge-tech-unternehmen\\\/#breadcrumb\"},\"inLanguage\":\"fr-FR\",\"potentialAction\":[{\"@type\":\"ReadAction\",\"target\":[\"https:\\\/\\\/www.organisator.ch\\\/management\\\/finanzen_recht\\\/2017-01-24\\\/900-millionen-franken-junge-tech-unternehmen\\\/\"]}]},{\"@type\":\"ImageObject\",\"inLanguage\":\"fr-FR\",\"@id\":\"https:\\\/\\\/www.organisator.ch\\\/management\\\/finanzen_recht\\\/2017-01-24\\\/900-millionen-franken-junge-tech-unternehmen\\\/#primaryimage\",\"url\":\"https:\\\/\\\/www.organisator.ch\\\/wp-content\\\/uploads\\\/2017\\\/01\\\/900-Millionen-Franken-fuer-junge-Tech-Unternehmen_Organisator.jpg\",\"contentUrl\":\"https:\\\/\\\/www.organisator.ch\\\/wp-content\\\/uploads\\\/2017\\\/01\\\/900-Millionen-Franken-fuer-junge-Tech-Unternehmen_Organisator.jpg\",\"width\":424,\"height\":283,\"caption\":\"Junge Tech-Unternehmen wurden 2016 mit Venture Capital von \u00fcber 900 Mio. Franken finanziert. (Bild: shock - Fotolia.com)\"},{\"@type\":\"BreadcrumbList\",\"@id\":\"https:\\\/\\\/www.organisator.ch\\\/management\\\/finanzen_recht\\\/2017-01-24\\\/900-millionen-franken-junge-tech-unternehmen\\\/#breadcrumb\",\"itemListElement\":[{\"@type\":\"ListItem\",\"position\":1,\"name\":\"Home\",\"item\":\"https:\\\/\\\/www.organisator.ch\\\/\"},{\"@type\":\"ListItem\",\"position\":2,\"name\":\"900 Millionen Franken f\u00fcr junge Tech-Unternehmen\"}]},{\"@type\":\"WebSite\",\"@id\":\"https:\\\/\\\/www.organisator.ch\\\/#website\",\"url\":\"https:\\\/\\\/www.organisator.ch\\\/\",\"name\":\"Organisator\",\"description\":\"Kompetent. Praxisnah. Der ORGANISATOR bereitet in 10 Ausgaben pro Jahr die wesentlichen Themen f\u00fcr F\u00fchrungskr\u00e4fte von KMU auf.\",\"publisher\":{\"@id\":\"https:\\\/\\\/www.organisator.ch\\\/#organization\"},\"potentialAction\":[{\"@type\":\"SearchAction\",\"target\":{\"@type\":\"EntryPoint\",\"urlTemplate\":\"https:\\\/\\\/www.organisator.ch\\\/?s={search_term_string}\"},\"query-input\":{\"@type\":\"PropertyValueSpecification\",\"valueRequired\":true,\"valueName\":\"search_term_string\"}}],\"inLanguage\":\"fr-FR\"},{\"@type\":\"Organization\",\"@id\":\"https:\\\/\\\/www.organisator.ch\\\/#organization\",\"name\":\"Organisator\",\"url\":\"https:\\\/\\\/www.organisator.ch\\\/\",\"logo\":{\"@type\":\"ImageObject\",\"inLanguage\":\"fr-FR\",\"@id\":\"https:\\\/\\\/www.organisator.ch\\\/#\\\/schema\\\/logo\\\/image\\\/\",\"url\":\"https:\\\/\\\/www.organisator.ch\\\/wp-content\\\/uploads\\\/2022\\\/01\\\/Logo_Organisator_Website.png\",\"contentUrl\":\"https:\\\/\\\/www.organisator.ch\\\/wp-content\\\/uploads\\\/2022\\\/01\\\/Logo_Organisator_Website.png\",\"width\":800,\"height\":77,\"caption\":\"Organisator\"},\"image\":{\"@id\":\"https:\\\/\\\/www.organisator.ch\\\/#\\\/schema\\\/logo\\\/image\\\/\"},\"sameAs\":[\"https:\\\/\\\/www.facebook.com\\\/OrganisatorFachmagazin\",\"https:\\\/\\\/www.linkedin.com\\\/showcase\\\/organisator-das-magazin-fr-kmu\",\"https:\\\/\\\/www.xing.com\\\/news\\\/pages\\\/organisator-ch-695\",\"https:\\\/\\\/www.youtube.com\\\/channel\\\/UCGP2Sq0iWaZwT3BdIAQFYpw\"]},{\"@type\":\"Person\",\"@id\":\"https:\\\/\\\/www.organisator.ch\\\/#\\\/schema\\\/person\\\/6f650f90b2842cd4c0cc334b4e36f67e\",\"name\":\"thomas.berner\",\"image\":{\"@type\":\"ImageObject\",\"inLanguage\":\"fr-FR\",\"@id\":\"https:\\\/\\\/secure.gravatar.com\\\/avatar\\\/ac5001d2a36cb6c6cd3e50789007ffca834b477b74a2144564522e944eabff61?s=96&d=mm&r=g\",\"url\":\"https:\\\/\\\/secure.gravatar.com\\\/avatar\\\/ac5001d2a36cb6c6cd3e50789007ffca834b477b74a2144564522e944eabff61?s=96&d=mm&r=g\",\"contentUrl\":\"https:\\\/\\\/secure.gravatar.com\\\/avatar\\\/ac5001d2a36cb6c6cd3e50789007ffca834b477b74a2144564522e944eabff61?s=96&d=mm&r=g\",\"caption\":\"thomas.berner\"},\"url\":\"https:\\\/\\\/www.organisator.ch\\\/fr\\\/author\\\/thomas-berner\\\/\"}]}<\/script>\n<!-- \/ Yoast SEO plugin. -->","yoast_head_json":{"title":"900 millions de francs pour les jeunes entreprises tech - Organisateur","description":"Les investissements dans les nouvelles entreprises tech, c'est-\u00e0-dire les startups bas\u00e9es sur la connaissance et la technologie, ont presque tripl\u00e9 au cours des cinq derni\u00e8res ann\u00e9es.","robots":{"index":"index","follow":"follow","max-snippet":"max-snippet:-1","max-image-preview":"max-image-preview:large","max-video-preview":"max-video-preview:-1"},"canonical":"https:\/\/www.organisator.ch\/fr\/gestion-2\/finanzen_recht\/2017-01-24\/900-millionen-franken-junge-tech-unternehmen\/","og_locale":"fr_FR","og_type":"article","og_title":"900 Millionen Franken f\u00fcr junge Tech-Unternehmen - Organisator","og_description":"Die Investitionen in neue Tech-Unternehmen, also wissens- und technologiebasierte Startups, haben sich in den letzten f\u00fcnf Jahren knapp verdreifacht.","og_url":"https:\/\/www.organisator.ch\/fr\/gestion-2\/finanzen_recht\/2017-01-24\/900-millionen-franken-junge-tech-unternehmen\/","og_site_name":"Organisator","article_publisher":"https:\/\/www.facebook.com\/OrganisatorFachmagazin","article_published_time":"2017-01-24T10:00:11+00:00","og_image":[{"width":424,"height":283,"url":"https:\/\/www.organisator.ch\/wp-content\/uploads\/2017\/01\/900-Millionen-Franken-fuer-junge-Tech-Unternehmen_Organisator.jpg","type":"image\/jpeg"}],"author":"thomas.berner","twitter_card":"summary_large_image","schema":{"@context":"https:\/\/schema.org","@graph":[{"@type":"Article","@id":"https:\/\/www.organisator.ch\/management\/finanzen_recht\/2017-01-24\/900-millionen-franken-junge-tech-unternehmen\/#article","isPartOf":{"@id":"https:\/\/www.organisator.ch\/management\/finanzen_recht\/2017-01-24\/900-millionen-franken-junge-tech-unternehmen\/"},"author":{"name":"thomas.berner","@id":"https:\/\/www.organisator.ch\/#\/schema\/person\/6f650f90b2842cd4c0cc334b4e36f67e"},"headline":"900 Millionen Franken f\u00fcr junge Tech-Unternehmen","datePublished":"2017-01-24T10:00:11+00:00","mainEntityOfPage":{"@id":"https:\/\/www.organisator.ch\/management\/finanzen_recht\/2017-01-24\/900-millionen-franken-junge-tech-unternehmen\/"},"wordCount":395,"commentCount":0,"publisher":{"@id":"https:\/\/www.organisator.ch\/#organization"},"image":{"@id":"https:\/\/www.organisator.ch\/management\/finanzen_recht\/2017-01-24\/900-millionen-franken-junge-tech-unternehmen\/#primaryimage"},"thumbnailUrl":"https:\/\/www.organisator.ch\/wp-content\/uploads\/2017\/01\/900-Millionen-Franken-fuer-junge-Tech-Unternehmen_Organisator.jpg","keywords":["Finanzierung","M\u00e4rkte","Startups","Unternehmen"],"articleSection":["FINANZEN\/RECHT"],"inLanguage":"fr-FR"},{"@type":"WebPage","@id":"https:\/\/www.organisator.ch\/management\/finanzen_recht\/2017-01-24\/900-millionen-franken-junge-tech-unternehmen\/","url":"https:\/\/www.organisator.ch\/management\/finanzen_recht\/2017-01-24\/900-millionen-franken-junge-tech-unternehmen\/","name":"900 millions de francs pour les jeunes entreprises tech - Organisateur","isPartOf":{"@id":"https:\/\/www.organisator.ch\/#website"},"primaryImageOfPage":{"@id":"https:\/\/www.organisator.ch\/management\/finanzen_recht\/2017-01-24\/900-millionen-franken-junge-tech-unternehmen\/#primaryimage"},"image":{"@id":"https:\/\/www.organisator.ch\/management\/finanzen_recht\/2017-01-24\/900-millionen-franken-junge-tech-unternehmen\/#primaryimage"},"thumbnailUrl":"https:\/\/www.organisator.ch\/wp-content\/uploads\/2017\/01\/900-Millionen-Franken-fuer-junge-Tech-Unternehmen_Organisator.jpg","datePublished":"2017-01-24T10:00:11+00:00","description":"Les investissements dans les nouvelles entreprises tech, c'est-\u00e0-dire les startups bas\u00e9es sur la connaissance et la technologie, ont presque tripl\u00e9 au cours des cinq derni\u00e8res ann\u00e9es.","breadcrumb":{"@id":"https:\/\/www.organisator.ch\/management\/finanzen_recht\/2017-01-24\/900-millionen-franken-junge-tech-unternehmen\/#breadcrumb"},"inLanguage":"fr-FR","potentialAction":[{"@type":"ReadAction","target":["https:\/\/www.organisator.ch\/management\/finanzen_recht\/2017-01-24\/900-millionen-franken-junge-tech-unternehmen\/"]}]},{"@type":"ImageObject","inLanguage":"fr-FR","@id":"https:\/\/www.organisator.ch\/management\/finanzen_recht\/2017-01-24\/900-millionen-franken-junge-tech-unternehmen\/#primaryimage","url":"https:\/\/www.organisator.ch\/wp-content\/uploads\/2017\/01\/900-Millionen-Franken-fuer-junge-Tech-Unternehmen_Organisator.jpg","contentUrl":"https:\/\/www.organisator.ch\/wp-content\/uploads\/2017\/01\/900-Millionen-Franken-fuer-junge-Tech-Unternehmen_Organisator.jpg","width":424,"height":283,"caption":"Junge Tech-Unternehmen wurden 2016 mit Venture Capital von \u00fcber 900 Mio. Franken finanziert. (Bild: shock - Fotolia.com)"},{"@type":"BreadcrumbList","@id":"https:\/\/www.organisator.ch\/management\/finanzen_recht\/2017-01-24\/900-millionen-franken-junge-tech-unternehmen\/#breadcrumb","itemListElement":[{"@type":"ListItem","position":1,"name":"Home","item":"https:\/\/www.organisator.ch\/"},{"@type":"ListItem","position":2,"name":"900 Millionen Franken f\u00fcr junge Tech-Unternehmen"}]},{"@type":"WebSite","@id":"https:\/\/www.organisator.ch\/#website","url":"https:\/\/www.organisator.ch\/","name":"Organisateur","description":"Comp\u00e9tence et comp\u00e9tence. Proches de la pratique. L'ORGANISATEUR pr\u00e9pare 10 num\u00e9ros par an sur les th\u00e8mes essentiels pour les dirigeants de PME.","publisher":{"@id":"https:\/\/www.organisator.ch\/#organization"},"potentialAction":[{"@type":"SearchAction","target":{"@type":"EntryPoint","urlTemplate":"https:\/\/www.organisator.ch\/?s={search_term_string}"},"query-input":{"@type":"PropertyValueSpecification","valueRequired":true,"valueName":"search_term_string"}}],"inLanguage":"fr-FR"},{"@type":"Organization","@id":"https:\/\/www.organisator.ch\/#organization","name":"Organisateur","url":"https:\/\/www.organisator.ch\/","logo":{"@type":"ImageObject","inLanguage":"fr-FR","@id":"https:\/\/www.organisator.ch\/#\/schema\/logo\/image\/","url":"https:\/\/www.organisator.ch\/wp-content\/uploads\/2022\/01\/Logo_Organisator_Website.png","contentUrl":"https:\/\/www.organisator.ch\/wp-content\/uploads\/2022\/01\/Logo_Organisator_Website.png","width":800,"height":77,"caption":"Organisator"},"image":{"@id":"https:\/\/www.organisator.ch\/#\/schema\/logo\/image\/"},"sameAs":["https:\/\/www.facebook.com\/OrganisatorFachmagazin","https:\/\/www.linkedin.com\/showcase\/organisator-das-magazin-fr-kmu","https:\/\/www.xing.com\/news\/pages\/organisator-ch-695","https:\/\/www.youtube.com\/channel\/UCGP2Sq0iWaZwT3BdIAQFYpw"]},{"@type":"Person","@id":"https:\/\/www.organisator.ch\/#\/schema\/person\/6f650f90b2842cd4c0cc334b4e36f67e","name":"thomas.berner","image":{"@type":"ImageObject","inLanguage":"fr-FR","@id":"https:\/\/secure.gravatar.com\/avatar\/ac5001d2a36cb6c6cd3e50789007ffca834b477b74a2144564522e944eabff61?s=96&d=mm&r=g","url":"https:\/\/secure.gravatar.com\/avatar\/ac5001d2a36cb6c6cd3e50789007ffca834b477b74a2144564522e944eabff61?s=96&d=mm&r=g","contentUrl":"https:\/\/secure.gravatar.com\/avatar\/ac5001d2a36cb6c6cd3e50789007ffca834b477b74a2144564522e944eabff61?s=96&d=mm&r=g","caption":"thomas.berner"},"url":"https:\/\/www.organisator.ch\/fr\/author\/thomas-berner\/"}]}},"_links":{"self":[{"href":"https:\/\/www.organisator.ch\/fr\/wp-json\/wp\/v2\/posts\/1399","targetHints":{"allow":["GET"]}}],"collection":[{"href":"https:\/\/www.organisator.ch\/fr\/wp-json\/wp\/v2\/posts"}],"about":[{"href":"https:\/\/www.organisator.ch\/fr\/wp-json\/wp\/v2\/types\/post"}],"author":[{"embeddable":true,"href":"https:\/\/www.organisator.ch\/fr\/wp-json\/wp\/v2\/users\/4"}],"replies":[{"embeddable":true,"href":"https:\/\/www.organisator.ch\/fr\/wp-json\/wp\/v2\/comments?post=1399"}],"version-history":[{"count":0,"href":"https:\/\/www.organisator.ch\/fr\/wp-json\/wp\/v2\/posts\/1399\/revisions"}],"wp:featuredmedia":[{"embeddable":true,"href":"https:\/\/www.organisator.ch\/fr\/wp-json\/wp\/v2\/media\/1401"}],"wp:attachment":[{"href":"https:\/\/www.organisator.ch\/fr\/wp-json\/wp\/v2\/media?parent=1399"}],"wp:term":[{"taxonomy":"category","embeddable":true,"href":"https:\/\/www.organisator.ch\/fr\/wp-json\/wp\/v2\/categories?post=1399"},{"taxonomy":"post_tag","embeddable":true,"href":"https:\/\/www.organisator.ch\/fr\/wp-json\/wp\/v2\/tags?post=1399"}],"curies":[{"name":"wp","href":"https:\/\/api.w.org\/{rel}","templated":true}]}}