{"id":1413,"date":"2017-01-27T10:05:50","date_gmt":"2017-01-27T09:05:50","guid":{"rendered":"https:\/\/organisator.ch\/?p=1413"},"modified":"2017-01-27T10:05:50","modified_gmt":"2017-01-27T09:05:50","slug":"schwendimann-ag-gewinnt-kmu-preis-der-zkb","status":"publish","type":"post","link":"https:\/\/www.organisator.ch\/fr\/allgemein\/2017-01-27\/schwendimann-ag-gewinnt-kmu-preis-der-zkb\/","title":{"rendered":"Schwendimann AG remporte le prix PME de la ZKB"},"content":{"rendered":"<figure id=\"attachment_1414\" aria-describedby=\"caption-attachment-1414\" style=\"width: 660px\" class=\"wp-caption alignnone\"><img loading=\"lazy\" decoding=\"async\" class=\"size-full wp-image-1414\" src=\"https:\/\/www.organisator.ch\/wp-content\/uploads\/2017\/01\/Schwendimann-AG-gewinnt-KMU-Preis-der-ZKB.png\" alt=\"\" width=\"660\" height=\"440\" srcset=\"https:\/\/www.organisator.ch\/wp-content\/uploads\/2017\/01\/Schwendimann-AG-gewinnt-KMU-Preis-der-ZKB.png 660w, https:\/\/www.organisator.ch\/wp-content\/uploads\/2017\/01\/Schwendimann-AG-gewinnt-KMU-Preis-der-ZKB-16x12.png 16w, https:\/\/www.organisator.ch\/wp-content\/uploads\/2017\/01\/Schwendimann-AG-gewinnt-KMU-Preis-der-ZKB-263x175.png 263w, https:\/\/www.organisator.ch\/wp-content\/uploads\/2017\/01\/Schwendimann-AG-gewinnt-KMU-Preis-der-ZKB-525x350.png 525w, https:\/\/www.organisator.ch\/wp-content\/uploads\/2017\/01\/Schwendimann-AG-gewinnt-KMU-Preis-der-ZKB-300x200.png 300w\" sizes=\"auto, (max-width: 660px) 100vw, 660px\" \/><figcaption id=\"caption-attachment-1414\" class=\"wp-caption-text\">Les cinq laur\u00e9ats du Prix PME ZKB de cette ann\u00e9e (photo : ZKB)<\/figcaption><\/figure>\n<p>Devant quelque 700 invit\u00e9s issus des milieux scientifiques, \u00e9conomiques et politiques, Schwendimann AG a re\u00e7u le prix PME de la Banque cantonale de Zurich pour les entreprises durables. L'entreprise familiale, dont les comp\u00e9tences cl\u00e9s sont le tri et l'\u00e9limination des d\u00e9chets, l'entretien des espaces verts ou le nettoyage et l'entretien des routes, a rel\u00e9gu\u00e9 Biopartner Schweiz AG de Seon et J. Grimm AG d'Oetwil am See aux places d'honneur. Matthias Schwendimann se r\u00e9jouit en cons\u00e9quence : \"Il y a des ann\u00e9es, nous n'avons pas inscrit notre objectif sous notre logo pour des raisons esth\u00e9tiques - \"traditionnellement tourn\u00e9 vers l'avenir depuis 1935\" - mais nous aspirons par conviction \u00e0 la durabilit\u00e9 dans les domaines \u00e9cologique, \u00e9conomique et social. Le jury renomm\u00e9 de la ZKB, qui a examin\u00e9 notre entreprise, est \u00e9galement de cet avis. C'est une \u00e9norme confirmation pour notre entreprise familiale durable et cela nous montre que nous sommes sur la bonne voie pour l'avenir avec notre action adapt\u00e9e aux petits-enfants\".  La c\u00e9r\u00e9monie a \u00e9t\u00e9 accompagn\u00e9e conjointement par Heinz Kunz (direction de la client\u00e8le entreprises de la ZKB), Christoph Weber (responsable du Private Banking et vice-pr\u00e9sident de la direction g\u00e9n\u00e9rale) et Bruno Dobler (vice-pr\u00e9sident de la pr\u00e9sidence de la banque). Les invit\u00e9s se sont mis dans l'ambiance de la remise des prix en \u00e9coutant les mots de bienvenue de Heinz Kunz et la mod\u00e9ration toujours aussi habile de Sandra Studer.<\/p>\n<p><a href=\"https:\/\/www.zkb.ch\/de\/gs\/kmu-preis\/gewinner.html\">Plus d'informations et d'images<\/a><\/p>\n<p>&nbsp;<\/p>","protected":false},"excerpt":{"rendered":"<p>Vor rund 700 geladenen G\u00e4sten aus Wissenschaft, Wirtschaft und Politik durfte die Schwendimann AG den\u00a0KMU-Preis der Z\u00fcrcher Kantonalbank f\u00fcr nachhaltige Unternehmen entgegennehmen. Das Familienunternehmen mit Kernkompetenzen in Abfalltrennung und -entsorgung, Gr\u00fcnpflege oder Strassenreinigung und -unterhalt verwies dabei die Biopartner Schweiz AG aus Seon und die J. Grimm AG aus Oetwil am See auf die Ehrenpl\u00e4tze. [&hellip;]<\/p>\n","protected":false},"author":4,"featured_media":1414,"comment_status":"open","ping_status":"open","sticky":false,"template":"","format":"standard","meta":{"_acf_changed":false,"_yoast_wpseo_focuskw":"KMU-Preis","_yoast_wpseo_metadesc":"Beim KMU-Preis 2017 der ZKB, der in der Umweltarena in Spreitenbach am 26. Januar 2017 verliehen wurde, belegte das Familienunternehmen den ersten Platz.","articlekey":"","footnotes":""},"categories":[1],"tags":[66,492,502],"class_list":["post-1413","post","type-post","status-publish","format-standard","has-post-thumbnail","hentry","category-allgemein","tag-awards","tag-unternehmen","tag-veranstaltungen"],"acf":[],"yoast_head":"<!-- This site is optimized with the Yoast SEO plugin v27.5 - https:\/\/yoast.com\/product\/yoast-seo-wordpress\/ -->\n<title>Schwendimann AG gewinnt KMU-Preis der ZKB - Organisator<\/title>\n<meta name=\"description\" content=\"Beim KMU-Preis 2017 der ZKB, der in der Umweltarena in Spreitenbach am 26. Januar 2017 verliehen wurde, belegte das Familienunternehmen den ersten Platz.\" \/>\n<meta name=\"robots\" content=\"index, follow, max-snippet:-1, max-image-preview:large, max-video-preview:-1\" \/>\n<link rel=\"canonical\" href=\"https:\/\/www.organisator.ch\/fr\/general\/2017-01-27\/schwendimann-ag-gewinnt-kmu-preis-der-zkb\/\" \/>\n<meta property=\"og:locale\" content=\"fr_FR\" \/>\n<meta property=\"og:type\" content=\"article\" \/>\n<meta property=\"og:title\" content=\"Schwendimann AG gewinnt KMU-Preis der ZKB - Organisator\" \/>\n<meta property=\"og:description\" content=\"Beim KMU-Preis 2017 der ZKB, der in der Umweltarena in Spreitenbach am 26. Januar 2017 verliehen wurde, belegte das Familienunternehmen den ersten Platz.\" \/>\n<meta property=\"og:url\" content=\"https:\/\/www.organisator.ch\/fr\/general\/2017-01-27\/schwendimann-ag-gewinnt-kmu-preis-der-zkb\/\" \/>\n<meta property=\"og:site_name\" content=\"Organisator\" \/>\n<meta property=\"article:publisher\" content=\"https:\/\/www.facebook.com\/OrganisatorFachmagazin\" \/>\n<meta property=\"article:published_time\" content=\"2017-01-27T09:05:50+00:00\" \/>\n<meta property=\"og:image\" content=\"https:\/\/www.organisator.ch\/wp-content\/uploads\/2017\/01\/Schwendimann-AG-gewinnt-KMU-Preis-der-ZKB.png\" \/>\n\t<meta property=\"og:image:width\" content=\"660\" \/>\n\t<meta property=\"og:image:height\" content=\"440\" \/>\n\t<meta property=\"og:image:type\" content=\"image\/png\" \/>\n<meta name=\"author\" content=\"thomas.berner\" \/>\n<meta name=\"twitter:card\" content=\"summary_large_image\" \/>\n<script type=\"application\/ld+json\" class=\"yoast-schema-graph\">{\"@context\":\"https:\\\/\\\/schema.org\",\"@graph\":[{\"@type\":\"Article\",\"@id\":\"https:\\\/\\\/www.organisator.ch\\\/de\\\/allgemein\\\/2017-01-27\\\/schwendimann-ag-gewinnt-kmu-preis-der-zkb\\\/#article\",\"isPartOf\":{\"@id\":\"https:\\\/\\\/www.organisator.ch\\\/de\\\/allgemein\\\/2017-01-27\\\/schwendimann-ag-gewinnt-kmu-preis-der-zkb\\\/\"},\"author\":{\"name\":\"thomas.berner\",\"@id\":\"https:\\\/\\\/www.organisator.ch\\\/#\\\/schema\\\/person\\\/6f650f90b2842cd4c0cc334b4e36f67e\"},\"headline\":\"Schwendimann AG gewinnt KMU-Preis der ZKB\",\"datePublished\":\"2017-01-27T09:05:50+00:00\",\"mainEntityOfPage\":{\"@id\":\"https:\\\/\\\/www.organisator.ch\\\/de\\\/allgemein\\\/2017-01-27\\\/schwendimann-ag-gewinnt-kmu-preis-der-zkb\\\/\"},\"wordCount\":225,\"commentCount\":0,\"publisher\":{\"@id\":\"https:\\\/\\\/www.organisator.ch\\\/#organization\"},\"image\":{\"@id\":\"https:\\\/\\\/www.organisator.ch\\\/de\\\/allgemein\\\/2017-01-27\\\/schwendimann-ag-gewinnt-kmu-preis-der-zkb\\\/#primaryimage\"},\"thumbnailUrl\":\"https:\\\/\\\/www.organisator.ch\\\/wp-content\\\/uploads\\\/2017\\\/01\\\/Schwendimann-AG-gewinnt-KMU-Preis-der-ZKB.png\",\"keywords\":[\"Awards\",\"Unternehmen\",\"Veranstaltungen\"],\"articleSection\":[\"Allgemein\"],\"inLanguage\":\"fr-FR\"},{\"@type\":\"WebPage\",\"@id\":\"https:\\\/\\\/www.organisator.ch\\\/de\\\/allgemein\\\/2017-01-27\\\/schwendimann-ag-gewinnt-kmu-preis-der-zkb\\\/\",\"url\":\"https:\\\/\\\/www.organisator.ch\\\/de\\\/allgemein\\\/2017-01-27\\\/schwendimann-ag-gewinnt-kmu-preis-der-zkb\\\/\",\"name\":\"Schwendimann AG gewinnt KMU-Preis der ZKB - Organisator\",\"isPartOf\":{\"@id\":\"https:\\\/\\\/www.organisator.ch\\\/#website\"},\"primaryImageOfPage\":{\"@id\":\"https:\\\/\\\/www.organisator.ch\\\/de\\\/allgemein\\\/2017-01-27\\\/schwendimann-ag-gewinnt-kmu-preis-der-zkb\\\/#primaryimage\"},\"image\":{\"@id\":\"https:\\\/\\\/www.organisator.ch\\\/de\\\/allgemein\\\/2017-01-27\\\/schwendimann-ag-gewinnt-kmu-preis-der-zkb\\\/#primaryimage\"},\"thumbnailUrl\":\"https:\\\/\\\/www.organisator.ch\\\/wp-content\\\/uploads\\\/2017\\\/01\\\/Schwendimann-AG-gewinnt-KMU-Preis-der-ZKB.png\",\"datePublished\":\"2017-01-27T09:05:50+00:00\",\"description\":\"Beim KMU-Preis 2017 der ZKB, der in der Umweltarena in Spreitenbach am 26. Januar 2017 verliehen wurde, belegte das Familienunternehmen den ersten Platz.\",\"breadcrumb\":{\"@id\":\"https:\\\/\\\/www.organisator.ch\\\/de\\\/allgemein\\\/2017-01-27\\\/schwendimann-ag-gewinnt-kmu-preis-der-zkb\\\/#breadcrumb\"},\"inLanguage\":\"fr-FR\",\"potentialAction\":[{\"@type\":\"ReadAction\",\"target\":[\"https:\\\/\\\/www.organisator.ch\\\/de\\\/allgemein\\\/2017-01-27\\\/schwendimann-ag-gewinnt-kmu-preis-der-zkb\\\/\"]}]},{\"@type\":\"ImageObject\",\"inLanguage\":\"fr-FR\",\"@id\":\"https:\\\/\\\/www.organisator.ch\\\/de\\\/allgemein\\\/2017-01-27\\\/schwendimann-ag-gewinnt-kmu-preis-der-zkb\\\/#primaryimage\",\"url\":\"https:\\\/\\\/www.organisator.ch\\\/wp-content\\\/uploads\\\/2017\\\/01\\\/Schwendimann-AG-gewinnt-KMU-Preis-der-ZKB.png\",\"contentUrl\":\"https:\\\/\\\/www.organisator.ch\\\/wp-content\\\/uploads\\\/2017\\\/01\\\/Schwendimann-AG-gewinnt-KMU-Preis-der-ZKB.png\",\"width\":660,\"height\":440,\"caption\":\"Die f\u00fcnf diesj\u00e4hrigen Preistr\u00e4ger vom ZKB KMU-Preis (Bild: ZKB)\"},{\"@type\":\"BreadcrumbList\",\"@id\":\"https:\\\/\\\/www.organisator.ch\\\/de\\\/allgemein\\\/2017-01-27\\\/schwendimann-ag-gewinnt-kmu-preis-der-zkb\\\/#breadcrumb\",\"itemListElement\":[{\"@type\":\"ListItem\",\"position\":1,\"name\":\"Home\",\"item\":\"https:\\\/\\\/www.organisator.ch\\\/\"},{\"@type\":\"ListItem\",\"position\":2,\"name\":\"Schwendimann AG gewinnt KMU-Preis der ZKB\"}]},{\"@type\":\"WebSite\",\"@id\":\"https:\\\/\\\/www.organisator.ch\\\/#website\",\"url\":\"https:\\\/\\\/www.organisator.ch\\\/\",\"name\":\"Organisator\",\"description\":\"Kompetent. Praxisnah. Der ORGANISATOR bereitet in 10 Ausgaben pro Jahr die wesentlichen Themen f\u00fcr F\u00fchrungskr\u00e4fte von KMU auf.\",\"publisher\":{\"@id\":\"https:\\\/\\\/www.organisator.ch\\\/#organization\"},\"potentialAction\":[{\"@type\":\"SearchAction\",\"target\":{\"@type\":\"EntryPoint\",\"urlTemplate\":\"https:\\\/\\\/www.organisator.ch\\\/?s={search_term_string}\"},\"query-input\":{\"@type\":\"PropertyValueSpecification\",\"valueRequired\":true,\"valueName\":\"search_term_string\"}}],\"inLanguage\":\"fr-FR\"},{\"@type\":\"Organization\",\"@id\":\"https:\\\/\\\/www.organisator.ch\\\/#organization\",\"name\":\"Organisator\",\"url\":\"https:\\\/\\\/www.organisator.ch\\\/\",\"logo\":{\"@type\":\"ImageObject\",\"inLanguage\":\"fr-FR\",\"@id\":\"https:\\\/\\\/www.organisator.ch\\\/#\\\/schema\\\/logo\\\/image\\\/\",\"url\":\"https:\\\/\\\/www.organisator.ch\\\/wp-content\\\/uploads\\\/2022\\\/01\\\/Logo_Organisator_Website.png\",\"contentUrl\":\"https:\\\/\\\/www.organisator.ch\\\/wp-content\\\/uploads\\\/2022\\\/01\\\/Logo_Organisator_Website.png\",\"width\":800,\"height\":77,\"caption\":\"Organisator\"},\"image\":{\"@id\":\"https:\\\/\\\/www.organisator.ch\\\/#\\\/schema\\\/logo\\\/image\\\/\"},\"sameAs\":[\"https:\\\/\\\/www.facebook.com\\\/OrganisatorFachmagazin\",\"https:\\\/\\\/www.linkedin.com\\\/showcase\\\/organisator-das-magazin-fr-kmu\",\"https:\\\/\\\/www.xing.com\\\/news\\\/pages\\\/organisator-ch-695\",\"https:\\\/\\\/www.youtube.com\\\/channel\\\/UCGP2Sq0iWaZwT3BdIAQFYpw\"]},{\"@type\":\"Person\",\"@id\":\"https:\\\/\\\/www.organisator.ch\\\/#\\\/schema\\\/person\\\/6f650f90b2842cd4c0cc334b4e36f67e\",\"name\":\"thomas.berner\",\"image\":{\"@type\":\"ImageObject\",\"inLanguage\":\"fr-FR\",\"@id\":\"https:\\\/\\\/secure.gravatar.com\\\/avatar\\\/ac5001d2a36cb6c6cd3e50789007ffca834b477b74a2144564522e944eabff61?s=96&d=mm&r=g\",\"url\":\"https:\\\/\\\/secure.gravatar.com\\\/avatar\\\/ac5001d2a36cb6c6cd3e50789007ffca834b477b74a2144564522e944eabff61?s=96&d=mm&r=g\",\"contentUrl\":\"https:\\\/\\\/secure.gravatar.com\\\/avatar\\\/ac5001d2a36cb6c6cd3e50789007ffca834b477b74a2144564522e944eabff61?s=96&d=mm&r=g\",\"caption\":\"thomas.berner\"},\"url\":\"https:\\\/\\\/www.organisator.ch\\\/fr\\\/author\\\/thomas-berner\\\/\"}]}<\/script>\n<!-- \/ Yoast SEO plugin. -->","yoast_head_json":{"title":"Schwendimann AG remporte le prix PME de la ZKB - Organisateur","description":"L'entreprise familiale a remport\u00e9 la premi\u00e8re place du Prix PME 2017 de la ZKB, qui a \u00e9t\u00e9 d\u00e9cern\u00e9 le 26 janvier 2017 \u00e0 l'Umweltarena de Spreitenbach.","robots":{"index":"index","follow":"follow","max-snippet":"max-snippet:-1","max-image-preview":"max-image-preview:large","max-video-preview":"max-video-preview:-1"},"canonical":"https:\/\/www.organisator.ch\/fr\/general\/2017-01-27\/schwendimann-ag-gewinnt-kmu-preis-der-zkb\/","og_locale":"fr_FR","og_type":"article","og_title":"Schwendimann AG gewinnt KMU-Preis der ZKB - Organisator","og_description":"Beim KMU-Preis 2017 der ZKB, der in der Umweltarena in Spreitenbach am 26. Januar 2017 verliehen wurde, belegte das Familienunternehmen den ersten Platz.","og_url":"https:\/\/www.organisator.ch\/fr\/general\/2017-01-27\/schwendimann-ag-gewinnt-kmu-preis-der-zkb\/","og_site_name":"Organisator","article_publisher":"https:\/\/www.facebook.com\/OrganisatorFachmagazin","article_published_time":"2017-01-27T09:05:50+00:00","og_image":[{"width":660,"height":440,"url":"https:\/\/www.organisator.ch\/wp-content\/uploads\/2017\/01\/Schwendimann-AG-gewinnt-KMU-Preis-der-ZKB.png","type":"image\/png"}],"author":"thomas.berner","twitter_card":"summary_large_image","schema":{"@context":"https:\/\/schema.org","@graph":[{"@type":"Article","@id":"https:\/\/www.organisator.ch\/de\/allgemein\/2017-01-27\/schwendimann-ag-gewinnt-kmu-preis-der-zkb\/#article","isPartOf":{"@id":"https:\/\/www.organisator.ch\/de\/allgemein\/2017-01-27\/schwendimann-ag-gewinnt-kmu-preis-der-zkb\/"},"author":{"name":"thomas.berner","@id":"https:\/\/www.organisator.ch\/#\/schema\/person\/6f650f90b2842cd4c0cc334b4e36f67e"},"headline":"Schwendimann AG gewinnt KMU-Preis der ZKB","datePublished":"2017-01-27T09:05:50+00:00","mainEntityOfPage":{"@id":"https:\/\/www.organisator.ch\/de\/allgemein\/2017-01-27\/schwendimann-ag-gewinnt-kmu-preis-der-zkb\/"},"wordCount":225,"commentCount":0,"publisher":{"@id":"https:\/\/www.organisator.ch\/#organization"},"image":{"@id":"https:\/\/www.organisator.ch\/de\/allgemein\/2017-01-27\/schwendimann-ag-gewinnt-kmu-preis-der-zkb\/#primaryimage"},"thumbnailUrl":"https:\/\/www.organisator.ch\/wp-content\/uploads\/2017\/01\/Schwendimann-AG-gewinnt-KMU-Preis-der-ZKB.png","keywords":["Awards","Unternehmen","Veranstaltungen"],"articleSection":["Allgemein"],"inLanguage":"fr-FR"},{"@type":"WebPage","@id":"https:\/\/www.organisator.ch\/de\/allgemein\/2017-01-27\/schwendimann-ag-gewinnt-kmu-preis-der-zkb\/","url":"https:\/\/www.organisator.ch\/de\/allgemein\/2017-01-27\/schwendimann-ag-gewinnt-kmu-preis-der-zkb\/","name":"Schwendimann AG remporte le prix PME de la ZKB - Organisateur","isPartOf":{"@id":"https:\/\/www.organisator.ch\/#website"},"primaryImageOfPage":{"@id":"https:\/\/www.organisator.ch\/de\/allgemein\/2017-01-27\/schwendimann-ag-gewinnt-kmu-preis-der-zkb\/#primaryimage"},"image":{"@id":"https:\/\/www.organisator.ch\/de\/allgemein\/2017-01-27\/schwendimann-ag-gewinnt-kmu-preis-der-zkb\/#primaryimage"},"thumbnailUrl":"https:\/\/www.organisator.ch\/wp-content\/uploads\/2017\/01\/Schwendimann-AG-gewinnt-KMU-Preis-der-ZKB.png","datePublished":"2017-01-27T09:05:50+00:00","description":"L'entreprise familiale a remport\u00e9 la premi\u00e8re place du Prix PME 2017 de la ZKB, qui a \u00e9t\u00e9 d\u00e9cern\u00e9 le 26 janvier 2017 \u00e0 l'Umweltarena de Spreitenbach.","breadcrumb":{"@id":"https:\/\/www.organisator.ch\/de\/allgemein\/2017-01-27\/schwendimann-ag-gewinnt-kmu-preis-der-zkb\/#breadcrumb"},"inLanguage":"fr-FR","potentialAction":[{"@type":"ReadAction","target":["https:\/\/www.organisator.ch\/de\/allgemein\/2017-01-27\/schwendimann-ag-gewinnt-kmu-preis-der-zkb\/"]}]},{"@type":"ImageObject","inLanguage":"fr-FR","@id":"https:\/\/www.organisator.ch\/de\/allgemein\/2017-01-27\/schwendimann-ag-gewinnt-kmu-preis-der-zkb\/#primaryimage","url":"https:\/\/www.organisator.ch\/wp-content\/uploads\/2017\/01\/Schwendimann-AG-gewinnt-KMU-Preis-der-ZKB.png","contentUrl":"https:\/\/www.organisator.ch\/wp-content\/uploads\/2017\/01\/Schwendimann-AG-gewinnt-KMU-Preis-der-ZKB.png","width":660,"height":440,"caption":"Die f\u00fcnf diesj\u00e4hrigen Preistr\u00e4ger vom ZKB KMU-Preis (Bild: ZKB)"},{"@type":"BreadcrumbList","@id":"https:\/\/www.organisator.ch\/de\/allgemein\/2017-01-27\/schwendimann-ag-gewinnt-kmu-preis-der-zkb\/#breadcrumb","itemListElement":[{"@type":"ListItem","position":1,"name":"Home","item":"https:\/\/www.organisator.ch\/"},{"@type":"ListItem","position":2,"name":"Schwendimann AG gewinnt KMU-Preis der ZKB"}]},{"@type":"WebSite","@id":"https:\/\/www.organisator.ch\/#website","url":"https:\/\/www.organisator.ch\/","name":"Organisateur","description":"Comp\u00e9tence et comp\u00e9tence. Proches de la pratique. L'ORGANISATEUR pr\u00e9pare 10 num\u00e9ros par an sur les th\u00e8mes essentiels pour les dirigeants de PME.","publisher":{"@id":"https:\/\/www.organisator.ch\/#organization"},"potentialAction":[{"@type":"SearchAction","target":{"@type":"EntryPoint","urlTemplate":"https:\/\/www.organisator.ch\/?s={search_term_string}"},"query-input":{"@type":"PropertyValueSpecification","valueRequired":true,"valueName":"search_term_string"}}],"inLanguage":"fr-FR"},{"@type":"Organization","@id":"https:\/\/www.organisator.ch\/#organization","name":"Organisateur","url":"https:\/\/www.organisator.ch\/","logo":{"@type":"ImageObject","inLanguage":"fr-FR","@id":"https:\/\/www.organisator.ch\/#\/schema\/logo\/image\/","url":"https:\/\/www.organisator.ch\/wp-content\/uploads\/2022\/01\/Logo_Organisator_Website.png","contentUrl":"https:\/\/www.organisator.ch\/wp-content\/uploads\/2022\/01\/Logo_Organisator_Website.png","width":800,"height":77,"caption":"Organisator"},"image":{"@id":"https:\/\/www.organisator.ch\/#\/schema\/logo\/image\/"},"sameAs":["https:\/\/www.facebook.com\/OrganisatorFachmagazin","https:\/\/www.linkedin.com\/showcase\/organisator-das-magazin-fr-kmu","https:\/\/www.xing.com\/news\/pages\/organisator-ch-695","https:\/\/www.youtube.com\/channel\/UCGP2Sq0iWaZwT3BdIAQFYpw"]},{"@type":"Person","@id":"https:\/\/www.organisator.ch\/#\/schema\/person\/6f650f90b2842cd4c0cc334b4e36f67e","name":"thomas.berner","image":{"@type":"ImageObject","inLanguage":"fr-FR","@id":"https:\/\/secure.gravatar.com\/avatar\/ac5001d2a36cb6c6cd3e50789007ffca834b477b74a2144564522e944eabff61?s=96&d=mm&r=g","url":"https:\/\/secure.gravatar.com\/avatar\/ac5001d2a36cb6c6cd3e50789007ffca834b477b74a2144564522e944eabff61?s=96&d=mm&r=g","contentUrl":"https:\/\/secure.gravatar.com\/avatar\/ac5001d2a36cb6c6cd3e50789007ffca834b477b74a2144564522e944eabff61?s=96&d=mm&r=g","caption":"thomas.berner"},"url":"https:\/\/www.organisator.ch\/fr\/author\/thomas-berner\/"}]}},"_links":{"self":[{"href":"https:\/\/www.organisator.ch\/fr\/wp-json\/wp\/v2\/posts\/1413","targetHints":{"allow":["GET"]}}],"collection":[{"href":"https:\/\/www.organisator.ch\/fr\/wp-json\/wp\/v2\/posts"}],"about":[{"href":"https:\/\/www.organisator.ch\/fr\/wp-json\/wp\/v2\/types\/post"}],"author":[{"embeddable":true,"href":"https:\/\/www.organisator.ch\/fr\/wp-json\/wp\/v2\/users\/4"}],"replies":[{"embeddable":true,"href":"https:\/\/www.organisator.ch\/fr\/wp-json\/wp\/v2\/comments?post=1413"}],"version-history":[{"count":0,"href":"https:\/\/www.organisator.ch\/fr\/wp-json\/wp\/v2\/posts\/1413\/revisions"}],"wp:featuredmedia":[{"embeddable":true,"href":"https:\/\/www.organisator.ch\/fr\/wp-json\/wp\/v2\/media\/1414"}],"wp:attachment":[{"href":"https:\/\/www.organisator.ch\/fr\/wp-json\/wp\/v2\/media?parent=1413"}],"wp:term":[{"taxonomy":"category","embeddable":true,"href":"https:\/\/www.organisator.ch\/fr\/wp-json\/wp\/v2\/categories?post=1413"},{"taxonomy":"post_tag","embeddable":true,"href":"https:\/\/www.organisator.ch\/fr\/wp-json\/wp\/v2\/tags?post=1413"}],"curies":[{"name":"wp","href":"https:\/\/api.w.org\/{rel}","templated":true}]}}