{"id":1416,"date":"2017-01-27T10:25:33","date_gmt":"2017-01-27T09:25:33","guid":{"rendered":"https:\/\/organisator.ch\/?p=1416"},"modified":"2017-01-27T10:25:33","modified_gmt":"2017-01-27T09:25:33","slug":"die-sechs-finalisten-des-prix-svc-espace-mittelland-2017","status":"publish","type":"post","link":"https:\/\/www.organisator.ch\/fr\/allgemein\/2017-01-27\/die-sechs-finalisten-des-prix-svc-espace-mittelland-2017\/","title":{"rendered":"Les six finalistes du Prix SVC Espace Mittelland 2017"},"content":{"rendered":"<figure id=\"attachment_1418\" aria-describedby=\"caption-attachment-1418\" style=\"width: 595px\" class=\"wp-caption alignnone\"><img loading=\"lazy\" decoding=\"async\" class=\"size-full wp-image-1418\" src=\"https:\/\/www.organisator.ch\/wp-content\/uploads\/2017\/01\/Die-sechs-Finalisten-des-SVC-Espace-Mittelland-2017.jpg\" alt=\"\" width=\"595\" height=\"480\" srcset=\"https:\/\/www.organisator.ch\/wp-content\/uploads\/2017\/01\/Die-sechs-Finalisten-des-SVC-Espace-Mittelland-2017.jpg 595w, https:\/\/www.organisator.ch\/wp-content\/uploads\/2017\/01\/Die-sechs-Finalisten-des-SVC-Espace-Mittelland-2017-16x12.jpg 16w, https:\/\/www.organisator.ch\/wp-content\/uploads\/2017\/01\/Die-sechs-Finalisten-des-SVC-Espace-Mittelland-2017-217x175.jpg 217w, https:\/\/www.organisator.ch\/wp-content\/uploads\/2017\/01\/Die-sechs-Finalisten-des-SVC-Espace-Mittelland-2017-434x350.jpg 434w, https:\/\/www.organisator.ch\/wp-content\/uploads\/2017\/01\/Die-sechs-Finalisten-des-SVC-Espace-Mittelland-2017-300x242.jpg 300w\" sizes=\"auto, (max-width: 595px) 100vw, 595px\" \/><figcaption id=\"caption-attachment-1418\" class=\"wp-caption-text\">Les finalistes pour le Prix SVC Espace Mittelland (de gauche \u00e0 droite) : Ernst K\u00fchni (K\u00fchni AG), Serge Michel et Claude Greisler (Armin Strohm AG), Alex Naef (Carrosserie HESS AG), Daniel Heiniger (Heiniger AG), Reto Reist (Moser-Baer AG) et Beat Furrer (Furrer + Frey AG).<\/figcaption><\/figure>\n<p>Avec le Prix SVC Espace Mittelland, le Swiss Venture Club SVC r\u00e9compense des PME exemplaires de cette r\u00e9gion, qui convainquent par leurs produits et services, leurs innovations, leur culture d'entreprise, la qualit\u00e9 de leurs collaborateurs et de leur management ainsi que par leur r\u00e9ussite durable et leur ancrage r\u00e9gional. Le 8 mars au Kursaal de Berne, les six histoires de r\u00e9ussite suivantes seront pr\u00e9sent\u00e9es devant quelque 1400 invit\u00e9s (par ordre alphab\u00e9tique) :<\/p>\n<ul>\n<li id=\"BereichDet7408_CMSBereichDetContent\" class=\"Modul6_ContentDiv\"><strong><a href=\"https:\/\/www.arminstrom.com\/de\/\">Armin Strom AG, Bienne<\/a>: <\/strong>L'histoire de la manufacture horlog\u00e8re Armin Strom AG commence avec le fondateur et parrain de l'entreprise, Armin Strom, qui a ouvert son premier magasin d'horlogerie en 1967 \u00e0 Berthoud. Depuis 2009, l'entreprise d\u00e9veloppe et produit des mouvements de haute qualit\u00e9 dans sa propre manufacture, sous la direction de Serge Michel et du constructeur Claude Greisler. Les montres d'Armin Strom AG s\u00e9duisent par leur m\u00e9canique transparente et leur design expressif et sont distribu\u00e9es dans le monde entier. L'entreprise, dont le si\u00e8ge est \u00e0 Bienne, emploie 23 personnes.<\/li>\n<li class=\"Modul6_ContentDiv\"><strong><a href=\"http:\/\/www.furrerfrey.ch\/de.html\">Furrer + Frey AG, Berne<\/a>: <\/strong>L'entreprise familiale d'installations de lignes de contact a \u00e9t\u00e9 fond\u00e9e en 1923 par Emil Furrer et Arnold Frey. Aujourd'hui, Furrer + Frey est dirig\u00e9e par la troisi\u00e8me et la quatri\u00e8me g\u00e9n\u00e9ration de Beat et Rico Furrer. L'entreprise d\u00e9veloppe, planifie et construit des cat\u00e9naires pour les chemins de fer, les m\u00e9tros l\u00e9gers et les trolleybus. Gr\u00e2ce \u00e0 des innovations telles que la ligne de contact au plafond ou la station de recharge rapide pour les bus \u00e9lectriques, l'entreprise familiale peut s'imposer avec succ\u00e8s sur le march\u00e9. L'entreprise, dont le si\u00e8ge est \u00e0 Berne et qui poss\u00e8de des filiales \u00e0 Montreux, Zurich, Bellinzone, Berlin, Londres, Rome et Guangzhou, emploie 270 personnes.<\/li>\n<li class=\"Modul6_ContentDiv\"><strong><a href=\"http:\/\/heiniger.com\/\">Heiniger AG, Herzogenbuchsee<\/a>: <\/strong>Heiniger SA, dont le si\u00e8ge est \u00e0 Herzogenbuchsee, a \u00e9t\u00e9 fond\u00e9e en 1946 par Hermann Heiniger. L'entreprise est leader dans la fabrication de produits de tonte pour animaux : Dans le monde entier, des millions d'animaux de rente comme les moutons, les vaches, les chevaux ou encore les chiens et les chameaux sont tondus et soign\u00e9s avec des appareils et des produits Heiniger. Les produits sont d\u00e9velopp\u00e9s et fabriqu\u00e9s en Suisse. L'entreprise familiale a \u00e9t\u00e9 dirig\u00e9e de 1983 \u00e0 2012 par Werner Heiniger et est aujourd'hui dirig\u00e9e par la troisi\u00e8me g\u00e9n\u00e9ration du CEO Daniel Heiniger.  Elle emploie plus de 100 personnes, dont 33 dans sa filiale australienne et huit en Nouvelle-Z\u00e9lande.<\/li>\n<li class=\"Modul6_ContentDiv\"><strong><a href=\"http:\/\/www.hess-ag.ch\/de\/index.php\">HESS Carrosserie AG, Bellach<\/a>: <\/strong>L'entreprise HESS Carrosserie AG, dirig\u00e9e par la cinqui\u00e8me g\u00e9n\u00e9ration, a \u00e9t\u00e9 fond\u00e9e en 1882 par Heinrich Hess sous la forme d'un atelier de charron et d'une forge. Aujourd'hui, l'entreprise fabrique des bus, des trolleybus et des v\u00e9hicules utilitaires. HESS produit exclusivement en Suisse, mais d\u00e9place des personnes d'un point A \u00e0 un point B dans le monde entier. En collaboration avec des licenci\u00e9s internationaux, elle produit environ 2400 bus par an. Le CEO Alex Naef accorde une grande importance \u00e0 la durabilit\u00e9 et aux solutions de transport \u00e9cologiques. L'entreprise emploie 250 personnes et 25 apprentis.<\/li>\n<li class=\"Modul6_ContentDiv\"><strong><a href=\"http:\/\/www.kuehni-ag.ch\/\">K\u00fchni AG, Ramsei<\/a>: <\/strong>K\u00fchni AG cr\u00e9e des espaces de vie en bois. L'atelier de charpenterie d'origine, cr\u00e9\u00e9 en 1989, est devenu en quelques ann\u00e9es seulement un leader national de la construction en bois, avec ses propres ateliers de charpenterie, de menuiserie, de pose de parquets et sa propre entreprise g\u00e9n\u00e9rale. L'entreprise familiale propose une prestation de march\u00e9 continue, de la menuiserie \u00e0 la construction de maisons cl\u00e9s en main, en passant par les parquets en bois de qualit\u00e9. Avec 165 collaborateurs, dont 34 en formation, K\u00fchni AG est un employeur important dans la r\u00e9gion. L'entreprise est dirig\u00e9e par Ernst K\u00fchni, Ulrich K\u00fchni, Ueli Haldemann et Markus Gerber.<\/li>\n<li class=\"Modul6_ContentDiv\"><strong><a href=\"http:\/\/www.moser-baer.ch\/home\/\">Moser-Baer AG, Sumiswald<\/a>: <\/strong>La pr\u00e9cision dans le temps et la technique, voil\u00e0 ce que repr\u00e9sente Moser-Baer AG dans l'Emmental depuis environ 75 ans. Avec la marque MOBATIME, l'entreprise est leader dans le d\u00e9veloppement, la production et la vente d'installations horlog\u00e8res, de syst\u00e8mes de temps et de r\u00e9f\u00e9rences temporelles. Qu'elles soient analogiques ou num\u00e9riques, plusieurs dizaines de milliers d'installations de l'entreprise familiale sont en service dans le monde entier, dans les a\u00e9roports, les gares ou les h\u00f4pitaux. Moser-Baer de Sumiswald est dirig\u00e9e par le CEO Reto Reist et emploie 90 collaborateurs et 20 apprentis.<\/li>\n<\/ul>\n<p>Le suspense devrait donc \u00eatre de mise lors de la remise du Prix SVC Espace Mittelland 2017.<\/p>\n<p>informations : <a href=\"http:\/\/www.swiss-venture-club.ch\">www.swiss-venture-club.ch<\/a><\/p>","protected":false},"excerpt":{"rendered":"<p>Der Swiss Venture Club SVC\u00a0zeichnet mit dem Prix SVC Espace Mittelland vorbildliche KMU aus dieser Region aus, die durch ihre Produkte und Dienstleistungen, Innovationen, Firmenkultur, durch die Qualit\u00e4t der Mitarbeitenden und des Managements sowie durch einen nachhaltigen Erfolgsausweis und eine regionale Verankerung \u00fcberzeugen. Um folgende sechs Erfolgsgeschichten\u00a0wird es am 8. M\u00e4rz im Kursaal Bern vor\u00a0erwarteten [&hellip;]<\/p>\n","protected":false},"author":4,"featured_media":1418,"comment_status":"open","ping_status":"open","sticky":false,"template":"","format":"standard","meta":{"_acf_changed":false,"_yoast_wpseo_focuskw":"Prix SVC Espace Mittelland","_yoast_wpseo_metadesc":"Seit 2003 wird der Prix SVC Espace Mittelland vergeben, 2017 bereits zum zw\u00f6lften Mal. Die Preisverleihung findet am 8. M\u00e4rz 2017 im Kursaal Bern statt.","articlekey":"","footnotes":""},"categories":[1],"tags":[66,492,502],"class_list":["post-1416","post","type-post","status-publish","format-standard","has-post-thumbnail","hentry","category-allgemein","tag-awards","tag-unternehmen","tag-veranstaltungen"],"acf":[],"yoast_head":"<!-- This site is optimized with the Yoast SEO plugin v27.5 - https:\/\/yoast.com\/product\/yoast-seo-wordpress\/ -->\n<title>Die sechs Finalisten des Prix SVC Espace Mittelland 2017 - Organisator<\/title>\n<meta name=\"description\" content=\"Seit 2003 wird der Prix SVC Espace Mittelland vergeben, 2017 bereits zum zw\u00f6lften Mal. Die Preisverleihung findet am 8. M\u00e4rz 2017 im Kursaal Bern statt.\" \/>\n<meta name=\"robots\" content=\"index, follow, max-snippet:-1, max-image-preview:large, max-video-preview:-1\" \/>\n<link rel=\"canonical\" href=\"https:\/\/www.organisator.ch\/fr\/general\/2017-01-27\/die-sechs-finalisten-des-prix-svc-espace-mittelland-2017\/\" \/>\n<meta property=\"og:locale\" content=\"fr_FR\" \/>\n<meta property=\"og:type\" content=\"article\" \/>\n<meta property=\"og:title\" content=\"Die sechs Finalisten des Prix SVC Espace Mittelland 2017\" \/>\n<meta property=\"og:description\" content=\"Seit 2003 wird der #PrixSVCEspaceMittelland vergeben, 2017 bereits zum zw\u00f6lften Mal. Die #Preisverleihung findet am 8. M\u00e4rz 2017 im #KursaalBern statt. Im Final stehen wiederum sechs KMU.\" \/>\n<meta property=\"og:url\" content=\"https:\/\/www.organisator.ch\/fr\/general\/2017-01-27\/die-sechs-finalisten-des-prix-svc-espace-mittelland-2017\/\" \/>\n<meta property=\"og:site_name\" content=\"Organisator\" \/>\n<meta property=\"article:publisher\" content=\"https:\/\/www.facebook.com\/OrganisatorFachmagazin\" \/>\n<meta property=\"article:published_time\" content=\"2017-01-27T09:25:33+00:00\" \/>\n<meta property=\"og:image\" content=\"https:\/\/www.organisator.ch\/wp-content\/uploads\/2017\/01\/Die-sechs-Finalisten-des-SVC-Espace-Mittelland-2017.jpg\" \/>\n\t<meta property=\"og:image:width\" content=\"595\" \/>\n\t<meta property=\"og:image:height\" content=\"480\" \/>\n\t<meta property=\"og:image:type\" content=\"image\/jpeg\" \/>\n<meta name=\"author\" content=\"thomas.berner\" \/>\n<meta name=\"twitter:card\" content=\"summary_large_image\" \/>\n<meta name=\"twitter:title\" content=\"Die sechs Finalisten des #PrixSVC #EspaceMittelland 2017. #FinalistenPrixSVCEspaceMittelland\" \/>\n<meta name=\"twitter:description\" content=\"Seit 2003 wird der #PrixSVCEspaceMittelland vergeben, 2017 bereits zum zw\u00f6lften Mal. Die #Preisverleihung findet am 8. M\u00e4rz 2017 im #KursaalBern statt. Im Final stehen wiederum sechs KMU.\" \/>\n<meta name=\"twitter:image\" content=\"https:\/\/www.organisator.ch\/wp-content\/uploads\/2017\/01\/Die-sechs-Finalisten-des-SVC-Espace-Mittelland-2017.jpg\" \/>\n<script type=\"application\/ld+json\" class=\"yoast-schema-graph\">{\"@context\":\"https:\\\/\\\/schema.org\",\"@graph\":[{\"@type\":\"Article\",\"@id\":\"https:\\\/\\\/www.organisator.ch\\\/en\\\/general\\\/2017-01-27\\\/die-sechs-finalisten-des-prix-svc-espace-mittelland-2017\\\/#article\",\"isPartOf\":{\"@id\":\"https:\\\/\\\/www.organisator.ch\\\/en\\\/general\\\/2017-01-27\\\/die-sechs-finalisten-des-prix-svc-espace-mittelland-2017\\\/\"},\"author\":{\"name\":\"thomas.berner\",\"@id\":\"https:\\\/\\\/www.organisator.ch\\\/#\\\/schema\\\/person\\\/6f650f90b2842cd4c0cc334b4e36f67e\"},\"headline\":\"Die sechs Finalisten des Prix SVC Espace Mittelland 2017\",\"datePublished\":\"2017-01-27T09:25:33+00:00\",\"mainEntityOfPage\":{\"@id\":\"https:\\\/\\\/www.organisator.ch\\\/en\\\/general\\\/2017-01-27\\\/die-sechs-finalisten-des-prix-svc-espace-mittelland-2017\\\/\"},\"wordCount\":660,\"commentCount\":0,\"publisher\":{\"@id\":\"https:\\\/\\\/www.organisator.ch\\\/#organization\"},\"image\":{\"@id\":\"https:\\\/\\\/www.organisator.ch\\\/en\\\/general\\\/2017-01-27\\\/die-sechs-finalisten-des-prix-svc-espace-mittelland-2017\\\/#primaryimage\"},\"thumbnailUrl\":\"https:\\\/\\\/www.organisator.ch\\\/wp-content\\\/uploads\\\/2017\\\/01\\\/Die-sechs-Finalisten-des-SVC-Espace-Mittelland-2017.jpg\",\"keywords\":[\"Awards\",\"Unternehmen\",\"Veranstaltungen\"],\"articleSection\":[\"Allgemein\"],\"inLanguage\":\"fr-FR\"},{\"@type\":\"WebPage\",\"@id\":\"https:\\\/\\\/www.organisator.ch\\\/en\\\/general\\\/2017-01-27\\\/die-sechs-finalisten-des-prix-svc-espace-mittelland-2017\\\/\",\"url\":\"https:\\\/\\\/www.organisator.ch\\\/en\\\/general\\\/2017-01-27\\\/die-sechs-finalisten-des-prix-svc-espace-mittelland-2017\\\/\",\"name\":\"Die sechs Finalisten des Prix SVC Espace Mittelland 2017 - Organisator\",\"isPartOf\":{\"@id\":\"https:\\\/\\\/www.organisator.ch\\\/#website\"},\"primaryImageOfPage\":{\"@id\":\"https:\\\/\\\/www.organisator.ch\\\/en\\\/general\\\/2017-01-27\\\/die-sechs-finalisten-des-prix-svc-espace-mittelland-2017\\\/#primaryimage\"},\"image\":{\"@id\":\"https:\\\/\\\/www.organisator.ch\\\/en\\\/general\\\/2017-01-27\\\/die-sechs-finalisten-des-prix-svc-espace-mittelland-2017\\\/#primaryimage\"},\"thumbnailUrl\":\"https:\\\/\\\/www.organisator.ch\\\/wp-content\\\/uploads\\\/2017\\\/01\\\/Die-sechs-Finalisten-des-SVC-Espace-Mittelland-2017.jpg\",\"datePublished\":\"2017-01-27T09:25:33+00:00\",\"description\":\"Seit 2003 wird der Prix SVC Espace Mittelland vergeben, 2017 bereits zum zw\u00f6lften Mal. Die Preisverleihung findet am 8. M\u00e4rz 2017 im Kursaal Bern statt.\",\"breadcrumb\":{\"@id\":\"https:\\\/\\\/www.organisator.ch\\\/en\\\/general\\\/2017-01-27\\\/die-sechs-finalisten-des-prix-svc-espace-mittelland-2017\\\/#breadcrumb\"},\"inLanguage\":\"fr-FR\",\"potentialAction\":[{\"@type\":\"ReadAction\",\"target\":[\"https:\\\/\\\/www.organisator.ch\\\/en\\\/general\\\/2017-01-27\\\/die-sechs-finalisten-des-prix-svc-espace-mittelland-2017\\\/\"]}]},{\"@type\":\"ImageObject\",\"inLanguage\":\"fr-FR\",\"@id\":\"https:\\\/\\\/www.organisator.ch\\\/en\\\/general\\\/2017-01-27\\\/die-sechs-finalisten-des-prix-svc-espace-mittelland-2017\\\/#primaryimage\",\"url\":\"https:\\\/\\\/www.organisator.ch\\\/wp-content\\\/uploads\\\/2017\\\/01\\\/Die-sechs-Finalisten-des-SVC-Espace-Mittelland-2017.jpg\",\"contentUrl\":\"https:\\\/\\\/www.organisator.ch\\\/wp-content\\\/uploads\\\/2017\\\/01\\\/Die-sechs-Finalisten-des-SVC-Espace-Mittelland-2017.jpg\",\"width\":595,\"height\":480,\"caption\":\"Die Finalisten f\u00fcr den Prix SVC Espace Mittelland (v.l.n.r.): Ernst K\u00fchni (K\u00fchni AG), Serge Michel und Claude Greisler (Armin Strohm AG), Alex Naef (Carrosserie HESS AG), Daniel Heiniger (Heiniger AG), Reto Reist (Moser-Baer AG) und Beat Furrer (Furrer + Frey AG).\"},{\"@type\":\"BreadcrumbList\",\"@id\":\"https:\\\/\\\/www.organisator.ch\\\/en\\\/general\\\/2017-01-27\\\/die-sechs-finalisten-des-prix-svc-espace-mittelland-2017\\\/#breadcrumb\",\"itemListElement\":[{\"@type\":\"ListItem\",\"position\":1,\"name\":\"Home\",\"item\":\"https:\\\/\\\/www.organisator.ch\\\/\"},{\"@type\":\"ListItem\",\"position\":2,\"name\":\"Die sechs Finalisten des Prix SVC Espace Mittelland 2017\"}]},{\"@type\":\"WebSite\",\"@id\":\"https:\\\/\\\/www.organisator.ch\\\/#website\",\"url\":\"https:\\\/\\\/www.organisator.ch\\\/\",\"name\":\"Organisator\",\"description\":\"Kompetent. Praxisnah. Der ORGANISATOR bereitet in 10 Ausgaben pro Jahr die wesentlichen Themen f\u00fcr F\u00fchrungskr\u00e4fte von KMU auf.\",\"publisher\":{\"@id\":\"https:\\\/\\\/www.organisator.ch\\\/#organization\"},\"potentialAction\":[{\"@type\":\"SearchAction\",\"target\":{\"@type\":\"EntryPoint\",\"urlTemplate\":\"https:\\\/\\\/www.organisator.ch\\\/?s={search_term_string}\"},\"query-input\":{\"@type\":\"PropertyValueSpecification\",\"valueRequired\":true,\"valueName\":\"search_term_string\"}}],\"inLanguage\":\"fr-FR\"},{\"@type\":\"Organization\",\"@id\":\"https:\\\/\\\/www.organisator.ch\\\/#organization\",\"name\":\"Organisator\",\"url\":\"https:\\\/\\\/www.organisator.ch\\\/\",\"logo\":{\"@type\":\"ImageObject\",\"inLanguage\":\"fr-FR\",\"@id\":\"https:\\\/\\\/www.organisator.ch\\\/#\\\/schema\\\/logo\\\/image\\\/\",\"url\":\"https:\\\/\\\/www.organisator.ch\\\/wp-content\\\/uploads\\\/2022\\\/01\\\/Logo_Organisator_Website.png\",\"contentUrl\":\"https:\\\/\\\/www.organisator.ch\\\/wp-content\\\/uploads\\\/2022\\\/01\\\/Logo_Organisator_Website.png\",\"width\":800,\"height\":77,\"caption\":\"Organisator\"},\"image\":{\"@id\":\"https:\\\/\\\/www.organisator.ch\\\/#\\\/schema\\\/logo\\\/image\\\/\"},\"sameAs\":[\"https:\\\/\\\/www.facebook.com\\\/OrganisatorFachmagazin\",\"https:\\\/\\\/www.linkedin.com\\\/showcase\\\/organisator-das-magazin-fr-kmu\",\"https:\\\/\\\/www.xing.com\\\/news\\\/pages\\\/organisator-ch-695\",\"https:\\\/\\\/www.youtube.com\\\/channel\\\/UCGP2Sq0iWaZwT3BdIAQFYpw\"]},{\"@type\":\"Person\",\"@id\":\"https:\\\/\\\/www.organisator.ch\\\/#\\\/schema\\\/person\\\/6f650f90b2842cd4c0cc334b4e36f67e\",\"name\":\"thomas.berner\",\"image\":{\"@type\":\"ImageObject\",\"inLanguage\":\"fr-FR\",\"@id\":\"https:\\\/\\\/secure.gravatar.com\\\/avatar\\\/ac5001d2a36cb6c6cd3e50789007ffca834b477b74a2144564522e944eabff61?s=96&d=mm&r=g\",\"url\":\"https:\\\/\\\/secure.gravatar.com\\\/avatar\\\/ac5001d2a36cb6c6cd3e50789007ffca834b477b74a2144564522e944eabff61?s=96&d=mm&r=g\",\"contentUrl\":\"https:\\\/\\\/secure.gravatar.com\\\/avatar\\\/ac5001d2a36cb6c6cd3e50789007ffca834b477b74a2144564522e944eabff61?s=96&d=mm&r=g\",\"caption\":\"thomas.berner\"},\"url\":\"https:\\\/\\\/www.organisator.ch\\\/fr\\\/author\\\/thomas-berner\\\/\"}]}<\/script>\n<!-- \/ Yoast SEO plugin. -->","yoast_head_json":{"title":"Les six finalistes du Prix SVC Espace Mittelland 2017 - Organisateur","description":"Le Prix SVC Espace Mittelland est d\u00e9cern\u00e9 depuis 2003, en 2017 pour la douzi\u00e8me fois d\u00e9j\u00e0. La remise des prix aura lieu le 8 mars 2017 au Kursaal de Berne.","robots":{"index":"index","follow":"follow","max-snippet":"max-snippet:-1","max-image-preview":"max-image-preview:large","max-video-preview":"max-video-preview:-1"},"canonical":"https:\/\/www.organisator.ch\/fr\/general\/2017-01-27\/die-sechs-finalisten-des-prix-svc-espace-mittelland-2017\/","og_locale":"fr_FR","og_type":"article","og_title":"Die sechs Finalisten des Prix SVC Espace Mittelland 2017","og_description":"Seit 2003 wird der #PrixSVCEspaceMittelland vergeben, 2017 bereits zum zw\u00f6lften Mal. Die #Preisverleihung findet am 8. M\u00e4rz 2017 im #KursaalBern statt. Im Final stehen wiederum sechs KMU.","og_url":"https:\/\/www.organisator.ch\/fr\/general\/2017-01-27\/die-sechs-finalisten-des-prix-svc-espace-mittelland-2017\/","og_site_name":"Organisator","article_publisher":"https:\/\/www.facebook.com\/OrganisatorFachmagazin","article_published_time":"2017-01-27T09:25:33+00:00","og_image":[{"width":595,"height":480,"url":"https:\/\/www.organisator.ch\/wp-content\/uploads\/2017\/01\/Die-sechs-Finalisten-des-SVC-Espace-Mittelland-2017.jpg","type":"image\/jpeg"}],"author":"thomas.berner","twitter_card":"summary_large_image","twitter_title":"Die sechs Finalisten des #PrixSVC #EspaceMittelland 2017. #FinalistenPrixSVCEspaceMittelland","twitter_description":"Seit 2003 wird der #PrixSVCEspaceMittelland vergeben, 2017 bereits zum zw\u00f6lften Mal. Die #Preisverleihung findet am 8. M\u00e4rz 2017 im #KursaalBern statt. Im Final stehen wiederum sechs KMU.","twitter_image":"https:\/\/www.organisator.ch\/wp-content\/uploads\/2017\/01\/Die-sechs-Finalisten-des-SVC-Espace-Mittelland-2017.jpg","schema":{"@context":"https:\/\/schema.org","@graph":[{"@type":"Article","@id":"https:\/\/www.organisator.ch\/en\/general\/2017-01-27\/die-sechs-finalisten-des-prix-svc-espace-mittelland-2017\/#article","isPartOf":{"@id":"https:\/\/www.organisator.ch\/en\/general\/2017-01-27\/die-sechs-finalisten-des-prix-svc-espace-mittelland-2017\/"},"author":{"name":"thomas.berner","@id":"https:\/\/www.organisator.ch\/#\/schema\/person\/6f650f90b2842cd4c0cc334b4e36f67e"},"headline":"Die sechs Finalisten des Prix SVC Espace Mittelland 2017","datePublished":"2017-01-27T09:25:33+00:00","mainEntityOfPage":{"@id":"https:\/\/www.organisator.ch\/en\/general\/2017-01-27\/die-sechs-finalisten-des-prix-svc-espace-mittelland-2017\/"},"wordCount":660,"commentCount":0,"publisher":{"@id":"https:\/\/www.organisator.ch\/#organization"},"image":{"@id":"https:\/\/www.organisator.ch\/en\/general\/2017-01-27\/die-sechs-finalisten-des-prix-svc-espace-mittelland-2017\/#primaryimage"},"thumbnailUrl":"https:\/\/www.organisator.ch\/wp-content\/uploads\/2017\/01\/Die-sechs-Finalisten-des-SVC-Espace-Mittelland-2017.jpg","keywords":["Awards","Unternehmen","Veranstaltungen"],"articleSection":["Allgemein"],"inLanguage":"fr-FR"},{"@type":"WebPage","@id":"https:\/\/www.organisator.ch\/en\/general\/2017-01-27\/die-sechs-finalisten-des-prix-svc-espace-mittelland-2017\/","url":"https:\/\/www.organisator.ch\/en\/general\/2017-01-27\/die-sechs-finalisten-des-prix-svc-espace-mittelland-2017\/","name":"Les six finalistes du Prix SVC Espace Mittelland 2017 - Organisateur","isPartOf":{"@id":"https:\/\/www.organisator.ch\/#website"},"primaryImageOfPage":{"@id":"https:\/\/www.organisator.ch\/en\/general\/2017-01-27\/die-sechs-finalisten-des-prix-svc-espace-mittelland-2017\/#primaryimage"},"image":{"@id":"https:\/\/www.organisator.ch\/en\/general\/2017-01-27\/die-sechs-finalisten-des-prix-svc-espace-mittelland-2017\/#primaryimage"},"thumbnailUrl":"https:\/\/www.organisator.ch\/wp-content\/uploads\/2017\/01\/Die-sechs-Finalisten-des-SVC-Espace-Mittelland-2017.jpg","datePublished":"2017-01-27T09:25:33+00:00","description":"Le Prix SVC Espace Mittelland est d\u00e9cern\u00e9 depuis 2003, en 2017 pour la douzi\u00e8me fois d\u00e9j\u00e0. La remise des prix aura lieu le 8 mars 2017 au Kursaal de Berne.","breadcrumb":{"@id":"https:\/\/www.organisator.ch\/en\/general\/2017-01-27\/die-sechs-finalisten-des-prix-svc-espace-mittelland-2017\/#breadcrumb"},"inLanguage":"fr-FR","potentialAction":[{"@type":"ReadAction","target":["https:\/\/www.organisator.ch\/en\/general\/2017-01-27\/die-sechs-finalisten-des-prix-svc-espace-mittelland-2017\/"]}]},{"@type":"ImageObject","inLanguage":"fr-FR","@id":"https:\/\/www.organisator.ch\/en\/general\/2017-01-27\/die-sechs-finalisten-des-prix-svc-espace-mittelland-2017\/#primaryimage","url":"https:\/\/www.organisator.ch\/wp-content\/uploads\/2017\/01\/Die-sechs-Finalisten-des-SVC-Espace-Mittelland-2017.jpg","contentUrl":"https:\/\/www.organisator.ch\/wp-content\/uploads\/2017\/01\/Die-sechs-Finalisten-des-SVC-Espace-Mittelland-2017.jpg","width":595,"height":480,"caption":"Die Finalisten f\u00fcr den Prix SVC Espace Mittelland (v.l.n.r.): Ernst K\u00fchni (K\u00fchni AG), Serge Michel und Claude Greisler (Armin Strohm AG), Alex Naef (Carrosserie HESS AG), Daniel Heiniger (Heiniger AG), Reto Reist (Moser-Baer AG) und Beat Furrer (Furrer + Frey AG)."},{"@type":"BreadcrumbList","@id":"https:\/\/www.organisator.ch\/en\/general\/2017-01-27\/die-sechs-finalisten-des-prix-svc-espace-mittelland-2017\/#breadcrumb","itemListElement":[{"@type":"ListItem","position":1,"name":"Home","item":"https:\/\/www.organisator.ch\/"},{"@type":"ListItem","position":2,"name":"Die sechs Finalisten des Prix SVC Espace Mittelland 2017"}]},{"@type":"WebSite","@id":"https:\/\/www.organisator.ch\/#website","url":"https:\/\/www.organisator.ch\/","name":"Organisateur","description":"Comp\u00e9tence et comp\u00e9tence. Proches de la pratique. L'ORGANISATEUR pr\u00e9pare 10 num\u00e9ros par an sur les th\u00e8mes essentiels pour les dirigeants de PME.","publisher":{"@id":"https:\/\/www.organisator.ch\/#organization"},"potentialAction":[{"@type":"SearchAction","target":{"@type":"EntryPoint","urlTemplate":"https:\/\/www.organisator.ch\/?s={search_term_string}"},"query-input":{"@type":"PropertyValueSpecification","valueRequired":true,"valueName":"search_term_string"}}],"inLanguage":"fr-FR"},{"@type":"Organization","@id":"https:\/\/www.organisator.ch\/#organization","name":"Organisateur","url":"https:\/\/www.organisator.ch\/","logo":{"@type":"ImageObject","inLanguage":"fr-FR","@id":"https:\/\/www.organisator.ch\/#\/schema\/logo\/image\/","url":"https:\/\/www.organisator.ch\/wp-content\/uploads\/2022\/01\/Logo_Organisator_Website.png","contentUrl":"https:\/\/www.organisator.ch\/wp-content\/uploads\/2022\/01\/Logo_Organisator_Website.png","width":800,"height":77,"caption":"Organisator"},"image":{"@id":"https:\/\/www.organisator.ch\/#\/schema\/logo\/image\/"},"sameAs":["https:\/\/www.facebook.com\/OrganisatorFachmagazin","https:\/\/www.linkedin.com\/showcase\/organisator-das-magazin-fr-kmu","https:\/\/www.xing.com\/news\/pages\/organisator-ch-695","https:\/\/www.youtube.com\/channel\/UCGP2Sq0iWaZwT3BdIAQFYpw"]},{"@type":"Person","@id":"https:\/\/www.organisator.ch\/#\/schema\/person\/6f650f90b2842cd4c0cc334b4e36f67e","name":"thomas.berner","image":{"@type":"ImageObject","inLanguage":"fr-FR","@id":"https:\/\/secure.gravatar.com\/avatar\/ac5001d2a36cb6c6cd3e50789007ffca834b477b74a2144564522e944eabff61?s=96&d=mm&r=g","url":"https:\/\/secure.gravatar.com\/avatar\/ac5001d2a36cb6c6cd3e50789007ffca834b477b74a2144564522e944eabff61?s=96&d=mm&r=g","contentUrl":"https:\/\/secure.gravatar.com\/avatar\/ac5001d2a36cb6c6cd3e50789007ffca834b477b74a2144564522e944eabff61?s=96&d=mm&r=g","caption":"thomas.berner"},"url":"https:\/\/www.organisator.ch\/fr\/author\/thomas-berner\/"}]}},"_links":{"self":[{"href":"https:\/\/www.organisator.ch\/fr\/wp-json\/wp\/v2\/posts\/1416","targetHints":{"allow":["GET"]}}],"collection":[{"href":"https:\/\/www.organisator.ch\/fr\/wp-json\/wp\/v2\/posts"}],"about":[{"href":"https:\/\/www.organisator.ch\/fr\/wp-json\/wp\/v2\/types\/post"}],"author":[{"embeddable":true,"href":"https:\/\/www.organisator.ch\/fr\/wp-json\/wp\/v2\/users\/4"}],"replies":[{"embeddable":true,"href":"https:\/\/www.organisator.ch\/fr\/wp-json\/wp\/v2\/comments?post=1416"}],"version-history":[{"count":0,"href":"https:\/\/www.organisator.ch\/fr\/wp-json\/wp\/v2\/posts\/1416\/revisions"}],"wp:featuredmedia":[{"embeddable":true,"href":"https:\/\/www.organisator.ch\/fr\/wp-json\/wp\/v2\/media\/1418"}],"wp:attachment":[{"href":"https:\/\/www.organisator.ch\/fr\/wp-json\/wp\/v2\/media?parent=1416"}],"wp:term":[{"taxonomy":"category","embeddable":true,"href":"https:\/\/www.organisator.ch\/fr\/wp-json\/wp\/v2\/categories?post=1416"},{"taxonomy":"post_tag","embeddable":true,"href":"https:\/\/www.organisator.ch\/fr\/wp-json\/wp\/v2\/tags?post=1416"}],"curies":[{"name":"wp","href":"https:\/\/api.w.org\/{rel}","templated":true}]}}