{"id":14244,"date":"2022-06-10T09:09:41","date_gmt":"2022-06-10T07:09:41","guid":{"rendered":"https:\/\/www.organisator.ch\/?p=14244"},"modified":"2022-06-10T09:09:41","modified_gmt":"2022-06-10T07:09:41","slug":"neue-junge-fachkraefte-fuer-die-autobranche","status":"publish","type":"post","link":"https:\/\/www.organisator.ch\/fr\/weiterbildung\/2022-06-10\/neue-junge-fachkraefte-fuer-die-autobranche\/","title":{"rendered":"De nouveaux jeunes professionnels pour le secteur automobile"},"content":{"rendered":"<figure id=\"attachment_14245\" aria-describedby=\"caption-attachment-14245\" style=\"width: 680px\" class=\"wp-caption alignnone\"><img loading=\"lazy\" decoding=\"async\" class=\"size-full wp-image-14245\" src=\"https:\/\/www.organisator.ch\/wp-content\/uploads\/2022\/06\/Neue-junge-Fachkraefte-fuer-die-Autobranche_Organisator.jpg\" alt=\"\" width=\"680\" height=\"453\" srcset=\"https:\/\/www.organisator.ch\/wp-content\/uploads\/2022\/06\/Neue-junge-Fachkraefte-fuer-die-Autobranche_Organisator.jpg 680w, https:\/\/www.organisator.ch\/wp-content\/uploads\/2022\/06\/Neue-junge-Fachkraefte-fuer-die-Autobranche_Organisator-18x12.jpg 18w, https:\/\/www.organisator.ch\/wp-content\/uploads\/2022\/06\/Neue-junge-Fachkraefte-fuer-die-Autobranche_Organisator-263x175.jpg 263w, https:\/\/www.organisator.ch\/wp-content\/uploads\/2022\/06\/Neue-junge-Fachkraefte-fuer-die-Autobranche_Organisator-525x350.jpg 525w, https:\/\/www.organisator.ch\/wp-content\/uploads\/2022\/06\/Neue-junge-Fachkraefte-fuer-die-Autobranche_Organisator-300x200.jpg 300w\" sizes=\"auto, (max-width: 680px) 100vw, 680px\" \/><figcaption id=\"caption-attachment-14245\" class=\"wp-caption-text\">De nouveaux jeunes professionnels pour la branche automobile : les meilleures notes des diff\u00e9rentes orientations et g\u00e9n\u00e9rations lors de la remise du brevet \u00e0 Safenwil. (Photo : M\u00e9dias UPSA)<\/figcaption><\/figure>\n<p>Les coordinateurs\/trices d'atelier automobile et les diagnosticiens\/trices d'automobiles rel\u00e8vent les d\u00e9fis quotidiens dans les entreprises et y fournissent, gr\u00e2ce \u00e0 leurs comp\u00e9tences techniques et humaines, la base du succ\u00e8s et de la satisfaction des clients. 163 dipl\u00f4m\u00e9(e)s de la formation professionnelle ont r\u00e9cemment re\u00e7u leur brevet. Charles-Albert Hediger, membre du comit\u00e9 central de l'UPSA, a remerci\u00e9 les jeunes professionnels et leurs proches, r\u00e9unis dans l'Event-Center d'Emil Frey Classics AG \u00e0 Safenwil, d'avoir entrepris cette formation malgr\u00e9 la phase d'incertitude due \u00e0 la pand\u00e9mie et \u00e0 la guerre : \"La branche automobile suisse a besoin de vous et continuera \u00e0 avoir besoin de vous !\" Avec les connaissances acquises au cours de leurs deux ann\u00e9es de formation, les deux dipl\u00f4m\u00e9es et les 161 dipl\u00f4m\u00e9s ont pos\u00e9 les bases de leur succ\u00e8s professionnel et ont en outre fait preuve de passion pour la branche automobile.<\/p>\n<h3>Des jeunes professionnels qui donnent le meilleur d'eux-m\u00eames chaque jour<\/h3>\n<p>Parmi les professionnels qui ont r\u00e9ussi, les meilleures notes, r\u00e9compens\u00e9es par un prix sp\u00e9cial, ont eu une raison particuli\u00e8re de se r\u00e9jouir. Parmi les coordinateurs d'atelier automobile, Raphael Senn de Kaltenbach TG a obtenu la meilleure note de 4,8 \u00e0 l'issue de sa formation continue. Parmi les diagnosticiens d'automobiles dans le domaine des voitures de tourisme, Ramon Keel de Balgach SG s'est distingu\u00e9 avec la note 5,3, Etienne Panchaud de Murist FR avec la note 5,0 ainsi que Yann Lerch de Reconvilier BE avec la note 4,9. Dans la cat\u00e9gorie des v\u00e9hicules utilitaires, ce sont notamment Daniel Hug d'Untervaz GR qui a obtenu la note 5,5, Roman Schellenberg de Pf\u00e4ffikon ZH la note 5,4 et Michael Franz M\u00fcller de Niederurnen GL la note 5,6. \"Je veux donner le meilleur de moi-m\u00eame chaque jour et transmettre les connaissances humaines et techniques que nous avons acquises pendant la formation\", a r\u00e9v\u00e9l\u00e9 M\u00fcller. \"Nous nous sommes amus\u00e9s ensemble, ce qui a rendu l'apprentissage plus facile\". Les deux dipl\u00f4m\u00e9es Evelyn Kunz d'Adetswil ZH (note 5,0) et Desir\u00e9e Schweizer de Glattfelden ZH (note 4,8) ont \u00e9galement soulign\u00e9 que cette formation exigeante n'\u00e9tait pas une sin\u00e9cure. \"J'ai eu beaucoup d'aide de mon ami. Il a suivi la formation il y a cinq ans\", a expliqu\u00e9 Desir\u00e9e Schweizer. \"Nous ne travaillons pas encore ensemble dans un garage, mais nous avons plein de mat\u00e9riel \u00e0 la maison sur lequel nous bricolons\".<\/p>\n<h3>Les v\u00e9hicules suscitent des \u00e9motions<\/h3>\n<p>Matthias Krummen, responsable des services de gestion et de la communication \u00e0 l'ESA, a \u00e9galement soulign\u00e9 les \u00e9motions suscit\u00e9es par les v\u00e9hicules : \"Il faut des personnalit\u00e9s comme vous pour s'occuper des nouvelles tendances, des nouveaux concepts et des nouveaux segments de client\u00e8le. Les tendances doivent \u00eatre exploit\u00e9es comme des opportunit\u00e9s. Vous avez le privil\u00e8ge de travailler avec des produits qui suscitent des \u00e9motions\". En tant qu'organisation d'achat pour la branche de l'automobile et des v\u00e9hicules \u00e0 moteur, l'ESA s'engage \u00e9galement depuis plus de 90 ans pour la formation et la formation continue dans la branche. Krummen a donc encore remis un ch\u00e8que de 20'000 francs \u00e0 Olivier Maeder, membre de la direction de l'UPSA, afin de continuer \u00e0 encourager la formation de jeunes professionnels \u00e0 l'avenir.<\/p>\n<p><em>Source : <a href=\"https:\/\/www.agvs-upsa.ch\/\">Union professionnelle suisse de l'automobile<\/a><\/em><\/p>","protected":false},"excerpt":{"rendered":"<p>Automobil-Werkstattkoordinatoren und Automobildiagnostiker\/-innen stellen sich den t\u00e4glichen Herausforderungen in den Betrieben und liefern dort mit ihrer Sach- und Menschenkompetenz die Basis f\u00fcr Erfolg und Kundenzufriedenheit. 163 Absolventinnen und Absolventen der Berufsausbildung nahmen k\u00fcrzlich ihre Fachausweise entgegen.\u00a0Charles-Albert Hediger, Mitglied des AGVS-Zentralvorstands, bedankt sich bei den jungen Fachkr\u00e4ften und ihren Angeh\u00f6rigen im Event-Center der Emil Frey Classics [&hellip;]<\/p>\n","protected":false},"author":4,"featured_media":14245,"comment_status":"closed","ping_status":"closed","sticky":false,"template":"","format":"standard","meta":{"_acf_changed":false,"_yoast_wpseo_focuskw":"junge Fachkr\u00e4fte","_yoast_wpseo_metadesc":"163 neue junge Fachkr\u00e4fte f\u00fcr die Autobranche durften in einem feierlichen Rahmen k\u00fcrzlich ihre Fachausweise entgegennehmen.","articlekey":"","footnotes":""},"categories":[30],"tags":[62,2944,254,503],"class_list":["post-14244","post","type-post","status-publish","format-standard","has-post-thumbnail","hentry","category-weiterbildung","tag-aus-weiterbildung","tag-autobranche","tag-hrm","tag-verbaende"],"acf":[],"yoast_head":"<!-- This site is optimized with the Yoast SEO plugin v27.4 - https:\/\/yoast.com\/product\/yoast-seo-wordpress\/ -->\n<title>Neue junge Fachkr\u00e4fte f\u00fcr die Autobranche - Organisator<\/title>\n<meta name=\"description\" content=\"163 neue junge Fachkr\u00e4fte f\u00fcr die Autobranche durften in einem feierlichen Rahmen k\u00fcrzlich ihre Fachausweise entgegennehmen.\" \/>\n<meta name=\"robots\" content=\"index, follow, max-snippet:-1, max-image-preview:large, max-video-preview:-1\" \/>\n<link rel=\"canonical\" href=\"https:\/\/www.organisator.ch\/fr\/formation-continue-2\/2022-06-10\/neue-junge-fachkraefte-fuer-die-autobranche\/\" \/>\n<meta property=\"og:locale\" content=\"fr_FR\" \/>\n<meta property=\"og:type\" content=\"article\" \/>\n<meta property=\"og:title\" content=\"Neue junge Fachkr\u00e4fte f\u00fcr die Autobranche\" \/>\n<meta property=\"og:description\" content=\"163 neue junge Fachkr\u00e4fte f\u00fcr die Autobranche durften in einem feierlichen Rahmen k\u00fcrzlich ihre Fachausweise entgegennehmen.\" \/>\n<meta property=\"og:url\" content=\"https:\/\/www.organisator.ch\/fr\/formation-continue-2\/2022-06-10\/neue-junge-fachkraefte-fuer-die-autobranche\/\" \/>\n<meta property=\"og:site_name\" content=\"Organisator\" \/>\n<meta property=\"article:publisher\" content=\"https:\/\/www.facebook.com\/OrganisatorFachmagazin\" \/>\n<meta property=\"article:published_time\" content=\"2022-06-10T07:09:41+00:00\" \/>\n<meta property=\"og:image\" content=\"https:\/\/www.organisator.ch\/wp-content\/uploads\/2022\/06\/Neue-junge-Fachkraefte-fuer-die-Autobranche_Organisator.jpg\" \/>\n\t<meta property=\"og:image:width\" content=\"680\" \/>\n\t<meta property=\"og:image:height\" content=\"453\" \/>\n\t<meta property=\"og:image:type\" content=\"image\/jpeg\" \/>\n<meta name=\"author\" content=\"thomas.berner\" \/>\n<meta name=\"twitter:card\" content=\"summary_large_image\" \/>\n<meta name=\"twitter:title\" content=\"Neue junge #Fachkr\u00e4fte f\u00fcr die #Autobranche\" \/>\n<meta name=\"twitter:description\" content=\"163 neue junge #Fachkr\u00e4fte f\u00fcr die #Autobranche durften in einem feierlichen Rahmen k\u00fcrzlich ihre #Fachausweise entgegennehmen.\" \/>\n<meta name=\"twitter:image\" content=\"https:\/\/www.organisator.ch\/wp-content\/uploads\/2022\/06\/Neue-junge-Fachkraefte-fuer-die-Autobranche_Organisator.jpg\" \/>\n<script type=\"application\/ld+json\" class=\"yoast-schema-graph\">{\"@context\":\"https:\\\/\\\/schema.org\",\"@graph\":[{\"@type\":\"Article\",\"@id\":\"https:\\\/\\\/www.organisator.ch\\\/weiterbildung\\\/2022-06-10\\\/neue-junge-fachkraefte-fuer-die-autobranche\\\/#article\",\"isPartOf\":{\"@id\":\"https:\\\/\\\/www.organisator.ch\\\/weiterbildung\\\/2022-06-10\\\/neue-junge-fachkraefte-fuer-die-autobranche\\\/\"},\"author\":{\"name\":\"thomas.berner\",\"@id\":\"https:\\\/\\\/www.organisator.ch\\\/#\\\/schema\\\/person\\\/6f650f90b2842cd4c0cc334b4e36f67e\"},\"headline\":\"Neue junge Fachkr\u00e4fte f\u00fcr die Autobranche\",\"datePublished\":\"2022-06-10T07:09:41+00:00\",\"mainEntityOfPage\":{\"@id\":\"https:\\\/\\\/www.organisator.ch\\\/weiterbildung\\\/2022-06-10\\\/neue-junge-fachkraefte-fuer-die-autobranche\\\/\"},\"wordCount\":484,\"publisher\":{\"@id\":\"https:\\\/\\\/www.organisator.ch\\\/#organization\"},\"image\":{\"@id\":\"https:\\\/\\\/www.organisator.ch\\\/weiterbildung\\\/2022-06-10\\\/neue-junge-fachkraefte-fuer-die-autobranche\\\/#primaryimage\"},\"thumbnailUrl\":\"https:\\\/\\\/www.organisator.ch\\\/wp-content\\\/uploads\\\/2022\\\/06\\\/Neue-junge-Fachkraefte-fuer-die-Autobranche_Organisator.jpg\",\"keywords\":[\"Aus-\\\/Weiterbildung\",\"Autobranche\",\"HRM\",\"Verb\u00e4nde\"],\"articleSection\":[\"WEITERBILDUNG\"],\"inLanguage\":\"fr-FR\"},{\"@type\":\"WebPage\",\"@id\":\"https:\\\/\\\/www.organisator.ch\\\/weiterbildung\\\/2022-06-10\\\/neue-junge-fachkraefte-fuer-die-autobranche\\\/\",\"url\":\"https:\\\/\\\/www.organisator.ch\\\/weiterbildung\\\/2022-06-10\\\/neue-junge-fachkraefte-fuer-die-autobranche\\\/\",\"name\":\"Neue junge Fachkr\u00e4fte f\u00fcr die Autobranche - Organisator\",\"isPartOf\":{\"@id\":\"https:\\\/\\\/www.organisator.ch\\\/#website\"},\"primaryImageOfPage\":{\"@id\":\"https:\\\/\\\/www.organisator.ch\\\/weiterbildung\\\/2022-06-10\\\/neue-junge-fachkraefte-fuer-die-autobranche\\\/#primaryimage\"},\"image\":{\"@id\":\"https:\\\/\\\/www.organisator.ch\\\/weiterbildung\\\/2022-06-10\\\/neue-junge-fachkraefte-fuer-die-autobranche\\\/#primaryimage\"},\"thumbnailUrl\":\"https:\\\/\\\/www.organisator.ch\\\/wp-content\\\/uploads\\\/2022\\\/06\\\/Neue-junge-Fachkraefte-fuer-die-Autobranche_Organisator.jpg\",\"datePublished\":\"2022-06-10T07:09:41+00:00\",\"description\":\"163 neue junge Fachkr\u00e4fte f\u00fcr die Autobranche durften in einem feierlichen Rahmen k\u00fcrzlich ihre Fachausweise entgegennehmen.\",\"breadcrumb\":{\"@id\":\"https:\\\/\\\/www.organisator.ch\\\/weiterbildung\\\/2022-06-10\\\/neue-junge-fachkraefte-fuer-die-autobranche\\\/#breadcrumb\"},\"inLanguage\":\"fr-FR\",\"potentialAction\":[{\"@type\":\"ReadAction\",\"target\":[\"https:\\\/\\\/www.organisator.ch\\\/weiterbildung\\\/2022-06-10\\\/neue-junge-fachkraefte-fuer-die-autobranche\\\/\"]}]},{\"@type\":\"ImageObject\",\"inLanguage\":\"fr-FR\",\"@id\":\"https:\\\/\\\/www.organisator.ch\\\/weiterbildung\\\/2022-06-10\\\/neue-junge-fachkraefte-fuer-die-autobranche\\\/#primaryimage\",\"url\":\"https:\\\/\\\/www.organisator.ch\\\/wp-content\\\/uploads\\\/2022\\\/06\\\/Neue-junge-Fachkraefte-fuer-die-Autobranche_Organisator.jpg\",\"contentUrl\":\"https:\\\/\\\/www.organisator.ch\\\/wp-content\\\/uploads\\\/2022\\\/06\\\/Neue-junge-Fachkraefte-fuer-die-Autobranche_Organisator.jpg\",\"width\":680,\"height\":453,\"caption\":\"Die Notenbesten der einzelnen Richtungen und Generationen bei der Fachausweis\u00fcbergabe in Safenwil. (Foto: AGVS-Medien)\"},{\"@type\":\"BreadcrumbList\",\"@id\":\"https:\\\/\\\/www.organisator.ch\\\/weiterbildung\\\/2022-06-10\\\/neue-junge-fachkraefte-fuer-die-autobranche\\\/#breadcrumb\",\"itemListElement\":[{\"@type\":\"ListItem\",\"position\":1,\"name\":\"Home\",\"item\":\"https:\\\/\\\/www.organisator.ch\\\/\"},{\"@type\":\"ListItem\",\"position\":2,\"name\":\"Neue junge Fachkr\u00e4fte f\u00fcr die Autobranche\"}]},{\"@type\":\"WebSite\",\"@id\":\"https:\\\/\\\/www.organisator.ch\\\/#website\",\"url\":\"https:\\\/\\\/www.organisator.ch\\\/\",\"name\":\"Organisator\",\"description\":\"Kompetent. Praxisnah. Der ORGANISATOR bereitet in 10 Ausgaben pro Jahr die wesentlichen Themen f\u00fcr F\u00fchrungskr\u00e4fte von KMU auf.\",\"publisher\":{\"@id\":\"https:\\\/\\\/www.organisator.ch\\\/#organization\"},\"potentialAction\":[{\"@type\":\"SearchAction\",\"target\":{\"@type\":\"EntryPoint\",\"urlTemplate\":\"https:\\\/\\\/www.organisator.ch\\\/?s={search_term_string}\"},\"query-input\":{\"@type\":\"PropertyValueSpecification\",\"valueRequired\":true,\"valueName\":\"search_term_string\"}}],\"inLanguage\":\"fr-FR\"},{\"@type\":\"Organization\",\"@id\":\"https:\\\/\\\/www.organisator.ch\\\/#organization\",\"name\":\"Organisator\",\"url\":\"https:\\\/\\\/www.organisator.ch\\\/\",\"logo\":{\"@type\":\"ImageObject\",\"inLanguage\":\"fr-FR\",\"@id\":\"https:\\\/\\\/www.organisator.ch\\\/#\\\/schema\\\/logo\\\/image\\\/\",\"url\":\"https:\\\/\\\/www.organisator.ch\\\/wp-content\\\/uploads\\\/2022\\\/01\\\/Logo_Organisator_Website.png\",\"contentUrl\":\"https:\\\/\\\/www.organisator.ch\\\/wp-content\\\/uploads\\\/2022\\\/01\\\/Logo_Organisator_Website.png\",\"width\":800,\"height\":77,\"caption\":\"Organisator\"},\"image\":{\"@id\":\"https:\\\/\\\/www.organisator.ch\\\/#\\\/schema\\\/logo\\\/image\\\/\"},\"sameAs\":[\"https:\\\/\\\/www.facebook.com\\\/OrganisatorFachmagazin\",\"https:\\\/\\\/www.linkedin.com\\\/showcase\\\/organisator-das-magazin-fr-kmu\",\"https:\\\/\\\/www.xing.com\\\/news\\\/pages\\\/organisator-ch-695\",\"https:\\\/\\\/www.youtube.com\\\/channel\\\/UCGP2Sq0iWaZwT3BdIAQFYpw\"]},{\"@type\":\"Person\",\"@id\":\"https:\\\/\\\/www.organisator.ch\\\/#\\\/schema\\\/person\\\/6f650f90b2842cd4c0cc334b4e36f67e\",\"name\":\"thomas.berner\",\"image\":{\"@type\":\"ImageObject\",\"inLanguage\":\"fr-FR\",\"@id\":\"https:\\\/\\\/secure.gravatar.com\\\/avatar\\\/ac5001d2a36cb6c6cd3e50789007ffca834b477b74a2144564522e944eabff61?s=96&d=mm&r=g\",\"url\":\"https:\\\/\\\/secure.gravatar.com\\\/avatar\\\/ac5001d2a36cb6c6cd3e50789007ffca834b477b74a2144564522e944eabff61?s=96&d=mm&r=g\",\"contentUrl\":\"https:\\\/\\\/secure.gravatar.com\\\/avatar\\\/ac5001d2a36cb6c6cd3e50789007ffca834b477b74a2144564522e944eabff61?s=96&d=mm&r=g\",\"caption\":\"thomas.berner\"},\"url\":\"https:\\\/\\\/www.organisator.ch\\\/fr\\\/author\\\/thomas-berner\\\/\"}]}<\/script>\n<!-- \/ Yoast SEO plugin. -->","yoast_head_json":{"title":"De nouveaux jeunes professionnels pour le secteur automobile - Organisateur","description":"163 nouveaux jeunes professionnels de la branche automobile ont r\u00e9cemment re\u00e7u leur brevet dans le cadre d'une c\u00e9r\u00e9monie.","robots":{"index":"index","follow":"follow","max-snippet":"max-snippet:-1","max-image-preview":"max-image-preview:large","max-video-preview":"max-video-preview:-1"},"canonical":"https:\/\/www.organisator.ch\/fr\/formation-continue-2\/2022-06-10\/neue-junge-fachkraefte-fuer-die-autobranche\/","og_locale":"fr_FR","og_type":"article","og_title":"Neue junge Fachkr\u00e4fte f\u00fcr die Autobranche","og_description":"163 neue junge Fachkr\u00e4fte f\u00fcr die Autobranche durften in einem feierlichen Rahmen k\u00fcrzlich ihre Fachausweise entgegennehmen.","og_url":"https:\/\/www.organisator.ch\/fr\/formation-continue-2\/2022-06-10\/neue-junge-fachkraefte-fuer-die-autobranche\/","og_site_name":"Organisator","article_publisher":"https:\/\/www.facebook.com\/OrganisatorFachmagazin","article_published_time":"2022-06-10T07:09:41+00:00","og_image":[{"width":680,"height":453,"url":"https:\/\/www.organisator.ch\/wp-content\/uploads\/2022\/06\/Neue-junge-Fachkraefte-fuer-die-Autobranche_Organisator.jpg","type":"image\/jpeg"}],"author":"thomas.berner","twitter_card":"summary_large_image","twitter_title":"Neue junge #Fachkr\u00e4fte f\u00fcr die #Autobranche","twitter_description":"163 neue junge #Fachkr\u00e4fte f\u00fcr die #Autobranche durften in einem feierlichen Rahmen k\u00fcrzlich ihre #Fachausweise entgegennehmen.","twitter_image":"https:\/\/www.organisator.ch\/wp-content\/uploads\/2022\/06\/Neue-junge-Fachkraefte-fuer-die-Autobranche_Organisator.jpg","schema":{"@context":"https:\/\/schema.org","@graph":[{"@type":"Article","@id":"https:\/\/www.organisator.ch\/weiterbildung\/2022-06-10\/neue-junge-fachkraefte-fuer-die-autobranche\/#article","isPartOf":{"@id":"https:\/\/www.organisator.ch\/weiterbildung\/2022-06-10\/neue-junge-fachkraefte-fuer-die-autobranche\/"},"author":{"name":"thomas.berner","@id":"https:\/\/www.organisator.ch\/#\/schema\/person\/6f650f90b2842cd4c0cc334b4e36f67e"},"headline":"Neue junge Fachkr\u00e4fte f\u00fcr die Autobranche","datePublished":"2022-06-10T07:09:41+00:00","mainEntityOfPage":{"@id":"https:\/\/www.organisator.ch\/weiterbildung\/2022-06-10\/neue-junge-fachkraefte-fuer-die-autobranche\/"},"wordCount":484,"publisher":{"@id":"https:\/\/www.organisator.ch\/#organization"},"image":{"@id":"https:\/\/www.organisator.ch\/weiterbildung\/2022-06-10\/neue-junge-fachkraefte-fuer-die-autobranche\/#primaryimage"},"thumbnailUrl":"https:\/\/www.organisator.ch\/wp-content\/uploads\/2022\/06\/Neue-junge-Fachkraefte-fuer-die-Autobranche_Organisator.jpg","keywords":["Aus-\/Weiterbildung","Autobranche","HRM","Verb\u00e4nde"],"articleSection":["WEITERBILDUNG"],"inLanguage":"fr-FR"},{"@type":"WebPage","@id":"https:\/\/www.organisator.ch\/weiterbildung\/2022-06-10\/neue-junge-fachkraefte-fuer-die-autobranche\/","url":"https:\/\/www.organisator.ch\/weiterbildung\/2022-06-10\/neue-junge-fachkraefte-fuer-die-autobranche\/","name":"De nouveaux jeunes professionnels pour le secteur automobile - Organisateur","isPartOf":{"@id":"https:\/\/www.organisator.ch\/#website"},"primaryImageOfPage":{"@id":"https:\/\/www.organisator.ch\/weiterbildung\/2022-06-10\/neue-junge-fachkraefte-fuer-die-autobranche\/#primaryimage"},"image":{"@id":"https:\/\/www.organisator.ch\/weiterbildung\/2022-06-10\/neue-junge-fachkraefte-fuer-die-autobranche\/#primaryimage"},"thumbnailUrl":"https:\/\/www.organisator.ch\/wp-content\/uploads\/2022\/06\/Neue-junge-Fachkraefte-fuer-die-Autobranche_Organisator.jpg","datePublished":"2022-06-10T07:09:41+00:00","description":"163 nouveaux jeunes professionnels de la branche automobile ont r\u00e9cemment re\u00e7u leur brevet dans le cadre d'une c\u00e9r\u00e9monie.","breadcrumb":{"@id":"https:\/\/www.organisator.ch\/weiterbildung\/2022-06-10\/neue-junge-fachkraefte-fuer-die-autobranche\/#breadcrumb"},"inLanguage":"fr-FR","potentialAction":[{"@type":"ReadAction","target":["https:\/\/www.organisator.ch\/weiterbildung\/2022-06-10\/neue-junge-fachkraefte-fuer-die-autobranche\/"]}]},{"@type":"ImageObject","inLanguage":"fr-FR","@id":"https:\/\/www.organisator.ch\/weiterbildung\/2022-06-10\/neue-junge-fachkraefte-fuer-die-autobranche\/#primaryimage","url":"https:\/\/www.organisator.ch\/wp-content\/uploads\/2022\/06\/Neue-junge-Fachkraefte-fuer-die-Autobranche_Organisator.jpg","contentUrl":"https:\/\/www.organisator.ch\/wp-content\/uploads\/2022\/06\/Neue-junge-Fachkraefte-fuer-die-Autobranche_Organisator.jpg","width":680,"height":453,"caption":"Die Notenbesten der einzelnen Richtungen und Generationen bei der Fachausweis\u00fcbergabe in Safenwil. (Foto: AGVS-Medien)"},{"@type":"BreadcrumbList","@id":"https:\/\/www.organisator.ch\/weiterbildung\/2022-06-10\/neue-junge-fachkraefte-fuer-die-autobranche\/#breadcrumb","itemListElement":[{"@type":"ListItem","position":1,"name":"Home","item":"https:\/\/www.organisator.ch\/"},{"@type":"ListItem","position":2,"name":"Neue junge Fachkr\u00e4fte f\u00fcr die Autobranche"}]},{"@type":"WebSite","@id":"https:\/\/www.organisator.ch\/#website","url":"https:\/\/www.organisator.ch\/","name":"Organisateur","description":"Comp\u00e9tence et comp\u00e9tence. Proches de la pratique. L'ORGANISATEUR pr\u00e9pare 10 num\u00e9ros par an sur les th\u00e8mes essentiels pour les dirigeants de PME.","publisher":{"@id":"https:\/\/www.organisator.ch\/#organization"},"potentialAction":[{"@type":"SearchAction","target":{"@type":"EntryPoint","urlTemplate":"https:\/\/www.organisator.ch\/?s={search_term_string}"},"query-input":{"@type":"PropertyValueSpecification","valueRequired":true,"valueName":"search_term_string"}}],"inLanguage":"fr-FR"},{"@type":"Organization","@id":"https:\/\/www.organisator.ch\/#organization","name":"Organisateur","url":"https:\/\/www.organisator.ch\/","logo":{"@type":"ImageObject","inLanguage":"fr-FR","@id":"https:\/\/www.organisator.ch\/#\/schema\/logo\/image\/","url":"https:\/\/www.organisator.ch\/wp-content\/uploads\/2022\/01\/Logo_Organisator_Website.png","contentUrl":"https:\/\/www.organisator.ch\/wp-content\/uploads\/2022\/01\/Logo_Organisator_Website.png","width":800,"height":77,"caption":"Organisator"},"image":{"@id":"https:\/\/www.organisator.ch\/#\/schema\/logo\/image\/"},"sameAs":["https:\/\/www.facebook.com\/OrganisatorFachmagazin","https:\/\/www.linkedin.com\/showcase\/organisator-das-magazin-fr-kmu","https:\/\/www.xing.com\/news\/pages\/organisator-ch-695","https:\/\/www.youtube.com\/channel\/UCGP2Sq0iWaZwT3BdIAQFYpw"]},{"@type":"Person","@id":"https:\/\/www.organisator.ch\/#\/schema\/person\/6f650f90b2842cd4c0cc334b4e36f67e","name":"thomas.berner","image":{"@type":"ImageObject","inLanguage":"fr-FR","@id":"https:\/\/secure.gravatar.com\/avatar\/ac5001d2a36cb6c6cd3e50789007ffca834b477b74a2144564522e944eabff61?s=96&d=mm&r=g","url":"https:\/\/secure.gravatar.com\/avatar\/ac5001d2a36cb6c6cd3e50789007ffca834b477b74a2144564522e944eabff61?s=96&d=mm&r=g","contentUrl":"https:\/\/secure.gravatar.com\/avatar\/ac5001d2a36cb6c6cd3e50789007ffca834b477b74a2144564522e944eabff61?s=96&d=mm&r=g","caption":"thomas.berner"},"url":"https:\/\/www.organisator.ch\/fr\/author\/thomas-berner\/"}]}},"_links":{"self":[{"href":"https:\/\/www.organisator.ch\/fr\/wp-json\/wp\/v2\/posts\/14244","targetHints":{"allow":["GET"]}}],"collection":[{"href":"https:\/\/www.organisator.ch\/fr\/wp-json\/wp\/v2\/posts"}],"about":[{"href":"https:\/\/www.organisator.ch\/fr\/wp-json\/wp\/v2\/types\/post"}],"author":[{"embeddable":true,"href":"https:\/\/www.organisator.ch\/fr\/wp-json\/wp\/v2\/users\/4"}],"replies":[{"embeddable":true,"href":"https:\/\/www.organisator.ch\/fr\/wp-json\/wp\/v2\/comments?post=14244"}],"version-history":[{"count":1,"href":"https:\/\/www.organisator.ch\/fr\/wp-json\/wp\/v2\/posts\/14244\/revisions"}],"predecessor-version":[{"id":14246,"href":"https:\/\/www.organisator.ch\/fr\/wp-json\/wp\/v2\/posts\/14244\/revisions\/14246"}],"wp:featuredmedia":[{"embeddable":true,"href":"https:\/\/www.organisator.ch\/fr\/wp-json\/wp\/v2\/media\/14245"}],"wp:attachment":[{"href":"https:\/\/www.organisator.ch\/fr\/wp-json\/wp\/v2\/media?parent=14244"}],"wp:term":[{"taxonomy":"category","embeddable":true,"href":"https:\/\/www.organisator.ch\/fr\/wp-json\/wp\/v2\/categories?post=14244"},{"taxonomy":"post_tag","embeddable":true,"href":"https:\/\/www.organisator.ch\/fr\/wp-json\/wp\/v2\/tags?post=14244"}],"curies":[{"name":"wp","href":"https:\/\/api.w.org\/{rel}","templated":true}]}}