{"id":14247,"date":"2022-06-10T10:52:07","date_gmt":"2022-06-10T08:52:07","guid":{"rendered":"https:\/\/www.m-q.ch\/?p=16427"},"modified":"2022-06-10T16:59:15","modified_gmt":"2022-06-10T14:59:15","slug":"bosch-baut-aktivitaeten-in-der-schweiz-aus","status":"publish","type":"post","link":"https:\/\/www.organisator.ch\/fr\/management\/2022-06-10\/bosch-baut-aktivitaeten-in-der-schweiz-aus\/","title":{"rendered":"Bosch d\u00e9veloppe ses activit\u00e9s en Suisse"},"content":{"rendered":"<figure id=\"attachment_16428\" class=\"wp-caption alignnone\" style=\"width: 680px;\" aria-describedby=\"caption-attachment-16428\"><img class=\"size-full wp-image-16428\" src=\"https:\/\/www.m-q.ch\/wp-content\/uploads\/2022\/06\/Bosch-baut-Aktivitaeten-in-der-Schweiz-aus_MQ.jpg\" sizes=\"(max-width: 680px) 100vw, 680px\" srcset=\"https:\/\/www.m-q.ch\/wp-content\/uploads\/2022\/06\/Bosch-baut-Aktivitaeten-in-der-Schweiz-aus_MQ.jpg 680w, https:\/\/www.m-q.ch\/wp-content\/uploads\/2022\/06\/Bosch-baut-Aktivitaeten-in-der-Schweiz-aus_MQ-18x10.jpg 18w, https:\/\/www.m-q.ch\/wp-content\/uploads\/2022\/06\/Bosch-baut-Aktivitaeten-in-der-Schweiz-aus_MQ-311x175.jpg 311w, https:\/\/www.m-q.ch\/wp-content\/uploads\/2022\/06\/Bosch-baut-Aktivitaeten-in-der-Schweiz-aus_MQ-621x350.jpg 621w, https:\/\/www.m-q.ch\/wp-content\/uploads\/2022\/06\/Bosch-baut-Aktivitaeten-in-der-Schweiz-aus_MQ-300x169.jpg 300w\" alt=\"\" width=\"680\" height=\"383\" \/><figcaption id=\"caption-attachment-16428\" class=\"wp-caption-text\">Au si\u00e8ge suisse de Zuchwil, Bosch va investir 45 millions de francs dans un b\u00e2timent neutre en CO2. (Image : zVg \/ Bosch)<\/figcaption><\/figure>\r\nL'entreprise internationale de technologie et de services Bosch a pu augmenter son chiffre d'affaires sur le march\u00e9 suisse \u00e0 745 millions de francs au cours de l'exercice 2021. Cela correspond \u00e0 une croissance d'environ 11,5 pour cent par rapport \u00e0 l'ann\u00e9e pr\u00e9c\u00e9dente. Le chiffre d'affaires net total, y compris les livraisons internes aux filiales, s'est \u00e9lev\u00e9 \u00e0 1,65 milliard de francs. L'entreprise, qui distribue ses produits en Suisse depuis 1904, emploie environ 2 000 personnes dans le pays. \"Ce r\u00e9sultat positif refl\u00e8te les bonnes performances de nos diff\u00e9rents secteurs d'activit\u00e9 et les efforts de nos collaborateurs pour saisir les opportunit\u00e9s qui se pr\u00e9sentent dans un contexte mondial peu favorable\", a d\u00e9clar\u00e9 Ute Lepple, repr\u00e9sentante du groupe Bosch en Suisse.\r\n<h3>Int\u00e9gration des entreprises acquises<\/h3>\r\nUte Lepple s'est montr\u00e9e particuli\u00e8rement satisfaite de l'augmentation due \u00e0 l'acquisition d'Elpro Group AG \u00e0 Buchs, ainsi que du changement de nom de Buderus Heiztechnik AG en Bosch Thermotechnik AG. Avec ces deux activit\u00e9s, l'entreprise renforce la pr\u00e9sence de la marque Bosch en Suisse. \"2022 sera une nouvelle ann\u00e9e exigeante. Nous avons pris un bon d\u00e9part et nous allons tout mettre en \u0153uvre pour cro\u00eetre plus fortement que le march\u00e9 dans les secteurs importants\", a d\u00e9clar\u00e9 Ute Lepple.\r\n<h3>\u00c9volution du chiffre d'affaires par secteur d'activit\u00e9<\/h3>\r\nDans le secteur d'activit\u00e9 Mobility Solutions, Bosch a de nouveau enregistr\u00e9, selon le rapport de gestion, une nette croissance en Suisse en 2021 dans le secteur d'activit\u00e9 Automotive Aftermarket ainsi que dans les syst\u00e8mes de propulsion et d'assistance \u00e0 la conduite pour eBikes. Le secteur d'activit\u00e9 Consumer Goods a encore augment\u00e9 son chiffre d'affaires par rapport \u00e0 l'ann\u00e9e pr\u00e9c\u00e9dente, qui \u00e9tait d\u00e9j\u00e0 forte. Malgr\u00e9 la pand\u00e9mie et les d\u00e9fis conjoncturels, le chiffre d'affaires de la division Industrial Technology a \u00e9galement augment\u00e9, les clients ont \u00e9t\u00e9 livr\u00e9s de mani\u00e8re fiable et la satisfaction a continu\u00e9 de cro\u00eetre. Dans le secteur Energy and Building Technology, la division Thermotechnique a enregistr\u00e9 une solide croissance. Les ventes sur le march\u00e9 partiel le plus important, celui des pompes \u00e0 chaleur, ont connu une \u00e9volution particuli\u00e8rement r\u00e9jouissante, avec des gains de parts de march\u00e9 significatifs.\r\n<h3>Nouveau si\u00e8ge social neutre en CO2 de Bosch Suisse<\/h3>\r\nEn mars 2022, Bosch Suisse a lanc\u00e9 la construction d'un nouveau b\u00e2timent administratif sur le site de Zuchwil (SO). Avec un investissement de 45 millions de francs, ce projet de construction compte parmi les plus importants investissements de l'entreprise en Suisse au cours des derni\u00e8res ann\u00e9es. D'ici 2024, un b\u00e2timent neutre en CO2 de quatre \u00e9tages \u00e0 structure en bois sera construit sur une surface de 14 900 m2. Le b\u00e2timent est pr\u00e9vu pour \u00eatre \u00e0 la fois le si\u00e8ge principal de Bosch Suisse et celui de la division de produits Bosch Power Tools Accessories, Scintilla AG, active dans le monde entier.\r\n<h3>Groupe Bosch : perspectives 2022 et cap strat\u00e9gique<\/h3>\r\nL'ensemble de l'entreprise a r\u00e9alis\u00e9 en 2021 une nette augmentation de son chiffre d'affaires et de ses r\u00e9sultats malgr\u00e9 un contexte difficile. Au premier trimestre 2022, le chiffre d'affaires de l'entreprise de technologie et de services a augment\u00e9 de 5,2 pour cent. Pour l'ensemble de l'ann\u00e9e, Bosch pr\u00e9voit une augmentation du chiffre d'affaires de plus de 6 pour cent et un rendement de l'EBIT dans la fourchette de trois \u00e0 quatre pour cent - l'entreprise s'attend toutefois \u00e0 des charges consid\u00e9rables, principalement dues \u00e0 l'augmentation des co\u00fbts de l'\u00e9nergie, des mat\u00e9riaux et de la logistique. \"Le succ\u00e8s de l'exercice 2021 nous donne confiance pour ma\u00eetriser \u00e9galement l'environnement exigeant de l'ann\u00e9e en cours\", a d\u00e9clar\u00e9 le Dr Stefan Hartung, pr\u00e9sident du directoire de Robert Bosch GmbH. Parmi les incertitudes consid\u00e9rables, on compte la guerre en Ukraine et toutes ses cons\u00e9quences. Selon Hartung, la situation actuelle met en \u00e9vidence la pression d'agir sur la politique et la soci\u00e9t\u00e9 pour devenir moins d\u00e9pendants des sources d'\u00e9nergie fossiles et s'attaquer avec force \u00e0 l'exploitation de nouvelles \u00e9nergies. C'est pourquoi le groupe Bosch poursuit syst\u00e9matiquement ses efforts pour la protection du climat malgr\u00e9 le contexte \u00e9conomique difficile. Hartung a annonc\u00e9 \u00e0 cet effet des investissements dans des techniques neutres pour le climat, telles que l'\u00e9lectrification et l'hydrog\u00e8ne, \u00e0 hauteur d'un peu plus de trois milliards d'euros sur trois ans.\r\n\r\n<a href=\"http:\/\/www.bosch.ch\/\"><em>Source et informations compl\u00e9mentaires<\/em><\/a>\n<p class=\"syndicated-attribution\">Cet article est paru initialement sur m-q.ch - <a href=\"https:\/\/www.m-q.ch\/de\/bosch-baut-aktivitaeten-in-der-schweiz-aus\/\" target=\"_blank\">https:\/\/www.m-q.ch\/de\/bosch-baut-aktivitaeten-in-der-schweiz-aus\/<\/a><\/p>","protected":false},"excerpt":{"rendered":"<p>Das internationale Technologie- und Dienstleistungsunternehmen Bosch konnte im Gesch\u00e4ftsjahr 2021 seinen Umsatz auf dem Schweizer Markt auf 745 Millionen Franken steigern. Das entspricht einem Wachstum von rund 11,5 Prozent gegen\u00fcber Vorjahr. Der Gesamtnettoumsatz einschliesslich interner Lieferungen an Tochtergesellschaften belief sich auf 1,65 Milliarden Franken. Das Unternehmen, das seine Produkte seit 1904 in der Schweiz vertreibt, [\u2026]<\/p>\n","protected":false},"author":8,"featured_media":0,"comment_status":"closed","ping_status":"closed","sticky":false,"template":"","format":"standard","meta":{"_acf_changed":false,"_yoast_wpseo_focuskw":"Bosch","_yoast_wpseo_metadesc":"","articlekey":"","footnotes":""},"categories":[28],"tags":[266,335,492],"class_list":["post-14247","post","type-post","status-publish","format-standard","hentry","category-management","tag-industrie","tag-management-und-unternehmensfuehrung","tag-unternehmen"],"acf":[],"yoast_head":"<!-- This site is optimized with the Yoast SEO plugin v27.5 - https:\/\/yoast.com\/product\/yoast-seo-wordpress\/ -->\n<title>Bosch baut Aktivit\u00e4ten in der Schweiz aus - Organisator<\/title>\n<meta name=\"robots\" content=\"index, follow, max-snippet:-1, max-image-preview:large, max-video-preview:-1\" \/>\n<link rel=\"canonical\" href=\"https:\/\/www.organisator.ch\/fr\/gestion-2\/2022-06-10\/bosch-baut-aktivitaeten-in-der-schweiz-aus\/\" \/>\n<meta property=\"og:locale\" content=\"fr_FR\" \/>\n<meta property=\"og:type\" content=\"article\" \/>\n<meta property=\"og:title\" content=\"Bosch baut Aktivit\u00e4ten in der Schweiz aus - Organisator\" \/>\n<meta property=\"og:description\" content=\"Das internationale Technologie- und Dienstleistungsunternehmen Bosch konnte im Gesch\u00e4ftsjahr 2021 seinen Umsatz auf dem Schweizer Markt auf 745 Millionen Franken steigern. Das entspricht einem Wachstum von rund 11,5 Prozent gegen\u00fcber Vorjahr. Der Gesamtnettoumsatz einschliesslich interner Lieferungen an Tochtergesellschaften belief sich auf 1,65 Milliarden Franken. Das Unternehmen, das seine Produkte seit 1904 in der Schweiz vertreibt, [\u2026]\" \/>\n<meta property=\"og:url\" content=\"https:\/\/www.organisator.ch\/fr\/gestion-2\/2022-06-10\/bosch-baut-aktivitaeten-in-der-schweiz-aus\/\" \/>\n<meta property=\"og:site_name\" content=\"Organisator\" \/>\n<meta property=\"article:publisher\" content=\"https:\/\/www.facebook.com\/OrganisatorFachmagazin\" \/>\n<meta property=\"article:published_time\" content=\"2022-06-10T08:52:07+00:00\" \/>\n<meta property=\"article:modified_time\" content=\"2022-06-10T14:59:15+00:00\" \/>\n<meta property=\"og:image\" content=\"https:\/\/www.m-q.ch\/wp-content\/uploads\/2022\/06\/Bosch-baut-Aktivitaeten-in-der-Schweiz-aus_MQ.jpg\" \/>\n<meta name=\"author\" content=\"galledia\" \/>\n<meta name=\"twitter:card\" content=\"summary_large_image\" \/>\n<meta name=\"twitter:creator\" content=\"@admin\" \/>\n<script type=\"application\/ld+json\" class=\"yoast-schema-graph\">{\"@context\":\"https:\\\/\\\/schema.org\",\"@graph\":[{\"@type\":\"Article\",\"@id\":\"https:\\\/\\\/www.organisator.ch\\\/management\\\/2022-06-10\\\/bosch-baut-aktivitaeten-in-der-schweiz-aus\\\/#article\",\"isPartOf\":{\"@id\":\"https:\\\/\\\/www.organisator.ch\\\/management\\\/2022-06-10\\\/bosch-baut-aktivitaeten-in-der-schweiz-aus\\\/\"},\"author\":{\"name\":\"galledia\",\"@id\":\"https:\\\/\\\/www.organisator.ch\\\/#\\\/schema\\\/person\\\/4e51799071cd2dd1232ac003643ef5f0\"},\"headline\":\"Bosch baut Aktivit\u00e4ten in der Schweiz aus\",\"datePublished\":\"2022-06-10T08:52:07+00:00\",\"dateModified\":\"2022-06-10T14:59:15+00:00\",\"mainEntityOfPage\":{\"@id\":\"https:\\\/\\\/www.organisator.ch\\\/management\\\/2022-06-10\\\/bosch-baut-aktivitaeten-in-der-schweiz-aus\\\/\"},\"wordCount\":592,\"publisher\":{\"@id\":\"https:\\\/\\\/www.organisator.ch\\\/#organization\"},\"image\":{\"@id\":\"https:\\\/\\\/www.organisator.ch\\\/management\\\/2022-06-10\\\/bosch-baut-aktivitaeten-in-der-schweiz-aus\\\/#primaryimage\"},\"thumbnailUrl\":\"https:\\\/\\\/www.m-q.ch\\\/wp-content\\\/uploads\\\/2022\\\/06\\\/Bosch-baut-Aktivitaeten-in-der-Schweiz-aus_MQ.jpg\",\"keywords\":[\"Industrie\",\"Management und Unternehmensf\u00fchrung\",\"Unternehmen\"],\"articleSection\":[\"MANAGEMENT\"],\"inLanguage\":\"fr-FR\"},{\"@type\":\"WebPage\",\"@id\":\"https:\\\/\\\/www.organisator.ch\\\/management\\\/2022-06-10\\\/bosch-baut-aktivitaeten-in-der-schweiz-aus\\\/\",\"url\":\"https:\\\/\\\/www.organisator.ch\\\/management\\\/2022-06-10\\\/bosch-baut-aktivitaeten-in-der-schweiz-aus\\\/\",\"name\":\"Bosch baut Aktivit\u00e4ten in der Schweiz aus - Organisator\",\"isPartOf\":{\"@id\":\"https:\\\/\\\/www.organisator.ch\\\/#website\"},\"primaryImageOfPage\":{\"@id\":\"https:\\\/\\\/www.organisator.ch\\\/management\\\/2022-06-10\\\/bosch-baut-aktivitaeten-in-der-schweiz-aus\\\/#primaryimage\"},\"image\":{\"@id\":\"https:\\\/\\\/www.organisator.ch\\\/management\\\/2022-06-10\\\/bosch-baut-aktivitaeten-in-der-schweiz-aus\\\/#primaryimage\"},\"thumbnailUrl\":\"https:\\\/\\\/www.m-q.ch\\\/wp-content\\\/uploads\\\/2022\\\/06\\\/Bosch-baut-Aktivitaeten-in-der-Schweiz-aus_MQ.jpg\",\"datePublished\":\"2022-06-10T08:52:07+00:00\",\"dateModified\":\"2022-06-10T14:59:15+00:00\",\"breadcrumb\":{\"@id\":\"https:\\\/\\\/www.organisator.ch\\\/management\\\/2022-06-10\\\/bosch-baut-aktivitaeten-in-der-schweiz-aus\\\/#breadcrumb\"},\"inLanguage\":\"fr-FR\",\"potentialAction\":[{\"@type\":\"ReadAction\",\"target\":[\"https:\\\/\\\/www.organisator.ch\\\/management\\\/2022-06-10\\\/bosch-baut-aktivitaeten-in-der-schweiz-aus\\\/\"]}]},{\"@type\":\"ImageObject\",\"inLanguage\":\"fr-FR\",\"@id\":\"https:\\\/\\\/www.organisator.ch\\\/management\\\/2022-06-10\\\/bosch-baut-aktivitaeten-in-der-schweiz-aus\\\/#primaryimage\",\"url\":\"https:\\\/\\\/www.m-q.ch\\\/wp-content\\\/uploads\\\/2022\\\/06\\\/Bosch-baut-Aktivitaeten-in-der-Schweiz-aus_MQ.jpg\",\"contentUrl\":\"https:\\\/\\\/www.m-q.ch\\\/wp-content\\\/uploads\\\/2022\\\/06\\\/Bosch-baut-Aktivitaeten-in-der-Schweiz-aus_MQ.jpg\"},{\"@type\":\"BreadcrumbList\",\"@id\":\"https:\\\/\\\/www.organisator.ch\\\/management\\\/2022-06-10\\\/bosch-baut-aktivitaeten-in-der-schweiz-aus\\\/#breadcrumb\",\"itemListElement\":[{\"@type\":\"ListItem\",\"position\":1,\"name\":\"Home\",\"item\":\"https:\\\/\\\/www.organisator.ch\\\/\"},{\"@type\":\"ListItem\",\"position\":2,\"name\":\"Bosch baut Aktivit\u00e4ten in der Schweiz aus\"}]},{\"@type\":\"WebSite\",\"@id\":\"https:\\\/\\\/www.organisator.ch\\\/#website\",\"url\":\"https:\\\/\\\/www.organisator.ch\\\/\",\"name\":\"Organisator\",\"description\":\"Kompetent. Praxisnah. Der ORGANISATOR bereitet in 10 Ausgaben pro Jahr die wesentlichen Themen f\u00fcr F\u00fchrungskr\u00e4fte von KMU auf.\",\"publisher\":{\"@id\":\"https:\\\/\\\/www.organisator.ch\\\/#organization\"},\"potentialAction\":[{\"@type\":\"SearchAction\",\"target\":{\"@type\":\"EntryPoint\",\"urlTemplate\":\"https:\\\/\\\/www.organisator.ch\\\/?s={search_term_string}\"},\"query-input\":{\"@type\":\"PropertyValueSpecification\",\"valueRequired\":true,\"valueName\":\"search_term_string\"}}],\"inLanguage\":\"fr-FR\"},{\"@type\":\"Organization\",\"@id\":\"https:\\\/\\\/www.organisator.ch\\\/#organization\",\"name\":\"Organisator\",\"url\":\"https:\\\/\\\/www.organisator.ch\\\/\",\"logo\":{\"@type\":\"ImageObject\",\"inLanguage\":\"fr-FR\",\"@id\":\"https:\\\/\\\/www.organisator.ch\\\/#\\\/schema\\\/logo\\\/image\\\/\",\"url\":\"https:\\\/\\\/www.organisator.ch\\\/wp-content\\\/uploads\\\/2022\\\/01\\\/Logo_Organisator_Website.png\",\"contentUrl\":\"https:\\\/\\\/www.organisator.ch\\\/wp-content\\\/uploads\\\/2022\\\/01\\\/Logo_Organisator_Website.png\",\"width\":800,\"height\":77,\"caption\":\"Organisator\"},\"image\":{\"@id\":\"https:\\\/\\\/www.organisator.ch\\\/#\\\/schema\\\/logo\\\/image\\\/\"},\"sameAs\":[\"https:\\\/\\\/www.facebook.com\\\/OrganisatorFachmagazin\",\"https:\\\/\\\/www.linkedin.com\\\/showcase\\\/organisator-das-magazin-fr-kmu\",\"https:\\\/\\\/www.xing.com\\\/news\\\/pages\\\/organisator-ch-695\",\"https:\\\/\\\/www.youtube.com\\\/channel\\\/UCGP2Sq0iWaZwT3BdIAQFYpw\"]},{\"@type\":\"Person\",\"@id\":\"https:\\\/\\\/www.organisator.ch\\\/#\\\/schema\\\/person\\\/4e51799071cd2dd1232ac003643ef5f0\",\"name\":\"galledia\",\"image\":{\"@type\":\"ImageObject\",\"inLanguage\":\"fr-FR\",\"@id\":\"https:\\\/\\\/secure.gravatar.com\\\/avatar\\\/78a7f90c01fc2bfc875782a0d4922b37cde2cf184ce347b91316d23cd7f69a36?s=96&d=mm&r=g\",\"url\":\"https:\\\/\\\/secure.gravatar.com\\\/avatar\\\/78a7f90c01fc2bfc875782a0d4922b37cde2cf184ce347b91316d23cd7f69a36?s=96&d=mm&r=g\",\"contentUrl\":\"https:\\\/\\\/secure.gravatar.com\\\/avatar\\\/78a7f90c01fc2bfc875782a0d4922b37cde2cf184ce347b91316d23cd7f69a36?s=96&d=mm&r=g\",\"caption\":\"galledia\"},\"sameAs\":[\"https:\\\/\\\/x.com\\\/admin\"],\"url\":\"https:\\\/\\\/www.organisator.ch\\\/fr\\\/author\\\/galledia\\\/\"}]}<\/script>\n<!-- \/ Yoast SEO plugin. -->","yoast_head_json":{"title":"Bosch d\u00e9veloppe ses activit\u00e9s en Suisse - Organisateur","robots":{"index":"index","follow":"follow","max-snippet":"max-snippet:-1","max-image-preview":"max-image-preview:large","max-video-preview":"max-video-preview:-1"},"canonical":"https:\/\/www.organisator.ch\/fr\/gestion-2\/2022-06-10\/bosch-baut-aktivitaeten-in-der-schweiz-aus\/","og_locale":"fr_FR","og_type":"article","og_title":"Bosch baut Aktivit\u00e4ten in der Schweiz aus - Organisator","og_description":"Das internationale Technologie- und Dienstleistungsunternehmen Bosch konnte im Gesch\u00e4ftsjahr 2021 seinen Umsatz auf dem Schweizer Markt auf 745 Millionen Franken steigern. Das entspricht einem Wachstum von rund 11,5 Prozent gegen\u00fcber Vorjahr. Der Gesamtnettoumsatz einschliesslich interner Lieferungen an Tochtergesellschaften belief sich auf 1,65 Milliarden Franken. Das Unternehmen, das seine Produkte seit 1904 in der Schweiz vertreibt, [\u2026]","og_url":"https:\/\/www.organisator.ch\/fr\/gestion-2\/2022-06-10\/bosch-baut-aktivitaeten-in-der-schweiz-aus\/","og_site_name":"Organisator","article_publisher":"https:\/\/www.facebook.com\/OrganisatorFachmagazin","article_published_time":"2022-06-10T08:52:07+00:00","article_modified_time":"2022-06-10T14:59:15+00:00","og_image":[{"url":"https:\/\/www.m-q.ch\/wp-content\/uploads\/2022\/06\/Bosch-baut-Aktivitaeten-in-der-Schweiz-aus_MQ.jpg","type":"","width":"","height":""}],"author":"galledia","twitter_card":"summary_large_image","twitter_creator":"@admin","schema":{"@context":"https:\/\/schema.org","@graph":[{"@type":"Article","@id":"https:\/\/www.organisator.ch\/management\/2022-06-10\/bosch-baut-aktivitaeten-in-der-schweiz-aus\/#article","isPartOf":{"@id":"https:\/\/www.organisator.ch\/management\/2022-06-10\/bosch-baut-aktivitaeten-in-der-schweiz-aus\/"},"author":{"name":"galledia","@id":"https:\/\/www.organisator.ch\/#\/schema\/person\/4e51799071cd2dd1232ac003643ef5f0"},"headline":"Bosch baut Aktivit\u00e4ten in der Schweiz aus","datePublished":"2022-06-10T08:52:07+00:00","dateModified":"2022-06-10T14:59:15+00:00","mainEntityOfPage":{"@id":"https:\/\/www.organisator.ch\/management\/2022-06-10\/bosch-baut-aktivitaeten-in-der-schweiz-aus\/"},"wordCount":592,"publisher":{"@id":"https:\/\/www.organisator.ch\/#organization"},"image":{"@id":"https:\/\/www.organisator.ch\/management\/2022-06-10\/bosch-baut-aktivitaeten-in-der-schweiz-aus\/#primaryimage"},"thumbnailUrl":"https:\/\/www.m-q.ch\/wp-content\/uploads\/2022\/06\/Bosch-baut-Aktivitaeten-in-der-Schweiz-aus_MQ.jpg","keywords":["Industrie","Management und Unternehmensf\u00fchrung","Unternehmen"],"articleSection":["MANAGEMENT"],"inLanguage":"fr-FR"},{"@type":"WebPage","@id":"https:\/\/www.organisator.ch\/management\/2022-06-10\/bosch-baut-aktivitaeten-in-der-schweiz-aus\/","url":"https:\/\/www.organisator.ch\/management\/2022-06-10\/bosch-baut-aktivitaeten-in-der-schweiz-aus\/","name":"Bosch d\u00e9veloppe ses activit\u00e9s en Suisse - Organisateur","isPartOf":{"@id":"https:\/\/www.organisator.ch\/#website"},"primaryImageOfPage":{"@id":"https:\/\/www.organisator.ch\/management\/2022-06-10\/bosch-baut-aktivitaeten-in-der-schweiz-aus\/#primaryimage"},"image":{"@id":"https:\/\/www.organisator.ch\/management\/2022-06-10\/bosch-baut-aktivitaeten-in-der-schweiz-aus\/#primaryimage"},"thumbnailUrl":"https:\/\/www.m-q.ch\/wp-content\/uploads\/2022\/06\/Bosch-baut-Aktivitaeten-in-der-Schweiz-aus_MQ.jpg","datePublished":"2022-06-10T08:52:07+00:00","dateModified":"2022-06-10T14:59:15+00:00","breadcrumb":{"@id":"https:\/\/www.organisator.ch\/management\/2022-06-10\/bosch-baut-aktivitaeten-in-der-schweiz-aus\/#breadcrumb"},"inLanguage":"fr-FR","potentialAction":[{"@type":"ReadAction","target":["https:\/\/www.organisator.ch\/management\/2022-06-10\/bosch-baut-aktivitaeten-in-der-schweiz-aus\/"]}]},{"@type":"ImageObject","inLanguage":"fr-FR","@id":"https:\/\/www.organisator.ch\/management\/2022-06-10\/bosch-baut-aktivitaeten-in-der-schweiz-aus\/#primaryimage","url":"https:\/\/www.m-q.ch\/wp-content\/uploads\/2022\/06\/Bosch-baut-Aktivitaeten-in-der-Schweiz-aus_MQ.jpg","contentUrl":"https:\/\/www.m-q.ch\/wp-content\/uploads\/2022\/06\/Bosch-baut-Aktivitaeten-in-der-Schweiz-aus_MQ.jpg"},{"@type":"BreadcrumbList","@id":"https:\/\/www.organisator.ch\/management\/2022-06-10\/bosch-baut-aktivitaeten-in-der-schweiz-aus\/#breadcrumb","itemListElement":[{"@type":"ListItem","position":1,"name":"Home","item":"https:\/\/www.organisator.ch\/"},{"@type":"ListItem","position":2,"name":"Bosch baut Aktivit\u00e4ten in der Schweiz aus"}]},{"@type":"WebSite","@id":"https:\/\/www.organisator.ch\/#website","url":"https:\/\/www.organisator.ch\/","name":"Organisateur","description":"Comp\u00e9tence et comp\u00e9tence. Proches de la pratique. L'ORGANISATEUR pr\u00e9pare 10 num\u00e9ros par an sur les th\u00e8mes essentiels pour les dirigeants de PME.","publisher":{"@id":"https:\/\/www.organisator.ch\/#organization"},"potentialAction":[{"@type":"SearchAction","target":{"@type":"EntryPoint","urlTemplate":"https:\/\/www.organisator.ch\/?s={search_term_string}"},"query-input":{"@type":"PropertyValueSpecification","valueRequired":true,"valueName":"search_term_string"}}],"inLanguage":"fr-FR"},{"@type":"Organization","@id":"https:\/\/www.organisator.ch\/#organization","name":"Organisateur","url":"https:\/\/www.organisator.ch\/","logo":{"@type":"ImageObject","inLanguage":"fr-FR","@id":"https:\/\/www.organisator.ch\/#\/schema\/logo\/image\/","url":"https:\/\/www.organisator.ch\/wp-content\/uploads\/2022\/01\/Logo_Organisator_Website.png","contentUrl":"https:\/\/www.organisator.ch\/wp-content\/uploads\/2022\/01\/Logo_Organisator_Website.png","width":800,"height":77,"caption":"Organisator"},"image":{"@id":"https:\/\/www.organisator.ch\/#\/schema\/logo\/image\/"},"sameAs":["https:\/\/www.facebook.com\/OrganisatorFachmagazin","https:\/\/www.linkedin.com\/showcase\/organisator-das-magazin-fr-kmu","https:\/\/www.xing.com\/news\/pages\/organisator-ch-695","https:\/\/www.youtube.com\/channel\/UCGP2Sq0iWaZwT3BdIAQFYpw"]},{"@type":"Person","@id":"https:\/\/www.organisator.ch\/#\/schema\/person\/4e51799071cd2dd1232ac003643ef5f0","name":"galledia","image":{"@type":"ImageObject","inLanguage":"fr-FR","@id":"https:\/\/secure.gravatar.com\/avatar\/78a7f90c01fc2bfc875782a0d4922b37cde2cf184ce347b91316d23cd7f69a36?s=96&d=mm&r=g","url":"https:\/\/secure.gravatar.com\/avatar\/78a7f90c01fc2bfc875782a0d4922b37cde2cf184ce347b91316d23cd7f69a36?s=96&d=mm&r=g","contentUrl":"https:\/\/secure.gravatar.com\/avatar\/78a7f90c01fc2bfc875782a0d4922b37cde2cf184ce347b91316d23cd7f69a36?s=96&d=mm&r=g","caption":"galledia"},"sameAs":["https:\/\/x.com\/admin"],"url":"https:\/\/www.organisator.ch\/fr\/author\/galledia\/"}]}},"_links":{"self":[{"href":"https:\/\/www.organisator.ch\/fr\/wp-json\/wp\/v2\/posts\/14247","targetHints":{"allow":["GET"]}}],"collection":[{"href":"https:\/\/www.organisator.ch\/fr\/wp-json\/wp\/v2\/posts"}],"about":[{"href":"https:\/\/www.organisator.ch\/fr\/wp-json\/wp\/v2\/types\/post"}],"author":[{"embeddable":true,"href":"https:\/\/www.organisator.ch\/fr\/wp-json\/wp\/v2\/users\/8"}],"replies":[{"embeddable":true,"href":"https:\/\/www.organisator.ch\/fr\/wp-json\/wp\/v2\/comments?post=14247"}],"version-history":[{"count":3,"href":"https:\/\/www.organisator.ch\/fr\/wp-json\/wp\/v2\/posts\/14247\/revisions"}],"predecessor-version":[{"id":14322,"href":"https:\/\/www.organisator.ch\/fr\/wp-json\/wp\/v2\/posts\/14247\/revisions\/14322"}],"wp:attachment":[{"href":"https:\/\/www.organisator.ch\/fr\/wp-json\/wp\/v2\/media?parent=14247"}],"wp:term":[{"taxonomy":"category","embeddable":true,"href":"https:\/\/www.organisator.ch\/fr\/wp-json\/wp\/v2\/categories?post=14247"},{"taxonomy":"post_tag","embeddable":true,"href":"https:\/\/www.organisator.ch\/fr\/wp-json\/wp\/v2\/tags?post=14247"}],"curies":[{"name":"wp","href":"https:\/\/api.w.org\/{rel}","templated":true}]}}