{"id":1426,"date":"2017-01-31T10:51:20","date_gmt":"2017-01-31T09:51:20","guid":{"rendered":"https:\/\/www.organisator.ch\/?p=1426"},"modified":"2017-01-31T10:51:20","modified_gmt":"2017-01-31T09:51:20","slug":"1426-2","status":"publish","type":"post","link":"https:\/\/www.organisator.ch\/fr\/allgemein\/2017-01-31\/1426-2\/","title":{"rendered":"L'aspect social des horaires de travail flexibles"},"content":{"rendered":"<p><img loading=\"lazy\" decoding=\"async\" class=\"alignnone size-full wp-image-1429\" src=\"https:\/\/www.organisator.ch\/wp-content\/uploads\/2017\/01\/FlexibleArbeitszeitenorg-organisator-1.jpg\" alt=\"\" width=\"641\" height=\"429\" srcset=\"https:\/\/www.organisator.ch\/wp-content\/uploads\/2017\/01\/FlexibleArbeitszeitenorg-organisator-1.jpg 641w, https:\/\/www.organisator.ch\/wp-content\/uploads\/2017\/01\/FlexibleArbeitszeitenorg-organisator-1-16x12.jpg 16w, https:\/\/www.organisator.ch\/wp-content\/uploads\/2017\/01\/FlexibleArbeitszeitenorg-organisator-1-261x175.jpg 261w, https:\/\/www.organisator.ch\/wp-content\/uploads\/2017\/01\/FlexibleArbeitszeitenorg-organisator-1-523x350.jpg 523w, https:\/\/www.organisator.ch\/wp-content\/uploads\/2017\/01\/FlexibleArbeitszeitenorg-organisator-1-300x201.jpg 300w\" sizes=\"auto, (max-width: 641px) 100vw, 641px\" \/><\/p>\n<p>Un business hub \u00e0 Paris. \"La Compagnie1\" respire l'esprit start-up comme la convivialit\u00e9 (image : opensource)<\/p>\n<p><strong>L'aspect social du travail flexible<\/strong><\/p>\n<p>Les travailleurs qui ont des horaires de travail flexibles font preuve d'une vie sociale plus active, comme le montre la derni\u00e8re \u00e9tude command\u00e9e par Regus. Les travailleurs confirment que lorsqu'ils peuvent travailler plus pr\u00e8s de chez eux, au moins pendant certaines heures, ils ont plus de possibilit\u00e9s de nouer et de maintenir des contacts. L'enqu\u00eate a \u00e9galement r\u00e9v\u00e9l\u00e9 que les travailleurs flexibles ach\u00e8tent plus localement et contribuent davantage \u00e0 l'\u00e9conomie r\u00e9gionale.<\/p>\n<p><strong>Une majorit\u00e9 pour des horaires flexibles<\/strong><\/p>\n<p>Cette \u00e9tude, command\u00e9e par Regus, a \u00e9t\u00e9 r\u00e9alis\u00e9e aupr\u00e8s de pr\u00e8s de 200 travailleurs en Suisse. Elle montre qu'un travail flexible plus proche de la maison aide \u00e0 d\u00e9velopper un esprit de communaut\u00e9. Les entreprises locales en profitent, mais les gens ont \u00e9galement plus souvent l'occasion de rencontrer des amis et de passer du temps avec leur famille. Le travail flexible est aujourd'hui si important que 86 % des travailleurs l'attendent de chaque emploi.<\/p>\n<p><strong>Autres r\u00e9sultats de l'\u00e9tude<\/strong><\/p>\n<p>Ceux qui peuvent travailler plus pr\u00e8s de chez eux b\u00e9n\u00e9ficient en outre de meilleures conditions de sant\u00e9, puisque la moiti\u00e9 des personnes interrog\u00e9es ont d\u00e9clar\u00e9 pouvoir dormir davantage sans devoir faire de longs trajets (48 %).<\/p>\n<p>La moiti\u00e9 d'entre eux ont \u00e9galement indiqu\u00e9 qu'un trajet plus court leur laissait plus de temps pour une alimentation plus saine (48 %).<\/p>\n<p>Le travail flexible peut \u00e9galement cr\u00e9er de l'espace entre les collaborateurs \"ennuyeux\" : 29 % ont admis que le travail \u00e0 domicile leur permettait d'\u00e9viter les habitudes habituelles de leurs coll\u00e8gues.<\/p>\n<p>Un quart (25 %) confirme m\u00eame que leur activit\u00e9 \u00e0 domicile vous donne une chance d'\u00e9viter les collaborateurs ennuyeux.<\/p>\n<p>L'\u00e9tude montre en outre que si les travailleurs travaillent plus pr\u00e8s de leur domicile, les communaut\u00e9s locales en profitent. Les petites entreprises comme les caf\u00e9s ou les magasins servent de plateformes pour l'esprit communautaire. De telles entreprises devraient toutefois fermer si elles n'\u00e9taient fr\u00e9quent\u00e9es que certains jours, comme le week-end. Gr\u00e2ce \u00e0 la flexibilit\u00e9 du travail, ces entreprises pourraient \u00e9galement profiter du flux de clients pendant la semaine.<\/p>\n<p>Pour plus d'informations sur les alternatives de co-working, voir ce <a href=\"http:\/\/ch-de.workswitzerland.regus.com\/?_ga=1.25635637.966425515.1485855444\">Lien <\/a><\/p>\n<p>&nbsp;<\/p>\n<p>&nbsp;<\/p>","protected":false},"excerpt":{"rendered":"<p>Ein Business Hub in Paris. &#8222;La Compagnie1&#8220; verspr\u00fcht Start Up Spirit wie Geselligkeit (Bild: opensource) Die soziale Seite flexibler Arbeit Arbeitende, die flexible Arbeitszeiten haben, zeigen ein aktiveres Sozialleben, wie die neueste von Regus in Auftrag gegebene Studie zeigt. Arbeitnehmer best\u00e4tigen, dass wenn sie zumindest f\u00fcr bestimmte Zeiten n\u00e4her zu Hause arbeiten k\u00f6nnen, sie mehr [&hellip;]<\/p>\n","protected":false},"author":5,"featured_media":1429,"comment_status":"open","ping_status":"open","sticky":false,"template":"","format":"standard","meta":{"_acf_changed":false,"_yoast_wpseo_focuskw":"Arbeitszeiten","_yoast_wpseo_metadesc":"Flexible Arbeitszeiten sind gut f\u00fcrs Sozialleben, zeigt eine Studie von Regus. Flexibles Arbeiten f\u00f6rdert das soziale Leben.","articlekey":"","footnotes":""},"categories":[1],"tags":[51,211],"class_list":["post-1426","post","type-post","status-publish","format-standard","has-post-thumbnail","hentry","category-allgemein","tag-arbeitsplatzgestaltung","tag-flexible-arbeitszeit"],"acf":[],"yoast_head":"<!-- This site is optimized with the Yoast SEO plugin v27.4 - https:\/\/yoast.com\/product\/yoast-seo-wordpress\/ -->\n<title>Die soziale Seite flexibler Arbeitszeiten - Organisator<\/title>\n<meta name=\"description\" content=\"Flexible Arbeitszeiten sind gut f\u00fcrs Sozialleben, zeigt eine Studie von Regus. Flexibles Arbeiten f\u00f6rdert das soziale Leben.\" \/>\n<meta name=\"robots\" content=\"index, follow, max-snippet:-1, max-image-preview:large, max-video-preview:-1\" \/>\n<link rel=\"canonical\" href=\"https:\/\/www.organisator.ch\/fr\/general\/2017-01-31\/1426-2\/\" \/>\n<meta property=\"og:locale\" content=\"fr_FR\" \/>\n<meta property=\"og:type\" content=\"article\" \/>\n<meta property=\"og:title\" content=\"Die soziale Seite flexibler Arbeitszeiten - Organisator\" \/>\n<meta property=\"og:description\" content=\"Flexible Arbeitszeiten sind gut f\u00fcrs Sozialleben, zeigt eine Studie von Regus. Flexibles Arbeiten f\u00f6rdert das soziale Leben.\" \/>\n<meta property=\"og:url\" content=\"https:\/\/www.organisator.ch\/fr\/general\/2017-01-31\/1426-2\/\" \/>\n<meta property=\"og:site_name\" content=\"Organisator\" \/>\n<meta property=\"article:publisher\" content=\"https:\/\/www.facebook.com\/OrganisatorFachmagazin\" \/>\n<meta property=\"article:published_time\" content=\"2017-01-31T09:51:20+00:00\" \/>\n<meta property=\"og:image\" content=\"https:\/\/www.organisator.ch\/wp-content\/uploads\/2017\/01\/FlexibleArbeitszeitenorg-organisator-1.jpg\" \/>\n\t<meta property=\"og:image:width\" content=\"641\" \/>\n\t<meta property=\"og:image:height\" content=\"429\" \/>\n\t<meta property=\"og:image:type\" content=\"image\/jpeg\" \/>\n<meta name=\"author\" content=\"michael.merz\" \/>\n<meta name=\"twitter:card\" content=\"summary_large_image\" \/>\n<script type=\"application\/ld+json\" class=\"yoast-schema-graph\">{\"@context\":\"https:\\\/\\\/schema.org\",\"@graph\":[{\"@type\":\"Article\",\"@id\":\"https:\\\/\\\/www.organisator.ch\\\/it\\\/generale\\\/2017-01-31\\\/1426-2\\\/#article\",\"isPartOf\":{\"@id\":\"https:\\\/\\\/www.organisator.ch\\\/it\\\/generale\\\/2017-01-31\\\/1426-2\\\/\"},\"author\":{\"name\":\"michael.merz\",\"@id\":\"https:\\\/\\\/www.organisator.ch\\\/#\\\/schema\\\/person\\\/134708ca9321c57b0362cceb7948ffbd\"},\"headline\":\"Die soziale Seite flexibler Arbeitszeiten\",\"datePublished\":\"2017-01-31T09:51:20+00:00\",\"mainEntityOfPage\":{\"@id\":\"https:\\\/\\\/www.organisator.ch\\\/it\\\/generale\\\/2017-01-31\\\/1426-2\\\/\"},\"wordCount\":334,\"commentCount\":0,\"publisher\":{\"@id\":\"https:\\\/\\\/www.organisator.ch\\\/#organization\"},\"image\":{\"@id\":\"https:\\\/\\\/www.organisator.ch\\\/it\\\/generale\\\/2017-01-31\\\/1426-2\\\/#primaryimage\"},\"thumbnailUrl\":\"https:\\\/\\\/www.organisator.ch\\\/wp-content\\\/uploads\\\/2017\\\/01\\\/FlexibleArbeitszeitenorg-organisator-1.jpg\",\"keywords\":[\"Arbeitsplatzgestaltung\",\"Flexible Arbeitszeit\"],\"articleSection\":[\"Allgemein\"],\"inLanguage\":\"fr-FR\"},{\"@type\":\"WebPage\",\"@id\":\"https:\\\/\\\/www.organisator.ch\\\/it\\\/generale\\\/2017-01-31\\\/1426-2\\\/\",\"url\":\"https:\\\/\\\/www.organisator.ch\\\/it\\\/generale\\\/2017-01-31\\\/1426-2\\\/\",\"name\":\"Die soziale Seite flexibler Arbeitszeiten - Organisator\",\"isPartOf\":{\"@id\":\"https:\\\/\\\/www.organisator.ch\\\/#website\"},\"primaryImageOfPage\":{\"@id\":\"https:\\\/\\\/www.organisator.ch\\\/it\\\/generale\\\/2017-01-31\\\/1426-2\\\/#primaryimage\"},\"image\":{\"@id\":\"https:\\\/\\\/www.organisator.ch\\\/it\\\/generale\\\/2017-01-31\\\/1426-2\\\/#primaryimage\"},\"thumbnailUrl\":\"https:\\\/\\\/www.organisator.ch\\\/wp-content\\\/uploads\\\/2017\\\/01\\\/FlexibleArbeitszeitenorg-organisator-1.jpg\",\"datePublished\":\"2017-01-31T09:51:20+00:00\",\"description\":\"Flexible Arbeitszeiten sind gut f\u00fcrs Sozialleben, zeigt eine Studie von Regus. Flexibles Arbeiten f\u00f6rdert das soziale Leben.\",\"breadcrumb\":{\"@id\":\"https:\\\/\\\/www.organisator.ch\\\/it\\\/generale\\\/2017-01-31\\\/1426-2\\\/#breadcrumb\"},\"inLanguage\":\"fr-FR\",\"potentialAction\":[{\"@type\":\"ReadAction\",\"target\":[\"https:\\\/\\\/www.organisator.ch\\\/it\\\/generale\\\/2017-01-31\\\/1426-2\\\/\"]}]},{\"@type\":\"ImageObject\",\"inLanguage\":\"fr-FR\",\"@id\":\"https:\\\/\\\/www.organisator.ch\\\/it\\\/generale\\\/2017-01-31\\\/1426-2\\\/#primaryimage\",\"url\":\"https:\\\/\\\/www.organisator.ch\\\/wp-content\\\/uploads\\\/2017\\\/01\\\/FlexibleArbeitszeitenorg-organisator-1.jpg\",\"contentUrl\":\"https:\\\/\\\/www.organisator.ch\\\/wp-content\\\/uploads\\\/2017\\\/01\\\/FlexibleArbeitszeitenorg-organisator-1.jpg\",\"width\":641,\"height\":429},{\"@type\":\"BreadcrumbList\",\"@id\":\"https:\\\/\\\/www.organisator.ch\\\/it\\\/generale\\\/2017-01-31\\\/1426-2\\\/#breadcrumb\",\"itemListElement\":[{\"@type\":\"ListItem\",\"position\":1,\"name\":\"Home\",\"item\":\"https:\\\/\\\/www.organisator.ch\\\/\"},{\"@type\":\"ListItem\",\"position\":2,\"name\":\"Die soziale Seite flexibler Arbeitszeiten\"}]},{\"@type\":\"WebSite\",\"@id\":\"https:\\\/\\\/www.organisator.ch\\\/#website\",\"url\":\"https:\\\/\\\/www.organisator.ch\\\/\",\"name\":\"Organisator\",\"description\":\"Kompetent. Praxisnah. Der ORGANISATOR bereitet in 10 Ausgaben pro Jahr die wesentlichen Themen f\u00fcr F\u00fchrungskr\u00e4fte von KMU auf.\",\"publisher\":{\"@id\":\"https:\\\/\\\/www.organisator.ch\\\/#organization\"},\"potentialAction\":[{\"@type\":\"SearchAction\",\"target\":{\"@type\":\"EntryPoint\",\"urlTemplate\":\"https:\\\/\\\/www.organisator.ch\\\/?s={search_term_string}\"},\"query-input\":{\"@type\":\"PropertyValueSpecification\",\"valueRequired\":true,\"valueName\":\"search_term_string\"}}],\"inLanguage\":\"fr-FR\"},{\"@type\":\"Organization\",\"@id\":\"https:\\\/\\\/www.organisator.ch\\\/#organization\",\"name\":\"Organisator\",\"url\":\"https:\\\/\\\/www.organisator.ch\\\/\",\"logo\":{\"@type\":\"ImageObject\",\"inLanguage\":\"fr-FR\",\"@id\":\"https:\\\/\\\/www.organisator.ch\\\/#\\\/schema\\\/logo\\\/image\\\/\",\"url\":\"https:\\\/\\\/www.organisator.ch\\\/wp-content\\\/uploads\\\/2022\\\/01\\\/Logo_Organisator_Website.png\",\"contentUrl\":\"https:\\\/\\\/www.organisator.ch\\\/wp-content\\\/uploads\\\/2022\\\/01\\\/Logo_Organisator_Website.png\",\"width\":800,\"height\":77,\"caption\":\"Organisator\"},\"image\":{\"@id\":\"https:\\\/\\\/www.organisator.ch\\\/#\\\/schema\\\/logo\\\/image\\\/\"},\"sameAs\":[\"https:\\\/\\\/www.facebook.com\\\/OrganisatorFachmagazin\",\"https:\\\/\\\/www.linkedin.com\\\/showcase\\\/organisator-das-magazin-fr-kmu\",\"https:\\\/\\\/www.xing.com\\\/news\\\/pages\\\/organisator-ch-695\",\"https:\\\/\\\/www.youtube.com\\\/channel\\\/UCGP2Sq0iWaZwT3BdIAQFYpw\"]},{\"@type\":\"Person\",\"@id\":\"https:\\\/\\\/www.organisator.ch\\\/#\\\/schema\\\/person\\\/134708ca9321c57b0362cceb7948ffbd\",\"name\":\"michael.merz\",\"image\":{\"@type\":\"ImageObject\",\"inLanguage\":\"fr-FR\",\"@id\":\"https:\\\/\\\/secure.gravatar.com\\\/avatar\\\/?s=96&d=mm&r=g\",\"url\":\"https:\\\/\\\/secure.gravatar.com\\\/avatar\\\/?s=96&d=mm&r=g\",\"contentUrl\":\"https:\\\/\\\/secure.gravatar.com\\\/avatar\\\/?s=96&d=mm&r=g\",\"caption\":\"michael.merz\"},\"url\":\"https:\\\/\\\/www.organisator.ch\\\/fr\\\/author\\\/michael-merz\\\/\"}]}<\/script>\n<!-- \/ Yoast SEO plugin. -->","yoast_head_json":{"title":"L'aspect social des horaires de travail flexibles - Organisateur","description":"Les horaires de travail flexibles sont bons pour la vie sociale, r\u00e9v\u00e8le une \u00e9tude de Regus. Le travail flexible favorise la vie sociale.","robots":{"index":"index","follow":"follow","max-snippet":"max-snippet:-1","max-image-preview":"max-image-preview:large","max-video-preview":"max-video-preview:-1"},"canonical":"https:\/\/www.organisator.ch\/fr\/general\/2017-01-31\/1426-2\/","og_locale":"fr_FR","og_type":"article","og_title":"Die soziale Seite flexibler Arbeitszeiten - Organisator","og_description":"Flexible Arbeitszeiten sind gut f\u00fcrs Sozialleben, zeigt eine Studie von Regus. Flexibles Arbeiten f\u00f6rdert das soziale Leben.","og_url":"https:\/\/www.organisator.ch\/fr\/general\/2017-01-31\/1426-2\/","og_site_name":"Organisator","article_publisher":"https:\/\/www.facebook.com\/OrganisatorFachmagazin","article_published_time":"2017-01-31T09:51:20+00:00","og_image":[{"width":641,"height":429,"url":"https:\/\/www.organisator.ch\/wp-content\/uploads\/2017\/01\/FlexibleArbeitszeitenorg-organisator-1.jpg","type":"image\/jpeg"}],"author":"michael.merz","twitter_card":"summary_large_image","schema":{"@context":"https:\/\/schema.org","@graph":[{"@type":"Article","@id":"https:\/\/www.organisator.ch\/it\/generale\/2017-01-31\/1426-2\/#article","isPartOf":{"@id":"https:\/\/www.organisator.ch\/it\/generale\/2017-01-31\/1426-2\/"},"author":{"name":"michael.merz","@id":"https:\/\/www.organisator.ch\/#\/schema\/person\/134708ca9321c57b0362cceb7948ffbd"},"headline":"Die soziale Seite flexibler Arbeitszeiten","datePublished":"2017-01-31T09:51:20+00:00","mainEntityOfPage":{"@id":"https:\/\/www.organisator.ch\/it\/generale\/2017-01-31\/1426-2\/"},"wordCount":334,"commentCount":0,"publisher":{"@id":"https:\/\/www.organisator.ch\/#organization"},"image":{"@id":"https:\/\/www.organisator.ch\/it\/generale\/2017-01-31\/1426-2\/#primaryimage"},"thumbnailUrl":"https:\/\/www.organisator.ch\/wp-content\/uploads\/2017\/01\/FlexibleArbeitszeitenorg-organisator-1.jpg","keywords":["Arbeitsplatzgestaltung","Flexible Arbeitszeit"],"articleSection":["Allgemein"],"inLanguage":"fr-FR"},{"@type":"WebPage","@id":"https:\/\/www.organisator.ch\/it\/generale\/2017-01-31\/1426-2\/","url":"https:\/\/www.organisator.ch\/it\/generale\/2017-01-31\/1426-2\/","name":"L'aspect social des horaires de travail flexibles - Organisateur","isPartOf":{"@id":"https:\/\/www.organisator.ch\/#website"},"primaryImageOfPage":{"@id":"https:\/\/www.organisator.ch\/it\/generale\/2017-01-31\/1426-2\/#primaryimage"},"image":{"@id":"https:\/\/www.organisator.ch\/it\/generale\/2017-01-31\/1426-2\/#primaryimage"},"thumbnailUrl":"https:\/\/www.organisator.ch\/wp-content\/uploads\/2017\/01\/FlexibleArbeitszeitenorg-organisator-1.jpg","datePublished":"2017-01-31T09:51:20+00:00","description":"Les horaires de travail flexibles sont bons pour la vie sociale, r\u00e9v\u00e8le une \u00e9tude de Regus. Le travail flexible favorise la vie sociale.","breadcrumb":{"@id":"https:\/\/www.organisator.ch\/it\/generale\/2017-01-31\/1426-2\/#breadcrumb"},"inLanguage":"fr-FR","potentialAction":[{"@type":"ReadAction","target":["https:\/\/www.organisator.ch\/it\/generale\/2017-01-31\/1426-2\/"]}]},{"@type":"ImageObject","inLanguage":"fr-FR","@id":"https:\/\/www.organisator.ch\/it\/generale\/2017-01-31\/1426-2\/#primaryimage","url":"https:\/\/www.organisator.ch\/wp-content\/uploads\/2017\/01\/FlexibleArbeitszeitenorg-organisator-1.jpg","contentUrl":"https:\/\/www.organisator.ch\/wp-content\/uploads\/2017\/01\/FlexibleArbeitszeitenorg-organisator-1.jpg","width":641,"height":429},{"@type":"BreadcrumbList","@id":"https:\/\/www.organisator.ch\/it\/generale\/2017-01-31\/1426-2\/#breadcrumb","itemListElement":[{"@type":"ListItem","position":1,"name":"Home","item":"https:\/\/www.organisator.ch\/"},{"@type":"ListItem","position":2,"name":"Die soziale Seite flexibler Arbeitszeiten"}]},{"@type":"WebSite","@id":"https:\/\/www.organisator.ch\/#website","url":"https:\/\/www.organisator.ch\/","name":"Organisateur","description":"Comp\u00e9tence et comp\u00e9tence. Proches de la pratique. L'ORGANISATEUR pr\u00e9pare 10 num\u00e9ros par an sur les th\u00e8mes essentiels pour les dirigeants de PME.","publisher":{"@id":"https:\/\/www.organisator.ch\/#organization"},"potentialAction":[{"@type":"SearchAction","target":{"@type":"EntryPoint","urlTemplate":"https:\/\/www.organisator.ch\/?s={search_term_string}"},"query-input":{"@type":"PropertyValueSpecification","valueRequired":true,"valueName":"search_term_string"}}],"inLanguage":"fr-FR"},{"@type":"Organization","@id":"https:\/\/www.organisator.ch\/#organization","name":"Organisateur","url":"https:\/\/www.organisator.ch\/","logo":{"@type":"ImageObject","inLanguage":"fr-FR","@id":"https:\/\/www.organisator.ch\/#\/schema\/logo\/image\/","url":"https:\/\/www.organisator.ch\/wp-content\/uploads\/2022\/01\/Logo_Organisator_Website.png","contentUrl":"https:\/\/www.organisator.ch\/wp-content\/uploads\/2022\/01\/Logo_Organisator_Website.png","width":800,"height":77,"caption":"Organisator"},"image":{"@id":"https:\/\/www.organisator.ch\/#\/schema\/logo\/image\/"},"sameAs":["https:\/\/www.facebook.com\/OrganisatorFachmagazin","https:\/\/www.linkedin.com\/showcase\/organisator-das-magazin-fr-kmu","https:\/\/www.xing.com\/news\/pages\/organisator-ch-695","https:\/\/www.youtube.com\/channel\/UCGP2Sq0iWaZwT3BdIAQFYpw"]},{"@type":"Person","@id":"https:\/\/www.organisator.ch\/#\/schema\/person\/134708ca9321c57b0362cceb7948ffbd","name":"michael.merz","image":{"@type":"ImageObject","inLanguage":"fr-FR","@id":"https:\/\/secure.gravatar.com\/avatar\/?s=96&d=mm&r=g","url":"https:\/\/secure.gravatar.com\/avatar\/?s=96&d=mm&r=g","contentUrl":"https:\/\/secure.gravatar.com\/avatar\/?s=96&d=mm&r=g","caption":"michael.merz"},"url":"https:\/\/www.organisator.ch\/fr\/author\/michael-merz\/"}]}},"_links":{"self":[{"href":"https:\/\/www.organisator.ch\/fr\/wp-json\/wp\/v2\/posts\/1426","targetHints":{"allow":["GET"]}}],"collection":[{"href":"https:\/\/www.organisator.ch\/fr\/wp-json\/wp\/v2\/posts"}],"about":[{"href":"https:\/\/www.organisator.ch\/fr\/wp-json\/wp\/v2\/types\/post"}],"author":[{"embeddable":true,"href":"https:\/\/www.organisator.ch\/fr\/wp-json\/wp\/v2\/users\/5"}],"replies":[{"embeddable":true,"href":"https:\/\/www.organisator.ch\/fr\/wp-json\/wp\/v2\/comments?post=1426"}],"version-history":[{"count":0,"href":"https:\/\/www.organisator.ch\/fr\/wp-json\/wp\/v2\/posts\/1426\/revisions"}],"wp:featuredmedia":[{"embeddable":true,"href":"https:\/\/www.organisator.ch\/fr\/wp-json\/wp\/v2\/media\/1429"}],"wp:attachment":[{"href":"https:\/\/www.organisator.ch\/fr\/wp-json\/wp\/v2\/media?parent=1426"}],"wp:term":[{"taxonomy":"category","embeddable":true,"href":"https:\/\/www.organisator.ch\/fr\/wp-json\/wp\/v2\/categories?post=1426"},{"taxonomy":"post_tag","embeddable":true,"href":"https:\/\/www.organisator.ch\/fr\/wp-json\/wp\/v2\/tags?post=1426"}],"curies":[{"name":"wp","href":"https:\/\/api.w.org\/{rel}","templated":true}]}}