{"id":14314,"date":"2022-06-10T13:26:44","date_gmt":"2022-06-10T11:26:44","guid":{"rendered":"https:\/\/www.m-q.ch\/?p=16430"},"modified":"2022-07-25T15:11:24","modified_gmt":"2022-07-25T13:11:24","slug":"suva-verkuendet-erneut-tiefe-praemien-fuer-2023","status":"publish","type":"post","link":"https:\/\/www.organisator.ch\/fr\/operational-excellence\/2022-06-10\/suva-verkuendet-erneut-tiefe-praemien-fuer-2023\/","title":{"rendered":"La Suva annonce \u00e0 nouveau des primes basses pour 2023"},"content":{"rendered":"<figure id=\"attachment_16432\" class=\"wp-caption alignnone\" style=\"width: 680px\" aria-describedby=\"caption-attachment-16432\"><img class=\"alignnone wp-image-16432 size-full\" src=\"https:\/\/www.m-q.ch\/wp-content\/uploads\/2022\/06\/Suva-verkuendet-erneut-tiefe-Praemien-fuer-2023_MQ.jpg\" alt=\"Suva\" width=\"680\" height=\"452\" \/><figcaption id=\"caption-attachment-16432\" class=\"wp-caption-text\">Peuvent \u00e0 nouveau annoncer des primes basses : Felix Weber, \u00e0 gauche, pr\u00e9sident de la direction de la Suva, Hubert Niggli, au centre, chef des finances de la Suva et Gabriele Gendotti, \u00e0 droite, pr\u00e9sident du Conseil de la Suva, le vendredi 10 juin 2022 lors de la conf\u00e9rence de presse de bilan de la Suva. (SUVA\/KEYSTONE\/Urs Fl\u00fceler)<\/figcaption><\/figure>\r\n<p class=\"Absatz3\">Pour l'exercice \u00e9coul\u00e9, la Suva affiche un r\u00e9sultat d'exploitation positif de 331 millions de francs. Toutes les branches d'assurance sont financi\u00e8rement \u00e9quilibr\u00e9es, comme cela a \u00e9t\u00e9 annonc\u00e9 le 10 juin 2022 lors de la conf\u00e9rence de presse de bilan. Le bon r\u00e9sultat garantit \u00e9galement des primes basses pour les assur\u00e9s de la Suva en 2023.<\/p>\r\n\r\n<h3 class=\"Absatz3\">Remboursement des revenus de placement exc\u00e9dentaires<\/h3>\r\n<p class=\"Absatz3\">Comme nous l'avions d\u00e9j\u00e0 annonc\u00e9 d\u00e9but mars, la Suva a pu r\u00e9aliser un bon r\u00e9sultat de placement pour 2021 gr\u00e2ce \u00e0 l'\u00e9volution positive de la bourse. La performance des placements a atteint 7,5 pour cent. Les placements en actions et en private equity ainsi qu'en immobilier et en fonds immobiliers ont apport\u00e9 la plus grande contribution.<\/p>\r\n<p class=\"Absatz3\">En raison de la limite sup\u00e9rieure du quotient de solvabilit\u00e9 fix\u00e9e \u00e0 180 pour cent par le conseil de la Suva, les revenus de placement exc\u00e9dentaires ont \u00e9t\u00e9 \u00e9limin\u00e9s. Le Conseil de la Suva a par la suite d\u00e9cid\u00e9 d'en utiliser 824 millions de francs en faveur des assur\u00e9s. Dans l'assurance contre les accidents professionnels (AAP) et dans l'assurance contre les accidents non professionnels (AANP), cela correspond \u00e0 un remboursement de 20 pour cent des primes nettes pour tous les assur\u00e9s. Le Conseil de la Suva d\u00e9cidera de l'utilisation du reste des exc\u00e9dents retir\u00e9s au cours des ann\u00e9es suivantes en fonction de la situation financi\u00e8re. La fortune de la Suva est enti\u00e8rement affect\u00e9e. Il couvre les obligations de la Suva pour environ 80 000 rentes en cours ainsi que les futurs frais de gu\u00e9rison et indemnit\u00e9s journali\u00e8res et d'autres prestations d'assurance d\u00e9coulant d'accidents et de maladies professionnelles d\u00e9j\u00e0 survenus.<\/p>\r\n\r\n<h3 class=\"Absatz3\">Accidents enregistr\u00e9s en hausse<\/h3>\r\n<p class=\"Absatz3\">En 2021, la Suva a enregistr\u00e9 au total quelque 450 000 accidents et maladies professionnelles (contre 430 000 l'ann\u00e9e pr\u00e9c\u00e9dente). C'est plus que lors de la premi\u00e8re ann\u00e9e Corona en 2020, mais toujours nettement moins qu'en 2019 avant la pand\u00e9mie. L'augmentation a \u00e9t\u00e9 plus importante pour les accidents professionnels que pour les accidents de loisirs. Cela s'explique par le fait que de nombreuses activit\u00e9s sportives ont \u00e9t\u00e9 fortement limit\u00e9es pendant les cinq premiers mois de 2021.<\/p>\r\n<p class=\"Absatz3\">Le nombre de nouvelles rentes d'invalidit\u00e9 est toujours en baisse, avec 1092 cas (contre 1141 l'ann\u00e9e pr\u00e9c\u00e9dente). Selon les indications de la Suva, cette \u00e9volution s'explique par le fait que les postes de travail sont devenus g\u00e9n\u00e9ralement plus s\u00fbrs et que la pr\u00e9vention a permis de r\u00e9duire le nombre d'accidents donnant lieu \u00e0 une rente AI. En raison de la baisse du nombre de nouvelles rentes d'invalidit\u00e9, des provisions ont pu \u00eatre dissoutes en 2021. Cela contribue largement au r\u00e9sultat annuel positif de 2021.<\/p>\r\n\r\n<h3 class=\"Absatz3\">Des primes toujours aussi basses l'ann\u00e9e prochaine<\/h3>\r\n<p class=\"Absatz3\">Gr\u00e2ce \u00e0 l'\u00e9volution favorable du risque et \u00e0 la restitution d'exc\u00e9dents des ann\u00e9es pr\u00e9c\u00e9dentes, les taux de primes nets moyens baissent de mani\u00e8re significative dans l'assurance contre les accidents professionnels. Dans l'assurance contre les accidents non professionnels, les taux de primes nets moyens baissent l\u00e9g\u00e8rement en raison de l'\u00e9volution favorable du risque. Selon l'\u00e9volution des sinistres, les diff\u00e9rentes classes de risque connaissent toutefois des \u00e9volutions diff\u00e9rentes, comme l'indique l'assureur. Avec le remboursement suppl\u00e9mentaire des revenus exc\u00e9dentaires des placements \u00e0 hauteur de 20 % des primes nettes dans l'assurance des accidents professionnels et non professionnels pour toutes les entreprises assur\u00e9es de la Suva, il y aura \u00e0 nouveau des primes basses en 2023, aussi bien dans l'AAP que dans l'AANP.<\/p>\r\n\r\n<h3 class=\"Absatz3\">Strat\u00e9gie \"avance\" en bonne voie<\/h3>\r\n<p class=\"Absatz3\">De plus, la Suva annonce qu'elle est sur la bonne voie avec sa strat\u00e9gie \"avance\". Avec le d\u00e9veloppement de la num\u00e9risation dans la gestion des sinistres avec le programme \"smartCare\", la Suva a franchi une nouvelle \u00e9tape. L'ann\u00e9e 2021 a \u00e9t\u00e9 plac\u00e9e sous le signe de la pr\u00e9paration au changement. A partir de 2022, des r\u00e8glements prendront en charge l'ensemble de la gestion des cas. Des sp\u00e9cialistes seront engag\u00e9s pour des t\u00e2ches complexes ou pour le suivi personnel des entreprises et des accident\u00e9s.<\/p>\r\n<p class=\"Absatz3\">Avec le projet \"Structuro\", la Suva a adapt\u00e9 ses structures et ses processus aux nouvelles exigences de la gestion des sinistres et du suivi des clients et des partenaires pour le d\u00e9but de l'ann\u00e9e 2022. En plus des 18 sites d'agences existants, qui seront d\u00e9sormais regroup\u00e9s en sept r\u00e9gions, la Suva a cr\u00e9\u00e9 quatre centres de comp\u00e9tences r\u00e9gionaux de gestion des sinistres.<\/p>\r\n\r\n<h3 class=\"Absatz3\">Programme de pr\u00e9vention 2020+<\/h3>\r\n<p class=\"Absatz3\">Avec le \"Programme de pr\u00e9vention 2020+\", le travail de pr\u00e9vention est orient\u00e9 durablement sur l'horizon 2020 - 2030. La Suva continuera \u00e0 fournir un travail de pr\u00e9vention ax\u00e9 sur les risques et les r\u00e9sultats et \u00e0 soutenir les entreprises dans leur passage d'une culture de la r\u00e8gle \u00e0 une culture de la pr\u00e9vention, dans laquelle les r\u00e8gles vitales deviennent partie int\u00e9grante du travail quotidien. La Suva entend ainsi, en collaboration avec les entreprises assur\u00e9es, pr\u00e9venir \u00e0 l'avenir encore plus d'accidents et de maladies professionnelles.<\/p>\r\n<em>Source : <a href=\"http:\/\/www.suva.ch\/\">Suva<\/a><\/em>\n<p class=\"syndicated-attribution\">Cet article est paru initialement sur m-q.ch - <a href=\"https:\/\/www.m-q.ch\/de\/suva-verkuendet-erneut-tiefe-praemien-fuer-2023\/\" target=\"_blank\">https:\/\/www.m-q.ch\/de\/suva-verkuendet-erneut-tiefe-praemien-fuer-2023\/<\/a><\/p>","protected":false},"excerpt":{"rendered":"<p>F\u00fcr das vergangene Gesch\u00e4ftsjahr weist die Suva mit 331 Millionen Franken ein positives Betriebser\u00adgebnis aus. Alle Versicherungszweige seien finanziell im Gleichgewicht, wie am 10. Juni 2022 anl\u00e4sslich der Bilanzmedienkonferenz mitgeteilt wurde. Das gute Ergebnis sorgt auch 2023 f\u00fcr tiefe Pr\u00e4mien f\u00fcr die Suva-Versicherten. Erstattungen \u00fcbersch\u00fcssiger Anlageertr\u00e4ge Wie schon Anfang M\u00e4rz mitgeteilt, konnte die Suva aufgrund [\u2026]<\/p>\n","protected":false},"author":8,"featured_media":0,"comment_status":"closed","ping_status":"closed","sticky":false,"template":"","format":"standard","meta":{"_acf_changed":false,"_yoast_wpseo_focuskw":"Suva","_yoast_wpseo_metadesc":"Die Suva weist f\u00fcr das Jahr 2021 ein positives Jahresergebnis von 331 Millionen Franken aus.","articlekey":"","footnotes":""},"categories":[582],"tags":[463],"class_list":["post-14314","post","type-post","status-publish","format-standard","hentry","category-operational-excellence","tag-suva"],"acf":[],"yoast_head":"<!-- This site is optimized with the Yoast SEO plugin v27.5 - https:\/\/yoast.com\/product\/yoast-seo-wordpress\/ -->\n<title>Suva verk\u00fcndet erneut tiefe Pr\u00e4mien f\u00fcr 2023 - Organisator<\/title>\n<meta name=\"description\" content=\"Die Suva weist f\u00fcr das Jahr 2021 ein positives Jahresergebnis von 331 Millionen Franken aus.\" \/>\n<meta name=\"robots\" content=\"index, follow, max-snippet:-1, max-image-preview:large, max-video-preview:-1\" \/>\n<link rel=\"canonical\" href=\"https:\/\/www.m-q.ch\/de\/suva-verkuendet-erneut-tiefe-praemien-fuer-2023\/\" \/>\n<meta property=\"og:locale\" content=\"fr_FR\" \/>\n<meta property=\"og:type\" content=\"article\" \/>\n<meta property=\"og:title\" content=\"Suva verk\u00fcndet erneut tiefe Pr\u00e4mien f\u00fcr 2023 - Organisator\" \/>\n<meta property=\"og:description\" content=\"Die Suva weist f\u00fcr das Jahr 2021 ein positives Jahresergebnis von 331 Millionen Franken aus.\" \/>\n<meta property=\"og:url\" content=\"https:\/\/www.m-q.ch\/de\/suva-verkuendet-erneut-tiefe-praemien-fuer-2023\/\" \/>\n<meta property=\"og:site_name\" content=\"Organisator\" \/>\n<meta property=\"article:publisher\" content=\"https:\/\/www.facebook.com\/OrganisatorFachmagazin\" \/>\n<meta property=\"article:published_time\" content=\"2022-06-10T11:26:44+00:00\" \/>\n<meta property=\"article:modified_time\" content=\"2022-07-25T13:11:24+00:00\" \/>\n<meta property=\"og:image\" content=\"https:\/\/www.m-q.ch\/wp-content\/uploads\/2022\/06\/Suva-verkuendet-erneut-tiefe-Praemien-fuer-2023_MQ.jpg\" \/>\n<meta name=\"author\" content=\"galledia\" \/>\n<meta name=\"twitter:card\" content=\"summary_large_image\" \/>\n<meta name=\"twitter:creator\" content=\"@admin\" \/>\n<script type=\"application\/ld+json\" class=\"yoast-schema-graph\">{\"@context\":\"https:\\\/\\\/schema.org\",\"@graph\":[{\"@type\":\"Article\",\"@id\":\"https:\\\/\\\/www.m-q.ch\\\/de\\\/suva-verkuendet-erneut-tiefe-praemien-fuer-2023\\\/#article\",\"isPartOf\":{\"@id\":\"https:\\\/\\\/www.organisator.ch\\\/operational-excellence\\\/2022-06-10\\\/suva-verkuendet-erneut-tiefe-praemien-fuer-2023\\\/\"},\"author\":{\"name\":\"galledia\",\"@id\":\"https:\\\/\\\/www.organisator.ch\\\/#\\\/schema\\\/person\\\/4e51799071cd2dd1232ac003643ef5f0\"},\"headline\":\"Suva verk\u00fcndet erneut tiefe Pr\u00e4mien f\u00fcr 2023\",\"datePublished\":\"2022-06-10T11:26:44+00:00\",\"dateModified\":\"2022-07-25T13:11:24+00:00\",\"mainEntityOfPage\":{\"@id\":\"https:\\\/\\\/www.organisator.ch\\\/operational-excellence\\\/2022-06-10\\\/suva-verkuendet-erneut-tiefe-praemien-fuer-2023\\\/\"},\"wordCount\":695,\"publisher\":{\"@id\":\"https:\\\/\\\/www.organisator.ch\\\/#organization\"},\"image\":{\"@id\":\"https:\\\/\\\/www.m-q.ch\\\/de\\\/suva-verkuendet-erneut-tiefe-praemien-fuer-2023\\\/#primaryimage\"},\"thumbnailUrl\":\"https:\\\/\\\/www.m-q.ch\\\/wp-content\\\/uploads\\\/2022\\\/06\\\/Suva-verkuendet-erneut-tiefe-Praemien-fuer-2023_MQ.jpg\",\"keywords\":[\"SUVA\"],\"articleSection\":[\"OPERATIONAL EXCELLENCE\"],\"inLanguage\":\"fr-FR\"},{\"@type\":\"WebPage\",\"@id\":\"https:\\\/\\\/www.organisator.ch\\\/operational-excellence\\\/2022-06-10\\\/suva-verkuendet-erneut-tiefe-praemien-fuer-2023\\\/\",\"url\":\"https:\\\/\\\/www.m-q.ch\\\/de\\\/suva-verkuendet-erneut-tiefe-praemien-fuer-2023\\\/\",\"name\":\"Suva verk\u00fcndet erneut tiefe Pr\u00e4mien f\u00fcr 2023 - Organisator\",\"isPartOf\":{\"@id\":\"https:\\\/\\\/www.organisator.ch\\\/#website\"},\"primaryImageOfPage\":{\"@id\":\"https:\\\/\\\/www.m-q.ch\\\/de\\\/suva-verkuendet-erneut-tiefe-praemien-fuer-2023\\\/#primaryimage\"},\"image\":{\"@id\":\"https:\\\/\\\/www.m-q.ch\\\/de\\\/suva-verkuendet-erneut-tiefe-praemien-fuer-2023\\\/#primaryimage\"},\"thumbnailUrl\":\"https:\\\/\\\/www.m-q.ch\\\/wp-content\\\/uploads\\\/2022\\\/06\\\/Suva-verkuendet-erneut-tiefe-Praemien-fuer-2023_MQ.jpg\",\"datePublished\":\"2022-06-10T11:26:44+00:00\",\"dateModified\":\"2022-07-25T13:11:24+00:00\",\"description\":\"Die Suva weist f\u00fcr das Jahr 2021 ein positives Jahresergebnis von 331 Millionen Franken aus.\",\"breadcrumb\":{\"@id\":\"https:\\\/\\\/www.m-q.ch\\\/de\\\/suva-verkuendet-erneut-tiefe-praemien-fuer-2023\\\/#breadcrumb\"},\"inLanguage\":\"fr-FR\",\"potentialAction\":[{\"@type\":\"ReadAction\",\"target\":[\"https:\\\/\\\/www.m-q.ch\\\/de\\\/suva-verkuendet-erneut-tiefe-praemien-fuer-2023\\\/\"]}]},{\"@type\":\"ImageObject\",\"inLanguage\":\"fr-FR\",\"@id\":\"https:\\\/\\\/www.m-q.ch\\\/de\\\/suva-verkuendet-erneut-tiefe-praemien-fuer-2023\\\/#primaryimage\",\"url\":\"https:\\\/\\\/www.m-q.ch\\\/wp-content\\\/uploads\\\/2022\\\/06\\\/Suva-verkuendet-erneut-tiefe-Praemien-fuer-2023_MQ.jpg\",\"contentUrl\":\"https:\\\/\\\/www.m-q.ch\\\/wp-content\\\/uploads\\\/2022\\\/06\\\/Suva-verkuendet-erneut-tiefe-Praemien-fuer-2023_MQ.jpg\"},{\"@type\":\"BreadcrumbList\",\"@id\":\"https:\\\/\\\/www.m-q.ch\\\/de\\\/suva-verkuendet-erneut-tiefe-praemien-fuer-2023\\\/#breadcrumb\",\"itemListElement\":[{\"@type\":\"ListItem\",\"position\":1,\"name\":\"Home\",\"item\":\"https:\\\/\\\/www.organisator.ch\\\/\"},{\"@type\":\"ListItem\",\"position\":2,\"name\":\"Suva verk\u00fcndet erneut tiefe Pr\u00e4mien f\u00fcr 2023\"}]},{\"@type\":\"WebSite\",\"@id\":\"https:\\\/\\\/www.organisator.ch\\\/#website\",\"url\":\"https:\\\/\\\/www.organisator.ch\\\/\",\"name\":\"Organisator\",\"description\":\"Kompetent. Praxisnah. Der ORGANISATOR bereitet in 10 Ausgaben pro Jahr die wesentlichen Themen f\u00fcr F\u00fchrungskr\u00e4fte von KMU auf.\",\"publisher\":{\"@id\":\"https:\\\/\\\/www.organisator.ch\\\/#organization\"},\"potentialAction\":[{\"@type\":\"SearchAction\",\"target\":{\"@type\":\"EntryPoint\",\"urlTemplate\":\"https:\\\/\\\/www.organisator.ch\\\/?s={search_term_string}\"},\"query-input\":{\"@type\":\"PropertyValueSpecification\",\"valueRequired\":true,\"valueName\":\"search_term_string\"}}],\"inLanguage\":\"fr-FR\"},{\"@type\":\"Organization\",\"@id\":\"https:\\\/\\\/www.organisator.ch\\\/#organization\",\"name\":\"Organisator\",\"url\":\"https:\\\/\\\/www.organisator.ch\\\/\",\"logo\":{\"@type\":\"ImageObject\",\"inLanguage\":\"fr-FR\",\"@id\":\"https:\\\/\\\/www.organisator.ch\\\/#\\\/schema\\\/logo\\\/image\\\/\",\"url\":\"https:\\\/\\\/www.organisator.ch\\\/wp-content\\\/uploads\\\/2022\\\/01\\\/Logo_Organisator_Website.png\",\"contentUrl\":\"https:\\\/\\\/www.organisator.ch\\\/wp-content\\\/uploads\\\/2022\\\/01\\\/Logo_Organisator_Website.png\",\"width\":800,\"height\":77,\"caption\":\"Organisator\"},\"image\":{\"@id\":\"https:\\\/\\\/www.organisator.ch\\\/#\\\/schema\\\/logo\\\/image\\\/\"},\"sameAs\":[\"https:\\\/\\\/www.facebook.com\\\/OrganisatorFachmagazin\",\"https:\\\/\\\/www.linkedin.com\\\/showcase\\\/organisator-das-magazin-fr-kmu\",\"https:\\\/\\\/www.xing.com\\\/news\\\/pages\\\/organisator-ch-695\",\"https:\\\/\\\/www.youtube.com\\\/channel\\\/UCGP2Sq0iWaZwT3BdIAQFYpw\"]},{\"@type\":\"Person\",\"@id\":\"https:\\\/\\\/www.organisator.ch\\\/#\\\/schema\\\/person\\\/4e51799071cd2dd1232ac003643ef5f0\",\"name\":\"galledia\",\"image\":{\"@type\":\"ImageObject\",\"inLanguage\":\"fr-FR\",\"@id\":\"https:\\\/\\\/secure.gravatar.com\\\/avatar\\\/78a7f90c01fc2bfc875782a0d4922b37cde2cf184ce347b91316d23cd7f69a36?s=96&d=mm&r=g\",\"url\":\"https:\\\/\\\/secure.gravatar.com\\\/avatar\\\/78a7f90c01fc2bfc875782a0d4922b37cde2cf184ce347b91316d23cd7f69a36?s=96&d=mm&r=g\",\"contentUrl\":\"https:\\\/\\\/secure.gravatar.com\\\/avatar\\\/78a7f90c01fc2bfc875782a0d4922b37cde2cf184ce347b91316d23cd7f69a36?s=96&d=mm&r=g\",\"caption\":\"galledia\"},\"sameAs\":[\"https:\\\/\\\/x.com\\\/admin\"],\"url\":\"https:\\\/\\\/www.organisator.ch\\\/fr\\\/author\\\/galledia\\\/\"}]}<\/script>\n<!-- \/ Yoast SEO plugin. -->","yoast_head_json":{"title":"La Suva annonce \u00e0 nouveau des primes basses pour 2023 - Organisateur","description":"La Suva pr\u00e9sente un r\u00e9sultat annuel positif de 331 millions de francs pour l'ann\u00e9e 2021.","robots":{"index":"index","follow":"follow","max-snippet":"max-snippet:-1","max-image-preview":"max-image-preview:large","max-video-preview":"max-video-preview:-1"},"canonical":"https:\/\/www.m-q.ch\/de\/suva-verkuendet-erneut-tiefe-praemien-fuer-2023\/","og_locale":"fr_FR","og_type":"article","og_title":"Suva verk\u00fcndet erneut tiefe Pr\u00e4mien f\u00fcr 2023 - Organisator","og_description":"Die Suva weist f\u00fcr das Jahr 2021 ein positives Jahresergebnis von 331 Millionen Franken aus.","og_url":"https:\/\/www.m-q.ch\/de\/suva-verkuendet-erneut-tiefe-praemien-fuer-2023\/","og_site_name":"Organisator","article_publisher":"https:\/\/www.facebook.com\/OrganisatorFachmagazin","article_published_time":"2022-06-10T11:26:44+00:00","article_modified_time":"2022-07-25T13:11:24+00:00","og_image":[{"url":"https:\/\/www.m-q.ch\/wp-content\/uploads\/2022\/06\/Suva-verkuendet-erneut-tiefe-Praemien-fuer-2023_MQ.jpg","type":"","width":"","height":""}],"author":"galledia","twitter_card":"summary_large_image","twitter_creator":"@admin","schema":{"@context":"https:\/\/schema.org","@graph":[{"@type":"Article","@id":"https:\/\/www.m-q.ch\/de\/suva-verkuendet-erneut-tiefe-praemien-fuer-2023\/#article","isPartOf":{"@id":"https:\/\/www.organisator.ch\/operational-excellence\/2022-06-10\/suva-verkuendet-erneut-tiefe-praemien-fuer-2023\/"},"author":{"name":"galledia","@id":"https:\/\/www.organisator.ch\/#\/schema\/person\/4e51799071cd2dd1232ac003643ef5f0"},"headline":"Suva verk\u00fcndet erneut tiefe Pr\u00e4mien f\u00fcr 2023","datePublished":"2022-06-10T11:26:44+00:00","dateModified":"2022-07-25T13:11:24+00:00","mainEntityOfPage":{"@id":"https:\/\/www.organisator.ch\/operational-excellence\/2022-06-10\/suva-verkuendet-erneut-tiefe-praemien-fuer-2023\/"},"wordCount":695,"publisher":{"@id":"https:\/\/www.organisator.ch\/#organization"},"image":{"@id":"https:\/\/www.m-q.ch\/de\/suva-verkuendet-erneut-tiefe-praemien-fuer-2023\/#primaryimage"},"thumbnailUrl":"https:\/\/www.m-q.ch\/wp-content\/uploads\/2022\/06\/Suva-verkuendet-erneut-tiefe-Praemien-fuer-2023_MQ.jpg","keywords":["SUVA"],"articleSection":["OPERATIONAL EXCELLENCE"],"inLanguage":"fr-FR"},{"@type":"WebPage","@id":"https:\/\/www.organisator.ch\/operational-excellence\/2022-06-10\/suva-verkuendet-erneut-tiefe-praemien-fuer-2023\/","url":"https:\/\/www.m-q.ch\/de\/suva-verkuendet-erneut-tiefe-praemien-fuer-2023\/","name":"La Suva annonce \u00e0 nouveau des primes basses pour 2023 - Organisateur","isPartOf":{"@id":"https:\/\/www.organisator.ch\/#website"},"primaryImageOfPage":{"@id":"https:\/\/www.m-q.ch\/de\/suva-verkuendet-erneut-tiefe-praemien-fuer-2023\/#primaryimage"},"image":{"@id":"https:\/\/www.m-q.ch\/de\/suva-verkuendet-erneut-tiefe-praemien-fuer-2023\/#primaryimage"},"thumbnailUrl":"https:\/\/www.m-q.ch\/wp-content\/uploads\/2022\/06\/Suva-verkuendet-erneut-tiefe-Praemien-fuer-2023_MQ.jpg","datePublished":"2022-06-10T11:26:44+00:00","dateModified":"2022-07-25T13:11:24+00:00","description":"La Suva pr\u00e9sente un r\u00e9sultat annuel positif de 331 millions de francs pour l'ann\u00e9e 2021.","breadcrumb":{"@id":"https:\/\/www.m-q.ch\/de\/suva-verkuendet-erneut-tiefe-praemien-fuer-2023\/#breadcrumb"},"inLanguage":"fr-FR","potentialAction":[{"@type":"ReadAction","target":["https:\/\/www.m-q.ch\/de\/suva-verkuendet-erneut-tiefe-praemien-fuer-2023\/"]}]},{"@type":"ImageObject","inLanguage":"fr-FR","@id":"https:\/\/www.m-q.ch\/de\/suva-verkuendet-erneut-tiefe-praemien-fuer-2023\/#primaryimage","url":"https:\/\/www.m-q.ch\/wp-content\/uploads\/2022\/06\/Suva-verkuendet-erneut-tiefe-Praemien-fuer-2023_MQ.jpg","contentUrl":"https:\/\/www.m-q.ch\/wp-content\/uploads\/2022\/06\/Suva-verkuendet-erneut-tiefe-Praemien-fuer-2023_MQ.jpg"},{"@type":"BreadcrumbList","@id":"https:\/\/www.m-q.ch\/de\/suva-verkuendet-erneut-tiefe-praemien-fuer-2023\/#breadcrumb","itemListElement":[{"@type":"ListItem","position":1,"name":"Home","item":"https:\/\/www.organisator.ch\/"},{"@type":"ListItem","position":2,"name":"Suva verk\u00fcndet erneut tiefe Pr\u00e4mien f\u00fcr 2023"}]},{"@type":"WebSite","@id":"https:\/\/www.organisator.ch\/#website","url":"https:\/\/www.organisator.ch\/","name":"Organisateur","description":"Comp\u00e9tence et comp\u00e9tence. Proches de la pratique. L'ORGANISATEUR pr\u00e9pare 10 num\u00e9ros par an sur les th\u00e8mes essentiels pour les dirigeants de PME.","publisher":{"@id":"https:\/\/www.organisator.ch\/#organization"},"potentialAction":[{"@type":"SearchAction","target":{"@type":"EntryPoint","urlTemplate":"https:\/\/www.organisator.ch\/?s={search_term_string}"},"query-input":{"@type":"PropertyValueSpecification","valueRequired":true,"valueName":"search_term_string"}}],"inLanguage":"fr-FR"},{"@type":"Organization","@id":"https:\/\/www.organisator.ch\/#organization","name":"Organisateur","url":"https:\/\/www.organisator.ch\/","logo":{"@type":"ImageObject","inLanguage":"fr-FR","@id":"https:\/\/www.organisator.ch\/#\/schema\/logo\/image\/","url":"https:\/\/www.organisator.ch\/wp-content\/uploads\/2022\/01\/Logo_Organisator_Website.png","contentUrl":"https:\/\/www.organisator.ch\/wp-content\/uploads\/2022\/01\/Logo_Organisator_Website.png","width":800,"height":77,"caption":"Organisator"},"image":{"@id":"https:\/\/www.organisator.ch\/#\/schema\/logo\/image\/"},"sameAs":["https:\/\/www.facebook.com\/OrganisatorFachmagazin","https:\/\/www.linkedin.com\/showcase\/organisator-das-magazin-fr-kmu","https:\/\/www.xing.com\/news\/pages\/organisator-ch-695","https:\/\/www.youtube.com\/channel\/UCGP2Sq0iWaZwT3BdIAQFYpw"]},{"@type":"Person","@id":"https:\/\/www.organisator.ch\/#\/schema\/person\/4e51799071cd2dd1232ac003643ef5f0","name":"galledia","image":{"@type":"ImageObject","inLanguage":"fr-FR","@id":"https:\/\/secure.gravatar.com\/avatar\/78a7f90c01fc2bfc875782a0d4922b37cde2cf184ce347b91316d23cd7f69a36?s=96&d=mm&r=g","url":"https:\/\/secure.gravatar.com\/avatar\/78a7f90c01fc2bfc875782a0d4922b37cde2cf184ce347b91316d23cd7f69a36?s=96&d=mm&r=g","contentUrl":"https:\/\/secure.gravatar.com\/avatar\/78a7f90c01fc2bfc875782a0d4922b37cde2cf184ce347b91316d23cd7f69a36?s=96&d=mm&r=g","caption":"galledia"},"sameAs":["https:\/\/x.com\/admin"],"url":"https:\/\/www.organisator.ch\/fr\/author\/galledia\/"}]}},"_links":{"self":[{"href":"https:\/\/www.organisator.ch\/fr\/wp-json\/wp\/v2\/posts\/14314","targetHints":{"allow":["GET"]}}],"collection":[{"href":"https:\/\/www.organisator.ch\/fr\/wp-json\/wp\/v2\/posts"}],"about":[{"href":"https:\/\/www.organisator.ch\/fr\/wp-json\/wp\/v2\/types\/post"}],"author":[{"embeddable":true,"href":"https:\/\/www.organisator.ch\/fr\/wp-json\/wp\/v2\/users\/8"}],"replies":[{"embeddable":true,"href":"https:\/\/www.organisator.ch\/fr\/wp-json\/wp\/v2\/comments?post=14314"}],"version-history":[{"count":4,"href":"https:\/\/www.organisator.ch\/fr\/wp-json\/wp\/v2\/posts\/14314\/revisions"}],"predecessor-version":[{"id":15828,"href":"https:\/\/www.organisator.ch\/fr\/wp-json\/wp\/v2\/posts\/14314\/revisions\/15828"}],"wp:attachment":[{"href":"https:\/\/www.organisator.ch\/fr\/wp-json\/wp\/v2\/media?parent=14314"}],"wp:term":[{"taxonomy":"category","embeddable":true,"href":"https:\/\/www.organisator.ch\/fr\/wp-json\/wp\/v2\/categories?post=14314"},{"taxonomy":"post_tag","embeddable":true,"href":"https:\/\/www.organisator.ch\/fr\/wp-json\/wp\/v2\/tags?post=14314"}],"curies":[{"name":"wp","href":"https:\/\/api.w.org\/{rel}","templated":true}]}}