{"id":1432,"date":"2017-01-31T12:10:20","date_gmt":"2017-01-31T11:10:20","guid":{"rendered":"https:\/\/www.organisator.ch\/?p=1432"},"modified":"2017-01-31T12:10:20","modified_gmt":"2017-01-31T11:10:20","slug":"die-zuversicht-bei-der-stellensuche-steigt","status":"publish","type":"post","link":"https:\/\/www.organisator.ch\/fr\/human-resources\/hrm\/2017-01-31\/die-zuversicht-bei-der-stellensuche-steigt\/","title":{"rendered":"La confiance en mati\u00e8re de recherche d'emploi augmente"},"content":{"rendered":"<p><img loading=\"lazy\" decoding=\"async\" class=\"alignnone size-full wp-image-1433\" src=\"https:\/\/www.organisator.ch\/wp-content\/uploads\/2017\/01\/ZuversichtbeiderStellensuche-organisator.jpg\" alt=\"\" width=\"252\" height=\"336\" srcset=\"https:\/\/www.organisator.ch\/wp-content\/uploads\/2017\/01\/ZuversichtbeiderStellensuche-organisator.jpg 252w, https:\/\/www.organisator.ch\/wp-content\/uploads\/2017\/01\/ZuversichtbeiderStellensuche-organisator-9x12.jpg 9w, https:\/\/www.organisator.ch\/wp-content\/uploads\/2017\/01\/ZuversichtbeiderStellensuche-organisator-131x175.jpg 131w\" sizes=\"auto, (max-width: 252px) 100vw, 252px\" \/><\/p>\n<p>Xavier Chauville, Executive Director chez Page Personnel (marque de PageGroup) constate la confiance pour la recherche d'emploi. (Image : zVg)<\/p>\n<p>47% des demandeurs d'emploi en Suisse al\u00e9manique s'attendent \u00e0 trouver un nouvel emploi dans les trois mois, contre 39% au quatri\u00e8me trimestre 2015, soit une augmentation de +21% par rapport \u00e0 l'ann\u00e9e pr\u00e9c\u00e9dente. La confiance dans les perspectives de carri\u00e8re a augment\u00e9 de +20%, alors que sur la m\u00eame p\u00e9riode, les attentes positives en mati\u00e8re d'\u00e9quilibre entre vie professionnelle et vie priv\u00e9e et de niveau de r\u00e9mun\u00e9ration ont diminu\u00e9 de -15% et -16% respectivement.<\/p>\n<p><strong>Les Romands plus confiants <\/strong><\/p>\n<p>La confiance des demandeurs d'emploi est nettement plus \u00e9lev\u00e9e en Suisse romande qu'en Suisse al\u00e9manique. 58% des candidats romands s'attendent \u00e0 trouver un emploi dans les trois prochains mois. A la m\u00eame \u00e9poque l'ann\u00e9e derni\u00e8re, ils n'\u00e9taient que 36%. Cela correspond \u00e0 une augmentation de +62% par rapport \u00e0 l'ann\u00e9e pr\u00e9c\u00e9dente (entre le quatri\u00e8me trimestre 2015 et le quatri\u00e8me trimestre 2016).<\/p>\n<p><strong>L'\u00e9tude montre la confiance, mais aussi le pragmatisme des demandeurs d'emploi :<\/strong><\/p>\n<ul>\n<li>Plus des deux tiers des personnes interrog\u00e9es (69%) s'attendent \u00e0 de meilleures opportunit\u00e9s de d\u00e9veloppement de leurs comp\u00e9tences au cours des douze prochains mois.<\/li>\n<li>63% des demandeurs d'emploi suisses sont confiants quant \u00e0 l'\u00e9volution future de l'\u00e9conomie suisse.<\/li>\n<li>La majorit\u00e9 (59%) ne s'attend pas \u00e0 une augmentation de salaire au cours des douze prochains mois.<\/li>\n<\/ul>\n<p>Xavier Chauville, directeur ex\u00e9cutif de Page Personnel (marque de PageGroup), d\u00e9clare : \"Les perspectives pour les demandeurs d'emploi se sont nettement am\u00e9lior\u00e9es au cours de l'ann\u00e9e 2016. Pour 2017, nous continuons \u00e0 voir une forte demande - en particulier pour les experts dans les domaines de l'informatique, de la vente, de l'ing\u00e9nierie, de la logistique et de la pharmacie. Les entreprises misent de plus en plus sur l'emploi temporaire. Les candidats qualifi\u00e9s, ouverts aux options \u00e0 dur\u00e9e d\u00e9termin\u00e9e et ind\u00e9termin\u00e9e et flexibles en mati\u00e8re d'offres globales, ont de bonnes raisons d'\u00eatre optimistes dans leur recherche d'emploi\".<\/p>\n<p>Vous trouverez plus de d\u00e9tails sur les indices de satisfaction sur ce site. <a href=\"http:\/\/www.michaelpage.ch\/de\/studien-wissenswertes\/confidence-index\">Lien<\/a><\/p>\n<p>&nbsp;<\/p>\n<p>&nbsp;<\/p>\n<p>&nbsp;<\/p>","protected":false},"excerpt":{"rendered":"<p>Xavier Chauville, Executive Director bei Page Personnel (Marke der PageGroup)\u00a0stellt Zuversicht f\u00fcr die Stellensuche fest. (Bild: zVg) 47 Prozent der Stellensuchenden in der Deutschschweiz erwarten, innerhalb von drei Monaten eine neue Stelle zu finden, im Vergleich zu 39 Prozent im vierten Quartal 2015. Dies entspricht einer Steigerung im Vorjahresvergleich um +21%. Die Zuversicht bei den [&hellip;]<\/p>\n","protected":false},"author":5,"featured_media":1433,"comment_status":"open","ping_status":"open","sticky":false,"template":"","format":"standard","meta":{"_acf_changed":false,"_yoast_wpseo_focuskw":"Stellensuche","_yoast_wpseo_metadesc":"Rekordergebnis bei der Stellensuche: Die Erwartung unter Stellensuchenden, in 3 Monaten eine Stelle zu finden, ist gestiegen.","articlekey":"","footnotes":""},"categories":[26],"tags":[294,453,541],"class_list":["post-1432","post","type-post","status-publish","format-standard","has-post-thumbnail","hentry","category-hrm","tag-karriere","tag-stellensuche","tag-zufriedenheit"],"acf":[],"yoast_head":"<!-- This site is optimized with the Yoast SEO plugin v27.5 - https:\/\/yoast.com\/product\/yoast-seo-wordpress\/ -->\n<title>Die Zuversicht bei der Stellensuche steigt - Organisator<\/title>\n<meta name=\"description\" content=\"Rekordergebnis bei der Stellensuche: Die Erwartung unter Stellensuchenden, in 3 Monaten eine Stelle zu finden, ist gestiegen.\" \/>\n<meta name=\"robots\" content=\"index, follow, max-snippet:-1, max-image-preview:large, max-video-preview:-1\" \/>\n<link rel=\"canonical\" href=\"https:\/\/www.organisator.ch\/fr\/ressources-humaines\/hrm\/2017-01-31\/die-zuversicht-bei-der-stellensuche-steigt\/\" \/>\n<meta property=\"og:locale\" content=\"fr_FR\" \/>\n<meta property=\"og:type\" content=\"article\" \/>\n<meta property=\"og:title\" content=\"Die Zuversicht bei der Stellensuche steigt - Organisator\" \/>\n<meta property=\"og:description\" content=\"Rekordergebnis bei der Stellensuche: Die Erwartung unter Stellensuchenden, in 3 Monaten eine Stelle zu finden, ist gestiegen.\" \/>\n<meta property=\"og:url\" content=\"https:\/\/www.organisator.ch\/fr\/ressources-humaines\/hrm\/2017-01-31\/die-zuversicht-bei-der-stellensuche-steigt\/\" \/>\n<meta property=\"og:site_name\" content=\"Organisator\" \/>\n<meta property=\"article:publisher\" content=\"https:\/\/www.facebook.com\/OrganisatorFachmagazin\" \/>\n<meta property=\"article:published_time\" content=\"2017-01-31T11:10:20+00:00\" \/>\n<meta property=\"og:image\" content=\"https:\/\/www.organisator.ch\/wp-content\/uploads\/2017\/01\/ZuversichtbeiderStellensuche-organisator.jpg\" \/>\n\t<meta property=\"og:image:width\" content=\"252\" \/>\n\t<meta property=\"og:image:height\" content=\"336\" \/>\n\t<meta property=\"og:image:type\" content=\"image\/jpeg\" \/>\n<meta name=\"author\" content=\"michael.merz\" \/>\n<meta name=\"twitter:card\" content=\"summary_large_image\" \/>\n<script type=\"application\/ld+json\" class=\"yoast-schema-graph\">{\"@context\":\"https:\\\/\\\/schema.org\",\"@graph\":[{\"@type\":\"Article\",\"@id\":\"https:\\\/\\\/www.organisator.ch\\\/human-resources\\\/hrm\\\/2017-01-31\\\/die-zuversicht-bei-der-stellensuche-steigt\\\/#article\",\"isPartOf\":{\"@id\":\"https:\\\/\\\/www.organisator.ch\\\/human-resources\\\/hrm\\\/2017-01-31\\\/die-zuversicht-bei-der-stellensuche-steigt\\\/\"},\"author\":{\"name\":\"michael.merz\",\"@id\":\"https:\\\/\\\/www.organisator.ch\\\/#\\\/schema\\\/person\\\/134708ca9321c57b0362cceb7948ffbd\"},\"headline\":\"Die Zuversicht bei der Stellensuche steigt\",\"datePublished\":\"2017-01-31T11:10:20+00:00\",\"mainEntityOfPage\":{\"@id\":\"https:\\\/\\\/www.organisator.ch\\\/human-resources\\\/hrm\\\/2017-01-31\\\/die-zuversicht-bei-der-stellensuche-steigt\\\/\"},\"wordCount\":294,\"commentCount\":0,\"publisher\":{\"@id\":\"https:\\\/\\\/www.organisator.ch\\\/#organization\"},\"image\":{\"@id\":\"https:\\\/\\\/www.organisator.ch\\\/human-resources\\\/hrm\\\/2017-01-31\\\/die-zuversicht-bei-der-stellensuche-steigt\\\/#primaryimage\"},\"thumbnailUrl\":\"https:\\\/\\\/www.organisator.ch\\\/wp-content\\\/uploads\\\/2017\\\/01\\\/ZuversichtbeiderStellensuche-organisator.jpg\",\"keywords\":[\"Karriere\",\"Stellensuche\",\"Zufriedenheit\"],\"articleSection\":[\"HRM\"],\"inLanguage\":\"fr-FR\"},{\"@type\":\"WebPage\",\"@id\":\"https:\\\/\\\/www.organisator.ch\\\/human-resources\\\/hrm\\\/2017-01-31\\\/die-zuversicht-bei-der-stellensuche-steigt\\\/\",\"url\":\"https:\\\/\\\/www.organisator.ch\\\/human-resources\\\/hrm\\\/2017-01-31\\\/die-zuversicht-bei-der-stellensuche-steigt\\\/\",\"name\":\"Die Zuversicht bei der Stellensuche steigt - Organisator\",\"isPartOf\":{\"@id\":\"https:\\\/\\\/www.organisator.ch\\\/#website\"},\"primaryImageOfPage\":{\"@id\":\"https:\\\/\\\/www.organisator.ch\\\/human-resources\\\/hrm\\\/2017-01-31\\\/die-zuversicht-bei-der-stellensuche-steigt\\\/#primaryimage\"},\"image\":{\"@id\":\"https:\\\/\\\/www.organisator.ch\\\/human-resources\\\/hrm\\\/2017-01-31\\\/die-zuversicht-bei-der-stellensuche-steigt\\\/#primaryimage\"},\"thumbnailUrl\":\"https:\\\/\\\/www.organisator.ch\\\/wp-content\\\/uploads\\\/2017\\\/01\\\/ZuversichtbeiderStellensuche-organisator.jpg\",\"datePublished\":\"2017-01-31T11:10:20+00:00\",\"description\":\"Rekordergebnis bei der Stellensuche: Die Erwartung unter Stellensuchenden, in 3 Monaten eine Stelle zu finden, ist gestiegen.\",\"breadcrumb\":{\"@id\":\"https:\\\/\\\/www.organisator.ch\\\/human-resources\\\/hrm\\\/2017-01-31\\\/die-zuversicht-bei-der-stellensuche-steigt\\\/#breadcrumb\"},\"inLanguage\":\"fr-FR\",\"potentialAction\":[{\"@type\":\"ReadAction\",\"target\":[\"https:\\\/\\\/www.organisator.ch\\\/human-resources\\\/hrm\\\/2017-01-31\\\/die-zuversicht-bei-der-stellensuche-steigt\\\/\"]}]},{\"@type\":\"ImageObject\",\"inLanguage\":\"fr-FR\",\"@id\":\"https:\\\/\\\/www.organisator.ch\\\/human-resources\\\/hrm\\\/2017-01-31\\\/die-zuversicht-bei-der-stellensuche-steigt\\\/#primaryimage\",\"url\":\"https:\\\/\\\/www.organisator.ch\\\/wp-content\\\/uploads\\\/2017\\\/01\\\/ZuversichtbeiderStellensuche-organisator.jpg\",\"contentUrl\":\"https:\\\/\\\/www.organisator.ch\\\/wp-content\\\/uploads\\\/2017\\\/01\\\/ZuversichtbeiderStellensuche-organisator.jpg\",\"width\":252,\"height\":336},{\"@type\":\"BreadcrumbList\",\"@id\":\"https:\\\/\\\/www.organisator.ch\\\/human-resources\\\/hrm\\\/2017-01-31\\\/die-zuversicht-bei-der-stellensuche-steigt\\\/#breadcrumb\",\"itemListElement\":[{\"@type\":\"ListItem\",\"position\":1,\"name\":\"Home\",\"item\":\"https:\\\/\\\/www.organisator.ch\\\/\"},{\"@type\":\"ListItem\",\"position\":2,\"name\":\"Die Zuversicht bei der Stellensuche steigt\"}]},{\"@type\":\"WebSite\",\"@id\":\"https:\\\/\\\/www.organisator.ch\\\/#website\",\"url\":\"https:\\\/\\\/www.organisator.ch\\\/\",\"name\":\"Organisator\",\"description\":\"Kompetent. Praxisnah. Der ORGANISATOR bereitet in 10 Ausgaben pro Jahr die wesentlichen Themen f\u00fcr F\u00fchrungskr\u00e4fte von KMU auf.\",\"publisher\":{\"@id\":\"https:\\\/\\\/www.organisator.ch\\\/#organization\"},\"potentialAction\":[{\"@type\":\"SearchAction\",\"target\":{\"@type\":\"EntryPoint\",\"urlTemplate\":\"https:\\\/\\\/www.organisator.ch\\\/?s={search_term_string}\"},\"query-input\":{\"@type\":\"PropertyValueSpecification\",\"valueRequired\":true,\"valueName\":\"search_term_string\"}}],\"inLanguage\":\"fr-FR\"},{\"@type\":\"Organization\",\"@id\":\"https:\\\/\\\/www.organisator.ch\\\/#organization\",\"name\":\"Organisator\",\"url\":\"https:\\\/\\\/www.organisator.ch\\\/\",\"logo\":{\"@type\":\"ImageObject\",\"inLanguage\":\"fr-FR\",\"@id\":\"https:\\\/\\\/www.organisator.ch\\\/#\\\/schema\\\/logo\\\/image\\\/\",\"url\":\"https:\\\/\\\/www.organisator.ch\\\/wp-content\\\/uploads\\\/2022\\\/01\\\/Logo_Organisator_Website.png\",\"contentUrl\":\"https:\\\/\\\/www.organisator.ch\\\/wp-content\\\/uploads\\\/2022\\\/01\\\/Logo_Organisator_Website.png\",\"width\":800,\"height\":77,\"caption\":\"Organisator\"},\"image\":{\"@id\":\"https:\\\/\\\/www.organisator.ch\\\/#\\\/schema\\\/logo\\\/image\\\/\"},\"sameAs\":[\"https:\\\/\\\/www.facebook.com\\\/OrganisatorFachmagazin\",\"https:\\\/\\\/www.linkedin.com\\\/showcase\\\/organisator-das-magazin-fr-kmu\",\"https:\\\/\\\/www.xing.com\\\/news\\\/pages\\\/organisator-ch-695\",\"https:\\\/\\\/www.youtube.com\\\/channel\\\/UCGP2Sq0iWaZwT3BdIAQFYpw\"]},{\"@type\":\"Person\",\"@id\":\"https:\\\/\\\/www.organisator.ch\\\/#\\\/schema\\\/person\\\/134708ca9321c57b0362cceb7948ffbd\",\"name\":\"michael.merz\",\"image\":{\"@type\":\"ImageObject\",\"inLanguage\":\"fr-FR\",\"@id\":\"https:\\\/\\\/secure.gravatar.com\\\/avatar\\\/?s=96&d=mm&r=g\",\"url\":\"https:\\\/\\\/secure.gravatar.com\\\/avatar\\\/?s=96&d=mm&r=g\",\"contentUrl\":\"https:\\\/\\\/secure.gravatar.com\\\/avatar\\\/?s=96&d=mm&r=g\",\"caption\":\"michael.merz\"},\"url\":\"https:\\\/\\\/www.organisator.ch\\\/fr\\\/author\\\/michael-merz\\\/\"}]}<\/script>\n<!-- \/ Yoast SEO plugin. -->","yoast_head_json":{"title":"La confiance dans la recherche d'emploi augmente - Organisateur","description":"R\u00e9sultat record pour la recherche d'emploi : l'attente parmi les demandeurs d'emploi de trouver un emploi dans les 3 mois a augment\u00e9.","robots":{"index":"index","follow":"follow","max-snippet":"max-snippet:-1","max-image-preview":"max-image-preview:large","max-video-preview":"max-video-preview:-1"},"canonical":"https:\/\/www.organisator.ch\/fr\/ressources-humaines\/hrm\/2017-01-31\/die-zuversicht-bei-der-stellensuche-steigt\/","og_locale":"fr_FR","og_type":"article","og_title":"Die Zuversicht bei der Stellensuche steigt - Organisator","og_description":"Rekordergebnis bei der Stellensuche: Die Erwartung unter Stellensuchenden, in 3 Monaten eine Stelle zu finden, ist gestiegen.","og_url":"https:\/\/www.organisator.ch\/fr\/ressources-humaines\/hrm\/2017-01-31\/die-zuversicht-bei-der-stellensuche-steigt\/","og_site_name":"Organisator","article_publisher":"https:\/\/www.facebook.com\/OrganisatorFachmagazin","article_published_time":"2017-01-31T11:10:20+00:00","og_image":[{"width":252,"height":336,"url":"https:\/\/www.organisator.ch\/wp-content\/uploads\/2017\/01\/ZuversichtbeiderStellensuche-organisator.jpg","type":"image\/jpeg"}],"author":"michael.merz","twitter_card":"summary_large_image","schema":{"@context":"https:\/\/schema.org","@graph":[{"@type":"Article","@id":"https:\/\/www.organisator.ch\/human-resources\/hrm\/2017-01-31\/die-zuversicht-bei-der-stellensuche-steigt\/#article","isPartOf":{"@id":"https:\/\/www.organisator.ch\/human-resources\/hrm\/2017-01-31\/die-zuversicht-bei-der-stellensuche-steigt\/"},"author":{"name":"michael.merz","@id":"https:\/\/www.organisator.ch\/#\/schema\/person\/134708ca9321c57b0362cceb7948ffbd"},"headline":"Die Zuversicht bei der Stellensuche steigt","datePublished":"2017-01-31T11:10:20+00:00","mainEntityOfPage":{"@id":"https:\/\/www.organisator.ch\/human-resources\/hrm\/2017-01-31\/die-zuversicht-bei-der-stellensuche-steigt\/"},"wordCount":294,"commentCount":0,"publisher":{"@id":"https:\/\/www.organisator.ch\/#organization"},"image":{"@id":"https:\/\/www.organisator.ch\/human-resources\/hrm\/2017-01-31\/die-zuversicht-bei-der-stellensuche-steigt\/#primaryimage"},"thumbnailUrl":"https:\/\/www.organisator.ch\/wp-content\/uploads\/2017\/01\/ZuversichtbeiderStellensuche-organisator.jpg","keywords":["Karriere","Stellensuche","Zufriedenheit"],"articleSection":["HRM"],"inLanguage":"fr-FR"},{"@type":"WebPage","@id":"https:\/\/www.organisator.ch\/human-resources\/hrm\/2017-01-31\/die-zuversicht-bei-der-stellensuche-steigt\/","url":"https:\/\/www.organisator.ch\/human-resources\/hrm\/2017-01-31\/die-zuversicht-bei-der-stellensuche-steigt\/","name":"La confiance dans la recherche d'emploi augmente - Organisateur","isPartOf":{"@id":"https:\/\/www.organisator.ch\/#website"},"primaryImageOfPage":{"@id":"https:\/\/www.organisator.ch\/human-resources\/hrm\/2017-01-31\/die-zuversicht-bei-der-stellensuche-steigt\/#primaryimage"},"image":{"@id":"https:\/\/www.organisator.ch\/human-resources\/hrm\/2017-01-31\/die-zuversicht-bei-der-stellensuche-steigt\/#primaryimage"},"thumbnailUrl":"https:\/\/www.organisator.ch\/wp-content\/uploads\/2017\/01\/ZuversichtbeiderStellensuche-organisator.jpg","datePublished":"2017-01-31T11:10:20+00:00","description":"R\u00e9sultat record pour la recherche d'emploi : l'attente parmi les demandeurs d'emploi de trouver un emploi dans les 3 mois a augment\u00e9.","breadcrumb":{"@id":"https:\/\/www.organisator.ch\/human-resources\/hrm\/2017-01-31\/die-zuversicht-bei-der-stellensuche-steigt\/#breadcrumb"},"inLanguage":"fr-FR","potentialAction":[{"@type":"ReadAction","target":["https:\/\/www.organisator.ch\/human-resources\/hrm\/2017-01-31\/die-zuversicht-bei-der-stellensuche-steigt\/"]}]},{"@type":"ImageObject","inLanguage":"fr-FR","@id":"https:\/\/www.organisator.ch\/human-resources\/hrm\/2017-01-31\/die-zuversicht-bei-der-stellensuche-steigt\/#primaryimage","url":"https:\/\/www.organisator.ch\/wp-content\/uploads\/2017\/01\/ZuversichtbeiderStellensuche-organisator.jpg","contentUrl":"https:\/\/www.organisator.ch\/wp-content\/uploads\/2017\/01\/ZuversichtbeiderStellensuche-organisator.jpg","width":252,"height":336},{"@type":"BreadcrumbList","@id":"https:\/\/www.organisator.ch\/human-resources\/hrm\/2017-01-31\/die-zuversicht-bei-der-stellensuche-steigt\/#breadcrumb","itemListElement":[{"@type":"ListItem","position":1,"name":"Home","item":"https:\/\/www.organisator.ch\/"},{"@type":"ListItem","position":2,"name":"Die Zuversicht bei der Stellensuche steigt"}]},{"@type":"WebSite","@id":"https:\/\/www.organisator.ch\/#website","url":"https:\/\/www.organisator.ch\/","name":"Organisateur","description":"Comp\u00e9tence et comp\u00e9tence. Proches de la pratique. L'ORGANISATEUR pr\u00e9pare 10 num\u00e9ros par an sur les th\u00e8mes essentiels pour les dirigeants de PME.","publisher":{"@id":"https:\/\/www.organisator.ch\/#organization"},"potentialAction":[{"@type":"SearchAction","target":{"@type":"EntryPoint","urlTemplate":"https:\/\/www.organisator.ch\/?s={search_term_string}"},"query-input":{"@type":"PropertyValueSpecification","valueRequired":true,"valueName":"search_term_string"}}],"inLanguage":"fr-FR"},{"@type":"Organization","@id":"https:\/\/www.organisator.ch\/#organization","name":"Organisateur","url":"https:\/\/www.organisator.ch\/","logo":{"@type":"ImageObject","inLanguage":"fr-FR","@id":"https:\/\/www.organisator.ch\/#\/schema\/logo\/image\/","url":"https:\/\/www.organisator.ch\/wp-content\/uploads\/2022\/01\/Logo_Organisator_Website.png","contentUrl":"https:\/\/www.organisator.ch\/wp-content\/uploads\/2022\/01\/Logo_Organisator_Website.png","width":800,"height":77,"caption":"Organisator"},"image":{"@id":"https:\/\/www.organisator.ch\/#\/schema\/logo\/image\/"},"sameAs":["https:\/\/www.facebook.com\/OrganisatorFachmagazin","https:\/\/www.linkedin.com\/showcase\/organisator-das-magazin-fr-kmu","https:\/\/www.xing.com\/news\/pages\/organisator-ch-695","https:\/\/www.youtube.com\/channel\/UCGP2Sq0iWaZwT3BdIAQFYpw"]},{"@type":"Person","@id":"https:\/\/www.organisator.ch\/#\/schema\/person\/134708ca9321c57b0362cceb7948ffbd","name":"michael.merz","image":{"@type":"ImageObject","inLanguage":"fr-FR","@id":"https:\/\/secure.gravatar.com\/avatar\/?s=96&d=mm&r=g","url":"https:\/\/secure.gravatar.com\/avatar\/?s=96&d=mm&r=g","contentUrl":"https:\/\/secure.gravatar.com\/avatar\/?s=96&d=mm&r=g","caption":"michael.merz"},"url":"https:\/\/www.organisator.ch\/fr\/author\/michael-merz\/"}]}},"_links":{"self":[{"href":"https:\/\/www.organisator.ch\/fr\/wp-json\/wp\/v2\/posts\/1432","targetHints":{"allow":["GET"]}}],"collection":[{"href":"https:\/\/www.organisator.ch\/fr\/wp-json\/wp\/v2\/posts"}],"about":[{"href":"https:\/\/www.organisator.ch\/fr\/wp-json\/wp\/v2\/types\/post"}],"author":[{"embeddable":true,"href":"https:\/\/www.organisator.ch\/fr\/wp-json\/wp\/v2\/users\/5"}],"replies":[{"embeddable":true,"href":"https:\/\/www.organisator.ch\/fr\/wp-json\/wp\/v2\/comments?post=1432"}],"version-history":[{"count":0,"href":"https:\/\/www.organisator.ch\/fr\/wp-json\/wp\/v2\/posts\/1432\/revisions"}],"wp:featuredmedia":[{"embeddable":true,"href":"https:\/\/www.organisator.ch\/fr\/wp-json\/wp\/v2\/media\/1433"}],"wp:attachment":[{"href":"https:\/\/www.organisator.ch\/fr\/wp-json\/wp\/v2\/media?parent=1432"}],"wp:term":[{"taxonomy":"category","embeddable":true,"href":"https:\/\/www.organisator.ch\/fr\/wp-json\/wp\/v2\/categories?post=1432"},{"taxonomy":"post_tag","embeddable":true,"href":"https:\/\/www.organisator.ch\/fr\/wp-json\/wp\/v2\/tags?post=1432"}],"curies":[{"name":"wp","href":"https:\/\/api.w.org\/{rel}","templated":true}]}}