{"id":1444,"date":"2018-01-16T14:45:16","date_gmt":"2018-01-16T13:45:16","guid":{"rendered":"https:\/\/www.umweltperspektiven.ch\/?p=1444"},"modified":"2022-02-09T11:10:55","modified_gmt":"2022-02-09T10:10:55","slug":"die-finalisten-der-greentec-awards-stehen-fest","status":"publish","type":"post","link":"https:\/\/www.organisator.ch\/fr\/sustainability\/2018-01-16\/die-finalisten-der-greentec-awards-stehen-fest\/","title":{"rendered":"Les finalistes des GreenTec Awards sont connus"},"content":{"rendered":"<div id=\"content_1\">\n<div class=\"pr_pressNavigation\"><\/div>\n<div class=\"clearfixPr\">\n<figure id=\"attachment_1445\" aria-describedby=\"caption-attachment-1445\" style=\"width: 680px\" class=\"wp-caption alignnone\"><img loading=\"lazy\" decoding=\"async\" class=\"size-medium wp-image-1445\" src=\"\/\/www.umweltperspektiven.ch\/wp-content\/uploads\/2018\/01\/greentec-awards-2016.jpg\" alt=\"\" width=\"680\" height=\"454\" \/><figcaption id=\"caption-attachment-1445\" class=\"wp-caption-text\">Le gala exclusif des GreenTec Awards marque le d\u00e9but de l'IFAT, le salon leader mondial de la gestion de l'eau, des eaux us\u00e9es, des d\u00e9chets et des mati\u00e8res premi\u00e8res, qui se tiendra du 14 au 18 mai \u00e0 Munich. (Image : IFAT)<\/figcaption><\/figure>\n<\/div>\n<div><\/div>\n<div>Depuis leur cr\u00e9ation en 2008, les GreenTec Awards sont devenus le prix environnemental le plus important au monde. Au cours des derni\u00e8res ann\u00e9es, de nombreux projets durables ont pu utiliser les GreenTec Awards comme tremplin vers le succ\u00e8s. En 2018, les GreenTec Awards marqueront le d\u00e9but du salon IFAT de Munich, le salon phare des technologies environnementales. Le gala aura lieu le 13 mai 2018. Pour chaque cat\u00e9gorie, deux finalistes ont \u00e9t\u00e9 d\u00e9sign\u00e9s par le jury, le troisi\u00e8me par le vote public en ligne - avec des voix provenant de plus de 130 pays du monde entier.<\/div>\n<div><\/div>\n<div>\"Ne rencontrer que les trois meilleurs en finale parmi la multitude de projets soumis donne souvent l'impression d'\u00eatre injuste\", explique Sven Kr\u00fcger, initiateur des GreenTec Awards. \"Nous sommes \u00e0 chaque fois impressionn\u00e9s par l'engagement des individus et le haut niveau des projets qui nous parviennent\". Stefan Rummel, directeur de Messe M\u00fcnchen et organisateur de l'IFAT, ajoute : \"Nous suivons avec beaucoup d'int\u00e9r\u00eat les finalistes des GreenTec Awards. Les nouvelles id\u00e9es et les nouveaux concepts en mati\u00e8re de protection de l'environnement sont immens\u00e9ment importants pour trouver des r\u00e9ponses aux principales questions mondiales de demain\".<\/div>\n<div class=\"clearfixPr\">\n<div class=\"clearfixFairKid\">\n<p><b>Aper\u00e7u des finalistes<\/b><\/p>\n<p><em><b>Construire et habiter<\/b>-Les finalistes sont les projets de DAW SE (produits de traitement du bois \u00e0 base de cam\u00e9line), CONTAINERWERK eins (transforme des conteneurs maritimes usag\u00e9s en logements) et Werkgemeinschaft B\u00f6hme Hilse Diplomingenieure - Freie Architekten dans le TOP 3 (quartier \u00e0 \u00e9nergie positive en r\u00e9seau avec mobilit\u00e9 \u00e9lectrique, \u00e9lectricit\u00e9 de quartier).<\/em><\/p>\n<p><em>La cat\u00e9gorie <b>\u00c9nergie<\/b> Le Fraunhofer ISE (conception innovante de cellules solaires, 18% de puissance en plus), MWK Bionik (rev\u00eatement autonettoyant pour les installations PV) et sonnen (produire, stocker et partager de l'\u00e9lectricit\u00e9 \u00e9cologique) ont d\u00e9cid\u00e9 de remporter le prix.<\/em><\/p>\n<p><em>Dans la cat\u00e9gorie <b>Prix Galileo de la connaissance<\/b> Biolab Eberswalde - des mat\u00e9riaux fongiques durables comme alternative au plastique, la maison mod\u00e8le \u00e0 syst\u00e8me \u00e9nerg\u00e9tique autonome (AES) et RElectronics, un proc\u00e9d\u00e9 de recyclage durable et \u00e9conomique des d\u00e9chets \u00e9lectroniques.<\/em><\/p>\n<p><em>Sur le site <b>Style de vie<\/b>-Dans le domaine de l'environnement, tip me (pourboire pour les fabricants de produits), Relenda (g\u00e9n\u00e9ration \u00e9co-responsable : louer et utiliser au lieu d'acheter) et aha-Zweckverband (Hannochino : syst\u00e8me innovant de consigne pour gobelets r\u00e9utilisables) ont remport\u00e9 la finale.<\/em><\/p>\n<p><em>Dans la cat\u00e9gorie <b>Mobilit\u00e9<\/b> DiniTech GmbH (chargement de voitures \u00e9lectriques sur n'importe quelle prise de courant standard), paper planes e.V. (piste cyclable sous la ligne U1 de Berlin) et Alstom (train sans \u00e9missions de CO2, propuls\u00e9 par une pile \u00e0 combustible) se sont hiss\u00e9s parmi les trois meilleurs.<\/em><\/p>\n<p><em>Les finalistes de <b>Ressources et recyclage by Veolia<\/b> sont creapaper GmbH (papier fabriqu\u00e9 \u00e0 partir d'herbe), Enactus RUB (alternative rentable et \u00e9cologique \u00e0 l'incin\u00e9ration des d\u00e9chets \u00e9lectroniques) et l'Association of Lady Entrepreneurs of India (opportunit\u00e9 commerciale \u00e0 partir de d\u00e9chets industriels).<\/em><\/p>\n<p><em><b>Sport by Jack Wolfskin<\/b> Les entreprises SunnyBag GmbH (panneau solaire Leaf+ permettant de recharger des appareils en cours de route), VAUDE (\u00e9quipements de plein air durables et innovants) et Soliarskilift Tenna (premiers sports d'hiver \u00e0 l'\u00e9nergie solaire au monde) ont remport\u00e9 le prix.<\/em><\/p>\n<p><em>Afin de pouvoir <b>Prix sp\u00e9cial start-up<\/b> combattent einhorn products (pr\u00e9servatifs produits de mani\u00e8re \u00e9quitable et durable), CONTAINERWERK eins (voir ci-dessus) et Fresh Energy (lutte contre le gaspillage d'\u00e9lectricit\u00e9 : 100% \u00e9colo, bon march\u00e9, aliment\u00e9 par des donn\u00e9es).<\/em><\/p>\n<p><em>Finalistes pour <b>D\u00e9veloppement durable<\/b> sont BIO-LUTIONS International (emballages biod\u00e9gradables, \u00e0 partir de 100% de d\u00e9chets agricoles), SUNfarming (serres agro-solaires) et Land Life Company (lutte contre la d\u00e9sertification).<\/em><\/p>\n<p><em><b>Eau et eaux us\u00e9es<\/b>-TOP 3 ont \u00e9t\u00e9 Unimatec Chemicals Europe (filtre \u00e0 eau mobile), Enactus Regensburg e.V. (filtres \u00e0 eau bon march\u00e9 pour l'Afrique) et Enactus Bochum (serre Roots Up : production d'eau en autarcie).<\/em><\/p>\n<p><b>La r\u00e9union du jury<\/b><br \/>\nLe 21 f\u00e9vrier 2018, le jury d\u00e9signera les vainqueurs de toutes les cat\u00e9gories parmi les finalistes. Le jury est compos\u00e9 de repr\u00e9sentants de l'\u00e9conomie, de la politique et des m\u00e9dias afin de couvrir tous les domaines pertinents pour la soci\u00e9t\u00e9. Claudia Kemfert (Institut allemand de recherche \u00e9conomique), Marco Vollmar (directeur ex\u00e9cutif de la communication du WWF) et Anna Loos (actrice et musicienne) font partie du jury.<\/p>\n<p><em>Pour plus d'informations sur les GreenTec Awards, veuillez consulter le site suivant <b>www.greentec-awards.com<\/b><\/em><\/p>\n<\/div>\n<\/div>\n<\/div>","protected":false},"excerpt":{"rendered":"<p>Die GreenTec Awards haben sich seit ihrer Gr\u00fcndung im Jahr 2008 zum weltweit bedeutendsten Umweltpreis entwickelt. Zahlreiche nachhaltige Projekte konnten in den vergangenen Jahren die GreenTec-Awards als Sprungbrett zum Erfolg nutzen. Die GreenTec Awards bilden 2018 den Auftakt der M\u00fcnchner Umwelttechnologieleitmesse IFAT. Die Gala findet am 13. Mai 2018 statt. Pro Kategorie wurden zwei Finalisten [&hellip;]<\/p>\n","protected":false},"author":5,"featured_media":9531,"comment_status":"open","ping_status":"open","sticky":false,"template":"","format":"standard","meta":{"_acf_changed":false,"_yoast_wpseo_focuskw":"GreenTec Awards","_yoast_wpseo_metadesc":"Das Voting der GreenTec Awards 2018 ist abgeschlossen: Aus den TOP 10 der einzelnen Kategorien wurden die innovativsten Projekte ausgew\u00e4hlt.","articlekey":"","footnotes":""},"categories":[580],"tags":[199,1392,600,2548],"class_list":["post-1444","post","type-post","status-publish","format-standard","has-post-thumbnail","hentry","category-sustainability","tag-finalisten","tag-ifat","tag-wasser","tag-weltleitmesse"],"acf":[],"yoast_head":"<!-- This site is optimized with the Yoast SEO plugin v27.4 - https:\/\/yoast.com\/product\/yoast-seo-wordpress\/ -->\n<title>Die Finalisten der GreenTec Awards stehen fest - Organisator<\/title>\n<meta name=\"description\" content=\"Das Voting der GreenTec Awards 2018 ist abgeschlossen: Aus den TOP 10 der einzelnen Kategorien wurden die innovativsten Projekte ausgew\u00e4hlt.\" \/>\n<meta name=\"robots\" content=\"index, follow, max-snippet:-1, max-image-preview:large, max-video-preview:-1\" \/>\n<link rel=\"canonical\" href=\"https:\/\/www.organisator.ch\/fr\/sustainability\/2018-01-16\/die-finalisten-der-greentec-awards-stehen-fest\/\" \/>\n<meta property=\"og:locale\" content=\"fr_FR\" \/>\n<meta property=\"og:type\" content=\"article\" \/>\n<meta property=\"og:title\" content=\"Die Finalisten der GreenTec Awards stehen fest - Organisator\" \/>\n<meta property=\"og:description\" content=\"Das Voting der GreenTec Awards 2018 ist abgeschlossen: Aus den TOP 10 der einzelnen Kategorien wurden die innovativsten Projekte ausgew\u00e4hlt.\" \/>\n<meta property=\"og:url\" content=\"https:\/\/www.organisator.ch\/fr\/sustainability\/2018-01-16\/die-finalisten-der-greentec-awards-stehen-fest\/\" \/>\n<meta property=\"og:site_name\" content=\"Organisator\" \/>\n<meta property=\"article:publisher\" content=\"https:\/\/www.facebook.com\/OrganisatorFachmagazin\" \/>\n<meta property=\"article:published_time\" content=\"2018-01-16T13:45:16+00:00\" \/>\n<meta property=\"article:modified_time\" content=\"2022-02-09T10:10:55+00:00\" \/>\n<meta property=\"og:image\" content=\"https:\/\/www.organisator.ch\/wp-content\/uploads\/2018\/01\/greentec-awards-2016.jpg\" \/>\n\t<meta property=\"og:image:width\" content=\"1024\" \/>\n\t<meta property=\"og:image:height\" content=\"683\" \/>\n\t<meta property=\"og:image:type\" content=\"image\/jpeg\" \/>\n<meta name=\"author\" content=\"michael.merz\" \/>\n<meta name=\"twitter:card\" content=\"summary_large_image\" \/>\n<script type=\"application\/ld+json\" class=\"yoast-schema-graph\">{\"@context\":\"https:\\\/\\\/schema.org\",\"@graph\":[{\"@type\":\"Article\",\"@id\":\"https:\\\/\\\/www.organisator.ch\\\/sustainability\\\/2018-01-16\\\/die-finalisten-der-greentec-awards-stehen-fest\\\/#article\",\"isPartOf\":{\"@id\":\"https:\\\/\\\/www.organisator.ch\\\/sustainability\\\/2018-01-16\\\/die-finalisten-der-greentec-awards-stehen-fest\\\/\"},\"author\":{\"name\":\"michael.merz\",\"@id\":\"https:\\\/\\\/www.organisator.ch\\\/#\\\/schema\\\/person\\\/134708ca9321c57b0362cceb7948ffbd\"},\"headline\":\"Die Finalisten der GreenTec Awards stehen fest\",\"datePublished\":\"2018-01-16T13:45:16+00:00\",\"dateModified\":\"2022-02-09T10:10:55+00:00\",\"mainEntityOfPage\":{\"@id\":\"https:\\\/\\\/www.organisator.ch\\\/sustainability\\\/2018-01-16\\\/die-finalisten-der-greentec-awards-stehen-fest\\\/\"},\"wordCount\":590,\"commentCount\":0,\"publisher\":{\"@id\":\"https:\\\/\\\/www.organisator.ch\\\/#organization\"},\"image\":{\"@id\":\"https:\\\/\\\/www.organisator.ch\\\/sustainability\\\/2018-01-16\\\/die-finalisten-der-greentec-awards-stehen-fest\\\/#primaryimage\"},\"thumbnailUrl\":\"https:\\\/\\\/www.organisator.ch\\\/wp-content\\\/uploads\\\/2018\\\/01\\\/greentec-awards-2016.jpg\",\"keywords\":[\"Finalisten\",\"IFAT\",\"WASSER\",\"Weltleitmesse\"],\"articleSection\":[\"SUSTAINABILITY\"],\"inLanguage\":\"fr-FR\"},{\"@type\":\"WebPage\",\"@id\":\"https:\\\/\\\/www.organisator.ch\\\/sustainability\\\/2018-01-16\\\/die-finalisten-der-greentec-awards-stehen-fest\\\/\",\"url\":\"https:\\\/\\\/www.organisator.ch\\\/sustainability\\\/2018-01-16\\\/die-finalisten-der-greentec-awards-stehen-fest\\\/\",\"name\":\"Die Finalisten der GreenTec Awards stehen fest - Organisator\",\"isPartOf\":{\"@id\":\"https:\\\/\\\/www.organisator.ch\\\/#website\"},\"primaryImageOfPage\":{\"@id\":\"https:\\\/\\\/www.organisator.ch\\\/sustainability\\\/2018-01-16\\\/die-finalisten-der-greentec-awards-stehen-fest\\\/#primaryimage\"},\"image\":{\"@id\":\"https:\\\/\\\/www.organisator.ch\\\/sustainability\\\/2018-01-16\\\/die-finalisten-der-greentec-awards-stehen-fest\\\/#primaryimage\"},\"thumbnailUrl\":\"https:\\\/\\\/www.organisator.ch\\\/wp-content\\\/uploads\\\/2018\\\/01\\\/greentec-awards-2016.jpg\",\"datePublished\":\"2018-01-16T13:45:16+00:00\",\"dateModified\":\"2022-02-09T10:10:55+00:00\",\"description\":\"Das Voting der GreenTec Awards 2018 ist abgeschlossen: Aus den TOP 10 der einzelnen Kategorien wurden die innovativsten Projekte ausgew\u00e4hlt.\",\"breadcrumb\":{\"@id\":\"https:\\\/\\\/www.organisator.ch\\\/sustainability\\\/2018-01-16\\\/die-finalisten-der-greentec-awards-stehen-fest\\\/#breadcrumb\"},\"inLanguage\":\"fr-FR\",\"potentialAction\":[{\"@type\":\"ReadAction\",\"target\":[\"https:\\\/\\\/www.organisator.ch\\\/sustainability\\\/2018-01-16\\\/die-finalisten-der-greentec-awards-stehen-fest\\\/\"]}]},{\"@type\":\"ImageObject\",\"inLanguage\":\"fr-FR\",\"@id\":\"https:\\\/\\\/www.organisator.ch\\\/sustainability\\\/2018-01-16\\\/die-finalisten-der-greentec-awards-stehen-fest\\\/#primaryimage\",\"url\":\"https:\\\/\\\/www.organisator.ch\\\/wp-content\\\/uploads\\\/2018\\\/01\\\/greentec-awards-2016.jpg\",\"contentUrl\":\"https:\\\/\\\/www.organisator.ch\\\/wp-content\\\/uploads\\\/2018\\\/01\\\/greentec-awards-2016.jpg\",\"width\":1024,\"height\":683,\"caption\":\"Die exklusive Gala der GreenTec Awards bildet den Auftakt zur IFAT, der Weltleitmesse f\u00fcr Wasser-, Abwasser-, Abfall- und Rohstoffwirtschaft, von 14. bis 18. Mai in M\u00fcnchen. (Bild: IFAT)\"},{\"@type\":\"BreadcrumbList\",\"@id\":\"https:\\\/\\\/www.organisator.ch\\\/sustainability\\\/2018-01-16\\\/die-finalisten-der-greentec-awards-stehen-fest\\\/#breadcrumb\",\"itemListElement\":[{\"@type\":\"ListItem\",\"position\":1,\"name\":\"Home\",\"item\":\"https:\\\/\\\/www.organisator.ch\\\/\"},{\"@type\":\"ListItem\",\"position\":2,\"name\":\"Die Finalisten der GreenTec Awards stehen fest\"}]},{\"@type\":\"WebSite\",\"@id\":\"https:\\\/\\\/www.organisator.ch\\\/#website\",\"url\":\"https:\\\/\\\/www.organisator.ch\\\/\",\"name\":\"Organisator\",\"description\":\"Kompetent. Praxisnah. Der ORGANISATOR bereitet in 10 Ausgaben pro Jahr die wesentlichen Themen f\u00fcr F\u00fchrungskr\u00e4fte von KMU auf.\",\"publisher\":{\"@id\":\"https:\\\/\\\/www.organisator.ch\\\/#organization\"},\"potentialAction\":[{\"@type\":\"SearchAction\",\"target\":{\"@type\":\"EntryPoint\",\"urlTemplate\":\"https:\\\/\\\/www.organisator.ch\\\/?s={search_term_string}\"},\"query-input\":{\"@type\":\"PropertyValueSpecification\",\"valueRequired\":true,\"valueName\":\"search_term_string\"}}],\"inLanguage\":\"fr-FR\"},{\"@type\":\"Organization\",\"@id\":\"https:\\\/\\\/www.organisator.ch\\\/#organization\",\"name\":\"Organisator\",\"url\":\"https:\\\/\\\/www.organisator.ch\\\/\",\"logo\":{\"@type\":\"ImageObject\",\"inLanguage\":\"fr-FR\",\"@id\":\"https:\\\/\\\/www.organisator.ch\\\/#\\\/schema\\\/logo\\\/image\\\/\",\"url\":\"https:\\\/\\\/www.organisator.ch\\\/wp-content\\\/uploads\\\/2022\\\/01\\\/Logo_Organisator_Website.png\",\"contentUrl\":\"https:\\\/\\\/www.organisator.ch\\\/wp-content\\\/uploads\\\/2022\\\/01\\\/Logo_Organisator_Website.png\",\"width\":800,\"height\":77,\"caption\":\"Organisator\"},\"image\":{\"@id\":\"https:\\\/\\\/www.organisator.ch\\\/#\\\/schema\\\/logo\\\/image\\\/\"},\"sameAs\":[\"https:\\\/\\\/www.facebook.com\\\/OrganisatorFachmagazin\",\"https:\\\/\\\/www.linkedin.com\\\/showcase\\\/organisator-das-magazin-fr-kmu\",\"https:\\\/\\\/www.xing.com\\\/news\\\/pages\\\/organisator-ch-695\",\"https:\\\/\\\/www.youtube.com\\\/channel\\\/UCGP2Sq0iWaZwT3BdIAQFYpw\"]},{\"@type\":\"Person\",\"@id\":\"https:\\\/\\\/www.organisator.ch\\\/#\\\/schema\\\/person\\\/134708ca9321c57b0362cceb7948ffbd\",\"name\":\"michael.merz\",\"image\":{\"@type\":\"ImageObject\",\"inLanguage\":\"fr-FR\",\"@id\":\"https:\\\/\\\/secure.gravatar.com\\\/avatar\\\/?s=96&d=mm&r=g\",\"url\":\"https:\\\/\\\/secure.gravatar.com\\\/avatar\\\/?s=96&d=mm&r=g\",\"contentUrl\":\"https:\\\/\\\/secure.gravatar.com\\\/avatar\\\/?s=96&d=mm&r=g\",\"caption\":\"michael.merz\"},\"url\":\"https:\\\/\\\/www.organisator.ch\\\/fr\\\/author\\\/michael-merz\\\/\"}]}<\/script>\n<!-- \/ Yoast SEO plugin. -->","yoast_head_json":{"title":"Les finalistes des GreenTec Awards sont connus - Organisateur","description":"Le vote des GreenTec Awards 2018 est termin\u00e9 : Les projets les plus innovants ont \u00e9t\u00e9 s\u00e9lectionn\u00e9s dans le TOP 10 des diff\u00e9rentes cat\u00e9gories.","robots":{"index":"index","follow":"follow","max-snippet":"max-snippet:-1","max-image-preview":"max-image-preview:large","max-video-preview":"max-video-preview:-1"},"canonical":"https:\/\/www.organisator.ch\/fr\/sustainability\/2018-01-16\/die-finalisten-der-greentec-awards-stehen-fest\/","og_locale":"fr_FR","og_type":"article","og_title":"Die Finalisten der GreenTec Awards stehen fest - Organisator","og_description":"Das Voting der GreenTec Awards 2018 ist abgeschlossen: Aus den TOP 10 der einzelnen Kategorien wurden die innovativsten Projekte ausgew\u00e4hlt.","og_url":"https:\/\/www.organisator.ch\/fr\/sustainability\/2018-01-16\/die-finalisten-der-greentec-awards-stehen-fest\/","og_site_name":"Organisator","article_publisher":"https:\/\/www.facebook.com\/OrganisatorFachmagazin","article_published_time":"2018-01-16T13:45:16+00:00","article_modified_time":"2022-02-09T10:10:55+00:00","og_image":[{"width":1024,"height":683,"url":"https:\/\/www.organisator.ch\/wp-content\/uploads\/2018\/01\/greentec-awards-2016.jpg","type":"image\/jpeg"}],"author":"michael.merz","twitter_card":"summary_large_image","schema":{"@context":"https:\/\/schema.org","@graph":[{"@type":"Article","@id":"https:\/\/www.organisator.ch\/sustainability\/2018-01-16\/die-finalisten-der-greentec-awards-stehen-fest\/#article","isPartOf":{"@id":"https:\/\/www.organisator.ch\/sustainability\/2018-01-16\/die-finalisten-der-greentec-awards-stehen-fest\/"},"author":{"name":"michael.merz","@id":"https:\/\/www.organisator.ch\/#\/schema\/person\/134708ca9321c57b0362cceb7948ffbd"},"headline":"Die Finalisten der GreenTec Awards stehen fest","datePublished":"2018-01-16T13:45:16+00:00","dateModified":"2022-02-09T10:10:55+00:00","mainEntityOfPage":{"@id":"https:\/\/www.organisator.ch\/sustainability\/2018-01-16\/die-finalisten-der-greentec-awards-stehen-fest\/"},"wordCount":590,"commentCount":0,"publisher":{"@id":"https:\/\/www.organisator.ch\/#organization"},"image":{"@id":"https:\/\/www.organisator.ch\/sustainability\/2018-01-16\/die-finalisten-der-greentec-awards-stehen-fest\/#primaryimage"},"thumbnailUrl":"https:\/\/www.organisator.ch\/wp-content\/uploads\/2018\/01\/greentec-awards-2016.jpg","keywords":["Finalisten","IFAT","WASSER","Weltleitmesse"],"articleSection":["SUSTAINABILITY"],"inLanguage":"fr-FR"},{"@type":"WebPage","@id":"https:\/\/www.organisator.ch\/sustainability\/2018-01-16\/die-finalisten-der-greentec-awards-stehen-fest\/","url":"https:\/\/www.organisator.ch\/sustainability\/2018-01-16\/die-finalisten-der-greentec-awards-stehen-fest\/","name":"Les finalistes des GreenTec Awards sont connus - Organisateur","isPartOf":{"@id":"https:\/\/www.organisator.ch\/#website"},"primaryImageOfPage":{"@id":"https:\/\/www.organisator.ch\/sustainability\/2018-01-16\/die-finalisten-der-greentec-awards-stehen-fest\/#primaryimage"},"image":{"@id":"https:\/\/www.organisator.ch\/sustainability\/2018-01-16\/die-finalisten-der-greentec-awards-stehen-fest\/#primaryimage"},"thumbnailUrl":"https:\/\/www.organisator.ch\/wp-content\/uploads\/2018\/01\/greentec-awards-2016.jpg","datePublished":"2018-01-16T13:45:16+00:00","dateModified":"2022-02-09T10:10:55+00:00","description":"Le vote des GreenTec Awards 2018 est termin\u00e9 : Les projets les plus innovants ont \u00e9t\u00e9 s\u00e9lectionn\u00e9s dans le TOP 10 des diff\u00e9rentes cat\u00e9gories.","breadcrumb":{"@id":"https:\/\/www.organisator.ch\/sustainability\/2018-01-16\/die-finalisten-der-greentec-awards-stehen-fest\/#breadcrumb"},"inLanguage":"fr-FR","potentialAction":[{"@type":"ReadAction","target":["https:\/\/www.organisator.ch\/sustainability\/2018-01-16\/die-finalisten-der-greentec-awards-stehen-fest\/"]}]},{"@type":"ImageObject","inLanguage":"fr-FR","@id":"https:\/\/www.organisator.ch\/sustainability\/2018-01-16\/die-finalisten-der-greentec-awards-stehen-fest\/#primaryimage","url":"https:\/\/www.organisator.ch\/wp-content\/uploads\/2018\/01\/greentec-awards-2016.jpg","contentUrl":"https:\/\/www.organisator.ch\/wp-content\/uploads\/2018\/01\/greentec-awards-2016.jpg","width":1024,"height":683,"caption":"Die exklusive Gala der GreenTec Awards bildet den Auftakt zur IFAT, der Weltleitmesse f\u00fcr Wasser-, Abwasser-, Abfall- und Rohstoffwirtschaft, von 14. bis 18. Mai in M\u00fcnchen. (Bild: IFAT)"},{"@type":"BreadcrumbList","@id":"https:\/\/www.organisator.ch\/sustainability\/2018-01-16\/die-finalisten-der-greentec-awards-stehen-fest\/#breadcrumb","itemListElement":[{"@type":"ListItem","position":1,"name":"Home","item":"https:\/\/www.organisator.ch\/"},{"@type":"ListItem","position":2,"name":"Die Finalisten der GreenTec Awards stehen fest"}]},{"@type":"WebSite","@id":"https:\/\/www.organisator.ch\/#website","url":"https:\/\/www.organisator.ch\/","name":"Organisateur","description":"Comp\u00e9tence et comp\u00e9tence. Proches de la pratique. L'ORGANISATEUR pr\u00e9pare 10 num\u00e9ros par an sur les th\u00e8mes essentiels pour les dirigeants de PME.","publisher":{"@id":"https:\/\/www.organisator.ch\/#organization"},"potentialAction":[{"@type":"SearchAction","target":{"@type":"EntryPoint","urlTemplate":"https:\/\/www.organisator.ch\/?s={search_term_string}"},"query-input":{"@type":"PropertyValueSpecification","valueRequired":true,"valueName":"search_term_string"}}],"inLanguage":"fr-FR"},{"@type":"Organization","@id":"https:\/\/www.organisator.ch\/#organization","name":"Organisateur","url":"https:\/\/www.organisator.ch\/","logo":{"@type":"ImageObject","inLanguage":"fr-FR","@id":"https:\/\/www.organisator.ch\/#\/schema\/logo\/image\/","url":"https:\/\/www.organisator.ch\/wp-content\/uploads\/2022\/01\/Logo_Organisator_Website.png","contentUrl":"https:\/\/www.organisator.ch\/wp-content\/uploads\/2022\/01\/Logo_Organisator_Website.png","width":800,"height":77,"caption":"Organisator"},"image":{"@id":"https:\/\/www.organisator.ch\/#\/schema\/logo\/image\/"},"sameAs":["https:\/\/www.facebook.com\/OrganisatorFachmagazin","https:\/\/www.linkedin.com\/showcase\/organisator-das-magazin-fr-kmu","https:\/\/www.xing.com\/news\/pages\/organisator-ch-695","https:\/\/www.youtube.com\/channel\/UCGP2Sq0iWaZwT3BdIAQFYpw"]},{"@type":"Person","@id":"https:\/\/www.organisator.ch\/#\/schema\/person\/134708ca9321c57b0362cceb7948ffbd","name":"michael.merz","image":{"@type":"ImageObject","inLanguage":"fr-FR","@id":"https:\/\/secure.gravatar.com\/avatar\/?s=96&d=mm&r=g","url":"https:\/\/secure.gravatar.com\/avatar\/?s=96&d=mm&r=g","contentUrl":"https:\/\/secure.gravatar.com\/avatar\/?s=96&d=mm&r=g","caption":"michael.merz"},"url":"https:\/\/www.organisator.ch\/fr\/author\/michael-merz\/"}]}},"_links":{"self":[{"href":"https:\/\/www.organisator.ch\/fr\/wp-json\/wp\/v2\/posts\/1444","targetHints":{"allow":["GET"]}}],"collection":[{"href":"https:\/\/www.organisator.ch\/fr\/wp-json\/wp\/v2\/posts"}],"about":[{"href":"https:\/\/www.organisator.ch\/fr\/wp-json\/wp\/v2\/types\/post"}],"author":[{"embeddable":true,"href":"https:\/\/www.organisator.ch\/fr\/wp-json\/wp\/v2\/users\/5"}],"replies":[{"embeddable":true,"href":"https:\/\/www.organisator.ch\/fr\/wp-json\/wp\/v2\/comments?post=1444"}],"version-history":[{"count":1,"href":"https:\/\/www.organisator.ch\/fr\/wp-json\/wp\/v2\/posts\/1444\/revisions"}],"predecessor-version":[{"id":11039,"href":"https:\/\/www.organisator.ch\/fr\/wp-json\/wp\/v2\/posts\/1444\/revisions\/11039"}],"wp:featuredmedia":[{"embeddable":true,"href":"https:\/\/www.organisator.ch\/fr\/wp-json\/wp\/v2\/media\/9531"}],"wp:attachment":[{"href":"https:\/\/www.organisator.ch\/fr\/wp-json\/wp\/v2\/media?parent=1444"}],"wp:term":[{"taxonomy":"category","embeddable":true,"href":"https:\/\/www.organisator.ch\/fr\/wp-json\/wp\/v2\/categories?post=1444"},{"taxonomy":"post_tag","embeddable":true,"href":"https:\/\/www.organisator.ch\/fr\/wp-json\/wp\/v2\/tags?post=1444"}],"curies":[{"name":"wp","href":"https:\/\/api.w.org\/{rel}","templated":true}]}}