{"id":1459,"date":"2018-01-29T13:51:16","date_gmt":"2018-01-29T12:51:16","guid":{"rendered":"https:\/\/www.umweltperspektiven.ch\/?p=1459"},"modified":"2018-01-29T13:51:16","modified_gmt":"2018-01-29T12:51:16","slug":"e-zigaretten-empa-ueber-akku-explosion-in-der-hosentasche","status":"publish","type":"post","link":"https:\/\/www.organisator.ch\/fr\/allgemein\/2018-01-29\/e-zigaretten-empa-ueber-akku-explosion-in-der-hosentasche\/","title":{"rendered":"Cigarettes \u00e9lectroniques : l'Empa s'inqui\u00e8te de l'explosion de la batterie dans la poche du pantalon"},"content":{"rendered":"<div class=\"std-art-freestanding-image\">\n<p><img loading=\"lazy\" decoding=\"async\" class=\"alignnone\" src=\"\/\/www.empa.ch\/documents\/56164\/3011698\/Battery+Explosion\/43fab5ec-b1d2-455d-932c-0209488e1c23?t=1516700937857\" alt=\"Flamme instantan\u00e9e lors de l&#039;explosion d&#039;un accu de rechange pour cigarettes \u00e9lectroniques (accu industriel de type 18650). (Image : Empa)\" width=\"801\" height=\"449\" \/><\/p>\n<p>Flamme instantan\u00e9e lors de l'explosion d'un accu de rechange pour cigarettes \u00e9lectroniques (accu industriel de type 18650). (Image : Empa)<\/p>\n<\/div>\n<div class=\"std-paragraph-block\">\n<p>En collaboration avec l'Empa, l'\u00e9mission \"Kassensturz\" de la SRF du 23 janvier 2018 , voir ci-dessous, a fait un reportage sur un homme qui a \u00e9t\u00e9 gravement br\u00fbl\u00e9 \u00e0 la cuisse par l'explosion de la batterie de sa cigarette \u00e9lectronique. Il avait conserv\u00e9 la batterie de r\u00e9serve de sa cigarette \u00e9lectronique dans la poche de son pantalon, avec des pi\u00e8ces de monnaie et un trousseau de cl\u00e9s. Un court-circuit s'est produit et la batterie s'est transform\u00e9e en lance-flammes.<\/p>\n<p>L'expert en batteries de l'Empa, Marcel Held, a pr\u00e9sent\u00e9 \u00e0 l'\u00e9quipe de t\u00e9l\u00e9vision de la SRF la situation dans le laboratoire de l'Empa. <span class=\"st\">Laboratoire f\u00e9d\u00e9ral d'essai des mat\u00e9riaux et de recherche <\/span> apr\u00e8s : Il retire le film isolant d'une batterie lithium-ion de taille standard 18650 et place la batterie dans un gobelet rempli d'\u00e9crous. Derri\u00e8re une vitre de protection, dans une hotte chimique, Held remplit ensuite le gobelet de quelques pi\u00e8ces de 5 centimes. Le contact sup\u00e9rieur de l'accu, qui \u00e9tait jusqu'\u00e0 pr\u00e9sent libre, est ainsi \u00e9galement mis en contact.<\/p>\n<p>Un court-circuit se produit et, apr\u00e8s \u00e0 peine 10 secondes, la batterie met fin \u00e0 ses jours dans un feu d'artifice d'environ 30 centim\u00e8tres de haut.<\/p>\n<p>&nbsp;<\/p>\n<div class=\"std-art-paragraph\">\n<p><iframe loading=\"lazy\" src=\"https:\/\/www.youtube.com\/embed\/g-d5PJoMzbs\" width=\"640\" height=\"360\" frameborder=\"0\" allowfullscreen=\"allowfullscreen\" data-mce-fragment=\"1\"><\/iframe><\/p>\n<p><em>L'accumulateur explose apr\u00e8s que le chercheur de l'Empa Marcel Held a court-circuit\u00e9 les contacts. (article de Kassensturz <a href=\"\/\/www.srf.ch\">www.srf.ch<\/a>)<br \/>\n<\/em><\/p>\n<\/div>\n<\/div>\n<p>L'essentiel en bref :<\/p>\n<ul>\n<li>Les batteries au lithium-ion peuvent prendre feu en cas de court-circuit. Ils ne se trouvent pas seulement dans les t\u00e9l\u00e9phones portables ou les ordinateurs, mais aussi dans les cigarettes \u00e9lectriques.<\/li>\n<li>A Zurich, un fumeur \u00e9lectronique a vu sa batterie exploser dans sa poche. De graves br\u00fblures en ont r\u00e9sult\u00e9. Un deuxi\u00e8me cas similaire est connu.<\/li>\n<li>Des essais r\u00e9alis\u00e9s dans le laboratoire de s\u00e9curit\u00e9 de l'Empa montrent la violence d'une telle explosion.<\/li>\n<li>Le secteur relativise le danger. Il s'agit de cas isol\u00e9s. Il est toutefois recommand\u00e9 de toujours transporter les batteries de rechange dans une housse de protection. (srf)<\/li>\n<\/ul>\n<p><strong><em>Pr\u00e9vu uniquement pour le montage dans des packs de batteries<\/em><\/strong><\/p>\n<div class=\"std-paragraph-block\">\n<p><em>Les accumulateurs de taille standard 18650 portent l'avertissement \"DANGER - DO NOT USE OUTSIDE OF BATTERY PACK\". De tels accumulateurs sont uniquement destin\u00e9s \u00e0 \u00eatre int\u00e9gr\u00e9s dans des packs de batteries d'ordinateurs portables, d'outils \u00e9lectriques, de v\u00e9los \u00e9lectriques ou de voitures. Ils ne devraient pas \u00eatre utilis\u00e9s ou transport\u00e9s sans enveloppe de protection suppl\u00e9mentaire. En effet, l'isolation de l'accu standard 18650 n'est constitu\u00e9e que d'une fine feuille de plastique. Si l'isolation \u00e0 l'extr\u00e9mit\u00e9 sup\u00e9rieure du cylindre de l'accu est endommag\u00e9e, par exemple par un trousseau de cl\u00e9s, une seule pi\u00e8ce de monnaie suffit pour court-circuiter le p\u00f4le positif avec le bo\u00eetier de la batterie. Celui qui transporte de tels accumulateurs sans emballage dans sa poche ou son sac \u00e0 main vit donc litt\u00e9ralement dans le danger d'incendie.<\/em><\/p>\n<\/div>\n<p><a href=\"\/\/www.empa.ch\">http:\/\/www.empa.ch<\/a><\/p>","protected":false},"excerpt":{"rendered":"<p>Stichflamme bei der Explosion eines Ersatzakkus f\u00fcr E-Zigaretten (Industrie-Akku Typ 18650). (Bild: Empa) Zusammen mit der Empa berichtete die SRF-Sendung \u00abKassensturz\u00bb vom 23. Januar 2018 , siehe unten, \u00fcber einen Mann, der durch den explodierenden Akku seiner E-Zigarette schwere Verbrennungen am Oberschenkel erlitt. Er hatte den Reserve-Akku f\u00fcr die E-Zigarette in seiner Hosentasche aufbewahrt, zusammen [&hellip;]<\/p>\n","protected":false},"author":5,"featured_media":1460,"comment_status":"open","ping_status":"open","sticky":false,"template":"","format":"standard","meta":{"_acf_changed":false,"_yoast_wpseo_focuskw":"Empa","_yoast_wpseo_metadesc":"Die Empa beweist: E-Zigaretten beziehen ihre Energie oft aus Lithiumionen-Akkus vom Typ 18650. Diese sind sprichw\u00f6rtlich brandgef\u00e4hrlich.","articlekey":"","footnotes":""},"categories":[1],"tags":[687,967,1052,1476],"class_list":["post-1459","post","type-post","status-publish","format-standard","has-post-thumbnail","hentry","category-allgemein","tag-akku","tag-defekt","tag-empa","tag-kassensturz"],"acf":[],"yoast_head":"<!-- This site is optimized with the Yoast SEO plugin v27.5 - https:\/\/yoast.com\/product\/yoast-seo-wordpress\/ -->\n<title>E-Zigaretten: Empa \u00fcber Akku-Explosion in der Hosentasche - Organisator<\/title>\n<meta name=\"description\" content=\"Die Empa beweist: E-Zigaretten beziehen ihre Energie oft aus Lithiumionen-Akkus vom Typ 18650. Diese sind sprichw\u00f6rtlich brandgef\u00e4hrlich.\" \/>\n<meta name=\"robots\" content=\"index, follow, max-snippet:-1, max-image-preview:large, max-video-preview:-1\" \/>\n<link rel=\"canonical\" href=\"https:\/\/www.organisator.ch\/fr\/general\/2018-01-29\/e-zigaretten-empa-ueber-akku-explosion-in-der-hosentasche\/\" \/>\n<meta property=\"og:locale\" content=\"fr_FR\" \/>\n<meta property=\"og:type\" content=\"article\" \/>\n<meta property=\"og:title\" content=\"E-Zigaretten: Empa \u00fcber Akku-Explosion in der Hosentasche - Organisator\" \/>\n<meta property=\"og:description\" content=\"Die Empa beweist: E-Zigaretten beziehen ihre Energie oft aus Lithiumionen-Akkus vom Typ 18650. Diese sind sprichw\u00f6rtlich brandgef\u00e4hrlich.\" \/>\n<meta property=\"og:url\" content=\"https:\/\/www.organisator.ch\/fr\/general\/2018-01-29\/e-zigaretten-empa-ueber-akku-explosion-in-der-hosentasche\/\" \/>\n<meta property=\"og:site_name\" content=\"Organisator\" \/>\n<meta property=\"article:publisher\" content=\"https:\/\/www.facebook.com\/OrganisatorFachmagazin\" \/>\n<meta property=\"article:published_time\" content=\"2018-01-29T12:51:16+00:00\" \/>\n<meta property=\"og:image\" content=\"https:\/\/www.organisator.ch\/wp-content\/uploads\/2018\/01\/Empa-E-cigarrette-battery-Ex-1.jpg\" \/>\n\t<meta property=\"og:image:width\" content=\"1913\" \/>\n\t<meta property=\"og:image:height\" content=\"1073\" \/>\n\t<meta property=\"og:image:type\" content=\"image\/jpeg\" \/>\n<meta name=\"author\" content=\"michael.merz\" \/>\n<meta name=\"twitter:card\" content=\"summary_large_image\" \/>\n<script type=\"application\/ld+json\" class=\"yoast-schema-graph\">{\"@context\":\"https:\\\/\\\/schema.org\",\"@graph\":[{\"@type\":\"Article\",\"@id\":\"https:\\\/\\\/www.organisator.ch\\\/en\\\/general\\\/2018-01-29\\\/e-zigaretten-empa-ueber-akku-explosion-in-der-hosentasche\\\/#article\",\"isPartOf\":{\"@id\":\"https:\\\/\\\/www.organisator.ch\\\/en\\\/general\\\/2018-01-29\\\/e-zigaretten-empa-ueber-akku-explosion-in-der-hosentasche\\\/\"},\"author\":{\"name\":\"michael.merz\",\"@id\":\"https:\\\/\\\/www.organisator.ch\\\/#\\\/schema\\\/person\\\/134708ca9321c57b0362cceb7948ffbd\"},\"headline\":\"E-Zigaretten: Empa \u00fcber Akku-Explosion in der Hosentasche\",\"datePublished\":\"2018-01-29T12:51:16+00:00\",\"mainEntityOfPage\":{\"@id\":\"https:\\\/\\\/www.organisator.ch\\\/en\\\/general\\\/2018-01-29\\\/e-zigaretten-empa-ueber-akku-explosion-in-der-hosentasche\\\/\"},\"wordCount\":381,\"commentCount\":0,\"publisher\":{\"@id\":\"https:\\\/\\\/www.organisator.ch\\\/#organization\"},\"image\":{\"@id\":\"https:\\\/\\\/www.organisator.ch\\\/en\\\/general\\\/2018-01-29\\\/e-zigaretten-empa-ueber-akku-explosion-in-der-hosentasche\\\/#primaryimage\"},\"thumbnailUrl\":\"https:\\\/\\\/www.organisator.ch\\\/wp-content\\\/uploads\\\/2018\\\/01\\\/Empa-E-cigarrette-battery-Ex-1.jpg\",\"keywords\":[\"Akku\",\"Defekt\",\"Empa\",\"Kassensturz\"],\"articleSection\":[\"Allgemein\"],\"inLanguage\":\"fr-FR\"},{\"@type\":\"WebPage\",\"@id\":\"https:\\\/\\\/www.organisator.ch\\\/en\\\/general\\\/2018-01-29\\\/e-zigaretten-empa-ueber-akku-explosion-in-der-hosentasche\\\/\",\"url\":\"https:\\\/\\\/www.organisator.ch\\\/en\\\/general\\\/2018-01-29\\\/e-zigaretten-empa-ueber-akku-explosion-in-der-hosentasche\\\/\",\"name\":\"E-Zigaretten: Empa \u00fcber Akku-Explosion in der Hosentasche - Organisator\",\"isPartOf\":{\"@id\":\"https:\\\/\\\/www.organisator.ch\\\/#website\"},\"primaryImageOfPage\":{\"@id\":\"https:\\\/\\\/www.organisator.ch\\\/en\\\/general\\\/2018-01-29\\\/e-zigaretten-empa-ueber-akku-explosion-in-der-hosentasche\\\/#primaryimage\"},\"image\":{\"@id\":\"https:\\\/\\\/www.organisator.ch\\\/en\\\/general\\\/2018-01-29\\\/e-zigaretten-empa-ueber-akku-explosion-in-der-hosentasche\\\/#primaryimage\"},\"thumbnailUrl\":\"https:\\\/\\\/www.organisator.ch\\\/wp-content\\\/uploads\\\/2018\\\/01\\\/Empa-E-cigarrette-battery-Ex-1.jpg\",\"datePublished\":\"2018-01-29T12:51:16+00:00\",\"description\":\"Die Empa beweist: E-Zigaretten beziehen ihre Energie oft aus Lithiumionen-Akkus vom Typ 18650. Diese sind sprichw\u00f6rtlich brandgef\u00e4hrlich.\",\"breadcrumb\":{\"@id\":\"https:\\\/\\\/www.organisator.ch\\\/en\\\/general\\\/2018-01-29\\\/e-zigaretten-empa-ueber-akku-explosion-in-der-hosentasche\\\/#breadcrumb\"},\"inLanguage\":\"fr-FR\",\"potentialAction\":[{\"@type\":\"ReadAction\",\"target\":[\"https:\\\/\\\/www.organisator.ch\\\/en\\\/general\\\/2018-01-29\\\/e-zigaretten-empa-ueber-akku-explosion-in-der-hosentasche\\\/\"]}]},{\"@type\":\"ImageObject\",\"inLanguage\":\"fr-FR\",\"@id\":\"https:\\\/\\\/www.organisator.ch\\\/en\\\/general\\\/2018-01-29\\\/e-zigaretten-empa-ueber-akku-explosion-in-der-hosentasche\\\/#primaryimage\",\"url\":\"https:\\\/\\\/www.organisator.ch\\\/wp-content\\\/uploads\\\/2018\\\/01\\\/Empa-E-cigarrette-battery-Ex-1.jpg\",\"contentUrl\":\"https:\\\/\\\/www.organisator.ch\\\/wp-content\\\/uploads\\\/2018\\\/01\\\/Empa-E-cigarrette-battery-Ex-1.jpg\",\"width\":1913,\"height\":1073,\"caption\":\"Stichflamme bei der Explosion eines Ersatzakkus f\u00fcr E-Zigaretten (Industrie-Akku Typ 18650). (Bild: Empa)\"},{\"@type\":\"BreadcrumbList\",\"@id\":\"https:\\\/\\\/www.organisator.ch\\\/en\\\/general\\\/2018-01-29\\\/e-zigaretten-empa-ueber-akku-explosion-in-der-hosentasche\\\/#breadcrumb\",\"itemListElement\":[{\"@type\":\"ListItem\",\"position\":1,\"name\":\"Home\",\"item\":\"https:\\\/\\\/www.organisator.ch\\\/\"},{\"@type\":\"ListItem\",\"position\":2,\"name\":\"E-Zigaretten: Empa \u00fcber Akku-Explosion in der Hosentasche\"}]},{\"@type\":\"WebSite\",\"@id\":\"https:\\\/\\\/www.organisator.ch\\\/#website\",\"url\":\"https:\\\/\\\/www.organisator.ch\\\/\",\"name\":\"Organisator\",\"description\":\"Kompetent. Praxisnah. Der ORGANISATOR bereitet in 10 Ausgaben pro Jahr die wesentlichen Themen f\u00fcr F\u00fchrungskr\u00e4fte von KMU auf.\",\"publisher\":{\"@id\":\"https:\\\/\\\/www.organisator.ch\\\/#organization\"},\"potentialAction\":[{\"@type\":\"SearchAction\",\"target\":{\"@type\":\"EntryPoint\",\"urlTemplate\":\"https:\\\/\\\/www.organisator.ch\\\/?s={search_term_string}\"},\"query-input\":{\"@type\":\"PropertyValueSpecification\",\"valueRequired\":true,\"valueName\":\"search_term_string\"}}],\"inLanguage\":\"fr-FR\"},{\"@type\":\"Organization\",\"@id\":\"https:\\\/\\\/www.organisator.ch\\\/#organization\",\"name\":\"Organisator\",\"url\":\"https:\\\/\\\/www.organisator.ch\\\/\",\"logo\":{\"@type\":\"ImageObject\",\"inLanguage\":\"fr-FR\",\"@id\":\"https:\\\/\\\/www.organisator.ch\\\/#\\\/schema\\\/logo\\\/image\\\/\",\"url\":\"https:\\\/\\\/www.organisator.ch\\\/wp-content\\\/uploads\\\/2022\\\/01\\\/Logo_Organisator_Website.png\",\"contentUrl\":\"https:\\\/\\\/www.organisator.ch\\\/wp-content\\\/uploads\\\/2022\\\/01\\\/Logo_Organisator_Website.png\",\"width\":800,\"height\":77,\"caption\":\"Organisator\"},\"image\":{\"@id\":\"https:\\\/\\\/www.organisator.ch\\\/#\\\/schema\\\/logo\\\/image\\\/\"},\"sameAs\":[\"https:\\\/\\\/www.facebook.com\\\/OrganisatorFachmagazin\",\"https:\\\/\\\/www.linkedin.com\\\/showcase\\\/organisator-das-magazin-fr-kmu\",\"https:\\\/\\\/www.xing.com\\\/news\\\/pages\\\/organisator-ch-695\",\"https:\\\/\\\/www.youtube.com\\\/channel\\\/UCGP2Sq0iWaZwT3BdIAQFYpw\"]},{\"@type\":\"Person\",\"@id\":\"https:\\\/\\\/www.organisator.ch\\\/#\\\/schema\\\/person\\\/134708ca9321c57b0362cceb7948ffbd\",\"name\":\"michael.merz\",\"image\":{\"@type\":\"ImageObject\",\"inLanguage\":\"fr-FR\",\"@id\":\"https:\\\/\\\/secure.gravatar.com\\\/avatar\\\/?s=96&d=mm&r=g\",\"url\":\"https:\\\/\\\/secure.gravatar.com\\\/avatar\\\/?s=96&d=mm&r=g\",\"contentUrl\":\"https:\\\/\\\/secure.gravatar.com\\\/avatar\\\/?s=96&d=mm&r=g\",\"caption\":\"michael.merz\"},\"url\":\"https:\\\/\\\/www.organisator.ch\\\/fr\\\/author\\\/michael-merz\\\/\"}]}<\/script>\n<!-- \/ Yoast SEO plugin. -->","yoast_head_json":{"title":"Cigarettes \u00e9lectroniques : l'Empa s'inqui\u00e8te de l'explosion de la batterie dans la poche - Organisateurs","description":"L'Empa le prouve : les cigarettes \u00e9lectroniques tirent souvent leur \u00e9nergie d'accumulateurs au lithium-ion de type 18650. Ceux-ci sont litt\u00e9ralement dangereux en cas d'incendie.","robots":{"index":"index","follow":"follow","max-snippet":"max-snippet:-1","max-image-preview":"max-image-preview:large","max-video-preview":"max-video-preview:-1"},"canonical":"https:\/\/www.organisator.ch\/fr\/general\/2018-01-29\/e-zigaretten-empa-ueber-akku-explosion-in-der-hosentasche\/","og_locale":"fr_FR","og_type":"article","og_title":"E-Zigaretten: Empa \u00fcber Akku-Explosion in der Hosentasche - Organisator","og_description":"Die Empa beweist: E-Zigaretten beziehen ihre Energie oft aus Lithiumionen-Akkus vom Typ 18650. Diese sind sprichw\u00f6rtlich brandgef\u00e4hrlich.","og_url":"https:\/\/www.organisator.ch\/fr\/general\/2018-01-29\/e-zigaretten-empa-ueber-akku-explosion-in-der-hosentasche\/","og_site_name":"Organisator","article_publisher":"https:\/\/www.facebook.com\/OrganisatorFachmagazin","article_published_time":"2018-01-29T12:51:16+00:00","og_image":[{"width":1913,"height":1073,"url":"https:\/\/www.organisator.ch\/wp-content\/uploads\/2018\/01\/Empa-E-cigarrette-battery-Ex-1.jpg","type":"image\/jpeg"}],"author":"michael.merz","twitter_card":"summary_large_image","schema":{"@context":"https:\/\/schema.org","@graph":[{"@type":"Article","@id":"https:\/\/www.organisator.ch\/en\/general\/2018-01-29\/e-zigaretten-empa-ueber-akku-explosion-in-der-hosentasche\/#article","isPartOf":{"@id":"https:\/\/www.organisator.ch\/en\/general\/2018-01-29\/e-zigaretten-empa-ueber-akku-explosion-in-der-hosentasche\/"},"author":{"name":"michael.merz","@id":"https:\/\/www.organisator.ch\/#\/schema\/person\/134708ca9321c57b0362cceb7948ffbd"},"headline":"E-Zigaretten: Empa \u00fcber Akku-Explosion in der Hosentasche","datePublished":"2018-01-29T12:51:16+00:00","mainEntityOfPage":{"@id":"https:\/\/www.organisator.ch\/en\/general\/2018-01-29\/e-zigaretten-empa-ueber-akku-explosion-in-der-hosentasche\/"},"wordCount":381,"commentCount":0,"publisher":{"@id":"https:\/\/www.organisator.ch\/#organization"},"image":{"@id":"https:\/\/www.organisator.ch\/en\/general\/2018-01-29\/e-zigaretten-empa-ueber-akku-explosion-in-der-hosentasche\/#primaryimage"},"thumbnailUrl":"https:\/\/www.organisator.ch\/wp-content\/uploads\/2018\/01\/Empa-E-cigarrette-battery-Ex-1.jpg","keywords":["Akku","Defekt","Empa","Kassensturz"],"articleSection":["Allgemein"],"inLanguage":"fr-FR"},{"@type":"WebPage","@id":"https:\/\/www.organisator.ch\/en\/general\/2018-01-29\/e-zigaretten-empa-ueber-akku-explosion-in-der-hosentasche\/","url":"https:\/\/www.organisator.ch\/en\/general\/2018-01-29\/e-zigaretten-empa-ueber-akku-explosion-in-der-hosentasche\/","name":"Cigarettes \u00e9lectroniques : l'Empa s'inqui\u00e8te de l'explosion de la batterie dans la poche - Organisateurs","isPartOf":{"@id":"https:\/\/www.organisator.ch\/#website"},"primaryImageOfPage":{"@id":"https:\/\/www.organisator.ch\/en\/general\/2018-01-29\/e-zigaretten-empa-ueber-akku-explosion-in-der-hosentasche\/#primaryimage"},"image":{"@id":"https:\/\/www.organisator.ch\/en\/general\/2018-01-29\/e-zigaretten-empa-ueber-akku-explosion-in-der-hosentasche\/#primaryimage"},"thumbnailUrl":"https:\/\/www.organisator.ch\/wp-content\/uploads\/2018\/01\/Empa-E-cigarrette-battery-Ex-1.jpg","datePublished":"2018-01-29T12:51:16+00:00","description":"L'Empa le prouve : les cigarettes \u00e9lectroniques tirent souvent leur \u00e9nergie d'accumulateurs au lithium-ion de type 18650. Ceux-ci sont litt\u00e9ralement dangereux en cas d'incendie.","breadcrumb":{"@id":"https:\/\/www.organisator.ch\/en\/general\/2018-01-29\/e-zigaretten-empa-ueber-akku-explosion-in-der-hosentasche\/#breadcrumb"},"inLanguage":"fr-FR","potentialAction":[{"@type":"ReadAction","target":["https:\/\/www.organisator.ch\/en\/general\/2018-01-29\/e-zigaretten-empa-ueber-akku-explosion-in-der-hosentasche\/"]}]},{"@type":"ImageObject","inLanguage":"fr-FR","@id":"https:\/\/www.organisator.ch\/en\/general\/2018-01-29\/e-zigaretten-empa-ueber-akku-explosion-in-der-hosentasche\/#primaryimage","url":"https:\/\/www.organisator.ch\/wp-content\/uploads\/2018\/01\/Empa-E-cigarrette-battery-Ex-1.jpg","contentUrl":"https:\/\/www.organisator.ch\/wp-content\/uploads\/2018\/01\/Empa-E-cigarrette-battery-Ex-1.jpg","width":1913,"height":1073,"caption":"Stichflamme bei der Explosion eines Ersatzakkus f\u00fcr E-Zigaretten (Industrie-Akku Typ 18650). (Bild: Empa)"},{"@type":"BreadcrumbList","@id":"https:\/\/www.organisator.ch\/en\/general\/2018-01-29\/e-zigaretten-empa-ueber-akku-explosion-in-der-hosentasche\/#breadcrumb","itemListElement":[{"@type":"ListItem","position":1,"name":"Home","item":"https:\/\/www.organisator.ch\/"},{"@type":"ListItem","position":2,"name":"E-Zigaretten: Empa \u00fcber Akku-Explosion in der Hosentasche"}]},{"@type":"WebSite","@id":"https:\/\/www.organisator.ch\/#website","url":"https:\/\/www.organisator.ch\/","name":"Organisateur","description":"Comp\u00e9tence et comp\u00e9tence. Proches de la pratique. L'ORGANISATEUR pr\u00e9pare 10 num\u00e9ros par an sur les th\u00e8mes essentiels pour les dirigeants de PME.","publisher":{"@id":"https:\/\/www.organisator.ch\/#organization"},"potentialAction":[{"@type":"SearchAction","target":{"@type":"EntryPoint","urlTemplate":"https:\/\/www.organisator.ch\/?s={search_term_string}"},"query-input":{"@type":"PropertyValueSpecification","valueRequired":true,"valueName":"search_term_string"}}],"inLanguage":"fr-FR"},{"@type":"Organization","@id":"https:\/\/www.organisator.ch\/#organization","name":"Organisateur","url":"https:\/\/www.organisator.ch\/","logo":{"@type":"ImageObject","inLanguage":"fr-FR","@id":"https:\/\/www.organisator.ch\/#\/schema\/logo\/image\/","url":"https:\/\/www.organisator.ch\/wp-content\/uploads\/2022\/01\/Logo_Organisator_Website.png","contentUrl":"https:\/\/www.organisator.ch\/wp-content\/uploads\/2022\/01\/Logo_Organisator_Website.png","width":800,"height":77,"caption":"Organisator"},"image":{"@id":"https:\/\/www.organisator.ch\/#\/schema\/logo\/image\/"},"sameAs":["https:\/\/www.facebook.com\/OrganisatorFachmagazin","https:\/\/www.linkedin.com\/showcase\/organisator-das-magazin-fr-kmu","https:\/\/www.xing.com\/news\/pages\/organisator-ch-695","https:\/\/www.youtube.com\/channel\/UCGP2Sq0iWaZwT3BdIAQFYpw"]},{"@type":"Person","@id":"https:\/\/www.organisator.ch\/#\/schema\/person\/134708ca9321c57b0362cceb7948ffbd","name":"michael.merz","image":{"@type":"ImageObject","inLanguage":"fr-FR","@id":"https:\/\/secure.gravatar.com\/avatar\/?s=96&d=mm&r=g","url":"https:\/\/secure.gravatar.com\/avatar\/?s=96&d=mm&r=g","contentUrl":"https:\/\/secure.gravatar.com\/avatar\/?s=96&d=mm&r=g","caption":"michael.merz"},"url":"https:\/\/www.organisator.ch\/fr\/author\/michael-merz\/"}]}},"_links":{"self":[{"href":"https:\/\/www.organisator.ch\/fr\/wp-json\/wp\/v2\/posts\/1459","targetHints":{"allow":["GET"]}}],"collection":[{"href":"https:\/\/www.organisator.ch\/fr\/wp-json\/wp\/v2\/posts"}],"about":[{"href":"https:\/\/www.organisator.ch\/fr\/wp-json\/wp\/v2\/types\/post"}],"author":[{"embeddable":true,"href":"https:\/\/www.organisator.ch\/fr\/wp-json\/wp\/v2\/users\/5"}],"replies":[{"embeddable":true,"href":"https:\/\/www.organisator.ch\/fr\/wp-json\/wp\/v2\/comments?post=1459"}],"version-history":[{"count":0,"href":"https:\/\/www.organisator.ch\/fr\/wp-json\/wp\/v2\/posts\/1459\/revisions"}],"wp:featuredmedia":[{"embeddable":true,"href":"https:\/\/www.organisator.ch\/fr\/wp-json\/wp\/v2\/media\/1460"}],"wp:attachment":[{"href":"https:\/\/www.organisator.ch\/fr\/wp-json\/wp\/v2\/media?parent=1459"}],"wp:term":[{"taxonomy":"category","embeddable":true,"href":"https:\/\/www.organisator.ch\/fr\/wp-json\/wp\/v2\/categories?post=1459"},{"taxonomy":"post_tag","embeddable":true,"href":"https:\/\/www.organisator.ch\/fr\/wp-json\/wp\/v2\/tags?post=1459"}],"curies":[{"name":"wp","href":"https:\/\/api.w.org\/{rel}","templated":true}]}}