{"id":1462,"date":"2018-01-30T13:08:29","date_gmt":"2018-01-30T12:08:29","guid":{"rendered":"https:\/\/www.umweltperspektiven.ch\/?p=1462"},"modified":"2022-02-09T11:06:54","modified_gmt":"2022-02-09T10:06:54","slug":"1462-2","status":"publish","type":"post","link":"https:\/\/www.organisator.ch\/fr\/sustainability\/2018-01-30\/1462-2\/","title":{"rendered":"Suva : hausse du nombre d'accidents due au beau temps"},"content":{"rendered":"<figure id=\"attachment_1463\" aria-describedby=\"caption-attachment-1463\" style=\"width: 680px\" class=\"wp-caption alignnone\"><img loading=\"lazy\" decoding=\"async\" class=\"size-medium wp-image-1463\" src=\"\/\/www.umweltperspektiven.ch\/wp-content\/uploads\/2018\/01\/SUVA-Erhebung-Sch\u00f6nes-Wetter-liess-Unfallzahlen-2017-ansteigen-up-umweltperspektiven.jpg\" alt=\"\" width=\"680\" height=\"438\" \/><figcaption id=\"caption-attachment-1463\" class=\"wp-caption-text\">La conduite d'une voiture, d'un v\u00e9lo et m\u00eame d'un bateau est soumise \u00e0 des r\u00e8gles claires. Qu'en est-il du ski \u00e0 contre-jour ? (image : pixabay)<\/figcaption><\/figure>\n<p>Pour 2017, la Suva annonce plus de 465 000 accidents. C'est un pour cent de plus que l'ann\u00e9e pr\u00e9c\u00e9dente. Le nombre d'accidents professionnels est rest\u00e9 stable par rapport \u00e0 l'ann\u00e9e pr\u00e9c\u00e9dente, bien que le nombre de personnes employ\u00e9es en Suisse ait augment\u00e9 de pr\u00e8s de 1 pour cent selon l'Office f\u00e9d\u00e9ral de la statistique. Le nombre d'accidents non professionnels a en revanche augment\u00e9 de 1,9 pour cent. Celui-ci \u00e9tait encore en l\u00e9g\u00e8re baisse l'ann\u00e9e pr\u00e9c\u00e9dente.<\/p>\n<div class=\"m-text-image m-text-image--textonly\" data-anchor=\"text-1\">\n<div class=\"m-rich\">\n<p>Accidents enregistr\u00e9s par la Suva<\/p>\n<\/div>\n<\/div>\n<table class=\"a-table__table js-a-table__table\" style=\"height: 226px;\" width=\"981\">\n<thead class=\"a-table__head\">\n<tr class=\"a-table__row\">\n<th class=\"a-table__th\"><strong>\u00a0<\/strong><\/th>\n<th class=\"a-table__th\"><strong>2017<\/strong><\/th>\n<th class=\"a-table__th\"><strong>2016<\/strong><\/th>\n<th class=\"a-table__th\"><strong>Diff\u00e9rence<\/strong><\/th>\n<\/tr>\n<\/thead>\n<tbody>\n<tr class=\"a-table__row\">\n<td class=\"a-table__td\"><strong>Total accidents et maladies professionnelles<\/strong><\/td>\n<td class=\"a-table__td\"><strong>\u00a0\u00a0\u00a0\u00a0\u00a0\u00a0\u00a0\u00a0\u00a0 465\u00a0701<\/strong><\/td>\n<td class=\"a-table__td\"><strong>\u00a0\u00a0\u00a0\u00a0\u00a0\u00a0 461\u00a0010<\/strong><\/td>\n<td class=\"a-table__td\"><strong>\u00a0\u00a0\u00a0\u00a0\u00a0\u00a0 + 1,0 %<\/strong><\/td>\n<\/tr>\n<tr class=\"a-table__row\">\n<td class=\"a-table__td\">- dont accidents et maladies professionnels<\/td>\n<td class=\"a-table__td\">\u00a0\u00a0\u00a0\u00a0\u00a0\u00a0\u00a0\u00a0\u00a0\u00a0\u00a0\u00a0 177 973<\/td>\n<td class=\"a-table__td\">\u00a0\u00a0\u00a0\u00a0\u00a0\u00a0\u00a0\u00a0 178 282<\/td>\n<td class=\"a-table__td\">\u00a0\u00a0\u00a0\u00a0\u00a0\u00a0\u00a0 - 0,2 %<\/td>\n<\/tr>\n<tr class=\"a-table__row\">\n<td class=\"a-table__td\">- dont accidents non professionnels<\/td>\n<td class=\"a-table__td\">\u00a0\u00a0\u00a0\u00a0\u00a0\u00a0\u00a0\u00a0\u00a0\u00a0 268 934<\/td>\n<td class=\"a-table__td\">\u00a0\u00a0\u00a0\u00a0\u00a0\u00a0\u00a0 263 987<\/td>\n<td class=\"a-table__td\">\u00a0\u00a0\u00a0\u00a0\u00a0\u00a0\u00a0\u00a0 + 1,9 %<\/td>\n<\/tr>\n<tr class=\"a-table__row\">\n<td class=\"a-table__td\">- dont accidents et maladies professionnelles dans l'assurance volontaire des entrepreneurs<\/td>\n<td class=\"a-table__td\">\u00a0\u00a0\u00a0\u00a0\u00a0\u00a0\u00a0\u00a0\u00a0\u00a0\u00a0\u00a0\u00a0\u00a0\u00a0\u00a0\u00a0 1139<\/td>\n<td class=\"a-table__td\">\u00a0\u00a0\u00a0\u00a0\u00a0\u00a0\u00a0\u00a0\u00a0\u00a0\u00a0\u00a0\u00a0 1094<\/td>\n<td class=\"a-table__td\">\u00a0\u00a0\u00a0\u00a0\u00a0\u00a0\u00a0\u00a0 + 4,1 %<\/td>\n<\/tr>\n<tr class=\"a-table__row\">\n<td class=\"a-table__td\">- dont accidents et maladies professionnelles dans l'assurance accidents des ch\u00f4meurs<\/td>\n<td class=\"a-table__td\">\u00a0\u00a0\u00a0\u00a0\u00a0\u00a0\u00a0\u00a0\u00a0\u00a0\u00a0\u00a0\u00a0\u00a0 17 655<\/td>\n<td class=\"a-table__td\">\u00a0\u00a0\u00a0\u00a0\u00a0\u00a0\u00a0\u00a0\u00a0\u00a0 17 647<\/td>\n<td class=\"a-table__td\">\u00a0\u00a0\u00a0\u00a0\u00a0\u00a0\u00a0\u00a0\u00a0\u00a0\u00a0 0,0 %<\/td>\n<\/tr>\n<\/tbody>\n<\/table>\n<p>(Source : Suva)<\/p>\n<h4><\/h4>\n<h4>\u00a0La vague de chaleur a provoqu\u00e9 davantage d'accidents<\/h4>\n<p>La Suva a enregistr\u00e9 nettement plus d'accidents non professionnels que l'ann\u00e9e pr\u00e9c\u00e9dente aupr\u00e8s de ses assur\u00e9s, surtout en janvier et juin 2017. Selon M\u00e9t\u00e9oSuisse, l'ann\u00e9e 2017 a apport\u00e9 \u00e0 la Suisse le troisi\u00e8me printemps le plus chaud et le troisi\u00e8me \u00e9t\u00e9 le plus chaud depuis le d\u00e9but des mesures en 1864. Le mois de juin en particulier a connu une vague de chaleur atypique pour ce mois. Une autre vague de chaleur a \u00e9t\u00e9 enregistr\u00e9e en octobre. \"En cons\u00e9quence, les gens ont \u00e9t\u00e9 actifs plus longtemps \u00e0 l'ext\u00e9rieur, ce qui a entra\u00een\u00e9 davantage d'accidents\", explique Peter Andermatt, statisticien de la Suva.<\/p>\n<p>En ce qui concerne les activit\u00e9s de loisirs, ce sont surtout les accidents lors de randonn\u00e9es et de promenades (+ 16,5 pour cent) ainsi qu'\u00e0 moto (+ 4,8 pour cent) et \u00e0 v\u00e9lo (+ 3,6 pour cent) qui ont pes\u00e9 dans la balance. Durant les mois exceptionnellement chauds de juin et octobre, les assur\u00e9s ont d\u00e9clar\u00e9 nettement plus d'accidents que l'ann\u00e9e pr\u00e9c\u00e9dente pour ces trois activit\u00e9s de loisirs. Les accidents de randonn\u00e9e et de promenade ont m\u00eame augment\u00e9 de moiti\u00e9 en janvier et en juin par rapport \u00e0 l'ann\u00e9e pr\u00e9c\u00e9dente. Au total, la Suva a enregistr\u00e9 plus de 21 500 accidents lors de randonn\u00e9es et de promenades.<\/p>\n<h4>Les jeunes ont moins d'accidents de loisirs<\/h4>\n<p>La plus forte augmentation de tous les accidents de loisirs a \u00e9t\u00e9 enregistr\u00e9e par les personnes \u00e2g\u00e9es de 55 \u00e0 64 ans, avec 8 pour cent. \"Apparemment, les personnes de cette tranche d'\u00e2ge sont plus souvent attir\u00e9es par l'ext\u00e9rieur par beau temps que les plus jeunes\", explique le statisticien Andermatt. En effet, la forte augmentation des accidents dans cette tranche d'\u00e2ge ne peut pas s'expliquer uniquement par le fait qu'il y a de plus en plus d'assur\u00e9s dans cette classe d'\u00e2ge en raison de la g\u00e9n\u00e9ration du baby-boom. Les 35-44 ans enregistrent une augmentation de 3,6 pour cent des accidents de loisirs. Chez les moins de 24 ans, les accidents de loisirs ont m\u00eame diminu\u00e9 de 2,7 pour cent.<\/p>\n<p>La Suva assure environ deux tiers des travailleurs en Suisse contre les cons\u00e9quences des accidents professionnels et non professionnels ainsi que des maladies professionnelles.<\/p>\n<p><a href=\"\/\/www.suva.ch\">www.suva.ch<\/a><\/p>","protected":false},"excerpt":{"rendered":"<p>F\u00fcr 2017 meldet die Suva \u00fcber 465 000 Unf\u00e4lle. Das ist ein Prozent mehr als im Vorjahr. Dabei blieb die Zahl der Berufsunf\u00e4lle im Vergleich zum Vorjahr stabil, obwohl die Anzahl der Besch\u00e4ftigten in der Schweiz gem\u00e4ss Bundesamt f\u00fcr Statistik um knapp 1 Prozent zugenommen hat. Die Zahl der Nichtberufsunf\u00e4lle ist hingegen um 1,9 Prozent [&hellip;]<\/p>\n","protected":false},"author":5,"featured_media":9533,"comment_status":"open","ping_status":"open","sticky":false,"template":"","format":"standard","meta":{"_acf_changed":false,"_yoast_wpseo_focuskw":"Suva","_yoast_wpseo_metadesc":"Suva zeigt: 2017 verunfallten deutlich mehr Versicherte der Suva beim Wandern, Spazieren oder auf dem Motorrad und Velo. Grund daf\u00fcr war das warme Wetter.","articlekey":"","footnotes":""},"categories":[580],"tags":[596,424,463,616],"class_list":["post-1462","post","type-post","status-publish","format-standard","has-post-thumbnail","hentry","category-sustainability","tag-klima","tag-schweiz","tag-suva","tag-unfaelle"],"acf":[],"yoast_head":"<!-- This site is optimized with the Yoast SEO plugin v27.4 - https:\/\/yoast.com\/product\/yoast-seo-wordpress\/ -->\n<title>Suva: Gestiegene Unfallzahlen wegen sch\u00f6nem Wetter - Organisator<\/title>\n<meta name=\"description\" content=\"Suva zeigt: 2017 verunfallten deutlich mehr Versicherte der Suva beim Wandern, Spazieren oder auf dem Motorrad und Velo. Grund daf\u00fcr war das warme Wetter.\" \/>\n<meta name=\"robots\" content=\"index, follow, max-snippet:-1, max-image-preview:large, max-video-preview:-1\" \/>\n<link rel=\"canonical\" href=\"https:\/\/www.organisator.ch\/fr\/sustainability\/2018-01-30\/1462-2\/\" \/>\n<meta property=\"og:locale\" content=\"fr_FR\" \/>\n<meta property=\"og:type\" content=\"article\" \/>\n<meta property=\"og:title\" content=\"Suva: Gestiegene Unfallzahlen wegen sch\u00f6nem Wetter - Organisator\" \/>\n<meta property=\"og:description\" content=\"Suva zeigt: 2017 verunfallten deutlich mehr Versicherte der Suva beim Wandern, Spazieren oder auf dem Motorrad und Velo. Grund daf\u00fcr war das warme Wetter.\" \/>\n<meta property=\"og:url\" content=\"https:\/\/www.organisator.ch\/fr\/sustainability\/2018-01-30\/1462-2\/\" \/>\n<meta property=\"og:site_name\" content=\"Organisator\" \/>\n<meta property=\"article:publisher\" content=\"https:\/\/www.facebook.com\/OrganisatorFachmagazin\" \/>\n<meta property=\"article:published_time\" content=\"2018-01-30T12:08:29+00:00\" \/>\n<meta property=\"article:modified_time\" content=\"2022-02-09T10:06:54+00:00\" \/>\n<meta property=\"og:image\" content=\"https:\/\/www.organisator.ch\/wp-content\/uploads\/2018\/01\/SUVA-Erhebung-Schoenes-Wetter-liess-Unfallzahlen-2017-ansteigen-up-umweltperspektiven.jpg\" \/>\n\t<meta property=\"og:image:width\" content=\"1098\" \/>\n\t<meta property=\"og:image:height\" content=\"708\" \/>\n\t<meta property=\"og:image:type\" content=\"image\/jpeg\" \/>\n<meta name=\"author\" content=\"michael.merz\" \/>\n<meta name=\"twitter:card\" content=\"summary_large_image\" \/>\n<script type=\"application\/ld+json\" class=\"yoast-schema-graph\">{\"@context\":\"https:\\\/\\\/schema.org\",\"@graph\":[{\"@type\":\"Article\",\"@id\":\"https:\\\/\\\/www.organisator.ch\\\/sustainability\\\/2018-01-30\\\/1462-2\\\/#article\",\"isPartOf\":{\"@id\":\"https:\\\/\\\/www.organisator.ch\\\/sustainability\\\/2018-01-30\\\/1462-2\\\/\"},\"author\":{\"name\":\"michael.merz\",\"@id\":\"https:\\\/\\\/www.organisator.ch\\\/#\\\/schema\\\/person\\\/134708ca9321c57b0362cceb7948ffbd\"},\"headline\":\"Suva: Gestiegene Unfallzahlen wegen sch\u00f6nem Wetter\",\"datePublished\":\"2018-01-30T12:08:29+00:00\",\"dateModified\":\"2022-02-09T10:06:54+00:00\",\"mainEntityOfPage\":{\"@id\":\"https:\\\/\\\/www.organisator.ch\\\/sustainability\\\/2018-01-30\\\/1462-2\\\/\"},\"wordCount\":446,\"commentCount\":0,\"publisher\":{\"@id\":\"https:\\\/\\\/www.organisator.ch\\\/#organization\"},\"image\":{\"@id\":\"https:\\\/\\\/www.organisator.ch\\\/sustainability\\\/2018-01-30\\\/1462-2\\\/#primaryimage\"},\"thumbnailUrl\":\"https:\\\/\\\/www.organisator.ch\\\/wp-content\\\/uploads\\\/2018\\\/01\\\/SUVA-Erhebung-Schoenes-Wetter-liess-Unfallzahlen-2017-ansteigen-up-umweltperspektiven.jpg\",\"keywords\":[\"KLIMA\",\"Schweiz\",\"SUVA\",\"Unf\u00e4lle\"],\"articleSection\":[\"SUSTAINABILITY\"],\"inLanguage\":\"fr-FR\"},{\"@type\":\"WebPage\",\"@id\":\"https:\\\/\\\/www.organisator.ch\\\/sustainability\\\/2018-01-30\\\/1462-2\\\/\",\"url\":\"https:\\\/\\\/www.organisator.ch\\\/sustainability\\\/2018-01-30\\\/1462-2\\\/\",\"name\":\"Suva: Gestiegene Unfallzahlen wegen sch\u00f6nem Wetter - Organisator\",\"isPartOf\":{\"@id\":\"https:\\\/\\\/www.organisator.ch\\\/#website\"},\"primaryImageOfPage\":{\"@id\":\"https:\\\/\\\/www.organisator.ch\\\/sustainability\\\/2018-01-30\\\/1462-2\\\/#primaryimage\"},\"image\":{\"@id\":\"https:\\\/\\\/www.organisator.ch\\\/sustainability\\\/2018-01-30\\\/1462-2\\\/#primaryimage\"},\"thumbnailUrl\":\"https:\\\/\\\/www.organisator.ch\\\/wp-content\\\/uploads\\\/2018\\\/01\\\/SUVA-Erhebung-Schoenes-Wetter-liess-Unfallzahlen-2017-ansteigen-up-umweltperspektiven.jpg\",\"datePublished\":\"2018-01-30T12:08:29+00:00\",\"dateModified\":\"2022-02-09T10:06:54+00:00\",\"description\":\"Suva zeigt: 2017 verunfallten deutlich mehr Versicherte der Suva beim Wandern, Spazieren oder auf dem Motorrad und Velo. Grund daf\u00fcr war das warme Wetter.\",\"breadcrumb\":{\"@id\":\"https:\\\/\\\/www.organisator.ch\\\/sustainability\\\/2018-01-30\\\/1462-2\\\/#breadcrumb\"},\"inLanguage\":\"fr-FR\",\"potentialAction\":[{\"@type\":\"ReadAction\",\"target\":[\"https:\\\/\\\/www.organisator.ch\\\/sustainability\\\/2018-01-30\\\/1462-2\\\/\"]}]},{\"@type\":\"ImageObject\",\"inLanguage\":\"fr-FR\",\"@id\":\"https:\\\/\\\/www.organisator.ch\\\/sustainability\\\/2018-01-30\\\/1462-2\\\/#primaryimage\",\"url\":\"https:\\\/\\\/www.organisator.ch\\\/wp-content\\\/uploads\\\/2018\\\/01\\\/SUVA-Erhebung-Schoenes-Wetter-liess-Unfallzahlen-2017-ansteigen-up-umweltperspektiven.jpg\",\"contentUrl\":\"https:\\\/\\\/www.organisator.ch\\\/wp-content\\\/uploads\\\/2018\\\/01\\\/SUVA-Erhebung-Schoenes-Wetter-liess-Unfallzahlen-2017-ansteigen-up-umweltperspektiven.jpg\",\"width\":1098,\"height\":708,\"caption\":\"Beim Auto-, Velo- und sogar Bootfahren gibt es klare Bestimmungen. Wie ist es beim Skifahren bei Gegenlicht? (Bild: pixabay)\"},{\"@type\":\"BreadcrumbList\",\"@id\":\"https:\\\/\\\/www.organisator.ch\\\/sustainability\\\/2018-01-30\\\/1462-2\\\/#breadcrumb\",\"itemListElement\":[{\"@type\":\"ListItem\",\"position\":1,\"name\":\"Home\",\"item\":\"https:\\\/\\\/www.organisator.ch\\\/\"},{\"@type\":\"ListItem\",\"position\":2,\"name\":\"Suva: Gestiegene Unfallzahlen wegen sch\u00f6nem Wetter\"}]},{\"@type\":\"WebSite\",\"@id\":\"https:\\\/\\\/www.organisator.ch\\\/#website\",\"url\":\"https:\\\/\\\/www.organisator.ch\\\/\",\"name\":\"Organisator\",\"description\":\"Kompetent. Praxisnah. Der ORGANISATOR bereitet in 10 Ausgaben pro Jahr die wesentlichen Themen f\u00fcr F\u00fchrungskr\u00e4fte von KMU auf.\",\"publisher\":{\"@id\":\"https:\\\/\\\/www.organisator.ch\\\/#organization\"},\"potentialAction\":[{\"@type\":\"SearchAction\",\"target\":{\"@type\":\"EntryPoint\",\"urlTemplate\":\"https:\\\/\\\/www.organisator.ch\\\/?s={search_term_string}\"},\"query-input\":{\"@type\":\"PropertyValueSpecification\",\"valueRequired\":true,\"valueName\":\"search_term_string\"}}],\"inLanguage\":\"fr-FR\"},{\"@type\":\"Organization\",\"@id\":\"https:\\\/\\\/www.organisator.ch\\\/#organization\",\"name\":\"Organisator\",\"url\":\"https:\\\/\\\/www.organisator.ch\\\/\",\"logo\":{\"@type\":\"ImageObject\",\"inLanguage\":\"fr-FR\",\"@id\":\"https:\\\/\\\/www.organisator.ch\\\/#\\\/schema\\\/logo\\\/image\\\/\",\"url\":\"https:\\\/\\\/www.organisator.ch\\\/wp-content\\\/uploads\\\/2022\\\/01\\\/Logo_Organisator_Website.png\",\"contentUrl\":\"https:\\\/\\\/www.organisator.ch\\\/wp-content\\\/uploads\\\/2022\\\/01\\\/Logo_Organisator_Website.png\",\"width\":800,\"height\":77,\"caption\":\"Organisator\"},\"image\":{\"@id\":\"https:\\\/\\\/www.organisator.ch\\\/#\\\/schema\\\/logo\\\/image\\\/\"},\"sameAs\":[\"https:\\\/\\\/www.facebook.com\\\/OrganisatorFachmagazin\",\"https:\\\/\\\/www.linkedin.com\\\/showcase\\\/organisator-das-magazin-fr-kmu\",\"https:\\\/\\\/www.xing.com\\\/news\\\/pages\\\/organisator-ch-695\",\"https:\\\/\\\/www.youtube.com\\\/channel\\\/UCGP2Sq0iWaZwT3BdIAQFYpw\"]},{\"@type\":\"Person\",\"@id\":\"https:\\\/\\\/www.organisator.ch\\\/#\\\/schema\\\/person\\\/134708ca9321c57b0362cceb7948ffbd\",\"name\":\"michael.merz\",\"image\":{\"@type\":\"ImageObject\",\"inLanguage\":\"fr-FR\",\"@id\":\"https:\\\/\\\/secure.gravatar.com\\\/avatar\\\/?s=96&d=mm&r=g\",\"url\":\"https:\\\/\\\/secure.gravatar.com\\\/avatar\\\/?s=96&d=mm&r=g\",\"contentUrl\":\"https:\\\/\\\/secure.gravatar.com\\\/avatar\\\/?s=96&d=mm&r=g\",\"caption\":\"michael.merz\"},\"url\":\"https:\\\/\\\/www.organisator.ch\\\/fr\\\/author\\\/michael-merz\\\/\"}]}<\/script>\n<!-- \/ Yoast SEO plugin. -->","yoast_head_json":{"title":"Suva : augmentation du nombre d'accidents en raison du beau temps - organisateur","description":"La Suva le montre : en 2017, les assur\u00e9s de la Suva ont \u00e9t\u00e9 nettement plus nombreux \u00e0 \u00eatre victimes d'un accident lors de randonn\u00e9es, de promenades ou sur une moto ou un v\u00e9lo. La raison en est le temps chaud.","robots":{"index":"index","follow":"follow","max-snippet":"max-snippet:-1","max-image-preview":"max-image-preview:large","max-video-preview":"max-video-preview:-1"},"canonical":"https:\/\/www.organisator.ch\/fr\/sustainability\/2018-01-30\/1462-2\/","og_locale":"fr_FR","og_type":"article","og_title":"Suva: Gestiegene Unfallzahlen wegen sch\u00f6nem Wetter - Organisator","og_description":"Suva zeigt: 2017 verunfallten deutlich mehr Versicherte der Suva beim Wandern, Spazieren oder auf dem Motorrad und Velo. Grund daf\u00fcr war das warme Wetter.","og_url":"https:\/\/www.organisator.ch\/fr\/sustainability\/2018-01-30\/1462-2\/","og_site_name":"Organisator","article_publisher":"https:\/\/www.facebook.com\/OrganisatorFachmagazin","article_published_time":"2018-01-30T12:08:29+00:00","article_modified_time":"2022-02-09T10:06:54+00:00","og_image":[{"width":1098,"height":708,"url":"https:\/\/www.organisator.ch\/wp-content\/uploads\/2018\/01\/SUVA-Erhebung-Schoenes-Wetter-liess-Unfallzahlen-2017-ansteigen-up-umweltperspektiven.jpg","type":"image\/jpeg"}],"author":"michael.merz","twitter_card":"summary_large_image","schema":{"@context":"https:\/\/schema.org","@graph":[{"@type":"Article","@id":"https:\/\/www.organisator.ch\/sustainability\/2018-01-30\/1462-2\/#article","isPartOf":{"@id":"https:\/\/www.organisator.ch\/sustainability\/2018-01-30\/1462-2\/"},"author":{"name":"michael.merz","@id":"https:\/\/www.organisator.ch\/#\/schema\/person\/134708ca9321c57b0362cceb7948ffbd"},"headline":"Suva: Gestiegene Unfallzahlen wegen sch\u00f6nem Wetter","datePublished":"2018-01-30T12:08:29+00:00","dateModified":"2022-02-09T10:06:54+00:00","mainEntityOfPage":{"@id":"https:\/\/www.organisator.ch\/sustainability\/2018-01-30\/1462-2\/"},"wordCount":446,"commentCount":0,"publisher":{"@id":"https:\/\/www.organisator.ch\/#organization"},"image":{"@id":"https:\/\/www.organisator.ch\/sustainability\/2018-01-30\/1462-2\/#primaryimage"},"thumbnailUrl":"https:\/\/www.organisator.ch\/wp-content\/uploads\/2018\/01\/SUVA-Erhebung-Schoenes-Wetter-liess-Unfallzahlen-2017-ansteigen-up-umweltperspektiven.jpg","keywords":["KLIMA","Schweiz","SUVA","Unf\u00e4lle"],"articleSection":["SUSTAINABILITY"],"inLanguage":"fr-FR"},{"@type":"WebPage","@id":"https:\/\/www.organisator.ch\/sustainability\/2018-01-30\/1462-2\/","url":"https:\/\/www.organisator.ch\/sustainability\/2018-01-30\/1462-2\/","name":"Suva : augmentation du nombre d'accidents en raison du beau temps - organisateur","isPartOf":{"@id":"https:\/\/www.organisator.ch\/#website"},"primaryImageOfPage":{"@id":"https:\/\/www.organisator.ch\/sustainability\/2018-01-30\/1462-2\/#primaryimage"},"image":{"@id":"https:\/\/www.organisator.ch\/sustainability\/2018-01-30\/1462-2\/#primaryimage"},"thumbnailUrl":"https:\/\/www.organisator.ch\/wp-content\/uploads\/2018\/01\/SUVA-Erhebung-Schoenes-Wetter-liess-Unfallzahlen-2017-ansteigen-up-umweltperspektiven.jpg","datePublished":"2018-01-30T12:08:29+00:00","dateModified":"2022-02-09T10:06:54+00:00","description":"La Suva le montre : en 2017, les assur\u00e9s de la Suva ont \u00e9t\u00e9 nettement plus nombreux \u00e0 \u00eatre victimes d'un accident lors de randonn\u00e9es, de promenades ou sur une moto ou un v\u00e9lo. La raison en est le temps chaud.","breadcrumb":{"@id":"https:\/\/www.organisator.ch\/sustainability\/2018-01-30\/1462-2\/#breadcrumb"},"inLanguage":"fr-FR","potentialAction":[{"@type":"ReadAction","target":["https:\/\/www.organisator.ch\/sustainability\/2018-01-30\/1462-2\/"]}]},{"@type":"ImageObject","inLanguage":"fr-FR","@id":"https:\/\/www.organisator.ch\/sustainability\/2018-01-30\/1462-2\/#primaryimage","url":"https:\/\/www.organisator.ch\/wp-content\/uploads\/2018\/01\/SUVA-Erhebung-Schoenes-Wetter-liess-Unfallzahlen-2017-ansteigen-up-umweltperspektiven.jpg","contentUrl":"https:\/\/www.organisator.ch\/wp-content\/uploads\/2018\/01\/SUVA-Erhebung-Schoenes-Wetter-liess-Unfallzahlen-2017-ansteigen-up-umweltperspektiven.jpg","width":1098,"height":708,"caption":"Beim Auto-, Velo- und sogar Bootfahren gibt es klare Bestimmungen. Wie ist es beim Skifahren bei Gegenlicht? (Bild: pixabay)"},{"@type":"BreadcrumbList","@id":"https:\/\/www.organisator.ch\/sustainability\/2018-01-30\/1462-2\/#breadcrumb","itemListElement":[{"@type":"ListItem","position":1,"name":"Home","item":"https:\/\/www.organisator.ch\/"},{"@type":"ListItem","position":2,"name":"Suva: Gestiegene Unfallzahlen wegen sch\u00f6nem Wetter"}]},{"@type":"WebSite","@id":"https:\/\/www.organisator.ch\/#website","url":"https:\/\/www.organisator.ch\/","name":"Organisateur","description":"Comp\u00e9tence et comp\u00e9tence. Proches de la pratique. L'ORGANISATEUR pr\u00e9pare 10 num\u00e9ros par an sur les th\u00e8mes essentiels pour les dirigeants de PME.","publisher":{"@id":"https:\/\/www.organisator.ch\/#organization"},"potentialAction":[{"@type":"SearchAction","target":{"@type":"EntryPoint","urlTemplate":"https:\/\/www.organisator.ch\/?s={search_term_string}"},"query-input":{"@type":"PropertyValueSpecification","valueRequired":true,"valueName":"search_term_string"}}],"inLanguage":"fr-FR"},{"@type":"Organization","@id":"https:\/\/www.organisator.ch\/#organization","name":"Organisateur","url":"https:\/\/www.organisator.ch\/","logo":{"@type":"ImageObject","inLanguage":"fr-FR","@id":"https:\/\/www.organisator.ch\/#\/schema\/logo\/image\/","url":"https:\/\/www.organisator.ch\/wp-content\/uploads\/2022\/01\/Logo_Organisator_Website.png","contentUrl":"https:\/\/www.organisator.ch\/wp-content\/uploads\/2022\/01\/Logo_Organisator_Website.png","width":800,"height":77,"caption":"Organisator"},"image":{"@id":"https:\/\/www.organisator.ch\/#\/schema\/logo\/image\/"},"sameAs":["https:\/\/www.facebook.com\/OrganisatorFachmagazin","https:\/\/www.linkedin.com\/showcase\/organisator-das-magazin-fr-kmu","https:\/\/www.xing.com\/news\/pages\/organisator-ch-695","https:\/\/www.youtube.com\/channel\/UCGP2Sq0iWaZwT3BdIAQFYpw"]},{"@type":"Person","@id":"https:\/\/www.organisator.ch\/#\/schema\/person\/134708ca9321c57b0362cceb7948ffbd","name":"michael.merz","image":{"@type":"ImageObject","inLanguage":"fr-FR","@id":"https:\/\/secure.gravatar.com\/avatar\/?s=96&d=mm&r=g","url":"https:\/\/secure.gravatar.com\/avatar\/?s=96&d=mm&r=g","contentUrl":"https:\/\/secure.gravatar.com\/avatar\/?s=96&d=mm&r=g","caption":"michael.merz"},"url":"https:\/\/www.organisator.ch\/fr\/author\/michael-merz\/"}]}},"_links":{"self":[{"href":"https:\/\/www.organisator.ch\/fr\/wp-json\/wp\/v2\/posts\/1462","targetHints":{"allow":["GET"]}}],"collection":[{"href":"https:\/\/www.organisator.ch\/fr\/wp-json\/wp\/v2\/posts"}],"about":[{"href":"https:\/\/www.organisator.ch\/fr\/wp-json\/wp\/v2\/types\/post"}],"author":[{"embeddable":true,"href":"https:\/\/www.organisator.ch\/fr\/wp-json\/wp\/v2\/users\/5"}],"replies":[{"embeddable":true,"href":"https:\/\/www.organisator.ch\/fr\/wp-json\/wp\/v2\/comments?post=1462"}],"version-history":[{"count":1,"href":"https:\/\/www.organisator.ch\/fr\/wp-json\/wp\/v2\/posts\/1462\/revisions"}],"predecessor-version":[{"id":10717,"href":"https:\/\/www.organisator.ch\/fr\/wp-json\/wp\/v2\/posts\/1462\/revisions\/10717"}],"wp:featuredmedia":[{"embeddable":true,"href":"https:\/\/www.organisator.ch\/fr\/wp-json\/wp\/v2\/media\/9533"}],"wp:attachment":[{"href":"https:\/\/www.organisator.ch\/fr\/wp-json\/wp\/v2\/media?parent=1462"}],"wp:term":[{"taxonomy":"category","embeddable":true,"href":"https:\/\/www.organisator.ch\/fr\/wp-json\/wp\/v2\/categories?post=1462"},{"taxonomy":"post_tag","embeddable":true,"href":"https:\/\/www.organisator.ch\/fr\/wp-json\/wp\/v2\/tags?post=1462"}],"curies":[{"name":"wp","href":"https:\/\/api.w.org\/{rel}","templated":true}]}}