{"id":14845,"date":"2022-06-15T11:17:44","date_gmt":"2022-06-15T09:17:44","guid":{"rendered":"https:\/\/www.organisator.ch\/?p=14845"},"modified":"2022-06-15T11:17:44","modified_gmt":"2022-06-15T09:17:44","slug":"avec-un-check-culturel-orientation-des-utilisateurs-dans-la-vie-professionnelle","status":"publish","type":"post","link":"https:\/\/www.organisator.ch\/fr\/human-resources\/2022-06-15\/mit-einem-kulturcheck-nutzern-orientierung-im-arbeitsleben-bieten\/","title":{"rendered":"Orienter les utilisateurs dans la vie professionnelle gr\u00e2ce \u00e0 un bilan culturel"},"content":{"rendered":"<figure id=\"attachment_14846\" aria-describedby=\"caption-attachment-14846\" style=\"width: 493px\" class=\"wp-caption alignnone\"><img loading=\"lazy\" decoding=\"async\" class=\"size-medium wp-image-14846\" src=\"https:\/\/www.organisator.ch\/wp-content\/uploads\/2022\/06\/Mit-einem-Kulturcheck-Nutzern-Orientierung-im-Arbeitsleben-bieten_Organisator-493x1000.jpg\" alt=\"\" width=\"493\" height=\"1000\" srcset=\"https:\/\/www.organisator.ch\/wp-content\/uploads\/2022\/06\/Mit-einem-Kulturcheck-Nutzern-Orientierung-im-Arbeitsleben-bieten_Organisator-493x1000.jpg 493w, https:\/\/www.organisator.ch\/wp-content\/uploads\/2022\/06\/Mit-einem-Kulturcheck-Nutzern-Orientierung-im-Arbeitsleben-bieten_Organisator-505x1024.jpg 505w, https:\/\/www.organisator.ch\/wp-content\/uploads\/2022\/06\/Mit-einem-Kulturcheck-Nutzern-Orientierung-im-Arbeitsleben-bieten_Organisator-6x12.jpg 6w, https:\/\/www.organisator.ch\/wp-content\/uploads\/2022\/06\/Mit-einem-Kulturcheck-Nutzern-Orientierung-im-Arbeitsleben-bieten_Organisator-86x175.jpg 86w, https:\/\/www.organisator.ch\/wp-content\/uploads\/2022\/06\/Mit-einem-Kulturcheck-Nutzern-Orientierung-im-Arbeitsleben-bieten_Organisator-172x350.jpg 172w, https:\/\/www.organisator.ch\/wp-content\/uploads\/2022\/06\/Mit-einem-Kulturcheck-Nutzern-Orientierung-im-Arbeitsleben-bieten_Organisator-394x800.jpg 394w, https:\/\/www.organisator.ch\/wp-content\/uploads\/2022\/06\/Mit-einem-Kulturcheck-Nutzern-Orientierung-im-Arbeitsleben-bieten_Organisator-300x609.jpg 300w, https:\/\/www.organisator.ch\/wp-content\/uploads\/2022\/06\/Mit-einem-Kulturcheck-Nutzern-Orientierung-im-Arbeitsleben-bieten_Organisator.jpg 680w\" sizes=\"auto, (max-width: 493px) 100vw, 493px\" \/><figcaption id=\"caption-attachment-14846\" class=\"wp-caption-text\">Un check-up culturel doit fournir aux utilisateurs de Xing une orientation suppl\u00e9mentaire pour la vie professionnelle. (Image : New Work SE)<\/figcaption><\/figure>\n<p>Dans le monde du travail moderne, il ne s'agit plus seulement de r\u00e9mun\u00e9ration, de localisation, de possibilit\u00e9s de carri\u00e8re personnelle et d'autres crit\u00e8res de r\u00e9f\u00e9rence traditionnels. Des facteurs tels qu'un bon \u00e9quilibre entre vie professionnelle et vie priv\u00e9e, de bonnes relations entre coll\u00e8gues et une culture d'entreprise positive deviennent de plus en plus une monnaie forte sur le march\u00e9 du travail. En bref, les travailleurs d'aujourd'hui veulent un travail qui les rend heureux et une entreprise avec une culture d'entreprise appropri\u00e9e. Pour permettre aux utilisateurs du r\u00e9seau professionnel Xing de d\u00e9couvrir dans quelle culture d'entreprise ils se sentent particuli\u00e8rement bien, un test culturel a \u00e9t\u00e9 mis au point afin de rendre tangible le th\u00e8me souvent diffus de la culture d'entreprise et de le ramener \u00e0 des facteurs concrets. \u00c0 l'aide d'un questionnaire sophistiqu\u00e9, qui est d\u00e8s \u00e0 pr\u00e9sent \u00e0 la disposition de tous les membres sur Xing, les utilisateurs apprennent \u00e0 la fin quel type d'entreprise leur convient le mieux sur le plan culturel.<\/p>\n<h3>Contr\u00f4le de la culture bas\u00e9 sur la science<\/h3>\n<p>Meynhardt de la HHL Leipzig Graduate School of Management pour kununu, la filiale de New Work SE, qui a \u00e9t\u00e9 d\u00e9velopp\u00e9e sous la direction du psychologue \u00e9conomique. Il aide les utilisateurs \u00e0 r\u00e9fl\u00e9chir de mani\u00e8re approfondie \u00e0 ce qui est particuli\u00e8rement important pour eux dans leur travail. Apr\u00e8s avoir r\u00e9pondu au questionnaire, les membres de Xing apprennent d'une part \u00e0 quoi ils devraient faire particuli\u00e8rement attention \u00e0 l'avenir lors du choix de leur employeur. D'autre part, les utilisateurs se voient proposer des employeurs potentiels qui r\u00e9pondent \u00e0 ces crit\u00e8res. La fonction de recommandation est actuellement en phase b\u00eata et sera progressivement \u00e9tendue dans les semaines \u00e0 venir.<\/p>\n<h3><strong>Boussole culturelle individuelle pour une meilleure orientation dans la vie professionnelle<\/strong><\/h3>\n<p>Il est facile et rapide de r\u00e9pondre aux questions du questionnaire Kulturcheck. Les utilisateurs choisissent dans chacune des quatre cat\u00e9gories \"Direction\", \"Relations avec les autres\", \"Attitude strat\u00e9gique\" et \"Equilibre entre vie professionnelle et vie priv\u00e9e\" 20 aspects et valeurs qu'ils souhaitent ou rejettent compl\u00e8tement chez un employeur. Enfin, ils indiquent les cinq pr\u00e9f\u00e9rences les plus importantes pour eux dans leur travail. Il en r\u00e9sulte une boussole culturelle individuelle qui montre ce \u00e0 quoi il faudra faire particuli\u00e8rement attention \u00e0 l'avenir lors du choix d'un employeur. Pour ce faire, les pr\u00e9f\u00e9rences sont visualis\u00e9es de mani\u00e8re globale et dans les quatre cat\u00e9gories, ce qui permet aux utilisateurs de voir d'un coup d'\u0153il si les valeurs traditionnelles ou modernes pr\u00e9dominent chez eux dans ces cat\u00e9gories. Sur la base des donn\u00e9es de l'analyse culturelle, les membres de Xing re\u00e7oivent en outre des propositions individuelles d'employeurs qui correspondent bien \u00e0 leurs pr\u00e9f\u00e9rences personnelles. Le Kulturcheck compare toutes les donn\u00e9es avec les donn\u00e9es sur la culture d'entreprise de milliers d'employeurs et montre quels employeurs offrent ce qui est particuli\u00e8rement important pour eux. Les donn\u00e9es analys\u00e9es \u00e0 cet effet sont des \u00e9valuations authentiques de collaborateurs des entreprises, donn\u00e9es sur la plateforme d'\u00e9valuation des employeurs kununu.<\/p>\n<h3>La culture d'entreprise comme facteur de recherche d'emploi<\/h3>\n<p>La boussole culturelle du march\u00e9 de l'emploi de Xing, qui est d\u00e9j\u00e0 int\u00e9gr\u00e9e dans plus de 300.000 offres d'emploi sur la plate-forme et qui donne des informations sur la culture d'entreprise des employeurs respectifs, offre une orientation suppl\u00e9mentaire. Les chercheurs d'emploi obtiennent ainsi des informations qui n'existent dans aucune autre annonce d'emploi et qui ne sont pas non plus cit\u00e9es sur les portails d'emploi des entreprises. Plus la concordance entre les souhaits culturels individuels et la culture de l'entreprise est grande selon Kulturkompass, plus la probabilit\u00e9 que le demandeur d'emploi et l'entreprise s'accordent durablement est grande.<\/p>\n<p><em>Le nouveau ch\u00e8que culture est disponible gratuitement sur <a href=\"https:\/\/www.xing.com\/via\/career-guidance\/company-culture-preferences\/assessment\">https:\/\/www.xing.com\/via\/career-guidance\/company-culture-preferences\/assessment<\/a>\u00a0\u00e0 disposition.<\/em><\/p>","protected":false},"excerpt":{"rendered":"<p>In der modernen Arbeitswelt geht es schon lange nicht mehr nur um Bezahlung, Standort, pers\u00f6nliche Karrierem\u00f6glichkeiten und \u00e4hnliche traditionelle Benchmarks. Faktoren wie eine ausgewogene Work-Life-Balance, ein guter Umgang untereinander und eine positive Unternehmenskultur werden immer mehr zur harten W\u00e4hrung am Arbeitsmarkt. Kurz gesagt: Heutzutage w\u00fcnschen sich Arbeitnehmerinnen und Arbeitnehmer einen Job, der gl\u00fccklich macht und [&hellip;]<\/p>\n","protected":false},"author":4,"featured_media":0,"comment_status":"closed","ping_status":"closed","sticky":false,"template":"","format":"standard","meta":{"_acf_changed":false,"_yoast_wpseo_focuskw":"Kulturcheck","_yoast_wpseo_metadesc":"Das Business-Netzwerk XING wartet mit einer neuen Dienstleistung auf: Ein wissenschaftlich fundierter Kulturcheck f\u00fcr die Selbstreflexion.","articlekey":"","footnotes":""},"categories":[579],"tags":[254,393,429,497],"class_list":["post-14845","post","type-post","status-publish","format-standard","hentry","category-human-resources","tag-hrm","tag-produkte","tag-selbstmanagement","tag-unternehmenskultur"],"acf":[],"yoast_head":"<!-- This site is optimized with the Yoast SEO plugin v27.5 - https:\/\/yoast.com\/product\/yoast-seo-wordpress\/ -->\n<title>Mit einem Kulturcheck Nutzern Orientierung im Arbeitsleben bieten - Organisator<\/title>\n<meta name=\"description\" content=\"Das Business-Netzwerk XING wartet mit einer neuen Dienstleistung auf: Ein wissenschaftlich fundierter Kulturcheck f\u00fcr die Selbstreflexion.\" \/>\n<meta name=\"robots\" content=\"index, follow, max-snippet:-1, max-image-preview:large, max-video-preview:-1\" \/>\n<link rel=\"canonical\" href=\"https:\/\/www.organisator.ch\/fr\/ressources-humaines\/2022-06-15\/avec-un-check-culturel-orientation-des-utilisateurs-dans-la-vie-professionnelle\/\" \/>\n<meta property=\"og:locale\" content=\"fr_FR\" \/>\n<meta property=\"og:type\" content=\"article\" \/>\n<meta property=\"og:title\" content=\"Mit einem Kulturcheck Nutzern Orientierung im Arbeitsleben bieten\" \/>\n<meta property=\"og:description\" content=\"Das Business-Netzwerk XING wartet mit einer neuen Dienstleistung auf: Ein wissenschaftlich fundierter Kulturcheck f\u00fcr die Selbstreflexion.\" \/>\n<meta property=\"og:url\" content=\"https:\/\/www.organisator.ch\/fr\/ressources-humaines\/2022-06-15\/avec-un-check-culturel-orientation-des-utilisateurs-dans-la-vie-professionnelle\/\" \/>\n<meta property=\"og:site_name\" content=\"Organisator\" \/>\n<meta property=\"article:publisher\" content=\"https:\/\/www.facebook.com\/OrganisatorFachmagazin\" \/>\n<meta property=\"article:published_time\" content=\"2022-06-15T09:17:44+00:00\" \/>\n<meta property=\"og:image\" content=\"https:\/\/www.organisator.ch\/wp-content\/uploads\/2022\/06\/Mit-einem-Kulturcheck-Nutzern-Orientierung-im-Arbeitsleben-bieten_Organisator.jpg\" \/>\n\t<meta property=\"og:image:width\" content=\"680\" \/>\n\t<meta property=\"og:image:height\" content=\"1380\" \/>\n\t<meta property=\"og:image:type\" content=\"image\/jpeg\" \/>\n<meta name=\"author\" content=\"thomas.berner\" \/>\n<meta name=\"twitter:card\" content=\"summary_large_image\" \/>\n<meta name=\"twitter:title\" content=\"Mit einem #Kulturcheck Nutzern Orientierung im #Arbeitsleben bieten\" \/>\n<meta name=\"twitter:description\" content=\"Das #Business-Netzwerk #XING wartet mit einer neuen Dienstleistung auf: Ein wissenschaftlich fundierter #Kulturcheck f\u00fcr die #Selbstreflexion.\" \/>\n<meta name=\"twitter:image\" content=\"https:\/\/www.organisator.ch\/wp-content\/uploads\/2022\/06\/Mit-einem-Kulturcheck-Nutzern-Orientierung-im-Arbeitsleben-bieten_Organisator.jpg\" \/>\n<script type=\"application\/ld+json\" class=\"yoast-schema-graph\">{\"@context\":\"https:\\\/\\\/schema.org\",\"@graph\":[{\"@type\":\"Article\",\"@id\":\"https:\\\/\\\/www.organisator.ch\\\/human-resources\\\/2022-06-15\\\/mit-einem-kulturcheck-nutzern-orientierung-im-arbeitsleben-bieten\\\/#article\",\"isPartOf\":{\"@id\":\"https:\\\/\\\/www.organisator.ch\\\/human-resources\\\/2022-06-15\\\/mit-einem-kulturcheck-nutzern-orientierung-im-arbeitsleben-bieten\\\/\"},\"author\":{\"name\":\"thomas.berner\",\"@id\":\"https:\\\/\\\/www.organisator.ch\\\/#\\\/schema\\\/person\\\/6f650f90b2842cd4c0cc334b4e36f67e\"},\"headline\":\"Mit einem Kulturcheck Nutzern Orientierung im Arbeitsleben bieten\",\"datePublished\":\"2022-06-15T09:17:44+00:00\",\"mainEntityOfPage\":{\"@id\":\"https:\\\/\\\/www.organisator.ch\\\/human-resources\\\/2022-06-15\\\/mit-einem-kulturcheck-nutzern-orientierung-im-arbeitsleben-bieten\\\/\"},\"wordCount\":575,\"publisher\":{\"@id\":\"https:\\\/\\\/www.organisator.ch\\\/#organization\"},\"image\":{\"@id\":\"https:\\\/\\\/www.organisator.ch\\\/human-resources\\\/2022-06-15\\\/mit-einem-kulturcheck-nutzern-orientierung-im-arbeitsleben-bieten\\\/#primaryimage\"},\"thumbnailUrl\":\"https:\\\/\\\/www.organisator.ch\\\/wp-content\\\/uploads\\\/2022\\\/06\\\/Mit-einem-Kulturcheck-Nutzern-Orientierung-im-Arbeitsleben-bieten_Organisator-493x1000.jpg\",\"keywords\":[\"HRM\",\"Produkte\",\"Selbstmanagement\",\"Unternehmenskultur\"],\"articleSection\":[\"HUMAN RESOURCES\"],\"inLanguage\":\"fr-FR\"},{\"@type\":\"WebPage\",\"@id\":\"https:\\\/\\\/www.organisator.ch\\\/human-resources\\\/2022-06-15\\\/mit-einem-kulturcheck-nutzern-orientierung-im-arbeitsleben-bieten\\\/\",\"url\":\"https:\\\/\\\/www.organisator.ch\\\/human-resources\\\/2022-06-15\\\/mit-einem-kulturcheck-nutzern-orientierung-im-arbeitsleben-bieten\\\/\",\"name\":\"Mit einem Kulturcheck Nutzern Orientierung im Arbeitsleben bieten - Organisator\",\"isPartOf\":{\"@id\":\"https:\\\/\\\/www.organisator.ch\\\/#website\"},\"primaryImageOfPage\":{\"@id\":\"https:\\\/\\\/www.organisator.ch\\\/human-resources\\\/2022-06-15\\\/mit-einem-kulturcheck-nutzern-orientierung-im-arbeitsleben-bieten\\\/#primaryimage\"},\"image\":{\"@id\":\"https:\\\/\\\/www.organisator.ch\\\/human-resources\\\/2022-06-15\\\/mit-einem-kulturcheck-nutzern-orientierung-im-arbeitsleben-bieten\\\/#primaryimage\"},\"thumbnailUrl\":\"https:\\\/\\\/www.organisator.ch\\\/wp-content\\\/uploads\\\/2022\\\/06\\\/Mit-einem-Kulturcheck-Nutzern-Orientierung-im-Arbeitsleben-bieten_Organisator-493x1000.jpg\",\"datePublished\":\"2022-06-15T09:17:44+00:00\",\"description\":\"Das Business-Netzwerk XING wartet mit einer neuen Dienstleistung auf: Ein wissenschaftlich fundierter Kulturcheck f\u00fcr die Selbstreflexion.\",\"breadcrumb\":{\"@id\":\"https:\\\/\\\/www.organisator.ch\\\/human-resources\\\/2022-06-15\\\/mit-einem-kulturcheck-nutzern-orientierung-im-arbeitsleben-bieten\\\/#breadcrumb\"},\"inLanguage\":\"fr-FR\",\"potentialAction\":[{\"@type\":\"ReadAction\",\"target\":[\"https:\\\/\\\/www.organisator.ch\\\/human-resources\\\/2022-06-15\\\/mit-einem-kulturcheck-nutzern-orientierung-im-arbeitsleben-bieten\\\/\"]}]},{\"@type\":\"ImageObject\",\"inLanguage\":\"fr-FR\",\"@id\":\"https:\\\/\\\/www.organisator.ch\\\/human-resources\\\/2022-06-15\\\/mit-einem-kulturcheck-nutzern-orientierung-im-arbeitsleben-bieten\\\/#primaryimage\",\"url\":\"https:\\\/\\\/www.organisator.ch\\\/wp-content\\\/uploads\\\/2022\\\/06\\\/Mit-einem-Kulturcheck-Nutzern-Orientierung-im-Arbeitsleben-bieten_Organisator-493x1000.jpg\",\"contentUrl\":\"https:\\\/\\\/www.organisator.ch\\\/wp-content\\\/uploads\\\/2022\\\/06\\\/Mit-einem-Kulturcheck-Nutzern-Orientierung-im-Arbeitsleben-bieten_Organisator-493x1000.jpg\"},{\"@type\":\"BreadcrumbList\",\"@id\":\"https:\\\/\\\/www.organisator.ch\\\/human-resources\\\/2022-06-15\\\/mit-einem-kulturcheck-nutzern-orientierung-im-arbeitsleben-bieten\\\/#breadcrumb\",\"itemListElement\":[{\"@type\":\"ListItem\",\"position\":1,\"name\":\"Home\",\"item\":\"https:\\\/\\\/www.organisator.ch\\\/\"},{\"@type\":\"ListItem\",\"position\":2,\"name\":\"Mit einem Kulturcheck Nutzern Orientierung im Arbeitsleben bieten\"}]},{\"@type\":\"WebSite\",\"@id\":\"https:\\\/\\\/www.organisator.ch\\\/#website\",\"url\":\"https:\\\/\\\/www.organisator.ch\\\/\",\"name\":\"Organisator\",\"description\":\"Kompetent. Praxisnah. Der ORGANISATOR bereitet in 10 Ausgaben pro Jahr die wesentlichen Themen f\u00fcr F\u00fchrungskr\u00e4fte von KMU auf.\",\"publisher\":{\"@id\":\"https:\\\/\\\/www.organisator.ch\\\/#organization\"},\"potentialAction\":[{\"@type\":\"SearchAction\",\"target\":{\"@type\":\"EntryPoint\",\"urlTemplate\":\"https:\\\/\\\/www.organisator.ch\\\/?s={search_term_string}\"},\"query-input\":{\"@type\":\"PropertyValueSpecification\",\"valueRequired\":true,\"valueName\":\"search_term_string\"}}],\"inLanguage\":\"fr-FR\"},{\"@type\":\"Organization\",\"@id\":\"https:\\\/\\\/www.organisator.ch\\\/#organization\",\"name\":\"Organisator\",\"url\":\"https:\\\/\\\/www.organisator.ch\\\/\",\"logo\":{\"@type\":\"ImageObject\",\"inLanguage\":\"fr-FR\",\"@id\":\"https:\\\/\\\/www.organisator.ch\\\/#\\\/schema\\\/logo\\\/image\\\/\",\"url\":\"https:\\\/\\\/www.organisator.ch\\\/wp-content\\\/uploads\\\/2022\\\/01\\\/Logo_Organisator_Website.png\",\"contentUrl\":\"https:\\\/\\\/www.organisator.ch\\\/wp-content\\\/uploads\\\/2022\\\/01\\\/Logo_Organisator_Website.png\",\"width\":800,\"height\":77,\"caption\":\"Organisator\"},\"image\":{\"@id\":\"https:\\\/\\\/www.organisator.ch\\\/#\\\/schema\\\/logo\\\/image\\\/\"},\"sameAs\":[\"https:\\\/\\\/www.facebook.com\\\/OrganisatorFachmagazin\",\"https:\\\/\\\/www.linkedin.com\\\/showcase\\\/organisator-das-magazin-fr-kmu\",\"https:\\\/\\\/www.xing.com\\\/news\\\/pages\\\/organisator-ch-695\",\"https:\\\/\\\/www.youtube.com\\\/channel\\\/UCGP2Sq0iWaZwT3BdIAQFYpw\"]},{\"@type\":\"Person\",\"@id\":\"https:\\\/\\\/www.organisator.ch\\\/#\\\/schema\\\/person\\\/6f650f90b2842cd4c0cc334b4e36f67e\",\"name\":\"thomas.berner\",\"image\":{\"@type\":\"ImageObject\",\"inLanguage\":\"fr-FR\",\"@id\":\"https:\\\/\\\/secure.gravatar.com\\\/avatar\\\/ac5001d2a36cb6c6cd3e50789007ffca834b477b74a2144564522e944eabff61?s=96&d=mm&r=g\",\"url\":\"https:\\\/\\\/secure.gravatar.com\\\/avatar\\\/ac5001d2a36cb6c6cd3e50789007ffca834b477b74a2144564522e944eabff61?s=96&d=mm&r=g\",\"contentUrl\":\"https:\\\/\\\/secure.gravatar.com\\\/avatar\\\/ac5001d2a36cb6c6cd3e50789007ffca834b477b74a2144564522e944eabff61?s=96&d=mm&r=g\",\"caption\":\"thomas.berner\"},\"url\":\"https:\\\/\\\/www.organisator.ch\\\/fr\\\/author\\\/thomas-berner\\\/\"}]}<\/script>\n<!-- \/ Yoast SEO plugin. -->","yoast_head_json":{"title":"Orienter les utilisateurs dans la vie professionnelle gr\u00e2ce \u00e0 un bilan culturel - Organisateur","description":"Le r\u00e9seau professionnel XING propose un nouveau service : Un check-up culturel scientifiquement fond\u00e9 pour l'autor\u00e9flexion.","robots":{"index":"index","follow":"follow","max-snippet":"max-snippet:-1","max-image-preview":"max-image-preview:large","max-video-preview":"max-video-preview:-1"},"canonical":"https:\/\/www.organisator.ch\/fr\/ressources-humaines\/2022-06-15\/avec-un-check-culturel-orientation-des-utilisateurs-dans-la-vie-professionnelle\/","og_locale":"fr_FR","og_type":"article","og_title":"Mit einem Kulturcheck Nutzern Orientierung im Arbeitsleben bieten","og_description":"Das Business-Netzwerk XING wartet mit einer neuen Dienstleistung auf: Ein wissenschaftlich fundierter Kulturcheck f\u00fcr die Selbstreflexion.","og_url":"https:\/\/www.organisator.ch\/fr\/ressources-humaines\/2022-06-15\/avec-un-check-culturel-orientation-des-utilisateurs-dans-la-vie-professionnelle\/","og_site_name":"Organisator","article_publisher":"https:\/\/www.facebook.com\/OrganisatorFachmagazin","article_published_time":"2022-06-15T09:17:44+00:00","og_image":[{"width":680,"height":1380,"url":"https:\/\/www.organisator.ch\/wp-content\/uploads\/2022\/06\/Mit-einem-Kulturcheck-Nutzern-Orientierung-im-Arbeitsleben-bieten_Organisator.jpg","type":"image\/jpeg"}],"author":"thomas.berner","twitter_card":"summary_large_image","twitter_title":"Mit einem #Kulturcheck Nutzern Orientierung im #Arbeitsleben bieten","twitter_description":"Das #Business-Netzwerk #XING wartet mit einer neuen Dienstleistung auf: Ein wissenschaftlich fundierter #Kulturcheck f\u00fcr die #Selbstreflexion.","twitter_image":"https:\/\/www.organisator.ch\/wp-content\/uploads\/2022\/06\/Mit-einem-Kulturcheck-Nutzern-Orientierung-im-Arbeitsleben-bieten_Organisator.jpg","schema":{"@context":"https:\/\/schema.org","@graph":[{"@type":"Article","@id":"https:\/\/www.organisator.ch\/human-resources\/2022-06-15\/mit-einem-kulturcheck-nutzern-orientierung-im-arbeitsleben-bieten\/#article","isPartOf":{"@id":"https:\/\/www.organisator.ch\/human-resources\/2022-06-15\/mit-einem-kulturcheck-nutzern-orientierung-im-arbeitsleben-bieten\/"},"author":{"name":"thomas.berner","@id":"https:\/\/www.organisator.ch\/#\/schema\/person\/6f650f90b2842cd4c0cc334b4e36f67e"},"headline":"Mit einem Kulturcheck Nutzern Orientierung im Arbeitsleben bieten","datePublished":"2022-06-15T09:17:44+00:00","mainEntityOfPage":{"@id":"https:\/\/www.organisator.ch\/human-resources\/2022-06-15\/mit-einem-kulturcheck-nutzern-orientierung-im-arbeitsleben-bieten\/"},"wordCount":575,"publisher":{"@id":"https:\/\/www.organisator.ch\/#organization"},"image":{"@id":"https:\/\/www.organisator.ch\/human-resources\/2022-06-15\/mit-einem-kulturcheck-nutzern-orientierung-im-arbeitsleben-bieten\/#primaryimage"},"thumbnailUrl":"https:\/\/www.organisator.ch\/wp-content\/uploads\/2022\/06\/Mit-einem-Kulturcheck-Nutzern-Orientierung-im-Arbeitsleben-bieten_Organisator-493x1000.jpg","keywords":["HRM","Produkte","Selbstmanagement","Unternehmenskultur"],"articleSection":["HUMAN RESOURCES"],"inLanguage":"fr-FR"},{"@type":"WebPage","@id":"https:\/\/www.organisator.ch\/human-resources\/2022-06-15\/mit-einem-kulturcheck-nutzern-orientierung-im-arbeitsleben-bieten\/","url":"https:\/\/www.organisator.ch\/human-resources\/2022-06-15\/mit-einem-kulturcheck-nutzern-orientierung-im-arbeitsleben-bieten\/","name":"Orienter les utilisateurs dans la vie professionnelle gr\u00e2ce \u00e0 un bilan culturel - Organisateur","isPartOf":{"@id":"https:\/\/www.organisator.ch\/#website"},"primaryImageOfPage":{"@id":"https:\/\/www.organisator.ch\/human-resources\/2022-06-15\/mit-einem-kulturcheck-nutzern-orientierung-im-arbeitsleben-bieten\/#primaryimage"},"image":{"@id":"https:\/\/www.organisator.ch\/human-resources\/2022-06-15\/mit-einem-kulturcheck-nutzern-orientierung-im-arbeitsleben-bieten\/#primaryimage"},"thumbnailUrl":"https:\/\/www.organisator.ch\/wp-content\/uploads\/2022\/06\/Mit-einem-Kulturcheck-Nutzern-Orientierung-im-Arbeitsleben-bieten_Organisator-493x1000.jpg","datePublished":"2022-06-15T09:17:44+00:00","description":"Le r\u00e9seau professionnel XING propose un nouveau service : Un check-up culturel scientifiquement fond\u00e9 pour l'autor\u00e9flexion.","breadcrumb":{"@id":"https:\/\/www.organisator.ch\/human-resources\/2022-06-15\/mit-einem-kulturcheck-nutzern-orientierung-im-arbeitsleben-bieten\/#breadcrumb"},"inLanguage":"fr-FR","potentialAction":[{"@type":"ReadAction","target":["https:\/\/www.organisator.ch\/human-resources\/2022-06-15\/mit-einem-kulturcheck-nutzern-orientierung-im-arbeitsleben-bieten\/"]}]},{"@type":"ImageObject","inLanguage":"fr-FR","@id":"https:\/\/www.organisator.ch\/human-resources\/2022-06-15\/mit-einem-kulturcheck-nutzern-orientierung-im-arbeitsleben-bieten\/#primaryimage","url":"https:\/\/www.organisator.ch\/wp-content\/uploads\/2022\/06\/Mit-einem-Kulturcheck-Nutzern-Orientierung-im-Arbeitsleben-bieten_Organisator-493x1000.jpg","contentUrl":"https:\/\/www.organisator.ch\/wp-content\/uploads\/2022\/06\/Mit-einem-Kulturcheck-Nutzern-Orientierung-im-Arbeitsleben-bieten_Organisator-493x1000.jpg"},{"@type":"BreadcrumbList","@id":"https:\/\/www.organisator.ch\/human-resources\/2022-06-15\/mit-einem-kulturcheck-nutzern-orientierung-im-arbeitsleben-bieten\/#breadcrumb","itemListElement":[{"@type":"ListItem","position":1,"name":"Home","item":"https:\/\/www.organisator.ch\/"},{"@type":"ListItem","position":2,"name":"Mit einem Kulturcheck Nutzern Orientierung im Arbeitsleben bieten"}]},{"@type":"WebSite","@id":"https:\/\/www.organisator.ch\/#website","url":"https:\/\/www.organisator.ch\/","name":"Organisateur","description":"Comp\u00e9tence et comp\u00e9tence. Proches de la pratique. L'ORGANISATEUR pr\u00e9pare 10 num\u00e9ros par an sur les th\u00e8mes essentiels pour les dirigeants de PME.","publisher":{"@id":"https:\/\/www.organisator.ch\/#organization"},"potentialAction":[{"@type":"SearchAction","target":{"@type":"EntryPoint","urlTemplate":"https:\/\/www.organisator.ch\/?s={search_term_string}"},"query-input":{"@type":"PropertyValueSpecification","valueRequired":true,"valueName":"search_term_string"}}],"inLanguage":"fr-FR"},{"@type":"Organization","@id":"https:\/\/www.organisator.ch\/#organization","name":"Organisateur","url":"https:\/\/www.organisator.ch\/","logo":{"@type":"ImageObject","inLanguage":"fr-FR","@id":"https:\/\/www.organisator.ch\/#\/schema\/logo\/image\/","url":"https:\/\/www.organisator.ch\/wp-content\/uploads\/2022\/01\/Logo_Organisator_Website.png","contentUrl":"https:\/\/www.organisator.ch\/wp-content\/uploads\/2022\/01\/Logo_Organisator_Website.png","width":800,"height":77,"caption":"Organisator"},"image":{"@id":"https:\/\/www.organisator.ch\/#\/schema\/logo\/image\/"},"sameAs":["https:\/\/www.facebook.com\/OrganisatorFachmagazin","https:\/\/www.linkedin.com\/showcase\/organisator-das-magazin-fr-kmu","https:\/\/www.xing.com\/news\/pages\/organisator-ch-695","https:\/\/www.youtube.com\/channel\/UCGP2Sq0iWaZwT3BdIAQFYpw"]},{"@type":"Person","@id":"https:\/\/www.organisator.ch\/#\/schema\/person\/6f650f90b2842cd4c0cc334b4e36f67e","name":"thomas.berner","image":{"@type":"ImageObject","inLanguage":"fr-FR","@id":"https:\/\/secure.gravatar.com\/avatar\/ac5001d2a36cb6c6cd3e50789007ffca834b477b74a2144564522e944eabff61?s=96&d=mm&r=g","url":"https:\/\/secure.gravatar.com\/avatar\/ac5001d2a36cb6c6cd3e50789007ffca834b477b74a2144564522e944eabff61?s=96&d=mm&r=g","contentUrl":"https:\/\/secure.gravatar.com\/avatar\/ac5001d2a36cb6c6cd3e50789007ffca834b477b74a2144564522e944eabff61?s=96&d=mm&r=g","caption":"thomas.berner"},"url":"https:\/\/www.organisator.ch\/fr\/author\/thomas-berner\/"}]}},"_links":{"self":[{"href":"https:\/\/www.organisator.ch\/fr\/wp-json\/wp\/v2\/posts\/14845","targetHints":{"allow":["GET"]}}],"collection":[{"href":"https:\/\/www.organisator.ch\/fr\/wp-json\/wp\/v2\/posts"}],"about":[{"href":"https:\/\/www.organisator.ch\/fr\/wp-json\/wp\/v2\/types\/post"}],"author":[{"embeddable":true,"href":"https:\/\/www.organisator.ch\/fr\/wp-json\/wp\/v2\/users\/4"}],"replies":[{"embeddable":true,"href":"https:\/\/www.organisator.ch\/fr\/wp-json\/wp\/v2\/comments?post=14845"}],"version-history":[{"count":2,"href":"https:\/\/www.organisator.ch\/fr\/wp-json\/wp\/v2\/posts\/14845\/revisions"}],"predecessor-version":[{"id":14848,"href":"https:\/\/www.organisator.ch\/fr\/wp-json\/wp\/v2\/posts\/14845\/revisions\/14848"}],"wp:attachment":[{"href":"https:\/\/www.organisator.ch\/fr\/wp-json\/wp\/v2\/media?parent=14845"}],"wp:term":[{"taxonomy":"category","embeddable":true,"href":"https:\/\/www.organisator.ch\/fr\/wp-json\/wp\/v2\/categories?post=14845"},{"taxonomy":"post_tag","embeddable":true,"href":"https:\/\/www.organisator.ch\/fr\/wp-json\/wp\/v2\/tags?post=14845"}],"curies":[{"name":"wp","href":"https:\/\/api.w.org\/{rel}","templated":true}]}}