{"id":14932,"date":"2022-06-16T09:30:32","date_gmt":"2022-06-16T07:30:32","guid":{"rendered":"https:\/\/www.organisator.ch\/?p=14932"},"modified":"2022-06-16T09:30:32","modified_gmt":"2022-06-16T07:30:32","slug":"gegen-kuendigungswelle-fuenf-tipps-zum-anwerben-und-binden-von-mitarbeitenden","status":"publish","type":"post","link":"https:\/\/www.organisator.ch\/fr\/human-resources\/2022-06-16\/gegen-kuendigungswelle-fuenf-tipps-zum-anwerben-und-binden-von-mitarbeitenden\/","title":{"rendered":"Contre la vague de licenciements : cinq conseils pour recruter et fid\u00e9liser les collaborateurs"},"content":{"rendered":"<figure id=\"attachment_14938\" aria-describedby=\"caption-attachment-14938\" style=\"width: 680px\" class=\"wp-caption alignnone\"><img loading=\"lazy\" decoding=\"async\" class=\"size-full wp-image-14938\" src=\"https:\/\/www.organisator.ch\/wp-content\/uploads\/2022\/06\/Gegen-Kuendigungswelle-Fuenf-Tipps-zum-Anwerben-und-Binden-von-Mitarbeitenden_Organisator.jpg\" alt=\"\" width=\"680\" height=\"425\" srcset=\"https:\/\/www.organisator.ch\/wp-content\/uploads\/2022\/06\/Gegen-Kuendigungswelle-Fuenf-Tipps-zum-Anwerben-und-Binden-von-Mitarbeitenden_Organisator.jpg 680w, https:\/\/www.organisator.ch\/wp-content\/uploads\/2022\/06\/Gegen-Kuendigungswelle-Fuenf-Tipps-zum-Anwerben-und-Binden-von-Mitarbeitenden_Organisator-18x12.jpg 18w, https:\/\/www.organisator.ch\/wp-content\/uploads\/2022\/06\/Gegen-Kuendigungswelle-Fuenf-Tipps-zum-Anwerben-und-Binden-von-Mitarbeitenden_Organisator-280x175.jpg 280w, https:\/\/www.organisator.ch\/wp-content\/uploads\/2022\/06\/Gegen-Kuendigungswelle-Fuenf-Tipps-zum-Anwerben-und-Binden-von-Mitarbeitenden_Organisator-560x350.jpg 560w, https:\/\/www.organisator.ch\/wp-content\/uploads\/2022\/06\/Gegen-Kuendigungswelle-Fuenf-Tipps-zum-Anwerben-und-Binden-von-Mitarbeitenden_Organisator-300x188.jpg 300w\" sizes=\"auto, (max-width: 680px) 100vw, 680px\" \/><figcaption id=\"caption-attachment-14938\" class=\"wp-caption-text\">Plus envie de travailler : la pand\u00e9mie de Covid-19 a d\u00e9clench\u00e9 une vague de licenciements, de nombreux employ\u00e9s cherchent un nouveau travail. Comment les entreprises peuvent-elles mieux garder leurs collaborateurs ? (Image : Unsplash.com)<\/figcaption><\/figure>\n<p>Le recrutement et la fid\u00e9lisation des collaborateurs au milieu de la grande vague de licenciements a \u00e9t\u00e9 un sujet br\u00fblant dans de nombreuses entreprises ces derniers temps. Les secteurs qui enregistrent actuellement le plus grand nombre de d\u00e9missions sont ceux de la technologie et de la sant\u00e9, o\u00f9 les travailleurs \u00e2g\u00e9s de 30 \u00e0 45 ans m\u00e8nent la tendance. Pour attirer de nouveaux collaborateurs, les entreprises doivent \u00eatre plus flexibles que jamais et montrer qu'elles sont pr\u00eates \u00e0 \u00e9voluer dans un environnement de travail en mutation, mais aussi \u00e0 valoriser leur personnel actuel. Il est tout aussi important de r\u00e9pondre aux besoins du personnel existant que de recruter de nouveaux collaborateurs, car une entreprise ayant une bonne r\u00e9putation et des collaborateurs satisfaits est plus attrayante pour les demandeurs d'emploi.<\/p>\n<h3>Savoir fid\u00e9liser les collaborateurs malgr\u00e9 la vague de licenciements<\/h3>\n<p>Selon les experts du fournisseur de solutions de conseil et d'\u00e9valuation Hogan Assessments, la vague de d\u00e9missions a atteint un point culminant. Les employeurs devraient donc adopter une approche bas\u00e9e sur des donn\u00e9es pour d\u00e9terminer pourquoi les collaborateurs d\u00e9cident de d\u00e9missionner et quels sont ceux qui, dans leur entreprise, pr\u00e9sentent le plus grand risque de fluctuation. Il existe en outre les cinq conseils suivants pour le recrutement et la fid\u00e9lisation des collaborateurs. Ceux-ci permettent aux entreprises de se pr\u00e9senter sous leur meilleur jour lorsqu'il s'agit de pourvoir des postes et de constituer la meilleure \u00e9quipe possible.<\/p>\n<h3>Conseil n\u00b0 1 : d\u00e9terminer les objectifs des candidats<\/h3>\n<p>Pendant le processus de recrutement, il est important de se concentrer sur les objectifs de chaque candidat potentiel et de d\u00e9terminer dans quelle mesure ils correspondent \u00e0 l'entreprise.<br \/>\n62 % des responsables RH estiment que les employ\u00e9s doivent am\u00e9liorer leurs comp\u00e9tences existantes ou en acqu\u00e9rir de nouvelles au moins une fois par an afin de conserver un avantage concurrentiel sur le march\u00e9 du travail mondial. Offrir aux collaborateurs la possibilit\u00e9 de se former signifie investir dans leur avenir. Les entreprises doivent \u00eatre pr\u00eates \u00e0 faire cet investissement et \u00e0 offrir aux nouveaux collaborateurs le soutien et les possibilit\u00e9s de formation n\u00e9cessaires pour faire progresser leur carri\u00e8re.<\/p>\n<h3>Conseil n\u00b0 2 : percevoir la flexibilit\u00e9 au sein du personnel<\/h3>\n<p>La pand\u00e9mie a montr\u00e9 que les gens peuvent \u00eatre aussi productifs en travaillant \u00e0 domicile que dans un environnement de bureau. Deux employ\u00e9s sur trois recherchent aujourd'hui des conditions de travail flexibles, car ils pensent qu'elles leur permettront d'\u00eatre plus productifs. 30 % des travailleurs du monde entier ont d\u00e9clar\u00e9 qu'ils quitteraient leur emploi si on ne leur proposait pas un mod\u00e8le de travail hybride flexible \u00e0 long terme. Pour \u00eatre comp\u00e9titif sur le march\u00e9 de l'embauche, il est important de r\u00e9pondre aux souhaits des collaborateurs et d'adapter les mod\u00e8les d'entreprise \u00e0 ce nouveau monde du travail. L'introduction d'horaires de travail plus flexibles ne rendra pas seulement l'entreprise plus attrayante pour les nouveaux candidats, mais contribuera \u00e9galement \u00e0 r\u00e9pondre aux besoins de votre personnel actuel.<\/p>\n<h3>Conseil n\u00b0 3 : demander \u00e0 ses collaborateurs s'ils ont des contacts<\/h3>\n<p>Un pool de collaborateurs bien form\u00e9s qui travaillent d\u00e9j\u00e0 avec succ\u00e8s dans l'entreprise peut \u00eatre un avantage, car ils disposent d'un r\u00e9seau de contacts. Essayez de demander \u00e0 vos collaborateurs actuels s'ils ont de tels contacts et faites-les participer au processus de recrutement en leur demandant ce qu'ils recherchent chez les nouveaux candidats. Cette approche aura un effet positif sur la fid\u00e9lisation du personnel et contribuera \u00e0 l'implication du personnel dans le processus de recrutement.<\/p>\n<h3>Conseil n\u00b0 4 : montrer les avantages pour les collaborateurs<\/h3>\n<p>De nombreux employ\u00e9s ont le sentiment que les dirigeants n'ont aucun lien avec les pr\u00e9occupations de l'employ\u00e9 moyen, 54 % du personnel g\u00e9n\u00e9ral se sentant surcharg\u00e9s et sous-estim\u00e9s. Les candidats potentiels sont plus enclins \u00e0 accepter un emploi s'ils ont le sentiment que l'entreprise se soucie d'eux et de leur famille. Pour chaque entreprise, il est important de mettre en avant les avantages pour les collaborateurs et le soutien suppl\u00e9mentaire. Les avantages tels que les soins de sant\u00e9 mentale, l'aide \u00e0 la garde d'enfants et les cong\u00e9s pay\u00e9s ne sont que quelques exemples de la mani\u00e8re dont une entreprise peut am\u00e9liorer la satisfaction de ses collaborateurs et se profiler comme une entreprise qui valorise ses collaborateurs, ce qui la rend plus attrayante sur le march\u00e9 du recrutement tr\u00e8s concurrentiel.<\/p>\n<h3>Conseil n\u00b0 5 : insister sur l'objectif de votre entreprise et le mettre en avant<\/h3>\n<p>M\u00eame si les avantages sociaux et le salaire sont importants pour les recrutements potentiels, de nombreux collaborateurs souhaitent travailler pour une entreprise dont les objectifs et les valeurs sont en accord avec les leurs. Il est important d'impressionner les recrues potentielles par ce qu'une entreprise fait et par la mani\u00e8re dont elle souhaite travailler. Des strat\u00e9gies de durabilit\u00e9, une main-d'\u0153uvre diversifi\u00e9e et des programmes de soutien aux femmes dans le personnel peuvent contribuer \u00e0 distinguer une entreprise d'autres qui se concentrent uniquement sur les r\u00e9sultats commerciaux. Pour les collaborateurs, il est important de croire en ce qu'une entreprise repr\u00e9sente ou essaie d'atteindre, surtout en p\u00e9riode de stress ou de difficult\u00e9s. Si vous alignez votre strat\u00e9gie de recrutement sur ces valeurs, vous trouverez des collaborateurs loyaux, pr\u00eats \u00e0 travailler dur pour la vision de l'entreprise.<\/p>\n<h3>Int\u00e9grer des tests de personnalit\u00e9<\/h3>\n<p>L'int\u00e9gration correcte de tests de personnalit\u00e9 dans les proc\u00e9dures de recrutement peut soutenir la volont\u00e9 de constituer un personnel plus diversifi\u00e9 et d'attirer de nouveaux talents. Selon Hogan Assessments, les deux parties en profitent : Les candidats en apprennent davantage sur eux-m\u00eames et constatent de premi\u00e8re main \u00e0 quel point une entreprise prend au s\u00e9rieux l'individualit\u00e9 d'un candidat. Et les entreprises se d\u00e9barrassent des pr\u00e9jug\u00e9s inconscients et proposent un contrat \u00e0 ceux qui n'ont peut-\u00eatre pas le \"bon CV\", mais qui pr\u00e9sentent n\u00e9anmoins les meilleures perspectives de r\u00e9ussite.<\/p>\n<p><em>Source et informations compl\u00e9mentaires : <a href=\"http:\/\/www.hoganassessments.eu\">\u00c9valuations Hogan<\/a><\/em><\/p>","protected":false},"excerpt":{"rendered":"<p>Die Einstellung und Bindung von Mitarbeitenden inmitten der grossen K\u00fcndigungswelle war in letzter Zeit in vielen Unternehmen ein heisses Thema. Die Bereiche, in denen derzeit die meisten K\u00fcndigungen zu verzeichnen sind, sind die Technologie- und die Gesundheitsbranche, wo Arbeitnehmende im Alter zwischen 30-45 Jahren den Trend anf\u00fchren. Um neue Mitarbeitende zu gewinnen, m\u00fcssen Unternehmen flexibler [&hellip;]<\/p>\n","protected":false},"author":4,"featured_media":14938,"comment_status":"closed","ping_status":"closed","sticky":false,"template":"","format":"standard","meta":{"_acf_changed":false,"_yoast_wpseo_focuskw":"K\u00fcndigungswelle","_yoast_wpseo_metadesc":"Die grosse K\u00fcndigungswelle hat dazu gef\u00fchrt, dass viele Unternehmen mit grossen Personalengp\u00e4ssen konfrontiert sind. F\u00fcnf Tipps dagegen.","articlekey":"","footnotes":""},"categories":[579],"tags":[115,254,407],"class_list":["post-14932","post","type-post","status-publish","format-standard","has-post-thumbnail","hentry","category-human-resources","tag-checklisten","tag-hrm","tag-recruiting"],"acf":[],"yoast_head":"<!-- This site is optimized with the Yoast SEO plugin v27.4 - https:\/\/yoast.com\/product\/yoast-seo-wordpress\/ -->\n<title>Gegen K\u00fcndigungswelle: F\u00fcnf Tipps zum Anwerben und Binden von Mitarbeitenden - Organisator<\/title>\n<meta name=\"description\" content=\"Die grosse K\u00fcndigungswelle hat dazu gef\u00fchrt, dass viele Unternehmen mit grossen Personalengp\u00e4ssen konfrontiert sind. F\u00fcnf Tipps dagegen.\" \/>\n<meta name=\"robots\" content=\"index, follow, max-snippet:-1, max-image-preview:large, max-video-preview:-1\" \/>\n<link rel=\"canonical\" href=\"https:\/\/www.organisator.ch\/fr\/ressources-humaines\/2022-06-16\/gegen-kuendigungswelle-fuenf-tipps-zum-anwerben-und-binden-von-mitarbeitenden\/\" \/>\n<meta property=\"og:locale\" content=\"fr_FR\" \/>\n<meta property=\"og:type\" content=\"article\" \/>\n<meta property=\"og:title\" content=\"Gegen K\u00fcndigungswelle: F\u00fcnf Tipps zum Anwerben und Binden von Mitarbeitenden\" \/>\n<meta property=\"og:description\" content=\"Die grosse K\u00fcndigungswelle hat dazu gef\u00fchrt, dass viele Unternehmen mit grossen Personalengp\u00e4ssen konfrontiert sind. F\u00fcnf Tipps dagegen.\" \/>\n<meta property=\"og:url\" content=\"https:\/\/www.organisator.ch\/fr\/ressources-humaines\/2022-06-16\/gegen-kuendigungswelle-fuenf-tipps-zum-anwerben-und-binden-von-mitarbeitenden\/\" \/>\n<meta property=\"og:site_name\" content=\"Organisator\" \/>\n<meta property=\"article:publisher\" content=\"https:\/\/www.facebook.com\/OrganisatorFachmagazin\" \/>\n<meta property=\"article:published_time\" content=\"2022-06-16T07:30:32+00:00\" \/>\n<meta property=\"og:image\" content=\"https:\/\/www.organisator.ch\/wp-content\/uploads\/2022\/06\/Gegen-Kuendigungswelle-Fuenf-Tipps-zum-Anwerben-und-Binden-von-Mitarbeitenden_Organisator.jpg\" \/>\n\t<meta property=\"og:image:width\" content=\"680\" \/>\n\t<meta property=\"og:image:height\" content=\"425\" \/>\n\t<meta property=\"og:image:type\" content=\"image\/jpeg\" \/>\n<meta name=\"author\" content=\"thomas.berner\" \/>\n<meta name=\"twitter:card\" content=\"summary_large_image\" \/>\n<meta name=\"twitter:title\" content=\"Gegen #K\u00fcndigungswelle: F\u00fcnf Tipps zum #Anwerben und Binden von Mitarbeitenden\" \/>\n<meta name=\"twitter:description\" content=\"Die grosse #K\u00fcndigungswelle hat dazu gef\u00fchrt, dass viele Unternehmen mit grossen #Personalengp\u00e4ssen konfrontiert sind. F\u00fcnf Tipps dagegen.\" \/>\n<meta name=\"twitter:image\" content=\"https:\/\/www.organisator.ch\/wp-content\/uploads\/2022\/06\/Gegen-Kuendigungswelle-Fuenf-Tipps-zum-Anwerben-und-Binden-von-Mitarbeitenden_Organisator.jpg\" \/>\n<script type=\"application\/ld+json\" class=\"yoast-schema-graph\">{\"@context\":\"https:\\\/\\\/schema.org\",\"@graph\":[{\"@type\":\"Article\",\"@id\":\"https:\\\/\\\/www.organisator.ch\\\/human-resources\\\/2022-06-16\\\/gegen-kuendigungswelle-fuenf-tipps-zum-anwerben-und-binden-von-mitarbeitenden\\\/#article\",\"isPartOf\":{\"@id\":\"https:\\\/\\\/www.organisator.ch\\\/human-resources\\\/2022-06-16\\\/gegen-kuendigungswelle-fuenf-tipps-zum-anwerben-und-binden-von-mitarbeitenden\\\/\"},\"author\":{\"name\":\"thomas.berner\",\"@id\":\"https:\\\/\\\/www.organisator.ch\\\/#\\\/schema\\\/person\\\/6f650f90b2842cd4c0cc334b4e36f67e\"},\"headline\":\"Gegen K\u00fcndigungswelle: F\u00fcnf Tipps zum Anwerben und Binden von Mitarbeitenden\",\"datePublished\":\"2022-06-16T07:30:32+00:00\",\"mainEntityOfPage\":{\"@id\":\"https:\\\/\\\/www.organisator.ch\\\/human-resources\\\/2022-06-16\\\/gegen-kuendigungswelle-fuenf-tipps-zum-anwerben-und-binden-von-mitarbeitenden\\\/\"},\"wordCount\":940,\"publisher\":{\"@id\":\"https:\\\/\\\/www.organisator.ch\\\/#organization\"},\"image\":{\"@id\":\"https:\\\/\\\/www.organisator.ch\\\/human-resources\\\/2022-06-16\\\/gegen-kuendigungswelle-fuenf-tipps-zum-anwerben-und-binden-von-mitarbeitenden\\\/#primaryimage\"},\"thumbnailUrl\":\"https:\\\/\\\/www.organisator.ch\\\/wp-content\\\/uploads\\\/2022\\\/06\\\/Gegen-Kuendigungswelle-Fuenf-Tipps-zum-Anwerben-und-Binden-von-Mitarbeitenden_Organisator.jpg\",\"keywords\":[\"Checklisten\",\"HRM\",\"Recruiting\"],\"articleSection\":[\"HUMAN RESOURCES\"],\"inLanguage\":\"fr-FR\"},{\"@type\":\"WebPage\",\"@id\":\"https:\\\/\\\/www.organisator.ch\\\/human-resources\\\/2022-06-16\\\/gegen-kuendigungswelle-fuenf-tipps-zum-anwerben-und-binden-von-mitarbeitenden\\\/\",\"url\":\"https:\\\/\\\/www.organisator.ch\\\/human-resources\\\/2022-06-16\\\/gegen-kuendigungswelle-fuenf-tipps-zum-anwerben-und-binden-von-mitarbeitenden\\\/\",\"name\":\"Gegen K\u00fcndigungswelle: F\u00fcnf Tipps zum Anwerben und Binden von Mitarbeitenden - Organisator\",\"isPartOf\":{\"@id\":\"https:\\\/\\\/www.organisator.ch\\\/#website\"},\"primaryImageOfPage\":{\"@id\":\"https:\\\/\\\/www.organisator.ch\\\/human-resources\\\/2022-06-16\\\/gegen-kuendigungswelle-fuenf-tipps-zum-anwerben-und-binden-von-mitarbeitenden\\\/#primaryimage\"},\"image\":{\"@id\":\"https:\\\/\\\/www.organisator.ch\\\/human-resources\\\/2022-06-16\\\/gegen-kuendigungswelle-fuenf-tipps-zum-anwerben-und-binden-von-mitarbeitenden\\\/#primaryimage\"},\"thumbnailUrl\":\"https:\\\/\\\/www.organisator.ch\\\/wp-content\\\/uploads\\\/2022\\\/06\\\/Gegen-Kuendigungswelle-Fuenf-Tipps-zum-Anwerben-und-Binden-von-Mitarbeitenden_Organisator.jpg\",\"datePublished\":\"2022-06-16T07:30:32+00:00\",\"description\":\"Die grosse K\u00fcndigungswelle hat dazu gef\u00fchrt, dass viele Unternehmen mit grossen Personalengp\u00e4ssen konfrontiert sind. F\u00fcnf Tipps dagegen.\",\"breadcrumb\":{\"@id\":\"https:\\\/\\\/www.organisator.ch\\\/human-resources\\\/2022-06-16\\\/gegen-kuendigungswelle-fuenf-tipps-zum-anwerben-und-binden-von-mitarbeitenden\\\/#breadcrumb\"},\"inLanguage\":\"fr-FR\",\"potentialAction\":[{\"@type\":\"ReadAction\",\"target\":[\"https:\\\/\\\/www.organisator.ch\\\/human-resources\\\/2022-06-16\\\/gegen-kuendigungswelle-fuenf-tipps-zum-anwerben-und-binden-von-mitarbeitenden\\\/\"]}]},{\"@type\":\"ImageObject\",\"inLanguage\":\"fr-FR\",\"@id\":\"https:\\\/\\\/www.organisator.ch\\\/human-resources\\\/2022-06-16\\\/gegen-kuendigungswelle-fuenf-tipps-zum-anwerben-und-binden-von-mitarbeitenden\\\/#primaryimage\",\"url\":\"https:\\\/\\\/www.organisator.ch\\\/wp-content\\\/uploads\\\/2022\\\/06\\\/Gegen-Kuendigungswelle-Fuenf-Tipps-zum-Anwerben-und-Binden-von-Mitarbeitenden_Organisator.jpg\",\"contentUrl\":\"https:\\\/\\\/www.organisator.ch\\\/wp-content\\\/uploads\\\/2022\\\/06\\\/Gegen-Kuendigungswelle-Fuenf-Tipps-zum-Anwerben-und-Binden-von-Mitarbeitenden_Organisator.jpg\",\"width\":680,\"height\":425,\"caption\":\"Keinen Bock mehr: Die Covid-19-Pandemie hat eine K\u00fcndigungswelle ausgel\u00f6st, manche Mitarbeitenden suchen sich eine neue Aufgabe. Wie k\u00f6nnen Unternehmen ihre Mitarbeitenden besser halten? (Bild: Unsplash.com)\"},{\"@type\":\"BreadcrumbList\",\"@id\":\"https:\\\/\\\/www.organisator.ch\\\/human-resources\\\/2022-06-16\\\/gegen-kuendigungswelle-fuenf-tipps-zum-anwerben-und-binden-von-mitarbeitenden\\\/#breadcrumb\",\"itemListElement\":[{\"@type\":\"ListItem\",\"position\":1,\"name\":\"Home\",\"item\":\"https:\\\/\\\/www.organisator.ch\\\/\"},{\"@type\":\"ListItem\",\"position\":2,\"name\":\"Gegen K\u00fcndigungswelle: F\u00fcnf Tipps zum Anwerben und Binden von Mitarbeitenden\"}]},{\"@type\":\"WebSite\",\"@id\":\"https:\\\/\\\/www.organisator.ch\\\/#website\",\"url\":\"https:\\\/\\\/www.organisator.ch\\\/\",\"name\":\"Organisator\",\"description\":\"Kompetent. Praxisnah. Der ORGANISATOR bereitet in 10 Ausgaben pro Jahr die wesentlichen Themen f\u00fcr F\u00fchrungskr\u00e4fte von KMU auf.\",\"publisher\":{\"@id\":\"https:\\\/\\\/www.organisator.ch\\\/#organization\"},\"potentialAction\":[{\"@type\":\"SearchAction\",\"target\":{\"@type\":\"EntryPoint\",\"urlTemplate\":\"https:\\\/\\\/www.organisator.ch\\\/?s={search_term_string}\"},\"query-input\":{\"@type\":\"PropertyValueSpecification\",\"valueRequired\":true,\"valueName\":\"search_term_string\"}}],\"inLanguage\":\"fr-FR\"},{\"@type\":\"Organization\",\"@id\":\"https:\\\/\\\/www.organisator.ch\\\/#organization\",\"name\":\"Organisator\",\"url\":\"https:\\\/\\\/www.organisator.ch\\\/\",\"logo\":{\"@type\":\"ImageObject\",\"inLanguage\":\"fr-FR\",\"@id\":\"https:\\\/\\\/www.organisator.ch\\\/#\\\/schema\\\/logo\\\/image\\\/\",\"url\":\"https:\\\/\\\/www.organisator.ch\\\/wp-content\\\/uploads\\\/2022\\\/01\\\/Logo_Organisator_Website.png\",\"contentUrl\":\"https:\\\/\\\/www.organisator.ch\\\/wp-content\\\/uploads\\\/2022\\\/01\\\/Logo_Organisator_Website.png\",\"width\":800,\"height\":77,\"caption\":\"Organisator\"},\"image\":{\"@id\":\"https:\\\/\\\/www.organisator.ch\\\/#\\\/schema\\\/logo\\\/image\\\/\"},\"sameAs\":[\"https:\\\/\\\/www.facebook.com\\\/OrganisatorFachmagazin\",\"https:\\\/\\\/www.linkedin.com\\\/showcase\\\/organisator-das-magazin-fr-kmu\",\"https:\\\/\\\/www.xing.com\\\/news\\\/pages\\\/organisator-ch-695\",\"https:\\\/\\\/www.youtube.com\\\/channel\\\/UCGP2Sq0iWaZwT3BdIAQFYpw\"]},{\"@type\":\"Person\",\"@id\":\"https:\\\/\\\/www.organisator.ch\\\/#\\\/schema\\\/person\\\/6f650f90b2842cd4c0cc334b4e36f67e\",\"name\":\"thomas.berner\",\"image\":{\"@type\":\"ImageObject\",\"inLanguage\":\"fr-FR\",\"@id\":\"https:\\\/\\\/secure.gravatar.com\\\/avatar\\\/ac5001d2a36cb6c6cd3e50789007ffca834b477b74a2144564522e944eabff61?s=96&d=mm&r=g\",\"url\":\"https:\\\/\\\/secure.gravatar.com\\\/avatar\\\/ac5001d2a36cb6c6cd3e50789007ffca834b477b74a2144564522e944eabff61?s=96&d=mm&r=g\",\"contentUrl\":\"https:\\\/\\\/secure.gravatar.com\\\/avatar\\\/ac5001d2a36cb6c6cd3e50789007ffca834b477b74a2144564522e944eabff61?s=96&d=mm&r=g\",\"caption\":\"thomas.berner\"},\"url\":\"https:\\\/\\\/www.organisator.ch\\\/fr\\\/author\\\/thomas-berner\\\/\"}]}<\/script>\n<!-- \/ Yoast SEO plugin. -->","yoast_head_json":{"title":"Contre la vague de licenciements : cinq conseils pour recruter et fid\u00e9liser les collaborateurs - Organisator","description":"Suite \u00e0 la grande vague de licenciements, de nombreuses entreprises sont confront\u00e9es \u00e0 d'importantes p\u00e9nuries de personnel. Cinq conseils pour y rem\u00e9dier.","robots":{"index":"index","follow":"follow","max-snippet":"max-snippet:-1","max-image-preview":"max-image-preview:large","max-video-preview":"max-video-preview:-1"},"canonical":"https:\/\/www.organisator.ch\/fr\/ressources-humaines\/2022-06-16\/gegen-kuendigungswelle-fuenf-tipps-zum-anwerben-und-binden-von-mitarbeitenden\/","og_locale":"fr_FR","og_type":"article","og_title":"Gegen K\u00fcndigungswelle: F\u00fcnf Tipps zum Anwerben und Binden von Mitarbeitenden","og_description":"Die grosse K\u00fcndigungswelle hat dazu gef\u00fchrt, dass viele Unternehmen mit grossen Personalengp\u00e4ssen konfrontiert sind. F\u00fcnf Tipps dagegen.","og_url":"https:\/\/www.organisator.ch\/fr\/ressources-humaines\/2022-06-16\/gegen-kuendigungswelle-fuenf-tipps-zum-anwerben-und-binden-von-mitarbeitenden\/","og_site_name":"Organisator","article_publisher":"https:\/\/www.facebook.com\/OrganisatorFachmagazin","article_published_time":"2022-06-16T07:30:32+00:00","og_image":[{"width":680,"height":425,"url":"https:\/\/www.organisator.ch\/wp-content\/uploads\/2022\/06\/Gegen-Kuendigungswelle-Fuenf-Tipps-zum-Anwerben-und-Binden-von-Mitarbeitenden_Organisator.jpg","type":"image\/jpeg"}],"author":"thomas.berner","twitter_card":"summary_large_image","twitter_title":"Gegen #K\u00fcndigungswelle: F\u00fcnf Tipps zum #Anwerben und Binden von Mitarbeitenden","twitter_description":"Die grosse #K\u00fcndigungswelle hat dazu gef\u00fchrt, dass viele Unternehmen mit grossen #Personalengp\u00e4ssen konfrontiert sind. F\u00fcnf Tipps dagegen.","twitter_image":"https:\/\/www.organisator.ch\/wp-content\/uploads\/2022\/06\/Gegen-Kuendigungswelle-Fuenf-Tipps-zum-Anwerben-und-Binden-von-Mitarbeitenden_Organisator.jpg","schema":{"@context":"https:\/\/schema.org","@graph":[{"@type":"Article","@id":"https:\/\/www.organisator.ch\/human-resources\/2022-06-16\/gegen-kuendigungswelle-fuenf-tipps-zum-anwerben-und-binden-von-mitarbeitenden\/#article","isPartOf":{"@id":"https:\/\/www.organisator.ch\/human-resources\/2022-06-16\/gegen-kuendigungswelle-fuenf-tipps-zum-anwerben-und-binden-von-mitarbeitenden\/"},"author":{"name":"thomas.berner","@id":"https:\/\/www.organisator.ch\/#\/schema\/person\/6f650f90b2842cd4c0cc334b4e36f67e"},"headline":"Gegen K\u00fcndigungswelle: F\u00fcnf Tipps zum Anwerben und Binden von Mitarbeitenden","datePublished":"2022-06-16T07:30:32+00:00","mainEntityOfPage":{"@id":"https:\/\/www.organisator.ch\/human-resources\/2022-06-16\/gegen-kuendigungswelle-fuenf-tipps-zum-anwerben-und-binden-von-mitarbeitenden\/"},"wordCount":940,"publisher":{"@id":"https:\/\/www.organisator.ch\/#organization"},"image":{"@id":"https:\/\/www.organisator.ch\/human-resources\/2022-06-16\/gegen-kuendigungswelle-fuenf-tipps-zum-anwerben-und-binden-von-mitarbeitenden\/#primaryimage"},"thumbnailUrl":"https:\/\/www.organisator.ch\/wp-content\/uploads\/2022\/06\/Gegen-Kuendigungswelle-Fuenf-Tipps-zum-Anwerben-und-Binden-von-Mitarbeitenden_Organisator.jpg","keywords":["Checklisten","HRM","Recruiting"],"articleSection":["HUMAN RESOURCES"],"inLanguage":"fr-FR"},{"@type":"WebPage","@id":"https:\/\/www.organisator.ch\/human-resources\/2022-06-16\/gegen-kuendigungswelle-fuenf-tipps-zum-anwerben-und-binden-von-mitarbeitenden\/","url":"https:\/\/www.organisator.ch\/human-resources\/2022-06-16\/gegen-kuendigungswelle-fuenf-tipps-zum-anwerben-und-binden-von-mitarbeitenden\/","name":"Contre la vague de licenciements : cinq conseils pour recruter et fid\u00e9liser les collaborateurs - Organisator","isPartOf":{"@id":"https:\/\/www.organisator.ch\/#website"},"primaryImageOfPage":{"@id":"https:\/\/www.organisator.ch\/human-resources\/2022-06-16\/gegen-kuendigungswelle-fuenf-tipps-zum-anwerben-und-binden-von-mitarbeitenden\/#primaryimage"},"image":{"@id":"https:\/\/www.organisator.ch\/human-resources\/2022-06-16\/gegen-kuendigungswelle-fuenf-tipps-zum-anwerben-und-binden-von-mitarbeitenden\/#primaryimage"},"thumbnailUrl":"https:\/\/www.organisator.ch\/wp-content\/uploads\/2022\/06\/Gegen-Kuendigungswelle-Fuenf-Tipps-zum-Anwerben-und-Binden-von-Mitarbeitenden_Organisator.jpg","datePublished":"2022-06-16T07:30:32+00:00","description":"Suite \u00e0 la grande vague de licenciements, de nombreuses entreprises sont confront\u00e9es \u00e0 d'importantes p\u00e9nuries de personnel. Cinq conseils pour y rem\u00e9dier.","breadcrumb":{"@id":"https:\/\/www.organisator.ch\/human-resources\/2022-06-16\/gegen-kuendigungswelle-fuenf-tipps-zum-anwerben-und-binden-von-mitarbeitenden\/#breadcrumb"},"inLanguage":"fr-FR","potentialAction":[{"@type":"ReadAction","target":["https:\/\/www.organisator.ch\/human-resources\/2022-06-16\/gegen-kuendigungswelle-fuenf-tipps-zum-anwerben-und-binden-von-mitarbeitenden\/"]}]},{"@type":"ImageObject","inLanguage":"fr-FR","@id":"https:\/\/www.organisator.ch\/human-resources\/2022-06-16\/gegen-kuendigungswelle-fuenf-tipps-zum-anwerben-und-binden-von-mitarbeitenden\/#primaryimage","url":"https:\/\/www.organisator.ch\/wp-content\/uploads\/2022\/06\/Gegen-Kuendigungswelle-Fuenf-Tipps-zum-Anwerben-und-Binden-von-Mitarbeitenden_Organisator.jpg","contentUrl":"https:\/\/www.organisator.ch\/wp-content\/uploads\/2022\/06\/Gegen-Kuendigungswelle-Fuenf-Tipps-zum-Anwerben-und-Binden-von-Mitarbeitenden_Organisator.jpg","width":680,"height":425,"caption":"Keinen Bock mehr: Die Covid-19-Pandemie hat eine K\u00fcndigungswelle ausgel\u00f6st, manche Mitarbeitenden suchen sich eine neue Aufgabe. Wie k\u00f6nnen Unternehmen ihre Mitarbeitenden besser halten? (Bild: Unsplash.com)"},{"@type":"BreadcrumbList","@id":"https:\/\/www.organisator.ch\/human-resources\/2022-06-16\/gegen-kuendigungswelle-fuenf-tipps-zum-anwerben-und-binden-von-mitarbeitenden\/#breadcrumb","itemListElement":[{"@type":"ListItem","position":1,"name":"Home","item":"https:\/\/www.organisator.ch\/"},{"@type":"ListItem","position":2,"name":"Gegen K\u00fcndigungswelle: F\u00fcnf Tipps zum Anwerben und Binden von Mitarbeitenden"}]},{"@type":"WebSite","@id":"https:\/\/www.organisator.ch\/#website","url":"https:\/\/www.organisator.ch\/","name":"Organisateur","description":"Comp\u00e9tence et comp\u00e9tence. Proches de la pratique. L'ORGANISATEUR pr\u00e9pare 10 num\u00e9ros par an sur les th\u00e8mes essentiels pour les dirigeants de PME.","publisher":{"@id":"https:\/\/www.organisator.ch\/#organization"},"potentialAction":[{"@type":"SearchAction","target":{"@type":"EntryPoint","urlTemplate":"https:\/\/www.organisator.ch\/?s={search_term_string}"},"query-input":{"@type":"PropertyValueSpecification","valueRequired":true,"valueName":"search_term_string"}}],"inLanguage":"fr-FR"},{"@type":"Organization","@id":"https:\/\/www.organisator.ch\/#organization","name":"Organisateur","url":"https:\/\/www.organisator.ch\/","logo":{"@type":"ImageObject","inLanguage":"fr-FR","@id":"https:\/\/www.organisator.ch\/#\/schema\/logo\/image\/","url":"https:\/\/www.organisator.ch\/wp-content\/uploads\/2022\/01\/Logo_Organisator_Website.png","contentUrl":"https:\/\/www.organisator.ch\/wp-content\/uploads\/2022\/01\/Logo_Organisator_Website.png","width":800,"height":77,"caption":"Organisator"},"image":{"@id":"https:\/\/www.organisator.ch\/#\/schema\/logo\/image\/"},"sameAs":["https:\/\/www.facebook.com\/OrganisatorFachmagazin","https:\/\/www.linkedin.com\/showcase\/organisator-das-magazin-fr-kmu","https:\/\/www.xing.com\/news\/pages\/organisator-ch-695","https:\/\/www.youtube.com\/channel\/UCGP2Sq0iWaZwT3BdIAQFYpw"]},{"@type":"Person","@id":"https:\/\/www.organisator.ch\/#\/schema\/person\/6f650f90b2842cd4c0cc334b4e36f67e","name":"thomas.berner","image":{"@type":"ImageObject","inLanguage":"fr-FR","@id":"https:\/\/secure.gravatar.com\/avatar\/ac5001d2a36cb6c6cd3e50789007ffca834b477b74a2144564522e944eabff61?s=96&d=mm&r=g","url":"https:\/\/secure.gravatar.com\/avatar\/ac5001d2a36cb6c6cd3e50789007ffca834b477b74a2144564522e944eabff61?s=96&d=mm&r=g","contentUrl":"https:\/\/secure.gravatar.com\/avatar\/ac5001d2a36cb6c6cd3e50789007ffca834b477b74a2144564522e944eabff61?s=96&d=mm&r=g","caption":"thomas.berner"},"url":"https:\/\/www.organisator.ch\/fr\/author\/thomas-berner\/"}]}},"_links":{"self":[{"href":"https:\/\/www.organisator.ch\/fr\/wp-json\/wp\/v2\/posts\/14932","targetHints":{"allow":["GET"]}}],"collection":[{"href":"https:\/\/www.organisator.ch\/fr\/wp-json\/wp\/v2\/posts"}],"about":[{"href":"https:\/\/www.organisator.ch\/fr\/wp-json\/wp\/v2\/types\/post"}],"author":[{"embeddable":true,"href":"https:\/\/www.organisator.ch\/fr\/wp-json\/wp\/v2\/users\/4"}],"replies":[{"embeddable":true,"href":"https:\/\/www.organisator.ch\/fr\/wp-json\/wp\/v2\/comments?post=14932"}],"version-history":[{"count":1,"href":"https:\/\/www.organisator.ch\/fr\/wp-json\/wp\/v2\/posts\/14932\/revisions"}],"predecessor-version":[{"id":14941,"href":"https:\/\/www.organisator.ch\/fr\/wp-json\/wp\/v2\/posts\/14932\/revisions\/14941"}],"wp:featuredmedia":[{"embeddable":true,"href":"https:\/\/www.organisator.ch\/fr\/wp-json\/wp\/v2\/media\/14938"}],"wp:attachment":[{"href":"https:\/\/www.organisator.ch\/fr\/wp-json\/wp\/v2\/media?parent=14932"}],"wp:term":[{"taxonomy":"category","embeddable":true,"href":"https:\/\/www.organisator.ch\/fr\/wp-json\/wp\/v2\/categories?post=14932"},{"taxonomy":"post_tag","embeddable":true,"href":"https:\/\/www.organisator.ch\/fr\/wp-json\/wp\/v2\/tags?post=14932"}],"curies":[{"name":"wp","href":"https:\/\/api.w.org\/{rel}","templated":true}]}}