{"id":1498,"date":"2018-02-14T11:18:58","date_gmt":"2018-02-14T10:18:58","guid":{"rendered":"https:\/\/www.umweltperspektiven.ch\/?p=1498"},"modified":"2018-02-14T11:18:58","modified_gmt":"2018-02-14T10:18:58","slug":"zhaw-studie-ueber-shared-mobility-neue-rollende-rivalen","status":"publish","type":"post","link":"https:\/\/www.organisator.ch\/fr\/allgemein\/2018-02-14\/zhaw-studie-ueber-shared-mobility-neue-rollende-rivalen\/","title":{"rendered":"\u00c9tude de la ZHAW sur la mobilit\u00e9 partag\u00e9e : de nouveaux rivaux roulants ?"},"content":{"rendered":"<figure id=\"attachment_1499\" aria-describedby=\"caption-attachment-1499\" style=\"width: 680px\" class=\"wp-caption alignnone\"><img loading=\"lazy\" decoding=\"async\" class=\"wp-image-1499 size-medium\" src=\"\/\/www.umweltperspektiven.ch\/wp-content\/uploads\/2018\/02\/Sharing-Mobilit\u00e4t-und-neue-rollende-Rivalen.jpg\" alt=\"\" width=\"680\" height=\"510\" \/><figcaption id=\"caption-attachment-1499\" class=\"wp-caption-text\">Le choix de types de v\u00e9hicules est \u00e9norme. Non seulement les v\u00e9los, mais aussi les scooters \u00e0 partager gagnent en importance. De meilleures options de location s'offrent-elles d\u00e9sormais \u00e0 la Suisse mobile ? (Image : pixabay)<\/figcaption><\/figure>\n<p><span style=\"font-size: 10.5pt; font-family: 'Arial','sans-serif';\">L'\u00e9tude de la ZHAW sur la \"mobilit\u00e9 partag\u00e9e\", c'est-\u00e0-dire le partage de v\u00e9hicules en public, est tr\u00e8s r\u00e9v\u00e9latrice. Il existe de nouvelles tendances, comme la distribution publique de scooters dans les villes europ\u00e9ennes, et le covoiturage commence \u00e9galement \u00e0 bouger. Apr\u00e8s que de grands prestataires populaires comme Uber ont \u00e9t\u00e9 \"\u00e9cart\u00e9s de la fen\u00eatre\" \u00e0 l'\u00e9t\u00e9 2017, parce que la l\u00e9gislation suisse a rigoureusement mis un terme au nouveau service de transport Uber Pop, quelques nouveaux types de v\u00e9hicules connect\u00e9s ont fait leur apparition dans des villes comme Zurich. Mais ici, les fournisseurs se trouvent sur un terrain difficile en ce qui concerne l'offre toujours plus importante de v\u00e9los, de scooters et de trottinettes ou de petits v\u00e9hicules.<\/span><\/p>\n<p><span style=\"font-size: 10.5pt; font-family: 'Arial','sans-serif';\"><span class=\"st\">Plus il y a d'offres, plus les prix baissent.<\/span>es prix, souligne - en r\u00e9sum\u00e9 - l'\u00e9tude actuelle. Pour la troisi\u00e8me ann\u00e9e cons\u00e9cutive, les \u00e9tudiants de la fili\u00e8re Syst\u00e8mes de transport de la ZHAW ont r\u00e9alis\u00e9 l'\u00e9tude \"Shared Mobility\". <\/span><span style=\"font-size: 10.5pt; font-family: 'Arial','sans-serif';\">et a \u00e9tudi\u00e9 \u00e0 cet effet les concepts de partage existants dans le domaine de la mobilit\u00e9 dans sept villes europ\u00e9ennes. Les r\u00e9sultats de Zurich, Berlin, Copenhague, Londres, Paris, Vienne et Barcelone montrent que la croissance de l'\u00e9conomie de partage s'est poursuivie l'ann\u00e9e derni\u00e8re et a entra\u00een\u00e9 de nouveaux changements. <\/span><\/p>\n<p><b><span style=\"font-size: 10.5pt; font-family: 'Arial','sans-serif';\">Les scooters suivent la mar\u00e9e de v\u00e9los<br \/>\n<\/span><\/b><span style=\"font-size: 10.5pt; font-family: 'Arial','sans-serif';\">\"Apr\u00e8s s'\u00eatre concentr\u00e9e l'ann\u00e9e derni\u00e8re sur les services peer-to-peer (P2P) - c'est-\u00e0-dire l'autopartage entre particuliers - l'\u00e9tude de cette ann\u00e9e s'int\u00e9resse d\u00e9sormais aussi au partage de scooters\", explique Thomas Sauter-Servaes, directeur de la fili\u00e8re Syst\u00e8mes de transport \u00e0 la ZHAW School of Engineering. Dans ce mod\u00e8le, les scooters sont propos\u00e9s en partage de la m\u00eame mani\u00e8re que les v\u00e9los. Selon l'\u00e9tude de la ZHAW, le partage de scooters conna\u00eet une croissance rapide. Les scooters sont d\u00e9j\u00e0 particuli\u00e8rement populaires \u00e0 Berlin et \u00e0 Paris. A Zurich, il n'existe pas encore d'offre de ce type. Il existe de grandes diff\u00e9rences de prix entre les prestataires. Contrairement au partage de v\u00e9los, les co\u00fbts sont encore largement sup\u00e9rieurs \u00e0 ceux des transports publics.<\/span><\/p>\n<p><b><span style=\"font-size: 10.5pt; font-family: 'Arial','sans-serif';\">Le v\u00e9lo en libre-service en pleine mutation<br \/>\n<\/span><\/b><span style=\"font-size: 10.5pt; font-family: 'Arial','sans-serif';\">Le partage de v\u00e9los a connu de grands changements en 2017 en raison de l'arriv\u00e9e de nouveaux prestataires sur le march\u00e9. \"La taille des flottes a parfois connu une croissance massive\", explique l'\u00e9tudiant Sandro D\u00fcnki, qui a dirig\u00e9 le projet avec Marc Aeberhard. \"La strat\u00e9gie d'expansion agressive des prestataires, pour la plupart asiatiques, a surpris les politiques de plusieurs villes\". Ainsi, Zurich a gagn\u00e9 trois nouveaux prestataires par rapport \u00e0 l'ann\u00e9e pr\u00e9c\u00e9dente. Le nombre de v\u00e9los en location y a augment\u00e9 de plus de 200 pour cent pour atteindre un total de 1055. Les v\u00e9los de ces nouveaux prestataires peuvent en g\u00e9n\u00e9ral \u00eatre gar\u00e9s librement et ne sont pas li\u00e9s \u00e0 des stations fixes. \"Un tel type de partage n'a \u00e9t\u00e9 rendu possible que gr\u00e2ce aux technologies modernes et \u00e0 la diffusion quasi g\u00e9n\u00e9ralis\u00e9e des smartphones\", explique Aeberhard. En effet, la condition pr\u00e9alable \u00e0 l'utilisation d'un tel service est de pouvoir localiser et d\u00e9verrouiller les v\u00e9los \u00e0 n'importe quelle heure.<\/span><\/p>\n<p><b><span style=\"font-size: 10.5pt; font-family: 'Arial','sans-serif';\">Un march\u00e9 de l'autopartage dynamique<br \/>\n<\/span><\/b><span style=\"font-size: 10.5pt; font-family: 'Arial','sans-serif';\">L'utilisation de l'autopartage dans les grandes villes europ\u00e9ennes est toujours en vogue. L'\u00e9tude montre que le nombre de v\u00e9hicules est g\u00e9n\u00e9ralement en hausse et que les prix de tous les prestataires de services d'autopartage ont baiss\u00e9. \"Les prix varient fortement, de sorte qu'il vaut la peine de comparer diff\u00e9rents prestataires\", explique D\u00fcnki. A cet \u00e9gard, les offres des grands prestataires \u00e9taient globalement un peu plus avantageuses. Cependant, \u00e0 Zurich, il n'y a toujours qu'un seul fournisseur. Et dans la plupart des villes, les transports publics sont encore nettement moins chers que le covoiturage.<\/span><\/p>\n<p><span style=\"font-size: 10.5pt; font-family: 'Arial','sans-serif';\">\"Le march\u00e9 est tr\u00e8s vivant : De nouveaux prestataires apparaissent, d'autres disparaissent \u00e0 nouveau de la sc\u00e8ne\", explique Aeberhard. De plus, l'\u00e9cart entre l'autopartage et le partage P2P s'est encore r\u00e9duit, mais l'autopartage entre particuliers est rest\u00e9 plus avantageux. En outre, le secteur du partage P2P continue \u00e0 prendre de l'ampleur. De plus en plus de personnes proposent leur v\u00e9hicule sur une plateforme de partage. Dans la plupart des villes \u00e9tudi\u00e9es, l'offre est surtout attractive pour une location de longue dur\u00e9e par rapport \u00e0 la location de voiture classique. <\/span><\/p>\n<p><em>T\u00e9l\u00e9chargements d'autres graphiques et informations de l'\u00e9tude sont disponibles <a href=\"\/\/www.zhaw.ch\/de\/medien\/medienmitteilungen\/detailansicht-medienmitteilung\/news-single\/sinkende-preise-und-mehr-fahrzeuge-bei-sharing-mobilitaetsservices\/\">ici<\/a><\/em><\/p>\n<h2><\/h2>\n<figure id=\"attachment_1501\" aria-describedby=\"caption-attachment-1501\" style=\"width: 680px\" class=\"wp-caption alignnone\"><img loading=\"lazy\" decoding=\"async\" class=\"wp-image-1501 size-medium\" src=\"\/\/www.umweltperspektiven.ch\/wp-content\/uploads\/2018\/02\/Umfrage_SharedMob_BikeSharing-1.png\" alt=\"\" width=\"680\" height=\"658\" srcset=\"https:\/\/www.organisator.ch\/wp-content\/uploads\/2018\/02\/Umfrage_SharedMob_BikeSharing-1.png 4751w, https:\/\/www.organisator.ch\/wp-content\/uploads\/2018\/02\/Umfrage_SharedMob_BikeSharing-1-680x658.png 680w, https:\/\/www.organisator.ch\/wp-content\/uploads\/2018\/02\/Umfrage_SharedMob_BikeSharing-1-1024x990.png 1024w, https:\/\/www.organisator.ch\/wp-content\/uploads\/2018\/02\/Umfrage_SharedMob_BikeSharing-1-768x743.png 768w, https:\/\/www.organisator.ch\/wp-content\/uploads\/2018\/02\/Umfrage_SharedMob_BikeSharing-1-1536x1485.png 1536w, https:\/\/www.organisator.ch\/wp-content\/uploads\/2018\/02\/Umfrage_SharedMob_BikeSharing-1-2048x1980.png 2048w, https:\/\/www.organisator.ch\/wp-content\/uploads\/2018\/02\/Umfrage_SharedMob_BikeSharing-1-12x12.png 12w, https:\/\/www.organisator.ch\/wp-content\/uploads\/2018\/02\/Umfrage_SharedMob_BikeSharing-1-181x175.png 181w, https:\/\/www.organisator.ch\/wp-content\/uploads\/2018\/02\/Umfrage_SharedMob_BikeSharing-1-362x350.png 362w, https:\/\/www.organisator.ch\/wp-content\/uploads\/2018\/02\/Umfrage_SharedMob_BikeSharing-1-827x800.png 827w, https:\/\/www.organisator.ch\/wp-content\/uploads\/2018\/02\/Umfrage_SharedMob_BikeSharing-1-920x890.png 920w, https:\/\/www.organisator.ch\/wp-content\/uploads\/2018\/02\/Umfrage_SharedMob_BikeSharing-1-1400x1354.png 1400w, https:\/\/www.organisator.ch\/wp-content\/uploads\/2018\/02\/Umfrage_SharedMob_BikeSharing-1-1448x1400.png 1448w, https:\/\/www.organisator.ch\/wp-content\/uploads\/2018\/02\/Umfrage_SharedMob_BikeSharing-1-300x290.png 300w\" sizes=\"auto, (max-width: 680px) 100vw, 680px\" \/><figcaption id=\"caption-attachment-1501\" class=\"wp-caption-text\">\"Un tel type de partage n'a \u00e9t\u00e9 rendu possible que gr\u00e2ce aux technologies modernes et \u00e0 la diffusion quasi g\u00e9n\u00e9ralis\u00e9e des smartphones\", peut-on lire dans l'\u00e9tude actuelle de la ZHAW sur la mobilit\u00e9 partag\u00e9e. (Source : ZHAW)<\/figcaption><\/figure>\n<p>&nbsp;<\/p>\n<p>&nbsp;<\/p>\n<p><span style=\"font-size: 10.5pt; font-family: 'Arial','sans-serif';\">\u00a0<\/span><i><\/i><\/p>","protected":false},"excerpt":{"rendered":"<p>Die ZHAW-Studie \u00fcber &#8222;Shared Mobility&#8220;, also das Teilen von Fahrzeugen in der \u00d6ffentlichkeit, ist sehr aufschlussreich. Es gibt neue Tendzen wie die \u00f6ffentliche Verteilung von Motorrollern in europ\u00e4ischen St\u00e4dten und auch beim Car-Sharing kommt Bewegung ins Spiel. Nachdem beliebte gr\u00f6ssere Anbieter wie Uber im Sommer 2017 &#8222;weg vom Fenster&#8220; gerieten, weil die Schweizer Gesetzgebung rigoros [&hellip;]<\/p>\n","protected":false},"author":5,"featured_media":1499,"comment_status":"open","ping_status":"open","sticky":false,"template":"","format":"standard","meta":{"_acf_changed":false,"_yoast_wpseo_focuskw":"ZHAW-Studie \u00fcber Shared Mobility","_yoast_wpseo_metadesc":"Die ZHAW-Studie \u00fcber Shared Mobility ist aktuell: das Bike-Sharing befindet sich teilorts im Sinkflug, obgleich die Flottengr\u00f6ssen massiv angesteigen ist","articlekey":"","footnotes":""},"categories":[1],"tags":[1155,1731,2117,2118,459],"class_list":["post-1498","post","type-post","status-publish","format-standard","has-post-thumbnail","hentry","category-allgemein","tag-fahrzeuge","tag-mobiltitaet","tag-shared-mobiltity","tag-sharing-economy","tag-studie"],"acf":[],"yoast_head":"<!-- This site is optimized with the Yoast SEO plugin v27.5 - https:\/\/yoast.com\/product\/yoast-seo-wordpress\/ -->\n<title>ZHAW-Studie \u00fcber Shared Mobility: Neue rollende Rivalen? - Organisator<\/title>\n<meta name=\"description\" content=\"Die ZHAW-Studie \u00fcber Shared Mobility ist aktuell: das Bike-Sharing befindet sich teilorts im Sinkflug, obgleich die Flottengr\u00f6ssen massiv angesteigen ist\" \/>\n<meta name=\"robots\" content=\"index, follow, max-snippet:-1, max-image-preview:large, max-video-preview:-1\" \/>\n<link rel=\"canonical\" href=\"https:\/\/www.organisator.ch\/fr\/general\/2018-02-14\/zhaw-studie-ueber-shared-mobility-neue-rollende-rivalen\/\" \/>\n<meta property=\"og:locale\" content=\"fr_FR\" \/>\n<meta property=\"og:type\" content=\"article\" \/>\n<meta property=\"og:title\" content=\"ZHAW-Studie \u00fcber Shared Mobility: Neue rollende Rivalen?\" \/>\n<meta property=\"og:description\" content=\"Die ZHAW-Studie \u00fcber Shared Mobility ist aktuell: das Bike-Sharing befindet sich teilorts im Sinkflug, obgleich die Flottengr\u00f6ssen massiv angesteigen ist\" \/>\n<meta property=\"og:url\" content=\"https:\/\/www.organisator.ch\/fr\/general\/2018-02-14\/zhaw-studie-ueber-shared-mobility-neue-rollende-rivalen\/\" \/>\n<meta property=\"og:site_name\" content=\"Organisator\" \/>\n<meta property=\"article:publisher\" content=\"https:\/\/www.facebook.com\/OrganisatorFachmagazin\" \/>\n<meta property=\"article:published_time\" content=\"2018-02-14T10:18:58+00:00\" \/>\n<meta property=\"og:image\" content=\"https:\/\/www.organisator.ch\/wp-content\/uploads\/2018\/02\/Sharing-Mobilitaet-und-neue-rollende-Rivalen.jpg\" \/>\n\t<meta property=\"og:image:width\" content=\"1920\" \/>\n\t<meta property=\"og:image:height\" content=\"1440\" \/>\n\t<meta property=\"og:image:type\" content=\"image\/jpeg\" \/>\n<meta name=\"author\" content=\"michael.merz\" \/>\n<meta name=\"twitter:card\" content=\"summary_large_image\" \/>\n<script type=\"application\/ld+json\" class=\"yoast-schema-graph\">{\"@context\":\"https:\\\/\\\/schema.org\",\"@graph\":[{\"@type\":\"Article\",\"@id\":\"https:\\\/\\\/www.organisator.ch\\\/de\\\/allgemein\\\/2018-02-14\\\/zhaw-studie-ueber-shared-mobility-neue-rollende-rivalen\\\/#article\",\"isPartOf\":{\"@id\":\"https:\\\/\\\/www.organisator.ch\\\/de\\\/allgemein\\\/2018-02-14\\\/zhaw-studie-ueber-shared-mobility-neue-rollende-rivalen\\\/\"},\"author\":{\"name\":\"michael.merz\",\"@id\":\"https:\\\/\\\/www.organisator.ch\\\/#\\\/schema\\\/person\\\/134708ca9321c57b0362cceb7948ffbd\"},\"headline\":\"ZHAW-Studie \u00fcber Shared Mobility: Neue rollende Rivalen?\",\"datePublished\":\"2018-02-14T10:18:58+00:00\",\"mainEntityOfPage\":{\"@id\":\"https:\\\/\\\/www.organisator.ch\\\/de\\\/allgemein\\\/2018-02-14\\\/zhaw-studie-ueber-shared-mobility-neue-rollende-rivalen\\\/\"},\"wordCount\":697,\"commentCount\":0,\"publisher\":{\"@id\":\"https:\\\/\\\/www.organisator.ch\\\/#organization\"},\"image\":{\"@id\":\"https:\\\/\\\/www.organisator.ch\\\/de\\\/allgemein\\\/2018-02-14\\\/zhaw-studie-ueber-shared-mobility-neue-rollende-rivalen\\\/#primaryimage\"},\"thumbnailUrl\":\"https:\\\/\\\/www.organisator.ch\\\/wp-content\\\/uploads\\\/2018\\\/02\\\/Sharing-Mobilitaet-und-neue-rollende-Rivalen.jpg\",\"keywords\":[\"Fahrzeuge\",\"Mobiltit\u00e4t\",\"Shared Mobiltity\",\"sharing economy\",\"Studie\"],\"articleSection\":[\"Allgemein\"],\"inLanguage\":\"fr-FR\"},{\"@type\":\"WebPage\",\"@id\":\"https:\\\/\\\/www.organisator.ch\\\/de\\\/allgemein\\\/2018-02-14\\\/zhaw-studie-ueber-shared-mobility-neue-rollende-rivalen\\\/\",\"url\":\"https:\\\/\\\/www.organisator.ch\\\/de\\\/allgemein\\\/2018-02-14\\\/zhaw-studie-ueber-shared-mobility-neue-rollende-rivalen\\\/\",\"name\":\"ZHAW-Studie \u00fcber Shared Mobility: Neue rollende Rivalen? - Organisator\",\"isPartOf\":{\"@id\":\"https:\\\/\\\/www.organisator.ch\\\/#website\"},\"primaryImageOfPage\":{\"@id\":\"https:\\\/\\\/www.organisator.ch\\\/de\\\/allgemein\\\/2018-02-14\\\/zhaw-studie-ueber-shared-mobility-neue-rollende-rivalen\\\/#primaryimage\"},\"image\":{\"@id\":\"https:\\\/\\\/www.organisator.ch\\\/de\\\/allgemein\\\/2018-02-14\\\/zhaw-studie-ueber-shared-mobility-neue-rollende-rivalen\\\/#primaryimage\"},\"thumbnailUrl\":\"https:\\\/\\\/www.organisator.ch\\\/wp-content\\\/uploads\\\/2018\\\/02\\\/Sharing-Mobilitaet-und-neue-rollende-Rivalen.jpg\",\"datePublished\":\"2018-02-14T10:18:58+00:00\",\"description\":\"Die ZHAW-Studie \u00fcber Shared Mobility ist aktuell: das Bike-Sharing befindet sich teilorts im Sinkflug, obgleich die Flottengr\u00f6ssen massiv angesteigen ist\",\"breadcrumb\":{\"@id\":\"https:\\\/\\\/www.organisator.ch\\\/de\\\/allgemein\\\/2018-02-14\\\/zhaw-studie-ueber-shared-mobility-neue-rollende-rivalen\\\/#breadcrumb\"},\"inLanguage\":\"fr-FR\",\"potentialAction\":[{\"@type\":\"ReadAction\",\"target\":[\"https:\\\/\\\/www.organisator.ch\\\/de\\\/allgemein\\\/2018-02-14\\\/zhaw-studie-ueber-shared-mobility-neue-rollende-rivalen\\\/\"]}]},{\"@type\":\"ImageObject\",\"inLanguage\":\"fr-FR\",\"@id\":\"https:\\\/\\\/www.organisator.ch\\\/de\\\/allgemein\\\/2018-02-14\\\/zhaw-studie-ueber-shared-mobility-neue-rollende-rivalen\\\/#primaryimage\",\"url\":\"https:\\\/\\\/www.organisator.ch\\\/wp-content\\\/uploads\\\/2018\\\/02\\\/Sharing-Mobilitaet-und-neue-rollende-Rivalen.jpg\",\"contentUrl\":\"https:\\\/\\\/www.organisator.ch\\\/wp-content\\\/uploads\\\/2018\\\/02\\\/Sharing-Mobilitaet-und-neue-rollende-Rivalen.jpg\",\"width\":1920,\"height\":1440},{\"@type\":\"BreadcrumbList\",\"@id\":\"https:\\\/\\\/www.organisator.ch\\\/de\\\/allgemein\\\/2018-02-14\\\/zhaw-studie-ueber-shared-mobility-neue-rollende-rivalen\\\/#breadcrumb\",\"itemListElement\":[{\"@type\":\"ListItem\",\"position\":1,\"name\":\"Home\",\"item\":\"https:\\\/\\\/www.organisator.ch\\\/\"},{\"@type\":\"ListItem\",\"position\":2,\"name\":\"ZHAW-Studie \u00fcber Shared Mobility: Neue rollende Rivalen?\"}]},{\"@type\":\"WebSite\",\"@id\":\"https:\\\/\\\/www.organisator.ch\\\/#website\",\"url\":\"https:\\\/\\\/www.organisator.ch\\\/\",\"name\":\"Organisator\",\"description\":\"Kompetent. Praxisnah. Der ORGANISATOR bereitet in 10 Ausgaben pro Jahr die wesentlichen Themen f\u00fcr F\u00fchrungskr\u00e4fte von KMU auf.\",\"publisher\":{\"@id\":\"https:\\\/\\\/www.organisator.ch\\\/#organization\"},\"potentialAction\":[{\"@type\":\"SearchAction\",\"target\":{\"@type\":\"EntryPoint\",\"urlTemplate\":\"https:\\\/\\\/www.organisator.ch\\\/?s={search_term_string}\"},\"query-input\":{\"@type\":\"PropertyValueSpecification\",\"valueRequired\":true,\"valueName\":\"search_term_string\"}}],\"inLanguage\":\"fr-FR\"},{\"@type\":\"Organization\",\"@id\":\"https:\\\/\\\/www.organisator.ch\\\/#organization\",\"name\":\"Organisator\",\"url\":\"https:\\\/\\\/www.organisator.ch\\\/\",\"logo\":{\"@type\":\"ImageObject\",\"inLanguage\":\"fr-FR\",\"@id\":\"https:\\\/\\\/www.organisator.ch\\\/#\\\/schema\\\/logo\\\/image\\\/\",\"url\":\"https:\\\/\\\/www.organisator.ch\\\/wp-content\\\/uploads\\\/2022\\\/01\\\/Logo_Organisator_Website.png\",\"contentUrl\":\"https:\\\/\\\/www.organisator.ch\\\/wp-content\\\/uploads\\\/2022\\\/01\\\/Logo_Organisator_Website.png\",\"width\":800,\"height\":77,\"caption\":\"Organisator\"},\"image\":{\"@id\":\"https:\\\/\\\/www.organisator.ch\\\/#\\\/schema\\\/logo\\\/image\\\/\"},\"sameAs\":[\"https:\\\/\\\/www.facebook.com\\\/OrganisatorFachmagazin\",\"https:\\\/\\\/www.linkedin.com\\\/showcase\\\/organisator-das-magazin-fr-kmu\",\"https:\\\/\\\/www.xing.com\\\/news\\\/pages\\\/organisator-ch-695\",\"https:\\\/\\\/www.youtube.com\\\/channel\\\/UCGP2Sq0iWaZwT3BdIAQFYpw\"]},{\"@type\":\"Person\",\"@id\":\"https:\\\/\\\/www.organisator.ch\\\/#\\\/schema\\\/person\\\/134708ca9321c57b0362cceb7948ffbd\",\"name\":\"michael.merz\",\"image\":{\"@type\":\"ImageObject\",\"inLanguage\":\"fr-FR\",\"@id\":\"https:\\\/\\\/secure.gravatar.com\\\/avatar\\\/?s=96&d=mm&r=g\",\"url\":\"https:\\\/\\\/secure.gravatar.com\\\/avatar\\\/?s=96&d=mm&r=g\",\"contentUrl\":\"https:\\\/\\\/secure.gravatar.com\\\/avatar\\\/?s=96&d=mm&r=g\",\"caption\":\"michael.merz\"},\"url\":\"https:\\\/\\\/www.organisator.ch\\\/fr\\\/author\\\/michael-merz\\\/\"}]}<\/script>\n<!-- \/ Yoast SEO plugin. -->","yoast_head_json":{"title":"\u00c9tude de la ZHAW sur la mobilit\u00e9 partag\u00e9e : de nouveaux rivaux roulants ? - Organisateur","description":"L'\u00e9tude de la ZHAW sur la mobilit\u00e9 partag\u00e9e est d'actualit\u00e9 : le partage de v\u00e9los est en baisse en certains endroits, bien que la taille des flottes ait massivement augment\u00e9.","robots":{"index":"index","follow":"follow","max-snippet":"max-snippet:-1","max-image-preview":"max-image-preview:large","max-video-preview":"max-video-preview:-1"},"canonical":"https:\/\/www.organisator.ch\/fr\/general\/2018-02-14\/zhaw-studie-ueber-shared-mobility-neue-rollende-rivalen\/","og_locale":"fr_FR","og_type":"article","og_title":"ZHAW-Studie \u00fcber Shared Mobility: Neue rollende Rivalen?","og_description":"Die ZHAW-Studie \u00fcber Shared Mobility ist aktuell: das Bike-Sharing befindet sich teilorts im Sinkflug, obgleich die Flottengr\u00f6ssen massiv angesteigen ist","og_url":"https:\/\/www.organisator.ch\/fr\/general\/2018-02-14\/zhaw-studie-ueber-shared-mobility-neue-rollende-rivalen\/","og_site_name":"Organisator","article_publisher":"https:\/\/www.facebook.com\/OrganisatorFachmagazin","article_published_time":"2018-02-14T10:18:58+00:00","og_image":[{"width":1920,"height":1440,"url":"https:\/\/www.organisator.ch\/wp-content\/uploads\/2018\/02\/Sharing-Mobilitaet-und-neue-rollende-Rivalen.jpg","type":"image\/jpeg"}],"author":"michael.merz","twitter_card":"summary_large_image","schema":{"@context":"https:\/\/schema.org","@graph":[{"@type":"Article","@id":"https:\/\/www.organisator.ch\/de\/allgemein\/2018-02-14\/zhaw-studie-ueber-shared-mobility-neue-rollende-rivalen\/#article","isPartOf":{"@id":"https:\/\/www.organisator.ch\/de\/allgemein\/2018-02-14\/zhaw-studie-ueber-shared-mobility-neue-rollende-rivalen\/"},"author":{"name":"michael.merz","@id":"https:\/\/www.organisator.ch\/#\/schema\/person\/134708ca9321c57b0362cceb7948ffbd"},"headline":"ZHAW-Studie \u00fcber Shared Mobility: Neue rollende Rivalen?","datePublished":"2018-02-14T10:18:58+00:00","mainEntityOfPage":{"@id":"https:\/\/www.organisator.ch\/de\/allgemein\/2018-02-14\/zhaw-studie-ueber-shared-mobility-neue-rollende-rivalen\/"},"wordCount":697,"commentCount":0,"publisher":{"@id":"https:\/\/www.organisator.ch\/#organization"},"image":{"@id":"https:\/\/www.organisator.ch\/de\/allgemein\/2018-02-14\/zhaw-studie-ueber-shared-mobility-neue-rollende-rivalen\/#primaryimage"},"thumbnailUrl":"https:\/\/www.organisator.ch\/wp-content\/uploads\/2018\/02\/Sharing-Mobilitaet-und-neue-rollende-Rivalen.jpg","keywords":["Fahrzeuge","Mobiltit\u00e4t","Shared Mobiltity","sharing economy","Studie"],"articleSection":["Allgemein"],"inLanguage":"fr-FR"},{"@type":"WebPage","@id":"https:\/\/www.organisator.ch\/de\/allgemein\/2018-02-14\/zhaw-studie-ueber-shared-mobility-neue-rollende-rivalen\/","url":"https:\/\/www.organisator.ch\/de\/allgemein\/2018-02-14\/zhaw-studie-ueber-shared-mobility-neue-rollende-rivalen\/","name":"\u00c9tude de la ZHAW sur la mobilit\u00e9 partag\u00e9e : de nouveaux rivaux roulants ? - Organisateur","isPartOf":{"@id":"https:\/\/www.organisator.ch\/#website"},"primaryImageOfPage":{"@id":"https:\/\/www.organisator.ch\/de\/allgemein\/2018-02-14\/zhaw-studie-ueber-shared-mobility-neue-rollende-rivalen\/#primaryimage"},"image":{"@id":"https:\/\/www.organisator.ch\/de\/allgemein\/2018-02-14\/zhaw-studie-ueber-shared-mobility-neue-rollende-rivalen\/#primaryimage"},"thumbnailUrl":"https:\/\/www.organisator.ch\/wp-content\/uploads\/2018\/02\/Sharing-Mobilitaet-und-neue-rollende-Rivalen.jpg","datePublished":"2018-02-14T10:18:58+00:00","description":"L'\u00e9tude de la ZHAW sur la mobilit\u00e9 partag\u00e9e est d'actualit\u00e9 : le partage de v\u00e9los est en baisse en certains endroits, bien que la taille des flottes ait massivement augment\u00e9.","breadcrumb":{"@id":"https:\/\/www.organisator.ch\/de\/allgemein\/2018-02-14\/zhaw-studie-ueber-shared-mobility-neue-rollende-rivalen\/#breadcrumb"},"inLanguage":"fr-FR","potentialAction":[{"@type":"ReadAction","target":["https:\/\/www.organisator.ch\/de\/allgemein\/2018-02-14\/zhaw-studie-ueber-shared-mobility-neue-rollende-rivalen\/"]}]},{"@type":"ImageObject","inLanguage":"fr-FR","@id":"https:\/\/www.organisator.ch\/de\/allgemein\/2018-02-14\/zhaw-studie-ueber-shared-mobility-neue-rollende-rivalen\/#primaryimage","url":"https:\/\/www.organisator.ch\/wp-content\/uploads\/2018\/02\/Sharing-Mobilitaet-und-neue-rollende-Rivalen.jpg","contentUrl":"https:\/\/www.organisator.ch\/wp-content\/uploads\/2018\/02\/Sharing-Mobilitaet-und-neue-rollende-Rivalen.jpg","width":1920,"height":1440},{"@type":"BreadcrumbList","@id":"https:\/\/www.organisator.ch\/de\/allgemein\/2018-02-14\/zhaw-studie-ueber-shared-mobility-neue-rollende-rivalen\/#breadcrumb","itemListElement":[{"@type":"ListItem","position":1,"name":"Home","item":"https:\/\/www.organisator.ch\/"},{"@type":"ListItem","position":2,"name":"ZHAW-Studie \u00fcber Shared Mobility: Neue rollende Rivalen?"}]},{"@type":"WebSite","@id":"https:\/\/www.organisator.ch\/#website","url":"https:\/\/www.organisator.ch\/","name":"Organisateur","description":"Comp\u00e9tence et comp\u00e9tence. Proches de la pratique. L'ORGANISATEUR pr\u00e9pare 10 num\u00e9ros par an sur les th\u00e8mes essentiels pour les dirigeants de PME.","publisher":{"@id":"https:\/\/www.organisator.ch\/#organization"},"potentialAction":[{"@type":"SearchAction","target":{"@type":"EntryPoint","urlTemplate":"https:\/\/www.organisator.ch\/?s={search_term_string}"},"query-input":{"@type":"PropertyValueSpecification","valueRequired":true,"valueName":"search_term_string"}}],"inLanguage":"fr-FR"},{"@type":"Organization","@id":"https:\/\/www.organisator.ch\/#organization","name":"Organisateur","url":"https:\/\/www.organisator.ch\/","logo":{"@type":"ImageObject","inLanguage":"fr-FR","@id":"https:\/\/www.organisator.ch\/#\/schema\/logo\/image\/","url":"https:\/\/www.organisator.ch\/wp-content\/uploads\/2022\/01\/Logo_Organisator_Website.png","contentUrl":"https:\/\/www.organisator.ch\/wp-content\/uploads\/2022\/01\/Logo_Organisator_Website.png","width":800,"height":77,"caption":"Organisator"},"image":{"@id":"https:\/\/www.organisator.ch\/#\/schema\/logo\/image\/"},"sameAs":["https:\/\/www.facebook.com\/OrganisatorFachmagazin","https:\/\/www.linkedin.com\/showcase\/organisator-das-magazin-fr-kmu","https:\/\/www.xing.com\/news\/pages\/organisator-ch-695","https:\/\/www.youtube.com\/channel\/UCGP2Sq0iWaZwT3BdIAQFYpw"]},{"@type":"Person","@id":"https:\/\/www.organisator.ch\/#\/schema\/person\/134708ca9321c57b0362cceb7948ffbd","name":"michael.merz","image":{"@type":"ImageObject","inLanguage":"fr-FR","@id":"https:\/\/secure.gravatar.com\/avatar\/?s=96&d=mm&r=g","url":"https:\/\/secure.gravatar.com\/avatar\/?s=96&d=mm&r=g","contentUrl":"https:\/\/secure.gravatar.com\/avatar\/?s=96&d=mm&r=g","caption":"michael.merz"},"url":"https:\/\/www.organisator.ch\/fr\/author\/michael-merz\/"}]}},"_links":{"self":[{"href":"https:\/\/www.organisator.ch\/fr\/wp-json\/wp\/v2\/posts\/1498","targetHints":{"allow":["GET"]}}],"collection":[{"href":"https:\/\/www.organisator.ch\/fr\/wp-json\/wp\/v2\/posts"}],"about":[{"href":"https:\/\/www.organisator.ch\/fr\/wp-json\/wp\/v2\/types\/post"}],"author":[{"embeddable":true,"href":"https:\/\/www.organisator.ch\/fr\/wp-json\/wp\/v2\/users\/5"}],"replies":[{"embeddable":true,"href":"https:\/\/www.organisator.ch\/fr\/wp-json\/wp\/v2\/comments?post=1498"}],"version-history":[{"count":0,"href":"https:\/\/www.organisator.ch\/fr\/wp-json\/wp\/v2\/posts\/1498\/revisions"}],"wp:featuredmedia":[{"embeddable":true,"href":"https:\/\/www.organisator.ch\/fr\/wp-json\/wp\/v2\/media\/1499"}],"wp:attachment":[{"href":"https:\/\/www.organisator.ch\/fr\/wp-json\/wp\/v2\/media?parent=1498"}],"wp:term":[{"taxonomy":"category","embeddable":true,"href":"https:\/\/www.organisator.ch\/fr\/wp-json\/wp\/v2\/categories?post=1498"},{"taxonomy":"post_tag","embeddable":true,"href":"https:\/\/www.organisator.ch\/fr\/wp-json\/wp\/v2\/tags?post=1498"}],"curies":[{"name":"wp","href":"https:\/\/api.w.org\/{rel}","templated":true}]}}