{"id":15243,"date":"2022-06-17T07:34:37","date_gmt":"2022-06-17T05:34:37","guid":{"rendered":"https:\/\/www.m-q.ch\/?p=16504"},"modified":"2022-07-25T12:38:29","modified_gmt":"2022-07-25T10:38:29","slug":"cyberkriminelle-machen-keine-ferien","status":"publish","type":"post","link":"https:\/\/www.organisator.ch\/fr\/operational-excellence\/2022-06-17\/cyberkriminelle-machen-keine-ferien\/","title":{"rendered":"Les cybercriminels ne prennent pas de vacances"},"content":{"rendered":"<figure id=\"attachment_16505\" class=\"wp-caption alignnone\" style=\"width: 680px\" aria-describedby=\"caption-attachment-16505\"><img class=\"alignnone wp-image-16505 size-full\" src=\"https:\/\/www.m-q.ch\/wp-content\/uploads\/2022\/06\/Cyberkriminelle-machen-keine-Ferien_MQ.jpg\" alt=\"Cybercriminels \" width=\"680\" height=\"562\" \/><figcaption id=\"caption-attachment-16505\" class=\"wp-caption-text\">\u00c0 la plage ou au caf\u00e9 : m\u00eame en vacances, il faut se prot\u00e9ger des cybercriminels lors d'activit\u00e9s en ligne via smartphone. (Image : Unsplash.com)<\/figcaption><\/figure>\r\nEn vacances, les touristes se m\u00e9fient \u00e9norm\u00e9ment des pickpockets. Mais lorsqu'il s'agit de leur s\u00e9curit\u00e9 num\u00e9rique, ils font preuve de moins de prudence. Pourtant, la fraude \u00e0 la carte de cr\u00e9dit, le vol de donn\u00e9es et l'usurpation d'identit\u00e9 les guettent \u00e0 chaque coin de rue. Que ce soit \u00e0 l'a\u00e9roport, \u00e0 l'h\u00f4tel, au camping ou dans un cybercaf\u00e9, les cybercriminels profitent de chaque occasion pour soutirer des informations sensibles aux voyageurs. \"Les hotspots WLAN publics sont tr\u00e8s appr\u00e9ci\u00e9s pendant les vacances, mais aussi par les criminels. Ils manipulent les acc\u00e8s WLAN pour r\u00e9cup\u00e9rer les donn\u00e9es de connexion et les donn\u00e9es bancaires. Les vacanciers doivent donc jouer la carte de la s\u00e9curit\u00e9 et ne jamais y saisir des donn\u00e9es confidentielles telles que les informations de leur carte de cr\u00e9dit, ni y effectuer des op\u00e9rations bancaires en ligne ou autres\", explique Thomas Uhlemann, sp\u00e9cialiste de la s\u00e9curit\u00e9 informatique chez ESET. \" Mais il existe encore d'autres types d'escroqueries visant \u00e0 pi\u00e9ger les vacanciers, qui commencent avant m\u00eame qu'ils ne partent en voyage. \"\r\n<h3><strong>Conseils pour des vacances en ligne en toute s\u00e9curit\u00e9<\/strong><\/h3>\r\n<strong>Avant les vacances :<\/strong>\r\n<ul>\r\n \t<li><strong>Attention aux m\u00e9chantes arnaques sur les portails de voyage en ligne :<\/strong> De plus en plus souvent, de pr\u00e9tendues bonnes affaires pour les vacances attirent les personnes en qu\u00eate de repos sur de faux portails de voyage en ligne, sur lesquels elles entrent sans se douter de rien les informations relatives \u00e0 leur carte de cr\u00e9dit. Au lieu du paradis de vacances qu'ils avaient r\u00e9serv\u00e9, ils se retrouvent avec une caisse de vacances vide sur leur compte.<\/li>\r\n \t<li><strong>S\u00e9curisez vos donn\u00e9es :<\/strong> Installez un logiciel de s\u00e9curit\u00e9 ou mettez-le \u00e0 jour avec la derni\u00e8re version pour vous prot\u00e9ger contre le phishing, les chevaux de Troie et autres logiciels malveillants. Faites des sauvegardes de vos donn\u00e9es. Si vous perdez votre appareil num\u00e9rique en vacances, vous aurez toujours vos donn\u00e9es \u00e0 port\u00e9e de main. Utilisez \u00e9galement une solution antivol pour retrouver votre appareil vol\u00e9 ou \u00e9gar\u00e9. Sur l'ordinateur portable, cryptez les donn\u00e9es par mesure de s\u00e9curit\u00e9.<\/li>\r\n \t<li><strong>Publiez peu sur les r\u00e9seaux sociaux :<\/strong> Que ce soit avant les vacances ou au milieu de celles-ci, vous devez mod\u00e9rer votre enthousiasme. Il est pr\u00e9f\u00e9rable de ne pas en parler sur les profils publics. Car les voleurs r\u00e9els et virtuels n'attendent que sur Facebook et autres de savoir qui part en vacances et quand.<\/li>\r\n \t<li><strong>Ayez les num\u00e9ros d'opposition de votre carte de cr\u00e9dit \u00e0 port\u00e9e de main :<\/strong> Ainsi, en cas de perte, vous pouvez imm\u00e9diatement rendre la carte de cr\u00e9dit ou la carte EC inutilisable.<\/li>\r\n \t<li><strong>Configurez un \"compte e-mail vacances\" :<\/strong> Vous pouvez ainsi envoyer des photos et des messages en toute tranquillit\u00e9, car m\u00eame apr\u00e8s un piratage, aucune autre donn\u00e9e personnelle ne s'y trouve.<\/li>\r\n<\/ul>\r\n<strong>Sur place :<\/strong>\r\n<ul>\r\n \t<li><strong>Se d\u00e9connecter dans le cybercaf\u00e9 et supprimer les donn\u00e9es laiss\u00e9es :<\/strong> Apr\u00e8s avoir utilis\u00e9 des ordinateurs dans un caf\u00e9, supprimez les fichiers temporaires du navigateur, l'historique du navigateur et les cookies. D\u00e9connectez-vous des sites web auxquels vous vous \u00eates connect\u00e9 en tant qu'utilisateur enregistr\u00e9. Sinon, l'utilisateur suivant pourrait encore avoir acc\u00e8s \u00e0 votre compte.<\/li>\r\n \t<li><strong>Utilisez les hotspots WLAN uniquement avec une connexion VPN :<\/strong> V\u00e9rifier bri\u00e8vement l'\u00e9tat de la caisse de voyage ou payer rapidement une facture. Faire confiance \u00e0 des acc\u00e8s WLAN ouverts en vacances n'est pas une bonne id\u00e9e. En effet, il n'est pas rare que les cybercriminels manipulent les hotspots WLAN pour acc\u00e9der aux donn\u00e9es et \u00e0 l'argent. Les utilisateurs devraient donc en plus s\u00e9curiser la connexion avec une solution VPN fiable ou activer votre roaming de donn\u00e9es et surfer comme d'habitude via l'op\u00e9rateur de t\u00e9l\u00e9phonie mobile. Les achats en ligne ou les transactions financi\u00e8res ne devraient toutefois \u00eatre effectu\u00e9s qu'apr\u00e8s les vacances.<\/li>\r\n \t<li><strong>Prudence avec le paiement sans contact :<\/strong> Les cartes de cr\u00e9dit et les cartes EC doivent \u00eatre plac\u00e9es dans une pochette de protection ou dans un porte-monnaie sp\u00e9cial avec un bloqueur RFID et NFC int\u00e9gr\u00e9. Les voleurs disposent d'appareils sp\u00e9ciaux qui leur permettent de lire les donn\u00e9es qui s'y trouvent. Misez en outre plut\u00f4t sur des m\u00e9thodes de paiement beaucoup plus s\u00fbres comme Apple et Google Pay.<\/li>\r\n \t<li><strong>D\u00e9sactiver<\/strong> <strong>R\u00e9seaux sans fil :<\/strong> Lorsque vous n'\u00eates pas en service, il est pr\u00e9f\u00e9rable de d\u00e9sactiver vos fonctions Bluetooth et WLAN. Les cybercriminels auront ainsi moins de surface d'attaque.<\/li>\r\n \t<li><strong>Ne quittez jamais votre appareil des yeux :<\/strong> Il suffit de quelques minutes pour espionner les donn\u00e9es d'acc\u00e8s. Ne pas non plus les exposer directement au soleil afin d'\u00e9viter les \"br\u00fblures de donn\u00e9es\".<\/li>\r\n \t<li><strong>Ne pas toucher aux mises \u00e0 jour de logiciels et aux certificats :<\/strong> Si vous devez d'abord actualiser le logiciel ou t\u00e9l\u00e9charger des certificats pour une connexion WLAN, il vaut mieux interrompre le processus. Il n'est pas rare que des logiciels malveillants se cachent derri\u00e8re ces op\u00e9rations.<\/li>\r\n<\/ul>\r\n<strong>Apr\u00e8s le retour :<\/strong>\r\n<ul>\r\n \t<li><strong>Faites une recherche de logiciels malveillants :<\/strong> Avant de connecter au r\u00e9seau domestique les appareils que vous utilisez en vacances, vous devriez les contr\u00f4ler \u00e0 l'aide d'un logiciel de s\u00e9curit\u00e9 ou au moins d'un antivirus en ligne pour v\u00e9rifier qu'ils ne contiennent pas de logiciels malveillants.<\/li>\r\n \t<li><strong>Changez vos mots de passe sur les services que vous utilisez :<\/strong> Apr\u00e8s les vacances, c'est une occasion bienvenue de changer les mots de passe sur les m\u00e9dias sociaux, les services de messagerie, etc. La s\u00e9curit\u00e9, c'est la s\u00e9curit\u00e9 !<\/li>\r\n<\/ul>\r\n<blockquote>\r\n<h3>Aucune chance pour les cybercriminels<\/h3>\r\nPour ceux qui veulent jouer la carte de la s\u00e9curit\u00e9 en vacances et au quotidien : avec le produit \"Smart Security Premium\", le fabricant europ\u00e9en de solutions de s\u00e9curit\u00e9 informatique ESET propose un package sans souci. En plus de la protection antivirus et du pare-feu, le logiciel de s\u00e9curit\u00e9 offre un module antivol complet et un cryptage efficace des donn\u00e9es. Ainsi, gr\u00e2ce \u00e0 cette solution, de nombreux utilisateurs ont pu r\u00e9cup\u00e9rer leur appareil apr\u00e8s un vol, comme l'\u00e9crit le fabricant.<\/blockquote>\r\n<em>Plus d'informations sur <a href=\"http:\/\/www.eset.ch\/\">www.eset.ch<\/a><\/em>\n<p class=\"syndicated-attribution\">Cet article est paru initialement sur m-q.ch - <a href=\"https:\/\/www.m-q.ch\/de\/cyberkriminelle-machen-keine-ferien\/\" target=\"_blank\">https:\/\/www.m-q.ch\/de\/cyberkriminelle-machen-keine-ferien\/<\/a><\/p>","protected":false},"excerpt":{"rendered":"<p>Touristen sind in den Ferien vor Taschendieben enorm auf der Hut. Doch wenn es um ihre digitale Sicherheit geht, lassen sie weniger Vorsicht walten. Dabei lauern Kreditkartenbetrug, Datenklau und Identit\u00e4tsdiebstahl gef\u00fchlt an jeder Ecke. Ob am Flughafen, im Hotel, auf dem Campingplatz oder Internet-Caf\u00e9 \u2013 Cyberkriminelle nutzen jede Gelegenheit, um sensible Informationen von Reisenden zu [\u2026]<\/p>\n","protected":false},"author":8,"featured_media":0,"comment_status":"closed","ping_status":"closed","sticky":false,"template":"","format":"standard","meta":{"_acf_changed":false,"_yoast_wpseo_focuskw":"Cyberkriminelle","_yoast_wpseo_metadesc":"Sommer, Sonne, gute Laune: F\u00fcr viele sind die langersehnten Ferien zum Greifen nah. Auch in den Ferien landen die digitalen Alltagsbegleiter wie Smartphone, Tablet oder Notebook im Gep\u00e4ck der Reisenden.","articlekey":"","footnotes":""},"categories":[582],"tags":[3092],"class_list":["post-15243","post","type-post","status-publish","format-standard","hentry","category-operational-excellence","tag-cyberkriminelle"],"acf":[],"yoast_head":"<!-- This site is optimized with the Yoast SEO plugin v27.5 - https:\/\/yoast.com\/product\/yoast-seo-wordpress\/ -->\n<title>Cyberkriminelle machen keine Ferien - Organisator<\/title>\n<meta name=\"description\" content=\"Sommer, Sonne, gute Laune: F\u00fcr viele sind die langersehnten Ferien zum Greifen nah. Auch in den Ferien landen die digitalen Alltagsbegleiter wie Smartphone, Tablet oder Notebook im Gep\u00e4ck der Reisenden.\" \/>\n<meta name=\"robots\" content=\"index, follow, max-snippet:-1, max-image-preview:large, max-video-preview:-1\" \/>\n<link rel=\"canonical\" href=\"https:\/\/www.m-q.ch\/de\/cyberkriminelle-machen-keine-ferien\/\" \/>\n<meta property=\"og:locale\" content=\"fr_FR\" \/>\n<meta property=\"og:type\" content=\"article\" \/>\n<meta property=\"og:title\" content=\"Cyberkriminelle machen keine Ferien - Organisator\" \/>\n<meta property=\"og:description\" content=\"Sommer, Sonne, gute Laune: F\u00fcr viele sind die langersehnten Ferien zum Greifen nah. Auch in den Ferien landen die digitalen Alltagsbegleiter wie Smartphone, Tablet oder Notebook im Gep\u00e4ck der Reisenden.\" \/>\n<meta property=\"og:url\" content=\"https:\/\/www.m-q.ch\/de\/cyberkriminelle-machen-keine-ferien\/\" \/>\n<meta property=\"og:site_name\" content=\"Organisator\" \/>\n<meta property=\"article:publisher\" content=\"https:\/\/www.facebook.com\/OrganisatorFachmagazin\" \/>\n<meta property=\"article:published_time\" content=\"2022-06-17T05:34:37+00:00\" \/>\n<meta property=\"article:modified_time\" content=\"2022-07-25T10:38:29+00:00\" \/>\n<meta property=\"og:image\" content=\"https:\/\/www.m-q.ch\/wp-content\/uploads\/2022\/06\/Cyberkriminelle-machen-keine-Ferien_MQ.jpg\" \/>\n<meta name=\"author\" content=\"galledia\" \/>\n<meta name=\"twitter:card\" content=\"summary_large_image\" \/>\n<meta name=\"twitter:creator\" content=\"@admin\" \/>\n<script type=\"application\/ld+json\" class=\"yoast-schema-graph\">{\"@context\":\"https:\\\/\\\/schema.org\",\"@graph\":[{\"@type\":\"Article\",\"@id\":\"https:\\\/\\\/www.m-q.ch\\\/de\\\/cyberkriminelle-machen-keine-ferien\\\/#article\",\"isPartOf\":{\"@id\":\"https:\\\/\\\/www.organisator.ch\\\/operational-excellence\\\/2022-06-17\\\/cyberkriminelle-machen-keine-ferien\\\/\"},\"author\":{\"name\":\"galledia\",\"@id\":\"https:\\\/\\\/www.organisator.ch\\\/#\\\/schema\\\/person\\\/4e51799071cd2dd1232ac003643ef5f0\"},\"headline\":\"Cyberkriminelle machen keine Ferien\",\"datePublished\":\"2022-06-17T05:34:37+00:00\",\"dateModified\":\"2022-07-25T10:38:29+00:00\",\"mainEntityOfPage\":{\"@id\":\"https:\\\/\\\/www.organisator.ch\\\/operational-excellence\\\/2022-06-17\\\/cyberkriminelle-machen-keine-ferien\\\/\"},\"wordCount\":797,\"publisher\":{\"@id\":\"https:\\\/\\\/www.organisator.ch\\\/#organization\"},\"image\":{\"@id\":\"https:\\\/\\\/www.m-q.ch\\\/de\\\/cyberkriminelle-machen-keine-ferien\\\/#primaryimage\"},\"thumbnailUrl\":\"https:\\\/\\\/www.m-q.ch\\\/wp-content\\\/uploads\\\/2022\\\/06\\\/Cyberkriminelle-machen-keine-Ferien_MQ.jpg\",\"keywords\":[\"Cyberkriminelle\"],\"articleSection\":[\"OPERATIONAL EXCELLENCE\"],\"inLanguage\":\"fr-FR\"},{\"@type\":\"WebPage\",\"@id\":\"https:\\\/\\\/www.organisator.ch\\\/operational-excellence\\\/2022-06-17\\\/cyberkriminelle-machen-keine-ferien\\\/\",\"url\":\"https:\\\/\\\/www.m-q.ch\\\/de\\\/cyberkriminelle-machen-keine-ferien\\\/\",\"name\":\"Cyberkriminelle machen keine Ferien - Organisator\",\"isPartOf\":{\"@id\":\"https:\\\/\\\/www.organisator.ch\\\/#website\"},\"primaryImageOfPage\":{\"@id\":\"https:\\\/\\\/www.m-q.ch\\\/de\\\/cyberkriminelle-machen-keine-ferien\\\/#primaryimage\"},\"image\":{\"@id\":\"https:\\\/\\\/www.m-q.ch\\\/de\\\/cyberkriminelle-machen-keine-ferien\\\/#primaryimage\"},\"thumbnailUrl\":\"https:\\\/\\\/www.m-q.ch\\\/wp-content\\\/uploads\\\/2022\\\/06\\\/Cyberkriminelle-machen-keine-Ferien_MQ.jpg\",\"datePublished\":\"2022-06-17T05:34:37+00:00\",\"dateModified\":\"2022-07-25T10:38:29+00:00\",\"description\":\"Sommer, Sonne, gute Laune: F\u00fcr viele sind die langersehnten Ferien zum Greifen nah. Auch in den Ferien landen die digitalen Alltagsbegleiter wie Smartphone, Tablet oder Notebook im Gep\u00e4ck der Reisenden.\",\"breadcrumb\":{\"@id\":\"https:\\\/\\\/www.m-q.ch\\\/de\\\/cyberkriminelle-machen-keine-ferien\\\/#breadcrumb\"},\"inLanguage\":\"fr-FR\",\"potentialAction\":[{\"@type\":\"ReadAction\",\"target\":[\"https:\\\/\\\/www.m-q.ch\\\/de\\\/cyberkriminelle-machen-keine-ferien\\\/\"]}]},{\"@type\":\"ImageObject\",\"inLanguage\":\"fr-FR\",\"@id\":\"https:\\\/\\\/www.m-q.ch\\\/de\\\/cyberkriminelle-machen-keine-ferien\\\/#primaryimage\",\"url\":\"https:\\\/\\\/www.m-q.ch\\\/wp-content\\\/uploads\\\/2022\\\/06\\\/Cyberkriminelle-machen-keine-Ferien_MQ.jpg\",\"contentUrl\":\"https:\\\/\\\/www.m-q.ch\\\/wp-content\\\/uploads\\\/2022\\\/06\\\/Cyberkriminelle-machen-keine-Ferien_MQ.jpg\"},{\"@type\":\"BreadcrumbList\",\"@id\":\"https:\\\/\\\/www.m-q.ch\\\/de\\\/cyberkriminelle-machen-keine-ferien\\\/#breadcrumb\",\"itemListElement\":[{\"@type\":\"ListItem\",\"position\":1,\"name\":\"Home\",\"item\":\"https:\\\/\\\/www.organisator.ch\\\/\"},{\"@type\":\"ListItem\",\"position\":2,\"name\":\"Cyberkriminelle machen keine Ferien\"}]},{\"@type\":\"WebSite\",\"@id\":\"https:\\\/\\\/www.organisator.ch\\\/#website\",\"url\":\"https:\\\/\\\/www.organisator.ch\\\/\",\"name\":\"Organisator\",\"description\":\"Kompetent. Praxisnah. Der ORGANISATOR bereitet in 10 Ausgaben pro Jahr die wesentlichen Themen f\u00fcr F\u00fchrungskr\u00e4fte von KMU auf.\",\"publisher\":{\"@id\":\"https:\\\/\\\/www.organisator.ch\\\/#organization\"},\"potentialAction\":[{\"@type\":\"SearchAction\",\"target\":{\"@type\":\"EntryPoint\",\"urlTemplate\":\"https:\\\/\\\/www.organisator.ch\\\/?s={search_term_string}\"},\"query-input\":{\"@type\":\"PropertyValueSpecification\",\"valueRequired\":true,\"valueName\":\"search_term_string\"}}],\"inLanguage\":\"fr-FR\"},{\"@type\":\"Organization\",\"@id\":\"https:\\\/\\\/www.organisator.ch\\\/#organization\",\"name\":\"Organisator\",\"url\":\"https:\\\/\\\/www.organisator.ch\\\/\",\"logo\":{\"@type\":\"ImageObject\",\"inLanguage\":\"fr-FR\",\"@id\":\"https:\\\/\\\/www.organisator.ch\\\/#\\\/schema\\\/logo\\\/image\\\/\",\"url\":\"https:\\\/\\\/www.organisator.ch\\\/wp-content\\\/uploads\\\/2022\\\/01\\\/Logo_Organisator_Website.png\",\"contentUrl\":\"https:\\\/\\\/www.organisator.ch\\\/wp-content\\\/uploads\\\/2022\\\/01\\\/Logo_Organisator_Website.png\",\"width\":800,\"height\":77,\"caption\":\"Organisator\"},\"image\":{\"@id\":\"https:\\\/\\\/www.organisator.ch\\\/#\\\/schema\\\/logo\\\/image\\\/\"},\"sameAs\":[\"https:\\\/\\\/www.facebook.com\\\/OrganisatorFachmagazin\",\"https:\\\/\\\/www.linkedin.com\\\/showcase\\\/organisator-das-magazin-fr-kmu\",\"https:\\\/\\\/www.xing.com\\\/news\\\/pages\\\/organisator-ch-695\",\"https:\\\/\\\/www.youtube.com\\\/channel\\\/UCGP2Sq0iWaZwT3BdIAQFYpw\"]},{\"@type\":\"Person\",\"@id\":\"https:\\\/\\\/www.organisator.ch\\\/#\\\/schema\\\/person\\\/4e51799071cd2dd1232ac003643ef5f0\",\"name\":\"galledia\",\"image\":{\"@type\":\"ImageObject\",\"inLanguage\":\"fr-FR\",\"@id\":\"https:\\\/\\\/secure.gravatar.com\\\/avatar\\\/78a7f90c01fc2bfc875782a0d4922b37cde2cf184ce347b91316d23cd7f69a36?s=96&d=mm&r=g\",\"url\":\"https:\\\/\\\/secure.gravatar.com\\\/avatar\\\/78a7f90c01fc2bfc875782a0d4922b37cde2cf184ce347b91316d23cd7f69a36?s=96&d=mm&r=g\",\"contentUrl\":\"https:\\\/\\\/secure.gravatar.com\\\/avatar\\\/78a7f90c01fc2bfc875782a0d4922b37cde2cf184ce347b91316d23cd7f69a36?s=96&d=mm&r=g\",\"caption\":\"galledia\"},\"sameAs\":[\"https:\\\/\\\/x.com\\\/admin\"],\"url\":\"https:\\\/\\\/www.organisator.ch\\\/fr\\\/author\\\/galledia\\\/\"}]}<\/script>\n<!-- \/ Yoast SEO plugin. -->","yoast_head_json":{"title":"Les cybercriminels ne prennent pas de vacances - Organisateur","description":"\u00c9t\u00e9, soleil, bonne humeur : pour beaucoup, les vacances tant attendues sont \u00e0 port\u00e9e de main. M\u00eame pendant les vacances, les compagnons num\u00e9riques du quotidien comme le smartphone, la tablette ou l'ordinateur portable se retrouvent dans les bagages des voyageurs.","robots":{"index":"index","follow":"follow","max-snippet":"max-snippet:-1","max-image-preview":"max-image-preview:large","max-video-preview":"max-video-preview:-1"},"canonical":"https:\/\/www.m-q.ch\/de\/cyberkriminelle-machen-keine-ferien\/","og_locale":"fr_FR","og_type":"article","og_title":"Cyberkriminelle machen keine Ferien - Organisator","og_description":"Sommer, Sonne, gute Laune: F\u00fcr viele sind die langersehnten Ferien zum Greifen nah. Auch in den Ferien landen die digitalen Alltagsbegleiter wie Smartphone, Tablet oder Notebook im Gep\u00e4ck der Reisenden.","og_url":"https:\/\/www.m-q.ch\/de\/cyberkriminelle-machen-keine-ferien\/","og_site_name":"Organisator","article_publisher":"https:\/\/www.facebook.com\/OrganisatorFachmagazin","article_published_time":"2022-06-17T05:34:37+00:00","article_modified_time":"2022-07-25T10:38:29+00:00","og_image":[{"url":"https:\/\/www.m-q.ch\/wp-content\/uploads\/2022\/06\/Cyberkriminelle-machen-keine-Ferien_MQ.jpg","type":"","width":"","height":""}],"author":"galledia","twitter_card":"summary_large_image","twitter_creator":"@admin","schema":{"@context":"https:\/\/schema.org","@graph":[{"@type":"Article","@id":"https:\/\/www.m-q.ch\/de\/cyberkriminelle-machen-keine-ferien\/#article","isPartOf":{"@id":"https:\/\/www.organisator.ch\/operational-excellence\/2022-06-17\/cyberkriminelle-machen-keine-ferien\/"},"author":{"name":"galledia","@id":"https:\/\/www.organisator.ch\/#\/schema\/person\/4e51799071cd2dd1232ac003643ef5f0"},"headline":"Cyberkriminelle machen keine Ferien","datePublished":"2022-06-17T05:34:37+00:00","dateModified":"2022-07-25T10:38:29+00:00","mainEntityOfPage":{"@id":"https:\/\/www.organisator.ch\/operational-excellence\/2022-06-17\/cyberkriminelle-machen-keine-ferien\/"},"wordCount":797,"publisher":{"@id":"https:\/\/www.organisator.ch\/#organization"},"image":{"@id":"https:\/\/www.m-q.ch\/de\/cyberkriminelle-machen-keine-ferien\/#primaryimage"},"thumbnailUrl":"https:\/\/www.m-q.ch\/wp-content\/uploads\/2022\/06\/Cyberkriminelle-machen-keine-Ferien_MQ.jpg","keywords":["Cyberkriminelle"],"articleSection":["OPERATIONAL EXCELLENCE"],"inLanguage":"fr-FR"},{"@type":"WebPage","@id":"https:\/\/www.organisator.ch\/operational-excellence\/2022-06-17\/cyberkriminelle-machen-keine-ferien\/","url":"https:\/\/www.m-q.ch\/de\/cyberkriminelle-machen-keine-ferien\/","name":"Les cybercriminels ne prennent pas de vacances - Organisateur","isPartOf":{"@id":"https:\/\/www.organisator.ch\/#website"},"primaryImageOfPage":{"@id":"https:\/\/www.m-q.ch\/de\/cyberkriminelle-machen-keine-ferien\/#primaryimage"},"image":{"@id":"https:\/\/www.m-q.ch\/de\/cyberkriminelle-machen-keine-ferien\/#primaryimage"},"thumbnailUrl":"https:\/\/www.m-q.ch\/wp-content\/uploads\/2022\/06\/Cyberkriminelle-machen-keine-Ferien_MQ.jpg","datePublished":"2022-06-17T05:34:37+00:00","dateModified":"2022-07-25T10:38:29+00:00","description":"\u00c9t\u00e9, soleil, bonne humeur : pour beaucoup, les vacances tant attendues sont \u00e0 port\u00e9e de main. M\u00eame pendant les vacances, les compagnons num\u00e9riques du quotidien comme le smartphone, la tablette ou l'ordinateur portable se retrouvent dans les bagages des voyageurs.","breadcrumb":{"@id":"https:\/\/www.m-q.ch\/de\/cyberkriminelle-machen-keine-ferien\/#breadcrumb"},"inLanguage":"fr-FR","potentialAction":[{"@type":"ReadAction","target":["https:\/\/www.m-q.ch\/de\/cyberkriminelle-machen-keine-ferien\/"]}]},{"@type":"ImageObject","inLanguage":"fr-FR","@id":"https:\/\/www.m-q.ch\/de\/cyberkriminelle-machen-keine-ferien\/#primaryimage","url":"https:\/\/www.m-q.ch\/wp-content\/uploads\/2022\/06\/Cyberkriminelle-machen-keine-Ferien_MQ.jpg","contentUrl":"https:\/\/www.m-q.ch\/wp-content\/uploads\/2022\/06\/Cyberkriminelle-machen-keine-Ferien_MQ.jpg"},{"@type":"BreadcrumbList","@id":"https:\/\/www.m-q.ch\/de\/cyberkriminelle-machen-keine-ferien\/#breadcrumb","itemListElement":[{"@type":"ListItem","position":1,"name":"Home","item":"https:\/\/www.organisator.ch\/"},{"@type":"ListItem","position":2,"name":"Cyberkriminelle machen keine Ferien"}]},{"@type":"WebSite","@id":"https:\/\/www.organisator.ch\/#website","url":"https:\/\/www.organisator.ch\/","name":"Organisateur","description":"Comp\u00e9tence et comp\u00e9tence. Proches de la pratique. L'ORGANISATEUR pr\u00e9pare 10 num\u00e9ros par an sur les th\u00e8mes essentiels pour les dirigeants de PME.","publisher":{"@id":"https:\/\/www.organisator.ch\/#organization"},"potentialAction":[{"@type":"SearchAction","target":{"@type":"EntryPoint","urlTemplate":"https:\/\/www.organisator.ch\/?s={search_term_string}"},"query-input":{"@type":"PropertyValueSpecification","valueRequired":true,"valueName":"search_term_string"}}],"inLanguage":"fr-FR"},{"@type":"Organization","@id":"https:\/\/www.organisator.ch\/#organization","name":"Organisateur","url":"https:\/\/www.organisator.ch\/","logo":{"@type":"ImageObject","inLanguage":"fr-FR","@id":"https:\/\/www.organisator.ch\/#\/schema\/logo\/image\/","url":"https:\/\/www.organisator.ch\/wp-content\/uploads\/2022\/01\/Logo_Organisator_Website.png","contentUrl":"https:\/\/www.organisator.ch\/wp-content\/uploads\/2022\/01\/Logo_Organisator_Website.png","width":800,"height":77,"caption":"Organisator"},"image":{"@id":"https:\/\/www.organisator.ch\/#\/schema\/logo\/image\/"},"sameAs":["https:\/\/www.facebook.com\/OrganisatorFachmagazin","https:\/\/www.linkedin.com\/showcase\/organisator-das-magazin-fr-kmu","https:\/\/www.xing.com\/news\/pages\/organisator-ch-695","https:\/\/www.youtube.com\/channel\/UCGP2Sq0iWaZwT3BdIAQFYpw"]},{"@type":"Person","@id":"https:\/\/www.organisator.ch\/#\/schema\/person\/4e51799071cd2dd1232ac003643ef5f0","name":"galledia","image":{"@type":"ImageObject","inLanguage":"fr-FR","@id":"https:\/\/secure.gravatar.com\/avatar\/78a7f90c01fc2bfc875782a0d4922b37cde2cf184ce347b91316d23cd7f69a36?s=96&d=mm&r=g","url":"https:\/\/secure.gravatar.com\/avatar\/78a7f90c01fc2bfc875782a0d4922b37cde2cf184ce347b91316d23cd7f69a36?s=96&d=mm&r=g","contentUrl":"https:\/\/secure.gravatar.com\/avatar\/78a7f90c01fc2bfc875782a0d4922b37cde2cf184ce347b91316d23cd7f69a36?s=96&d=mm&r=g","caption":"galledia"},"sameAs":["https:\/\/x.com\/admin"],"url":"https:\/\/www.organisator.ch\/fr\/author\/galledia\/"}]}},"_links":{"self":[{"href":"https:\/\/www.organisator.ch\/fr\/wp-json\/wp\/v2\/posts\/15243","targetHints":{"allow":["GET"]}}],"collection":[{"href":"https:\/\/www.organisator.ch\/fr\/wp-json\/wp\/v2\/posts"}],"about":[{"href":"https:\/\/www.organisator.ch\/fr\/wp-json\/wp\/v2\/types\/post"}],"author":[{"embeddable":true,"href":"https:\/\/www.organisator.ch\/fr\/wp-json\/wp\/v2\/users\/8"}],"replies":[{"embeddable":true,"href":"https:\/\/www.organisator.ch\/fr\/wp-json\/wp\/v2\/comments?post=15243"}],"version-history":[{"count":4,"href":"https:\/\/www.organisator.ch\/fr\/wp-json\/wp\/v2\/posts\/15243\/revisions"}],"predecessor-version":[{"id":15806,"href":"https:\/\/www.organisator.ch\/fr\/wp-json\/wp\/v2\/posts\/15243\/revisions\/15806"}],"wp:attachment":[{"href":"https:\/\/www.organisator.ch\/fr\/wp-json\/wp\/v2\/media?parent=15243"}],"wp:term":[{"taxonomy":"category","embeddable":true,"href":"https:\/\/www.organisator.ch\/fr\/wp-json\/wp\/v2\/categories?post=15243"},{"taxonomy":"post_tag","embeddable":true,"href":"https:\/\/www.organisator.ch\/fr\/wp-json\/wp\/v2\/tags?post=15243"}],"curies":[{"name":"wp","href":"https:\/\/api.w.org\/{rel}","templated":true}]}}