{"id":1527,"date":"2017-02-16T08:24:51","date_gmt":"2017-02-16T07:24:51","guid":{"rendered":"https:\/\/www.organisator.ch\/?p=1527"},"modified":"2017-02-16T08:24:51","modified_gmt":"2017-02-16T07:24:51","slug":"politique-en-140-marques-twitter-est-un-atout","status":"publish","type":"post","link":"https:\/\/www.organisator.ch\/fr\/marketing\/2017-02-16\/politik-in-140-zeichen-twitter-ist-trumpf\/","title":{"rendered":"La politique en 140 caract\u00e8res ? Twitter est \"Trump(f)"},"content":{"rendered":"<figure id=\"attachment_1529\" aria-describedby=\"caption-attachment-1529\" style=\"width: 640px\" class=\"wp-caption alignnone\"><img loading=\"lazy\" decoding=\"async\" class=\"size-full wp-image-1529\" src=\"https:\/\/www.organisator.ch\/wp-content\/uploads\/2017\/02\/Politik-in-140-Zeichen-Twitter-ist-Trumpf_Organisator.jpg\" alt=\"\" width=\"640\" height=\"427\" srcset=\"https:\/\/www.organisator.ch\/wp-content\/uploads\/2017\/02\/Politik-in-140-Zeichen-Twitter-ist-Trumpf_Organisator.jpg 640w, https:\/\/www.organisator.ch\/wp-content\/uploads\/2017\/02\/Politik-in-140-Zeichen-Twitter-ist-Trumpf_Organisator-16x12.jpg 16w, https:\/\/www.organisator.ch\/wp-content\/uploads\/2017\/02\/Politik-in-140-Zeichen-Twitter-ist-Trumpf_Organisator-262x175.jpg 262w, https:\/\/www.organisator.ch\/wp-content\/uploads\/2017\/02\/Politik-in-140-Zeichen-Twitter-ist-Trumpf_Organisator-525x350.jpg 525w, https:\/\/www.organisator.ch\/wp-content\/uploads\/2017\/02\/Politik-in-140-Zeichen-Twitter-ist-Trumpf_Organisator-300x200.jpg 300w\" sizes=\"auto, (max-width: 640px) 100vw, 640px\" \/><figcaption id=\"caption-attachment-1529\" class=\"wp-caption-text\">L'expert en communication Stefan H\u00e4seli s'exprime sur Twitter en tant qu'instrument de gestion pr\u00e9sidentielle. (Photo : zVg)<\/figcaption><\/figure>\n<p>Selon Stefan H\u00e4seli, \"c'est aux observateurs politiques de d\u00e9cider si cet acte est bon pour le monde ou s'il sera mauvais lorsque le nouveau pr\u00e9sident impulsif marquera les quatre prochaines ann\u00e9es non seulement le destin des Etats-Unis, mais aussi celui du monde. Les craintes que Donald Trump continue d'en effrayer plus d'un avec ses d\u00e9clarations souvent crues sont sans aucun doute justifi\u00e9es. L'opinion publique mondiale s'\u00e9tonne d\u00e9j\u00e0 de ce qu'il se permet de faire verbalement\". Il est pourtant tout \u00e0 fait passionnant de suivre la mani\u00e8re dont Donald Trump communique : \"Il faut ici s\u00e9parer deux choses. D'une part, il ignore tr\u00e8s souvent toutes les r\u00e8gles d'une communication constructive et d'un feedback valorisant. C'est sans aucun doute quelque chose qui me d\u00e9pla\u00eet. D'autre part, il tente, comme peu d'autres, de diriger le monde en 140 caract\u00e8res depuis la 'fen\u00eatre Twitter'. Et nous devrions y r\u00e9fl\u00e9chir\".<\/p>\n<p><strong>Mettre les points sur les i<\/strong><\/p>\n<p>De ce point de vue, l'expert en communication estime qu'il vaut la peine d'essayer de s\u00e9parer ce qui est mena\u00e7ant de ce qui est utile : \"Si l'on met de c\u00f4t\u00e9 la peur du contenu des d\u00e9clarations provocantes, on peut en tirer beaucoup d'enseignements sur le plan purement technique de la communication. Car il s'agit d'aller droit au but. Cela permet de lancer la discussion. 140 caract\u00e8res suffisent pour faire partie des 'nouvelles', qu'elles soient positives ou n\u00e9gatives. Ou de mani\u00e8re moins spectaculaire, tout simplement pour engager la conversation. Il n'est certes pas toujours judicieux de r\u00e9sumer des d\u00e9clarations importantes sur Twitter en 140 caract\u00e8res - surtout lorsqu'il s'agit d'int\u00e9r\u00eats mondiaux. Mais l'art de savoir le faire est important ! Cette capacit\u00e9 n'est pas encore vraiment et partout bien utilis\u00e9e dans la soci\u00e9t\u00e9, l'\u00e9conomie et le public modernes\", explique Stefan H\u00e4seli, qui s'occupe depuis de nombreuses ann\u00e9es d\u00e9j\u00e0 de la communication quotidienne. \"Limiter les informations \u00e0 140 caract\u00e8res n'est en aucun cas une preuve de superficialit\u00e9. Au contraire, un tel message cl\u00e9 doit \u00eatre formul\u00e9 de mani\u00e8re pertinente. Il en va \u00e9videmment autrement pour les contextes complexes. Celui qui ma\u00eetrise l'alternative est un 'Commander in Tweets'\".<\/p>\n<p><strong>Une qualit\u00e9 qui s'apprend<\/strong><\/p>\n<p>Il reste \u00e0 distinguer et \u00e0 d\u00e9limiter le fait que l'on tweete beaucoup de b\u00eatises. Stefan H\u00e4seli : \"De nombreux messages de Donald Trump semblent \u00e9galement trop peu r\u00e9fl\u00e9chis. Mais qui n'a pas d\u00e9j\u00e0 envoy\u00e9 un message sans r\u00e9fl\u00e9chir \u00e0 ce qu'il pouvait d\u00e9clencher. Mais il y a justement une diff\u00e9rence entre un e-mail peu clair envoy\u00e9 \u00e0 une bonne connaissance et l'homme le plus puissant du monde qui insulte un coll\u00e8gue officiel avec des armes nucl\u00e9aires dans le placard\". M\u00eame si beaucoup de choses ne sont pas mang\u00e9es aussi chaudes qu'elles ne sont cuites, comme le sait Stefan H\u00e4seli gr\u00e2ce \u00e0 ses contacts avec les hommes politiques : \"Il y a des choses qui sont faites pour la galerie. Lorsque Donald Trump poste par exemple un message sur Twitter \u00e0 propos de Vladimir Poutine, il se peut que la conversation personnelle entre les deux ait eu lieu depuis longtemps et que l'on sache tr\u00e8s exactement ce que l'on pense vraiment l'un de l'autre\". Ce qui boucle la boucle, selon l'expert : \"R\u00e9diger un message dans un message de 140 caract\u00e8res est une qualit\u00e9 qui s'apprend et qui devient de plus en plus importante. Mais rien ne remplacera jamais, et jusqu'\u00e0 nouvel ordre, la conversation \u00e0 ce sujet. Il est clair qu'\u00e0 la fin de la journ\u00e9e, Donald Trump sera lui aussi jug\u00e9 sur ses actions et non sur ses posts\".<\/p>\n<p><strong>Recommandation de Stefan H\u00e4seli : Twitter comme entra\u00eenement<\/strong><\/p>\n<p>\"R\u00e9duire des messages cl\u00e9s importants \u00e0 140 caract\u00e8res est un travail difficile - mais tr\u00e8s instructif. Je l'ai fait r\u00e9cemment lors d'une conf\u00e9rence sur les principaux messages cl\u00e9s :<\/p>\n<ul>\n<li>Le monde de la communication devient plus exigeant. Communiquer beaucoup sur plus de supports ne donne pas n\u00e9cessairement plus de contenu.<\/li>\n<li>Dans toute l'euphorie et dans le sillage de la pens\u00e9e en r\u00e9seau et des approches globales : Sur le march\u00e9, il faut continuer \u00e0 vendre.<\/li>\n<li>Le chemin est le but. C'est peut-\u00eatre vrai la plupart du temps. Mais n'oublions pas qu'un beau train ne sert \u00e0 rien s'il n'arrive pas en gare.<\/li>\n<li>Ce qui est demand\u00e9, ce sont des solutions aux probl\u00e8mes des clients, pas seulement des r\u00e9sultats d'\u00e9tudes et des convictions de fournisseurs.<\/li>\n<\/ul>\n<p>C'\u00e9tait attrayant pour le public et cela m'a aid\u00e9 \u00e0 me pencher intens\u00e9ment sur le sujet. La superficialit\u00e9 apparente peut donc aussi \u00eatre le r\u00e9sultat de la profondeur\".<\/p>\n<p><em>A propos de Stefan H\u00e4seli :<\/em><\/p>\n<p><em>En tant que conf\u00e9rencier international, Stefan H\u00e4seli incite \u00e0 vivre une communication efficace au quotidien tout en s'amusant. Il est l'auteur de nombreux livres et est connu pour ses conseils dans des \u00e9missions de radio et de t\u00e9l\u00e9vision. <a href=\"http:\/\/www.stefanhaeseli.ch\/\">www.stefanhaeseli.ch<\/a><\/em><\/p>","protected":false},"excerpt":{"rendered":"<p>Eines vorab, so Stefan H\u00e4seli: \u201eOb dieser Akt f\u00fcr die Welt gut ist oder wie schlecht es werden wird, wenn der impulsive neue Pr\u00e4sident die n\u00e4chsten vier Jahre nicht nur die Geschicke der USA, sondern damit verkn\u00fcpft auch zu einem guten Teil die der Welt pr\u00e4gt, sei den politischen Beobachtern \u00fcberlassen. Berechtigt sind zweifellos die [&hellip;]<\/p>\n","protected":false},"author":4,"featured_media":1529,"comment_status":"open","ping_status":"open","sticky":false,"template":"","format":"standard","meta":{"_acf_changed":false,"_yoast_wpseo_focuskw":"Twitter","_yoast_wpseo_metadesc":"Der neue US-Pr\u00e4sident Donald Trump f\u00fcllt \u00fcber Twitter die Zeitungsspalten. Trotz aller Vorbehalte kann man in einem Punkt durchaus von ihm lernen.","articlekey":"","footnotes":""},"categories":[29],"tags":[308,334,339,508],"class_list":["post-1527","post","type-post","status-publish","format-standard","has-post-thumbnail","hentry","category-marketing","tag-kommunikation","tag-management","tag-marketing","tag-vermischtes"],"acf":[],"yoast_head":"<!-- This site is optimized with the Yoast SEO plugin v27.5 - https:\/\/yoast.com\/product\/yoast-seo-wordpress\/ -->\n<title>Politik in 140 Zeichen? Twitter ist &quot;Trump(f)&quot; - Organisator<\/title>\n<meta name=\"description\" content=\"Der neue US-Pr\u00e4sident Donald Trump f\u00fcllt \u00fcber Twitter die Zeitungsspalten. Trotz aller Vorbehalte kann man in einem Punkt durchaus von ihm lernen.\" \/>\n<meta name=\"robots\" content=\"index, follow, max-snippet:-1, max-image-preview:large, max-video-preview:-1\" \/>\n<link rel=\"canonical\" href=\"https:\/\/www.organisator.ch\/fr\/marketing\/2017-02-16\/politique-en-140-marques-twitter-est-un-atout\/\" \/>\n<meta property=\"og:locale\" content=\"fr_FR\" \/>\n<meta property=\"og:type\" content=\"article\" \/>\n<meta property=\"og:title\" content=\"Politik in 140 Zeichen? Twitter ist &quot;Trump(f)&quot;\" \/>\n<meta property=\"og:description\" content=\"Der neue #US-Pr\u00e4sident Donald Trump f\u00fcllt \u00fcber #Twitter die Zeitungsspalten. Trotz aller Vorbehalte kann man in einem Punkt durchaus von ihm lernen, wie Kommunikationsexperte #StefanH\u00e4seli meint.\" \/>\n<meta property=\"og:url\" content=\"https:\/\/www.organisator.ch\/fr\/marketing\/2017-02-16\/politique-en-140-marques-twitter-est-un-atout\/\" \/>\n<meta property=\"og:site_name\" content=\"Organisator\" \/>\n<meta property=\"article:publisher\" content=\"https:\/\/www.facebook.com\/OrganisatorFachmagazin\" \/>\n<meta property=\"article:published_time\" content=\"2017-02-16T07:24:51+00:00\" \/>\n<meta property=\"og:image\" content=\"https:\/\/www.organisator.ch\/wp-content\/uploads\/2017\/02\/Politik-in-140-Zeichen-Twitter-ist-Trumpf_Organisator.jpg\" \/>\n\t<meta property=\"og:image:width\" content=\"640\" \/>\n\t<meta property=\"og:image:height\" content=\"427\" \/>\n\t<meta property=\"og:image:type\" content=\"image\/jpeg\" \/>\n<meta name=\"author\" content=\"thomas.berner\" \/>\n<meta name=\"twitter:card\" content=\"summary_large_image\" \/>\n<meta name=\"twitter:title\" content=\"Politik in #140Zeichen? #Twitter ist &quot;Trump(f)&quot;\" \/>\n<meta name=\"twitter:description\" content=\"Der neue #US-Pr\u00e4sident Donald Trump f\u00fcllt \u00fcber #Twitter die Zeitungsspalten. Trotz aller Vorbehalte kann man in einem Punkt durchaus von ihm lernen, wie Kommunikationsexperte #StefanH\u00e4seli meint.\" \/>\n<meta name=\"twitter:image\" content=\"https:\/\/www.organisator.ch\/wp-content\/uploads\/2017\/02\/Politik-in-140-Zeichen-Twitter-ist-Trumpf_Organisator.jpg\" \/>\n<script type=\"application\/ld+json\" class=\"yoast-schema-graph\">{\"@context\":\"https:\\\/\\\/schema.org\",\"@graph\":[{\"@type\":\"Article\",\"@id\":\"https:\\\/\\\/www.organisator.ch\\\/marketing\\\/2017-02-16\\\/politik-in-140-zeichen-twitter-ist-trumpf\\\/#article\",\"isPartOf\":{\"@id\":\"https:\\\/\\\/www.organisator.ch\\\/marketing\\\/2017-02-16\\\/politik-in-140-zeichen-twitter-ist-trumpf\\\/\"},\"author\":{\"name\":\"thomas.berner\",\"@id\":\"https:\\\/\\\/www.organisator.ch\\\/#\\\/schema\\\/person\\\/6f650f90b2842cd4c0cc334b4e36f67e\"},\"headline\":\"Politik in 140 Zeichen? Twitter ist &#8222;Trump(f)&#8220;\",\"datePublished\":\"2017-02-16T07:24:51+00:00\",\"mainEntityOfPage\":{\"@id\":\"https:\\\/\\\/www.organisator.ch\\\/marketing\\\/2017-02-16\\\/politik-in-140-zeichen-twitter-ist-trumpf\\\/\"},\"wordCount\":771,\"commentCount\":0,\"publisher\":{\"@id\":\"https:\\\/\\\/www.organisator.ch\\\/#organization\"},\"image\":{\"@id\":\"https:\\\/\\\/www.organisator.ch\\\/marketing\\\/2017-02-16\\\/politik-in-140-zeichen-twitter-ist-trumpf\\\/#primaryimage\"},\"thumbnailUrl\":\"https:\\\/\\\/www.organisator.ch\\\/wp-content\\\/uploads\\\/2017\\\/02\\\/Politik-in-140-Zeichen-Twitter-ist-Trumpf_Organisator.jpg\",\"keywords\":[\"Kommunikation\",\"Management\",\"Marketing\",\"Vermischtes\"],\"articleSection\":[\"MARKETING\"],\"inLanguage\":\"fr-FR\"},{\"@type\":\"WebPage\",\"@id\":\"https:\\\/\\\/www.organisator.ch\\\/marketing\\\/2017-02-16\\\/politik-in-140-zeichen-twitter-ist-trumpf\\\/\",\"url\":\"https:\\\/\\\/www.organisator.ch\\\/marketing\\\/2017-02-16\\\/politik-in-140-zeichen-twitter-ist-trumpf\\\/\",\"name\":\"Politik in 140 Zeichen? Twitter ist \\\"Trump(f)\\\" - Organisator\",\"isPartOf\":{\"@id\":\"https:\\\/\\\/www.organisator.ch\\\/#website\"},\"primaryImageOfPage\":{\"@id\":\"https:\\\/\\\/www.organisator.ch\\\/marketing\\\/2017-02-16\\\/politik-in-140-zeichen-twitter-ist-trumpf\\\/#primaryimage\"},\"image\":{\"@id\":\"https:\\\/\\\/www.organisator.ch\\\/marketing\\\/2017-02-16\\\/politik-in-140-zeichen-twitter-ist-trumpf\\\/#primaryimage\"},\"thumbnailUrl\":\"https:\\\/\\\/www.organisator.ch\\\/wp-content\\\/uploads\\\/2017\\\/02\\\/Politik-in-140-Zeichen-Twitter-ist-Trumpf_Organisator.jpg\",\"datePublished\":\"2017-02-16T07:24:51+00:00\",\"description\":\"Der neue US-Pr\u00e4sident Donald Trump f\u00fcllt \u00fcber Twitter die Zeitungsspalten. Trotz aller Vorbehalte kann man in einem Punkt durchaus von ihm lernen.\",\"breadcrumb\":{\"@id\":\"https:\\\/\\\/www.organisator.ch\\\/marketing\\\/2017-02-16\\\/politik-in-140-zeichen-twitter-ist-trumpf\\\/#breadcrumb\"},\"inLanguage\":\"fr-FR\",\"potentialAction\":[{\"@type\":\"ReadAction\",\"target\":[\"https:\\\/\\\/www.organisator.ch\\\/marketing\\\/2017-02-16\\\/politik-in-140-zeichen-twitter-ist-trumpf\\\/\"]}]},{\"@type\":\"ImageObject\",\"inLanguage\":\"fr-FR\",\"@id\":\"https:\\\/\\\/www.organisator.ch\\\/marketing\\\/2017-02-16\\\/politik-in-140-zeichen-twitter-ist-trumpf\\\/#primaryimage\",\"url\":\"https:\\\/\\\/www.organisator.ch\\\/wp-content\\\/uploads\\\/2017\\\/02\\\/Politik-in-140-Zeichen-Twitter-ist-Trumpf_Organisator.jpg\",\"contentUrl\":\"https:\\\/\\\/www.organisator.ch\\\/wp-content\\\/uploads\\\/2017\\\/02\\\/Politik-in-140-Zeichen-Twitter-ist-Trumpf_Organisator.jpg\",\"width\":640,\"height\":427,\"caption\":\"Kommunikations-Experte Stefan H\u00e4seli \u00e4ussert zu Twitter als pr\u00e4sidiales F\u00fchrungsinstrument. (Foto: zVg)\"},{\"@type\":\"BreadcrumbList\",\"@id\":\"https:\\\/\\\/www.organisator.ch\\\/marketing\\\/2017-02-16\\\/politik-in-140-zeichen-twitter-ist-trumpf\\\/#breadcrumb\",\"itemListElement\":[{\"@type\":\"ListItem\",\"position\":1,\"name\":\"Home\",\"item\":\"https:\\\/\\\/www.organisator.ch\\\/\"},{\"@type\":\"ListItem\",\"position\":2,\"name\":\"Politik in 140 Zeichen? Twitter ist &#8222;Trump(f)&#8220;\"}]},{\"@type\":\"WebSite\",\"@id\":\"https:\\\/\\\/www.organisator.ch\\\/#website\",\"url\":\"https:\\\/\\\/www.organisator.ch\\\/\",\"name\":\"Organisator\",\"description\":\"Kompetent. Praxisnah. Der ORGANISATOR bereitet in 10 Ausgaben pro Jahr die wesentlichen Themen f\u00fcr F\u00fchrungskr\u00e4fte von KMU auf.\",\"publisher\":{\"@id\":\"https:\\\/\\\/www.organisator.ch\\\/#organization\"},\"potentialAction\":[{\"@type\":\"SearchAction\",\"target\":{\"@type\":\"EntryPoint\",\"urlTemplate\":\"https:\\\/\\\/www.organisator.ch\\\/?s={search_term_string}\"},\"query-input\":{\"@type\":\"PropertyValueSpecification\",\"valueRequired\":true,\"valueName\":\"search_term_string\"}}],\"inLanguage\":\"fr-FR\"},{\"@type\":\"Organization\",\"@id\":\"https:\\\/\\\/www.organisator.ch\\\/#organization\",\"name\":\"Organisator\",\"url\":\"https:\\\/\\\/www.organisator.ch\\\/\",\"logo\":{\"@type\":\"ImageObject\",\"inLanguage\":\"fr-FR\",\"@id\":\"https:\\\/\\\/www.organisator.ch\\\/#\\\/schema\\\/logo\\\/image\\\/\",\"url\":\"https:\\\/\\\/www.organisator.ch\\\/wp-content\\\/uploads\\\/2022\\\/01\\\/Logo_Organisator_Website.png\",\"contentUrl\":\"https:\\\/\\\/www.organisator.ch\\\/wp-content\\\/uploads\\\/2022\\\/01\\\/Logo_Organisator_Website.png\",\"width\":800,\"height\":77,\"caption\":\"Organisator\"},\"image\":{\"@id\":\"https:\\\/\\\/www.organisator.ch\\\/#\\\/schema\\\/logo\\\/image\\\/\"},\"sameAs\":[\"https:\\\/\\\/www.facebook.com\\\/OrganisatorFachmagazin\",\"https:\\\/\\\/www.linkedin.com\\\/showcase\\\/organisator-das-magazin-fr-kmu\",\"https:\\\/\\\/www.xing.com\\\/news\\\/pages\\\/organisator-ch-695\",\"https:\\\/\\\/www.youtube.com\\\/channel\\\/UCGP2Sq0iWaZwT3BdIAQFYpw\"]},{\"@type\":\"Person\",\"@id\":\"https:\\\/\\\/www.organisator.ch\\\/#\\\/schema\\\/person\\\/6f650f90b2842cd4c0cc334b4e36f67e\",\"name\":\"thomas.berner\",\"image\":{\"@type\":\"ImageObject\",\"inLanguage\":\"fr-FR\",\"@id\":\"https:\\\/\\\/secure.gravatar.com\\\/avatar\\\/ac5001d2a36cb6c6cd3e50789007ffca834b477b74a2144564522e944eabff61?s=96&d=mm&r=g\",\"url\":\"https:\\\/\\\/secure.gravatar.com\\\/avatar\\\/ac5001d2a36cb6c6cd3e50789007ffca834b477b74a2144564522e944eabff61?s=96&d=mm&r=g\",\"contentUrl\":\"https:\\\/\\\/secure.gravatar.com\\\/avatar\\\/ac5001d2a36cb6c6cd3e50789007ffca834b477b74a2144564522e944eabff61?s=96&d=mm&r=g\",\"caption\":\"thomas.berner\"},\"url\":\"https:\\\/\\\/www.organisator.ch\\\/fr\\\/author\\\/thomas-berner\\\/\"}]}<\/script>\n<!-- \/ Yoast SEO plugin. -->","yoast_head_json":{"title":"La politique en 140 caract\u00e8res ? Twitter est l'organisateur de \"Trump(f)","description":"Le nouveau pr\u00e9sident am\u00e9ricain Donald Trump remplit les colonnes des journaux via Twitter. Malgr\u00e9 toutes les r\u00e9serves, il y a un point sur lequel on peut tout \u00e0 fait apprendre de lui.","robots":{"index":"index","follow":"follow","max-snippet":"max-snippet:-1","max-image-preview":"max-image-preview:large","max-video-preview":"max-video-preview:-1"},"canonical":"https:\/\/www.organisator.ch\/fr\/marketing\/2017-02-16\/politique-en-140-marques-twitter-est-un-atout\/","og_locale":"fr_FR","og_type":"article","og_title":"Politik in 140 Zeichen? Twitter ist \"Trump(f)\"","og_description":"Der neue #US-Pr\u00e4sident Donald Trump f\u00fcllt \u00fcber #Twitter die Zeitungsspalten. Trotz aller Vorbehalte kann man in einem Punkt durchaus von ihm lernen, wie Kommunikationsexperte #StefanH\u00e4seli meint.","og_url":"https:\/\/www.organisator.ch\/fr\/marketing\/2017-02-16\/politique-en-140-marques-twitter-est-un-atout\/","og_site_name":"Organisator","article_publisher":"https:\/\/www.facebook.com\/OrganisatorFachmagazin","article_published_time":"2017-02-16T07:24:51+00:00","og_image":[{"width":640,"height":427,"url":"https:\/\/www.organisator.ch\/wp-content\/uploads\/2017\/02\/Politik-in-140-Zeichen-Twitter-ist-Trumpf_Organisator.jpg","type":"image\/jpeg"}],"author":"thomas.berner","twitter_card":"summary_large_image","twitter_title":"Politik in #140Zeichen? #Twitter ist \"Trump(f)\"","twitter_description":"Der neue #US-Pr\u00e4sident Donald Trump f\u00fcllt \u00fcber #Twitter die Zeitungsspalten. Trotz aller Vorbehalte kann man in einem Punkt durchaus von ihm lernen, wie Kommunikationsexperte #StefanH\u00e4seli meint.","twitter_image":"https:\/\/www.organisator.ch\/wp-content\/uploads\/2017\/02\/Politik-in-140-Zeichen-Twitter-ist-Trumpf_Organisator.jpg","schema":{"@context":"https:\/\/schema.org","@graph":[{"@type":"Article","@id":"https:\/\/www.organisator.ch\/marketing\/2017-02-16\/politik-in-140-zeichen-twitter-ist-trumpf\/#article","isPartOf":{"@id":"https:\/\/www.organisator.ch\/marketing\/2017-02-16\/politik-in-140-zeichen-twitter-ist-trumpf\/"},"author":{"name":"thomas.berner","@id":"https:\/\/www.organisator.ch\/#\/schema\/person\/6f650f90b2842cd4c0cc334b4e36f67e"},"headline":"Politik in 140 Zeichen? Twitter ist &#8222;Trump(f)&#8220;","datePublished":"2017-02-16T07:24:51+00:00","mainEntityOfPage":{"@id":"https:\/\/www.organisator.ch\/marketing\/2017-02-16\/politik-in-140-zeichen-twitter-ist-trumpf\/"},"wordCount":771,"commentCount":0,"publisher":{"@id":"https:\/\/www.organisator.ch\/#organization"},"image":{"@id":"https:\/\/www.organisator.ch\/marketing\/2017-02-16\/politik-in-140-zeichen-twitter-ist-trumpf\/#primaryimage"},"thumbnailUrl":"https:\/\/www.organisator.ch\/wp-content\/uploads\/2017\/02\/Politik-in-140-Zeichen-Twitter-ist-Trumpf_Organisator.jpg","keywords":["Kommunikation","Management","Marketing","Vermischtes"],"articleSection":["MARKETING"],"inLanguage":"fr-FR"},{"@type":"WebPage","@id":"https:\/\/www.organisator.ch\/marketing\/2017-02-16\/politik-in-140-zeichen-twitter-ist-trumpf\/","url":"https:\/\/www.organisator.ch\/marketing\/2017-02-16\/politik-in-140-zeichen-twitter-ist-trumpf\/","name":"La politique en 140 caract\u00e8res ? Twitter est l'organisateur de \"Trump(f)","isPartOf":{"@id":"https:\/\/www.organisator.ch\/#website"},"primaryImageOfPage":{"@id":"https:\/\/www.organisator.ch\/marketing\/2017-02-16\/politik-in-140-zeichen-twitter-ist-trumpf\/#primaryimage"},"image":{"@id":"https:\/\/www.organisator.ch\/marketing\/2017-02-16\/politik-in-140-zeichen-twitter-ist-trumpf\/#primaryimage"},"thumbnailUrl":"https:\/\/www.organisator.ch\/wp-content\/uploads\/2017\/02\/Politik-in-140-Zeichen-Twitter-ist-Trumpf_Organisator.jpg","datePublished":"2017-02-16T07:24:51+00:00","description":"Le nouveau pr\u00e9sident am\u00e9ricain Donald Trump remplit les colonnes des journaux via Twitter. Malgr\u00e9 toutes les r\u00e9serves, il y a un point sur lequel on peut tout \u00e0 fait apprendre de lui.","breadcrumb":{"@id":"https:\/\/www.organisator.ch\/marketing\/2017-02-16\/politik-in-140-zeichen-twitter-ist-trumpf\/#breadcrumb"},"inLanguage":"fr-FR","potentialAction":[{"@type":"ReadAction","target":["https:\/\/www.organisator.ch\/marketing\/2017-02-16\/politik-in-140-zeichen-twitter-ist-trumpf\/"]}]},{"@type":"ImageObject","inLanguage":"fr-FR","@id":"https:\/\/www.organisator.ch\/marketing\/2017-02-16\/politik-in-140-zeichen-twitter-ist-trumpf\/#primaryimage","url":"https:\/\/www.organisator.ch\/wp-content\/uploads\/2017\/02\/Politik-in-140-Zeichen-Twitter-ist-Trumpf_Organisator.jpg","contentUrl":"https:\/\/www.organisator.ch\/wp-content\/uploads\/2017\/02\/Politik-in-140-Zeichen-Twitter-ist-Trumpf_Organisator.jpg","width":640,"height":427,"caption":"Kommunikations-Experte Stefan H\u00e4seli \u00e4ussert zu Twitter als pr\u00e4sidiales F\u00fchrungsinstrument. (Foto: zVg)"},{"@type":"BreadcrumbList","@id":"https:\/\/www.organisator.ch\/marketing\/2017-02-16\/politik-in-140-zeichen-twitter-ist-trumpf\/#breadcrumb","itemListElement":[{"@type":"ListItem","position":1,"name":"Home","item":"https:\/\/www.organisator.ch\/"},{"@type":"ListItem","position":2,"name":"Politik in 140 Zeichen? Twitter ist &#8222;Trump(f)&#8220;"}]},{"@type":"WebSite","@id":"https:\/\/www.organisator.ch\/#website","url":"https:\/\/www.organisator.ch\/","name":"Organisateur","description":"Comp\u00e9tence et comp\u00e9tence. Proches de la pratique. L'ORGANISATEUR pr\u00e9pare 10 num\u00e9ros par an sur les th\u00e8mes essentiels pour les dirigeants de PME.","publisher":{"@id":"https:\/\/www.organisator.ch\/#organization"},"potentialAction":[{"@type":"SearchAction","target":{"@type":"EntryPoint","urlTemplate":"https:\/\/www.organisator.ch\/?s={search_term_string}"},"query-input":{"@type":"PropertyValueSpecification","valueRequired":true,"valueName":"search_term_string"}}],"inLanguage":"fr-FR"},{"@type":"Organization","@id":"https:\/\/www.organisator.ch\/#organization","name":"Organisateur","url":"https:\/\/www.organisator.ch\/","logo":{"@type":"ImageObject","inLanguage":"fr-FR","@id":"https:\/\/www.organisator.ch\/#\/schema\/logo\/image\/","url":"https:\/\/www.organisator.ch\/wp-content\/uploads\/2022\/01\/Logo_Organisator_Website.png","contentUrl":"https:\/\/www.organisator.ch\/wp-content\/uploads\/2022\/01\/Logo_Organisator_Website.png","width":800,"height":77,"caption":"Organisator"},"image":{"@id":"https:\/\/www.organisator.ch\/#\/schema\/logo\/image\/"},"sameAs":["https:\/\/www.facebook.com\/OrganisatorFachmagazin","https:\/\/www.linkedin.com\/showcase\/organisator-das-magazin-fr-kmu","https:\/\/www.xing.com\/news\/pages\/organisator-ch-695","https:\/\/www.youtube.com\/channel\/UCGP2Sq0iWaZwT3BdIAQFYpw"]},{"@type":"Person","@id":"https:\/\/www.organisator.ch\/#\/schema\/person\/6f650f90b2842cd4c0cc334b4e36f67e","name":"thomas.berner","image":{"@type":"ImageObject","inLanguage":"fr-FR","@id":"https:\/\/secure.gravatar.com\/avatar\/ac5001d2a36cb6c6cd3e50789007ffca834b477b74a2144564522e944eabff61?s=96&d=mm&r=g","url":"https:\/\/secure.gravatar.com\/avatar\/ac5001d2a36cb6c6cd3e50789007ffca834b477b74a2144564522e944eabff61?s=96&d=mm&r=g","contentUrl":"https:\/\/secure.gravatar.com\/avatar\/ac5001d2a36cb6c6cd3e50789007ffca834b477b74a2144564522e944eabff61?s=96&d=mm&r=g","caption":"thomas.berner"},"url":"https:\/\/www.organisator.ch\/fr\/author\/thomas-berner\/"}]}},"_links":{"self":[{"href":"https:\/\/www.organisator.ch\/fr\/wp-json\/wp\/v2\/posts\/1527","targetHints":{"allow":["GET"]}}],"collection":[{"href":"https:\/\/www.organisator.ch\/fr\/wp-json\/wp\/v2\/posts"}],"about":[{"href":"https:\/\/www.organisator.ch\/fr\/wp-json\/wp\/v2\/types\/post"}],"author":[{"embeddable":true,"href":"https:\/\/www.organisator.ch\/fr\/wp-json\/wp\/v2\/users\/4"}],"replies":[{"embeddable":true,"href":"https:\/\/www.organisator.ch\/fr\/wp-json\/wp\/v2\/comments?post=1527"}],"version-history":[{"count":0,"href":"https:\/\/www.organisator.ch\/fr\/wp-json\/wp\/v2\/posts\/1527\/revisions"}],"wp:featuredmedia":[{"embeddable":true,"href":"https:\/\/www.organisator.ch\/fr\/wp-json\/wp\/v2\/media\/1529"}],"wp:attachment":[{"href":"https:\/\/www.organisator.ch\/fr\/wp-json\/wp\/v2\/media?parent=1527"}],"wp:term":[{"taxonomy":"category","embeddable":true,"href":"https:\/\/www.organisator.ch\/fr\/wp-json\/wp\/v2\/categories?post=1527"},{"taxonomy":"post_tag","embeddable":true,"href":"https:\/\/www.organisator.ch\/fr\/wp-json\/wp\/v2\/tags?post=1527"}],"curies":[{"name":"wp","href":"https:\/\/api.w.org\/{rel}","templated":true}]}}