{"id":1536,"date":"2018-03-01T11:35:41","date_gmt":"2018-03-01T10:35:41","guid":{"rendered":"https:\/\/www.umweltperspektiven.ch\/?p=1536"},"modified":"2022-02-09T11:06:54","modified_gmt":"2022-02-09T10:06:54","slug":"die-klimapolitik-versagt-beim-flugverkehr","status":"publish","type":"post","link":"https:\/\/www.organisator.ch\/fr\/sustainability\/2018-03-01\/die-klimapolitik-versagt-beim-flugverkehr\/","title":{"rendered":"Transport a\u00e9rien : la politique climatique enregistre des difficult\u00e9s"},"content":{"rendered":"<figure id=\"attachment_1539\" aria-describedby=\"caption-attachment-1539\" style=\"width: 680px\" class=\"wp-caption alignnone\"><img loading=\"lazy\" decoding=\"async\" class=\"size-medium wp-image-1539\" src=\"\/\/www.umweltperspektiven.ch\/wp-content\/uploads\/2018\/03\/Flugverkehr-Klimapolitik-registriert-Schwierigkeiten-mq-management-u-qualitaet.jpg\" alt=\"\" width=\"680\" height=\"453\" \/><figcaption id=\"caption-attachment-1539\" class=\"wp-caption-text\">Aussi majestueux que soit un Boeing Dreamliner planant dans les airs, l'impact environnemental augmente \u00e0 chaque billet de passager. (Image : depositphotos)<\/figcaption><\/figure>\n<p>Monsieur et Madame Suisse et le trafic a\u00e9rien - en fait, un beau mariage blanc. Selon un sondage repr\u00e9sentatif <a href=\"\/\/www.energiestiftung.ch\/files\/energiestiftung\/publikationen\/pdf\/20171114_Grafiken_SchweizerischeEnergie-Stiftung.pdf\" target=\"_blank\" rel=\"noopener\">Enqu\u00eate aupr\u00e8s de la population r\u00e9alis\u00e9e par l'institut de recherche gfs-z\u00fcrich (.pdf),<\/a> lanc\u00e9e sur mandat de la Fondation suisse de l'\u00e9nergie SES, plus de la moiti\u00e9 des Suisses ont pris l'avion une ou plusieurs fois au cours des deux derni\u00e8res ann\u00e9es (56%). Les personnes ayant un niveau d'\u00e9ducation \u00e9lev\u00e9 et des revenus importants ont particuli\u00e8rement tendance \u00e0 prendre souvent l'avion. En 2015, la population r\u00e9sidante suisse a parcouru 24'850 kilom\u00e8tres par personne, soit plus d'un demi-tour de la Terre. Plus d'un tiers de cette distance, soit 9000 km, a \u00e9t\u00e9 parcouru en avion, dont pr\u00e8s de 90 % \u00e0 des fins priv\u00e9es, avec une tendance \u00e0 la hausse (<a href=\"\/\/www.bfs.admin.ch\/bfs\/de\/home\/statistiken\/mobilitaet-verkehr\/personenverkehr\/verkehrsverhalten.html\" target=\"_blank\" rel=\"noopener\">Cf. microrecensement mobilit\u00e9 et transports 2015, OFS<\/a>).<\/p>\n<h2>Le savoir ne guide pas l'action<\/h2>\n<p>L'enqu\u00eate de gfs-z\u00fcrich, qui a interrog\u00e9 1004 personnes choisies au hasard en Suisse al\u00e9manique et en Suisse romande, r\u00e9v\u00e8le qu'\u00e0 peine un quart (23%) de la population suisse a renonc\u00e9 \u00e0 un voyage en avion au cours des deux derni\u00e8res ann\u00e9es pour des raisons \u00e9cologiques. Et ce, bien qu'une nette majorit\u00e9 soit d'accord avec l'affirmation selon laquelle le trafic a\u00e9rien r\u00e9chauffe le climat (60%) et que la plupart d\u00e9clarent veiller \u00e0 agir de mani\u00e8re respectueuse du climat au quotidien (54%). Il ressort de ces r\u00e9sultats qu'il existe un foss\u00e9 entre la prise de conscience du probl\u00e8me et sa mise en \u0153uvre. La connaissance de la nocivit\u00e9 climatique ne suffit pas \u00e0 modifier le comportement individuel. Seuls quelques-uns optent pour des moyens de transport plus respectueux de l'environnement ou se rapprochent de leur destination.<\/p>\n<h2>\u00c9missions nocives multiples<\/h2>\n<p>dans le trafic a\u00e9rien comptent plusieurs fois, les gaz d'\u00e9chappement ont en effet un impact beaucoup plus important sur le climat \u00e0 cette altitude qu'au sol. De plus, les avions ne produisent pas seulement du CO2, mais aussi d'autres gaz \u00e0 effet de serre comme les oxydes d'azote, la suie et la vapeur d'eau. Le secteur de l'aviation et les scientifiques ne sont pas d'accord sur l'ampleur de ce ph\u00e9nom\u00e8ne. Aerosuisse, la f\u00e9d\u00e9ration fa\u00eeti\u00e8re de l'a\u00e9ronautique et de l'a\u00e9rospatiale suisses, part d'un Radiative Forcing Index (RFI) de 1,35. Le Groupe d'experts intergouvernemental sur l'\u00e9volution du climat (GIEC) part d'un facteur plus \u00e9lev\u00e9, l'impact de la formation de cirrus (tra\u00een\u00e9es de condensation) \u00e9tant relativement incertain, mais ayant une grande influence.<\/p>\n<p>L'Office f\u00e9d\u00e9ral allemand de l'environnement tient compte de cet effet et suppose un RFI de 3 \u00e0 5. De nombreuses associations environnementales, mais aussi la c\u00e9l\u00e8bre \"organisation de compensation climatique\" myclimate, calculent un facteur 2.<\/p>\n<p><strong>L'avion est en tout cas le moyen de transport de masse le plus nuisible pour le climat. Au niveau mondial, il contribue \u00e0 hauteur de 5% au r\u00e9chauffement global. En Suisse, ce chiffre atteint m\u00eame 18%. Contrairement \u00e0 d'autres domaines comme le chauffage ou le trafic routier, o\u00f9 les \u00e9missions de CO2 diminuent, la courbe de l'aviation ne va que dans un sens : vers le haut.<\/strong><\/p>\n<p>La croissance d\u00e9passe de loin les gains d'efficacit\u00e9. Bien que la consommation des avions puisse \u00eatre r\u00e9duite en permanence, le bilan climatique de l'aviation civile se d\u00e9grade chaque ann\u00e9e. Tout simplement parce que le nombre d'avions en circulation ne cesse d'augmenter.<\/p>\n<h2>Exon\u00e9r\u00e9 d'imp\u00f4ts et de taxes<\/h2>\n<p>On pourrait penser que cela devrait faire r\u00e9agir les politiques. En r\u00e9alit\u00e9, c'est le contraire qui se produit : le secteur a\u00e9rien est \u00e9pargn\u00e9 et encourag\u00e9 autant que possible. La TVA est due pour un billet de train - elle n'est pas pr\u00e9lev\u00e9e sur les billets d'avion. Le k\u00e9ros\u00e8ne d'aviation est \u00e9galement exon\u00e9r\u00e9 de la taxe sur le CO2 et de l'imp\u00f4t sur les huiles min\u00e9rales, qui est pr\u00e9lev\u00e9 sur le mazout et les carburants. Et lors du sommet sur le climat de Bonn, qui s'est achev\u00e9 la semaine derni\u00e8re, le trafic a\u00e9rien n'a une fois de plus pas \u00e9t\u00e9 \u00e9voqu\u00e9. Les \u00e9missions des avions ne sont pas prises en compte dans les n\u00e9gociations sur le climat.<\/p>\n<p>On mise plut\u00f4t sur des mesures volontaires de la branche, ce qui n'est pas une bonne id\u00e9e, comme le montre l'exemple de CORSIA. En octobre 2016, l'autorit\u00e9 de l'ONU en mati\u00e8re d'aviation (OACI) a adopt\u00e9 le \"Carbon offsetting and Reduction Scheme for International Aviation\" - une tromperie sur l'\u00e9tiquette. Les \u00e9missions ne doivent pas \u00eatre r\u00e9duites, mais seulement partiellement compens\u00e9es. Concr\u00e8tement, seule l'augmentation des \u00e9missions \u00e0 partir de 2020 est concern\u00e9e, donc seulement une fraction de ce qui est \u00e9mis. Et ce, sur une base volontaire. CORSIA ne sera obligatoire qu'\u00e0 partir de 2027 et m\u00eame \u00e0 ce moment-l\u00e0, il y aura encore des exceptions (<a href=\"\/\/www.flugemissionen.ch\/fileadmin\/user_upload\/FLAB\/2017\/FLAB_SSF_1-2017_RZ.pdf\" target=\"_blank\" rel=\"noopener\">Cf. FLAB, une publication de l'Association suisse pour la protection contre les \u00e9missions a\u00e9ronautiques SSF, printemps 2017<\/a>). C'est clairement insuffisant.<\/p>\n<h2>La fin du volontariat est souhaitable et urgente<\/h2>\n<p>La r\u00e9glementation politique fait encore largement d\u00e9faut dans le domaine du transport a\u00e9rien. Pourtant, les bonnes id\u00e9es ne manquent pas. L'une d'entre elles est la taxe sur les billets : les billets d'avion sont frapp\u00e9s d'une taxe qui d\u00e9pend de la longueur du trajet. Plusieurs pays europ\u00e9ens, comme l'Allemagne ou la Grande-Bretagne, connaissent des syst\u00e8mes d'incitation de ce type depuis de nombreuses ann\u00e9es. Une telle taxe est m\u00eame tr\u00e8s bien accueillie par la population. Dans l'\u00e9tude \"Univox Umwelt 2016\" de gfs-z\u00fcrich, pr\u00e8s des trois quarts (72%) des personnes interrog\u00e9es se sont d\u00e9clar\u00e9es favorables \u00e0 une telle mesure.<\/p>\n<p>Avec des mesures volontaires, les \u00e9missions du trafic a\u00e9rien continueront d'augmenter au lieu de diminuer. Sans une intervention r\u00e9glementaire massive, le plus simplement par le biais du prix, Monsieur et Madame Suisse ne se laisseront pas dissuader d'atteindre leurs destinations de vacances en avion. Bien entendu, l'information sur les causes et les cons\u00e9quences du changement climatique reste importante. C'est ainsi que l'on peut maintenir le haut niveau d'adh\u00e9sion de la population aux mesures correspondantes. Mais la connaissance du changement climatique n'emp\u00eache que tr\u00e8s peu de personnes de continuer \u00e0 prendre beaucoup trop l'avion.<\/p>\n<p><em><strong><br \/>\nSondage r\u00e9alis\u00e9 par gfs-z\u00fcrich pour le compte de la SES<\/strong><\/em><br \/>\n<em>Le sondage repr\u00e9sentatif de la population a \u00e9t\u00e9 r\u00e9alis\u00e9 par gfs-z\u00fcrich, recherche de march\u00e9 et sociale, sur mandat de la SES. Du 9 au 28 octobre 2017, 1004 personnes \u00e2g\u00e9es de 18 ans et plus ont \u00e9t\u00e9 interrog\u00e9es par le biais d'entretiens t\u00e9l\u00e9phoniques en Suisse al\u00e9manique et en Suisse romande. <a href=\"\/\/www.energiestiftung.ch\/files\/energiestiftung\/publikationen\/pdf\/20171114_Grafiken_SchweizerischeEnergie-Stiftung.pdf\" target=\"_blank\" rel=\"noopener\">\" Les r\u00e9sultats du sondage en d\u00e9tail (pdf)<\/a><\/em><\/p>","protected":false},"excerpt":{"rendered":"<p>Herr und Frau Schweizer und der Flugverkehr &#8211; eigentlich eine tolle Scheinehe. Gem\u00e4ss einer repr\u00e4sentativen Bev\u00f6lkerungsbefragung des Forschungsinstituts gfs-z\u00fcrich (.pdf), die im Auftrag der Schweizerischen Energie-Stiftung SES lanciert wurde, sind \u00fcber die H\u00e4lfte der Schweizerinnen und Schweizer in den letzten zwei Jahren einmal oder mehrmals geflogen (56%). Besonders Leute mit hoher Bildung und hohen Einkommen [&hellip;]<\/p>\n","protected":false},"author":5,"featured_media":9540,"comment_status":"open","ping_status":"open","sticky":false,"template":"","format":"standard","meta":{"_acf_changed":false,"_yoast_wpseo_focuskw":"Flugverkehr","_yoast_wpseo_metadesc":"Die Schweiz ist Weltmeister, geht es um den Flugverkehr. Fliegen ist jedoch das klimasch\u00e4dlichste Massen-Verkehrsmittel, so die SES-Bev\u00f6lkerungsumfrage.","articlekey":"","footnotes":""},"categories":[580],"tags":[806,1050,1197,354],"class_list":["post-1536","post","type-post","status-publish","format-standard","has-post-thumbnail","hentry","category-sustainability","tag-bevoelkerungsumfrage","tag-emmisionen","tag-flugverkehr","tag-mobilitaet"],"acf":[],"yoast_head":"<!-- This site is optimized with the Yoast SEO plugin v27.5 - https:\/\/yoast.com\/product\/yoast-seo-wordpress\/ -->\n<title>Flugverkehr: Klimapolitik registriert Schwierigkeiten - Organisator<\/title>\n<meta name=\"description\" content=\"Die Schweiz ist Weltmeister, geht es um den Flugverkehr. Fliegen ist jedoch das klimasch\u00e4dlichste Massen-Verkehrsmittel, so die SES-Bev\u00f6lkerungsumfrage.\" \/>\n<meta name=\"robots\" content=\"index, follow, max-snippet:-1, max-image-preview:large, max-video-preview:-1\" \/>\n<link rel=\"canonical\" href=\"https:\/\/www.organisator.ch\/fr\/sustainability\/2018-03-01\/die-klimapolitik-versagt-beim-flugverkehr\/\" \/>\n<meta property=\"og:locale\" content=\"fr_FR\" \/>\n<meta property=\"og:type\" content=\"article\" \/>\n<meta property=\"og:title\" content=\"Flugverkehr: Klimapolitik registriert Schwierigkeiten - Organisator\" \/>\n<meta property=\"og:description\" content=\"Die Schweiz ist Weltmeister, geht es um den Flugverkehr. Fliegen ist jedoch das klimasch\u00e4dlichste Massen-Verkehrsmittel, so die SES-Bev\u00f6lkerungsumfrage.\" \/>\n<meta property=\"og:url\" content=\"https:\/\/www.organisator.ch\/fr\/sustainability\/2018-03-01\/die-klimapolitik-versagt-beim-flugverkehr\/\" \/>\n<meta property=\"og:site_name\" content=\"Organisator\" \/>\n<meta property=\"article:publisher\" content=\"https:\/\/www.facebook.com\/OrganisatorFachmagazin\" \/>\n<meta property=\"article:published_time\" content=\"2018-03-01T10:35:41+00:00\" \/>\n<meta property=\"article:modified_time\" content=\"2022-02-09T10:06:54+00:00\" \/>\n<meta property=\"og:image\" content=\"https:\/\/www.organisator.ch\/wp-content\/uploads\/2018\/03\/Flugverkehr-Klimapolitik-registriert-Schwierigkeiten-mq-management-u-qualitaet.jpg\" \/>\n\t<meta property=\"og:image:width\" content=\"2000\" \/>\n\t<meta property=\"og:image:height\" content=\"1333\" \/>\n\t<meta property=\"og:image:type\" content=\"image\/jpeg\" \/>\n<meta name=\"author\" content=\"michael.merz\" \/>\n<meta name=\"twitter:card\" content=\"summary_large_image\" \/>\n<script type=\"application\/ld+json\" class=\"yoast-schema-graph\">{\"@context\":\"https:\\\/\\\/schema.org\",\"@graph\":[{\"@type\":\"Article\",\"@id\":\"https:\\\/\\\/www.organisator.ch\\\/sustainability\\\/2018-03-01\\\/die-klimapolitik-versagt-beim-flugverkehr\\\/#article\",\"isPartOf\":{\"@id\":\"https:\\\/\\\/www.organisator.ch\\\/sustainability\\\/2018-03-01\\\/die-klimapolitik-versagt-beim-flugverkehr\\\/\"},\"author\":{\"name\":\"michael.merz\",\"@id\":\"https:\\\/\\\/www.organisator.ch\\\/#\\\/schema\\\/person\\\/134708ca9321c57b0362cceb7948ffbd\"},\"headline\":\"Flugverkehr: Klimapolitik registriert Schwierigkeiten\",\"datePublished\":\"2018-03-01T10:35:41+00:00\",\"dateModified\":\"2022-02-09T10:06:54+00:00\",\"mainEntityOfPage\":{\"@id\":\"https:\\\/\\\/www.organisator.ch\\\/sustainability\\\/2018-03-01\\\/die-klimapolitik-versagt-beim-flugverkehr\\\/\"},\"wordCount\":888,\"commentCount\":0,\"publisher\":{\"@id\":\"https:\\\/\\\/www.organisator.ch\\\/#organization\"},\"image\":{\"@id\":\"https:\\\/\\\/www.organisator.ch\\\/sustainability\\\/2018-03-01\\\/die-klimapolitik-versagt-beim-flugverkehr\\\/#primaryimage\"},\"thumbnailUrl\":\"https:\\\/\\\/www.organisator.ch\\\/wp-content\\\/uploads\\\/2018\\\/03\\\/Flugverkehr-Klimapolitik-registriert-Schwierigkeiten-mq-management-u-qualitaet.jpg\",\"keywords\":[\"Bev\u00f6lkerungsumfrage\",\"Emmisionen\",\"Flugverkehr\",\"Mobilit\u00e4t\"],\"articleSection\":[\"SUSTAINABILITY\"],\"inLanguage\":\"fr-FR\"},{\"@type\":\"WebPage\",\"@id\":\"https:\\\/\\\/www.organisator.ch\\\/sustainability\\\/2018-03-01\\\/die-klimapolitik-versagt-beim-flugverkehr\\\/\",\"url\":\"https:\\\/\\\/www.organisator.ch\\\/sustainability\\\/2018-03-01\\\/die-klimapolitik-versagt-beim-flugverkehr\\\/\",\"name\":\"Flugverkehr: Klimapolitik registriert Schwierigkeiten - Organisator\",\"isPartOf\":{\"@id\":\"https:\\\/\\\/www.organisator.ch\\\/#website\"},\"primaryImageOfPage\":{\"@id\":\"https:\\\/\\\/www.organisator.ch\\\/sustainability\\\/2018-03-01\\\/die-klimapolitik-versagt-beim-flugverkehr\\\/#primaryimage\"},\"image\":{\"@id\":\"https:\\\/\\\/www.organisator.ch\\\/sustainability\\\/2018-03-01\\\/die-klimapolitik-versagt-beim-flugverkehr\\\/#primaryimage\"},\"thumbnailUrl\":\"https:\\\/\\\/www.organisator.ch\\\/wp-content\\\/uploads\\\/2018\\\/03\\\/Flugverkehr-Klimapolitik-registriert-Schwierigkeiten-mq-management-u-qualitaet.jpg\",\"datePublished\":\"2018-03-01T10:35:41+00:00\",\"dateModified\":\"2022-02-09T10:06:54+00:00\",\"description\":\"Die Schweiz ist Weltmeister, geht es um den Flugverkehr. Fliegen ist jedoch das klimasch\u00e4dlichste Massen-Verkehrsmittel, so die SES-Bev\u00f6lkerungsumfrage.\",\"breadcrumb\":{\"@id\":\"https:\\\/\\\/www.organisator.ch\\\/sustainability\\\/2018-03-01\\\/die-klimapolitik-versagt-beim-flugverkehr\\\/#breadcrumb\"},\"inLanguage\":\"fr-FR\",\"potentialAction\":[{\"@type\":\"ReadAction\",\"target\":[\"https:\\\/\\\/www.organisator.ch\\\/sustainability\\\/2018-03-01\\\/die-klimapolitik-versagt-beim-flugverkehr\\\/\"]}]},{\"@type\":\"ImageObject\",\"inLanguage\":\"fr-FR\",\"@id\":\"https:\\\/\\\/www.organisator.ch\\\/sustainability\\\/2018-03-01\\\/die-klimapolitik-versagt-beim-flugverkehr\\\/#primaryimage\",\"url\":\"https:\\\/\\\/www.organisator.ch\\\/wp-content\\\/uploads\\\/2018\\\/03\\\/Flugverkehr-Klimapolitik-registriert-Schwierigkeiten-mq-management-u-qualitaet.jpg\",\"contentUrl\":\"https:\\\/\\\/www.organisator.ch\\\/wp-content\\\/uploads\\\/2018\\\/03\\\/Flugverkehr-Klimapolitik-registriert-Schwierigkeiten-mq-management-u-qualitaet.jpg\",\"width\":2000,\"height\":1333,\"caption\":\"So majest\u00e4tisch eine Dreamliner-Boing durch die L\u00fcfte schwebt: die Umweltbelastung steigert sich um jedes Passagierticket. (Bild: depositphotos)\"},{\"@type\":\"BreadcrumbList\",\"@id\":\"https:\\\/\\\/www.organisator.ch\\\/sustainability\\\/2018-03-01\\\/die-klimapolitik-versagt-beim-flugverkehr\\\/#breadcrumb\",\"itemListElement\":[{\"@type\":\"ListItem\",\"position\":1,\"name\":\"Home\",\"item\":\"https:\\\/\\\/www.organisator.ch\\\/\"},{\"@type\":\"ListItem\",\"position\":2,\"name\":\"Flugverkehr: Klimapolitik registriert Schwierigkeiten\"}]},{\"@type\":\"WebSite\",\"@id\":\"https:\\\/\\\/www.organisator.ch\\\/#website\",\"url\":\"https:\\\/\\\/www.organisator.ch\\\/\",\"name\":\"Organisator\",\"description\":\"Kompetent. Praxisnah. Der ORGANISATOR bereitet in 10 Ausgaben pro Jahr die wesentlichen Themen f\u00fcr F\u00fchrungskr\u00e4fte von KMU auf.\",\"publisher\":{\"@id\":\"https:\\\/\\\/www.organisator.ch\\\/#organization\"},\"potentialAction\":[{\"@type\":\"SearchAction\",\"target\":{\"@type\":\"EntryPoint\",\"urlTemplate\":\"https:\\\/\\\/www.organisator.ch\\\/?s={search_term_string}\"},\"query-input\":{\"@type\":\"PropertyValueSpecification\",\"valueRequired\":true,\"valueName\":\"search_term_string\"}}],\"inLanguage\":\"fr-FR\"},{\"@type\":\"Organization\",\"@id\":\"https:\\\/\\\/www.organisator.ch\\\/#organization\",\"name\":\"Organisator\",\"url\":\"https:\\\/\\\/www.organisator.ch\\\/\",\"logo\":{\"@type\":\"ImageObject\",\"inLanguage\":\"fr-FR\",\"@id\":\"https:\\\/\\\/www.organisator.ch\\\/#\\\/schema\\\/logo\\\/image\\\/\",\"url\":\"https:\\\/\\\/www.organisator.ch\\\/wp-content\\\/uploads\\\/2022\\\/01\\\/Logo_Organisator_Website.png\",\"contentUrl\":\"https:\\\/\\\/www.organisator.ch\\\/wp-content\\\/uploads\\\/2022\\\/01\\\/Logo_Organisator_Website.png\",\"width\":800,\"height\":77,\"caption\":\"Organisator\"},\"image\":{\"@id\":\"https:\\\/\\\/www.organisator.ch\\\/#\\\/schema\\\/logo\\\/image\\\/\"},\"sameAs\":[\"https:\\\/\\\/www.facebook.com\\\/OrganisatorFachmagazin\",\"https:\\\/\\\/www.linkedin.com\\\/showcase\\\/organisator-das-magazin-fr-kmu\",\"https:\\\/\\\/www.xing.com\\\/news\\\/pages\\\/organisator-ch-695\",\"https:\\\/\\\/www.youtube.com\\\/channel\\\/UCGP2Sq0iWaZwT3BdIAQFYpw\"]},{\"@type\":\"Person\",\"@id\":\"https:\\\/\\\/www.organisator.ch\\\/#\\\/schema\\\/person\\\/134708ca9321c57b0362cceb7948ffbd\",\"name\":\"michael.merz\",\"image\":{\"@type\":\"ImageObject\",\"inLanguage\":\"fr-FR\",\"@id\":\"https:\\\/\\\/secure.gravatar.com\\\/avatar\\\/?s=96&d=mm&r=g\",\"url\":\"https:\\\/\\\/secure.gravatar.com\\\/avatar\\\/?s=96&d=mm&r=g\",\"contentUrl\":\"https:\\\/\\\/secure.gravatar.com\\\/avatar\\\/?s=96&d=mm&r=g\",\"caption\":\"michael.merz\"},\"url\":\"https:\\\/\\\/www.organisator.ch\\\/fr\\\/author\\\/michael-merz\\\/\"}]}<\/script>\n<!-- \/ Yoast SEO plugin. -->","yoast_head_json":{"title":"Transport a\u00e9rien : la politique climatique enregistre des difficult\u00e9s - Organisateur","description":"La Suisse est championne du monde en ce qui concerne le trafic a\u00e9rien. Pourtant, l'aviation est le moyen de transport de masse le plus nuisible pour le climat, selon le sondage SES aupr\u00e8s de la population.","robots":{"index":"index","follow":"follow","max-snippet":"max-snippet:-1","max-image-preview":"max-image-preview:large","max-video-preview":"max-video-preview:-1"},"canonical":"https:\/\/www.organisator.ch\/fr\/sustainability\/2018-03-01\/die-klimapolitik-versagt-beim-flugverkehr\/","og_locale":"fr_FR","og_type":"article","og_title":"Flugverkehr: Klimapolitik registriert Schwierigkeiten - Organisator","og_description":"Die Schweiz ist Weltmeister, geht es um den Flugverkehr. Fliegen ist jedoch das klimasch\u00e4dlichste Massen-Verkehrsmittel, so die SES-Bev\u00f6lkerungsumfrage.","og_url":"https:\/\/www.organisator.ch\/fr\/sustainability\/2018-03-01\/die-klimapolitik-versagt-beim-flugverkehr\/","og_site_name":"Organisator","article_publisher":"https:\/\/www.facebook.com\/OrganisatorFachmagazin","article_published_time":"2018-03-01T10:35:41+00:00","article_modified_time":"2022-02-09T10:06:54+00:00","og_image":[{"width":2000,"height":1333,"url":"https:\/\/www.organisator.ch\/wp-content\/uploads\/2018\/03\/Flugverkehr-Klimapolitik-registriert-Schwierigkeiten-mq-management-u-qualitaet.jpg","type":"image\/jpeg"}],"author":"michael.merz","twitter_card":"summary_large_image","schema":{"@context":"https:\/\/schema.org","@graph":[{"@type":"Article","@id":"https:\/\/www.organisator.ch\/sustainability\/2018-03-01\/die-klimapolitik-versagt-beim-flugverkehr\/#article","isPartOf":{"@id":"https:\/\/www.organisator.ch\/sustainability\/2018-03-01\/die-klimapolitik-versagt-beim-flugverkehr\/"},"author":{"name":"michael.merz","@id":"https:\/\/www.organisator.ch\/#\/schema\/person\/134708ca9321c57b0362cceb7948ffbd"},"headline":"Flugverkehr: Klimapolitik registriert Schwierigkeiten","datePublished":"2018-03-01T10:35:41+00:00","dateModified":"2022-02-09T10:06:54+00:00","mainEntityOfPage":{"@id":"https:\/\/www.organisator.ch\/sustainability\/2018-03-01\/die-klimapolitik-versagt-beim-flugverkehr\/"},"wordCount":888,"commentCount":0,"publisher":{"@id":"https:\/\/www.organisator.ch\/#organization"},"image":{"@id":"https:\/\/www.organisator.ch\/sustainability\/2018-03-01\/die-klimapolitik-versagt-beim-flugverkehr\/#primaryimage"},"thumbnailUrl":"https:\/\/www.organisator.ch\/wp-content\/uploads\/2018\/03\/Flugverkehr-Klimapolitik-registriert-Schwierigkeiten-mq-management-u-qualitaet.jpg","keywords":["Bev\u00f6lkerungsumfrage","Emmisionen","Flugverkehr","Mobilit\u00e4t"],"articleSection":["SUSTAINABILITY"],"inLanguage":"fr-FR"},{"@type":"WebPage","@id":"https:\/\/www.organisator.ch\/sustainability\/2018-03-01\/die-klimapolitik-versagt-beim-flugverkehr\/","url":"https:\/\/www.organisator.ch\/sustainability\/2018-03-01\/die-klimapolitik-versagt-beim-flugverkehr\/","name":"Transport a\u00e9rien : la politique climatique enregistre des difficult\u00e9s - Organisateur","isPartOf":{"@id":"https:\/\/www.organisator.ch\/#website"},"primaryImageOfPage":{"@id":"https:\/\/www.organisator.ch\/sustainability\/2018-03-01\/die-klimapolitik-versagt-beim-flugverkehr\/#primaryimage"},"image":{"@id":"https:\/\/www.organisator.ch\/sustainability\/2018-03-01\/die-klimapolitik-versagt-beim-flugverkehr\/#primaryimage"},"thumbnailUrl":"https:\/\/www.organisator.ch\/wp-content\/uploads\/2018\/03\/Flugverkehr-Klimapolitik-registriert-Schwierigkeiten-mq-management-u-qualitaet.jpg","datePublished":"2018-03-01T10:35:41+00:00","dateModified":"2022-02-09T10:06:54+00:00","description":"La Suisse est championne du monde en ce qui concerne le trafic a\u00e9rien. Pourtant, l'aviation est le moyen de transport de masse le plus nuisible pour le climat, selon le sondage SES aupr\u00e8s de la population.","breadcrumb":{"@id":"https:\/\/www.organisator.ch\/sustainability\/2018-03-01\/die-klimapolitik-versagt-beim-flugverkehr\/#breadcrumb"},"inLanguage":"fr-FR","potentialAction":[{"@type":"ReadAction","target":["https:\/\/www.organisator.ch\/sustainability\/2018-03-01\/die-klimapolitik-versagt-beim-flugverkehr\/"]}]},{"@type":"ImageObject","inLanguage":"fr-FR","@id":"https:\/\/www.organisator.ch\/sustainability\/2018-03-01\/die-klimapolitik-versagt-beim-flugverkehr\/#primaryimage","url":"https:\/\/www.organisator.ch\/wp-content\/uploads\/2018\/03\/Flugverkehr-Klimapolitik-registriert-Schwierigkeiten-mq-management-u-qualitaet.jpg","contentUrl":"https:\/\/www.organisator.ch\/wp-content\/uploads\/2018\/03\/Flugverkehr-Klimapolitik-registriert-Schwierigkeiten-mq-management-u-qualitaet.jpg","width":2000,"height":1333,"caption":"So majest\u00e4tisch eine Dreamliner-Boing durch die L\u00fcfte schwebt: die Umweltbelastung steigert sich um jedes Passagierticket. (Bild: depositphotos)"},{"@type":"BreadcrumbList","@id":"https:\/\/www.organisator.ch\/sustainability\/2018-03-01\/die-klimapolitik-versagt-beim-flugverkehr\/#breadcrumb","itemListElement":[{"@type":"ListItem","position":1,"name":"Home","item":"https:\/\/www.organisator.ch\/"},{"@type":"ListItem","position":2,"name":"Flugverkehr: Klimapolitik registriert Schwierigkeiten"}]},{"@type":"WebSite","@id":"https:\/\/www.organisator.ch\/#website","url":"https:\/\/www.organisator.ch\/","name":"Organisateur","description":"Comp\u00e9tence et comp\u00e9tence. Proches de la pratique. L'ORGANISATEUR pr\u00e9pare 10 num\u00e9ros par an sur les th\u00e8mes essentiels pour les dirigeants de PME.","publisher":{"@id":"https:\/\/www.organisator.ch\/#organization"},"potentialAction":[{"@type":"SearchAction","target":{"@type":"EntryPoint","urlTemplate":"https:\/\/www.organisator.ch\/?s={search_term_string}"},"query-input":{"@type":"PropertyValueSpecification","valueRequired":true,"valueName":"search_term_string"}}],"inLanguage":"fr-FR"},{"@type":"Organization","@id":"https:\/\/www.organisator.ch\/#organization","name":"Organisateur","url":"https:\/\/www.organisator.ch\/","logo":{"@type":"ImageObject","inLanguage":"fr-FR","@id":"https:\/\/www.organisator.ch\/#\/schema\/logo\/image\/","url":"https:\/\/www.organisator.ch\/wp-content\/uploads\/2022\/01\/Logo_Organisator_Website.png","contentUrl":"https:\/\/www.organisator.ch\/wp-content\/uploads\/2022\/01\/Logo_Organisator_Website.png","width":800,"height":77,"caption":"Organisator"},"image":{"@id":"https:\/\/www.organisator.ch\/#\/schema\/logo\/image\/"},"sameAs":["https:\/\/www.facebook.com\/OrganisatorFachmagazin","https:\/\/www.linkedin.com\/showcase\/organisator-das-magazin-fr-kmu","https:\/\/www.xing.com\/news\/pages\/organisator-ch-695","https:\/\/www.youtube.com\/channel\/UCGP2Sq0iWaZwT3BdIAQFYpw"]},{"@type":"Person","@id":"https:\/\/www.organisator.ch\/#\/schema\/person\/134708ca9321c57b0362cceb7948ffbd","name":"michael.merz","image":{"@type":"ImageObject","inLanguage":"fr-FR","@id":"https:\/\/secure.gravatar.com\/avatar\/?s=96&d=mm&r=g","url":"https:\/\/secure.gravatar.com\/avatar\/?s=96&d=mm&r=g","contentUrl":"https:\/\/secure.gravatar.com\/avatar\/?s=96&d=mm&r=g","caption":"michael.merz"},"url":"https:\/\/www.organisator.ch\/fr\/author\/michael-merz\/"}]}},"_links":{"self":[{"href":"https:\/\/www.organisator.ch\/fr\/wp-json\/wp\/v2\/posts\/1536","targetHints":{"allow":["GET"]}}],"collection":[{"href":"https:\/\/www.organisator.ch\/fr\/wp-json\/wp\/v2\/posts"}],"about":[{"href":"https:\/\/www.organisator.ch\/fr\/wp-json\/wp\/v2\/types\/post"}],"author":[{"embeddable":true,"href":"https:\/\/www.organisator.ch\/fr\/wp-json\/wp\/v2\/users\/5"}],"replies":[{"embeddable":true,"href":"https:\/\/www.organisator.ch\/fr\/wp-json\/wp\/v2\/comments?post=1536"}],"version-history":[{"count":1,"href":"https:\/\/www.organisator.ch\/fr\/wp-json\/wp\/v2\/posts\/1536\/revisions"}],"predecessor-version":[{"id":10716,"href":"https:\/\/www.organisator.ch\/fr\/wp-json\/wp\/v2\/posts\/1536\/revisions\/10716"}],"wp:featuredmedia":[{"embeddable":true,"href":"https:\/\/www.organisator.ch\/fr\/wp-json\/wp\/v2\/media\/9540"}],"wp:attachment":[{"href":"https:\/\/www.organisator.ch\/fr\/wp-json\/wp\/v2\/media?parent=1536"}],"wp:term":[{"taxonomy":"category","embeddable":true,"href":"https:\/\/www.organisator.ch\/fr\/wp-json\/wp\/v2\/categories?post=1536"},{"taxonomy":"post_tag","embeddable":true,"href":"https:\/\/www.organisator.ch\/fr\/wp-json\/wp\/v2\/tags?post=1536"}],"curies":[{"name":"wp","href":"https:\/\/api.w.org\/{rel}","templated":true}]}}