{"id":15396,"date":"2022-06-21T18:00:19","date_gmt":"2022-06-21T16:00:19","guid":{"rendered":"https:\/\/www.organisator.ch\/?p=15396"},"modified":"2022-06-30T09:59:39","modified_gmt":"2022-06-30T07:59:39","slug":"nwx22-ein-fest-fuer-die-unternehmenskultur","status":"publish","type":"post","link":"https:\/\/www.organisator.ch\/fr\/human-resources\/2022-06-21\/nwx22-ein-fest-fuer-die-unternehmenskultur\/","title":{"rendered":"NWX22 : une f\u00eate pour la culture d'entreprise"},"content":{"rendered":"<figure id=\"attachment_15397\" aria-describedby=\"caption-attachment-15397\" style=\"width: 680px\" class=\"wp-caption alignnone\"><img loading=\"lazy\" decoding=\"async\" class=\"size-full wp-image-15397\" src=\"https:\/\/www.organisator.ch\/wp-content\/uploads\/2022\/06\/NWX22-Ein-Fest-fuer-die-Unternehmenskultur-1_Organisator.jpg\" alt=\"\" width=\"680\" height=\"392\" srcset=\"https:\/\/www.organisator.ch\/wp-content\/uploads\/2022\/06\/NWX22-Ein-Fest-fuer-die-Unternehmenskultur-1_Organisator.jpg 680w, https:\/\/www.organisator.ch\/wp-content\/uploads\/2022\/06\/NWX22-Ein-Fest-fuer-die-Unternehmenskultur-1_Organisator-18x10.jpg 18w, https:\/\/www.organisator.ch\/wp-content\/uploads\/2022\/06\/NWX22-Ein-Fest-fuer-die-Unternehmenskultur-1_Organisator-304x175.jpg 304w, https:\/\/www.organisator.ch\/wp-content\/uploads\/2022\/06\/NWX22-Ein-Fest-fuer-die-Unternehmenskultur-1_Organisator-607x350.jpg 607w, https:\/\/www.organisator.ch\/wp-content\/uploads\/2022\/06\/NWX22-Ein-Fest-fuer-die-Unternehmenskultur-1_Organisator-300x173.jpg 300w\" sizes=\"auto, (max-width: 680px) 100vw, 680px\" \/><figcaption id=\"caption-attachment-15397\" class=\"wp-caption-text\">Richard David Precht \u00e0 la NWX22 : \"La fin du travail\". (Image : Thomas Berner)<\/figcaption><\/figure>\n<p>Pour une fois, le 20 juin 2022, l'Elbphilharmonie de Hambourg, b\u00e2timent de prestige pour la \"High Culture\", appartenait enti\u00e8rement au monde des RH : la cinqui\u00e8me New Work Experience, ou NWX22, a attir\u00e9 environ 2000 visiteurs sur les rives de l'Elbe. Point de rencontre de la communaut\u00e9 New Work d'Allemagne, d'Autriche et de Suisse, elle s'est d\u00e9roul\u00e9e cette ann\u00e9e sous la devise \"Celebrating Work \/\/ Pioneering Culture\". Le line-up de plus de 100 intervenants a assur\u00e9 au total 14 heures de programme dans diff\u00e9rents formats, des discussions aux sessions en petit comit\u00e9 en passant par les keynotes. Pour le monde des RH, la NWX22 a sans doute \u00e9t\u00e9 la plus grande rencontre de r\u00e9seautage jamais organis\u00e9e dans l'espace germanophone. \"La r\u00e9volution de la culture d'entreprise est en marche. Cela faisait longtemps qu'une telle inspiration et une telle expertise sur l'avenir du travail n'avaient pas \u00e9t\u00e9 r\u00e9unies en un seul lieu\", a d\u00e9clar\u00e9 Petra von Strombeck, CEO de la <a href=\"https:\/\/new-work.se\">New Work SE<\/a>Elle est l'organisatrice de l'\u00e9v\u00e9nement.<\/p>\n<h3><strong>La \"grande r\u00e9signation<\/strong><\/h3>\n<p>Il ne s'agissait pas d'une manifestation d'autoc\u00e9l\u00e9bration du secteur de la GRH. Au contraire, la NWX22 a permis de mettre en \u00e9vidence les grands d\u00e9fis auxquels les employeurs et les collaborateurs sont actuellement confront\u00e9s. Le fait qu'au d\u00e9but de l'ann\u00e9e 2022, dans l'espace germanophone, environ 37 pour cent des employ\u00e9s envisageaient \u00e0 haute voix de changer de travail et passaient \u00e0 l'acte doit faire dresser l'oreille aux entreprises. La raison principale de cette vague de d\u00e9missions, la \"Great Resignation\", est consid\u00e9r\u00e9e comme un manque croissant de culture d'entreprise. Mais la r\u00e9ponse globale \u00e0 la question \"Comment cr\u00e9er un monde du travail qui me plaise\" ne semble pas encore avoir \u00e9t\u00e9 trouv\u00e9e. Car en mati\u00e8re de \"New Work\", tout ce qui brille est loin d'\u00eatre d'or, comme l'ont montr\u00e9 plus d'une fois les expos\u00e9s et les tables rondes.<\/p>\n<figure id=\"attachment_15398\" aria-describedby=\"caption-attachment-15398\" style=\"width: 680px\" class=\"wp-caption alignnone\"><img loading=\"lazy\" decoding=\"async\" class=\"size-full wp-image-15398\" src=\"https:\/\/www.organisator.ch\/wp-content\/uploads\/2022\/06\/NWX22-Ein-Fest-fuer-die-Unternehmenskultur-2_Organisator.jpg\" alt=\"\" width=\"680\" height=\"434\" srcset=\"https:\/\/www.organisator.ch\/wp-content\/uploads\/2022\/06\/NWX22-Ein-Fest-fuer-die-Unternehmenskultur-2_Organisator.jpg 680w, https:\/\/www.organisator.ch\/wp-content\/uploads\/2022\/06\/NWX22-Ein-Fest-fuer-die-Unternehmenskultur-2_Organisator-18x12.jpg 18w, https:\/\/www.organisator.ch\/wp-content\/uploads\/2022\/06\/NWX22-Ein-Fest-fuer-die-Unternehmenskultur-2_Organisator-274x175.jpg 274w, https:\/\/www.organisator.ch\/wp-content\/uploads\/2022\/06\/NWX22-Ein-Fest-fuer-die-Unternehmenskultur-2_Organisator-548x350.jpg 548w, https:\/\/www.organisator.ch\/wp-content\/uploads\/2022\/06\/NWX22-Ein-Fest-fuer-die-Unternehmenskultur-2_Organisator-300x191.jpg 300w\" sizes=\"auto, (max-width: 680px) 100vw, 680px\" \/><figcaption id=\"caption-attachment-15398\" class=\"wp-caption-text\">La plus grande manifestation RH de l'espace germanophone s'est d\u00e9roul\u00e9e \u00e0 l'Elbphilharmonie de Hambourg et comportait un riche programme de keynotes, d'ateliers et d'interm\u00e8des musicaux. (Photo : Thomas Berner)<\/figcaption><\/figure>\n<h3><strong>Travailler (devoir) moins, mais plus longtemps ?<\/strong><\/h3>\n<p>Le philosophe Richard David Precht a mis le doigt sur les points sensibles du monde du travail actuel. Il a constat\u00e9 que le th\u00e8me du \"New Work\" n'\u00e9tait plus r\u00e9serv\u00e9 au \"tiers sup\u00e9rieur de la soci\u00e9t\u00e9\", mais qu'il \u00e9tait devenu pertinent pour tous. \"Nous assistons \u00e0 la fin du travail tel que nous le connaissions. Nous passons d'une soci\u00e9t\u00e9 de travail \u00e0 une soci\u00e9t\u00e9 de sens. Autrefois, seule la noblesse avait le droit de faire ce qu'elle voulait vraiment. Aujourd'hui, tout le monde peut le faire\", explique Precht. En ce qui concerne l'automatisation croissante des t\u00e2ches et la critique de celle-ci, Precht a \u00e9galement \u00e9t\u00e9 clair : \"Nous sommes entre-temps arriv\u00e9s \u00e0 une situation semblable \u00e0 celle de la RDA, o\u00f9 la conservation du travail est plus importante que la productivit\u00e9\". Precht rel\u00e8ve \u00e9galement une contradiction dans les discussions actuelles autour de la garantie des syst\u00e8mes de retraite. En Allemagne comme en Suisse, il est notoire que l'on parle d'augmenter l'\u00e2ge de la retraite dans le cadre de la r\u00e9forme de la pr\u00e9voyance vieillesse. Mais le progr\u00e8s technologique fait que nous devrions en fait travailler de moins en moins - dans certaines entreprises, la semaine de quatre jours est m\u00eame d\u00e9j\u00e0 une r\u00e9alit\u00e9. \"Devons-nous travailler artificiellement plus pour garantir les syst\u00e8mes de retraite ?\", s'est alors demand\u00e9 Richard David Precht. Sa proposition de solution \u00e0 ce dilemme : taxer les machines et introduire un revenu de base inconditionnel.<\/p>\n<h3><strong>Sens et non-sens de \"Purpose<\/strong><strong> \u00a0<\/strong><\/h3>\n<p>L'anthropologue d'entreprise Jitske Kramer a \u00e9galement enthousiasm\u00e9 les invit\u00e9s avec son expos\u00e9 principal sur le th\u00e8me \"Work has left the building\" - et les changements induits par le \"choc culturel Corona\". Selon elle, les fondations de la relation entre les employeurs et les employ\u00e9s doivent \u00eatre refaites. La cr\u00e9ation de sens au travail n'a pas seulement fait l'objet de la keynote de Stefanie Stahl, psychologue dipl\u00f4m\u00e9e et auteur de best-sellers, mais aussi du panel \"Trop de b\u00eatises avec le sens ? Der Wert von Purpose in der Arbeit\" avec Petra von Strombeck (New Work SE), Petra Scharner-Wolff (Otto Group), le professeur Ingo Hamm (psychologue \u00e9conomique \u00e0 l'universit\u00e9 de Darmstadt et auteur du livre \"Sinnlos gl\u00fccklich\") et le professeur Heike Bruch de l'universit\u00e9 de Saint-Gall. Ingo Hamm a remis en question de mani\u00e8re critique la notion de \"Purpose\", notamment les \"Purposes d'entreprise\" souvent cit\u00e9s \u00e0 la mani\u00e8re de \"We move you\" ou \"Connecting People\". Il faudrait plut\u00f4t parler de l'aspect moral et psychologique du sens. D'un point de vue moral, on devrait aussi pouvoir travailler contre les principes de l'entreprise s'il en r\u00e9sulte un sens sup\u00e9rieur, selon Hamm.<\/p>\n<h3><strong>Travail traditionnel vs. travail moderne\u00a0<\/strong><strong> \u00a0<\/strong><\/h3>\n<p>Les participants au panel \"Combien de 'new' faut-il pour travailler ?\", au cours duquel le patron de Trigema, Wolfgang Grupp, a rencontr\u00e9 le professeur Jutta Rump, sp\u00e9cialiste de la recherche sur le travail, et Nina Zimmermann, CEO de kununu, ont \u00e9t\u00e9 extr\u00eamement enclins \u00e0 la discussion. Alors que pour l'entrepreneur \u00e0 succ\u00e8s de la vieille \u00e9cole, ce sont surtout les valeurs et les r\u00e8gles traditionnelles qui assurent une culture d'entreprise attrayante et qu'il attache de l'importance \u00e0 un contact formel, les positions de Nina Zimmermann et du professeur Dr Jutta Rump n'auraient pas pu \u00eatre plus oppos\u00e9es. \"Aujourd'hui plus que jamais, les salari\u00e9s veulent participer aux d\u00e9cisions. Plus personne ne veut se faire dire ce qu'il ou elle doit faire\", a d\u00e9clar\u00e9 Nina Zimmermann. Quant \u00e0 Jutta Rump, elle voit l'avenir du leadership non plus dans le r\u00f4le des individus, mais dans celui des \u00e9quipes.<\/p>\n<p>En outre, des participants engag\u00e9s ont discut\u00e9 dans plus de 40 sessions de th\u00e8mes pratiques concrets du monde du travail - comment les entreprises obtiennent-elles plus rapidement une bonne main-d'\u0153uvre (New Hiring), comment retiennent-elles plus longtemps les talents (Employee Engagement) ? Qu'est-ce qu'un bon leadership dans un monde d'incertitude ? Et comment les demandeurs d'emploi trouvent-ils les entreprises qui leur conviennent culturellement ?<\/p>\n<p>Au programme, il n'y avait pas seulement des questions qui font actuellement l'objet de d\u00e9bats passionn\u00e9s dans le monde du travail, mais aussi des regards crois\u00e9s. Ainsi, le moine et ma\u00eetre principal du \"Shaolin Temple Europe\" Shi Heng Yi a expliqu\u00e9 dans son expos\u00e9 la signification et les comportements de la philosophie bouddhiste pour l'homme dans le monde du travail actuel. Et Tatjana Kiel (cofondatrice de #WeAreAllUkrainians) s'est entretenue avec Markus Diekmann (fondateur de Job Aid Ukraine) sur le travail d'aide aux personnes en provenance et \u00e0 destination de l'Ukraine.<\/p>\n<figure id=\"attachment_15401\" aria-describedby=\"caption-attachment-15401\" style=\"width: 680px\" class=\"wp-caption alignnone\"><img loading=\"lazy\" decoding=\"async\" class=\"size-full wp-image-15401\" src=\"https:\/\/www.organisator.ch\/wp-content\/uploads\/2022\/06\/NWX22-Ein-Fest-fuer-die-Unternehmenskultur-3_Organisator.jpg\" alt=\"\" width=\"680\" height=\"548\" srcset=\"https:\/\/www.organisator.ch\/wp-content\/uploads\/2022\/06\/NWX22-Ein-Fest-fuer-die-Unternehmenskultur-3_Organisator.jpg 680w, https:\/\/www.organisator.ch\/wp-content\/uploads\/2022\/06\/NWX22-Ein-Fest-fuer-die-Unternehmenskultur-3_Organisator-15x12.jpg 15w, https:\/\/www.organisator.ch\/wp-content\/uploads\/2022\/06\/NWX22-Ein-Fest-fuer-die-Unternehmenskultur-3_Organisator-217x175.jpg 217w, https:\/\/www.organisator.ch\/wp-content\/uploads\/2022\/06\/NWX22-Ein-Fest-fuer-die-Unternehmenskultur-3_Organisator-434x350.jpg 434w, https:\/\/www.organisator.ch\/wp-content\/uploads\/2022\/06\/NWX22-Ein-Fest-fuer-die-Unternehmenskultur-3_Organisator-300x242.jpg 300w\" sizes=\"auto, (max-width: 680px) 100vw, 680px\" \/><figcaption id=\"caption-attachment-15401\" class=\"wp-caption-text\">Ben Hammersley a parl\u00e9 de l'\u00e9chec des mod\u00e8les d'avenir habituels lors de la NWX22. (Image : Thomas Berner)<\/figcaption><\/figure>\n<h3><strong>Capituler devant l'avenir ?<\/strong><\/h3>\n<p>La guerre en Ukraine n'est heureusement pas rest\u00e9e le th\u00e8me dominant de la NWX22, mais le fait que deux pays europ\u00e9ens s'affrontent par les armes n'a pas manqu\u00e9 de transpara\u00eetre de temps \u00e0 autre. Richard David Precht, par exemple, s'est montr\u00e9 optimiste en affirmant que cette guerre ne devrait pas r\u00e9ussir \u00e0 stopper nos valeurs et le progr\u00e8s de la technologie et de la soci\u00e9t\u00e9. En revanche, les propos de Thomas Sattelberger, d\u00e9put\u00e9 du Bundestag allemand pour le FDP bavarois, pouvaient \u00eatre consid\u00e9r\u00e9s comme un contrepoint. Celui-ci a \u00e9voqu\u00e9 le d\u00e9but d'une nouvelle guerre froide (\"Kalter Krieg 2.0\") et le danger que la pyramide de Maslow s'inverse : au lieu de l'\u00e9panouissement personnel, il s'agira \u00e0 l'avenir de nouveau davantage de la simple garantie des besoins existentiels.<\/p>\n<p>R\u00e9fl\u00e9chir \u00e0 l'avenir est important et n\u00e9cessaire. Le futuriste Ben Hammersley en est convaincu. Dans son discours d'ouverture, il a constat\u00e9 que les mod\u00e8les d'avenir actuels, repr\u00e9sent\u00e9s par des courbes exponentielles, ne fonctionnent plus. M\u00eame les discussions sur le pour ou le contre du bureau \u00e0 domicile, de la num\u00e9risation, de l'IA et autres tournent en rond, car il est devenu impossible de r\u00e9fl\u00e9chir \u00e0 l'avenir avec les mod\u00e8les actuels. \"Nous ne pouvons pas retourner dans le pass\u00e9, nous devons repartir \u00e0 z\u00e9ro\", a d\u00e9clar\u00e9 Hammersley. \"Re-invent the future\", tel est son message. L'un ou l'autre des auditeurs s'est peut-\u00eatre demand\u00e9 ce qu'il en \u00e9tait de ce vote : Est-ce que m\u00eame un futuriste capitule ici devant l'avenir ?<\/p>\n<h3><strong>NWX22 : Le travail, c'est la culture - la culture, c'est le travail<\/strong><\/h3>\n<p>Ce qui est s\u00fbr, en conclusion de la NWX22, c'est que l'avenir du travail commence maintenant. Celui qui n'aborde pas les changements de mani\u00e8re proactive sera perdant. De nombreux d\u00e9fis ne pourront pas \u00eatre relev\u00e9s avec des recettes miracles. N\u00e9anmoins, la manifestation a offert de nombreuses occasions de \"c\u00e9l\u00e9brer\" le travail, conform\u00e9ment \u00e0 la devise \"Celebrating Work\". Pour ce faire, de nombreuses prestations musicales en direct, comme le groupe d'\u00e9lectro-pop hambourgeois Hundreds, le groupe de surf-pop de Cologne Planschemal\u00f6\u00f6r ou le pianiste vedette Alexander Krichel avec son interpr\u00e9tation des \"Tableaux d'une exposition\" de Modest Mussorgski, ont mis de l'ambiance. Le lien avec le lieu de la manifestation a ainsi pu \u00eatre \u00e9tabli : l'Elbphilharmonie en tant que temple de la culture - m\u00eame si, pour une fois, il s'agissait principalement de culture(s) d'entreprise.<\/p>","protected":false},"excerpt":{"rendered":"<p>F\u00fcr einmal geh\u00f6rte am 20. Juni 2022 die Hamburger Elbphilharmonie, der Prestige-Bau f\u00fcr die \u00abHigh Culture\u00bb, ganz der HR-Welt: Die f\u00fcnfte New Work Experience, kurz NWX22, lockte rund 2000 Besucherinnen und Besucher an die Gestade der Elbe. Als Treffpunkt der New Work-Community aus Deutschland, \u00d6sterreich und der Schweiz fand sie dieses Jahr unter dem Motto [&hellip;]<\/p>\n","protected":false},"author":4,"featured_media":15397,"comment_status":"closed","ping_status":"closed","sticky":false,"template":"","format":"standard","meta":{"_acf_changed":false,"_yoast_wpseo_focuskw":"NWX22","_yoast_wpseo_metadesc":"Am 20. Juni fand in der Hamburger Elbphilharmonie die NWX22 statt, das wohl gr\u00f6sste HR-Event im deutschsprachigen Raum.","articlekey":"","footnotes":""},"categories":[579],"tags":[193,254,363],"class_list":["post-15396","post","type-post","status-publish","format-standard","has-post-thumbnail","hentry","category-human-resources","tag-fachkongressfachmesse","tag-hrm","tag-new-work"],"acf":[],"yoast_head":"<!-- This site is optimized with the Yoast SEO plugin v27.5 - https:\/\/yoast.com\/product\/yoast-seo-wordpress\/ -->\n<title>NWX22: Ein Fest f\u00fcr die Unternehmenskultur - Organisator<\/title>\n<meta name=\"description\" content=\"Am 20. Juni fand in der Hamburger Elbphilharmonie die NWX22 statt, das wohl gr\u00f6sste HR-Event im deutschsprachigen Raum.\" \/>\n<meta name=\"robots\" content=\"index, follow, max-snippet:-1, max-image-preview:large, max-video-preview:-1\" \/>\n<link rel=\"canonical\" href=\"https:\/\/www.organisator.ch\/fr\/ressources-humaines\/2022-06-21\/nwx22-ein-fest-fuer-die-unternehmenskultur\/\" \/>\n<meta property=\"og:locale\" content=\"fr_FR\" \/>\n<meta property=\"og:type\" content=\"article\" \/>\n<meta property=\"og:title\" content=\"NWX22: Ein Fest f\u00fcr die Unternehmenskultur\" \/>\n<meta property=\"og:description\" content=\"Am 20. Juni fand in der Hamburger Elbphilharmonie die NWX22 statt, das wohl gr\u00f6sste HR-Event im deutschsprachigen Raum.\" \/>\n<meta property=\"og:url\" content=\"https:\/\/www.organisator.ch\/fr\/ressources-humaines\/2022-06-21\/nwx22-ein-fest-fuer-die-unternehmenskultur\/\" \/>\n<meta property=\"og:site_name\" content=\"Organisator\" \/>\n<meta property=\"article:publisher\" content=\"https:\/\/www.facebook.com\/OrganisatorFachmagazin\" \/>\n<meta property=\"article:published_time\" content=\"2022-06-21T16:00:19+00:00\" \/>\n<meta property=\"article:modified_time\" content=\"2022-06-30T07:59:39+00:00\" \/>\n<meta property=\"og:image\" content=\"https:\/\/www.organisator.ch\/wp-content\/uploads\/2022\/06\/NWX22-Ein-Fest-fuer-die-Unternehmenskultur-1_Organisator.jpg\" \/>\n\t<meta property=\"og:image:width\" content=\"680\" \/>\n\t<meta property=\"og:image:height\" content=\"392\" \/>\n\t<meta property=\"og:image:type\" content=\"image\/jpeg\" \/>\n<meta name=\"author\" content=\"thomas.berner\" \/>\n<meta name=\"twitter:card\" content=\"summary_large_image\" \/>\n<meta name=\"twitter:title\" content=\"#NWX22: Ein Fest f\u00fcr die #Unternehmenskultur\" \/>\n<meta name=\"twitter:description\" content=\"Am 20. Juni fand in der Hamburger #Elbphilharmonie die #NWX22 statt, das wohl gr\u00f6sste #HR-Event im deutschsprachigen Raum.\" \/>\n<meta name=\"twitter:image\" content=\"https:\/\/www.organisator.ch\/wp-content\/uploads\/2022\/06\/NWX22-Ein-Fest-fuer-die-Unternehmenskultur-1_Organisator.jpg\" \/>\n<script type=\"application\/ld+json\" class=\"yoast-schema-graph\">{\"@context\":\"https:\\\/\\\/schema.org\",\"@graph\":[{\"@type\":\"Article\",\"@id\":\"https:\\\/\\\/www.organisator.ch\\\/human-resources\\\/2022-06-21\\\/nwx22-ein-fest-fuer-die-unternehmenskultur\\\/#article\",\"isPartOf\":{\"@id\":\"https:\\\/\\\/www.organisator.ch\\\/human-resources\\\/2022-06-21\\\/nwx22-ein-fest-fuer-die-unternehmenskultur\\\/\"},\"author\":{\"name\":\"thomas.berner\",\"@id\":\"https:\\\/\\\/www.organisator.ch\\\/#\\\/schema\\\/person\\\/6f650f90b2842cd4c0cc334b4e36f67e\"},\"headline\":\"NWX22: Ein Fest f\u00fcr die Unternehmenskultur\",\"datePublished\":\"2022-06-21T16:00:19+00:00\",\"dateModified\":\"2022-06-30T07:59:39+00:00\",\"mainEntityOfPage\":{\"@id\":\"https:\\\/\\\/www.organisator.ch\\\/human-resources\\\/2022-06-21\\\/nwx22-ein-fest-fuer-die-unternehmenskultur\\\/\"},\"wordCount\":1364,\"publisher\":{\"@id\":\"https:\\\/\\\/www.organisator.ch\\\/#organization\"},\"image\":{\"@id\":\"https:\\\/\\\/www.organisator.ch\\\/human-resources\\\/2022-06-21\\\/nwx22-ein-fest-fuer-die-unternehmenskultur\\\/#primaryimage\"},\"thumbnailUrl\":\"https:\\\/\\\/www.organisator.ch\\\/wp-content\\\/uploads\\\/2022\\\/06\\\/NWX22-Ein-Fest-fuer-die-Unternehmenskultur-1_Organisator.jpg\",\"keywords\":[\"Fachkongress\\\/Fachmesse\",\"HRM\",\"New Work\"],\"articleSection\":[\"HUMAN RESOURCES\"],\"inLanguage\":\"fr-FR\"},{\"@type\":\"WebPage\",\"@id\":\"https:\\\/\\\/www.organisator.ch\\\/human-resources\\\/2022-06-21\\\/nwx22-ein-fest-fuer-die-unternehmenskultur\\\/\",\"url\":\"https:\\\/\\\/www.organisator.ch\\\/human-resources\\\/2022-06-21\\\/nwx22-ein-fest-fuer-die-unternehmenskultur\\\/\",\"name\":\"NWX22: Ein Fest f\u00fcr die Unternehmenskultur - Organisator\",\"isPartOf\":{\"@id\":\"https:\\\/\\\/www.organisator.ch\\\/#website\"},\"primaryImageOfPage\":{\"@id\":\"https:\\\/\\\/www.organisator.ch\\\/human-resources\\\/2022-06-21\\\/nwx22-ein-fest-fuer-die-unternehmenskultur\\\/#primaryimage\"},\"image\":{\"@id\":\"https:\\\/\\\/www.organisator.ch\\\/human-resources\\\/2022-06-21\\\/nwx22-ein-fest-fuer-die-unternehmenskultur\\\/#primaryimage\"},\"thumbnailUrl\":\"https:\\\/\\\/www.organisator.ch\\\/wp-content\\\/uploads\\\/2022\\\/06\\\/NWX22-Ein-Fest-fuer-die-Unternehmenskultur-1_Organisator.jpg\",\"datePublished\":\"2022-06-21T16:00:19+00:00\",\"dateModified\":\"2022-06-30T07:59:39+00:00\",\"description\":\"Am 20. Juni fand in der Hamburger Elbphilharmonie die NWX22 statt, das wohl gr\u00f6sste HR-Event im deutschsprachigen Raum.\",\"breadcrumb\":{\"@id\":\"https:\\\/\\\/www.organisator.ch\\\/human-resources\\\/2022-06-21\\\/nwx22-ein-fest-fuer-die-unternehmenskultur\\\/#breadcrumb\"},\"inLanguage\":\"fr-FR\",\"potentialAction\":[{\"@type\":\"ReadAction\",\"target\":[\"https:\\\/\\\/www.organisator.ch\\\/human-resources\\\/2022-06-21\\\/nwx22-ein-fest-fuer-die-unternehmenskultur\\\/\"]}]},{\"@type\":\"ImageObject\",\"inLanguage\":\"fr-FR\",\"@id\":\"https:\\\/\\\/www.organisator.ch\\\/human-resources\\\/2022-06-21\\\/nwx22-ein-fest-fuer-die-unternehmenskultur\\\/#primaryimage\",\"url\":\"https:\\\/\\\/www.organisator.ch\\\/wp-content\\\/uploads\\\/2022\\\/06\\\/NWX22-Ein-Fest-fuer-die-Unternehmenskultur-1_Organisator.jpg\",\"contentUrl\":\"https:\\\/\\\/www.organisator.ch\\\/wp-content\\\/uploads\\\/2022\\\/06\\\/NWX22-Ein-Fest-fuer-die-Unternehmenskultur-1_Organisator.jpg\",\"width\":680,\"height\":392,\"caption\":\"Richard David Precht an der NWX22: \\\"Das Ende der Arbeit\\\". (Bild: Thomas Berner)\"},{\"@type\":\"BreadcrumbList\",\"@id\":\"https:\\\/\\\/www.organisator.ch\\\/human-resources\\\/2022-06-21\\\/nwx22-ein-fest-fuer-die-unternehmenskultur\\\/#breadcrumb\",\"itemListElement\":[{\"@type\":\"ListItem\",\"position\":1,\"name\":\"Home\",\"item\":\"https:\\\/\\\/www.organisator.ch\\\/\"},{\"@type\":\"ListItem\",\"position\":2,\"name\":\"NWX22: Ein Fest f\u00fcr die Unternehmenskultur\"}]},{\"@type\":\"WebSite\",\"@id\":\"https:\\\/\\\/www.organisator.ch\\\/#website\",\"url\":\"https:\\\/\\\/www.organisator.ch\\\/\",\"name\":\"Organisator\",\"description\":\"Kompetent. Praxisnah. Der ORGANISATOR bereitet in 10 Ausgaben pro Jahr die wesentlichen Themen f\u00fcr F\u00fchrungskr\u00e4fte von KMU auf.\",\"publisher\":{\"@id\":\"https:\\\/\\\/www.organisator.ch\\\/#organization\"},\"potentialAction\":[{\"@type\":\"SearchAction\",\"target\":{\"@type\":\"EntryPoint\",\"urlTemplate\":\"https:\\\/\\\/www.organisator.ch\\\/?s={search_term_string}\"},\"query-input\":{\"@type\":\"PropertyValueSpecification\",\"valueRequired\":true,\"valueName\":\"search_term_string\"}}],\"inLanguage\":\"fr-FR\"},{\"@type\":\"Organization\",\"@id\":\"https:\\\/\\\/www.organisator.ch\\\/#organization\",\"name\":\"Organisator\",\"url\":\"https:\\\/\\\/www.organisator.ch\\\/\",\"logo\":{\"@type\":\"ImageObject\",\"inLanguage\":\"fr-FR\",\"@id\":\"https:\\\/\\\/www.organisator.ch\\\/#\\\/schema\\\/logo\\\/image\\\/\",\"url\":\"https:\\\/\\\/www.organisator.ch\\\/wp-content\\\/uploads\\\/2022\\\/01\\\/Logo_Organisator_Website.png\",\"contentUrl\":\"https:\\\/\\\/www.organisator.ch\\\/wp-content\\\/uploads\\\/2022\\\/01\\\/Logo_Organisator_Website.png\",\"width\":800,\"height\":77,\"caption\":\"Organisator\"},\"image\":{\"@id\":\"https:\\\/\\\/www.organisator.ch\\\/#\\\/schema\\\/logo\\\/image\\\/\"},\"sameAs\":[\"https:\\\/\\\/www.facebook.com\\\/OrganisatorFachmagazin\",\"https:\\\/\\\/www.linkedin.com\\\/showcase\\\/organisator-das-magazin-fr-kmu\",\"https:\\\/\\\/www.xing.com\\\/news\\\/pages\\\/organisator-ch-695\",\"https:\\\/\\\/www.youtube.com\\\/channel\\\/UCGP2Sq0iWaZwT3BdIAQFYpw\"]},{\"@type\":\"Person\",\"@id\":\"https:\\\/\\\/www.organisator.ch\\\/#\\\/schema\\\/person\\\/6f650f90b2842cd4c0cc334b4e36f67e\",\"name\":\"thomas.berner\",\"image\":{\"@type\":\"ImageObject\",\"inLanguage\":\"fr-FR\",\"@id\":\"https:\\\/\\\/secure.gravatar.com\\\/avatar\\\/ac5001d2a36cb6c6cd3e50789007ffca834b477b74a2144564522e944eabff61?s=96&d=mm&r=g\",\"url\":\"https:\\\/\\\/secure.gravatar.com\\\/avatar\\\/ac5001d2a36cb6c6cd3e50789007ffca834b477b74a2144564522e944eabff61?s=96&d=mm&r=g\",\"contentUrl\":\"https:\\\/\\\/secure.gravatar.com\\\/avatar\\\/ac5001d2a36cb6c6cd3e50789007ffca834b477b74a2144564522e944eabff61?s=96&d=mm&r=g\",\"caption\":\"thomas.berner\"},\"url\":\"https:\\\/\\\/www.organisator.ch\\\/fr\\\/author\\\/thomas-berner\\\/\"}]}<\/script>\n<!-- \/ Yoast SEO plugin. -->","yoast_head_json":{"title":"NWX22 : Une f\u00eate pour la culture d'entreprise - Organisateur","description":"Le 20 juin, l'Elbphilharmonie de Hambourg a accueilli le NWX22, sans doute le plus grand \u00e9v\u00e9nement RH de l'espace germanophone.","robots":{"index":"index","follow":"follow","max-snippet":"max-snippet:-1","max-image-preview":"max-image-preview:large","max-video-preview":"max-video-preview:-1"},"canonical":"https:\/\/www.organisator.ch\/fr\/ressources-humaines\/2022-06-21\/nwx22-ein-fest-fuer-die-unternehmenskultur\/","og_locale":"fr_FR","og_type":"article","og_title":"NWX22: Ein Fest f\u00fcr die Unternehmenskultur","og_description":"Am 20. Juni fand in der Hamburger Elbphilharmonie die NWX22 statt, das wohl gr\u00f6sste HR-Event im deutschsprachigen Raum.","og_url":"https:\/\/www.organisator.ch\/fr\/ressources-humaines\/2022-06-21\/nwx22-ein-fest-fuer-die-unternehmenskultur\/","og_site_name":"Organisator","article_publisher":"https:\/\/www.facebook.com\/OrganisatorFachmagazin","article_published_time":"2022-06-21T16:00:19+00:00","article_modified_time":"2022-06-30T07:59:39+00:00","og_image":[{"width":680,"height":392,"url":"https:\/\/www.organisator.ch\/wp-content\/uploads\/2022\/06\/NWX22-Ein-Fest-fuer-die-Unternehmenskultur-1_Organisator.jpg","type":"image\/jpeg"}],"author":"thomas.berner","twitter_card":"summary_large_image","twitter_title":"#NWX22: Ein Fest f\u00fcr die #Unternehmenskultur","twitter_description":"Am 20. Juni fand in der Hamburger #Elbphilharmonie die #NWX22 statt, das wohl gr\u00f6sste #HR-Event im deutschsprachigen Raum.","twitter_image":"https:\/\/www.organisator.ch\/wp-content\/uploads\/2022\/06\/NWX22-Ein-Fest-fuer-die-Unternehmenskultur-1_Organisator.jpg","schema":{"@context":"https:\/\/schema.org","@graph":[{"@type":"Article","@id":"https:\/\/www.organisator.ch\/human-resources\/2022-06-21\/nwx22-ein-fest-fuer-die-unternehmenskultur\/#article","isPartOf":{"@id":"https:\/\/www.organisator.ch\/human-resources\/2022-06-21\/nwx22-ein-fest-fuer-die-unternehmenskultur\/"},"author":{"name":"thomas.berner","@id":"https:\/\/www.organisator.ch\/#\/schema\/person\/6f650f90b2842cd4c0cc334b4e36f67e"},"headline":"NWX22: Ein Fest f\u00fcr die Unternehmenskultur","datePublished":"2022-06-21T16:00:19+00:00","dateModified":"2022-06-30T07:59:39+00:00","mainEntityOfPage":{"@id":"https:\/\/www.organisator.ch\/human-resources\/2022-06-21\/nwx22-ein-fest-fuer-die-unternehmenskultur\/"},"wordCount":1364,"publisher":{"@id":"https:\/\/www.organisator.ch\/#organization"},"image":{"@id":"https:\/\/www.organisator.ch\/human-resources\/2022-06-21\/nwx22-ein-fest-fuer-die-unternehmenskultur\/#primaryimage"},"thumbnailUrl":"https:\/\/www.organisator.ch\/wp-content\/uploads\/2022\/06\/NWX22-Ein-Fest-fuer-die-Unternehmenskultur-1_Organisator.jpg","keywords":["Fachkongress\/Fachmesse","HRM","New Work"],"articleSection":["HUMAN RESOURCES"],"inLanguage":"fr-FR"},{"@type":"WebPage","@id":"https:\/\/www.organisator.ch\/human-resources\/2022-06-21\/nwx22-ein-fest-fuer-die-unternehmenskultur\/","url":"https:\/\/www.organisator.ch\/human-resources\/2022-06-21\/nwx22-ein-fest-fuer-die-unternehmenskultur\/","name":"NWX22 : Une f\u00eate pour la culture d'entreprise - Organisateur","isPartOf":{"@id":"https:\/\/www.organisator.ch\/#website"},"primaryImageOfPage":{"@id":"https:\/\/www.organisator.ch\/human-resources\/2022-06-21\/nwx22-ein-fest-fuer-die-unternehmenskultur\/#primaryimage"},"image":{"@id":"https:\/\/www.organisator.ch\/human-resources\/2022-06-21\/nwx22-ein-fest-fuer-die-unternehmenskultur\/#primaryimage"},"thumbnailUrl":"https:\/\/www.organisator.ch\/wp-content\/uploads\/2022\/06\/NWX22-Ein-Fest-fuer-die-Unternehmenskultur-1_Organisator.jpg","datePublished":"2022-06-21T16:00:19+00:00","dateModified":"2022-06-30T07:59:39+00:00","description":"Le 20 juin, l'Elbphilharmonie de Hambourg a accueilli le NWX22, sans doute le plus grand \u00e9v\u00e9nement RH de l'espace germanophone.","breadcrumb":{"@id":"https:\/\/www.organisator.ch\/human-resources\/2022-06-21\/nwx22-ein-fest-fuer-die-unternehmenskultur\/#breadcrumb"},"inLanguage":"fr-FR","potentialAction":[{"@type":"ReadAction","target":["https:\/\/www.organisator.ch\/human-resources\/2022-06-21\/nwx22-ein-fest-fuer-die-unternehmenskultur\/"]}]},{"@type":"ImageObject","inLanguage":"fr-FR","@id":"https:\/\/www.organisator.ch\/human-resources\/2022-06-21\/nwx22-ein-fest-fuer-die-unternehmenskultur\/#primaryimage","url":"https:\/\/www.organisator.ch\/wp-content\/uploads\/2022\/06\/NWX22-Ein-Fest-fuer-die-Unternehmenskultur-1_Organisator.jpg","contentUrl":"https:\/\/www.organisator.ch\/wp-content\/uploads\/2022\/06\/NWX22-Ein-Fest-fuer-die-Unternehmenskultur-1_Organisator.jpg","width":680,"height":392,"caption":"Richard David Precht an der NWX22: \"Das Ende der Arbeit\". (Bild: Thomas Berner)"},{"@type":"BreadcrumbList","@id":"https:\/\/www.organisator.ch\/human-resources\/2022-06-21\/nwx22-ein-fest-fuer-die-unternehmenskultur\/#breadcrumb","itemListElement":[{"@type":"ListItem","position":1,"name":"Home","item":"https:\/\/www.organisator.ch\/"},{"@type":"ListItem","position":2,"name":"NWX22: Ein Fest f\u00fcr die Unternehmenskultur"}]},{"@type":"WebSite","@id":"https:\/\/www.organisator.ch\/#website","url":"https:\/\/www.organisator.ch\/","name":"Organisateur","description":"Comp\u00e9tence et comp\u00e9tence. Proches de la pratique. L'ORGANISATEUR pr\u00e9pare 10 num\u00e9ros par an sur les th\u00e8mes essentiels pour les dirigeants de PME.","publisher":{"@id":"https:\/\/www.organisator.ch\/#organization"},"potentialAction":[{"@type":"SearchAction","target":{"@type":"EntryPoint","urlTemplate":"https:\/\/www.organisator.ch\/?s={search_term_string}"},"query-input":{"@type":"PropertyValueSpecification","valueRequired":true,"valueName":"search_term_string"}}],"inLanguage":"fr-FR"},{"@type":"Organization","@id":"https:\/\/www.organisator.ch\/#organization","name":"Organisateur","url":"https:\/\/www.organisator.ch\/","logo":{"@type":"ImageObject","inLanguage":"fr-FR","@id":"https:\/\/www.organisator.ch\/#\/schema\/logo\/image\/","url":"https:\/\/www.organisator.ch\/wp-content\/uploads\/2022\/01\/Logo_Organisator_Website.png","contentUrl":"https:\/\/www.organisator.ch\/wp-content\/uploads\/2022\/01\/Logo_Organisator_Website.png","width":800,"height":77,"caption":"Organisator"},"image":{"@id":"https:\/\/www.organisator.ch\/#\/schema\/logo\/image\/"},"sameAs":["https:\/\/www.facebook.com\/OrganisatorFachmagazin","https:\/\/www.linkedin.com\/showcase\/organisator-das-magazin-fr-kmu","https:\/\/www.xing.com\/news\/pages\/organisator-ch-695","https:\/\/www.youtube.com\/channel\/UCGP2Sq0iWaZwT3BdIAQFYpw"]},{"@type":"Person","@id":"https:\/\/www.organisator.ch\/#\/schema\/person\/6f650f90b2842cd4c0cc334b4e36f67e","name":"thomas.berner","image":{"@type":"ImageObject","inLanguage":"fr-FR","@id":"https:\/\/secure.gravatar.com\/avatar\/ac5001d2a36cb6c6cd3e50789007ffca834b477b74a2144564522e944eabff61?s=96&d=mm&r=g","url":"https:\/\/secure.gravatar.com\/avatar\/ac5001d2a36cb6c6cd3e50789007ffca834b477b74a2144564522e944eabff61?s=96&d=mm&r=g","contentUrl":"https:\/\/secure.gravatar.com\/avatar\/ac5001d2a36cb6c6cd3e50789007ffca834b477b74a2144564522e944eabff61?s=96&d=mm&r=g","caption":"thomas.berner"},"url":"https:\/\/www.organisator.ch\/fr\/author\/thomas-berner\/"}]}},"_links":{"self":[{"href":"https:\/\/www.organisator.ch\/fr\/wp-json\/wp\/v2\/posts\/15396","targetHints":{"allow":["GET"]}}],"collection":[{"href":"https:\/\/www.organisator.ch\/fr\/wp-json\/wp\/v2\/posts"}],"about":[{"href":"https:\/\/www.organisator.ch\/fr\/wp-json\/wp\/v2\/types\/post"}],"author":[{"embeddable":true,"href":"https:\/\/www.organisator.ch\/fr\/wp-json\/wp\/v2\/users\/4"}],"replies":[{"embeddable":true,"href":"https:\/\/www.organisator.ch\/fr\/wp-json\/wp\/v2\/comments?post=15396"}],"version-history":[{"count":2,"href":"https:\/\/www.organisator.ch\/fr\/wp-json\/wp\/v2\/posts\/15396\/revisions"}],"predecessor-version":[{"id":15403,"href":"https:\/\/www.organisator.ch\/fr\/wp-json\/wp\/v2\/posts\/15396\/revisions\/15403"}],"wp:featuredmedia":[{"embeddable":true,"href":"https:\/\/www.organisator.ch\/fr\/wp-json\/wp\/v2\/media\/15397"}],"wp:attachment":[{"href":"https:\/\/www.organisator.ch\/fr\/wp-json\/wp\/v2\/media?parent=15396"}],"wp:term":[{"taxonomy":"category","embeddable":true,"href":"https:\/\/www.organisator.ch\/fr\/wp-json\/wp\/v2\/categories?post=15396"},{"taxonomy":"post_tag","embeddable":true,"href":"https:\/\/www.organisator.ch\/fr\/wp-json\/wp\/v2\/tags?post=15396"}],"curies":[{"name":"wp","href":"https:\/\/api.w.org\/{rel}","templated":true}]}}