{"id":15434,"date":"2022-06-24T08:34:45","date_gmt":"2022-06-24T06:34:45","guid":{"rendered":"https:\/\/www.organisator.ch\/?p=15434"},"modified":"2022-06-24T08:34:45","modified_gmt":"2022-06-24T06:34:45","slug":"vor-der-einfuehrung-der-qr-rechnung-alles-vorbereitet","status":"publish","type":"post","link":"https:\/\/www.organisator.ch\/fr\/management\/finanzen_recht\/2022-06-24\/vor-der-einfuehrung-der-qr-rechnung-alles-vorbereitet\/","title":{"rendered":"Avant l'introduction de la QR-facture : tout est pr\u00eat ?"},"content":{"rendered":"<figure id=\"attachment_15435\" aria-describedby=\"caption-attachment-15435\" style=\"width: 680px\" class=\"wp-caption alignnone\"><img loading=\"lazy\" decoding=\"async\" class=\"size-full wp-image-15435\" src=\"https:\/\/www.organisator.ch\/wp-content\/uploads\/2022\/06\/Vor-der-Einfuehrung-der-QR-Rechnung-Alles-vorbereitet-1_Organisator.jpg\" alt=\"\" width=\"680\" height=\"406\" srcset=\"https:\/\/www.organisator.ch\/wp-content\/uploads\/2022\/06\/Vor-der-Einfuehrung-der-QR-Rechnung-Alles-vorbereitet-1_Organisator.jpg 680w, https:\/\/www.organisator.ch\/wp-content\/uploads\/2022\/06\/Vor-der-Einfuehrung-der-QR-Rechnung-Alles-vorbereitet-1_Organisator-18x12.jpg 18w, https:\/\/www.organisator.ch\/wp-content\/uploads\/2022\/06\/Vor-der-Einfuehrung-der-QR-Rechnung-Alles-vorbereitet-1_Organisator-293x175.jpg 293w, https:\/\/www.organisator.ch\/wp-content\/uploads\/2022\/06\/Vor-der-Einfuehrung-der-QR-Rechnung-Alles-vorbereitet-1_Organisator-586x350.jpg 586w, https:\/\/www.organisator.ch\/wp-content\/uploads\/2022\/06\/Vor-der-Einfuehrung-der-QR-Rechnung-Alles-vorbereitet-1_Organisator-300x179.jpg 300w\" sizes=\"auto, (max-width: 680px) 100vw, 680px\" \/><figcaption id=\"caption-attachment-15435\" class=\"wp-caption-text\">L'introduction de la facture QR est imminente : voici un exemple de la mani\u00e8re dont le paiement sur PC avec t\u00e9l\u00e9chargement de pdf fonctionnera. (Image : module QR)<\/figcaption><\/figure>\n<p>Environ 4 mois avant la fin du bulletin de versement, on peut constater que la B<a href=\"https:\/\/www.organisator.ch\/de\/management\/finanzen_recht\/2022-02-11\/qr-rechnung-sind-die-banken-bereit-dafuer\/\">anken leurs devoirs<\/a> ont d\u00e9j\u00e0 fait le n\u00e9cessaire. Non seulement ils sont d\u00e9j\u00e0 en mesure de traiter les factures QR en tant que paiements depuis l'introduction de la facture QR en juin 2020, mais ils exploitent \u00e9galement en grande partie leur potentiel d'efficacit\u00e9. Cette affirmation est un peu plus vraie du c\u00f4t\u00e9 des payeurs et un peu moins vraie du c\u00f4t\u00e9 des \u00e9metteurs de factures. On constate \u00e9galement que certaines banques ont consid\u00e9rablement \u00e9largi leur offre, tandis que d'autres se limitent au minimum n\u00e9cessaire ou n'ont tout simplement pas encore bien compris que les anciens bulletins de versement et la facture QR ne fonctionnent pas de mani\u00e8re identique. Comme le d\u00e9veloppement de services autour de la QR-facture n'est pas encore termin\u00e9 dans de nombreuses banques, cette analyse ne peut pas \u00eatre consid\u00e9r\u00e9e comme une observation d\u00e9finitive, mais refl\u00e8te simplement l'\u00e9tat (interm\u00e9diaire) actuel.<\/p>\n<h3>Offre bancaire pour les destinataires de factures<\/h3>\n<p>Les banques qui proposent le traitement des factures QR au format pdf se montrent tr\u00e8s innovantes. Elles permettent ainsi un traitement sans rupture de m\u00e9dia, de la facturation au paiement, et comblent les lacunes d'un processus num\u00e9rique continu. Gr\u00e2ce \u00e0 cette offre, le paiement d'une facture QR n'a plus rien \u00e0 envier \u00e0 l'eBill en termes de commodit\u00e9. Au contraire : si l'on souhaite consulter les d\u00e9tails de la facture, il est plus facile de recevoir une facture en pi\u00e8ce jointe au format pdf par e-mail, car il suffit de double-cliquer pour l'ouvrir. Avec l'eBill, il faut pour cela des identifiants et des t\u00e9l\u00e9chargements sur le site de l'\u00e9metteur de la facture. Sur les 39 banques \u00e9tudi\u00e9es, 11 proposent d\u00e9j\u00e0 ce service ou sont sur le point de le lancer, 2 autres l'\u00e9tudient :<\/p>\n<p><img loading=\"lazy\" decoding=\"async\" class=\"alignnone size-full wp-image-15436\" src=\"https:\/\/www.organisator.ch\/wp-content\/uploads\/2022\/06\/Vor-der-Einfuehrung-der-QR-Rechnung-Alles-vorbereitet-2_Organisator.jpg\" alt=\"\" width=\"680\" height=\"232\" srcset=\"https:\/\/www.organisator.ch\/wp-content\/uploads\/2022\/06\/Vor-der-Einfuehrung-der-QR-Rechnung-Alles-vorbereitet-2_Organisator.jpg 680w, https:\/\/www.organisator.ch\/wp-content\/uploads\/2022\/06\/Vor-der-Einfuehrung-der-QR-Rechnung-Alles-vorbereitet-2_Organisator-18x6.jpg 18w, https:\/\/www.organisator.ch\/wp-content\/uploads\/2022\/06\/Vor-der-Einfuehrung-der-QR-Rechnung-Alles-vorbereitet-2_Organisator-375x128.jpg 375w, https:\/\/www.organisator.ch\/wp-content\/uploads\/2022\/06\/Vor-der-Einfuehrung-der-QR-Rechnung-Alles-vorbereitet-2_Organisator-300x102.jpg 300w\" sizes=\"auto, (max-width: 680px) 100vw, 680px\" \/><\/p>\n<p>En outre, on peut en d\u00e9duire les trois affirmations importantes suivantes :<\/p>\n<ol>\n<li>Toutes les banques proposent une fonction de scannage dans leur application de banque mobile.<\/li>\n<li>La plupart des banques offrent l'option d'utiliser un lecteur externe pour l'eBanking sur PC.<\/li>\n<li>Seules quelques banques utilisent la cam\u00e9ra de leur PC ou de leur ordinateur portable pour scanner le Swiss QR Code. Pour la plupart d'entre elles, c'est le smartphone qui fait office de lecteur. Cette solution de contournement r\u00e9sout certes le probl\u00e8me du scannage dans l'eBanking, mais elle rend n\u00e9cessaire la manipulation compliqu\u00e9e de deux appareils diff\u00e9rents.<\/li>\n<\/ol>\n<h3>Offre bancaire pour les \u00e9metteurs de factures<\/h3>\n<p>Si l'on consid\u00e8re les solutions destin\u00e9es aux \u00e9metteurs de factures, c'est-\u00e0-dire aux PME, aux ind\u00e9pendants, aux associations et aux organisations de dons, les offres varient fortement d'une banque \u00e0 l'autre. Cela se voit notamment au fait que certaines banques ont transpos\u00e9 l'ancien monde des bulletins de versement 1:1 sur la facture QR de mani\u00e8re relativement peu imaginative, tandis que d'autres banques se sont davantage pench\u00e9es sur les conditions cadres modifi\u00e9es. PostFinance se distingue comme particuli\u00e8rement conviviale, puisqu'elle permet non seulement \u00e0 ses propres clients, mais aussi \u00e0 des tiers, d'utiliser son g\u00e9n\u00e9rateur de pi\u00e8ces de paiement en ligne. L'UBS et la Banque Cantonale Vaudoise se montrent particuli\u00e8rement innovantes : toutes deux proposent une fonction de t\u00e9l\u00e9chargement pour les listes de d\u00e9biteurs (Excel), ce qui permet de g\u00e9n\u00e9rer en s\u00e9rie des parties de paiement QR pour diff\u00e9rents destinataires de factures. La Banque WIR Coop\u00e9rative et la Banque Raiffeisen ont \u00e9galement combl\u00e9 cette lacune dans leur offre. Elles ne proposent certes pas ce service elles-m\u00eames, mais coop\u00e8rent avec des fournisseurs tiers et proposent \u00e0 leurs clients des r\u00e9ductions sur l'utilisation des solutions correspondantes.<\/p>\n<p>La fonction de s\u00e9rie, en particulier, est encore plus importante pour les factures QR que pour les bulletins de versement, car les \u00e9metteurs de factures ne peuvent pas compl\u00e9ter ult\u00e9rieurement les parties de chiffres neutres avec des indications manquantes sur leur propre imprimante. En effet, le Swiss QR Code ne peut plus \u00eatre modifi\u00e9 une fois qu'il a \u00e9t\u00e9 imprim\u00e9. Les \u00e9l\u00e9ments de paiement QR devraient donc \u00eatre cr\u00e9\u00e9s d\u00e8s le d\u00e9part dans leur int\u00e9gralit\u00e9, c'est-\u00e0-dire avec les donn\u00e9es de l'\u00e9metteur de la facture et le montant. Si ces indications manquent, l'\u00e9metteur et le destinataire de la facture doivent s'accommoder d'un d\u00e9savantage important : Le premier paie des frais suppl\u00e9mentaires de 0,84 CHF par paiement (en plus des frais de d\u00e9p\u00f4t au guichet) pour la saisie ult\u00e9rieure des donn\u00e9es manquantes, tandis que le second est contraint de compl\u00e9ter lui-m\u00eame les donn\u00e9es \u00e0 la main.<\/p>\n<h3>Malgr\u00e9 la num\u00e9risation : les justificatifs papier pr\u00e9imprim\u00e9s sont toujours propos\u00e9s<\/h3>\n<p>Il convient de mentionner qu'environ la moiti\u00e9 des banques continuent \u00e0 proposer un service de commande de justificatifs papier pr\u00e9imprim\u00e9s, bien que celui-ci soit co\u00fbteux et n'offre gu\u00e8re de valeur ajout\u00e9e \u00e0 la plupart des \u00e9metteurs de factures. En effet, tous les exemplaires d'une telle commande de justificatifs sont identiques, \u00e0 l'exception d'un \u00e9ventuel num\u00e9ro de r\u00e9f\u00e9rence. Les inconv\u00e9nients de l'absence d'informations sur le destinataire de la facture et sur le montant ont \u00e9t\u00e9 \u00e9voqu\u00e9s plus haut. Pour les entreprises clientes des banques qui servent plusieurs destinataires diff\u00e9rents et pour celles qui souhaitent offrir \u00e0 leurs clients un service irr\u00e9prochable m\u00eame avec peu de factures, ce service est inutile. Environ deux tiers des banques offrent la possibilit\u00e9 de cr\u00e9er en ligne des \u00e9l\u00e9ments de paiement QR enti\u00e8rement remplis, c'est-\u00e0-dire des \u00e9l\u00e9ments de paiement contenant \u00e0 la fois les donn\u00e9es de l'\u00e9metteur et du destinataire de la facture, et de les t\u00e9l\u00e9charger sous forme de fichier pdf et\/ou de fichier image.<\/p>\n<p><em>Source et informations compl\u00e9mentaires : <a href=\"https:\/\/qrmodul.ch\/\">https:\/\/qrmodul.ch\/<\/a><\/em><\/p>","protected":false},"excerpt":{"rendered":"<p>Rund 4 Monate vor dem Ende des Einzahlungsscheines l\u00e4sst sich feststellen, dass die Banken ihre Hausaufgaben erledigt haben. Nicht nur sind sie bereits seit der Einf\u00fchrung der QR-Rechnung im Juni 2020 in der Lage, selbige zu Zahlungen zu verarbeiten, sondern sch\u00f6pfen dar\u00fcber hinaus ihr Effizienzpotenzial zu weiten Teilen aus. Diese Aussage gilt etwas st\u00e4rker f\u00fcr [&hellip;]<\/p>\n","protected":false},"author":4,"featured_media":15435,"comment_status":"closed","ping_status":"closed","sticky":false,"template":"","format":"standard","meta":{"_acf_changed":false,"_yoast_wpseo_focuskw":"Einf\u00fchrung der QR-Rechnung","_yoast_wpseo_metadesc":"Eine Marktanalyse zeigt, dass vor der Einf\u00fchrung der QR-Rechnung die meisten Banken nun gut vorbereitet sind.","articlekey":"","footnotes":""},"categories":[24],"tags":[156,202,393,2999],"class_list":["post-15434","post","type-post","status-publish","format-standard","has-post-thumbnail","hentry","category-finanzen_recht","tag-digitalisierung","tag-finanzenrecht","tag-produkte","tag-qr-rechnung"],"acf":[],"yoast_head":"<!-- This site is optimized with the Yoast SEO plugin v27.5 - https:\/\/yoast.com\/product\/yoast-seo-wordpress\/ -->\n<title>Vor der Einf\u00fchrung der QR-Rechnung: Alles vorbereitet? - Organisator<\/title>\n<meta name=\"description\" content=\"Eine Marktanalyse zeigt, dass vor der Einf\u00fchrung der QR-Rechnung die meisten Banken nun gut vorbereitet sind.\" \/>\n<meta name=\"robots\" content=\"index, follow, max-snippet:-1, max-image-preview:large, max-video-preview:-1\" \/>\n<link rel=\"canonical\" href=\"https:\/\/www.organisator.ch\/fr\/gestion-2\/finanzen_recht\/2022-06-24\/vor-der-einfuehrung-der-qr-rechnung-alles-vorbereitet\/\" \/>\n<meta property=\"og:locale\" content=\"fr_FR\" \/>\n<meta property=\"og:type\" content=\"article\" \/>\n<meta property=\"og:title\" content=\"Vor der Einf\u00fchrung der QR-Rechnung: Alles vorbereitet?\" \/>\n<meta property=\"og:description\" content=\"Eine Marktanalyse zeigt, dass vor der Einf\u00fchrung der QR-Rechnung die meisten Banken nun gut vorbereitet sind.\" \/>\n<meta property=\"og:url\" content=\"https:\/\/www.organisator.ch\/fr\/gestion-2\/finanzen_recht\/2022-06-24\/vor-der-einfuehrung-der-qr-rechnung-alles-vorbereitet\/\" \/>\n<meta property=\"og:site_name\" content=\"Organisator\" \/>\n<meta property=\"article:publisher\" content=\"https:\/\/www.facebook.com\/OrganisatorFachmagazin\" \/>\n<meta property=\"article:published_time\" content=\"2022-06-24T06:34:45+00:00\" \/>\n<meta property=\"og:image\" content=\"https:\/\/www.organisator.ch\/wp-content\/uploads\/2022\/06\/Vor-der-Einfuehrung-der-QR-Rechnung-Alles-vorbereitet-1_Organisator.jpg\" \/>\n\t<meta property=\"og:image:width\" content=\"680\" \/>\n\t<meta property=\"og:image:height\" content=\"406\" \/>\n\t<meta property=\"og:image:type\" content=\"image\/jpeg\" \/>\n<meta name=\"author\" content=\"thomas.berner\" \/>\n<meta name=\"twitter:card\" content=\"summary_large_image\" \/>\n<meta name=\"twitter:title\" content=\"Vor der Einf\u00fchrung der #QR-Rechnung: Alles vorbereitet?\" \/>\n<meta name=\"twitter:description\" content=\"Eine #Marktanalyse zeigt, dass vor der Einf\u00fchrung der #QR-Rechnung die meisten Banken nun gut vorbereitet sind.\" \/>\n<meta name=\"twitter:image\" content=\"https:\/\/www.organisator.ch\/wp-content\/uploads\/2022\/06\/Vor-der-Einfuehrung-der-QR-Rechnung-Alles-vorbereitet-1_Organisator.jpg\" \/>\n<script type=\"application\/ld+json\" class=\"yoast-schema-graph\">{\"@context\":\"https:\\\/\\\/schema.org\",\"@graph\":[{\"@type\":\"Article\",\"@id\":\"https:\\\/\\\/www.organisator.ch\\\/management\\\/finanzen_recht\\\/2022-06-24\\\/vor-der-einfuehrung-der-qr-rechnung-alles-vorbereitet\\\/#article\",\"isPartOf\":{\"@id\":\"https:\\\/\\\/www.organisator.ch\\\/management\\\/finanzen_recht\\\/2022-06-24\\\/vor-der-einfuehrung-der-qr-rechnung-alles-vorbereitet\\\/\"},\"author\":{\"name\":\"thomas.berner\",\"@id\":\"https:\\\/\\\/www.organisator.ch\\\/#\\\/schema\\\/person\\\/6f650f90b2842cd4c0cc334b4e36f67e\"},\"headline\":\"Vor der Einf\u00fchrung der QR-Rechnung: Alles vorbereitet?\",\"datePublished\":\"2022-06-24T06:34:45+00:00\",\"mainEntityOfPage\":{\"@id\":\"https:\\\/\\\/www.organisator.ch\\\/management\\\/finanzen_recht\\\/2022-06-24\\\/vor-der-einfuehrung-der-qr-rechnung-alles-vorbereitet\\\/\"},\"wordCount\":818,\"publisher\":{\"@id\":\"https:\\\/\\\/www.organisator.ch\\\/#organization\"},\"image\":{\"@id\":\"https:\\\/\\\/www.organisator.ch\\\/management\\\/finanzen_recht\\\/2022-06-24\\\/vor-der-einfuehrung-der-qr-rechnung-alles-vorbereitet\\\/#primaryimage\"},\"thumbnailUrl\":\"https:\\\/\\\/www.organisator.ch\\\/wp-content\\\/uploads\\\/2022\\\/06\\\/Vor-der-Einfuehrung-der-QR-Rechnung-Alles-vorbereitet-1_Organisator.jpg\",\"keywords\":[\"Digitalisierung\",\"Finanzen\\\/Recht\",\"Produkte\",\"QR-Rechnung\"],\"articleSection\":[\"FINANZEN\\\/RECHT\"],\"inLanguage\":\"fr-FR\"},{\"@type\":\"WebPage\",\"@id\":\"https:\\\/\\\/www.organisator.ch\\\/management\\\/finanzen_recht\\\/2022-06-24\\\/vor-der-einfuehrung-der-qr-rechnung-alles-vorbereitet\\\/\",\"url\":\"https:\\\/\\\/www.organisator.ch\\\/management\\\/finanzen_recht\\\/2022-06-24\\\/vor-der-einfuehrung-der-qr-rechnung-alles-vorbereitet\\\/\",\"name\":\"Vor der Einf\u00fchrung der QR-Rechnung: Alles vorbereitet? - Organisator\",\"isPartOf\":{\"@id\":\"https:\\\/\\\/www.organisator.ch\\\/#website\"},\"primaryImageOfPage\":{\"@id\":\"https:\\\/\\\/www.organisator.ch\\\/management\\\/finanzen_recht\\\/2022-06-24\\\/vor-der-einfuehrung-der-qr-rechnung-alles-vorbereitet\\\/#primaryimage\"},\"image\":{\"@id\":\"https:\\\/\\\/www.organisator.ch\\\/management\\\/finanzen_recht\\\/2022-06-24\\\/vor-der-einfuehrung-der-qr-rechnung-alles-vorbereitet\\\/#primaryimage\"},\"thumbnailUrl\":\"https:\\\/\\\/www.organisator.ch\\\/wp-content\\\/uploads\\\/2022\\\/06\\\/Vor-der-Einfuehrung-der-QR-Rechnung-Alles-vorbereitet-1_Organisator.jpg\",\"datePublished\":\"2022-06-24T06:34:45+00:00\",\"description\":\"Eine Marktanalyse zeigt, dass vor der Einf\u00fchrung der QR-Rechnung die meisten Banken nun gut vorbereitet sind.\",\"breadcrumb\":{\"@id\":\"https:\\\/\\\/www.organisator.ch\\\/management\\\/finanzen_recht\\\/2022-06-24\\\/vor-der-einfuehrung-der-qr-rechnung-alles-vorbereitet\\\/#breadcrumb\"},\"inLanguage\":\"fr-FR\",\"potentialAction\":[{\"@type\":\"ReadAction\",\"target\":[\"https:\\\/\\\/www.organisator.ch\\\/management\\\/finanzen_recht\\\/2022-06-24\\\/vor-der-einfuehrung-der-qr-rechnung-alles-vorbereitet\\\/\"]}]},{\"@type\":\"ImageObject\",\"inLanguage\":\"fr-FR\",\"@id\":\"https:\\\/\\\/www.organisator.ch\\\/management\\\/finanzen_recht\\\/2022-06-24\\\/vor-der-einfuehrung-der-qr-rechnung-alles-vorbereitet\\\/#primaryimage\",\"url\":\"https:\\\/\\\/www.organisator.ch\\\/wp-content\\\/uploads\\\/2022\\\/06\\\/Vor-der-Einfuehrung-der-QR-Rechnung-Alles-vorbereitet-1_Organisator.jpg\",\"contentUrl\":\"https:\\\/\\\/www.organisator.ch\\\/wp-content\\\/uploads\\\/2022\\\/06\\\/Vor-der-Einfuehrung-der-QR-Rechnung-Alles-vorbereitet-1_Organisator.jpg\",\"width\":680,\"height\":406,\"caption\":\"Die Einf\u00fchrung der QR-Rechnung steht vor der T\u00fcr: Hier ein Beispiel, wie das Zahlen am PC mit pdf-Upload funktionieren wird. (Bild: QR Modul)\"},{\"@type\":\"BreadcrumbList\",\"@id\":\"https:\\\/\\\/www.organisator.ch\\\/management\\\/finanzen_recht\\\/2022-06-24\\\/vor-der-einfuehrung-der-qr-rechnung-alles-vorbereitet\\\/#breadcrumb\",\"itemListElement\":[{\"@type\":\"ListItem\",\"position\":1,\"name\":\"Home\",\"item\":\"https:\\\/\\\/www.organisator.ch\\\/\"},{\"@type\":\"ListItem\",\"position\":2,\"name\":\"Vor der Einf\u00fchrung der QR-Rechnung: Alles vorbereitet?\"}]},{\"@type\":\"WebSite\",\"@id\":\"https:\\\/\\\/www.organisator.ch\\\/#website\",\"url\":\"https:\\\/\\\/www.organisator.ch\\\/\",\"name\":\"Organisator\",\"description\":\"Kompetent. Praxisnah. Der ORGANISATOR bereitet in 10 Ausgaben pro Jahr die wesentlichen Themen f\u00fcr F\u00fchrungskr\u00e4fte von KMU auf.\",\"publisher\":{\"@id\":\"https:\\\/\\\/www.organisator.ch\\\/#organization\"},\"potentialAction\":[{\"@type\":\"SearchAction\",\"target\":{\"@type\":\"EntryPoint\",\"urlTemplate\":\"https:\\\/\\\/www.organisator.ch\\\/?s={search_term_string}\"},\"query-input\":{\"@type\":\"PropertyValueSpecification\",\"valueRequired\":true,\"valueName\":\"search_term_string\"}}],\"inLanguage\":\"fr-FR\"},{\"@type\":\"Organization\",\"@id\":\"https:\\\/\\\/www.organisator.ch\\\/#organization\",\"name\":\"Organisator\",\"url\":\"https:\\\/\\\/www.organisator.ch\\\/\",\"logo\":{\"@type\":\"ImageObject\",\"inLanguage\":\"fr-FR\",\"@id\":\"https:\\\/\\\/www.organisator.ch\\\/#\\\/schema\\\/logo\\\/image\\\/\",\"url\":\"https:\\\/\\\/www.organisator.ch\\\/wp-content\\\/uploads\\\/2022\\\/01\\\/Logo_Organisator_Website.png\",\"contentUrl\":\"https:\\\/\\\/www.organisator.ch\\\/wp-content\\\/uploads\\\/2022\\\/01\\\/Logo_Organisator_Website.png\",\"width\":800,\"height\":77,\"caption\":\"Organisator\"},\"image\":{\"@id\":\"https:\\\/\\\/www.organisator.ch\\\/#\\\/schema\\\/logo\\\/image\\\/\"},\"sameAs\":[\"https:\\\/\\\/www.facebook.com\\\/OrganisatorFachmagazin\",\"https:\\\/\\\/www.linkedin.com\\\/showcase\\\/organisator-das-magazin-fr-kmu\",\"https:\\\/\\\/www.xing.com\\\/news\\\/pages\\\/organisator-ch-695\",\"https:\\\/\\\/www.youtube.com\\\/channel\\\/UCGP2Sq0iWaZwT3BdIAQFYpw\"]},{\"@type\":\"Person\",\"@id\":\"https:\\\/\\\/www.organisator.ch\\\/#\\\/schema\\\/person\\\/6f650f90b2842cd4c0cc334b4e36f67e\",\"name\":\"thomas.berner\",\"image\":{\"@type\":\"ImageObject\",\"inLanguage\":\"fr-FR\",\"@id\":\"https:\\\/\\\/secure.gravatar.com\\\/avatar\\\/ac5001d2a36cb6c6cd3e50789007ffca834b477b74a2144564522e944eabff61?s=96&d=mm&r=g\",\"url\":\"https:\\\/\\\/secure.gravatar.com\\\/avatar\\\/ac5001d2a36cb6c6cd3e50789007ffca834b477b74a2144564522e944eabff61?s=96&d=mm&r=g\",\"contentUrl\":\"https:\\\/\\\/secure.gravatar.com\\\/avatar\\\/ac5001d2a36cb6c6cd3e50789007ffca834b477b74a2144564522e944eabff61?s=96&d=mm&r=g\",\"caption\":\"thomas.berner\"},\"url\":\"https:\\\/\\\/www.organisator.ch\\\/fr\\\/author\\\/thomas-berner\\\/\"}]}<\/script>\n<!-- \/ Yoast SEO plugin. -->","yoast_head_json":{"title":"Avant l'introduction de la QR-facture : tout est pr\u00eat ? - Organisateur","description":"Une analyse de march\u00e9 montre qu'avant l'introduction de la facture QR, la plupart des banques sont d\u00e9sormais bien pr\u00e9par\u00e9es.","robots":{"index":"index","follow":"follow","max-snippet":"max-snippet:-1","max-image-preview":"max-image-preview:large","max-video-preview":"max-video-preview:-1"},"canonical":"https:\/\/www.organisator.ch\/fr\/gestion-2\/finanzen_recht\/2022-06-24\/vor-der-einfuehrung-der-qr-rechnung-alles-vorbereitet\/","og_locale":"fr_FR","og_type":"article","og_title":"Vor der Einf\u00fchrung der QR-Rechnung: Alles vorbereitet?","og_description":"Eine Marktanalyse zeigt, dass vor der Einf\u00fchrung der QR-Rechnung die meisten Banken nun gut vorbereitet sind.","og_url":"https:\/\/www.organisator.ch\/fr\/gestion-2\/finanzen_recht\/2022-06-24\/vor-der-einfuehrung-der-qr-rechnung-alles-vorbereitet\/","og_site_name":"Organisator","article_publisher":"https:\/\/www.facebook.com\/OrganisatorFachmagazin","article_published_time":"2022-06-24T06:34:45+00:00","og_image":[{"width":680,"height":406,"url":"https:\/\/www.organisator.ch\/wp-content\/uploads\/2022\/06\/Vor-der-Einfuehrung-der-QR-Rechnung-Alles-vorbereitet-1_Organisator.jpg","type":"image\/jpeg"}],"author":"thomas.berner","twitter_card":"summary_large_image","twitter_title":"Vor der Einf\u00fchrung der #QR-Rechnung: Alles vorbereitet?","twitter_description":"Eine #Marktanalyse zeigt, dass vor der Einf\u00fchrung der #QR-Rechnung die meisten Banken nun gut vorbereitet sind.","twitter_image":"https:\/\/www.organisator.ch\/wp-content\/uploads\/2022\/06\/Vor-der-Einfuehrung-der-QR-Rechnung-Alles-vorbereitet-1_Organisator.jpg","schema":{"@context":"https:\/\/schema.org","@graph":[{"@type":"Article","@id":"https:\/\/www.organisator.ch\/management\/finanzen_recht\/2022-06-24\/vor-der-einfuehrung-der-qr-rechnung-alles-vorbereitet\/#article","isPartOf":{"@id":"https:\/\/www.organisator.ch\/management\/finanzen_recht\/2022-06-24\/vor-der-einfuehrung-der-qr-rechnung-alles-vorbereitet\/"},"author":{"name":"thomas.berner","@id":"https:\/\/www.organisator.ch\/#\/schema\/person\/6f650f90b2842cd4c0cc334b4e36f67e"},"headline":"Vor der Einf\u00fchrung der QR-Rechnung: Alles vorbereitet?","datePublished":"2022-06-24T06:34:45+00:00","mainEntityOfPage":{"@id":"https:\/\/www.organisator.ch\/management\/finanzen_recht\/2022-06-24\/vor-der-einfuehrung-der-qr-rechnung-alles-vorbereitet\/"},"wordCount":818,"publisher":{"@id":"https:\/\/www.organisator.ch\/#organization"},"image":{"@id":"https:\/\/www.organisator.ch\/management\/finanzen_recht\/2022-06-24\/vor-der-einfuehrung-der-qr-rechnung-alles-vorbereitet\/#primaryimage"},"thumbnailUrl":"https:\/\/www.organisator.ch\/wp-content\/uploads\/2022\/06\/Vor-der-Einfuehrung-der-QR-Rechnung-Alles-vorbereitet-1_Organisator.jpg","keywords":["Digitalisierung","Finanzen\/Recht","Produkte","QR-Rechnung"],"articleSection":["FINANZEN\/RECHT"],"inLanguage":"fr-FR"},{"@type":"WebPage","@id":"https:\/\/www.organisator.ch\/management\/finanzen_recht\/2022-06-24\/vor-der-einfuehrung-der-qr-rechnung-alles-vorbereitet\/","url":"https:\/\/www.organisator.ch\/management\/finanzen_recht\/2022-06-24\/vor-der-einfuehrung-der-qr-rechnung-alles-vorbereitet\/","name":"Avant l'introduction de la QR-facture : tout est pr\u00eat ? - Organisateur","isPartOf":{"@id":"https:\/\/www.organisator.ch\/#website"},"primaryImageOfPage":{"@id":"https:\/\/www.organisator.ch\/management\/finanzen_recht\/2022-06-24\/vor-der-einfuehrung-der-qr-rechnung-alles-vorbereitet\/#primaryimage"},"image":{"@id":"https:\/\/www.organisator.ch\/management\/finanzen_recht\/2022-06-24\/vor-der-einfuehrung-der-qr-rechnung-alles-vorbereitet\/#primaryimage"},"thumbnailUrl":"https:\/\/www.organisator.ch\/wp-content\/uploads\/2022\/06\/Vor-der-Einfuehrung-der-QR-Rechnung-Alles-vorbereitet-1_Organisator.jpg","datePublished":"2022-06-24T06:34:45+00:00","description":"Une analyse de march\u00e9 montre qu'avant l'introduction de la facture QR, la plupart des banques sont d\u00e9sormais bien pr\u00e9par\u00e9es.","breadcrumb":{"@id":"https:\/\/www.organisator.ch\/management\/finanzen_recht\/2022-06-24\/vor-der-einfuehrung-der-qr-rechnung-alles-vorbereitet\/#breadcrumb"},"inLanguage":"fr-FR","potentialAction":[{"@type":"ReadAction","target":["https:\/\/www.organisator.ch\/management\/finanzen_recht\/2022-06-24\/vor-der-einfuehrung-der-qr-rechnung-alles-vorbereitet\/"]}]},{"@type":"ImageObject","inLanguage":"fr-FR","@id":"https:\/\/www.organisator.ch\/management\/finanzen_recht\/2022-06-24\/vor-der-einfuehrung-der-qr-rechnung-alles-vorbereitet\/#primaryimage","url":"https:\/\/www.organisator.ch\/wp-content\/uploads\/2022\/06\/Vor-der-Einfuehrung-der-QR-Rechnung-Alles-vorbereitet-1_Organisator.jpg","contentUrl":"https:\/\/www.organisator.ch\/wp-content\/uploads\/2022\/06\/Vor-der-Einfuehrung-der-QR-Rechnung-Alles-vorbereitet-1_Organisator.jpg","width":680,"height":406,"caption":"Die Einf\u00fchrung der QR-Rechnung steht vor der T\u00fcr: Hier ein Beispiel, wie das Zahlen am PC mit pdf-Upload funktionieren wird. (Bild: QR Modul)"},{"@type":"BreadcrumbList","@id":"https:\/\/www.organisator.ch\/management\/finanzen_recht\/2022-06-24\/vor-der-einfuehrung-der-qr-rechnung-alles-vorbereitet\/#breadcrumb","itemListElement":[{"@type":"ListItem","position":1,"name":"Home","item":"https:\/\/www.organisator.ch\/"},{"@type":"ListItem","position":2,"name":"Vor der Einf\u00fchrung der QR-Rechnung: Alles vorbereitet?"}]},{"@type":"WebSite","@id":"https:\/\/www.organisator.ch\/#website","url":"https:\/\/www.organisator.ch\/","name":"Organisateur","description":"Comp\u00e9tence et comp\u00e9tence. Proches de la pratique. L'ORGANISATEUR pr\u00e9pare 10 num\u00e9ros par an sur les th\u00e8mes essentiels pour les dirigeants de PME.","publisher":{"@id":"https:\/\/www.organisator.ch\/#organization"},"potentialAction":[{"@type":"SearchAction","target":{"@type":"EntryPoint","urlTemplate":"https:\/\/www.organisator.ch\/?s={search_term_string}"},"query-input":{"@type":"PropertyValueSpecification","valueRequired":true,"valueName":"search_term_string"}}],"inLanguage":"fr-FR"},{"@type":"Organization","@id":"https:\/\/www.organisator.ch\/#organization","name":"Organisateur","url":"https:\/\/www.organisator.ch\/","logo":{"@type":"ImageObject","inLanguage":"fr-FR","@id":"https:\/\/www.organisator.ch\/#\/schema\/logo\/image\/","url":"https:\/\/www.organisator.ch\/wp-content\/uploads\/2022\/01\/Logo_Organisator_Website.png","contentUrl":"https:\/\/www.organisator.ch\/wp-content\/uploads\/2022\/01\/Logo_Organisator_Website.png","width":800,"height":77,"caption":"Organisator"},"image":{"@id":"https:\/\/www.organisator.ch\/#\/schema\/logo\/image\/"},"sameAs":["https:\/\/www.facebook.com\/OrganisatorFachmagazin","https:\/\/www.linkedin.com\/showcase\/organisator-das-magazin-fr-kmu","https:\/\/www.xing.com\/news\/pages\/organisator-ch-695","https:\/\/www.youtube.com\/channel\/UCGP2Sq0iWaZwT3BdIAQFYpw"]},{"@type":"Person","@id":"https:\/\/www.organisator.ch\/#\/schema\/person\/6f650f90b2842cd4c0cc334b4e36f67e","name":"thomas.berner","image":{"@type":"ImageObject","inLanguage":"fr-FR","@id":"https:\/\/secure.gravatar.com\/avatar\/ac5001d2a36cb6c6cd3e50789007ffca834b477b74a2144564522e944eabff61?s=96&d=mm&r=g","url":"https:\/\/secure.gravatar.com\/avatar\/ac5001d2a36cb6c6cd3e50789007ffca834b477b74a2144564522e944eabff61?s=96&d=mm&r=g","contentUrl":"https:\/\/secure.gravatar.com\/avatar\/ac5001d2a36cb6c6cd3e50789007ffca834b477b74a2144564522e944eabff61?s=96&d=mm&r=g","caption":"thomas.berner"},"url":"https:\/\/www.organisator.ch\/fr\/author\/thomas-berner\/"}]}},"_links":{"self":[{"href":"https:\/\/www.organisator.ch\/fr\/wp-json\/wp\/v2\/posts\/15434","targetHints":{"allow":["GET"]}}],"collection":[{"href":"https:\/\/www.organisator.ch\/fr\/wp-json\/wp\/v2\/posts"}],"about":[{"href":"https:\/\/www.organisator.ch\/fr\/wp-json\/wp\/v2\/types\/post"}],"author":[{"embeddable":true,"href":"https:\/\/www.organisator.ch\/fr\/wp-json\/wp\/v2\/users\/4"}],"replies":[{"embeddable":true,"href":"https:\/\/www.organisator.ch\/fr\/wp-json\/wp\/v2\/comments?post=15434"}],"version-history":[{"count":2,"href":"https:\/\/www.organisator.ch\/fr\/wp-json\/wp\/v2\/posts\/15434\/revisions"}],"predecessor-version":[{"id":15438,"href":"https:\/\/www.organisator.ch\/fr\/wp-json\/wp\/v2\/posts\/15434\/revisions\/15438"}],"wp:featuredmedia":[{"embeddable":true,"href":"https:\/\/www.organisator.ch\/fr\/wp-json\/wp\/v2\/media\/15435"}],"wp:attachment":[{"href":"https:\/\/www.organisator.ch\/fr\/wp-json\/wp\/v2\/media?parent=15434"}],"wp:term":[{"taxonomy":"category","embeddable":true,"href":"https:\/\/www.organisator.ch\/fr\/wp-json\/wp\/v2\/categories?post=15434"},{"taxonomy":"post_tag","embeddable":true,"href":"https:\/\/www.organisator.ch\/fr\/wp-json\/wp\/v2\/tags?post=15434"}],"curies":[{"name":"wp","href":"https:\/\/api.w.org\/{rel}","templated":true}]}}