{"id":15459,"date":"2022-06-27T08:42:49","date_gmt":"2022-06-27T06:42:49","guid":{"rendered":"https:\/\/www.organisator.ch\/?p=15459"},"modified":"2022-06-27T08:42:49","modified_gmt":"2022-06-27T06:42:49","slug":"30-edition-du-salon-it-topsoft-termine","status":"publish","type":"post","link":"https:\/\/www.organisator.ch\/fr\/operational-excellence\/2022-06-27\/30-ausgabe-der-it-fachmesse-topsoft-beendet\/","title":{"rendered":"Fin de la 30e \u00e9dition du salon professionnel IT topsoft"},"content":{"rendered":"<figure id=\"attachment_15460\" aria-describedby=\"caption-attachment-15460\" style=\"width: 680px\" class=\"wp-caption alignnone\"><img loading=\"lazy\" decoding=\"async\" class=\"size-full wp-image-15460\" src=\"https:\/\/www.organisator.ch\/wp-content\/uploads\/2022\/06\/30.-Ausgabe-der-IT-Fachmesse-topsoft-beendet_Organisator.jpg\" alt=\"\" width=\"680\" height=\"447\" srcset=\"https:\/\/www.organisator.ch\/wp-content\/uploads\/2022\/06\/30.-Ausgabe-der-IT-Fachmesse-topsoft-beendet_Organisator.jpg 680w, https:\/\/www.organisator.ch\/wp-content\/uploads\/2022\/06\/30.-Ausgabe-der-IT-Fachmesse-topsoft-beendet_Organisator-18x12.jpg 18w, https:\/\/www.organisator.ch\/wp-content\/uploads\/2022\/06\/30.-Ausgabe-der-IT-Fachmesse-topsoft-beendet_Organisator-266x175.jpg 266w, https:\/\/www.organisator.ch\/wp-content\/uploads\/2022\/06\/30.-Ausgabe-der-IT-Fachmesse-topsoft-beendet_Organisator-532x350.jpg 532w, https:\/\/www.organisator.ch\/wp-content\/uploads\/2022\/06\/30.-Ausgabe-der-IT-Fachmesse-topsoft-beendet_Organisator-300x197.jpg 300w\" sizes=\"auto, (max-width: 680px) 100vw, 680px\" \/><figcaption id=\"caption-attachment-15460\" class=\"wp-caption-text\">La 30e \u00e9dition du salon professionnel IT topsoft a pr\u00e9sent\u00e9 un programme vari\u00e9, mais a compt\u00e9 comparativement peu de visiteurs. (Photo : Thomas Berner)<\/figcaption><\/figure>\n<p>Les 22 et 23 juin 2022, le salon professionnel IT topsoft a rouvert ses portes apr\u00e8s une pause Corona de deux ans. Dans l'Umwelt Arena de Spreitenbach, fournisseurs, utilisateurs et experts ont pu se rencontrer en direct et \u00e9changer sur les derni\u00e8res tendances de la num\u00e9risation. \"Apr\u00e8s une longue interruption, cela fait vraiment du bien d'organiser une telle manifestation\", a d\u00e9clar\u00e9 le directeur du salon Cyrill Schmid avant le salon. De fait, de nombreux exposants ont embouch\u00e9 la m\u00eame trompette et soulign\u00e9 l'importance des rencontres personnelles avec les clients. Toutefois, l'impression subjective sur place \u00e9tait quelque peu diff\u00e9rente : l'affluence de visiteurs semblait plus faible que par le pass\u00e9. Cela s'est \u00e9galement confirm\u00e9 lors des entretiens avec diff\u00e9rents exposants. Ils auraient souhait\u00e9 plus de monde. Mais la qualit\u00e9 des (rares) entretiens \u00e9tait \u00e9lev\u00e9e. \"Nous avons la perspective d'au moins un projet concret. S'il se concr\u00e9tise, notre pr\u00e9sence au salon en aura valu la peine\", a d\u00e9clar\u00e9 Urs Amrein, Marketing Manager chez Opacc, l'un des plus grands exposants de cette ann\u00e9e.<\/p>\n<h3><strong>Un potentiel d'information mal exploit\u00e9<\/strong><\/h3>\n<p>L'Umwelt Arena Schweiz a offert un cadre globalement attrayant et actuel pour le salon professionnel IT de cette ann\u00e9e. Les visiteurs ont pu profiter d'un programme complet sous le slogan \"Digitalisation. En direct. Concr\u00e8tement\". Des solutions d'entreprise compl\u00e8tes aux applications sp\u00e9ciales pour le marketing, les finances, la production ou la logistique, de nombreux domaines ont \u00e9t\u00e9 couverts par des th\u00e8mes. Les ateliers et les expos\u00e9s qui accompagnaient la manifestation ont permis d'acqu\u00e9rir des connaissances pratiques sur des sujets tels que l'automatisation des processus, le commerce \u00e9lectronique, les m\u00e9dias sociaux, le marketing en ligne et bien d'autres encore. Le th\u00e8me de la protection des donn\u00e9es a suscit\u00e9 un int\u00e9r\u00eat particuli\u00e8rement grand avec une conf\u00e9rence de Nicole Beranek Zanon, partenaire chez H\u00e4rting Rechtsanw\u00e4lte. En comparaison, les rangs des auditeurs \u00e9taient plut\u00f4t clairsem\u00e9s pour les autres expos\u00e9s. Le directeur du salon, Cyrill Schmid, s'en est montr\u00e9 visiblement d\u00e9\u00e7u : \"Je trouve frustrant que l'on r\u00e9serve un billet et que l'on ne vienne pas\". C'est dommage, car il est de plus en plus rare de trouver autant de connaissances informatiques r\u00e9unies en un seul endroit \u00e0 des conditions aussi avantageuses.<\/p>\n<h3><strong>salon professionnel topsoft, pour la trenti\u00e8me fois<\/strong><\/h3>\n<p>Le fait que le salon professionnel IT topsoft ait d\u00e9j\u00e0 eu lieu pour la 30e fois est presque pass\u00e9 inaper\u00e7u. Il a ainsi surv\u00e9cu \u00e0 tous les autres \u00e9v\u00e9nements informatiques similaires en Suisse et \u00e0 l'\u00e9tranger. Cyrill Schmid ne cache pas la recette de son succ\u00e8s : \"Nous nous orientons sur les besoins des fournisseurs et pla\u00e7ons le dialogue avec les utilisateurs au centre de nos pr\u00e9occupations. Le salon est int\u00e9gr\u00e9 dans notre r\u00e9seau d'information qui s'\u00e9tend sur toute l'ann\u00e9e et qui comprend des \u00e9v\u00e9nements en direct, des m\u00e9dias sociaux, des canaux imprim\u00e9s et en ligne\". L'anniversaire a ensuite \u00e9t\u00e9 c\u00e9l\u00e9br\u00e9 dignement lors de l'ap\u00e9ritif du salon le 22 juin.<\/p>\n<p>Et comment cela va-t-il continuer ? Du c\u00f4t\u00e9 des organisateurs, on a entendu dire que le salon professionnel IT topsoft avait besoin d'un d\u00e9veloppement conceptuel malgr\u00e9 la recette \u00e0 succ\u00e8s mentionn\u00e9e. La direction \u00e0 prendre reste ouverte. Mais les id\u00e9es ne manquent pas et le besoin d'information en mati\u00e8re de num\u00e9risation est toujours aussi important.<\/p>\n<p><a href=\"http:\/\/www.topsoft.ch\"><em>www.topsoft.ch<\/em><\/a><\/p>\n<p>&nbsp;<\/p>","protected":false},"excerpt":{"rendered":"<p>Am 22.\/23. Juni 2022 \u00f6ffnete die IT-Fachmesse topsoft nach zweij\u00e4hriger Corona-Pause wieder die Tore. In der Umwelt Arena Spreitenbach konnten sich Anbieter, Anwender und Experten live begegnen und \u00fcber die neuesten Trends der Digitalisierung austauschen. \u00abNach dem langen Unterbruch f\u00fchlt es sich richtig gut an, eine solche Veranstaltung durchzuf\u00fchren\u00bb, sagte Messeleiter Cyrill Schmid im Vorfeld [&hellip;]<\/p>\n","protected":false},"author":4,"featured_media":15460,"comment_status":"closed","ping_status":"closed","sticky":false,"template":"","format":"standard","meta":{"_acf_changed":false,"_yoast_wpseo_focuskw":"IT-Fachmesse topsoft","_yoast_wpseo_metadesc":"Am 22.\/23. Juni 2022 fand zum nunmehr dreissigsten Mal die IT-Fachmesse topsoft statt. Ein vielf\u00e4ltiges Programm erwartete die Besucher.","articlekey":"","footnotes":""},"categories":[27,582],"tags":[193,287,482],"class_list":["post-15459","post","type-post","status-publish","format-standard","has-post-thumbnail","hentry","category-it","category-operational-excellence","tag-fachkongressfachmesse","tag-itbusiness-software","tag-topsoft"],"acf":[],"yoast_head":"<!-- This site is optimized with the Yoast SEO plugin v27.4 - https:\/\/yoast.com\/product\/yoast-seo-wordpress\/ -->\n<title>30. Ausgabe der IT-Fachmesse topsoft beendet - Organisator<\/title>\n<meta name=\"description\" content=\"Am 22.\/23. Juni 2022 fand zum nunmehr dreissigsten Mal die IT-Fachmesse topsoft statt. Ein vielf\u00e4ltiges Programm erwartete die Besucher.\" \/>\n<meta name=\"robots\" content=\"index, follow, max-snippet:-1, max-image-preview:large, max-video-preview:-1\" \/>\n<link rel=\"canonical\" href=\"https:\/\/www.organisator.ch\/fr\/gestion-2\/it\/2022-06-27\/30-edition-du-salon-it-topsoft-termine\/\" \/>\n<meta property=\"og:locale\" content=\"fr_FR\" \/>\n<meta property=\"og:type\" content=\"article\" \/>\n<meta property=\"og:title\" content=\"30. Ausgabe der IT-Fachmesse topsoft beendet\" \/>\n<meta property=\"og:description\" content=\"Am 22.\/23. Juni 2022 fand zum nunmehr dreissigsten Mal die IT-Fachmesse topsoft statt. Ein vielf\u00e4ltiges Programm erwartete die Besucher.\" \/>\n<meta property=\"og:url\" content=\"https:\/\/www.organisator.ch\/fr\/gestion-2\/it\/2022-06-27\/30-edition-du-salon-it-topsoft-termine\/\" \/>\n<meta property=\"og:site_name\" content=\"Organisator\" \/>\n<meta property=\"article:publisher\" content=\"https:\/\/www.facebook.com\/OrganisatorFachmagazin\" \/>\n<meta property=\"article:published_time\" content=\"2022-06-27T06:42:49+00:00\" \/>\n<meta property=\"og:image\" content=\"https:\/\/www.organisator.ch\/wp-content\/uploads\/2022\/06\/30.-Ausgabe-der-IT-Fachmesse-topsoft-beendet_Organisator.jpg\" \/>\n\t<meta property=\"og:image:width\" content=\"680\" \/>\n\t<meta property=\"og:image:height\" content=\"447\" \/>\n\t<meta property=\"og:image:type\" content=\"image\/jpeg\" \/>\n<meta name=\"author\" content=\"thomas.berner\" \/>\n<meta name=\"twitter:card\" content=\"summary_large_image\" \/>\n<meta name=\"twitter:title\" content=\"30. Ausgabe der IT-Fachmesse #topsoft beendet\" \/>\n<meta name=\"twitter:description\" content=\"Am 22.\/23. Juni 2022 fand zum nunmehr dreissigsten Mal die #IT-Fachmesse #topsoft statt. Ein vielf\u00e4ltiges Programm erwartete die Besucher.\" \/>\n<meta name=\"twitter:image\" content=\"https:\/\/www.organisator.ch\/wp-content\/uploads\/2022\/06\/30.-Ausgabe-der-IT-Fachmesse-topsoft-beendet_Organisator.jpg\" \/>\n<script type=\"application\/ld+json\" class=\"yoast-schema-graph\">{\"@context\":\"https:\\\/\\\/schema.org\",\"@graph\":[{\"@type\":\"Article\",\"@id\":\"https:\\\/\\\/www.organisator.ch\\\/management\\\/it\\\/2022-06-27\\\/30-ausgabe-der-it-fachmesse-topsoft-beendet\\\/#article\",\"isPartOf\":{\"@id\":\"https:\\\/\\\/www.organisator.ch\\\/management\\\/it\\\/2022-06-27\\\/30-ausgabe-der-it-fachmesse-topsoft-beendet\\\/\"},\"author\":{\"name\":\"thomas.berner\",\"@id\":\"https:\\\/\\\/www.organisator.ch\\\/#\\\/schema\\\/person\\\/6f650f90b2842cd4c0cc334b4e36f67e\"},\"headline\":\"30. Ausgabe der IT-Fachmesse topsoft beendet\",\"datePublished\":\"2022-06-27T06:42:49+00:00\",\"mainEntityOfPage\":{\"@id\":\"https:\\\/\\\/www.organisator.ch\\\/management\\\/it\\\/2022-06-27\\\/30-ausgabe-der-it-fachmesse-topsoft-beendet\\\/\"},\"wordCount\":502,\"publisher\":{\"@id\":\"https:\\\/\\\/www.organisator.ch\\\/#organization\"},\"image\":{\"@id\":\"https:\\\/\\\/www.organisator.ch\\\/management\\\/it\\\/2022-06-27\\\/30-ausgabe-der-it-fachmesse-topsoft-beendet\\\/#primaryimage\"},\"thumbnailUrl\":\"https:\\\/\\\/www.organisator.ch\\\/wp-content\\\/uploads\\\/2022\\\/06\\\/30.-Ausgabe-der-IT-Fachmesse-topsoft-beendet_Organisator.jpg\",\"keywords\":[\"Fachkongress\\\/Fachmesse\",\"IT\u2009&amp;\u2009Business Software\",\"topsoft\"],\"articleSection\":[\"IT\",\"OPERATIONAL EXCELLENCE\"],\"inLanguage\":\"fr-FR\"},{\"@type\":\"WebPage\",\"@id\":\"https:\\\/\\\/www.organisator.ch\\\/management\\\/it\\\/2022-06-27\\\/30-ausgabe-der-it-fachmesse-topsoft-beendet\\\/\",\"url\":\"https:\\\/\\\/www.organisator.ch\\\/management\\\/it\\\/2022-06-27\\\/30-ausgabe-der-it-fachmesse-topsoft-beendet\\\/\",\"name\":\"30. Ausgabe der IT-Fachmesse topsoft beendet - Organisator\",\"isPartOf\":{\"@id\":\"https:\\\/\\\/www.organisator.ch\\\/#website\"},\"primaryImageOfPage\":{\"@id\":\"https:\\\/\\\/www.organisator.ch\\\/management\\\/it\\\/2022-06-27\\\/30-ausgabe-der-it-fachmesse-topsoft-beendet\\\/#primaryimage\"},\"image\":{\"@id\":\"https:\\\/\\\/www.organisator.ch\\\/management\\\/it\\\/2022-06-27\\\/30-ausgabe-der-it-fachmesse-topsoft-beendet\\\/#primaryimage\"},\"thumbnailUrl\":\"https:\\\/\\\/www.organisator.ch\\\/wp-content\\\/uploads\\\/2022\\\/06\\\/30.-Ausgabe-der-IT-Fachmesse-topsoft-beendet_Organisator.jpg\",\"datePublished\":\"2022-06-27T06:42:49+00:00\",\"description\":\"Am 22.\\\/23. Juni 2022 fand zum nunmehr dreissigsten Mal die IT-Fachmesse topsoft statt. Ein vielf\u00e4ltiges Programm erwartete die Besucher.\",\"breadcrumb\":{\"@id\":\"https:\\\/\\\/www.organisator.ch\\\/management\\\/it\\\/2022-06-27\\\/30-ausgabe-der-it-fachmesse-topsoft-beendet\\\/#breadcrumb\"},\"inLanguage\":\"fr-FR\",\"potentialAction\":[{\"@type\":\"ReadAction\",\"target\":[\"https:\\\/\\\/www.organisator.ch\\\/management\\\/it\\\/2022-06-27\\\/30-ausgabe-der-it-fachmesse-topsoft-beendet\\\/\"]}]},{\"@type\":\"ImageObject\",\"inLanguage\":\"fr-FR\",\"@id\":\"https:\\\/\\\/www.organisator.ch\\\/management\\\/it\\\/2022-06-27\\\/30-ausgabe-der-it-fachmesse-topsoft-beendet\\\/#primaryimage\",\"url\":\"https:\\\/\\\/www.organisator.ch\\\/wp-content\\\/uploads\\\/2022\\\/06\\\/30.-Ausgabe-der-IT-Fachmesse-topsoft-beendet_Organisator.jpg\",\"contentUrl\":\"https:\\\/\\\/www.organisator.ch\\\/wp-content\\\/uploads\\\/2022\\\/06\\\/30.-Ausgabe-der-IT-Fachmesse-topsoft-beendet_Organisator.jpg\",\"width\":680,\"height\":447,\"caption\":\"Die 30. Ausgabe der IT-Fachmesse topsoft zeigte ein vielf\u00e4ltiges Programm, z\u00e4hlte aber vergleichsweise wenige Besucherinnen und Besucher. (Bild: Thomas Berner)\"},{\"@type\":\"BreadcrumbList\",\"@id\":\"https:\\\/\\\/www.organisator.ch\\\/management\\\/it\\\/2022-06-27\\\/30-ausgabe-der-it-fachmesse-topsoft-beendet\\\/#breadcrumb\",\"itemListElement\":[{\"@type\":\"ListItem\",\"position\":1,\"name\":\"Home\",\"item\":\"https:\\\/\\\/www.organisator.ch\\\/\"},{\"@type\":\"ListItem\",\"position\":2,\"name\":\"30. Ausgabe der IT-Fachmesse topsoft beendet\"}]},{\"@type\":\"WebSite\",\"@id\":\"https:\\\/\\\/www.organisator.ch\\\/#website\",\"url\":\"https:\\\/\\\/www.organisator.ch\\\/\",\"name\":\"Organisator\",\"description\":\"Kompetent. Praxisnah. Der ORGANISATOR bereitet in 10 Ausgaben pro Jahr die wesentlichen Themen f\u00fcr F\u00fchrungskr\u00e4fte von KMU auf.\",\"publisher\":{\"@id\":\"https:\\\/\\\/www.organisator.ch\\\/#organization\"},\"potentialAction\":[{\"@type\":\"SearchAction\",\"target\":{\"@type\":\"EntryPoint\",\"urlTemplate\":\"https:\\\/\\\/www.organisator.ch\\\/?s={search_term_string}\"},\"query-input\":{\"@type\":\"PropertyValueSpecification\",\"valueRequired\":true,\"valueName\":\"search_term_string\"}}],\"inLanguage\":\"fr-FR\"},{\"@type\":\"Organization\",\"@id\":\"https:\\\/\\\/www.organisator.ch\\\/#organization\",\"name\":\"Organisator\",\"url\":\"https:\\\/\\\/www.organisator.ch\\\/\",\"logo\":{\"@type\":\"ImageObject\",\"inLanguage\":\"fr-FR\",\"@id\":\"https:\\\/\\\/www.organisator.ch\\\/#\\\/schema\\\/logo\\\/image\\\/\",\"url\":\"https:\\\/\\\/www.organisator.ch\\\/wp-content\\\/uploads\\\/2022\\\/01\\\/Logo_Organisator_Website.png\",\"contentUrl\":\"https:\\\/\\\/www.organisator.ch\\\/wp-content\\\/uploads\\\/2022\\\/01\\\/Logo_Organisator_Website.png\",\"width\":800,\"height\":77,\"caption\":\"Organisator\"},\"image\":{\"@id\":\"https:\\\/\\\/www.organisator.ch\\\/#\\\/schema\\\/logo\\\/image\\\/\"},\"sameAs\":[\"https:\\\/\\\/www.facebook.com\\\/OrganisatorFachmagazin\",\"https:\\\/\\\/www.linkedin.com\\\/showcase\\\/organisator-das-magazin-fr-kmu\",\"https:\\\/\\\/www.xing.com\\\/news\\\/pages\\\/organisator-ch-695\",\"https:\\\/\\\/www.youtube.com\\\/channel\\\/UCGP2Sq0iWaZwT3BdIAQFYpw\"]},{\"@type\":\"Person\",\"@id\":\"https:\\\/\\\/www.organisator.ch\\\/#\\\/schema\\\/person\\\/6f650f90b2842cd4c0cc334b4e36f67e\",\"name\":\"thomas.berner\",\"image\":{\"@type\":\"ImageObject\",\"inLanguage\":\"fr-FR\",\"@id\":\"https:\\\/\\\/secure.gravatar.com\\\/avatar\\\/ac5001d2a36cb6c6cd3e50789007ffca834b477b74a2144564522e944eabff61?s=96&d=mm&r=g\",\"url\":\"https:\\\/\\\/secure.gravatar.com\\\/avatar\\\/ac5001d2a36cb6c6cd3e50789007ffca834b477b74a2144564522e944eabff61?s=96&d=mm&r=g\",\"contentUrl\":\"https:\\\/\\\/secure.gravatar.com\\\/avatar\\\/ac5001d2a36cb6c6cd3e50789007ffca834b477b74a2144564522e944eabff61?s=96&d=mm&r=g\",\"caption\":\"thomas.berner\"},\"url\":\"https:\\\/\\\/www.organisator.ch\\\/fr\\\/author\\\/thomas-berner\\\/\"}]}<\/script>\n<!-- \/ Yoast SEO plugin. -->","yoast_head_json":{"title":"Fin de la 30e \u00e9dition du salon professionnel IT topsoft - Organisateur","description":"Les 22 et 23 juin 2022, le salon professionnel IT topsoft a eu lieu pour la trenti\u00e8me fois. Un programme vari\u00e9 attendait les visiteurs.","robots":{"index":"index","follow":"follow","max-snippet":"max-snippet:-1","max-image-preview":"max-image-preview:large","max-video-preview":"max-video-preview:-1"},"canonical":"https:\/\/www.organisator.ch\/fr\/gestion-2\/it\/2022-06-27\/30-edition-du-salon-it-topsoft-termine\/","og_locale":"fr_FR","og_type":"article","og_title":"30. Ausgabe der IT-Fachmesse topsoft beendet","og_description":"Am 22.\/23. Juni 2022 fand zum nunmehr dreissigsten Mal die IT-Fachmesse topsoft statt. Ein vielf\u00e4ltiges Programm erwartete die Besucher.","og_url":"https:\/\/www.organisator.ch\/fr\/gestion-2\/it\/2022-06-27\/30-edition-du-salon-it-topsoft-termine\/","og_site_name":"Organisator","article_publisher":"https:\/\/www.facebook.com\/OrganisatorFachmagazin","article_published_time":"2022-06-27T06:42:49+00:00","og_image":[{"width":680,"height":447,"url":"https:\/\/www.organisator.ch\/wp-content\/uploads\/2022\/06\/30.-Ausgabe-der-IT-Fachmesse-topsoft-beendet_Organisator.jpg","type":"image\/jpeg"}],"author":"thomas.berner","twitter_card":"summary_large_image","twitter_title":"30. Ausgabe der IT-Fachmesse #topsoft beendet","twitter_description":"Am 22.\/23. Juni 2022 fand zum nunmehr dreissigsten Mal die #IT-Fachmesse #topsoft statt. Ein vielf\u00e4ltiges Programm erwartete die Besucher.","twitter_image":"https:\/\/www.organisator.ch\/wp-content\/uploads\/2022\/06\/30.-Ausgabe-der-IT-Fachmesse-topsoft-beendet_Organisator.jpg","schema":{"@context":"https:\/\/schema.org","@graph":[{"@type":"Article","@id":"https:\/\/www.organisator.ch\/management\/it\/2022-06-27\/30-ausgabe-der-it-fachmesse-topsoft-beendet\/#article","isPartOf":{"@id":"https:\/\/www.organisator.ch\/management\/it\/2022-06-27\/30-ausgabe-der-it-fachmesse-topsoft-beendet\/"},"author":{"name":"thomas.berner","@id":"https:\/\/www.organisator.ch\/#\/schema\/person\/6f650f90b2842cd4c0cc334b4e36f67e"},"headline":"30. Ausgabe der IT-Fachmesse topsoft beendet","datePublished":"2022-06-27T06:42:49+00:00","mainEntityOfPage":{"@id":"https:\/\/www.organisator.ch\/management\/it\/2022-06-27\/30-ausgabe-der-it-fachmesse-topsoft-beendet\/"},"wordCount":502,"publisher":{"@id":"https:\/\/www.organisator.ch\/#organization"},"image":{"@id":"https:\/\/www.organisator.ch\/management\/it\/2022-06-27\/30-ausgabe-der-it-fachmesse-topsoft-beendet\/#primaryimage"},"thumbnailUrl":"https:\/\/www.organisator.ch\/wp-content\/uploads\/2022\/06\/30.-Ausgabe-der-IT-Fachmesse-topsoft-beendet_Organisator.jpg","keywords":["Fachkongress\/Fachmesse","IT\u2009&amp;\u2009Business Software","topsoft"],"articleSection":["IT","OPERATIONAL EXCELLENCE"],"inLanguage":"fr-FR"},{"@type":"WebPage","@id":"https:\/\/www.organisator.ch\/management\/it\/2022-06-27\/30-ausgabe-der-it-fachmesse-topsoft-beendet\/","url":"https:\/\/www.organisator.ch\/management\/it\/2022-06-27\/30-ausgabe-der-it-fachmesse-topsoft-beendet\/","name":"Fin de la 30e \u00e9dition du salon professionnel IT topsoft - Organisateur","isPartOf":{"@id":"https:\/\/www.organisator.ch\/#website"},"primaryImageOfPage":{"@id":"https:\/\/www.organisator.ch\/management\/it\/2022-06-27\/30-ausgabe-der-it-fachmesse-topsoft-beendet\/#primaryimage"},"image":{"@id":"https:\/\/www.organisator.ch\/management\/it\/2022-06-27\/30-ausgabe-der-it-fachmesse-topsoft-beendet\/#primaryimage"},"thumbnailUrl":"https:\/\/www.organisator.ch\/wp-content\/uploads\/2022\/06\/30.-Ausgabe-der-IT-Fachmesse-topsoft-beendet_Organisator.jpg","datePublished":"2022-06-27T06:42:49+00:00","description":"Les 22 et 23 juin 2022, le salon professionnel IT topsoft a eu lieu pour la trenti\u00e8me fois. Un programme vari\u00e9 attendait les visiteurs.","breadcrumb":{"@id":"https:\/\/www.organisator.ch\/management\/it\/2022-06-27\/30-ausgabe-der-it-fachmesse-topsoft-beendet\/#breadcrumb"},"inLanguage":"fr-FR","potentialAction":[{"@type":"ReadAction","target":["https:\/\/www.organisator.ch\/management\/it\/2022-06-27\/30-ausgabe-der-it-fachmesse-topsoft-beendet\/"]}]},{"@type":"ImageObject","inLanguage":"fr-FR","@id":"https:\/\/www.organisator.ch\/management\/it\/2022-06-27\/30-ausgabe-der-it-fachmesse-topsoft-beendet\/#primaryimage","url":"https:\/\/www.organisator.ch\/wp-content\/uploads\/2022\/06\/30.-Ausgabe-der-IT-Fachmesse-topsoft-beendet_Organisator.jpg","contentUrl":"https:\/\/www.organisator.ch\/wp-content\/uploads\/2022\/06\/30.-Ausgabe-der-IT-Fachmesse-topsoft-beendet_Organisator.jpg","width":680,"height":447,"caption":"Die 30. Ausgabe der IT-Fachmesse topsoft zeigte ein vielf\u00e4ltiges Programm, z\u00e4hlte aber vergleichsweise wenige Besucherinnen und Besucher. (Bild: Thomas Berner)"},{"@type":"BreadcrumbList","@id":"https:\/\/www.organisator.ch\/management\/it\/2022-06-27\/30-ausgabe-der-it-fachmesse-topsoft-beendet\/#breadcrumb","itemListElement":[{"@type":"ListItem","position":1,"name":"Home","item":"https:\/\/www.organisator.ch\/"},{"@type":"ListItem","position":2,"name":"30. Ausgabe der IT-Fachmesse topsoft beendet"}]},{"@type":"WebSite","@id":"https:\/\/www.organisator.ch\/#website","url":"https:\/\/www.organisator.ch\/","name":"Organisateur","description":"Comp\u00e9tence et comp\u00e9tence. Proches de la pratique. L'ORGANISATEUR pr\u00e9pare 10 num\u00e9ros par an sur les th\u00e8mes essentiels pour les dirigeants de PME.","publisher":{"@id":"https:\/\/www.organisator.ch\/#organization"},"potentialAction":[{"@type":"SearchAction","target":{"@type":"EntryPoint","urlTemplate":"https:\/\/www.organisator.ch\/?s={search_term_string}"},"query-input":{"@type":"PropertyValueSpecification","valueRequired":true,"valueName":"search_term_string"}}],"inLanguage":"fr-FR"},{"@type":"Organization","@id":"https:\/\/www.organisator.ch\/#organization","name":"Organisateur","url":"https:\/\/www.organisator.ch\/","logo":{"@type":"ImageObject","inLanguage":"fr-FR","@id":"https:\/\/www.organisator.ch\/#\/schema\/logo\/image\/","url":"https:\/\/www.organisator.ch\/wp-content\/uploads\/2022\/01\/Logo_Organisator_Website.png","contentUrl":"https:\/\/www.organisator.ch\/wp-content\/uploads\/2022\/01\/Logo_Organisator_Website.png","width":800,"height":77,"caption":"Organisator"},"image":{"@id":"https:\/\/www.organisator.ch\/#\/schema\/logo\/image\/"},"sameAs":["https:\/\/www.facebook.com\/OrganisatorFachmagazin","https:\/\/www.linkedin.com\/showcase\/organisator-das-magazin-fr-kmu","https:\/\/www.xing.com\/news\/pages\/organisator-ch-695","https:\/\/www.youtube.com\/channel\/UCGP2Sq0iWaZwT3BdIAQFYpw"]},{"@type":"Person","@id":"https:\/\/www.organisator.ch\/#\/schema\/person\/6f650f90b2842cd4c0cc334b4e36f67e","name":"thomas.berner","image":{"@type":"ImageObject","inLanguage":"fr-FR","@id":"https:\/\/secure.gravatar.com\/avatar\/ac5001d2a36cb6c6cd3e50789007ffca834b477b74a2144564522e944eabff61?s=96&d=mm&r=g","url":"https:\/\/secure.gravatar.com\/avatar\/ac5001d2a36cb6c6cd3e50789007ffca834b477b74a2144564522e944eabff61?s=96&d=mm&r=g","contentUrl":"https:\/\/secure.gravatar.com\/avatar\/ac5001d2a36cb6c6cd3e50789007ffca834b477b74a2144564522e944eabff61?s=96&d=mm&r=g","caption":"thomas.berner"},"url":"https:\/\/www.organisator.ch\/fr\/author\/thomas-berner\/"}]}},"_links":{"self":[{"href":"https:\/\/www.organisator.ch\/fr\/wp-json\/wp\/v2\/posts\/15459","targetHints":{"allow":["GET"]}}],"collection":[{"href":"https:\/\/www.organisator.ch\/fr\/wp-json\/wp\/v2\/posts"}],"about":[{"href":"https:\/\/www.organisator.ch\/fr\/wp-json\/wp\/v2\/types\/post"}],"author":[{"embeddable":true,"href":"https:\/\/www.organisator.ch\/fr\/wp-json\/wp\/v2\/users\/4"}],"replies":[{"embeddable":true,"href":"https:\/\/www.organisator.ch\/fr\/wp-json\/wp\/v2\/comments?post=15459"}],"version-history":[{"count":1,"href":"https:\/\/www.organisator.ch\/fr\/wp-json\/wp\/v2\/posts\/15459\/revisions"}],"predecessor-version":[{"id":15461,"href":"https:\/\/www.organisator.ch\/fr\/wp-json\/wp\/v2\/posts\/15459\/revisions\/15461"}],"wp:featuredmedia":[{"embeddable":true,"href":"https:\/\/www.organisator.ch\/fr\/wp-json\/wp\/v2\/media\/15460"}],"wp:attachment":[{"href":"https:\/\/www.organisator.ch\/fr\/wp-json\/wp\/v2\/media?parent=15459"}],"wp:term":[{"taxonomy":"category","embeddable":true,"href":"https:\/\/www.organisator.ch\/fr\/wp-json\/wp\/v2\/categories?post=15459"},{"taxonomy":"post_tag","embeddable":true,"href":"https:\/\/www.organisator.ch\/fr\/wp-json\/wp\/v2\/tags?post=15459"}],"curies":[{"name":"wp","href":"https:\/\/api.w.org\/{rel}","templated":true}]}}