{"id":15462,"date":"2022-06-27T10:51:45","date_gmt":"2022-06-27T08:51:45","guid":{"rendered":"https:\/\/www.werbewoche.ch\/?p=179943"},"modified":"2022-07-23T16:14:45","modified_gmt":"2022-07-23T14:14:45","slug":"nachhaltige-swisscom-ueber-1-million-alt-handys-gesammelt","status":"publish","type":"post","link":"https:\/\/www.organisator.ch\/fr\/marketing\/2022-06-27\/nachhaltige-swisscom-ueber-1-million-alt-handys-gesammelt\/","title":{"rendered":"Swisscom durable : Plus d'un million de t\u00e9l\u00e9phones portables usag\u00e9s collect\u00e9s"},"content":{"rendered":"Christoph Aeschlimann, CEO de Swisscom, annonce \u00e9galement aujourd'hui une nouvelle \u00e9tape dans le domaine de l'\u00e9conomie circulaire - jusqu'en juin 2022, les clients de Swisscom ont, depuis le d\u00e9but du programme d'\u00e9conomie circulaire <a href=\"https:\/\/www.swisscom.ch\/de\/about\/nachhaltigkeit\/mobile-aid.html\" rel=\"noopener noreferrer\">Mobile Aid<\/a>\u00a0a rapport\u00e9 un million de vieux appareils en 2012.\r\n\r\n\"La Suisse peut \u00eatre fi\u00e8re\", d\u00e9clare Monika Wojcik, Head of Special Projects chez World Finance. \"Car Swisscom a r\u00e9ussi quelque chose qui n'a pas d'\u00e9quivalent au niveau international. Non seulement elle est pass\u00e9e enti\u00e8rement \u00e0 l'\u00e9lectricit\u00e9 renouvelable d'origine suisse, mais elle a aussi r\u00e9duit de 80% l'ensemble de ses besoins \u00e9nerg\u00e9tiques. Et pour tout ce qui va au-del\u00e0, des cha\u00eenes d'approvisionnement aux trajets des employ\u00e9s, elle deviendra climatiquement neutre d'ici 2025. Mieux encore : elle veut m\u00eame r\u00e9cup\u00e9rer 1 million de tonnes de CO2 de plus que ce qu'elle consomme. Cela soulage le pays tout entier\".\r\n<h3><strong>Appr\u00e9ciation de la feuille de route vers la neutralit\u00e9 climatique<\/strong><\/h3>\r\nAvec les\u00a0<a href=\"https:\/\/www.worldfinance.com\/sustainability-awards\" rel=\"noopener noreferrer\">Prix du d\u00e9veloppement durable<\/a>\u00a0le World Finance Magazine r\u00e9compense les entreprises qui s'engagent \u00e0 mettre en \u0153uvre des mesures significatives dans les domaines de l'environnement, de la soci\u00e9t\u00e9 et de la gouvernance d'entreprise (ESG), tout en recherchant en permanence des moyens d'am\u00e9liorer leurs efforts de d\u00e9veloppement durable. Le jury a particuli\u00e8rement appr\u00e9ci\u00e9 l'alignement de Swisscom sur l'Accord de Paris, sa contribution aux 17 Objectifs de d\u00e9veloppement durable (ODD) et sa strat\u00e9gie globale de d\u00e9veloppement durable. Le jury reconna\u00eet les pratiques d'entreprise et l'\u00e9thique de Swisscom, son r\u00f4le de leader dans la d\u00e9finition d'une strat\u00e9gie de d\u00e9veloppement durable ambitieuse dans le secteur des t\u00e9l\u00e9communications et l'\u00e9mission des Green Bonds pour encourager les progr\u00e8s durables et technologiques. Swisscom ne prend pas seulement ses responsabilit\u00e9s vis-\u00e0-vis de l'environnement, mais aussi vis-\u00e0-vis des personnes. Selon le jury, cela a \u00e9t\u00e9 d\u00e9montr\u00e9 notamment lors de la pand\u00e9mie.\r\n<h3><strong>1 million de t\u00e9l\u00e9phones portables financent 5 millions de repas<\/strong><\/h3>\r\n\"Ce prix est une belle reconnaissance de notre gestion d'entreprise durable et responsable\", constate le CEO Christoph Aeschlimann. \"Mais je remercie tout particuli\u00e8rement nos clientes et clients pour leur engagement durable : il y a quelques jours, le millioni\u00e8me t\u00e9l\u00e9phone portable collect\u00e9 pour Mobile Aid a \u00e9t\u00e9 remis dans un Swisscom Shop \u00e0 Berne\". Dans le cadre du programme Mobile Aid, les clientes et les non-clientes peuvent faire don de leurs anciens smartphones \u00e0 une bonne cause.\r\n\r\n\"Le produit d'un million de t\u00e9l\u00e9phones portables collect\u00e9s a d\u00e9j\u00e0 permis de financer 5 millions de repas pour des enfants dans le besoin\", pr\u00e9cise Aeschlimann. En Suisse, on estime que huit millions de vieux t\u00e9l\u00e9phones portables tra\u00eenent encore sans \u00eatre utilis\u00e9s. Rien que leur valeur mat\u00e9rielle d\u00e9passe facilement les 60 millions de francs. Le produit de la revente des t\u00e9l\u00e9phones portables d'occasion et du recyclage appropri\u00e9 des anciens appareils est revers\u00e9 \u00e0 SOS Villages d'Enfants Suisse.\r\n\r\nCompte tenu de la rar\u00e9faction des ressources naturelles, les mat\u00e9riaux issus du recyclage sont \u00e9galement tr\u00e8s pr\u00e9cieux. En effet, les terres rares n\u00e9cessaires \u00e0 la fabrication de nouveaux t\u00e9l\u00e9phones portables proviennent du monde entier. Gr\u00e2ce \u00e0 Mobile Aid, Swisscom exploite une ressource dans son propre pays qui, par le biais du recyclage, cr\u00e9e \u00e9galement des emplois \u00e0 bas seuil et sociaux dans son propre pays.","protected":false},"excerpt":{"rendered":"<p>Auch im Bereich Kreislaufwirtschaft verk\u00fcndet Swisscom-CEO Christoph Aeschlimann heute einen neuen Meilenstein \u2013 bis Juni 2022 haben Swisscom Kundinnen und Kunden seit Beginn des Kreislaufwirtschafts-Programms Mobile Aid\u00a0im Jahr 2012 eine Million alte Ger\u00e4te zur\u00fcckgebracht. \u00abDie Schweiz kann stolz sein\u00bb, sagt Monika Wojcik, Head of Special Projects bei World Finance. \u00abDenn Swisscom hat etwas geschafft, das [\u2026]<\/p>\n","protected":false},"author":8,"featured_media":0,"comment_status":"closed","ping_status":"closed","sticky":false,"template":"","format":"standard","meta":{"_acf_changed":false,"_yoast_wpseo_focuskw":"Swisscom","_yoast_wpseo_metadesc":"Das Magazin World Finance hat Swisscom zur \u00abMost Sustainable Company in the Telecommunication Industry 2022\u00bb gew\u00e4hlt.","articlekey":"","footnotes":""},"categories":[29],"tags":[3079,3080,2962],"class_list":["post-15462","post","type-post","status-publish","format-standard","hentry","category-marketing","tag-handys-gesammelt","tag-nachhaltige","tag-swisscom"],"acf":[],"yoast_head":"<!-- This site is optimized with the Yoast SEO plugin v27.5 - https:\/\/yoast.com\/product\/yoast-seo-wordpress\/ -->\n<title>Nachhaltige Swisscom: \u00dcber 1 Million Alt-Handys gesammelt - Organisator<\/title>\n<meta name=\"description\" content=\"Das Magazin World Finance hat Swisscom zur \u00abMost Sustainable Company in the Telecommunication Industry 2022\u00bb gew\u00e4hlt.\" \/>\n<meta name=\"robots\" content=\"index, follow, max-snippet:-1, max-image-preview:large, max-video-preview:-1\" \/>\n<link rel=\"canonical\" href=\"https:\/\/www.werbewoche.ch\/de\/marketing\/marken\/2022-06-27\/nachhaltige-swisscom-ueber-1-million-alt-handys-gesammelt\/\" \/>\n<meta property=\"og:locale\" content=\"fr_FR\" \/>\n<meta property=\"og:type\" content=\"article\" \/>\n<meta property=\"og:title\" content=\"Nachhaltige Swisscom: \u00dcber 1 Million Alt-Handys gesammelt - Organisator\" \/>\n<meta property=\"og:description\" content=\"Das Magazin World Finance hat Swisscom zur \u00abMost Sustainable Company in the Telecommunication Industry 2022\u00bb gew\u00e4hlt.\" \/>\n<meta property=\"og:url\" content=\"https:\/\/www.werbewoche.ch\/de\/marketing\/marken\/2022-06-27\/nachhaltige-swisscom-ueber-1-million-alt-handys-gesammelt\/\" \/>\n<meta property=\"og:site_name\" content=\"Organisator\" \/>\n<meta property=\"article:publisher\" content=\"https:\/\/www.facebook.com\/OrganisatorFachmagazin\" \/>\n<meta property=\"article:published_time\" content=\"2022-06-27T08:51:45+00:00\" \/>\n<meta property=\"article:modified_time\" content=\"2022-07-23T14:14:45+00:00\" \/>\n<meta name=\"author\" content=\"galledia\" \/>\n<meta name=\"twitter:card\" content=\"summary_large_image\" \/>\n<meta name=\"twitter:creator\" content=\"@admin\" \/>\n<script type=\"application\/ld+json\" class=\"yoast-schema-graph\">{\"@context\":\"https:\\\/\\\/schema.org\",\"@graph\":[{\"@type\":\"Article\",\"@id\":\"https:\\\/\\\/www.werbewoche.ch\\\/de\\\/marketing\\\/marken\\\/2022-06-27\\\/nachhaltige-swisscom-ueber-1-million-alt-handys-gesammelt\\\/#article\",\"isPartOf\":{\"@id\":\"https:\\\/\\\/www.organisator.ch\\\/marketing\\\/2022-06-27\\\/nachhaltige-swisscom-ueber-1-million-alt-handys-gesammelt\\\/\"},\"author\":{\"name\":\"galledia\",\"@id\":\"https:\\\/\\\/www.organisator.ch\\\/#\\\/schema\\\/person\\\/4e51799071cd2dd1232ac003643ef5f0\"},\"headline\":\"Nachhaltige Swisscom: \u00dcber 1 Million Alt-Handys gesammelt\",\"datePublished\":\"2022-06-27T08:51:45+00:00\",\"dateModified\":\"2022-07-23T14:14:45+00:00\",\"mainEntityOfPage\":{\"@id\":\"https:\\\/\\\/www.organisator.ch\\\/marketing\\\/2022-06-27\\\/nachhaltige-swisscom-ueber-1-million-alt-handys-gesammelt\\\/\"},\"wordCount\":467,\"publisher\":{\"@id\":\"https:\\\/\\\/www.organisator.ch\\\/#organization\"},\"keywords\":[\"Handys gesammelt\",\"Nachhaltige\",\"Swisscom\"],\"articleSection\":[\"MARKETING\"],\"inLanguage\":\"fr-FR\"},{\"@type\":\"WebPage\",\"@id\":\"https:\\\/\\\/www.organisator.ch\\\/marketing\\\/2022-06-27\\\/nachhaltige-swisscom-ueber-1-million-alt-handys-gesammelt\\\/\",\"url\":\"https:\\\/\\\/www.werbewoche.ch\\\/de\\\/marketing\\\/marken\\\/2022-06-27\\\/nachhaltige-swisscom-ueber-1-million-alt-handys-gesammelt\\\/\",\"name\":\"Nachhaltige Swisscom: \u00dcber 1 Million Alt-Handys gesammelt - Organisator\",\"isPartOf\":{\"@id\":\"https:\\\/\\\/www.organisator.ch\\\/#website\"},\"datePublished\":\"2022-06-27T08:51:45+00:00\",\"dateModified\":\"2022-07-23T14:14:45+00:00\",\"description\":\"Das Magazin World Finance hat Swisscom zur \u00abMost Sustainable Company in the Telecommunication Industry 2022\u00bb gew\u00e4hlt.\",\"breadcrumb\":{\"@id\":\"https:\\\/\\\/www.werbewoche.ch\\\/de\\\/marketing\\\/marken\\\/2022-06-27\\\/nachhaltige-swisscom-ueber-1-million-alt-handys-gesammelt\\\/#breadcrumb\"},\"inLanguage\":\"fr-FR\",\"potentialAction\":[{\"@type\":\"ReadAction\",\"target\":[\"https:\\\/\\\/www.werbewoche.ch\\\/de\\\/marketing\\\/marken\\\/2022-06-27\\\/nachhaltige-swisscom-ueber-1-million-alt-handys-gesammelt\\\/\"]}]},{\"@type\":\"BreadcrumbList\",\"@id\":\"https:\\\/\\\/www.werbewoche.ch\\\/de\\\/marketing\\\/marken\\\/2022-06-27\\\/nachhaltige-swisscom-ueber-1-million-alt-handys-gesammelt\\\/#breadcrumb\",\"itemListElement\":[{\"@type\":\"ListItem\",\"position\":1,\"name\":\"Home\",\"item\":\"https:\\\/\\\/www.organisator.ch\\\/\"},{\"@type\":\"ListItem\",\"position\":2,\"name\":\"Nachhaltige Swisscom: \u00dcber 1 Million Alt-Handys gesammelt\"}]},{\"@type\":\"WebSite\",\"@id\":\"https:\\\/\\\/www.organisator.ch\\\/#website\",\"url\":\"https:\\\/\\\/www.organisator.ch\\\/\",\"name\":\"Organisator\",\"description\":\"Kompetent. Praxisnah. Der ORGANISATOR bereitet in 10 Ausgaben pro Jahr die wesentlichen Themen f\u00fcr F\u00fchrungskr\u00e4fte von KMU auf.\",\"publisher\":{\"@id\":\"https:\\\/\\\/www.organisator.ch\\\/#organization\"},\"potentialAction\":[{\"@type\":\"SearchAction\",\"target\":{\"@type\":\"EntryPoint\",\"urlTemplate\":\"https:\\\/\\\/www.organisator.ch\\\/?s={search_term_string}\"},\"query-input\":{\"@type\":\"PropertyValueSpecification\",\"valueRequired\":true,\"valueName\":\"search_term_string\"}}],\"inLanguage\":\"fr-FR\"},{\"@type\":\"Organization\",\"@id\":\"https:\\\/\\\/www.organisator.ch\\\/#organization\",\"name\":\"Organisator\",\"url\":\"https:\\\/\\\/www.organisator.ch\\\/\",\"logo\":{\"@type\":\"ImageObject\",\"inLanguage\":\"fr-FR\",\"@id\":\"https:\\\/\\\/www.organisator.ch\\\/#\\\/schema\\\/logo\\\/image\\\/\",\"url\":\"https:\\\/\\\/www.organisator.ch\\\/wp-content\\\/uploads\\\/2022\\\/01\\\/Logo_Organisator_Website.png\",\"contentUrl\":\"https:\\\/\\\/www.organisator.ch\\\/wp-content\\\/uploads\\\/2022\\\/01\\\/Logo_Organisator_Website.png\",\"width\":800,\"height\":77,\"caption\":\"Organisator\"},\"image\":{\"@id\":\"https:\\\/\\\/www.organisator.ch\\\/#\\\/schema\\\/logo\\\/image\\\/\"},\"sameAs\":[\"https:\\\/\\\/www.facebook.com\\\/OrganisatorFachmagazin\",\"https:\\\/\\\/www.linkedin.com\\\/showcase\\\/organisator-das-magazin-fr-kmu\",\"https:\\\/\\\/www.xing.com\\\/news\\\/pages\\\/organisator-ch-695\",\"https:\\\/\\\/www.youtube.com\\\/channel\\\/UCGP2Sq0iWaZwT3BdIAQFYpw\"]},{\"@type\":\"Person\",\"@id\":\"https:\\\/\\\/www.organisator.ch\\\/#\\\/schema\\\/person\\\/4e51799071cd2dd1232ac003643ef5f0\",\"name\":\"galledia\",\"image\":{\"@type\":\"ImageObject\",\"inLanguage\":\"fr-FR\",\"@id\":\"https:\\\/\\\/secure.gravatar.com\\\/avatar\\\/78a7f90c01fc2bfc875782a0d4922b37cde2cf184ce347b91316d23cd7f69a36?s=96&d=mm&r=g\",\"url\":\"https:\\\/\\\/secure.gravatar.com\\\/avatar\\\/78a7f90c01fc2bfc875782a0d4922b37cde2cf184ce347b91316d23cd7f69a36?s=96&d=mm&r=g\",\"contentUrl\":\"https:\\\/\\\/secure.gravatar.com\\\/avatar\\\/78a7f90c01fc2bfc875782a0d4922b37cde2cf184ce347b91316d23cd7f69a36?s=96&d=mm&r=g\",\"caption\":\"galledia\"},\"sameAs\":[\"https:\\\/\\\/x.com\\\/admin\"],\"url\":\"https:\\\/\\\/www.organisator.ch\\\/fr\\\/author\\\/galledia\\\/\"}]}<\/script>\n<!-- \/ Yoast SEO plugin. -->","yoast_head_json":{"title":"Swisscom durable : plus d'un million de t\u00e9l\u00e9phones portables usag\u00e9s collect\u00e9s - Organisateur","description":"Le magazine World Finance a \u00e9lu Swisscom \"Most Sustainable Company in the Telecommunication Industry 2022\".","robots":{"index":"index","follow":"follow","max-snippet":"max-snippet:-1","max-image-preview":"max-image-preview:large","max-video-preview":"max-video-preview:-1"},"canonical":"https:\/\/www.werbewoche.ch\/de\/marketing\/marken\/2022-06-27\/nachhaltige-swisscom-ueber-1-million-alt-handys-gesammelt\/","og_locale":"fr_FR","og_type":"article","og_title":"Nachhaltige Swisscom: \u00dcber 1 Million Alt-Handys gesammelt - Organisator","og_description":"Das Magazin World Finance hat Swisscom zur \u00abMost Sustainable Company in the Telecommunication Industry 2022\u00bb gew\u00e4hlt.","og_url":"https:\/\/www.werbewoche.ch\/de\/marketing\/marken\/2022-06-27\/nachhaltige-swisscom-ueber-1-million-alt-handys-gesammelt\/","og_site_name":"Organisator","article_publisher":"https:\/\/www.facebook.com\/OrganisatorFachmagazin","article_published_time":"2022-06-27T08:51:45+00:00","article_modified_time":"2022-07-23T14:14:45+00:00","author":"galledia","twitter_card":"summary_large_image","twitter_creator":"@admin","schema":{"@context":"https:\/\/schema.org","@graph":[{"@type":"Article","@id":"https:\/\/www.werbewoche.ch\/de\/marketing\/marken\/2022-06-27\/nachhaltige-swisscom-ueber-1-million-alt-handys-gesammelt\/#article","isPartOf":{"@id":"https:\/\/www.organisator.ch\/marketing\/2022-06-27\/nachhaltige-swisscom-ueber-1-million-alt-handys-gesammelt\/"},"author":{"name":"galledia","@id":"https:\/\/www.organisator.ch\/#\/schema\/person\/4e51799071cd2dd1232ac003643ef5f0"},"headline":"Nachhaltige Swisscom: \u00dcber 1 Million Alt-Handys gesammelt","datePublished":"2022-06-27T08:51:45+00:00","dateModified":"2022-07-23T14:14:45+00:00","mainEntityOfPage":{"@id":"https:\/\/www.organisator.ch\/marketing\/2022-06-27\/nachhaltige-swisscom-ueber-1-million-alt-handys-gesammelt\/"},"wordCount":467,"publisher":{"@id":"https:\/\/www.organisator.ch\/#organization"},"keywords":["Handys gesammelt","Nachhaltige","Swisscom"],"articleSection":["MARKETING"],"inLanguage":"fr-FR"},{"@type":"WebPage","@id":"https:\/\/www.organisator.ch\/marketing\/2022-06-27\/nachhaltige-swisscom-ueber-1-million-alt-handys-gesammelt\/","url":"https:\/\/www.werbewoche.ch\/de\/marketing\/marken\/2022-06-27\/nachhaltige-swisscom-ueber-1-million-alt-handys-gesammelt\/","name":"Swisscom durable : plus d'un million de t\u00e9l\u00e9phones portables usag\u00e9s collect\u00e9s - Organisateur","isPartOf":{"@id":"https:\/\/www.organisator.ch\/#website"},"datePublished":"2022-06-27T08:51:45+00:00","dateModified":"2022-07-23T14:14:45+00:00","description":"Le magazine World Finance a \u00e9lu Swisscom \"Most Sustainable Company in the Telecommunication Industry 2022\".","breadcrumb":{"@id":"https:\/\/www.werbewoche.ch\/de\/marketing\/marken\/2022-06-27\/nachhaltige-swisscom-ueber-1-million-alt-handys-gesammelt\/#breadcrumb"},"inLanguage":"fr-FR","potentialAction":[{"@type":"ReadAction","target":["https:\/\/www.werbewoche.ch\/de\/marketing\/marken\/2022-06-27\/nachhaltige-swisscom-ueber-1-million-alt-handys-gesammelt\/"]}]},{"@type":"BreadcrumbList","@id":"https:\/\/www.werbewoche.ch\/de\/marketing\/marken\/2022-06-27\/nachhaltige-swisscom-ueber-1-million-alt-handys-gesammelt\/#breadcrumb","itemListElement":[{"@type":"ListItem","position":1,"name":"Home","item":"https:\/\/www.organisator.ch\/"},{"@type":"ListItem","position":2,"name":"Nachhaltige Swisscom: \u00dcber 1 Million Alt-Handys gesammelt"}]},{"@type":"WebSite","@id":"https:\/\/www.organisator.ch\/#website","url":"https:\/\/www.organisator.ch\/","name":"Organisateur","description":"Comp\u00e9tence et comp\u00e9tence. Proches de la pratique. L'ORGANISATEUR pr\u00e9pare 10 num\u00e9ros par an sur les th\u00e8mes essentiels pour les dirigeants de PME.","publisher":{"@id":"https:\/\/www.organisator.ch\/#organization"},"potentialAction":[{"@type":"SearchAction","target":{"@type":"EntryPoint","urlTemplate":"https:\/\/www.organisator.ch\/?s={search_term_string}"},"query-input":{"@type":"PropertyValueSpecification","valueRequired":true,"valueName":"search_term_string"}}],"inLanguage":"fr-FR"},{"@type":"Organization","@id":"https:\/\/www.organisator.ch\/#organization","name":"Organisateur","url":"https:\/\/www.organisator.ch\/","logo":{"@type":"ImageObject","inLanguage":"fr-FR","@id":"https:\/\/www.organisator.ch\/#\/schema\/logo\/image\/","url":"https:\/\/www.organisator.ch\/wp-content\/uploads\/2022\/01\/Logo_Organisator_Website.png","contentUrl":"https:\/\/www.organisator.ch\/wp-content\/uploads\/2022\/01\/Logo_Organisator_Website.png","width":800,"height":77,"caption":"Organisator"},"image":{"@id":"https:\/\/www.organisator.ch\/#\/schema\/logo\/image\/"},"sameAs":["https:\/\/www.facebook.com\/OrganisatorFachmagazin","https:\/\/www.linkedin.com\/showcase\/organisator-das-magazin-fr-kmu","https:\/\/www.xing.com\/news\/pages\/organisator-ch-695","https:\/\/www.youtube.com\/channel\/UCGP2Sq0iWaZwT3BdIAQFYpw"]},{"@type":"Person","@id":"https:\/\/www.organisator.ch\/#\/schema\/person\/4e51799071cd2dd1232ac003643ef5f0","name":"galledia","image":{"@type":"ImageObject","inLanguage":"fr-FR","@id":"https:\/\/secure.gravatar.com\/avatar\/78a7f90c01fc2bfc875782a0d4922b37cde2cf184ce347b91316d23cd7f69a36?s=96&d=mm&r=g","url":"https:\/\/secure.gravatar.com\/avatar\/78a7f90c01fc2bfc875782a0d4922b37cde2cf184ce347b91316d23cd7f69a36?s=96&d=mm&r=g","contentUrl":"https:\/\/secure.gravatar.com\/avatar\/78a7f90c01fc2bfc875782a0d4922b37cde2cf184ce347b91316d23cd7f69a36?s=96&d=mm&r=g","caption":"galledia"},"sameAs":["https:\/\/x.com\/admin"],"url":"https:\/\/www.organisator.ch\/fr\/author\/galledia\/"}]}},"_links":{"self":[{"href":"https:\/\/www.organisator.ch\/fr\/wp-json\/wp\/v2\/posts\/15462","targetHints":{"allow":["GET"]}}],"collection":[{"href":"https:\/\/www.organisator.ch\/fr\/wp-json\/wp\/v2\/posts"}],"about":[{"href":"https:\/\/www.organisator.ch\/fr\/wp-json\/wp\/v2\/types\/post"}],"author":[{"embeddable":true,"href":"https:\/\/www.organisator.ch\/fr\/wp-json\/wp\/v2\/users\/8"}],"replies":[{"embeddable":true,"href":"https:\/\/www.organisator.ch\/fr\/wp-json\/wp\/v2\/comments?post=15462"}],"version-history":[{"count":2,"href":"https:\/\/www.organisator.ch\/fr\/wp-json\/wp\/v2\/posts\/15462\/revisions"}],"predecessor-version":[{"id":15768,"href":"https:\/\/www.organisator.ch\/fr\/wp-json\/wp\/v2\/posts\/15462\/revisions\/15768"}],"wp:attachment":[{"href":"https:\/\/www.organisator.ch\/fr\/wp-json\/wp\/v2\/media?parent=15462"}],"wp:term":[{"taxonomy":"category","embeddable":true,"href":"https:\/\/www.organisator.ch\/fr\/wp-json\/wp\/v2\/categories?post=15462"},{"taxonomy":"post_tag","embeddable":true,"href":"https:\/\/www.organisator.ch\/fr\/wp-json\/wp\/v2\/tags?post=15462"}],"curies":[{"name":"wp","href":"https:\/\/api.w.org\/{rel}","templated":true}]}}