{"id":15487,"date":"2022-06-28T08:39:35","date_gmt":"2022-06-28T06:39:35","guid":{"rendered":"https:\/\/www.werbewoche.ch\/?p=180380"},"modified":"2022-07-23T16:08:13","modified_gmt":"2022-07-23T14:08:13","slug":"star-koch-fabian-zbinden-wird-markenbotschafter-von-lidl","status":"publish","type":"post","link":"https:\/\/www.organisator.ch\/fr\/marketing\/2022-06-28\/star-koch-fabian-zbinden-wird-markenbotschafter-von-lidl\/","title":{"rendered":"Le c\u00e9l\u00e8bre cuisinier Fabian Zbinden devient ambassadeur de la marque Lidl"},"content":{"rendered":"<img class=\"alignnone wp-image-180381 size-full\" src=\"https:\/\/www.werbewoche.ch\/wp-content\/uploads\/2022\/06\/Fabian_Zbinden-5-scaled.jpeg\" alt=\"Lidl\" width=\"2560\" height=\"1707\" \/>Christian Stucki, Ren\u00e9 Schudel, Anita Buri, Samuel Giger et Sina Frei sont d\u00e9j\u00e0 les ambassadeurs de la marque Lidl Suisse. L'entrepreneur de start-up et cuisinier bernois Fabian Zbinden vient de les rejoindre. A 33 ans, il est d\u00e9sormais ambassadeur de la marque Lidl Suisse et b\u00e9n\u00e9ficie d'un sponsoring de la part de Lidl Suisse.\r\n\r\nFabian Zbinden a d\u00e9couvert sa passion pour la cuisine lors de son apprentissage de cuisinier, qu'il a effectu\u00e9, comme son ami Ren\u00e9 Schudel, au Victoria-Jungfrau Grand Hotel &amp; Spa \u00e0 Interlaken. Il a ensuite travaill\u00e9 pendant plusieurs ann\u00e9es comme cuisinier \u00e0 Hollywood, au restaurant Nobu de Robert De Niro. Depuis 2014, il est entrepreneur start-up et cuisinier. Fabian, qui suit lui-m\u00eame un r\u00e9gime v\u00e9g\u00e9talien depuis quelques ann\u00e9es, se concentre sur une alimentation \u00e0 base de plantes. Pour Lidl Suisse, il est donc un enrichissement dans le domaine de l'alimentation \u00e0 base de plantes et un compl\u00e9ment optimal au partenariat de longue date avec Ren\u00e9 Schudel.\r\n\r\nLa cr\u00e9ation de son food truck \"La Ribolitta\" ainsi que la cofondation de la start-up v\u00e9g\u00e9talienne \"Feel Food\", qui propose des plats cuisin\u00e9s v\u00e9g\u00e9taliens tels que \"Chili sin Carne\", \"Red Lentil Dal\" ou \"Pasta Bolo Vegan\", ont constitu\u00e9 des \u00e9tapes importantes de sa carri\u00e8re. Les plats sont compos\u00e9s \u00e0 100 pour cent d'ingr\u00e9dients v\u00e9g\u00e9taux bio. Depuis 2021, Fabian participe \u00e9galement \u00e0 l'\u00e9mission \"SRF bi de L\u00fct\" en tant que cuisinier TV.\r\n\r\n\"L'alimentation \u00e0 base de plantes et le commerce durable me tiennent \u00e0 c\u0153ur. Avec Lidl Suisse, j'ai un partenaire qui partage les m\u00eames valeurs. C'est ce qui nous lie\", d\u00e9clare Fabian Zbinden, \"nous nous effor\u00e7ons tous deux de prendre ces th\u00e8mes au s\u00e9rieux et je suis s\u00fbr que cette pens\u00e9e sera \u00e9galement perceptible dans notre collaboration\".\r\n<h3>Focus sur les produits v\u00e9g\u00e9taliens et v\u00e9g\u00e9tariens<\/h3>\r\nRaphael Werner, Head of Marketing de Lidl Suisse, salue chaleureusement Fabian Zbinden et son engagement : \"Fabian s'inscrit parfaitement dans notre volont\u00e9 d'offrir la meilleure qualit\u00e9 au meilleur prix sur l'ensemble de notre assortiment, y compris dans le domaine v\u00e9g\u00e9talien et v\u00e9g\u00e9tarien. Nous proposons d\u00e9j\u00e0 un grand choix avec plus de 80 produits v\u00e9g\u00e9taliens et v\u00e9g\u00e9tariens et, en outre, plus de 150 articles de fruits et l\u00e9gumes frais chaque jour\".","protected":false},"excerpt":{"rendered":"<p>Bereits sind Christian Stucki, Ren\u00e9 Schudel, Anita Buri, Samuel Giger und Sina Frei f\u00fcr Lidl Schweiz als Markenbotschafter t\u00e4tig. Neu gesellt sich der Berner Start-up-Unternehmer und Koch Fabian Zbinden dazu. Ab sofort ist der 33-j\u00e4hrige f\u00fcr Lidl Schweiz als Markenbotschafter unterwegs und wird von Lidl Schweiz im Rahmen eines Sponsorings gef\u00f6rdert. Seine Passion f\u00fcr das [\u2026]<\/p>\n","protected":false},"author":8,"featured_media":0,"comment_status":"closed","ping_status":"closed","sticky":false,"template":"","format":"standard","meta":{"_acf_changed":false,"_yoast_wpseo_focuskw":"Lidl","_yoast_wpseo_metadesc":"Lidl Schweiz und Fabian Zbinden, bekannter Start-up Unternehmer und Koch, werden Partner. Der 33-j\u00e4hrige Berner wird Lidl Schweiz k\u00fcnftig als Markenbotschafter vertreten.","articlekey":"","footnotes":""},"categories":[29],"tags":[3076,3005],"class_list":["post-15487","post","type-post","status-publish","format-standard","hentry","category-marketing","tag-fabian-zbinden","tag-lidl"],"acf":[],"yoast_head":"<!-- This site is optimized with the Yoast SEO plugin v27.5 - https:\/\/yoast.com\/product\/yoast-seo-wordpress\/ -->\n<title>Star-Koch Fabian Zbinden wird Markenbotschafter von Lidl - Organisator<\/title>\n<meta name=\"description\" content=\"Lidl Schweiz und Fabian Zbinden, bekannter Start-up Unternehmer und Koch, werden Partner. Der 33-j\u00e4hrige Berner wird Lidl Schweiz k\u00fcnftig als Markenbotschafter vertreten.\" \/>\n<meta name=\"robots\" content=\"index, follow, max-snippet:-1, max-image-preview:large, max-video-preview:-1\" \/>\n<link rel=\"canonical\" href=\"https:\/\/www.werbewoche.ch\/de\/marketing\/marken\/2022-06-28\/star-koch-fabian-zbinden-wird-markenbotschafter-von-lidl\/\" \/>\n<meta property=\"og:locale\" content=\"fr_FR\" \/>\n<meta property=\"og:type\" content=\"article\" \/>\n<meta property=\"og:title\" content=\"Star-Koch Fabian Zbinden wird Markenbotschafter von Lidl - Organisator\" \/>\n<meta property=\"og:description\" content=\"Lidl Schweiz und Fabian Zbinden, bekannter Start-up Unternehmer und Koch, werden Partner. Der 33-j\u00e4hrige Berner wird Lidl Schweiz k\u00fcnftig als Markenbotschafter vertreten.\" \/>\n<meta property=\"og:url\" content=\"https:\/\/www.werbewoche.ch\/de\/marketing\/marken\/2022-06-28\/star-koch-fabian-zbinden-wird-markenbotschafter-von-lidl\/\" \/>\n<meta property=\"og:site_name\" content=\"Organisator\" \/>\n<meta property=\"article:publisher\" content=\"https:\/\/www.facebook.com\/OrganisatorFachmagazin\" \/>\n<meta property=\"article:published_time\" content=\"2022-06-28T06:39:35+00:00\" \/>\n<meta property=\"article:modified_time\" content=\"2022-07-23T14:08:13+00:00\" \/>\n<meta property=\"og:image\" content=\"https:\/\/www.werbewoche.ch\/wp-content\/uploads\/2022\/06\/Fabian_Zbinden-5-scaled.jpeg\" \/>\n<meta name=\"author\" content=\"galledia\" \/>\n<meta name=\"twitter:card\" content=\"summary_large_image\" \/>\n<meta name=\"twitter:creator\" content=\"@admin\" \/>\n<script type=\"application\/ld+json\" class=\"yoast-schema-graph\">{\"@context\":\"https:\\\/\\\/schema.org\",\"@graph\":[{\"@type\":\"Article\",\"@id\":\"https:\\\/\\\/www.werbewoche.ch\\\/de\\\/marketing\\\/marken\\\/2022-06-28\\\/star-koch-fabian-zbinden-wird-markenbotschafter-von-lidl\\\/#article\",\"isPartOf\":{\"@id\":\"https:\\\/\\\/www.organisator.ch\\\/marketing\\\/2022-06-28\\\/star-koch-fabian-zbinden-wird-markenbotschafter-von-lidl\\\/\"},\"author\":{\"name\":\"galledia\",\"@id\":\"https:\\\/\\\/www.organisator.ch\\\/#\\\/schema\\\/person\\\/4e51799071cd2dd1232ac003643ef5f0\"},\"headline\":\"Star-Koch Fabian Zbinden wird Markenbotschafter von Lidl\",\"datePublished\":\"2022-06-28T06:39:35+00:00\",\"dateModified\":\"2022-07-23T14:08:13+00:00\",\"mainEntityOfPage\":{\"@id\":\"https:\\\/\\\/www.organisator.ch\\\/marketing\\\/2022-06-28\\\/star-koch-fabian-zbinden-wird-markenbotschafter-von-lidl\\\/\"},\"wordCount\":355,\"publisher\":{\"@id\":\"https:\\\/\\\/www.organisator.ch\\\/#organization\"},\"image\":{\"@id\":\"https:\\\/\\\/www.werbewoche.ch\\\/de\\\/marketing\\\/marken\\\/2022-06-28\\\/star-koch-fabian-zbinden-wird-markenbotschafter-von-lidl\\\/#primaryimage\"},\"thumbnailUrl\":\"https:\\\/\\\/www.werbewoche.ch\\\/wp-content\\\/uploads\\\/2022\\\/06\\\/Fabian_Zbinden-5-scaled.jpeg\",\"keywords\":[\"Fabian Zbinden\",\"Lidl\"],\"articleSection\":[\"MARKETING\"],\"inLanguage\":\"fr-FR\"},{\"@type\":\"WebPage\",\"@id\":\"https:\\\/\\\/www.organisator.ch\\\/marketing\\\/2022-06-28\\\/star-koch-fabian-zbinden-wird-markenbotschafter-von-lidl\\\/\",\"url\":\"https:\\\/\\\/www.werbewoche.ch\\\/de\\\/marketing\\\/marken\\\/2022-06-28\\\/star-koch-fabian-zbinden-wird-markenbotschafter-von-lidl\\\/\",\"name\":\"Star-Koch Fabian Zbinden wird Markenbotschafter von Lidl - Organisator\",\"isPartOf\":{\"@id\":\"https:\\\/\\\/www.organisator.ch\\\/#website\"},\"primaryImageOfPage\":{\"@id\":\"https:\\\/\\\/www.werbewoche.ch\\\/de\\\/marketing\\\/marken\\\/2022-06-28\\\/star-koch-fabian-zbinden-wird-markenbotschafter-von-lidl\\\/#primaryimage\"},\"image\":{\"@id\":\"https:\\\/\\\/www.werbewoche.ch\\\/de\\\/marketing\\\/marken\\\/2022-06-28\\\/star-koch-fabian-zbinden-wird-markenbotschafter-von-lidl\\\/#primaryimage\"},\"thumbnailUrl\":\"https:\\\/\\\/www.werbewoche.ch\\\/wp-content\\\/uploads\\\/2022\\\/06\\\/Fabian_Zbinden-5-scaled.jpeg\",\"datePublished\":\"2022-06-28T06:39:35+00:00\",\"dateModified\":\"2022-07-23T14:08:13+00:00\",\"description\":\"Lidl Schweiz und Fabian Zbinden, bekannter Start-up Unternehmer und Koch, werden Partner. Der 33-j\u00e4hrige Berner wird Lidl Schweiz k\u00fcnftig als Markenbotschafter vertreten.\",\"breadcrumb\":{\"@id\":\"https:\\\/\\\/www.werbewoche.ch\\\/de\\\/marketing\\\/marken\\\/2022-06-28\\\/star-koch-fabian-zbinden-wird-markenbotschafter-von-lidl\\\/#breadcrumb\"},\"inLanguage\":\"fr-FR\",\"potentialAction\":[{\"@type\":\"ReadAction\",\"target\":[\"https:\\\/\\\/www.werbewoche.ch\\\/de\\\/marketing\\\/marken\\\/2022-06-28\\\/star-koch-fabian-zbinden-wird-markenbotschafter-von-lidl\\\/\"]}]},{\"@type\":\"ImageObject\",\"inLanguage\":\"fr-FR\",\"@id\":\"https:\\\/\\\/www.werbewoche.ch\\\/de\\\/marketing\\\/marken\\\/2022-06-28\\\/star-koch-fabian-zbinden-wird-markenbotschafter-von-lidl\\\/#primaryimage\",\"url\":\"https:\\\/\\\/www.werbewoche.ch\\\/wp-content\\\/uploads\\\/2022\\\/06\\\/Fabian_Zbinden-5-scaled.jpeg\",\"contentUrl\":\"https:\\\/\\\/www.werbewoche.ch\\\/wp-content\\\/uploads\\\/2022\\\/06\\\/Fabian_Zbinden-5-scaled.jpeg\"},{\"@type\":\"BreadcrumbList\",\"@id\":\"https:\\\/\\\/www.werbewoche.ch\\\/de\\\/marketing\\\/marken\\\/2022-06-28\\\/star-koch-fabian-zbinden-wird-markenbotschafter-von-lidl\\\/#breadcrumb\",\"itemListElement\":[{\"@type\":\"ListItem\",\"position\":1,\"name\":\"Home\",\"item\":\"https:\\\/\\\/www.organisator.ch\\\/\"},{\"@type\":\"ListItem\",\"position\":2,\"name\":\"Star-Koch Fabian Zbinden wird Markenbotschafter von Lidl\"}]},{\"@type\":\"WebSite\",\"@id\":\"https:\\\/\\\/www.organisator.ch\\\/#website\",\"url\":\"https:\\\/\\\/www.organisator.ch\\\/\",\"name\":\"Organisator\",\"description\":\"Kompetent. Praxisnah. Der ORGANISATOR bereitet in 10 Ausgaben pro Jahr die wesentlichen Themen f\u00fcr F\u00fchrungskr\u00e4fte von KMU auf.\",\"publisher\":{\"@id\":\"https:\\\/\\\/www.organisator.ch\\\/#organization\"},\"potentialAction\":[{\"@type\":\"SearchAction\",\"target\":{\"@type\":\"EntryPoint\",\"urlTemplate\":\"https:\\\/\\\/www.organisator.ch\\\/?s={search_term_string}\"},\"query-input\":{\"@type\":\"PropertyValueSpecification\",\"valueRequired\":true,\"valueName\":\"search_term_string\"}}],\"inLanguage\":\"fr-FR\"},{\"@type\":\"Organization\",\"@id\":\"https:\\\/\\\/www.organisator.ch\\\/#organization\",\"name\":\"Organisator\",\"url\":\"https:\\\/\\\/www.organisator.ch\\\/\",\"logo\":{\"@type\":\"ImageObject\",\"inLanguage\":\"fr-FR\",\"@id\":\"https:\\\/\\\/www.organisator.ch\\\/#\\\/schema\\\/logo\\\/image\\\/\",\"url\":\"https:\\\/\\\/www.organisator.ch\\\/wp-content\\\/uploads\\\/2022\\\/01\\\/Logo_Organisator_Website.png\",\"contentUrl\":\"https:\\\/\\\/www.organisator.ch\\\/wp-content\\\/uploads\\\/2022\\\/01\\\/Logo_Organisator_Website.png\",\"width\":800,\"height\":77,\"caption\":\"Organisator\"},\"image\":{\"@id\":\"https:\\\/\\\/www.organisator.ch\\\/#\\\/schema\\\/logo\\\/image\\\/\"},\"sameAs\":[\"https:\\\/\\\/www.facebook.com\\\/OrganisatorFachmagazin\",\"https:\\\/\\\/www.linkedin.com\\\/showcase\\\/organisator-das-magazin-fr-kmu\",\"https:\\\/\\\/www.xing.com\\\/news\\\/pages\\\/organisator-ch-695\",\"https:\\\/\\\/www.youtube.com\\\/channel\\\/UCGP2Sq0iWaZwT3BdIAQFYpw\"]},{\"@type\":\"Person\",\"@id\":\"https:\\\/\\\/www.organisator.ch\\\/#\\\/schema\\\/person\\\/4e51799071cd2dd1232ac003643ef5f0\",\"name\":\"galledia\",\"image\":{\"@type\":\"ImageObject\",\"inLanguage\":\"fr-FR\",\"@id\":\"https:\\\/\\\/secure.gravatar.com\\\/avatar\\\/78a7f90c01fc2bfc875782a0d4922b37cde2cf184ce347b91316d23cd7f69a36?s=96&d=mm&r=g\",\"url\":\"https:\\\/\\\/secure.gravatar.com\\\/avatar\\\/78a7f90c01fc2bfc875782a0d4922b37cde2cf184ce347b91316d23cd7f69a36?s=96&d=mm&r=g\",\"contentUrl\":\"https:\\\/\\\/secure.gravatar.com\\\/avatar\\\/78a7f90c01fc2bfc875782a0d4922b37cde2cf184ce347b91316d23cd7f69a36?s=96&d=mm&r=g\",\"caption\":\"galledia\"},\"sameAs\":[\"https:\\\/\\\/x.com\\\/admin\"],\"url\":\"https:\\\/\\\/www.organisator.ch\\\/fr\\\/author\\\/galledia\\\/\"}]}<\/script>\n<!-- \/ Yoast SEO plugin. -->","yoast_head_json":{"title":"Le c\u00e9l\u00e8bre cuisinier Fabian Zbinden devient ambassadeur de la marque Lidl - Organisateur","description":"Lidl Suisse et Fabian Zbinden, entrepreneur de start-up et cuisinier connu, deviennent partenaires. Le Bernois de 33 ans repr\u00e9sentera d\u00e9sormais Lidl Suisse en tant qu'ambassadeur de la marque.","robots":{"index":"index","follow":"follow","max-snippet":"max-snippet:-1","max-image-preview":"max-image-preview:large","max-video-preview":"max-video-preview:-1"},"canonical":"https:\/\/www.werbewoche.ch\/de\/marketing\/marken\/2022-06-28\/star-koch-fabian-zbinden-wird-markenbotschafter-von-lidl\/","og_locale":"fr_FR","og_type":"article","og_title":"Star-Koch Fabian Zbinden wird Markenbotschafter von Lidl - Organisator","og_description":"Lidl Schweiz und Fabian Zbinden, bekannter Start-up Unternehmer und Koch, werden Partner. Der 33-j\u00e4hrige Berner wird Lidl Schweiz k\u00fcnftig als Markenbotschafter vertreten.","og_url":"https:\/\/www.werbewoche.ch\/de\/marketing\/marken\/2022-06-28\/star-koch-fabian-zbinden-wird-markenbotschafter-von-lidl\/","og_site_name":"Organisator","article_publisher":"https:\/\/www.facebook.com\/OrganisatorFachmagazin","article_published_time":"2022-06-28T06:39:35+00:00","article_modified_time":"2022-07-23T14:08:13+00:00","og_image":[{"url":"https:\/\/www.werbewoche.ch\/wp-content\/uploads\/2022\/06\/Fabian_Zbinden-5-scaled.jpeg","type":"","width":"","height":""}],"author":"galledia","twitter_card":"summary_large_image","twitter_creator":"@admin","schema":{"@context":"https:\/\/schema.org","@graph":[{"@type":"Article","@id":"https:\/\/www.werbewoche.ch\/de\/marketing\/marken\/2022-06-28\/star-koch-fabian-zbinden-wird-markenbotschafter-von-lidl\/#article","isPartOf":{"@id":"https:\/\/www.organisator.ch\/marketing\/2022-06-28\/star-koch-fabian-zbinden-wird-markenbotschafter-von-lidl\/"},"author":{"name":"galledia","@id":"https:\/\/www.organisator.ch\/#\/schema\/person\/4e51799071cd2dd1232ac003643ef5f0"},"headline":"Star-Koch Fabian Zbinden wird Markenbotschafter von Lidl","datePublished":"2022-06-28T06:39:35+00:00","dateModified":"2022-07-23T14:08:13+00:00","mainEntityOfPage":{"@id":"https:\/\/www.organisator.ch\/marketing\/2022-06-28\/star-koch-fabian-zbinden-wird-markenbotschafter-von-lidl\/"},"wordCount":355,"publisher":{"@id":"https:\/\/www.organisator.ch\/#organization"},"image":{"@id":"https:\/\/www.werbewoche.ch\/de\/marketing\/marken\/2022-06-28\/star-koch-fabian-zbinden-wird-markenbotschafter-von-lidl\/#primaryimage"},"thumbnailUrl":"https:\/\/www.werbewoche.ch\/wp-content\/uploads\/2022\/06\/Fabian_Zbinden-5-scaled.jpeg","keywords":["Fabian Zbinden","Lidl"],"articleSection":["MARKETING"],"inLanguage":"fr-FR"},{"@type":"WebPage","@id":"https:\/\/www.organisator.ch\/marketing\/2022-06-28\/star-koch-fabian-zbinden-wird-markenbotschafter-von-lidl\/","url":"https:\/\/www.werbewoche.ch\/de\/marketing\/marken\/2022-06-28\/star-koch-fabian-zbinden-wird-markenbotschafter-von-lidl\/","name":"Le c\u00e9l\u00e8bre cuisinier Fabian Zbinden devient ambassadeur de la marque Lidl - Organisateur","isPartOf":{"@id":"https:\/\/www.organisator.ch\/#website"},"primaryImageOfPage":{"@id":"https:\/\/www.werbewoche.ch\/de\/marketing\/marken\/2022-06-28\/star-koch-fabian-zbinden-wird-markenbotschafter-von-lidl\/#primaryimage"},"image":{"@id":"https:\/\/www.werbewoche.ch\/de\/marketing\/marken\/2022-06-28\/star-koch-fabian-zbinden-wird-markenbotschafter-von-lidl\/#primaryimage"},"thumbnailUrl":"https:\/\/www.werbewoche.ch\/wp-content\/uploads\/2022\/06\/Fabian_Zbinden-5-scaled.jpeg","datePublished":"2022-06-28T06:39:35+00:00","dateModified":"2022-07-23T14:08:13+00:00","description":"Lidl Suisse et Fabian Zbinden, entrepreneur de start-up et cuisinier connu, deviennent partenaires. Le Bernois de 33 ans repr\u00e9sentera d\u00e9sormais Lidl Suisse en tant qu'ambassadeur de la marque.","breadcrumb":{"@id":"https:\/\/www.werbewoche.ch\/de\/marketing\/marken\/2022-06-28\/star-koch-fabian-zbinden-wird-markenbotschafter-von-lidl\/#breadcrumb"},"inLanguage":"fr-FR","potentialAction":[{"@type":"ReadAction","target":["https:\/\/www.werbewoche.ch\/de\/marketing\/marken\/2022-06-28\/star-koch-fabian-zbinden-wird-markenbotschafter-von-lidl\/"]}]},{"@type":"ImageObject","inLanguage":"fr-FR","@id":"https:\/\/www.werbewoche.ch\/de\/marketing\/marken\/2022-06-28\/star-koch-fabian-zbinden-wird-markenbotschafter-von-lidl\/#primaryimage","url":"https:\/\/www.werbewoche.ch\/wp-content\/uploads\/2022\/06\/Fabian_Zbinden-5-scaled.jpeg","contentUrl":"https:\/\/www.werbewoche.ch\/wp-content\/uploads\/2022\/06\/Fabian_Zbinden-5-scaled.jpeg"},{"@type":"BreadcrumbList","@id":"https:\/\/www.werbewoche.ch\/de\/marketing\/marken\/2022-06-28\/star-koch-fabian-zbinden-wird-markenbotschafter-von-lidl\/#breadcrumb","itemListElement":[{"@type":"ListItem","position":1,"name":"Home","item":"https:\/\/www.organisator.ch\/"},{"@type":"ListItem","position":2,"name":"Star-Koch Fabian Zbinden wird Markenbotschafter von Lidl"}]},{"@type":"WebSite","@id":"https:\/\/www.organisator.ch\/#website","url":"https:\/\/www.organisator.ch\/","name":"Organisateur","description":"Comp\u00e9tence et comp\u00e9tence. Proches de la pratique. L'ORGANISATEUR pr\u00e9pare 10 num\u00e9ros par an sur les th\u00e8mes essentiels pour les dirigeants de PME.","publisher":{"@id":"https:\/\/www.organisator.ch\/#organization"},"potentialAction":[{"@type":"SearchAction","target":{"@type":"EntryPoint","urlTemplate":"https:\/\/www.organisator.ch\/?s={search_term_string}"},"query-input":{"@type":"PropertyValueSpecification","valueRequired":true,"valueName":"search_term_string"}}],"inLanguage":"fr-FR"},{"@type":"Organization","@id":"https:\/\/www.organisator.ch\/#organization","name":"Organisateur","url":"https:\/\/www.organisator.ch\/","logo":{"@type":"ImageObject","inLanguage":"fr-FR","@id":"https:\/\/www.organisator.ch\/#\/schema\/logo\/image\/","url":"https:\/\/www.organisator.ch\/wp-content\/uploads\/2022\/01\/Logo_Organisator_Website.png","contentUrl":"https:\/\/www.organisator.ch\/wp-content\/uploads\/2022\/01\/Logo_Organisator_Website.png","width":800,"height":77,"caption":"Organisator"},"image":{"@id":"https:\/\/www.organisator.ch\/#\/schema\/logo\/image\/"},"sameAs":["https:\/\/www.facebook.com\/OrganisatorFachmagazin","https:\/\/www.linkedin.com\/showcase\/organisator-das-magazin-fr-kmu","https:\/\/www.xing.com\/news\/pages\/organisator-ch-695","https:\/\/www.youtube.com\/channel\/UCGP2Sq0iWaZwT3BdIAQFYpw"]},{"@type":"Person","@id":"https:\/\/www.organisator.ch\/#\/schema\/person\/4e51799071cd2dd1232ac003643ef5f0","name":"galledia","image":{"@type":"ImageObject","inLanguage":"fr-FR","@id":"https:\/\/secure.gravatar.com\/avatar\/78a7f90c01fc2bfc875782a0d4922b37cde2cf184ce347b91316d23cd7f69a36?s=96&d=mm&r=g","url":"https:\/\/secure.gravatar.com\/avatar\/78a7f90c01fc2bfc875782a0d4922b37cde2cf184ce347b91316d23cd7f69a36?s=96&d=mm&r=g","contentUrl":"https:\/\/secure.gravatar.com\/avatar\/78a7f90c01fc2bfc875782a0d4922b37cde2cf184ce347b91316d23cd7f69a36?s=96&d=mm&r=g","caption":"galledia"},"sameAs":["https:\/\/x.com\/admin"],"url":"https:\/\/www.organisator.ch\/fr\/author\/galledia\/"}]}},"_links":{"self":[{"href":"https:\/\/www.organisator.ch\/fr\/wp-json\/wp\/v2\/posts\/15487","targetHints":{"allow":["GET"]}}],"collection":[{"href":"https:\/\/www.organisator.ch\/fr\/wp-json\/wp\/v2\/posts"}],"about":[{"href":"https:\/\/www.organisator.ch\/fr\/wp-json\/wp\/v2\/types\/post"}],"author":[{"embeddable":true,"href":"https:\/\/www.organisator.ch\/fr\/wp-json\/wp\/v2\/users\/8"}],"replies":[{"embeddable":true,"href":"https:\/\/www.organisator.ch\/fr\/wp-json\/wp\/v2\/comments?post=15487"}],"version-history":[{"count":2,"href":"https:\/\/www.organisator.ch\/fr\/wp-json\/wp\/v2\/posts\/15487\/revisions"}],"predecessor-version":[{"id":15762,"href":"https:\/\/www.organisator.ch\/fr\/wp-json\/wp\/v2\/posts\/15487\/revisions\/15762"}],"wp:attachment":[{"href":"https:\/\/www.organisator.ch\/fr\/wp-json\/wp\/v2\/media?parent=15487"}],"wp:term":[{"taxonomy":"category","embeddable":true,"href":"https:\/\/www.organisator.ch\/fr\/wp-json\/wp\/v2\/categories?post=15487"},{"taxonomy":"post_tag","embeddable":true,"href":"https:\/\/www.organisator.ch\/fr\/wp-json\/wp\/v2\/tags?post=15487"}],"curies":[{"name":"wp","href":"https:\/\/api.w.org\/{rel}","templated":true}]}}