{"id":1550,"date":"2017-02-21T12:46:35","date_gmt":"2017-02-21T11:46:35","guid":{"rendered":"https:\/\/www.organisator.ch\/?p=1550"},"modified":"2017-02-21T12:46:35","modified_gmt":"2017-02-21T11:46:35","slug":"business-travel-schweizer-travel-manager-sehen-schwarz","status":"publish","type":"post","link":"https:\/\/www.organisator.ch\/fr\/allgemein\/2017-02-21\/business-travel-schweizer-travel-manager-sehen-schwarz\/","title":{"rendered":"Business Travel : les travel managers suisses voient tout en noir"},"content":{"rendered":"<figure id=\"attachment_1551\" aria-describedby=\"caption-attachment-1551\" style=\"width: 680px\" class=\"wp-caption alignnone\"><img loading=\"lazy\" decoding=\"async\" class=\"size-medium wp-image-1551\" src=\"https:\/\/www.organisator.ch\/wp-content\/uploads\/2017\/02\/Business-Travel-Schweizer-Business-Travel-Manager_AirPlus-Studie-org-Organisator.jpg\" alt=\"\" width=\"680\" height=\"454\" srcset=\"https:\/\/www.organisator.ch\/wp-content\/uploads\/2017\/02\/Business-Travel-Schweizer-Business-Travel-Manager_AirPlus-Studie-org-Organisator.jpg 1000w, https:\/\/www.organisator.ch\/wp-content\/uploads\/2017\/02\/Business-Travel-Schweizer-Business-Travel-Manager_AirPlus-Studie-org-Organisator-680x454.jpg 680w, https:\/\/www.organisator.ch\/wp-content\/uploads\/2017\/02\/Business-Travel-Schweizer-Business-Travel-Manager_AirPlus-Studie-org-Organisator-768x512.jpg 768w, https:\/\/www.organisator.ch\/wp-content\/uploads\/2017\/02\/Business-Travel-Schweizer-Business-Travel-Manager_AirPlus-Studie-org-Organisator-16x12.jpg 16w, https:\/\/www.organisator.ch\/wp-content\/uploads\/2017\/02\/Business-Travel-Schweizer-Business-Travel-Manager_AirPlus-Studie-org-Organisator-262x175.jpg 262w, https:\/\/www.organisator.ch\/wp-content\/uploads\/2017\/02\/Business-Travel-Schweizer-Business-Travel-Manager_AirPlus-Studie-org-Organisator-525x350.jpg 525w, https:\/\/www.organisator.ch\/wp-content\/uploads\/2017\/02\/Business-Travel-Schweizer-Business-Travel-Manager_AirPlus-Studie-org-Organisator-920x614.jpg 920w, https:\/\/www.organisator.ch\/wp-content\/uploads\/2017\/02\/Business-Travel-Schweizer-Business-Travel-Manager_AirPlus-Studie-org-Organisator-300x200.jpg 300w\" sizes=\"auto, (max-width: 680px) 100vw, 680px\" \/><figcaption id=\"caption-attachment-1551\" class=\"wp-caption-text\">Le franc fort et la livre souple n'apportent gu\u00e8re d'avantages aux business managers suisses. (Image : depositphotos_ dementat)<\/figcaption><\/figure>\n<p>Seuls 15% des travel managers suisses s'attendent \u00e0 plus de voyages en 2017 que l'ann\u00e9e pr\u00e9c\u00e9dente. En 2016, cette valeur \u00e9tait encore de 23%, soit d\u00e9j\u00e0 11 points de pourcentage de moins qu'en 2015. Les Suisses sont donc plus pessimistes pour l'avenir que leurs coll\u00e8gues internationaux (33%). Mais dans le m\u00eame temps, le nombre de responsables de voyages qui s'attendent \u00e0 moins de voyages d'affaires cette ann\u00e9e a \u00e9galement diminu\u00e9 dans notre pays, passant de 16% en 2016 \u00e0 8% actuellement (13% au niveau mondial).<\/p>\n<p><strong>Des attentes mitig\u00e9es <\/strong><\/p>\n<p>Selon AirPlus, la baisse des co\u00fbts des voyages d'affaires ainsi que le march\u00e9 d'exportation suisse non homog\u00e8ne pourraient \u00eatre responsables de cette situation contradictoire. Alors que certains secteurs (p. ex. l'industrie pharmaceutique) continuent de bien se porter, l'industrie de transformation (p. ex. la construction de machines) est \u00e0 la peine. Les voyageurs d'affaires suisses sont plus confiants : 13% pensent qu'on voyagera moins en 2017 (2016 : 17%), tandis que 29% s'attendent \u00e0 une augmentation (2016 : 19%).<\/p>\n<p>Outre le franc suisse fort, une autre tendance des entreprises suisses, \u00e0 savoir la d\u00e9localisation des sites de production \u00e0 l'\u00e9tranger, pourrait en \u00eatre responsable<\/p>\n<p><strong>Nouvelles orientations de voyage \u00a0<\/strong><\/p>\n<p>Les raisons ci-dessus pourraient augmenter le besoin de voyages d'affaires au niveau de la direction. Au niveau international, ce sont les Am\u00e9ricains qui ont les plus grandes attentes pour 2017 : 71% des responsables des voyages dans les entreprises s'attendent \u00e0 une augmentation du nombre de voyages. En 2016, ils n'\u00e9taient que 26%. De m\u00eame, 60% des travel managers indiens et 78% des voyageurs d'affaires se montrent optimistes et s'attendent \u00e0 une augmentation des voyages d'affaires gr\u00e2ce au boom \u00e9conomique et \u00e0 l'augmentation des exportations.<\/p>\n<p><strong>Les Suisses pessimistes <\/strong><\/p>\n<p>Ces derni\u00e8res ann\u00e9es, l'impact \u00e9conomique sur leur march\u00e9 a \u00e9t\u00e9 \u00e9valu\u00e9 de mani\u00e8re de plus en plus positive par les travel managers internationaux. 2017 est la premi\u00e8re ann\u00e9e o\u00f9 le nombre de planificateurs de voyages positifs (29%) est sup\u00e9rieur \u00e0 celui de leurs coll\u00e8gues n\u00e9gatifs (23%). La proportion de managers optimistes a donc plus que doubl\u00e9 au cours des trois derni\u00e8res ann\u00e9es (2014 : 14%).<\/p>\n<p>En Suisse, le tableau est diff\u00e9rent : Seuls 5% des travel managers suisses estiment que le contexte \u00e9conomique actuel aura un impact positif sur les voyages d'affaires. Le nombre de ceux qui voient des effets n\u00e9gatifs est pass\u00e9 de 31% en 2016 \u00e0 20%. Ainsi, 71% des travel managers ne voient aucun impact \u00e9conomique sur les voyages d'affaires (2016 : 62%). Les voyageurs d'affaires suisses sont nettement plus optimistes et se situent ainsi plut\u00f4t dans la moyenne d'Europe occidentale.<\/p>\n<p>22% des Business Travellers en Suisse estiment que l'\u00e9conomie aura un impact positif ou n\u00e9gatif sur le segment des voyages d'affaires.<\/p>\n<p>Vous trouverez la 12e \"International Travel Management Study d'AirPlus International\" sur ce site. <a href=\"https:\/\/www.airplus.com\/editorial-files\/switzerland\/documents\/german\/airplus_international_travel_management_study_2017_part_1_ch-de.pdf\">Lien<\/a><\/p>\n<p>&nbsp;<\/p>","protected":false},"excerpt":{"rendered":"<p>Lediglich 15% der Schweizer Travel Manager rechnen 2017 mit mehr Reisen als im Vorjahr. 2016 lag dieser Wert noch bei 23% und damit bereits 11 Prozentpunkte hinter 2015. Damit blicken die Schweizer pessimistischer in die Zukunft als ihre internationalen Kollegen (33%). Gleichzeitig sank hierzulande aber auch die Zahl der Reiseverantwortlichen, welche dieses Jahr weniger Gesch\u00e4ftsreisen [&hellip;]<\/p>\n","protected":false},"author":5,"featured_media":1551,"comment_status":"open","ping_status":"open","sticky":false,"template":"","format":"standard","meta":{"_acf_changed":false,"_yoast_wpseo_focuskw":"Business Travel","_yoast_wpseo_metadesc":"Business Travel Manager gehen 2017 von einem stabilen oder wachsenden Gesch\u00e4ft aus, unterstreicht die aktuelle Studie von AirPlus.","articlekey":"","footnotes":""},"categories":[1],"tags":[34,107,492],"class_list":["post-1550","post","type-post","status-publish","format-standard","has-post-thumbnail","hentry","category-allgemein","tag-airplus","tag-business-travel","tag-unternehmen"],"acf":[],"yoast_head":"<!-- This site is optimized with the Yoast SEO plugin v27.5 - https:\/\/yoast.com\/product\/yoast-seo-wordpress\/ -->\n<title>Business Travel: Schweizer Travel Manager sehen schwarz - Organisator<\/title>\n<meta name=\"description\" content=\"Business Travel Manager gehen 2017 von einem stabilen oder wachsenden Gesch\u00e4ft aus, unterstreicht die aktuelle Studie von AirPlus.\" \/>\n<meta name=\"robots\" content=\"index, follow, max-snippet:-1, max-image-preview:large, max-video-preview:-1\" \/>\n<link rel=\"canonical\" href=\"https:\/\/www.organisator.ch\/fr\/general\/2017-02-21\/business-travel-schweizer-travel-manager-sehen-schwarz\/\" \/>\n<meta property=\"og:locale\" content=\"fr_FR\" \/>\n<meta property=\"og:type\" content=\"article\" \/>\n<meta property=\"og:title\" content=\"Business Travel: Schweizer Travel Manager sehen schwarz\" \/>\n<meta property=\"og:description\" content=\"Business Travel Manager und 84 Prozent der Gesch\u00e4ftsreisenden gehen 2017 von einem stabilen oder wachsenden Gesch\u00e4ft aus, unterstreicht eine aktuelle Studie von AirPlus.\" \/>\n<meta property=\"og:url\" content=\"https:\/\/www.organisator.ch\/fr\/general\/2017-02-21\/business-travel-schweizer-travel-manager-sehen-schwarz\/\" \/>\n<meta property=\"og:site_name\" content=\"Organisator\" \/>\n<meta property=\"article:publisher\" content=\"https:\/\/www.facebook.com\/OrganisatorFachmagazin\" \/>\n<meta property=\"article:published_time\" content=\"2017-02-21T11:46:35+00:00\" \/>\n<meta property=\"og:image\" content=\"https:\/\/www.organisator.ch\/wp-content\/uploads\/2017\/02\/Business-Travel-Schweizer-Business-Travel-Manager_AirPlus-Studie-org-Organisator.jpg\" \/>\n\t<meta property=\"og:image:width\" content=\"1000\" \/>\n\t<meta property=\"og:image:height\" content=\"667\" \/>\n\t<meta property=\"og:image:type\" content=\"image\/jpeg\" \/>\n<meta name=\"author\" content=\"michael.merz\" \/>\n<meta name=\"twitter:card\" content=\"summary_large_image\" \/>\n<script type=\"application\/ld+json\" class=\"yoast-schema-graph\">{\"@context\":\"https:\\\/\\\/schema.org\",\"@graph\":[{\"@type\":\"Article\",\"@id\":\"https:\\\/\\\/www.organisator.ch\\\/de\\\/allgemein\\\/2017-02-21\\\/business-travel-schweizer-travel-manager-sehen-schwarz\\\/#article\",\"isPartOf\":{\"@id\":\"https:\\\/\\\/www.organisator.ch\\\/de\\\/allgemein\\\/2017-02-21\\\/business-travel-schweizer-travel-manager-sehen-schwarz\\\/\"},\"author\":{\"name\":\"michael.merz\",\"@id\":\"https:\\\/\\\/www.organisator.ch\\\/#\\\/schema\\\/person\\\/134708ca9321c57b0362cceb7948ffbd\"},\"headline\":\"Business Travel: Schweizer Travel Manager sehen schwarz\",\"datePublished\":\"2017-02-21T11:46:35+00:00\",\"mainEntityOfPage\":{\"@id\":\"https:\\\/\\\/www.organisator.ch\\\/de\\\/allgemein\\\/2017-02-21\\\/business-travel-schweizer-travel-manager-sehen-schwarz\\\/\"},\"wordCount\":406,\"commentCount\":0,\"publisher\":{\"@id\":\"https:\\\/\\\/www.organisator.ch\\\/#organization\"},\"image\":{\"@id\":\"https:\\\/\\\/www.organisator.ch\\\/de\\\/allgemein\\\/2017-02-21\\\/business-travel-schweizer-travel-manager-sehen-schwarz\\\/#primaryimage\"},\"thumbnailUrl\":\"https:\\\/\\\/www.organisator.ch\\\/wp-content\\\/uploads\\\/2017\\\/02\\\/Business-Travel-Schweizer-Business-Travel-Manager_AirPlus-Studie-org-Organisator.jpg\",\"keywords\":[\"AirPlus\",\"Business Travel\",\"Unternehmen\"],\"articleSection\":[\"Allgemein\"],\"inLanguage\":\"fr-FR\"},{\"@type\":\"WebPage\",\"@id\":\"https:\\\/\\\/www.organisator.ch\\\/de\\\/allgemein\\\/2017-02-21\\\/business-travel-schweizer-travel-manager-sehen-schwarz\\\/\",\"url\":\"https:\\\/\\\/www.organisator.ch\\\/de\\\/allgemein\\\/2017-02-21\\\/business-travel-schweizer-travel-manager-sehen-schwarz\\\/\",\"name\":\"Business Travel: Schweizer Travel Manager sehen schwarz - Organisator\",\"isPartOf\":{\"@id\":\"https:\\\/\\\/www.organisator.ch\\\/#website\"},\"primaryImageOfPage\":{\"@id\":\"https:\\\/\\\/www.organisator.ch\\\/de\\\/allgemein\\\/2017-02-21\\\/business-travel-schweizer-travel-manager-sehen-schwarz\\\/#primaryimage\"},\"image\":{\"@id\":\"https:\\\/\\\/www.organisator.ch\\\/de\\\/allgemein\\\/2017-02-21\\\/business-travel-schweizer-travel-manager-sehen-schwarz\\\/#primaryimage\"},\"thumbnailUrl\":\"https:\\\/\\\/www.organisator.ch\\\/wp-content\\\/uploads\\\/2017\\\/02\\\/Business-Travel-Schweizer-Business-Travel-Manager_AirPlus-Studie-org-Organisator.jpg\",\"datePublished\":\"2017-02-21T11:46:35+00:00\",\"description\":\"Business Travel Manager gehen 2017 von einem stabilen oder wachsenden Gesch\u00e4ft aus, unterstreicht die aktuelle Studie von AirPlus.\",\"breadcrumb\":{\"@id\":\"https:\\\/\\\/www.organisator.ch\\\/de\\\/allgemein\\\/2017-02-21\\\/business-travel-schweizer-travel-manager-sehen-schwarz\\\/#breadcrumb\"},\"inLanguage\":\"fr-FR\",\"potentialAction\":[{\"@type\":\"ReadAction\",\"target\":[\"https:\\\/\\\/www.organisator.ch\\\/de\\\/allgemein\\\/2017-02-21\\\/business-travel-schweizer-travel-manager-sehen-schwarz\\\/\"]}]},{\"@type\":\"ImageObject\",\"inLanguage\":\"fr-FR\",\"@id\":\"https:\\\/\\\/www.organisator.ch\\\/de\\\/allgemein\\\/2017-02-21\\\/business-travel-schweizer-travel-manager-sehen-schwarz\\\/#primaryimage\",\"url\":\"https:\\\/\\\/www.organisator.ch\\\/wp-content\\\/uploads\\\/2017\\\/02\\\/Business-Travel-Schweizer-Business-Travel-Manager_AirPlus-Studie-org-Organisator.jpg\",\"contentUrl\":\"https:\\\/\\\/www.organisator.ch\\\/wp-content\\\/uploads\\\/2017\\\/02\\\/Business-Travel-Schweizer-Business-Travel-Manager_AirPlus-Studie-org-Organisator.jpg\",\"width\":1000,\"height\":667,\"caption\":\"Shot of airplane flying above glass office buildings. Fisheye lens effect.\"},{\"@type\":\"BreadcrumbList\",\"@id\":\"https:\\\/\\\/www.organisator.ch\\\/de\\\/allgemein\\\/2017-02-21\\\/business-travel-schweizer-travel-manager-sehen-schwarz\\\/#breadcrumb\",\"itemListElement\":[{\"@type\":\"ListItem\",\"position\":1,\"name\":\"Home\",\"item\":\"https:\\\/\\\/www.organisator.ch\\\/\"},{\"@type\":\"ListItem\",\"position\":2,\"name\":\"Business Travel: Schweizer Travel Manager sehen schwarz\"}]},{\"@type\":\"WebSite\",\"@id\":\"https:\\\/\\\/www.organisator.ch\\\/#website\",\"url\":\"https:\\\/\\\/www.organisator.ch\\\/\",\"name\":\"Organisator\",\"description\":\"Kompetent. Praxisnah. Der ORGANISATOR bereitet in 10 Ausgaben pro Jahr die wesentlichen Themen f\u00fcr F\u00fchrungskr\u00e4fte von KMU auf.\",\"publisher\":{\"@id\":\"https:\\\/\\\/www.organisator.ch\\\/#organization\"},\"potentialAction\":[{\"@type\":\"SearchAction\",\"target\":{\"@type\":\"EntryPoint\",\"urlTemplate\":\"https:\\\/\\\/www.organisator.ch\\\/?s={search_term_string}\"},\"query-input\":{\"@type\":\"PropertyValueSpecification\",\"valueRequired\":true,\"valueName\":\"search_term_string\"}}],\"inLanguage\":\"fr-FR\"},{\"@type\":\"Organization\",\"@id\":\"https:\\\/\\\/www.organisator.ch\\\/#organization\",\"name\":\"Organisator\",\"url\":\"https:\\\/\\\/www.organisator.ch\\\/\",\"logo\":{\"@type\":\"ImageObject\",\"inLanguage\":\"fr-FR\",\"@id\":\"https:\\\/\\\/www.organisator.ch\\\/#\\\/schema\\\/logo\\\/image\\\/\",\"url\":\"https:\\\/\\\/www.organisator.ch\\\/wp-content\\\/uploads\\\/2022\\\/01\\\/Logo_Organisator_Website.png\",\"contentUrl\":\"https:\\\/\\\/www.organisator.ch\\\/wp-content\\\/uploads\\\/2022\\\/01\\\/Logo_Organisator_Website.png\",\"width\":800,\"height\":77,\"caption\":\"Organisator\"},\"image\":{\"@id\":\"https:\\\/\\\/www.organisator.ch\\\/#\\\/schema\\\/logo\\\/image\\\/\"},\"sameAs\":[\"https:\\\/\\\/www.facebook.com\\\/OrganisatorFachmagazin\",\"https:\\\/\\\/www.linkedin.com\\\/showcase\\\/organisator-das-magazin-fr-kmu\",\"https:\\\/\\\/www.xing.com\\\/news\\\/pages\\\/organisator-ch-695\",\"https:\\\/\\\/www.youtube.com\\\/channel\\\/UCGP2Sq0iWaZwT3BdIAQFYpw\"]},{\"@type\":\"Person\",\"@id\":\"https:\\\/\\\/www.organisator.ch\\\/#\\\/schema\\\/person\\\/134708ca9321c57b0362cceb7948ffbd\",\"name\":\"michael.merz\",\"image\":{\"@type\":\"ImageObject\",\"inLanguage\":\"fr-FR\",\"@id\":\"https:\\\/\\\/secure.gravatar.com\\\/avatar\\\/?s=96&d=mm&r=g\",\"url\":\"https:\\\/\\\/secure.gravatar.com\\\/avatar\\\/?s=96&d=mm&r=g\",\"contentUrl\":\"https:\\\/\\\/secure.gravatar.com\\\/avatar\\\/?s=96&d=mm&r=g\",\"caption\":\"michael.merz\"},\"url\":\"https:\\\/\\\/www.organisator.ch\\\/fr\\\/author\\\/michael-merz\\\/\"}]}<\/script>\n<!-- \/ Yoast SEO plugin. -->","yoast_head_json":{"title":"Business Travel : les travel managers suisses voient tout en noir - Organisateur","description":"Les Business Travel Managers s'attendent \u00e0 une activit\u00e9 stable ou en croissance en 2017, souligne la derni\u00e8re \u00e9tude d'AirPlus.","robots":{"index":"index","follow":"follow","max-snippet":"max-snippet:-1","max-image-preview":"max-image-preview:large","max-video-preview":"max-video-preview:-1"},"canonical":"https:\/\/www.organisator.ch\/fr\/general\/2017-02-21\/business-travel-schweizer-travel-manager-sehen-schwarz\/","og_locale":"fr_FR","og_type":"article","og_title":"Business Travel: Schweizer Travel Manager sehen schwarz","og_description":"Business Travel Manager und 84 Prozent der Gesch\u00e4ftsreisenden gehen 2017 von einem stabilen oder wachsenden Gesch\u00e4ft aus, unterstreicht eine aktuelle Studie von AirPlus.","og_url":"https:\/\/www.organisator.ch\/fr\/general\/2017-02-21\/business-travel-schweizer-travel-manager-sehen-schwarz\/","og_site_name":"Organisator","article_publisher":"https:\/\/www.facebook.com\/OrganisatorFachmagazin","article_published_time":"2017-02-21T11:46:35+00:00","og_image":[{"width":1000,"height":667,"url":"https:\/\/www.organisator.ch\/wp-content\/uploads\/2017\/02\/Business-Travel-Schweizer-Business-Travel-Manager_AirPlus-Studie-org-Organisator.jpg","type":"image\/jpeg"}],"author":"michael.merz","twitter_card":"summary_large_image","schema":{"@context":"https:\/\/schema.org","@graph":[{"@type":"Article","@id":"https:\/\/www.organisator.ch\/de\/allgemein\/2017-02-21\/business-travel-schweizer-travel-manager-sehen-schwarz\/#article","isPartOf":{"@id":"https:\/\/www.organisator.ch\/de\/allgemein\/2017-02-21\/business-travel-schweizer-travel-manager-sehen-schwarz\/"},"author":{"name":"michael.merz","@id":"https:\/\/www.organisator.ch\/#\/schema\/person\/134708ca9321c57b0362cceb7948ffbd"},"headline":"Business Travel: Schweizer Travel Manager sehen schwarz","datePublished":"2017-02-21T11:46:35+00:00","mainEntityOfPage":{"@id":"https:\/\/www.organisator.ch\/de\/allgemein\/2017-02-21\/business-travel-schweizer-travel-manager-sehen-schwarz\/"},"wordCount":406,"commentCount":0,"publisher":{"@id":"https:\/\/www.organisator.ch\/#organization"},"image":{"@id":"https:\/\/www.organisator.ch\/de\/allgemein\/2017-02-21\/business-travel-schweizer-travel-manager-sehen-schwarz\/#primaryimage"},"thumbnailUrl":"https:\/\/www.organisator.ch\/wp-content\/uploads\/2017\/02\/Business-Travel-Schweizer-Business-Travel-Manager_AirPlus-Studie-org-Organisator.jpg","keywords":["AirPlus","Business Travel","Unternehmen"],"articleSection":["Allgemein"],"inLanguage":"fr-FR"},{"@type":"WebPage","@id":"https:\/\/www.organisator.ch\/de\/allgemein\/2017-02-21\/business-travel-schweizer-travel-manager-sehen-schwarz\/","url":"https:\/\/www.organisator.ch\/de\/allgemein\/2017-02-21\/business-travel-schweizer-travel-manager-sehen-schwarz\/","name":"Business Travel : les travel managers suisses voient tout en noir - Organisateur","isPartOf":{"@id":"https:\/\/www.organisator.ch\/#website"},"primaryImageOfPage":{"@id":"https:\/\/www.organisator.ch\/de\/allgemein\/2017-02-21\/business-travel-schweizer-travel-manager-sehen-schwarz\/#primaryimage"},"image":{"@id":"https:\/\/www.organisator.ch\/de\/allgemein\/2017-02-21\/business-travel-schweizer-travel-manager-sehen-schwarz\/#primaryimage"},"thumbnailUrl":"https:\/\/www.organisator.ch\/wp-content\/uploads\/2017\/02\/Business-Travel-Schweizer-Business-Travel-Manager_AirPlus-Studie-org-Organisator.jpg","datePublished":"2017-02-21T11:46:35+00:00","description":"Les Business Travel Managers s'attendent \u00e0 une activit\u00e9 stable ou en croissance en 2017, souligne la derni\u00e8re \u00e9tude d'AirPlus.","breadcrumb":{"@id":"https:\/\/www.organisator.ch\/de\/allgemein\/2017-02-21\/business-travel-schweizer-travel-manager-sehen-schwarz\/#breadcrumb"},"inLanguage":"fr-FR","potentialAction":[{"@type":"ReadAction","target":["https:\/\/www.organisator.ch\/de\/allgemein\/2017-02-21\/business-travel-schweizer-travel-manager-sehen-schwarz\/"]}]},{"@type":"ImageObject","inLanguage":"fr-FR","@id":"https:\/\/www.organisator.ch\/de\/allgemein\/2017-02-21\/business-travel-schweizer-travel-manager-sehen-schwarz\/#primaryimage","url":"https:\/\/www.organisator.ch\/wp-content\/uploads\/2017\/02\/Business-Travel-Schweizer-Business-Travel-Manager_AirPlus-Studie-org-Organisator.jpg","contentUrl":"https:\/\/www.organisator.ch\/wp-content\/uploads\/2017\/02\/Business-Travel-Schweizer-Business-Travel-Manager_AirPlus-Studie-org-Organisator.jpg","width":1000,"height":667,"caption":"Shot of airplane flying above glass office buildings. Fisheye lens effect."},{"@type":"BreadcrumbList","@id":"https:\/\/www.organisator.ch\/de\/allgemein\/2017-02-21\/business-travel-schweizer-travel-manager-sehen-schwarz\/#breadcrumb","itemListElement":[{"@type":"ListItem","position":1,"name":"Home","item":"https:\/\/www.organisator.ch\/"},{"@type":"ListItem","position":2,"name":"Business Travel: Schweizer Travel Manager sehen schwarz"}]},{"@type":"WebSite","@id":"https:\/\/www.organisator.ch\/#website","url":"https:\/\/www.organisator.ch\/","name":"Organisateur","description":"Comp\u00e9tence et comp\u00e9tence. Proches de la pratique. L'ORGANISATEUR pr\u00e9pare 10 num\u00e9ros par an sur les th\u00e8mes essentiels pour les dirigeants de PME.","publisher":{"@id":"https:\/\/www.organisator.ch\/#organization"},"potentialAction":[{"@type":"SearchAction","target":{"@type":"EntryPoint","urlTemplate":"https:\/\/www.organisator.ch\/?s={search_term_string}"},"query-input":{"@type":"PropertyValueSpecification","valueRequired":true,"valueName":"search_term_string"}}],"inLanguage":"fr-FR"},{"@type":"Organization","@id":"https:\/\/www.organisator.ch\/#organization","name":"Organisateur","url":"https:\/\/www.organisator.ch\/","logo":{"@type":"ImageObject","inLanguage":"fr-FR","@id":"https:\/\/www.organisator.ch\/#\/schema\/logo\/image\/","url":"https:\/\/www.organisator.ch\/wp-content\/uploads\/2022\/01\/Logo_Organisator_Website.png","contentUrl":"https:\/\/www.organisator.ch\/wp-content\/uploads\/2022\/01\/Logo_Organisator_Website.png","width":800,"height":77,"caption":"Organisator"},"image":{"@id":"https:\/\/www.organisator.ch\/#\/schema\/logo\/image\/"},"sameAs":["https:\/\/www.facebook.com\/OrganisatorFachmagazin","https:\/\/www.linkedin.com\/showcase\/organisator-das-magazin-fr-kmu","https:\/\/www.xing.com\/news\/pages\/organisator-ch-695","https:\/\/www.youtube.com\/channel\/UCGP2Sq0iWaZwT3BdIAQFYpw"]},{"@type":"Person","@id":"https:\/\/www.organisator.ch\/#\/schema\/person\/134708ca9321c57b0362cceb7948ffbd","name":"michael.merz","image":{"@type":"ImageObject","inLanguage":"fr-FR","@id":"https:\/\/secure.gravatar.com\/avatar\/?s=96&d=mm&r=g","url":"https:\/\/secure.gravatar.com\/avatar\/?s=96&d=mm&r=g","contentUrl":"https:\/\/secure.gravatar.com\/avatar\/?s=96&d=mm&r=g","caption":"michael.merz"},"url":"https:\/\/www.organisator.ch\/fr\/author\/michael-merz\/"}]}},"_links":{"self":[{"href":"https:\/\/www.organisator.ch\/fr\/wp-json\/wp\/v2\/posts\/1550","targetHints":{"allow":["GET"]}}],"collection":[{"href":"https:\/\/www.organisator.ch\/fr\/wp-json\/wp\/v2\/posts"}],"about":[{"href":"https:\/\/www.organisator.ch\/fr\/wp-json\/wp\/v2\/types\/post"}],"author":[{"embeddable":true,"href":"https:\/\/www.organisator.ch\/fr\/wp-json\/wp\/v2\/users\/5"}],"replies":[{"embeddable":true,"href":"https:\/\/www.organisator.ch\/fr\/wp-json\/wp\/v2\/comments?post=1550"}],"version-history":[{"count":0,"href":"https:\/\/www.organisator.ch\/fr\/wp-json\/wp\/v2\/posts\/1550\/revisions"}],"wp:featuredmedia":[{"embeddable":true,"href":"https:\/\/www.organisator.ch\/fr\/wp-json\/wp\/v2\/media\/1551"}],"wp:attachment":[{"href":"https:\/\/www.organisator.ch\/fr\/wp-json\/wp\/v2\/media?parent=1550"}],"wp:term":[{"taxonomy":"category","embeddable":true,"href":"https:\/\/www.organisator.ch\/fr\/wp-json\/wp\/v2\/categories?post=1550"},{"taxonomy":"post_tag","embeddable":true,"href":"https:\/\/www.organisator.ch\/fr\/wp-json\/wp\/v2\/tags?post=1550"}],"curies":[{"name":"wp","href":"https:\/\/api.w.org\/{rel}","templated":true}]}}