{"id":15503,"date":"2022-06-30T03:09:02","date_gmt":"2022-06-30T01:09:02","guid":{"rendered":"https:\/\/www.organisator.ch\/?p=15503"},"modified":"2022-06-29T13:29:11","modified_gmt":"2022-06-29T11:29:11","slug":"neue-buerowelten-zwei-drittel-der-unternehmen-wollen-investieren","status":"publish","type":"post","link":"https:\/\/www.organisator.ch\/fr\/management\/2022-06-30\/neue-buerowelten-zwei-drittel-der-unternehmen-wollen-investieren\/","title":{"rendered":"De nouveaux univers de bureaux : Deux tiers des entreprises veulent investir"},"content":{"rendered":"<figure id=\"attachment_15504\" aria-describedby=\"caption-attachment-15504\" style=\"width: 680px\" class=\"wp-caption alignnone\"><img loading=\"lazy\" decoding=\"async\" class=\"size-full wp-image-15504\" src=\"https:\/\/www.organisator.ch\/wp-content\/uploads\/2022\/06\/Neue-Buerowelten-Zwei-Drittel-der-Unternehmen-wollen-investieren_Organisator.jpg\" alt=\"\" width=\"680\" height=\"453\" srcset=\"https:\/\/www.organisator.ch\/wp-content\/uploads\/2022\/06\/Neue-Buerowelten-Zwei-Drittel-der-Unternehmen-wollen-investieren_Organisator.jpg 680w, https:\/\/www.organisator.ch\/wp-content\/uploads\/2022\/06\/Neue-Buerowelten-Zwei-Drittel-der-Unternehmen-wollen-investieren_Organisator-18x12.jpg 18w, https:\/\/www.organisator.ch\/wp-content\/uploads\/2022\/06\/Neue-Buerowelten-Zwei-Drittel-der-Unternehmen-wollen-investieren_Organisator-263x175.jpg 263w, https:\/\/www.organisator.ch\/wp-content\/uploads\/2022\/06\/Neue-Buerowelten-Zwei-Drittel-der-Unternehmen-wollen-investieren_Organisator-525x350.jpg 525w, https:\/\/www.organisator.ch\/wp-content\/uploads\/2022\/06\/Neue-Buerowelten-Zwei-Drittel-der-Unternehmen-wollen-investieren_Organisator-300x200.jpg 300w\" sizes=\"auto, (max-width: 680px) 100vw, 680px\" \/><figcaption id=\"caption-attachment-15504\" class=\"wp-caption-text\">Malgr\u00e9 le home office, les bureaux n'ont pas fait leur temps. Une grande partie des entreprises veut continuer \u00e0 investir dans des environnements de bureau. (Image : Adobe Stock \/ ISS)<\/figcaption><\/figure>\n<p>L'entreprise internationale ISS, un prestataire de services pour le Facility Management et Workplace Experience, a pr\u00e9sent\u00e9 les r\u00e9sultats de la derni\u00e8re \"ISS Pulse Survey\". L'enqu\u00eate a \u00e9t\u00e9 men\u00e9e dans 20 pays aupr\u00e8s de 100 clients internationaux d'ISS, repr\u00e9sentant plus d'un million d'employ\u00e9s de bureau de diff\u00e9rentes branches dans le monde. L'enqu\u00eate partait de la th\u00e8se selon laquelle les priorit\u00e9s des entreprises en mati\u00e8re de postes de travail de bureau ont chang\u00e9 de mani\u00e8re marquante au cours des derni\u00e8res ann\u00e9es. Alors que lors de la derni\u00e8re enqu\u00eate ISS, avant la pand\u00e9mie Covid, l'efficacit\u00e9 op\u00e9rationnelle et les \u00e9conomies de co\u00fbts figuraient parmi les principales priorit\u00e9s en mati\u00e8re de planification et d'exploitation des bureaux, ce sont aujourd'hui les collaborateurs, leur recrutement et leur fid\u00e9lisation \u00e0 l'entreprise qui sont au premier plan. Pr\u00e8s des deux tiers des entreprises interrog\u00e9es investissent \u00e9galement dans leur environnement de travail.<\/p>\n<h3>S'\u00e9panouir au bureau<\/h3>\n<p>Jacob Aarup-Andersen, CEO du groupe ISS World Services A\/S : \"Les rapports de force sur les march\u00e9s du travail mondiaux se sont d\u00e9plac\u00e9s des employeurs vers les employ\u00e9s. La pand\u00e9mie a en outre acc\u00e9l\u00e9r\u00e9 les mod\u00e8les de travail hybrides, tout comme les attentes des travailleurs en mati\u00e8re de flexibilit\u00e9. Le nouveau d\u00e9fi pour les employeurs est de r\u00e9pondre \u00e0 ces attentes de mani\u00e8re \u00e0 satisfaire les exigences de productivit\u00e9 tant des travailleurs que de l'entreprise. Il ne s'agit pas de savoir si les collaborateurs sont au bureau, mais plut\u00f4t de savoir comment ils peuvent s'\u00e9panouir, innover et collaborer. Nous voyons actuellement de nombreuses entreprises red\u00e9finir leurs espaces de travail afin de s'adapter aux mod\u00e8les de travail hybrides et aux pr\u00e9f\u00e9rences personnelles des collaborateurs. Elles se focalisent \u00e0 la fois sur le cadre physique dans lequel les gens travaillent et sur l'exp\u00e9rience qu'ils vivent lorsqu'ils viennent au bureau\".<\/p>\n<h3>Les surfaces de bureaux ne seront pas r\u00e9duites<\/h3>\n<p>L'enqu\u00eate montre \u00e9galement que la majorit\u00e9 des entreprises (69%) ne pr\u00e9voient pas actuellement de r\u00e9duire la taille de leurs bureaux. Et les entreprises qui ont d\u00e9cid\u00e9 de r\u00e9duire leurs effectifs dans le cadre du t\u00e9l\u00e9travail investissent en m\u00eame temps dans leur culture d'entreprise et dans l'exp\u00e9rience du lieu de travail afin d'am\u00e9liorer la capacit\u00e9 d'innovation et la collaboration entre leurs employ\u00e9s. Jacob Aarup-Andersen : \"Malgr\u00e9 les diff\u00e9rentes approches de la question de l'empreinte \u00e9cologique du Real Estate, l'objectif de fid\u00e9lisation des collaborateurs reste le m\u00eame. Il n'existe pas de mod\u00e8le unique lorsqu'il s'agit de concevoir le lieu de travail du futur, il doit correspondre \u00e0 l'entreprise et aux collaborateurs. Une chose est cependant s\u00fbre : les pr\u00e9visions selon lesquelles le bureau allait dispara\u00eetre \u00e9taient exag\u00e9r\u00e9es. Au contraire, nous voyons aujourd'hui dans le monde entier comment les espaces de travail sont repens\u00e9s et r\u00e9am\u00e9nag\u00e9s\".<\/p>\n<h3>Les univers de bureau continuent d'\u00e9voluer<\/h3>\n<p>Pour Andr\u00e9 Nauer, CEO d'ISS Suisse, il est ind\u00e9niable que \"pr\u00e9cis\u00e9ment dans le contexte du 'New Normal', les univers de bureau continuent \u00e0 se transformer. Ils seront plus color\u00e9s, plus confortables, plus communicatifs et ils favoriseront la collaboration entre les collaborateurs\". En tant que l'un des principaux fournisseurs de Facility Management en Suisse, ISS est sp\u00e9cialis\u00e9 dans les domaines Advisory, Workplace &amp; Workspace Design, gestion de l'\u00e9nergie, Health &amp; Safety ainsi que dans la gestion de l'environnement. Andr\u00e9 Nauer : \"ISS dispose, sous la direction d'Ulrike B\u00e4uerle et du Dr David Lunze, d'une \u00e9quipe de sp\u00e9cialistes en Workspace Design &amp; Construction qui propose toute la palette de prestations, de l'\u00e9tude de projet \u00e0 la r\u00e9alisation, d'un seul tenant\".<\/p>\n<p><em>Source : <a href=\"http:\/\/www.iss.ch\">ISS<\/a><\/em><\/p>","protected":false},"excerpt":{"rendered":"<p>Das internationale Unternehmen ISS, ein Dienstleister f\u00fcr Facility Management und Workplace Experience, hat die Ergebnisse der j\u00fcngsten \u00abISS Pulse Survey\u00bb, vorgestellt. Die Umfrage wurde in 20 L\u00e4ndern unter 100 internationalen Kunden von ISS durchgef\u00fchrt, die weltweit \u00fcber eine Million B\u00fcroangestellte aus verschiedenen Branchen repr\u00e4sentieren. Die Untersuchung ging von der These aus, wonach sich die\u00a0 Priorit\u00e4ten [&hellip;]<\/p>\n","protected":false},"author":4,"featured_media":15504,"comment_status":"closed","ping_status":"closed","sticky":false,"template":"","format":"standard","meta":{"_acf_changed":false,"_yoast_wpseo_focuskw":"B\u00fcrowelten","_yoast_wpseo_metadesc":"Unternehmen wollen trotz Homeoffice weiter in B\u00fcrowelten investieren. Das zeigt eine weltweit durchgef\u00fchrte Umfrage des FM-Spezialisten ISS.","articlekey":"","footnotes":""},"categories":[28],"tags":[51,195,335,459],"class_list":["post-15503","post","type-post","status-publish","format-standard","has-post-thumbnail","hentry","category-management","tag-arbeitsplatzgestaltung","tag-facility-management","tag-management-und-unternehmensfuehrung","tag-studie"],"acf":[],"yoast_head":"<!-- This site is optimized with the Yoast SEO plugin v27.4 - https:\/\/yoast.com\/product\/yoast-seo-wordpress\/ -->\n<title>Neue B\u00fcrowelten: Zwei Drittel der Unternehmen wollen investieren - Organisator<\/title>\n<meta name=\"description\" content=\"Unternehmen wollen trotz Homeoffice weiter in B\u00fcrowelten investieren. Das zeigt eine weltweit durchgef\u00fchrte Umfrage des FM-Spezialisten ISS.\" \/>\n<meta name=\"robots\" content=\"index, follow, max-snippet:-1, max-image-preview:large, max-video-preview:-1\" \/>\n<link rel=\"canonical\" href=\"https:\/\/www.organisator.ch\/fr\/gestion-2\/2022-06-30\/neue-buerowelten-zwei-drittel-der-unternehmen-wollen-investieren\/\" \/>\n<meta property=\"og:locale\" content=\"fr_FR\" \/>\n<meta property=\"og:type\" content=\"article\" \/>\n<meta property=\"og:title\" content=\"Neue B\u00fcrowelten: Zwei Drittel der Unternehmen wollen investieren\" \/>\n<meta property=\"og:description\" content=\"Unternehmen wollen trotz Homeoffice weiter in B\u00fcrowelten investieren. Das zeigt eine weltweit durchgef\u00fchrte Umfrage des FM-Spezialisten ISS.\" \/>\n<meta property=\"og:url\" content=\"https:\/\/www.organisator.ch\/fr\/gestion-2\/2022-06-30\/neue-buerowelten-zwei-drittel-der-unternehmen-wollen-investieren\/\" \/>\n<meta property=\"og:site_name\" content=\"Organisator\" \/>\n<meta property=\"article:publisher\" content=\"https:\/\/www.facebook.com\/OrganisatorFachmagazin\" \/>\n<meta property=\"article:published_time\" content=\"2022-06-30T01:09:02+00:00\" \/>\n<meta property=\"og:image\" content=\"https:\/\/www.organisator.ch\/wp-content\/uploads\/2022\/06\/Neue-Buerowelten-Zwei-Drittel-der-Unternehmen-wollen-investieren_Organisator.jpg\" \/>\n\t<meta property=\"og:image:width\" content=\"680\" \/>\n\t<meta property=\"og:image:height\" content=\"453\" \/>\n\t<meta property=\"og:image:type\" content=\"image\/jpeg\" \/>\n<meta name=\"author\" content=\"thomas.berner\" \/>\n<meta name=\"twitter:card\" content=\"summary_large_image\" \/>\n<meta name=\"twitter:title\" content=\"Neue #B\u00fcrowelten: Zwei Drittel der Unternehmen wollen investieren\" \/>\n<meta name=\"twitter:description\" content=\"Unternehmen wollen trotz Homeoffice weiter in #B\u00fcrowelten investieren. Das zeigt eine weltweit durchgef\u00fchrte Umfrage des #FM-Spezialisten ISS.\" \/>\n<meta name=\"twitter:image\" content=\"https:\/\/www.organisator.ch\/wp-content\/uploads\/2022\/06\/Neue-Buerowelten-Zwei-Drittel-der-Unternehmen-wollen-investieren_Organisator.jpg\" \/>\n<script type=\"application\/ld+json\" class=\"yoast-schema-graph\">{\"@context\":\"https:\\\/\\\/schema.org\",\"@graph\":[{\"@type\":\"Article\",\"@id\":\"https:\\\/\\\/www.organisator.ch\\\/management\\\/2022-06-30\\\/neue-buerowelten-zwei-drittel-der-unternehmen-wollen-investieren\\\/#article\",\"isPartOf\":{\"@id\":\"https:\\\/\\\/www.organisator.ch\\\/management\\\/2022-06-30\\\/neue-buerowelten-zwei-drittel-der-unternehmen-wollen-investieren\\\/\"},\"author\":{\"name\":\"thomas.berner\",\"@id\":\"https:\\\/\\\/www.organisator.ch\\\/#\\\/schema\\\/person\\\/6f650f90b2842cd4c0cc334b4e36f67e\"},\"headline\":\"Neue B\u00fcrowelten: Zwei Drittel der Unternehmen wollen investieren\",\"datePublished\":\"2022-06-30T01:09:02+00:00\",\"mainEntityOfPage\":{\"@id\":\"https:\\\/\\\/www.organisator.ch\\\/management\\\/2022-06-30\\\/neue-buerowelten-zwei-drittel-der-unternehmen-wollen-investieren\\\/\"},\"wordCount\":572,\"publisher\":{\"@id\":\"https:\\\/\\\/www.organisator.ch\\\/#organization\"},\"image\":{\"@id\":\"https:\\\/\\\/www.organisator.ch\\\/management\\\/2022-06-30\\\/neue-buerowelten-zwei-drittel-der-unternehmen-wollen-investieren\\\/#primaryimage\"},\"thumbnailUrl\":\"https:\\\/\\\/www.organisator.ch\\\/wp-content\\\/uploads\\\/2022\\\/06\\\/Neue-Buerowelten-Zwei-Drittel-der-Unternehmen-wollen-investieren_Organisator.jpg\",\"keywords\":[\"Arbeitsplatzgestaltung\",\"Facility Management\",\"Management und Unternehmensf\u00fchrung\",\"Studie\"],\"articleSection\":[\"MANAGEMENT\"],\"inLanguage\":\"fr-FR\"},{\"@type\":\"WebPage\",\"@id\":\"https:\\\/\\\/www.organisator.ch\\\/management\\\/2022-06-30\\\/neue-buerowelten-zwei-drittel-der-unternehmen-wollen-investieren\\\/\",\"url\":\"https:\\\/\\\/www.organisator.ch\\\/management\\\/2022-06-30\\\/neue-buerowelten-zwei-drittel-der-unternehmen-wollen-investieren\\\/\",\"name\":\"Neue B\u00fcrowelten: Zwei Drittel der Unternehmen wollen investieren - Organisator\",\"isPartOf\":{\"@id\":\"https:\\\/\\\/www.organisator.ch\\\/#website\"},\"primaryImageOfPage\":{\"@id\":\"https:\\\/\\\/www.organisator.ch\\\/management\\\/2022-06-30\\\/neue-buerowelten-zwei-drittel-der-unternehmen-wollen-investieren\\\/#primaryimage\"},\"image\":{\"@id\":\"https:\\\/\\\/www.organisator.ch\\\/management\\\/2022-06-30\\\/neue-buerowelten-zwei-drittel-der-unternehmen-wollen-investieren\\\/#primaryimage\"},\"thumbnailUrl\":\"https:\\\/\\\/www.organisator.ch\\\/wp-content\\\/uploads\\\/2022\\\/06\\\/Neue-Buerowelten-Zwei-Drittel-der-Unternehmen-wollen-investieren_Organisator.jpg\",\"datePublished\":\"2022-06-30T01:09:02+00:00\",\"description\":\"Unternehmen wollen trotz Homeoffice weiter in B\u00fcrowelten investieren. Das zeigt eine weltweit durchgef\u00fchrte Umfrage des FM-Spezialisten ISS.\",\"breadcrumb\":{\"@id\":\"https:\\\/\\\/www.organisator.ch\\\/management\\\/2022-06-30\\\/neue-buerowelten-zwei-drittel-der-unternehmen-wollen-investieren\\\/#breadcrumb\"},\"inLanguage\":\"fr-FR\",\"potentialAction\":[{\"@type\":\"ReadAction\",\"target\":[\"https:\\\/\\\/www.organisator.ch\\\/management\\\/2022-06-30\\\/neue-buerowelten-zwei-drittel-der-unternehmen-wollen-investieren\\\/\"]}]},{\"@type\":\"ImageObject\",\"inLanguage\":\"fr-FR\",\"@id\":\"https:\\\/\\\/www.organisator.ch\\\/management\\\/2022-06-30\\\/neue-buerowelten-zwei-drittel-der-unternehmen-wollen-investieren\\\/#primaryimage\",\"url\":\"https:\\\/\\\/www.organisator.ch\\\/wp-content\\\/uploads\\\/2022\\\/06\\\/Neue-Buerowelten-Zwei-Drittel-der-Unternehmen-wollen-investieren_Organisator.jpg\",\"contentUrl\":\"https:\\\/\\\/www.organisator.ch\\\/wp-content\\\/uploads\\\/2022\\\/06\\\/Neue-Buerowelten-Zwei-Drittel-der-Unternehmen-wollen-investieren_Organisator.jpg\",\"width\":680,\"height\":453,\"caption\":\"Trotz Homeoffice haben B\u00fcros nicht ausgedient. Ein Grossteil der Unternehmen will weiter in B\u00fcrowelten investieren. (Bild: Adobe Stock \\\/ ISS)\"},{\"@type\":\"BreadcrumbList\",\"@id\":\"https:\\\/\\\/www.organisator.ch\\\/management\\\/2022-06-30\\\/neue-buerowelten-zwei-drittel-der-unternehmen-wollen-investieren\\\/#breadcrumb\",\"itemListElement\":[{\"@type\":\"ListItem\",\"position\":1,\"name\":\"Home\",\"item\":\"https:\\\/\\\/www.organisator.ch\\\/\"},{\"@type\":\"ListItem\",\"position\":2,\"name\":\"Neue B\u00fcrowelten: Zwei Drittel der Unternehmen wollen investieren\"}]},{\"@type\":\"WebSite\",\"@id\":\"https:\\\/\\\/www.organisator.ch\\\/#website\",\"url\":\"https:\\\/\\\/www.organisator.ch\\\/\",\"name\":\"Organisator\",\"description\":\"Kompetent. Praxisnah. Der ORGANISATOR bereitet in 10 Ausgaben pro Jahr die wesentlichen Themen f\u00fcr F\u00fchrungskr\u00e4fte von KMU auf.\",\"publisher\":{\"@id\":\"https:\\\/\\\/www.organisator.ch\\\/#organization\"},\"potentialAction\":[{\"@type\":\"SearchAction\",\"target\":{\"@type\":\"EntryPoint\",\"urlTemplate\":\"https:\\\/\\\/www.organisator.ch\\\/?s={search_term_string}\"},\"query-input\":{\"@type\":\"PropertyValueSpecification\",\"valueRequired\":true,\"valueName\":\"search_term_string\"}}],\"inLanguage\":\"fr-FR\"},{\"@type\":\"Organization\",\"@id\":\"https:\\\/\\\/www.organisator.ch\\\/#organization\",\"name\":\"Organisator\",\"url\":\"https:\\\/\\\/www.organisator.ch\\\/\",\"logo\":{\"@type\":\"ImageObject\",\"inLanguage\":\"fr-FR\",\"@id\":\"https:\\\/\\\/www.organisator.ch\\\/#\\\/schema\\\/logo\\\/image\\\/\",\"url\":\"https:\\\/\\\/www.organisator.ch\\\/wp-content\\\/uploads\\\/2022\\\/01\\\/Logo_Organisator_Website.png\",\"contentUrl\":\"https:\\\/\\\/www.organisator.ch\\\/wp-content\\\/uploads\\\/2022\\\/01\\\/Logo_Organisator_Website.png\",\"width\":800,\"height\":77,\"caption\":\"Organisator\"},\"image\":{\"@id\":\"https:\\\/\\\/www.organisator.ch\\\/#\\\/schema\\\/logo\\\/image\\\/\"},\"sameAs\":[\"https:\\\/\\\/www.facebook.com\\\/OrganisatorFachmagazin\",\"https:\\\/\\\/www.linkedin.com\\\/showcase\\\/organisator-das-magazin-fr-kmu\",\"https:\\\/\\\/www.xing.com\\\/news\\\/pages\\\/organisator-ch-695\",\"https:\\\/\\\/www.youtube.com\\\/channel\\\/UCGP2Sq0iWaZwT3BdIAQFYpw\"]},{\"@type\":\"Person\",\"@id\":\"https:\\\/\\\/www.organisator.ch\\\/#\\\/schema\\\/person\\\/6f650f90b2842cd4c0cc334b4e36f67e\",\"name\":\"thomas.berner\",\"image\":{\"@type\":\"ImageObject\",\"inLanguage\":\"fr-FR\",\"@id\":\"https:\\\/\\\/secure.gravatar.com\\\/avatar\\\/ac5001d2a36cb6c6cd3e50789007ffca834b477b74a2144564522e944eabff61?s=96&d=mm&r=g\",\"url\":\"https:\\\/\\\/secure.gravatar.com\\\/avatar\\\/ac5001d2a36cb6c6cd3e50789007ffca834b477b74a2144564522e944eabff61?s=96&d=mm&r=g\",\"contentUrl\":\"https:\\\/\\\/secure.gravatar.com\\\/avatar\\\/ac5001d2a36cb6c6cd3e50789007ffca834b477b74a2144564522e944eabff61?s=96&d=mm&r=g\",\"caption\":\"thomas.berner\"},\"url\":\"https:\\\/\\\/www.organisator.ch\\\/fr\\\/author\\\/thomas-berner\\\/\"}]}<\/script>\n<!-- \/ Yoast SEO plugin. -->","yoast_head_json":{"title":"De nouveaux mondes de bureaux : Deux tiers des entreprises veulent investir - Organisateur","description":"Les entreprises veulent continuer \u00e0 investir dans des environnements de bureau malgr\u00e9 le home office. C'est ce que montre une enqu\u00eate men\u00e9e dans le monde entier par le sp\u00e9cialiste du FM ISS.","robots":{"index":"index","follow":"follow","max-snippet":"max-snippet:-1","max-image-preview":"max-image-preview:large","max-video-preview":"max-video-preview:-1"},"canonical":"https:\/\/www.organisator.ch\/fr\/gestion-2\/2022-06-30\/neue-buerowelten-zwei-drittel-der-unternehmen-wollen-investieren\/","og_locale":"fr_FR","og_type":"article","og_title":"Neue B\u00fcrowelten: Zwei Drittel der Unternehmen wollen investieren","og_description":"Unternehmen wollen trotz Homeoffice weiter in B\u00fcrowelten investieren. Das zeigt eine weltweit durchgef\u00fchrte Umfrage des FM-Spezialisten ISS.","og_url":"https:\/\/www.organisator.ch\/fr\/gestion-2\/2022-06-30\/neue-buerowelten-zwei-drittel-der-unternehmen-wollen-investieren\/","og_site_name":"Organisator","article_publisher":"https:\/\/www.facebook.com\/OrganisatorFachmagazin","article_published_time":"2022-06-30T01:09:02+00:00","og_image":[{"width":680,"height":453,"url":"https:\/\/www.organisator.ch\/wp-content\/uploads\/2022\/06\/Neue-Buerowelten-Zwei-Drittel-der-Unternehmen-wollen-investieren_Organisator.jpg","type":"image\/jpeg"}],"author":"thomas.berner","twitter_card":"summary_large_image","twitter_title":"Neue #B\u00fcrowelten: Zwei Drittel der Unternehmen wollen investieren","twitter_description":"Unternehmen wollen trotz Homeoffice weiter in #B\u00fcrowelten investieren. Das zeigt eine weltweit durchgef\u00fchrte Umfrage des #FM-Spezialisten ISS.","twitter_image":"https:\/\/www.organisator.ch\/wp-content\/uploads\/2022\/06\/Neue-Buerowelten-Zwei-Drittel-der-Unternehmen-wollen-investieren_Organisator.jpg","schema":{"@context":"https:\/\/schema.org","@graph":[{"@type":"Article","@id":"https:\/\/www.organisator.ch\/management\/2022-06-30\/neue-buerowelten-zwei-drittel-der-unternehmen-wollen-investieren\/#article","isPartOf":{"@id":"https:\/\/www.organisator.ch\/management\/2022-06-30\/neue-buerowelten-zwei-drittel-der-unternehmen-wollen-investieren\/"},"author":{"name":"thomas.berner","@id":"https:\/\/www.organisator.ch\/#\/schema\/person\/6f650f90b2842cd4c0cc334b4e36f67e"},"headline":"Neue B\u00fcrowelten: Zwei Drittel der Unternehmen wollen investieren","datePublished":"2022-06-30T01:09:02+00:00","mainEntityOfPage":{"@id":"https:\/\/www.organisator.ch\/management\/2022-06-30\/neue-buerowelten-zwei-drittel-der-unternehmen-wollen-investieren\/"},"wordCount":572,"publisher":{"@id":"https:\/\/www.organisator.ch\/#organization"},"image":{"@id":"https:\/\/www.organisator.ch\/management\/2022-06-30\/neue-buerowelten-zwei-drittel-der-unternehmen-wollen-investieren\/#primaryimage"},"thumbnailUrl":"https:\/\/www.organisator.ch\/wp-content\/uploads\/2022\/06\/Neue-Buerowelten-Zwei-Drittel-der-Unternehmen-wollen-investieren_Organisator.jpg","keywords":["Arbeitsplatzgestaltung","Facility Management","Management und Unternehmensf\u00fchrung","Studie"],"articleSection":["MANAGEMENT"],"inLanguage":"fr-FR"},{"@type":"WebPage","@id":"https:\/\/www.organisator.ch\/management\/2022-06-30\/neue-buerowelten-zwei-drittel-der-unternehmen-wollen-investieren\/","url":"https:\/\/www.organisator.ch\/management\/2022-06-30\/neue-buerowelten-zwei-drittel-der-unternehmen-wollen-investieren\/","name":"De nouveaux mondes de bureaux : Deux tiers des entreprises veulent investir - Organisateur","isPartOf":{"@id":"https:\/\/www.organisator.ch\/#website"},"primaryImageOfPage":{"@id":"https:\/\/www.organisator.ch\/management\/2022-06-30\/neue-buerowelten-zwei-drittel-der-unternehmen-wollen-investieren\/#primaryimage"},"image":{"@id":"https:\/\/www.organisator.ch\/management\/2022-06-30\/neue-buerowelten-zwei-drittel-der-unternehmen-wollen-investieren\/#primaryimage"},"thumbnailUrl":"https:\/\/www.organisator.ch\/wp-content\/uploads\/2022\/06\/Neue-Buerowelten-Zwei-Drittel-der-Unternehmen-wollen-investieren_Organisator.jpg","datePublished":"2022-06-30T01:09:02+00:00","description":"Les entreprises veulent continuer \u00e0 investir dans des environnements de bureau malgr\u00e9 le home office. C'est ce que montre une enqu\u00eate men\u00e9e dans le monde entier par le sp\u00e9cialiste du FM ISS.","breadcrumb":{"@id":"https:\/\/www.organisator.ch\/management\/2022-06-30\/neue-buerowelten-zwei-drittel-der-unternehmen-wollen-investieren\/#breadcrumb"},"inLanguage":"fr-FR","potentialAction":[{"@type":"ReadAction","target":["https:\/\/www.organisator.ch\/management\/2022-06-30\/neue-buerowelten-zwei-drittel-der-unternehmen-wollen-investieren\/"]}]},{"@type":"ImageObject","inLanguage":"fr-FR","@id":"https:\/\/www.organisator.ch\/management\/2022-06-30\/neue-buerowelten-zwei-drittel-der-unternehmen-wollen-investieren\/#primaryimage","url":"https:\/\/www.organisator.ch\/wp-content\/uploads\/2022\/06\/Neue-Buerowelten-Zwei-Drittel-der-Unternehmen-wollen-investieren_Organisator.jpg","contentUrl":"https:\/\/www.organisator.ch\/wp-content\/uploads\/2022\/06\/Neue-Buerowelten-Zwei-Drittel-der-Unternehmen-wollen-investieren_Organisator.jpg","width":680,"height":453,"caption":"Trotz Homeoffice haben B\u00fcros nicht ausgedient. Ein Grossteil der Unternehmen will weiter in B\u00fcrowelten investieren. (Bild: Adobe Stock \/ ISS)"},{"@type":"BreadcrumbList","@id":"https:\/\/www.organisator.ch\/management\/2022-06-30\/neue-buerowelten-zwei-drittel-der-unternehmen-wollen-investieren\/#breadcrumb","itemListElement":[{"@type":"ListItem","position":1,"name":"Home","item":"https:\/\/www.organisator.ch\/"},{"@type":"ListItem","position":2,"name":"Neue B\u00fcrowelten: Zwei Drittel der Unternehmen wollen investieren"}]},{"@type":"WebSite","@id":"https:\/\/www.organisator.ch\/#website","url":"https:\/\/www.organisator.ch\/","name":"Organisateur","description":"Comp\u00e9tence et comp\u00e9tence. Proches de la pratique. L'ORGANISATEUR pr\u00e9pare 10 num\u00e9ros par an sur les th\u00e8mes essentiels pour les dirigeants de PME.","publisher":{"@id":"https:\/\/www.organisator.ch\/#organization"},"potentialAction":[{"@type":"SearchAction","target":{"@type":"EntryPoint","urlTemplate":"https:\/\/www.organisator.ch\/?s={search_term_string}"},"query-input":{"@type":"PropertyValueSpecification","valueRequired":true,"valueName":"search_term_string"}}],"inLanguage":"fr-FR"},{"@type":"Organization","@id":"https:\/\/www.organisator.ch\/#organization","name":"Organisateur","url":"https:\/\/www.organisator.ch\/","logo":{"@type":"ImageObject","inLanguage":"fr-FR","@id":"https:\/\/www.organisator.ch\/#\/schema\/logo\/image\/","url":"https:\/\/www.organisator.ch\/wp-content\/uploads\/2022\/01\/Logo_Organisator_Website.png","contentUrl":"https:\/\/www.organisator.ch\/wp-content\/uploads\/2022\/01\/Logo_Organisator_Website.png","width":800,"height":77,"caption":"Organisator"},"image":{"@id":"https:\/\/www.organisator.ch\/#\/schema\/logo\/image\/"},"sameAs":["https:\/\/www.facebook.com\/OrganisatorFachmagazin","https:\/\/www.linkedin.com\/showcase\/organisator-das-magazin-fr-kmu","https:\/\/www.xing.com\/news\/pages\/organisator-ch-695","https:\/\/www.youtube.com\/channel\/UCGP2Sq0iWaZwT3BdIAQFYpw"]},{"@type":"Person","@id":"https:\/\/www.organisator.ch\/#\/schema\/person\/6f650f90b2842cd4c0cc334b4e36f67e","name":"thomas.berner","image":{"@type":"ImageObject","inLanguage":"fr-FR","@id":"https:\/\/secure.gravatar.com\/avatar\/ac5001d2a36cb6c6cd3e50789007ffca834b477b74a2144564522e944eabff61?s=96&d=mm&r=g","url":"https:\/\/secure.gravatar.com\/avatar\/ac5001d2a36cb6c6cd3e50789007ffca834b477b74a2144564522e944eabff61?s=96&d=mm&r=g","contentUrl":"https:\/\/secure.gravatar.com\/avatar\/ac5001d2a36cb6c6cd3e50789007ffca834b477b74a2144564522e944eabff61?s=96&d=mm&r=g","caption":"thomas.berner"},"url":"https:\/\/www.organisator.ch\/fr\/author\/thomas-berner\/"}]}},"_links":{"self":[{"href":"https:\/\/www.organisator.ch\/fr\/wp-json\/wp\/v2\/posts\/15503","targetHints":{"allow":["GET"]}}],"collection":[{"href":"https:\/\/www.organisator.ch\/fr\/wp-json\/wp\/v2\/posts"}],"about":[{"href":"https:\/\/www.organisator.ch\/fr\/wp-json\/wp\/v2\/types\/post"}],"author":[{"embeddable":true,"href":"https:\/\/www.organisator.ch\/fr\/wp-json\/wp\/v2\/users\/4"}],"replies":[{"embeddable":true,"href":"https:\/\/www.organisator.ch\/fr\/wp-json\/wp\/v2\/comments?post=15503"}],"version-history":[{"count":1,"href":"https:\/\/www.organisator.ch\/fr\/wp-json\/wp\/v2\/posts\/15503\/revisions"}],"predecessor-version":[{"id":15505,"href":"https:\/\/www.organisator.ch\/fr\/wp-json\/wp\/v2\/posts\/15503\/revisions\/15505"}],"wp:featuredmedia":[{"embeddable":true,"href":"https:\/\/www.organisator.ch\/fr\/wp-json\/wp\/v2\/media\/15504"}],"wp:attachment":[{"href":"https:\/\/www.organisator.ch\/fr\/wp-json\/wp\/v2\/media?parent=15503"}],"wp:term":[{"taxonomy":"category","embeddable":true,"href":"https:\/\/www.organisator.ch\/fr\/wp-json\/wp\/v2\/categories?post=15503"},{"taxonomy":"post_tag","embeddable":true,"href":"https:\/\/www.organisator.ch\/fr\/wp-json\/wp\/v2\/tags?post=15503"}],"curies":[{"name":"wp","href":"https:\/\/api.w.org\/{rel}","templated":true}]}}