{"id":15524,"date":"2022-06-30T14:06:17","date_gmt":"2022-06-30T12:06:17","guid":{"rendered":"https:\/\/www.organisator.ch\/?p=15524"},"modified":"2022-06-30T14:06:17","modified_gmt":"2022-06-30T12:06:17","slug":"ueber-25000-neue-firmen-im-ersten-halbjahr-2022","status":"publish","type":"post","link":"https:\/\/www.organisator.ch\/fr\/allgemein\/2022-06-30\/ueber-25000-neue-firmen-im-ersten-halbjahr-2022\/","title":{"rendered":"Plus de 25 000 nouvelles entreprises au premier semestre 2022"},"content":{"rendered":"<figure id=\"attachment_15526\" aria-describedby=\"caption-attachment-15526\" style=\"width: 680px\" class=\"wp-caption alignnone\"><img loading=\"lazy\" decoding=\"async\" class=\"size-full wp-image-15526\" src=\"https:\/\/www.organisator.ch\/wp-content\/uploads\/2022\/06\/Ueber-25000-neue-Firmen-im-ersten-Halbjahr-2022-1_Organisator.jpg\" alt=\"\" width=\"680\" height=\"570\" srcset=\"https:\/\/www.organisator.ch\/wp-content\/uploads\/2022\/06\/Ueber-25000-neue-Firmen-im-ersten-Halbjahr-2022-1_Organisator.jpg 680w, https:\/\/www.organisator.ch\/wp-content\/uploads\/2022\/06\/Ueber-25000-neue-Firmen-im-ersten-Halbjahr-2022-1_Organisator-14x12.jpg 14w, https:\/\/www.organisator.ch\/wp-content\/uploads\/2022\/06\/Ueber-25000-neue-Firmen-im-ersten-Halbjahr-2022-1_Organisator-209x175.jpg 209w, https:\/\/www.organisator.ch\/wp-content\/uploads\/2022\/06\/Ueber-25000-neue-Firmen-im-ersten-Halbjahr-2022-1_Organisator-418x350.jpg 418w, https:\/\/www.organisator.ch\/wp-content\/uploads\/2022\/06\/Ueber-25000-neue-Firmen-im-ersten-Halbjahr-2022-1_Organisator-300x251.jpg 300w\" sizes=\"auto, (max-width: 680px) 100vw, 680px\" \/><figcaption id=\"caption-attachment-15526\" class=\"wp-caption-text\">Repr\u00e9sentent les plus de 25'000 nouvelles entreprises cr\u00e9\u00e9es entre janvier et juin 2022 : Sonja H\u00f6chli et Thomas Odermatt avec leur start-up bold matters GmbH. (Image : IFJ)<\/figcaption><\/figure>\n<p>L'\u00e9tude actualis\u00e9e au jour le jour \"Analyse nationale des cr\u00e9ations d'entreprises suisses 1er semestre 2022\", r\u00e9alis\u00e9e par l'Institut f\u00fcr Jungunternehmen IFJ, montre que 25'447 nouvelles entreprises ont \u00e9t\u00e9 inscrites au registre du commerce suisse au cours des 6 premiers mois de l'ann\u00e9e en cours. Cela correspond \u00e0 un l\u00e9ger recul de -3,6% par rapport au semestre 2021, qui est entr\u00e9 dans l'histoire comme un semestre record avec 26'387 nouvelles entreprises. Malgr\u00e9 le recul, la comparaison sur 10 semestres montre que +13% d'entreprises de plus que la moyenne \u00e0 long terme ont \u00e9t\u00e9 cr\u00e9\u00e9es au premier semestre 2022. Depuis les l\u00e9gers reculs de 2014 \u00e0 2015 et de 2019 \u00e0 2020, les offices du registre du commerce enregistrent globalement une tendance positive. Cela signifie qu'au cours des 10 derni\u00e8res ann\u00e9es, 22'511 nouvelles entreprises ont \u00e9t\u00e9 inscrites au registre du commerce chaque premier semestre. Avec ses 25'447 nouvelles entreprises, le premier semestre 2022 a donc enregistr\u00e9 le deuxi\u00e8me niveau le plus \u00e9lev\u00e9 et se situe, avec +13%, significativement au-dessus de la moyenne des 10 derniers semestres.<\/p>\n<h3>De fortes disparit\u00e9s entre les grandes r\u00e9gions - Zurich, moteur de la cr\u00e9ation d'entreprise<\/h3>\n<p>Selon l'analyse de l'IFJ, Zurich est la seule grande r\u00e9gion \u00e0 conna\u00eetre une l\u00e9g\u00e8re croissance de +0.3% au premier semestre 2022. Les autres grandes r\u00e9gions, \u00e0 savoir la Suisse du Sud-Ouest (-1,6%), la Suisse orientale (-2,8%), le Tessin (-3,1%) et la Suisse centrale (-3,9%), enregistrent de l\u00e9g\u00e8res baisses par rapport \u00e0 la m\u00eame p\u00e9riode de l'ann\u00e9e pr\u00e9c\u00e9dente. Dans les r\u00e9gions Espace Mittelland (-7,4%) et Suisse du Nord-Ouest (-7,9%), le nombre de nouvelles entreprises cr\u00e9\u00e9es est nettement inf\u00e9rieur \u00e0 celui du premier semestre 2021. La situation est la suivante, ventil\u00e9e par canton : Dans 9 cantons, le nombre de nouvelles entreprises cr\u00e9\u00e9es au premier semestre 2022 a encore augment\u00e9 par rapport \u00e0 la p\u00e9riode record de l'ann\u00e9e pr\u00e9c\u00e9dente. Ce sont actuellement les cantons avec une croissance des cr\u00e9ations d'entreprises suisses : Appenzell Rhodes-Int\u00e9rieures (+18.5%), Jura (+6.9%), Fribourg (+4.8%), Obwald (+4.6%), Glaris (2.9%), Saint-Gall (+1.3%), Vaud (+0.9%), Zurich (+0.3%) et Valais (+0.Les cantons qui n'ont connu que de l\u00e9g\u00e8res baisses en pourcentage sont Appenzell Rhodes-Ext\u00e9rieures (-1.2%), B\u00e2le-Campagne (-2.1%), Lucerne (-2.2%), le Tessin (-3.1%) et Uri (-4.3%). Les plus fortes baisses en pourcentage de cr\u00e9ations d'entreprises ont \u00e9t\u00e9 enregistr\u00e9es dans les offices du registre du commerce des cantons de Nidwald (-18%), B\u00e2le-Ville (-12.5%), Berne (-12.4%), Neuch\u00e2tel (-11.9%) et Grisons (-10.9%).<\/p>\n<h3>Nouvelles entreprises par secteur<\/h3>\n<p>Les secteurs les plus porteurs cette ann\u00e9e sont la haute technologie (+22,1%), la sant\u00e9 (+9,7%) et le transport et la logistique (+9,3%). Les baisses les plus importantes en pourcentage sont<br \/>\nAgriculture &amp; sylviculture (-20,2%), commerce de gros (-15,2%) ainsi que le commerce de d\u00e9tail (-13,8%). L'analyse montre que c'est surtout le commerce qui a beaucoup souffert. Outre les deux branches \u00e0 forte cr\u00e9ation d'entreprises que sont la sant\u00e9 et l'informatique et les TIC, ce sont surtout les petites branches qui enregistrent des accents positifs.<\/p>\n<figure id=\"attachment_15525\" aria-describedby=\"caption-attachment-15525\" style=\"width: 680px\" class=\"wp-caption alignnone\"><img loading=\"lazy\" decoding=\"async\" class=\"size-full wp-image-15525\" src=\"https:\/\/www.organisator.ch\/wp-content\/uploads\/2022\/06\/Ueber-25000-neue-Firmen-im-ersten-Halbjahr-2022-2_Organisator.jpg\" alt=\"\" width=\"680\" height=\"452\" srcset=\"https:\/\/www.organisator.ch\/wp-content\/uploads\/2022\/06\/Ueber-25000-neue-Firmen-im-ersten-Halbjahr-2022-2_Organisator.jpg 680w, https:\/\/www.organisator.ch\/wp-content\/uploads\/2022\/06\/Ueber-25000-neue-Firmen-im-ersten-Halbjahr-2022-2_Organisator-18x12.jpg 18w, https:\/\/www.organisator.ch\/wp-content\/uploads\/2022\/06\/Ueber-25000-neue-Firmen-im-ersten-Halbjahr-2022-2_Organisator-263x175.jpg 263w, https:\/\/www.organisator.ch\/wp-content\/uploads\/2022\/06\/Ueber-25000-neue-Firmen-im-ersten-Halbjahr-2022-2_Organisator-527x350.jpg 527w, https:\/\/www.organisator.ch\/wp-content\/uploads\/2022\/06\/Ueber-25000-neue-Firmen-im-ersten-Halbjahr-2022-2_Organisator-300x199.jpg 300w\" sizes=\"auto, (max-width: 680px) 100vw, 680px\" \/><figcaption id=\"caption-attachment-15525\" class=\"wp-caption-text\">Cr\u00e9ations d'entreprises par secteur (graphique : IFJ)<\/figcaption><\/figure>\n<h3>Optimisme des cr\u00e9ateurs d'entreprise<\/h3>\n<p>Les incertitudes g\u00e9opolitiques et \u00e9conomiques ainsi que les mesures Corona persistantes au niveau international touchent certes aussi l'\u00e9conomie suisse. Malgr\u00e9 cela, les cr\u00e9ateurs d'entreprise suisses se montrent optimistes. Les cr\u00e9ateurs d'entreprise suisses donnent une r\u00e9ponse claire \u00e0 la question \"Pourquoi fonder une entreprise ?<\/p>\n<p>Un chiffre illustre particuli\u00e8rement bien l'importance pour les ind\u00e9pendants de trouver un \u00e9quilibre id\u00e9al entre courage et raison : au moment de la cr\u00e9ation, 66% des cr\u00e9ateurs d'entreprise sont encore dans une autre entreprise.<br \/>\nentreprises sont employ\u00e9es. Apr\u00e8s la cr\u00e9ation, ce nombre diminue \u00e0 environ 40%. L'id\u00e9e de s\u00e9curit\u00e9 se combine donc id\u00e9alement avec le d\u00e9sir de plus de libert\u00e9, comme l'\u00e9crit l'IFJ. Les employ\u00e9s travaillant \u00e0 domicile continuent de profiter de leur temps pour mettre en \u0153uvre leurs propres id\u00e9es, les gens cherchent plus que jamais une occupation qui a du sens. Et comme dans toutes les p\u00e9riodes difficiles, de nombreuses innovations et am\u00e9liorations sont d\u00e9velopp\u00e9es \u00e0 partir de la situation actuelle. De plus, l'acceptation sociale de l'activit\u00e9 ind\u00e9pendante continue de progresser.<\/p>\n<p><em>Source : <a href=\"http:\/\/www.ifj.ch\">Institut pour jeunes entreprises IFJ<\/a><\/em><\/p>","protected":false},"excerpt":{"rendered":"<p>Die tagesaktuelle Studie \u00abNationale Analyse Schweizer Firmengr\u00fcndungen 1. Halbjahr 2022\u00bb, erstellt durch das Institut f\u00fcr Jungunternehmen IFJ, zeigt, dass in den ersten 6 Monaten des laufenden Jahres 25&#8217;447 neue Firmen ins Schweizerische Handelsregister eingetragen wurden. Dies entspricht einem leichten R\u00fcckgang von -3.6% im Vergleich zum Halbjahr 2021, welches mit 26&#8217;387 Neugr\u00fcndungen als Rekord-Halbjahr in die [&hellip;]<\/p>\n","protected":false},"author":4,"featured_media":15526,"comment_status":"closed","ping_status":"closed","sticky":false,"template":"","format":"standard","meta":{"_acf_changed":false,"_yoast_wpseo_focuskw":"neue Firmen","_yoast_wpseo_metadesc":"Das Gr\u00fcndungsfieber ist nicht mehr ganz so hoch wie in der Vorjahresperiode. Dennoch wurden 2022 bereits \u00fcber 25000 neue Firmen gegr\u00fcndet.","articlekey":"","footnotes":""},"categories":[1],"tags":[451,452,492],"class_list":["post-15524","post","type-post","status-publish","format-standard","has-post-thumbnail","hentry","category-allgemein","tag-startups","tag-statistik","tag-unternehmen"],"acf":[],"yoast_head":"<!-- This site is optimized with the Yoast SEO plugin v27.4 - https:\/\/yoast.com\/product\/yoast-seo-wordpress\/ -->\n<title>\u00dcber 25&#039;000 neue Firmen im ersten Halbjahr 2022 - Organisator<\/title>\n<meta name=\"description\" content=\"Das Gr\u00fcndungsfieber ist nicht mehr ganz so hoch wie in der Vorjahresperiode. Dennoch wurden 2022 bereits \u00fcber 25000 neue Firmen gegr\u00fcndet.\" \/>\n<meta name=\"robots\" content=\"index, follow, max-snippet:-1, max-image-preview:large, max-video-preview:-1\" \/>\n<link rel=\"canonical\" href=\"https:\/\/www.organisator.ch\/fr\/general\/2022-06-30\/ueber-25000-neue-firmen-im-ersten-halbjahr-2022\/\" \/>\n<meta property=\"og:locale\" content=\"fr_FR\" \/>\n<meta property=\"og:type\" content=\"article\" \/>\n<meta property=\"og:title\" content=\"\u00dcber 25&#039;000 neue Firmen im ersten Halbjahr 2022\" \/>\n<meta property=\"og:description\" content=\"Das Gr\u00fcndungsfieber ist nicht mehr ganz so hoch wie in der Vorjahresperiode. Dennoch wurden 2022 bereits \u00fcber 25000 neue Firmen gegr\u00fcndet.\" \/>\n<meta property=\"og:url\" content=\"https:\/\/www.organisator.ch\/fr\/general\/2022-06-30\/ueber-25000-neue-firmen-im-ersten-halbjahr-2022\/\" \/>\n<meta property=\"og:site_name\" content=\"Organisator\" \/>\n<meta property=\"article:publisher\" content=\"https:\/\/www.facebook.com\/OrganisatorFachmagazin\" \/>\n<meta property=\"article:published_time\" content=\"2022-06-30T12:06:17+00:00\" \/>\n<meta property=\"og:image\" content=\"https:\/\/www.organisator.ch\/wp-content\/uploads\/2022\/06\/Ueber-25000-neue-Firmen-im-ersten-Halbjahr-2022-1_Organisator.jpg\" \/>\n\t<meta property=\"og:image:width\" content=\"680\" \/>\n\t<meta property=\"og:image:height\" content=\"570\" \/>\n\t<meta property=\"og:image:type\" content=\"image\/jpeg\" \/>\n<meta name=\"author\" content=\"thomas.berner\" \/>\n<meta name=\"twitter:card\" content=\"summary_large_image\" \/>\n<meta name=\"twitter:title\" content=\"\u00dcber 25&#039;000 neue #Firmen im ersten Halbjahr 2022\" \/>\n<meta name=\"twitter:description\" content=\"Das #Gr\u00fcndungsfieber ist nicht mehr ganz so hoch wie in der #Vorjahresperiode. Dennoch wurden 2022 bereits \u00fcber 25000 neue #Firmen gegr\u00fcndet.\" \/>\n<meta name=\"twitter:image\" content=\"https:\/\/www.organisator.ch\/wp-content\/uploads\/2022\/06\/Ueber-25000-neue-Firmen-im-ersten-Halbjahr-2022-1_Organisator.jpg\" \/>\n<script type=\"application\/ld+json\" class=\"yoast-schema-graph\">{\"@context\":\"https:\\\/\\\/schema.org\",\"@graph\":[{\"@type\":\"Article\",\"@id\":\"https:\\\/\\\/www.organisator.ch\\\/it\\\/generale\\\/2022-06-30\\\/ueber-25000-neue-firmen-im-ersten-halbjahr-2022\\\/#article\",\"isPartOf\":{\"@id\":\"https:\\\/\\\/www.organisator.ch\\\/it\\\/generale\\\/2022-06-30\\\/ueber-25000-neue-firmen-im-ersten-halbjahr-2022\\\/\"},\"author\":{\"name\":\"thomas.berner\",\"@id\":\"https:\\\/\\\/www.organisator.ch\\\/#\\\/schema\\\/person\\\/6f650f90b2842cd4c0cc334b4e36f67e\"},\"headline\":\"\u00dcber 25&#8217;000 neue Firmen im ersten Halbjahr 2022\",\"datePublished\":\"2022-06-30T12:06:17+00:00\",\"mainEntityOfPage\":{\"@id\":\"https:\\\/\\\/www.organisator.ch\\\/it\\\/generale\\\/2022-06-30\\\/ueber-25000-neue-firmen-im-ersten-halbjahr-2022\\\/\"},\"wordCount\":606,\"publisher\":{\"@id\":\"https:\\\/\\\/www.organisator.ch\\\/#organization\"},\"image\":{\"@id\":\"https:\\\/\\\/www.organisator.ch\\\/it\\\/generale\\\/2022-06-30\\\/ueber-25000-neue-firmen-im-ersten-halbjahr-2022\\\/#primaryimage\"},\"thumbnailUrl\":\"https:\\\/\\\/www.organisator.ch\\\/wp-content\\\/uploads\\\/2022\\\/06\\\/Ueber-25000-neue-Firmen-im-ersten-Halbjahr-2022-1_Organisator.jpg\",\"keywords\":[\"Startups\",\"Statistik\",\"Unternehmen\"],\"articleSection\":[\"Allgemein\"],\"inLanguage\":\"fr-FR\"},{\"@type\":\"WebPage\",\"@id\":\"https:\\\/\\\/www.organisator.ch\\\/it\\\/generale\\\/2022-06-30\\\/ueber-25000-neue-firmen-im-ersten-halbjahr-2022\\\/\",\"url\":\"https:\\\/\\\/www.organisator.ch\\\/it\\\/generale\\\/2022-06-30\\\/ueber-25000-neue-firmen-im-ersten-halbjahr-2022\\\/\",\"name\":\"\u00dcber 25'000 neue Firmen im ersten Halbjahr 2022 - Organisator\",\"isPartOf\":{\"@id\":\"https:\\\/\\\/www.organisator.ch\\\/#website\"},\"primaryImageOfPage\":{\"@id\":\"https:\\\/\\\/www.organisator.ch\\\/it\\\/generale\\\/2022-06-30\\\/ueber-25000-neue-firmen-im-ersten-halbjahr-2022\\\/#primaryimage\"},\"image\":{\"@id\":\"https:\\\/\\\/www.organisator.ch\\\/it\\\/generale\\\/2022-06-30\\\/ueber-25000-neue-firmen-im-ersten-halbjahr-2022\\\/#primaryimage\"},\"thumbnailUrl\":\"https:\\\/\\\/www.organisator.ch\\\/wp-content\\\/uploads\\\/2022\\\/06\\\/Ueber-25000-neue-Firmen-im-ersten-Halbjahr-2022-1_Organisator.jpg\",\"datePublished\":\"2022-06-30T12:06:17+00:00\",\"description\":\"Das Gr\u00fcndungsfieber ist nicht mehr ganz so hoch wie in der Vorjahresperiode. Dennoch wurden 2022 bereits \u00fcber 25000 neue Firmen gegr\u00fcndet.\",\"breadcrumb\":{\"@id\":\"https:\\\/\\\/www.organisator.ch\\\/it\\\/generale\\\/2022-06-30\\\/ueber-25000-neue-firmen-im-ersten-halbjahr-2022\\\/#breadcrumb\"},\"inLanguage\":\"fr-FR\",\"potentialAction\":[{\"@type\":\"ReadAction\",\"target\":[\"https:\\\/\\\/www.organisator.ch\\\/it\\\/generale\\\/2022-06-30\\\/ueber-25000-neue-firmen-im-ersten-halbjahr-2022\\\/\"]}]},{\"@type\":\"ImageObject\",\"inLanguage\":\"fr-FR\",\"@id\":\"https:\\\/\\\/www.organisator.ch\\\/it\\\/generale\\\/2022-06-30\\\/ueber-25000-neue-firmen-im-ersten-halbjahr-2022\\\/#primaryimage\",\"url\":\"https:\\\/\\\/www.organisator.ch\\\/wp-content\\\/uploads\\\/2022\\\/06\\\/Ueber-25000-neue-Firmen-im-ersten-Halbjahr-2022-1_Organisator.jpg\",\"contentUrl\":\"https:\\\/\\\/www.organisator.ch\\\/wp-content\\\/uploads\\\/2022\\\/06\\\/Ueber-25000-neue-Firmen-im-ersten-Halbjahr-2022-1_Organisator.jpg\",\"width\":680,\"height\":570,\"caption\":\"Stehen stellvertretend f\u00fcr die \u00fcber 25'000 neuen Firmen, die von Januar bis Juni 2022 gegr\u00fcndet worden sind: Sonja H\u00f6chli und Thomas Odermatt mit ihrem Startup bold matters GmbH. (Bild: IFJ)\"},{\"@type\":\"BreadcrumbList\",\"@id\":\"https:\\\/\\\/www.organisator.ch\\\/it\\\/generale\\\/2022-06-30\\\/ueber-25000-neue-firmen-im-ersten-halbjahr-2022\\\/#breadcrumb\",\"itemListElement\":[{\"@type\":\"ListItem\",\"position\":1,\"name\":\"Home\",\"item\":\"https:\\\/\\\/www.organisator.ch\\\/\"},{\"@type\":\"ListItem\",\"position\":2,\"name\":\"\u00dcber 25&#8217;000 neue Firmen im ersten Halbjahr 2022\"}]},{\"@type\":\"WebSite\",\"@id\":\"https:\\\/\\\/www.organisator.ch\\\/#website\",\"url\":\"https:\\\/\\\/www.organisator.ch\\\/\",\"name\":\"Organisator\",\"description\":\"Kompetent. Praxisnah. Der ORGANISATOR bereitet in 10 Ausgaben pro Jahr die wesentlichen Themen f\u00fcr F\u00fchrungskr\u00e4fte von KMU auf.\",\"publisher\":{\"@id\":\"https:\\\/\\\/www.organisator.ch\\\/#organization\"},\"potentialAction\":[{\"@type\":\"SearchAction\",\"target\":{\"@type\":\"EntryPoint\",\"urlTemplate\":\"https:\\\/\\\/www.organisator.ch\\\/?s={search_term_string}\"},\"query-input\":{\"@type\":\"PropertyValueSpecification\",\"valueRequired\":true,\"valueName\":\"search_term_string\"}}],\"inLanguage\":\"fr-FR\"},{\"@type\":\"Organization\",\"@id\":\"https:\\\/\\\/www.organisator.ch\\\/#organization\",\"name\":\"Organisator\",\"url\":\"https:\\\/\\\/www.organisator.ch\\\/\",\"logo\":{\"@type\":\"ImageObject\",\"inLanguage\":\"fr-FR\",\"@id\":\"https:\\\/\\\/www.organisator.ch\\\/#\\\/schema\\\/logo\\\/image\\\/\",\"url\":\"https:\\\/\\\/www.organisator.ch\\\/wp-content\\\/uploads\\\/2022\\\/01\\\/Logo_Organisator_Website.png\",\"contentUrl\":\"https:\\\/\\\/www.organisator.ch\\\/wp-content\\\/uploads\\\/2022\\\/01\\\/Logo_Organisator_Website.png\",\"width\":800,\"height\":77,\"caption\":\"Organisator\"},\"image\":{\"@id\":\"https:\\\/\\\/www.organisator.ch\\\/#\\\/schema\\\/logo\\\/image\\\/\"},\"sameAs\":[\"https:\\\/\\\/www.facebook.com\\\/OrganisatorFachmagazin\",\"https:\\\/\\\/www.linkedin.com\\\/showcase\\\/organisator-das-magazin-fr-kmu\",\"https:\\\/\\\/www.xing.com\\\/news\\\/pages\\\/organisator-ch-695\",\"https:\\\/\\\/www.youtube.com\\\/channel\\\/UCGP2Sq0iWaZwT3BdIAQFYpw\"]},{\"@type\":\"Person\",\"@id\":\"https:\\\/\\\/www.organisator.ch\\\/#\\\/schema\\\/person\\\/6f650f90b2842cd4c0cc334b4e36f67e\",\"name\":\"thomas.berner\",\"image\":{\"@type\":\"ImageObject\",\"inLanguage\":\"fr-FR\",\"@id\":\"https:\\\/\\\/secure.gravatar.com\\\/avatar\\\/ac5001d2a36cb6c6cd3e50789007ffca834b477b74a2144564522e944eabff61?s=96&d=mm&r=g\",\"url\":\"https:\\\/\\\/secure.gravatar.com\\\/avatar\\\/ac5001d2a36cb6c6cd3e50789007ffca834b477b74a2144564522e944eabff61?s=96&d=mm&r=g\",\"contentUrl\":\"https:\\\/\\\/secure.gravatar.com\\\/avatar\\\/ac5001d2a36cb6c6cd3e50789007ffca834b477b74a2144564522e944eabff61?s=96&d=mm&r=g\",\"caption\":\"thomas.berner\"},\"url\":\"https:\\\/\\\/www.organisator.ch\\\/fr\\\/author\\\/thomas-berner\\\/\"}]}<\/script>\n<!-- \/ Yoast SEO plugin. -->","yoast_head_json":{"title":"Plus de 25 000 nouvelles entreprises au premier semestre 2022 - Organisateur","description":"La fi\u00e8vre de la cr\u00e9ation d'entreprise n'est plus aussi forte que l'ann\u00e9e derni\u00e8re \u00e0 la m\u00eame p\u00e9riode. N\u00e9anmoins, plus de 25000 nouvelles entreprises ont d\u00e9j\u00e0 \u00e9t\u00e9 cr\u00e9\u00e9es en 2022.","robots":{"index":"index","follow":"follow","max-snippet":"max-snippet:-1","max-image-preview":"max-image-preview:large","max-video-preview":"max-video-preview:-1"},"canonical":"https:\/\/www.organisator.ch\/fr\/general\/2022-06-30\/ueber-25000-neue-firmen-im-ersten-halbjahr-2022\/","og_locale":"fr_FR","og_type":"article","og_title":"\u00dcber 25'000 neue Firmen im ersten Halbjahr 2022","og_description":"Das Gr\u00fcndungsfieber ist nicht mehr ganz so hoch wie in der Vorjahresperiode. Dennoch wurden 2022 bereits \u00fcber 25000 neue Firmen gegr\u00fcndet.","og_url":"https:\/\/www.organisator.ch\/fr\/general\/2022-06-30\/ueber-25000-neue-firmen-im-ersten-halbjahr-2022\/","og_site_name":"Organisator","article_publisher":"https:\/\/www.facebook.com\/OrganisatorFachmagazin","article_published_time":"2022-06-30T12:06:17+00:00","og_image":[{"width":680,"height":570,"url":"https:\/\/www.organisator.ch\/wp-content\/uploads\/2022\/06\/Ueber-25000-neue-Firmen-im-ersten-Halbjahr-2022-1_Organisator.jpg","type":"image\/jpeg"}],"author":"thomas.berner","twitter_card":"summary_large_image","twitter_title":"\u00dcber 25'000 neue #Firmen im ersten Halbjahr 2022","twitter_description":"Das #Gr\u00fcndungsfieber ist nicht mehr ganz so hoch wie in der #Vorjahresperiode. Dennoch wurden 2022 bereits \u00fcber 25000 neue #Firmen gegr\u00fcndet.","twitter_image":"https:\/\/www.organisator.ch\/wp-content\/uploads\/2022\/06\/Ueber-25000-neue-Firmen-im-ersten-Halbjahr-2022-1_Organisator.jpg","schema":{"@context":"https:\/\/schema.org","@graph":[{"@type":"Article","@id":"https:\/\/www.organisator.ch\/it\/generale\/2022-06-30\/ueber-25000-neue-firmen-im-ersten-halbjahr-2022\/#article","isPartOf":{"@id":"https:\/\/www.organisator.ch\/it\/generale\/2022-06-30\/ueber-25000-neue-firmen-im-ersten-halbjahr-2022\/"},"author":{"name":"thomas.berner","@id":"https:\/\/www.organisator.ch\/#\/schema\/person\/6f650f90b2842cd4c0cc334b4e36f67e"},"headline":"\u00dcber 25&#8217;000 neue Firmen im ersten Halbjahr 2022","datePublished":"2022-06-30T12:06:17+00:00","mainEntityOfPage":{"@id":"https:\/\/www.organisator.ch\/it\/generale\/2022-06-30\/ueber-25000-neue-firmen-im-ersten-halbjahr-2022\/"},"wordCount":606,"publisher":{"@id":"https:\/\/www.organisator.ch\/#organization"},"image":{"@id":"https:\/\/www.organisator.ch\/it\/generale\/2022-06-30\/ueber-25000-neue-firmen-im-ersten-halbjahr-2022\/#primaryimage"},"thumbnailUrl":"https:\/\/www.organisator.ch\/wp-content\/uploads\/2022\/06\/Ueber-25000-neue-Firmen-im-ersten-Halbjahr-2022-1_Organisator.jpg","keywords":["Startups","Statistik","Unternehmen"],"articleSection":["Allgemein"],"inLanguage":"fr-FR"},{"@type":"WebPage","@id":"https:\/\/www.organisator.ch\/it\/generale\/2022-06-30\/ueber-25000-neue-firmen-im-ersten-halbjahr-2022\/","url":"https:\/\/www.organisator.ch\/it\/generale\/2022-06-30\/ueber-25000-neue-firmen-im-ersten-halbjahr-2022\/","name":"Plus de 25 000 nouvelles entreprises au premier semestre 2022 - Organisateur","isPartOf":{"@id":"https:\/\/www.organisator.ch\/#website"},"primaryImageOfPage":{"@id":"https:\/\/www.organisator.ch\/it\/generale\/2022-06-30\/ueber-25000-neue-firmen-im-ersten-halbjahr-2022\/#primaryimage"},"image":{"@id":"https:\/\/www.organisator.ch\/it\/generale\/2022-06-30\/ueber-25000-neue-firmen-im-ersten-halbjahr-2022\/#primaryimage"},"thumbnailUrl":"https:\/\/www.organisator.ch\/wp-content\/uploads\/2022\/06\/Ueber-25000-neue-Firmen-im-ersten-Halbjahr-2022-1_Organisator.jpg","datePublished":"2022-06-30T12:06:17+00:00","description":"La fi\u00e8vre de la cr\u00e9ation d'entreprise n'est plus aussi forte que l'ann\u00e9e derni\u00e8re \u00e0 la m\u00eame p\u00e9riode. N\u00e9anmoins, plus de 25000 nouvelles entreprises ont d\u00e9j\u00e0 \u00e9t\u00e9 cr\u00e9\u00e9es en 2022.","breadcrumb":{"@id":"https:\/\/www.organisator.ch\/it\/generale\/2022-06-30\/ueber-25000-neue-firmen-im-ersten-halbjahr-2022\/#breadcrumb"},"inLanguage":"fr-FR","potentialAction":[{"@type":"ReadAction","target":["https:\/\/www.organisator.ch\/it\/generale\/2022-06-30\/ueber-25000-neue-firmen-im-ersten-halbjahr-2022\/"]}]},{"@type":"ImageObject","inLanguage":"fr-FR","@id":"https:\/\/www.organisator.ch\/it\/generale\/2022-06-30\/ueber-25000-neue-firmen-im-ersten-halbjahr-2022\/#primaryimage","url":"https:\/\/www.organisator.ch\/wp-content\/uploads\/2022\/06\/Ueber-25000-neue-Firmen-im-ersten-Halbjahr-2022-1_Organisator.jpg","contentUrl":"https:\/\/www.organisator.ch\/wp-content\/uploads\/2022\/06\/Ueber-25000-neue-Firmen-im-ersten-Halbjahr-2022-1_Organisator.jpg","width":680,"height":570,"caption":"Stehen stellvertretend f\u00fcr die \u00fcber 25'000 neuen Firmen, die von Januar bis Juni 2022 gegr\u00fcndet worden sind: Sonja H\u00f6chli und Thomas Odermatt mit ihrem Startup bold matters GmbH. (Bild: IFJ)"},{"@type":"BreadcrumbList","@id":"https:\/\/www.organisator.ch\/it\/generale\/2022-06-30\/ueber-25000-neue-firmen-im-ersten-halbjahr-2022\/#breadcrumb","itemListElement":[{"@type":"ListItem","position":1,"name":"Home","item":"https:\/\/www.organisator.ch\/"},{"@type":"ListItem","position":2,"name":"\u00dcber 25&#8217;000 neue Firmen im ersten Halbjahr 2022"}]},{"@type":"WebSite","@id":"https:\/\/www.organisator.ch\/#website","url":"https:\/\/www.organisator.ch\/","name":"Organisateur","description":"Comp\u00e9tence et comp\u00e9tence. Proches de la pratique. L'ORGANISATEUR pr\u00e9pare 10 num\u00e9ros par an sur les th\u00e8mes essentiels pour les dirigeants de PME.","publisher":{"@id":"https:\/\/www.organisator.ch\/#organization"},"potentialAction":[{"@type":"SearchAction","target":{"@type":"EntryPoint","urlTemplate":"https:\/\/www.organisator.ch\/?s={search_term_string}"},"query-input":{"@type":"PropertyValueSpecification","valueRequired":true,"valueName":"search_term_string"}}],"inLanguage":"fr-FR"},{"@type":"Organization","@id":"https:\/\/www.organisator.ch\/#organization","name":"Organisateur","url":"https:\/\/www.organisator.ch\/","logo":{"@type":"ImageObject","inLanguage":"fr-FR","@id":"https:\/\/www.organisator.ch\/#\/schema\/logo\/image\/","url":"https:\/\/www.organisator.ch\/wp-content\/uploads\/2022\/01\/Logo_Organisator_Website.png","contentUrl":"https:\/\/www.organisator.ch\/wp-content\/uploads\/2022\/01\/Logo_Organisator_Website.png","width":800,"height":77,"caption":"Organisator"},"image":{"@id":"https:\/\/www.organisator.ch\/#\/schema\/logo\/image\/"},"sameAs":["https:\/\/www.facebook.com\/OrganisatorFachmagazin","https:\/\/www.linkedin.com\/showcase\/organisator-das-magazin-fr-kmu","https:\/\/www.xing.com\/news\/pages\/organisator-ch-695","https:\/\/www.youtube.com\/channel\/UCGP2Sq0iWaZwT3BdIAQFYpw"]},{"@type":"Person","@id":"https:\/\/www.organisator.ch\/#\/schema\/person\/6f650f90b2842cd4c0cc334b4e36f67e","name":"thomas.berner","image":{"@type":"ImageObject","inLanguage":"fr-FR","@id":"https:\/\/secure.gravatar.com\/avatar\/ac5001d2a36cb6c6cd3e50789007ffca834b477b74a2144564522e944eabff61?s=96&d=mm&r=g","url":"https:\/\/secure.gravatar.com\/avatar\/ac5001d2a36cb6c6cd3e50789007ffca834b477b74a2144564522e944eabff61?s=96&d=mm&r=g","contentUrl":"https:\/\/secure.gravatar.com\/avatar\/ac5001d2a36cb6c6cd3e50789007ffca834b477b74a2144564522e944eabff61?s=96&d=mm&r=g","caption":"thomas.berner"},"url":"https:\/\/www.organisator.ch\/fr\/author\/thomas-berner\/"}]}},"_links":{"self":[{"href":"https:\/\/www.organisator.ch\/fr\/wp-json\/wp\/v2\/posts\/15524","targetHints":{"allow":["GET"]}}],"collection":[{"href":"https:\/\/www.organisator.ch\/fr\/wp-json\/wp\/v2\/posts"}],"about":[{"href":"https:\/\/www.organisator.ch\/fr\/wp-json\/wp\/v2\/types\/post"}],"author":[{"embeddable":true,"href":"https:\/\/www.organisator.ch\/fr\/wp-json\/wp\/v2\/users\/4"}],"replies":[{"embeddable":true,"href":"https:\/\/www.organisator.ch\/fr\/wp-json\/wp\/v2\/comments?post=15524"}],"version-history":[{"count":1,"href":"https:\/\/www.organisator.ch\/fr\/wp-json\/wp\/v2\/posts\/15524\/revisions"}],"predecessor-version":[{"id":15527,"href":"https:\/\/www.organisator.ch\/fr\/wp-json\/wp\/v2\/posts\/15524\/revisions\/15527"}],"wp:featuredmedia":[{"embeddable":true,"href":"https:\/\/www.organisator.ch\/fr\/wp-json\/wp\/v2\/media\/15526"}],"wp:attachment":[{"href":"https:\/\/www.organisator.ch\/fr\/wp-json\/wp\/v2\/media?parent=15524"}],"wp:term":[{"taxonomy":"category","embeddable":true,"href":"https:\/\/www.organisator.ch\/fr\/wp-json\/wp\/v2\/categories?post=15524"},{"taxonomy":"post_tag","embeddable":true,"href":"https:\/\/www.organisator.ch\/fr\/wp-json\/wp\/v2\/tags?post=15524"}],"curies":[{"name":"wp","href":"https:\/\/api.w.org\/{rel}","templated":true}]}}