{"id":15540,"date":"2022-07-04T13:40:15","date_gmt":"2022-07-04T11:40:15","guid":{"rendered":"https:\/\/www.organisator.ch\/?p=15540"},"modified":"2022-07-04T13:40:15","modified_gmt":"2022-07-04T11:40:15","slug":"sap-schweiz-mit-neuen-koepfen-an-der-spitze","status":"publish","type":"post","link":"https:\/\/www.organisator.ch\/fr\/management\/2022-07-04\/sap-schweiz-mit-neuen-koepfen-an-der-spitze\/","title":{"rendered":"SAP Suisse a de nouvelles t\u00eates \u00e0 sa t\u00eate"},"content":{"rendered":"<figure id=\"attachment_15541\" aria-describedby=\"caption-attachment-15541\" style=\"width: 680px\" class=\"wp-caption alignnone\"><img loading=\"lazy\" decoding=\"async\" class=\"size-full wp-image-15541\" src=\"https:\/\/www.organisator.ch\/wp-content\/uploads\/2022\/07\/SAP-Schweiz-mit-neuen-Koepfen-an-der-Spitze_Organisator.jpg\" alt=\"\" width=\"680\" height=\"251\" srcset=\"https:\/\/www.organisator.ch\/wp-content\/uploads\/2022\/07\/SAP-Schweiz-mit-neuen-Koepfen-an-der-Spitze_Organisator.jpg 680w, https:\/\/www.organisator.ch\/wp-content\/uploads\/2022\/07\/SAP-Schweiz-mit-neuen-Koepfen-an-der-Spitze_Organisator-18x7.jpg 18w, https:\/\/www.organisator.ch\/wp-content\/uploads\/2022\/07\/SAP-Schweiz-mit-neuen-Koepfen-an-der-Spitze_Organisator-375x138.jpg 375w, https:\/\/www.organisator.ch\/wp-content\/uploads\/2022\/07\/SAP-Schweiz-mit-neuen-Koepfen-an-der-Spitze_Organisator-300x111.jpg 300w\" sizes=\"auto, (max-width: 680px) 100vw, 680px\" \/><figcaption id=\"caption-attachment-15541\" class=\"wp-caption-text\">Occupent d\u00e9sormais diff\u00e9rentes fonctions de direction chez SAP Suisse : Sebastian Kaczynski, Alexander Finger et Alexander Kehrli (de g. \u00e0 dr.). Image : zVg \/ Service de presse SAP)<\/figcaption><\/figure>\n<p>Ces jours-ci, diverses fonctions de direction sont repourvues chez SAP Suisse. \"Avec ces nouvelles nominations, nous sommes bien positionn\u00e9s pour accompagner nos clients et partenaires avec des innovations et un savoir-faire \u00e9prouv\u00e9 sur la voie d'entreprises durables et comp\u00e9titives\", commente Michael Locher-Tjoa, Managing Director SAP Suisse, \u00e0 propos des changements de personnel. \"Avec le nouveau poste de Chief Sustainability Officer, nous faisons en outre suivre d'effets notre strat\u00e9gie d'engagement \u00e0 grande \u00e9chelle pour une \u00e9conomie durable, \u00e9galement chez SAP en Suisse\".<\/p>\n<h3><strong>Fonction nouvellement cr\u00e9\u00e9e de Chief Sustainability Officer<\/strong><\/h3>\n<p>La fonction nouvellement cr\u00e9\u00e9e de Chief Sustainability Officer s'inscrit dans le cadre de la strat\u00e9gie de d\u00e9veloppement durable de SAP. Derri\u00e8re celle-ci se cachent diverses mesures visant \u00e0 r\u00e9duire l'empreinte carbone, \u00e0 transformer les cha\u00eenes d'approvisionnement et de cr\u00e9ation de valeur en processus circulaires, \u00e0 \u00e9viter les d\u00e9chets, \u00e0 prot\u00e9ger la plan\u00e8te et \u00e0 pr\u00e9server la biodiversit\u00e9 sur Terre, ainsi qu'\u00e0 int\u00e9grer les dimensions ESG (Environnement, Social, Gouvernance) dans les rapports financiers, selon l'entreprise. Le nouveau Chief Sustainability Officer (SCO) est Sebastian Kaczynski, un professionnel qui, selon SAP, \"a suivi sa passion pour la durabilit\u00e9 et travaille depuis ses \u00e9tudes sur des innovations visant \u00e0 r\u00e9soudre les probl\u00e8mes de durabilit\u00e9\". Tant chez RWE que chez innogy, Kaczysnki a \u00e9t\u00e9 responsable du d\u00e9veloppement de mod\u00e8les commerciaux bas\u00e9s sur les donn\u00e9es pour un syst\u00e8me \u00e9nerg\u00e9tique plus durable. Pendant plus de six ans chez SAP, il a occup\u00e9 diff\u00e9rents r\u00f4les dans les domaines de l'innovation, du conseil et de l'avant-vente.<\/p>\n<p>En tant que CSO de SAP Suisse, Sebastian Kaczynski souhaite utiliser le savoir-faire de SAP en mati\u00e8re de durabilit\u00e9, d'\u00e9cosyst\u00e8mes et de technologies pour soutenir efficacement les clients dans leur voyage vers des entreprises intelligentes et durables. \"Chez SAP, nous sommes convaincus que les entreprises doivent placer la durabilit\u00e9 au c\u0153ur de leurs strat\u00e9gies commerciales et int\u00e9grer les donn\u00e9es de durabilit\u00e9 dans leurs processus de bout en bout. Ce n'est qu'ainsi qu'elles pourront acqu\u00e9rir les connaissances n\u00e9cessaires \u00e0 la transition vers une \u00e9conomie plus inclusive, r\u00e9g\u00e9n\u00e9rative et nette de z\u00e9ro, et agir dans ce sens\", pr\u00e9cise Sebastian Kaczynski. Il vit pr\u00e8s de Zurich, aime les belles randonn\u00e9es et l'escalade et s'engage comme mentor et coach pour les personnes d\u00e9favoris\u00e9es.<\/p>\n<h3><strong>Alexander Finger est le nouveau Chief Technology Officer<\/strong><\/h3>\n<p>Alexander Finger reprend le r\u00f4le de Chief Technology Officer (CTO) de SAP Suisse. Il succ\u00e8de \u00e0 Ren\u00e9 Fitterer, qui assume de nouvelles responsabilit\u00e9s au sein de SAP. La technologie, l'innovation et l'esprit d'entreprise accompagnent le nouveau CTO depuis qu'il est entr\u00e9 dans la vie active et professionnelle. En 1995, dans une phase pr\u00e9coce de l'Internet, il a fond\u00e9 l'un des premiers fournisseurs de services Internet en Allemagne. Apr\u00e8s la phase de cr\u00e9ation d'entreprise, il a travaill\u00e9 \u00e0 la Deutsche Post et \u00e0 la soci\u00e9t\u00e9 genevoise CPGmarket.com, puis a exerc\u00e9 pendant de nombreuses ann\u00e9es diff\u00e9rentes fonctions de conseil et de management chez Swisscom. Il y a un peu plus de deux ans, il a rejoint SAP Suisse, o\u00f9 il s'est occup\u00e9 de clients du secteur de l'\u00e9nergie et a lanc\u00e9 de nombreux projets d'avenir en tant qu'ambassadeur de l'innovation.<\/p>\n<p>Alexander Finger consid\u00e8re la transformation num\u00e9rique avec SAP comme un outil permettant d'atteindre un succ\u00e8s durable. \"Pour cela, il faut une interaction \u00e9troite avec les personnes chez nos clients qui travaillent sur les deux axes de l'innovation : dans le cadre de l'am\u00e9lioration continue d'une part et dans le domaine de l'innovation de rupture d'autre part\", explique-t-il. \"Ces deux groupes ont besoin d'innovation technologique. Nous sommes bien positionn\u00e9s si SAP est le partenaire naturel pour le d\u00e9veloppement commercial\". Pour y parvenir, sa mission centrale est de communiquer la strat\u00e9gie et la vision de SAP et de rechercher activement le dialogue avec les clients, les partenaires et les coll\u00e8gues.<\/p>\n<p>Alexander Finger se consacre depuis 2015 \u00e0 des \u00e9tudes de droit en cours d'emploi, qu'il a termin\u00e9es en 2021 avec un master. Depuis novembre, il pr\u00e9pare un doctorat \u00e0 l'Universit\u00e9 de Fribourg sur le th\u00e8me \"Syst\u00e8mes de contr\u00f4le interne\". Apr\u00e8s de nombreuses ann\u00e9es pass\u00e9es en France, Alexander Finger vit aujourd'hui avec sa femme dans la ville bilingue de Morat. Il aime passer son peu de temps libre \u00e0 faire de la voile et \u00e0 se promener dans le sud de la France.<\/p>\n<h3><strong>Robert Kehrli : nouveau responsable des PME chez SAP Suisse<\/strong><\/h3>\n<p>L'unit\u00e9 commerciale qui s'occupe des PME et de la gestion des partenaires a un nouveau directeur en la personne de Robert Kehrli. Il remplace Simon Hammer qui, apr\u00e8s quatre ans \u00e0 ce poste, a accept\u00e9 un nouveau d\u00e9fi en dehors de SAP. Robert Kehrli apporte avec lui 20 ans d'exp\u00e9rience dans la vente et le management. Depuis 2016, il a occup\u00e9 diff\u00e9rentes fonctions de direction chez SAP Suisse, la derni\u00e8re \u00e9tant celle de Head of Business Technology Platform, o\u00f9 il a assur\u00e9 une croissance consid\u00e9rable. Auparavant, il a occup\u00e9 diff\u00e9rentes fonctions de vente, de support, de conseil et de management chez IBM, Hewlett-Packard et son successeur HPE. Apr\u00e8s un apprentissage d'\u00e9lectrom\u00e9canicien, il n'a cess\u00e9 de se perfectionner jusqu'\u00e0 l'obtention d'un master en informatique de gestion.<\/p>\n<p>Dans son nouveau r\u00f4le, Robert Kehrli s'est donn\u00e9 pour mission de faire progresser la transformation num\u00e9rique et l'\u00e9volution vers une entreprise intelligente et durable \u00e0 l'aide des technologies SAP, en collaboration avec les partenaires du segment des PME. \"Il me tient particuli\u00e8rement \u00e0 c\u0153ur de guider et d'accompagner nos clients de la classe moyenne vers le cloud, en collaboration avec nos partenaires\", souligne Robert Kehrli. \"Avec notre \u00e9quipe performante, nous pouvons g\u00e9n\u00e9rer des projets innovants avec une r\u00e9elle valeur ajout\u00e9e et servir les clients et les partenaires de mani\u00e8re non bureaucratique, rapide et efficace\".<\/p>\n<p>Parall\u00e8lement \u00e0 son activit\u00e9 professionnelle, Robert Kehrli est tr\u00e8s engag\u00e9 dans le club de football local, o\u00f9 il est entra\u00eeneur de l'\u00e9quipe f\u00e9minine et des \u00e9quipes juniors. Lorsqu'il lui reste du temps en dehors de sa famille, il aime faire du ski et du golf. Robert Kehrli est mari\u00e9, p\u00e8re de trois enfants adultes et habite dans la r\u00e9gion de Zoug.<\/p>\n<p><a href=\"http:\/\/www.sap.ch\"><em>Source et informations compl\u00e9mentaires<\/em><\/a><\/p>","protected":false},"excerpt":{"rendered":"<p>In diesen Tagen werden bei SAP Schweiz diverse Leitungsfunktionen neu besetzt. \u00abMit den Neubesetzungen sind wir gut aufgestellt, um unsere Kunden und Partner mit Innovationen und ausgewiesenem Know-how auf dem Weg zu wettbewerbsstarken, nachhaltigen Unternehmen zu begleiten\u00bb, kommentiert Michael Locher-Tjoa, Managing Director SAP Schweiz, die personellen Ver\u00e4nderungen. \u00abMit der neuen Position des Chief Sustainability Officer [&hellip;]<\/p>\n","protected":false},"author":4,"featured_media":15541,"comment_status":"closed","ping_status":"closed","sticky":false,"template":"","format":"standard","meta":{"_acf_changed":false,"_yoast_wpseo_focuskw":"SAP Schweiz","_yoast_wpseo_metadesc":"SAP Schweiz besetzt mehrere F\u00fchrungspositionen neu, darunter auch die Leitung der f\u00fcr KMU und Partner zust\u00e4ndigen Gesch\u00e4ftseinheit.","articlekey":"","footnotes":""},"categories":[28],"tags":[287,334,381],"class_list":["post-15540","post","type-post","status-publish","format-standard","has-post-thumbnail","hentry","category-management","tag-itbusiness-software","tag-management","tag-personalia"],"acf":[],"yoast_head":"<!-- This site is optimized with the Yoast SEO plugin v27.5 - https:\/\/yoast.com\/product\/yoast-seo-wordpress\/ -->\n<title>SAP Schweiz mit neuen K\u00f6pfen an der Spitze - Organisator<\/title>\n<meta name=\"description\" content=\"SAP Schweiz besetzt mehrere F\u00fchrungspositionen neu, darunter auch die Leitung der f\u00fcr KMU und Partner zust\u00e4ndigen Gesch\u00e4ftseinheit.\" \/>\n<meta name=\"robots\" content=\"index, follow, max-snippet:-1, max-image-preview:large, max-video-preview:-1\" \/>\n<link rel=\"canonical\" href=\"https:\/\/www.organisator.ch\/fr\/gestion-2\/2022-07-04\/sap-schweiz-mit-neuen-koepfen-an-der-spitze\/\" \/>\n<meta property=\"og:locale\" content=\"fr_FR\" \/>\n<meta property=\"og:type\" content=\"article\" \/>\n<meta property=\"og:title\" content=\"SAP Schweiz mit neuen K\u00f6pfen an der Spitze\" \/>\n<meta property=\"og:description\" content=\"SAP Schweiz besetzt mehrere F\u00fchrungspositionen neu, darunter auch die Leitung der f\u00fcr KMU und Partner zust\u00e4ndigen Gesch\u00e4ftseinheit.\" \/>\n<meta property=\"og:url\" content=\"https:\/\/www.organisator.ch\/fr\/gestion-2\/2022-07-04\/sap-schweiz-mit-neuen-koepfen-an-der-spitze\/\" \/>\n<meta property=\"og:site_name\" content=\"Organisator\" \/>\n<meta property=\"article:publisher\" content=\"https:\/\/www.facebook.com\/OrganisatorFachmagazin\" \/>\n<meta property=\"article:published_time\" content=\"2022-07-04T11:40:15+00:00\" \/>\n<meta property=\"og:image\" content=\"https:\/\/www.organisator.ch\/wp-content\/uploads\/2022\/07\/SAP-Schweiz-mit-neuen-Koepfen-an-der-Spitze_Organisator.jpg\" \/>\n\t<meta property=\"og:image:width\" content=\"680\" \/>\n\t<meta property=\"og:image:height\" content=\"251\" \/>\n\t<meta property=\"og:image:type\" content=\"image\/jpeg\" \/>\n<meta name=\"author\" content=\"thomas.berner\" \/>\n<meta name=\"twitter:card\" content=\"summary_large_image\" \/>\n<meta name=\"twitter:title\" content=\"#SAP Schweiz mit neuen K\u00f6pfen an der Spitze\" \/>\n<meta name=\"twitter:description\" content=\"#SAP Schweiz besetzt mehrere #F\u00fchrungspositionen neu, darunter auch die Leitung der f\u00fcr KMU und Partner zust\u00e4ndigen #Gesch\u00e4ftseinheit.\" \/>\n<meta name=\"twitter:image\" content=\"https:\/\/www.organisator.ch\/wp-content\/uploads\/2022\/07\/SAP-Schweiz-mit-neuen-Koepfen-an-der-Spitze_Organisator.jpg\" \/>\n<script type=\"application\/ld+json\" class=\"yoast-schema-graph\">{\"@context\":\"https:\\\/\\\/schema.org\",\"@graph\":[{\"@type\":\"Article\",\"@id\":\"https:\\\/\\\/www.organisator.ch\\\/management\\\/2022-07-04\\\/sap-schweiz-mit-neuen-koepfen-an-der-spitze\\\/#article\",\"isPartOf\":{\"@id\":\"https:\\\/\\\/www.organisator.ch\\\/management\\\/2022-07-04\\\/sap-schweiz-mit-neuen-koepfen-an-der-spitze\\\/\"},\"author\":{\"name\":\"thomas.berner\",\"@id\":\"https:\\\/\\\/www.organisator.ch\\\/#\\\/schema\\\/person\\\/6f650f90b2842cd4c0cc334b4e36f67e\"},\"headline\":\"SAP Schweiz mit neuen K\u00f6pfen an der Spitze\",\"datePublished\":\"2022-07-04T11:40:15+00:00\",\"mainEntityOfPage\":{\"@id\":\"https:\\\/\\\/www.organisator.ch\\\/management\\\/2022-07-04\\\/sap-schweiz-mit-neuen-koepfen-an-der-spitze\\\/\"},\"wordCount\":926,\"publisher\":{\"@id\":\"https:\\\/\\\/www.organisator.ch\\\/#organization\"},\"image\":{\"@id\":\"https:\\\/\\\/www.organisator.ch\\\/management\\\/2022-07-04\\\/sap-schweiz-mit-neuen-koepfen-an-der-spitze\\\/#primaryimage\"},\"thumbnailUrl\":\"https:\\\/\\\/www.organisator.ch\\\/wp-content\\\/uploads\\\/2022\\\/07\\\/SAP-Schweiz-mit-neuen-Koepfen-an-der-Spitze_Organisator.jpg\",\"keywords\":[\"IT\u2009&amp;\u2009Business Software\",\"Management\",\"Personalia\"],\"articleSection\":[\"MANAGEMENT\"],\"inLanguage\":\"fr-FR\"},{\"@type\":\"WebPage\",\"@id\":\"https:\\\/\\\/www.organisator.ch\\\/management\\\/2022-07-04\\\/sap-schweiz-mit-neuen-koepfen-an-der-spitze\\\/\",\"url\":\"https:\\\/\\\/www.organisator.ch\\\/management\\\/2022-07-04\\\/sap-schweiz-mit-neuen-koepfen-an-der-spitze\\\/\",\"name\":\"SAP Schweiz mit neuen K\u00f6pfen an der Spitze - Organisator\",\"isPartOf\":{\"@id\":\"https:\\\/\\\/www.organisator.ch\\\/#website\"},\"primaryImageOfPage\":{\"@id\":\"https:\\\/\\\/www.organisator.ch\\\/management\\\/2022-07-04\\\/sap-schweiz-mit-neuen-koepfen-an-der-spitze\\\/#primaryimage\"},\"image\":{\"@id\":\"https:\\\/\\\/www.organisator.ch\\\/management\\\/2022-07-04\\\/sap-schweiz-mit-neuen-koepfen-an-der-spitze\\\/#primaryimage\"},\"thumbnailUrl\":\"https:\\\/\\\/www.organisator.ch\\\/wp-content\\\/uploads\\\/2022\\\/07\\\/SAP-Schweiz-mit-neuen-Koepfen-an-der-Spitze_Organisator.jpg\",\"datePublished\":\"2022-07-04T11:40:15+00:00\",\"description\":\"SAP Schweiz besetzt mehrere F\u00fchrungspositionen neu, darunter auch die Leitung der f\u00fcr KMU und Partner zust\u00e4ndigen Gesch\u00e4ftseinheit.\",\"breadcrumb\":{\"@id\":\"https:\\\/\\\/www.organisator.ch\\\/management\\\/2022-07-04\\\/sap-schweiz-mit-neuen-koepfen-an-der-spitze\\\/#breadcrumb\"},\"inLanguage\":\"fr-FR\",\"potentialAction\":[{\"@type\":\"ReadAction\",\"target\":[\"https:\\\/\\\/www.organisator.ch\\\/management\\\/2022-07-04\\\/sap-schweiz-mit-neuen-koepfen-an-der-spitze\\\/\"]}]},{\"@type\":\"ImageObject\",\"inLanguage\":\"fr-FR\",\"@id\":\"https:\\\/\\\/www.organisator.ch\\\/management\\\/2022-07-04\\\/sap-schweiz-mit-neuen-koepfen-an-der-spitze\\\/#primaryimage\",\"url\":\"https:\\\/\\\/www.organisator.ch\\\/wp-content\\\/uploads\\\/2022\\\/07\\\/SAP-Schweiz-mit-neuen-Koepfen-an-der-Spitze_Organisator.jpg\",\"contentUrl\":\"https:\\\/\\\/www.organisator.ch\\\/wp-content\\\/uploads\\\/2022\\\/07\\\/SAP-Schweiz-mit-neuen-Koepfen-an-der-Spitze_Organisator.jpg\",\"width\":680,\"height\":251,\"caption\":\"Bekleiden neu verschiedene F\u00fchrungsfunktionen bei SAP Schweiz: Sebastian Kaczynski, Alexander Finger und Alexander Kehrli (v.l.n.r.). Bild: zVg \\\/ SAP)\"},{\"@type\":\"BreadcrumbList\",\"@id\":\"https:\\\/\\\/www.organisator.ch\\\/management\\\/2022-07-04\\\/sap-schweiz-mit-neuen-koepfen-an-der-spitze\\\/#breadcrumb\",\"itemListElement\":[{\"@type\":\"ListItem\",\"position\":1,\"name\":\"Home\",\"item\":\"https:\\\/\\\/www.organisator.ch\\\/\"},{\"@type\":\"ListItem\",\"position\":2,\"name\":\"SAP Schweiz mit neuen K\u00f6pfen an der Spitze\"}]},{\"@type\":\"WebSite\",\"@id\":\"https:\\\/\\\/www.organisator.ch\\\/#website\",\"url\":\"https:\\\/\\\/www.organisator.ch\\\/\",\"name\":\"Organisator\",\"description\":\"Kompetent. Praxisnah. Der ORGANISATOR bereitet in 10 Ausgaben pro Jahr die wesentlichen Themen f\u00fcr F\u00fchrungskr\u00e4fte von KMU auf.\",\"publisher\":{\"@id\":\"https:\\\/\\\/www.organisator.ch\\\/#organization\"},\"potentialAction\":[{\"@type\":\"SearchAction\",\"target\":{\"@type\":\"EntryPoint\",\"urlTemplate\":\"https:\\\/\\\/www.organisator.ch\\\/?s={search_term_string}\"},\"query-input\":{\"@type\":\"PropertyValueSpecification\",\"valueRequired\":true,\"valueName\":\"search_term_string\"}}],\"inLanguage\":\"fr-FR\"},{\"@type\":\"Organization\",\"@id\":\"https:\\\/\\\/www.organisator.ch\\\/#organization\",\"name\":\"Organisator\",\"url\":\"https:\\\/\\\/www.organisator.ch\\\/\",\"logo\":{\"@type\":\"ImageObject\",\"inLanguage\":\"fr-FR\",\"@id\":\"https:\\\/\\\/www.organisator.ch\\\/#\\\/schema\\\/logo\\\/image\\\/\",\"url\":\"https:\\\/\\\/www.organisator.ch\\\/wp-content\\\/uploads\\\/2022\\\/01\\\/Logo_Organisator_Website.png\",\"contentUrl\":\"https:\\\/\\\/www.organisator.ch\\\/wp-content\\\/uploads\\\/2022\\\/01\\\/Logo_Organisator_Website.png\",\"width\":800,\"height\":77,\"caption\":\"Organisator\"},\"image\":{\"@id\":\"https:\\\/\\\/www.organisator.ch\\\/#\\\/schema\\\/logo\\\/image\\\/\"},\"sameAs\":[\"https:\\\/\\\/www.facebook.com\\\/OrganisatorFachmagazin\",\"https:\\\/\\\/www.linkedin.com\\\/showcase\\\/organisator-das-magazin-fr-kmu\",\"https:\\\/\\\/www.xing.com\\\/news\\\/pages\\\/organisator-ch-695\",\"https:\\\/\\\/www.youtube.com\\\/channel\\\/UCGP2Sq0iWaZwT3BdIAQFYpw\"]},{\"@type\":\"Person\",\"@id\":\"https:\\\/\\\/www.organisator.ch\\\/#\\\/schema\\\/person\\\/6f650f90b2842cd4c0cc334b4e36f67e\",\"name\":\"thomas.berner\",\"image\":{\"@type\":\"ImageObject\",\"inLanguage\":\"fr-FR\",\"@id\":\"https:\\\/\\\/secure.gravatar.com\\\/avatar\\\/ac5001d2a36cb6c6cd3e50789007ffca834b477b74a2144564522e944eabff61?s=96&d=mm&r=g\",\"url\":\"https:\\\/\\\/secure.gravatar.com\\\/avatar\\\/ac5001d2a36cb6c6cd3e50789007ffca834b477b74a2144564522e944eabff61?s=96&d=mm&r=g\",\"contentUrl\":\"https:\\\/\\\/secure.gravatar.com\\\/avatar\\\/ac5001d2a36cb6c6cd3e50789007ffca834b477b74a2144564522e944eabff61?s=96&d=mm&r=g\",\"caption\":\"thomas.berner\"},\"url\":\"https:\\\/\\\/www.organisator.ch\\\/fr\\\/author\\\/thomas-berner\\\/\"}]}<\/script>\n<!-- \/ Yoast SEO plugin. -->","yoast_head_json":{"title":"SAP Suisse a de nouvelles t\u00eates \u00e0 sa t\u00eate - Organisateur","description":"SAP Suisse repourvoit plusieurs postes de direction, dont celui de responsable de l'unit\u00e9 commerciale charg\u00e9e des PME et des partenaires.","robots":{"index":"index","follow":"follow","max-snippet":"max-snippet:-1","max-image-preview":"max-image-preview:large","max-video-preview":"max-video-preview:-1"},"canonical":"https:\/\/www.organisator.ch\/fr\/gestion-2\/2022-07-04\/sap-schweiz-mit-neuen-koepfen-an-der-spitze\/","og_locale":"fr_FR","og_type":"article","og_title":"SAP Schweiz mit neuen K\u00f6pfen an der Spitze","og_description":"SAP Schweiz besetzt mehrere F\u00fchrungspositionen neu, darunter auch die Leitung der f\u00fcr KMU und Partner zust\u00e4ndigen Gesch\u00e4ftseinheit.","og_url":"https:\/\/www.organisator.ch\/fr\/gestion-2\/2022-07-04\/sap-schweiz-mit-neuen-koepfen-an-der-spitze\/","og_site_name":"Organisator","article_publisher":"https:\/\/www.facebook.com\/OrganisatorFachmagazin","article_published_time":"2022-07-04T11:40:15+00:00","og_image":[{"width":680,"height":251,"url":"https:\/\/www.organisator.ch\/wp-content\/uploads\/2022\/07\/SAP-Schweiz-mit-neuen-Koepfen-an-der-Spitze_Organisator.jpg","type":"image\/jpeg"}],"author":"thomas.berner","twitter_card":"summary_large_image","twitter_title":"#SAP Schweiz mit neuen K\u00f6pfen an der Spitze","twitter_description":"#SAP Schweiz besetzt mehrere #F\u00fchrungspositionen neu, darunter auch die Leitung der f\u00fcr KMU und Partner zust\u00e4ndigen #Gesch\u00e4ftseinheit.","twitter_image":"https:\/\/www.organisator.ch\/wp-content\/uploads\/2022\/07\/SAP-Schweiz-mit-neuen-Koepfen-an-der-Spitze_Organisator.jpg","schema":{"@context":"https:\/\/schema.org","@graph":[{"@type":"Article","@id":"https:\/\/www.organisator.ch\/management\/2022-07-04\/sap-schweiz-mit-neuen-koepfen-an-der-spitze\/#article","isPartOf":{"@id":"https:\/\/www.organisator.ch\/management\/2022-07-04\/sap-schweiz-mit-neuen-koepfen-an-der-spitze\/"},"author":{"name":"thomas.berner","@id":"https:\/\/www.organisator.ch\/#\/schema\/person\/6f650f90b2842cd4c0cc334b4e36f67e"},"headline":"SAP Schweiz mit neuen K\u00f6pfen an der Spitze","datePublished":"2022-07-04T11:40:15+00:00","mainEntityOfPage":{"@id":"https:\/\/www.organisator.ch\/management\/2022-07-04\/sap-schweiz-mit-neuen-koepfen-an-der-spitze\/"},"wordCount":926,"publisher":{"@id":"https:\/\/www.organisator.ch\/#organization"},"image":{"@id":"https:\/\/www.organisator.ch\/management\/2022-07-04\/sap-schweiz-mit-neuen-koepfen-an-der-spitze\/#primaryimage"},"thumbnailUrl":"https:\/\/www.organisator.ch\/wp-content\/uploads\/2022\/07\/SAP-Schweiz-mit-neuen-Koepfen-an-der-Spitze_Organisator.jpg","keywords":["IT\u2009&amp;\u2009Business Software","Management","Personalia"],"articleSection":["MANAGEMENT"],"inLanguage":"fr-FR"},{"@type":"WebPage","@id":"https:\/\/www.organisator.ch\/management\/2022-07-04\/sap-schweiz-mit-neuen-koepfen-an-der-spitze\/","url":"https:\/\/www.organisator.ch\/management\/2022-07-04\/sap-schweiz-mit-neuen-koepfen-an-der-spitze\/","name":"SAP Suisse a de nouvelles t\u00eates \u00e0 sa t\u00eate - Organisateur","isPartOf":{"@id":"https:\/\/www.organisator.ch\/#website"},"primaryImageOfPage":{"@id":"https:\/\/www.organisator.ch\/management\/2022-07-04\/sap-schweiz-mit-neuen-koepfen-an-der-spitze\/#primaryimage"},"image":{"@id":"https:\/\/www.organisator.ch\/management\/2022-07-04\/sap-schweiz-mit-neuen-koepfen-an-der-spitze\/#primaryimage"},"thumbnailUrl":"https:\/\/www.organisator.ch\/wp-content\/uploads\/2022\/07\/SAP-Schweiz-mit-neuen-Koepfen-an-der-Spitze_Organisator.jpg","datePublished":"2022-07-04T11:40:15+00:00","description":"SAP Suisse repourvoit plusieurs postes de direction, dont celui de responsable de l'unit\u00e9 commerciale charg\u00e9e des PME et des partenaires.","breadcrumb":{"@id":"https:\/\/www.organisator.ch\/management\/2022-07-04\/sap-schweiz-mit-neuen-koepfen-an-der-spitze\/#breadcrumb"},"inLanguage":"fr-FR","potentialAction":[{"@type":"ReadAction","target":["https:\/\/www.organisator.ch\/management\/2022-07-04\/sap-schweiz-mit-neuen-koepfen-an-der-spitze\/"]}]},{"@type":"ImageObject","inLanguage":"fr-FR","@id":"https:\/\/www.organisator.ch\/management\/2022-07-04\/sap-schweiz-mit-neuen-koepfen-an-der-spitze\/#primaryimage","url":"https:\/\/www.organisator.ch\/wp-content\/uploads\/2022\/07\/SAP-Schweiz-mit-neuen-Koepfen-an-der-Spitze_Organisator.jpg","contentUrl":"https:\/\/www.organisator.ch\/wp-content\/uploads\/2022\/07\/SAP-Schweiz-mit-neuen-Koepfen-an-der-Spitze_Organisator.jpg","width":680,"height":251,"caption":"Bekleiden neu verschiedene F\u00fchrungsfunktionen bei SAP Schweiz: Sebastian Kaczynski, Alexander Finger und Alexander Kehrli (v.l.n.r.). Bild: zVg \/ SAP)"},{"@type":"BreadcrumbList","@id":"https:\/\/www.organisator.ch\/management\/2022-07-04\/sap-schweiz-mit-neuen-koepfen-an-der-spitze\/#breadcrumb","itemListElement":[{"@type":"ListItem","position":1,"name":"Home","item":"https:\/\/www.organisator.ch\/"},{"@type":"ListItem","position":2,"name":"SAP Schweiz mit neuen K\u00f6pfen an der Spitze"}]},{"@type":"WebSite","@id":"https:\/\/www.organisator.ch\/#website","url":"https:\/\/www.organisator.ch\/","name":"Organisateur","description":"Comp\u00e9tence et comp\u00e9tence. Proches de la pratique. L'ORGANISATEUR pr\u00e9pare 10 num\u00e9ros par an sur les th\u00e8mes essentiels pour les dirigeants de PME.","publisher":{"@id":"https:\/\/www.organisator.ch\/#organization"},"potentialAction":[{"@type":"SearchAction","target":{"@type":"EntryPoint","urlTemplate":"https:\/\/www.organisator.ch\/?s={search_term_string}"},"query-input":{"@type":"PropertyValueSpecification","valueRequired":true,"valueName":"search_term_string"}}],"inLanguage":"fr-FR"},{"@type":"Organization","@id":"https:\/\/www.organisator.ch\/#organization","name":"Organisateur","url":"https:\/\/www.organisator.ch\/","logo":{"@type":"ImageObject","inLanguage":"fr-FR","@id":"https:\/\/www.organisator.ch\/#\/schema\/logo\/image\/","url":"https:\/\/www.organisator.ch\/wp-content\/uploads\/2022\/01\/Logo_Organisator_Website.png","contentUrl":"https:\/\/www.organisator.ch\/wp-content\/uploads\/2022\/01\/Logo_Organisator_Website.png","width":800,"height":77,"caption":"Organisator"},"image":{"@id":"https:\/\/www.organisator.ch\/#\/schema\/logo\/image\/"},"sameAs":["https:\/\/www.facebook.com\/OrganisatorFachmagazin","https:\/\/www.linkedin.com\/showcase\/organisator-das-magazin-fr-kmu","https:\/\/www.xing.com\/news\/pages\/organisator-ch-695","https:\/\/www.youtube.com\/channel\/UCGP2Sq0iWaZwT3BdIAQFYpw"]},{"@type":"Person","@id":"https:\/\/www.organisator.ch\/#\/schema\/person\/6f650f90b2842cd4c0cc334b4e36f67e","name":"thomas.berner","image":{"@type":"ImageObject","inLanguage":"fr-FR","@id":"https:\/\/secure.gravatar.com\/avatar\/ac5001d2a36cb6c6cd3e50789007ffca834b477b74a2144564522e944eabff61?s=96&d=mm&r=g","url":"https:\/\/secure.gravatar.com\/avatar\/ac5001d2a36cb6c6cd3e50789007ffca834b477b74a2144564522e944eabff61?s=96&d=mm&r=g","contentUrl":"https:\/\/secure.gravatar.com\/avatar\/ac5001d2a36cb6c6cd3e50789007ffca834b477b74a2144564522e944eabff61?s=96&d=mm&r=g","caption":"thomas.berner"},"url":"https:\/\/www.organisator.ch\/fr\/author\/thomas-berner\/"}]}},"_links":{"self":[{"href":"https:\/\/www.organisator.ch\/fr\/wp-json\/wp\/v2\/posts\/15540","targetHints":{"allow":["GET"]}}],"collection":[{"href":"https:\/\/www.organisator.ch\/fr\/wp-json\/wp\/v2\/posts"}],"about":[{"href":"https:\/\/www.organisator.ch\/fr\/wp-json\/wp\/v2\/types\/post"}],"author":[{"embeddable":true,"href":"https:\/\/www.organisator.ch\/fr\/wp-json\/wp\/v2\/users\/4"}],"replies":[{"embeddable":true,"href":"https:\/\/www.organisator.ch\/fr\/wp-json\/wp\/v2\/comments?post=15540"}],"version-history":[{"count":1,"href":"https:\/\/www.organisator.ch\/fr\/wp-json\/wp\/v2\/posts\/15540\/revisions"}],"predecessor-version":[{"id":15542,"href":"https:\/\/www.organisator.ch\/fr\/wp-json\/wp\/v2\/posts\/15540\/revisions\/15542"}],"wp:featuredmedia":[{"embeddable":true,"href":"https:\/\/www.organisator.ch\/fr\/wp-json\/wp\/v2\/media\/15541"}],"wp:attachment":[{"href":"https:\/\/www.organisator.ch\/fr\/wp-json\/wp\/v2\/media?parent=15540"}],"wp:term":[{"taxonomy":"category","embeddable":true,"href":"https:\/\/www.organisator.ch\/fr\/wp-json\/wp\/v2\/categories?post=15540"},{"taxonomy":"post_tag","embeddable":true,"href":"https:\/\/www.organisator.ch\/fr\/wp-json\/wp\/v2\/tags?post=15540"}],"curies":[{"name":"wp","href":"https:\/\/api.w.org\/{rel}","templated":true}]}}