{"id":15543,"date":"2022-07-04T13:56:13","date_gmt":"2022-07-04T11:56:13","guid":{"rendered":"https:\/\/www.organisator.ch\/?p=15543"},"modified":"2022-07-04T13:56:13","modified_gmt":"2022-07-04T11:56:13","slug":"die-fernuni-schweiz-feiert-ihr-30-jaehriges-bestehen","status":"publish","type":"post","link":"https:\/\/www.organisator.ch\/fr\/weiterbildung\/2022-07-04\/die-fernuni-schweiz-feiert-ihr-30-jaehriges-bestehen\/","title":{"rendered":"La FernUni Suisse f\u00eate ses 30 ans d'existence"},"content":{"rendered":"<figure id=\"attachment_15544\" aria-describedby=\"caption-attachment-15544\" style=\"width: 680px\" class=\"wp-caption alignnone\"><img loading=\"lazy\" decoding=\"async\" class=\"size-full wp-image-15544\" src=\"https:\/\/www.organisator.ch\/wp-content\/uploads\/2022\/07\/Die-FernUni-Schweiz-feiert-ihr-30-jaehriges-Bestehen_Organisator.jpg\" alt=\"\" width=\"680\" height=\"397\" srcset=\"https:\/\/www.organisator.ch\/wp-content\/uploads\/2022\/07\/Die-FernUni-Schweiz-feiert-ihr-30-jaehriges-Bestehen_Organisator.jpg 680w, https:\/\/www.organisator.ch\/wp-content\/uploads\/2022\/07\/Die-FernUni-Schweiz-feiert-ihr-30-jaehriges-Bestehen_Organisator-18x12.jpg 18w, https:\/\/www.organisator.ch\/wp-content\/uploads\/2022\/07\/Die-FernUni-Schweiz-feiert-ihr-30-jaehriges-Bestehen_Organisator-300x175.jpg 300w, https:\/\/www.organisator.ch\/wp-content\/uploads\/2022\/07\/Die-FernUni-Schweiz-feiert-ihr-30-jaehriges-Bestehen_Organisator-599x350.jpg 599w\" sizes=\"auto, (max-width: 680px) 100vw, 680px\" \/><figcaption id=\"caption-attachment-15544\" class=\"wp-caption-text\">La Formation universitaire \u00e0 distance, Suisse, existe depuis 30 ans : l'anniversaire a \u00e9t\u00e9 f\u00eat\u00e9 le 23 juin 2022 \u00e0 Brigue. (Image : zVg \/ FernUni Schweiz)<\/figcaption><\/figure>\n<p>La FernUni Schweiz a \u00e9t\u00e9 fond\u00e9e en 1992 pour permettre aux \u00e9tudiants des r\u00e9gions p\u00e9riph\u00e9riques, aux professionnels et aux sportifs\/ives de haut niveau de suivre des \u00e9tudes. Pour f\u00eater dignement ses 30 ans d'existence, l'institut universitaire a organis\u00e9 une f\u00eate d'anniversaire le vendredi 23 juin \u00e0 la Simplonhalle de Brigue, qui a r\u00e9uni quelque 250 personnes.<\/p>\n<h3>Soutien fort des autorit\u00e9s au niveau f\u00e9d\u00e9ral, cantonal et communal<\/h3>\n<p>Au cours de son allocution, Christophe Darbellay, Conseiller d'Etat et Chef du D\u00e9partement de l'\u00e9conomie et de la formation, a exprim\u00e9 la volont\u00e9 politique unanime du canton du Valais d'accompagner la FernUni Schweiz sur la voie de l'Universit\u00e9 valaisanne jusqu'en 2027. \"Avec la HES-SO Valais-Wallis, l'Ecole polytechnique f\u00e9d\u00e9rale de Lausanne, les Universit\u00e9s de Lausanne et de Gen\u00e8ve, la Fernfachhochschule Schweiz (FFHS), la Haute \u00e9cole p\u00e9dagogique du Valais (HEP-VS) et l'Institut de recherche Idiap, le Valais dispose d'acteurs importants dans le domaine de la formation tertiaire. Il manque cependant au Valais une pi\u00e8ce du puzzle - une universit\u00e9 valaisanne - pour compl\u00e9ter le paysage de l'enseignement sup\u00e9rieur. Cette pi\u00e8ce manquante est la FernUni Schweiz\".<\/p>\n<p>Silvia Studinger, vice-directrice du Secr\u00e9tariat d'Etat \u00e0 la formation, \u00e0 la recherche et \u00e0 l'innovation (SEFRI), a rappel\u00e9 l'importance de cet institut universitaire dans le paysage suisse des hautes \u00e9coles. \"Gr\u00e2ce aux subventions de la Conf\u00e9d\u00e9ration, la FernUni Schweiz est d\u00e9sormais ind\u00e9pendante et b\u00e9n\u00e9ficie d'un financement \u00e9quivalent \u00e0 celui des autres hautes \u00e9coles universitaires. Elle dispose en outre d'un mod\u00e8le d'enseignement \u00e0 distance de grande qualit\u00e9, ce qui est essentiel dans notre soci\u00e9t\u00e9 actuelle\".<\/p>\n<p>C'est avec fiert\u00e9 que Mathias Bellwald, maire de Brigue-Glis, a pr\u00e9sent\u00e9 sa ville comme un v\u00e9ritable centre de formation urbain : \"A Brigue-Glis, les jeunes ont la possibilit\u00e9 de suivre l'ensemble de leur formation, du jardin d'enfants \u00e0 la formation professionnelle et au dipl\u00f4me universitaire. C'est un avantage unique pour Brigue-Glis, qui lui permet de jouer un r\u00f4le central et de contribuer \u00e0 la formation d'une main-d'\u0153uvre qualifi\u00e9e\".<\/p>\n<p>Lors des Journ\u00e9es strat\u00e9giques qui ont suivi \u00e0 Zermatt, Roberto Schmidt, pr\u00e9sident du Conseil d'\u00c9tat et chef du D\u00e9partement des finances et de l'\u00e9nergie, a soulign\u00e9 le besoin et la l\u00e9gitimit\u00e9 de la formation \u00e0 distance dans la soci\u00e9t\u00e9 actuelle. \"En Valais, nous souffrons d'une p\u00e9nurie de main-d'\u0153uvre qualifi\u00e9e. Avec le soutien du canton du Valais, la FernUni Schweiz peut y rem\u00e9dier par son succ\u00e8s\".<\/p>\n<h3>De la FernUni Schweiz \u00e0 l'Universit\u00e9 du Valais<\/h3>\n<p>La FernUni Schweiz intensifie ses efforts afin de remplir les conditions d'accr\u00e9ditation en tant qu'universit\u00e9 \u00e0 part enti\u00e8re \u00e0 partir de 2027. De plus, elle continue \u00e0 engager des professeurs de renomm\u00e9e internationale afin d'assurer la qualit\u00e9 de la recherche et de renforcer les centres de comp\u00e9tences au sein des cinq facult\u00e9s. \"La FernUni Schweiz veut s'ancrer dans le paysage universitaire suisse et se montrer \u00e0 la hauteur de la confiance que lui accordent les \u00e9tudiants, les scientifiques, le canton du Valais, les cantons fondateurs (Schwyz, Berne, Soleure, Lucerne), la Conf\u00e9d\u00e9ration et les milieux politiques, afin de s'\u00e9tablir comme une institution \u00e0 part enti\u00e8re, reconnue au niveau international\", explique le Dr Damien Carron, directeur des services acad\u00e9miques.<\/p>\n<p>Les conditions de construction sont r\u00e9unies : Fin 2021, la Formation universitaire \u00e0 distance, Suisse (FernUni Schweiz) a pris possession de son nouveau campus universitaire commun avec la Haute \u00e9cole sp\u00e9cialis\u00e9e \u00e0 distance, Suisse (FFHS) dans le quartier du Rhonesand \u00e0 Brigue. Avec ce b\u00e2timent, l'institut universitaire dispose d'un site pour des activit\u00e9s de recherche int\u00e9gr\u00e9es au niveau international et des possibilit\u00e9s de formation universitaire bas\u00e9es sur les r\u00e9sultats de sa recherche, renfor\u00e7ant ainsi son ancrage en Valais. Cette construction innovante a \u00e9t\u00e9 not\u00e9e comme exemple de bonne pratique dans le rapport cantonal sur les hautes \u00e9coles 2021.<\/p>\n<p><a href=\"http:\/\/www.fernuni.ch\"><em>Source et informations compl\u00e9mentaires<\/em><\/a><\/p>","protected":false},"excerpt":{"rendered":"<p>Die FernUni Schweiz wurde 1992 gegr\u00fcndet, um Studierenden aus Randregionen, Berufst\u00e4tigen und Spitzensportlern\/innen die M\u00f6glichkeit zu bieten, ein Studium zu absolvieren. Um das 30-j\u00e4hrige Bestehen geb\u00fchrend zu feiern, veranstaltete das universit\u00e4re Institut am Freitag, 23. Juni in der Simplonhalle in Brig eine Jubil\u00e4umsfeier, zu der sich rund 250 Personen versammelten. Starke Unterst\u00fctzung durch Beh\u00f6rden auf [&hellip;]<\/p>\n","protected":false},"author":4,"featured_media":15544,"comment_status":"closed","ping_status":"closed","sticky":false,"template":"","format":"standard","meta":{"_acf_changed":false,"_yoast_wpseo_focuskw":"FernUni Schweiz","_yoast_wpseo_metadesc":"Der Monat Juni stand ganz im Zeichen des 30-j\u00e4hrigen Bestehens der FernUni Schweiz. Am 23. Juni 2022 fand dazu ein Jubil\u00e4umsanlass statt.","articlekey":"","footnotes":""},"categories":[30],"tags":[62,292,2404],"class_list":["post-15543","post","type-post","status-publish","format-standard","has-post-thumbnail","hentry","category-weiterbildung","tag-aus-weiterbildung","tag-jubilaeum","tag-universitaet"],"acf":[],"yoast_head":"<!-- This site is optimized with the Yoast SEO plugin v27.5 - https:\/\/yoast.com\/product\/yoast-seo-wordpress\/ -->\n<title>Die FernUni Schweiz feiert ihr 30-j\u00e4hriges Bestehen - Organisator<\/title>\n<meta name=\"description\" content=\"Der Monat Juni stand ganz im Zeichen des 30-j\u00e4hrigen Bestehens der FernUni Schweiz. Am 23. Juni 2022 fand dazu ein Jubil\u00e4umsanlass statt.\" \/>\n<meta name=\"robots\" content=\"index, follow, max-snippet:-1, max-image-preview:large, max-video-preview:-1\" \/>\n<link rel=\"canonical\" href=\"https:\/\/www.organisator.ch\/fr\/formation-continue-2\/2022-07-04\/die-fernuni-schweiz-feiert-ihr-30-jaehriges-bestehen\/\" \/>\n<meta property=\"og:locale\" content=\"fr_FR\" \/>\n<meta property=\"og:type\" content=\"article\" \/>\n<meta property=\"og:title\" content=\"Die FernUni Schweiz feiert ihr 30-j\u00e4hriges Bestehen\" \/>\n<meta property=\"og:description\" content=\"Der Monat Juni stand ganz im Zeichen des 30-j\u00e4hrigen Bestehens der FernUni Schweiz. Am 23. Juni 2022 fand dazu ein Jubil\u00e4umsanlass statt.\" \/>\n<meta property=\"og:url\" content=\"https:\/\/www.organisator.ch\/fr\/formation-continue-2\/2022-07-04\/die-fernuni-schweiz-feiert-ihr-30-jaehriges-bestehen\/\" \/>\n<meta property=\"og:site_name\" content=\"Organisator\" \/>\n<meta property=\"article:publisher\" content=\"https:\/\/www.facebook.com\/OrganisatorFachmagazin\" \/>\n<meta property=\"article:published_time\" content=\"2022-07-04T11:56:13+00:00\" \/>\n<meta property=\"og:image\" content=\"https:\/\/www.organisator.ch\/wp-content\/uploads\/2022\/07\/Die-FernUni-Schweiz-feiert-ihr-30-jaehriges-Bestehen_Organisator.jpg\" \/>\n\t<meta property=\"og:image:width\" content=\"680\" \/>\n\t<meta property=\"og:image:height\" content=\"397\" \/>\n\t<meta property=\"og:image:type\" content=\"image\/jpeg\" \/>\n<meta name=\"author\" content=\"thomas.berner\" \/>\n<meta name=\"twitter:card\" content=\"summary_large_image\" \/>\n<meta name=\"twitter:title\" content=\"Die #FernUni Schweiz feiert ihr 30-j\u00e4hriges Bestehen\" \/>\n<meta name=\"twitter:description\" content=\"Der Monat Juni stand ganz im Zeichen des 30-j\u00e4hrigen Bestehens der #FernUni Schweiz. Am 23. Juni 2022 fand dazu ein #Jubil\u00e4umsanlass statt.\" \/>\n<meta name=\"twitter:image\" content=\"https:\/\/www.organisator.ch\/wp-content\/uploads\/2022\/07\/Die-FernUni-Schweiz-feiert-ihr-30-jaehriges-Bestehen_Organisator.jpg\" \/>\n<script type=\"application\/ld+json\" class=\"yoast-schema-graph\">{\"@context\":\"https:\\\/\\\/schema.org\",\"@graph\":[{\"@type\":\"Article\",\"@id\":\"https:\\\/\\\/www.organisator.ch\\\/weiterbildung\\\/2022-07-04\\\/die-fernuni-schweiz-feiert-ihr-30-jaehriges-bestehen\\\/#article\",\"isPartOf\":{\"@id\":\"https:\\\/\\\/www.organisator.ch\\\/weiterbildung\\\/2022-07-04\\\/die-fernuni-schweiz-feiert-ihr-30-jaehriges-bestehen\\\/\"},\"author\":{\"name\":\"thomas.berner\",\"@id\":\"https:\\\/\\\/www.organisator.ch\\\/#\\\/schema\\\/person\\\/6f650f90b2842cd4c0cc334b4e36f67e\"},\"headline\":\"Die FernUni Schweiz feiert ihr 30-j\u00e4hriges Bestehen\",\"datePublished\":\"2022-07-04T11:56:13+00:00\",\"mainEntityOfPage\":{\"@id\":\"https:\\\/\\\/www.organisator.ch\\\/weiterbildung\\\/2022-07-04\\\/die-fernuni-schweiz-feiert-ihr-30-jaehriges-bestehen\\\/\"},\"wordCount\":584,\"publisher\":{\"@id\":\"https:\\\/\\\/www.organisator.ch\\\/#organization\"},\"image\":{\"@id\":\"https:\\\/\\\/www.organisator.ch\\\/weiterbildung\\\/2022-07-04\\\/die-fernuni-schweiz-feiert-ihr-30-jaehriges-bestehen\\\/#primaryimage\"},\"thumbnailUrl\":\"https:\\\/\\\/www.organisator.ch\\\/wp-content\\\/uploads\\\/2022\\\/07\\\/Die-FernUni-Schweiz-feiert-ihr-30-jaehriges-Bestehen_Organisator.jpg\",\"keywords\":[\"Aus-\\\/Weiterbildung\",\"Jubil\u00e4um\",\"Universit\u00e4t\"],\"articleSection\":[\"WEITERBILDUNG\"],\"inLanguage\":\"fr-FR\"},{\"@type\":\"WebPage\",\"@id\":\"https:\\\/\\\/www.organisator.ch\\\/weiterbildung\\\/2022-07-04\\\/die-fernuni-schweiz-feiert-ihr-30-jaehriges-bestehen\\\/\",\"url\":\"https:\\\/\\\/www.organisator.ch\\\/weiterbildung\\\/2022-07-04\\\/die-fernuni-schweiz-feiert-ihr-30-jaehriges-bestehen\\\/\",\"name\":\"Die FernUni Schweiz feiert ihr 30-j\u00e4hriges Bestehen - Organisator\",\"isPartOf\":{\"@id\":\"https:\\\/\\\/www.organisator.ch\\\/#website\"},\"primaryImageOfPage\":{\"@id\":\"https:\\\/\\\/www.organisator.ch\\\/weiterbildung\\\/2022-07-04\\\/die-fernuni-schweiz-feiert-ihr-30-jaehriges-bestehen\\\/#primaryimage\"},\"image\":{\"@id\":\"https:\\\/\\\/www.organisator.ch\\\/weiterbildung\\\/2022-07-04\\\/die-fernuni-schweiz-feiert-ihr-30-jaehriges-bestehen\\\/#primaryimage\"},\"thumbnailUrl\":\"https:\\\/\\\/www.organisator.ch\\\/wp-content\\\/uploads\\\/2022\\\/07\\\/Die-FernUni-Schweiz-feiert-ihr-30-jaehriges-Bestehen_Organisator.jpg\",\"datePublished\":\"2022-07-04T11:56:13+00:00\",\"description\":\"Der Monat Juni stand ganz im Zeichen des 30-j\u00e4hrigen Bestehens der FernUni Schweiz. Am 23. Juni 2022 fand dazu ein Jubil\u00e4umsanlass statt.\",\"breadcrumb\":{\"@id\":\"https:\\\/\\\/www.organisator.ch\\\/weiterbildung\\\/2022-07-04\\\/die-fernuni-schweiz-feiert-ihr-30-jaehriges-bestehen\\\/#breadcrumb\"},\"inLanguage\":\"fr-FR\",\"potentialAction\":[{\"@type\":\"ReadAction\",\"target\":[\"https:\\\/\\\/www.organisator.ch\\\/weiterbildung\\\/2022-07-04\\\/die-fernuni-schweiz-feiert-ihr-30-jaehriges-bestehen\\\/\"]}]},{\"@type\":\"ImageObject\",\"inLanguage\":\"fr-FR\",\"@id\":\"https:\\\/\\\/www.organisator.ch\\\/weiterbildung\\\/2022-07-04\\\/die-fernuni-schweiz-feiert-ihr-30-jaehriges-bestehen\\\/#primaryimage\",\"url\":\"https:\\\/\\\/www.organisator.ch\\\/wp-content\\\/uploads\\\/2022\\\/07\\\/Die-FernUni-Schweiz-feiert-ihr-30-jaehriges-Bestehen_Organisator.jpg\",\"contentUrl\":\"https:\\\/\\\/www.organisator.ch\\\/wp-content\\\/uploads\\\/2022\\\/07\\\/Die-FernUni-Schweiz-feiert-ihr-30-jaehriges-Bestehen_Organisator.jpg\",\"width\":680,\"height\":397,\"caption\":\"Seit 30 Jahren besteht die FernUni Schweiz: Das Jubil\u00e4um wurde am 23. Juni 2022 in Brig gefeiert. (Bild: zVg \\\/ FernUni Schweiz)\"},{\"@type\":\"BreadcrumbList\",\"@id\":\"https:\\\/\\\/www.organisator.ch\\\/weiterbildung\\\/2022-07-04\\\/die-fernuni-schweiz-feiert-ihr-30-jaehriges-bestehen\\\/#breadcrumb\",\"itemListElement\":[{\"@type\":\"ListItem\",\"position\":1,\"name\":\"Home\",\"item\":\"https:\\\/\\\/www.organisator.ch\\\/\"},{\"@type\":\"ListItem\",\"position\":2,\"name\":\"Die FernUni Schweiz feiert ihr 30-j\u00e4hriges Bestehen\"}]},{\"@type\":\"WebSite\",\"@id\":\"https:\\\/\\\/www.organisator.ch\\\/#website\",\"url\":\"https:\\\/\\\/www.organisator.ch\\\/\",\"name\":\"Organisator\",\"description\":\"Kompetent. Praxisnah. Der ORGANISATOR bereitet in 10 Ausgaben pro Jahr die wesentlichen Themen f\u00fcr F\u00fchrungskr\u00e4fte von KMU auf.\",\"publisher\":{\"@id\":\"https:\\\/\\\/www.organisator.ch\\\/#organization\"},\"potentialAction\":[{\"@type\":\"SearchAction\",\"target\":{\"@type\":\"EntryPoint\",\"urlTemplate\":\"https:\\\/\\\/www.organisator.ch\\\/?s={search_term_string}\"},\"query-input\":{\"@type\":\"PropertyValueSpecification\",\"valueRequired\":true,\"valueName\":\"search_term_string\"}}],\"inLanguage\":\"fr-FR\"},{\"@type\":\"Organization\",\"@id\":\"https:\\\/\\\/www.organisator.ch\\\/#organization\",\"name\":\"Organisator\",\"url\":\"https:\\\/\\\/www.organisator.ch\\\/\",\"logo\":{\"@type\":\"ImageObject\",\"inLanguage\":\"fr-FR\",\"@id\":\"https:\\\/\\\/www.organisator.ch\\\/#\\\/schema\\\/logo\\\/image\\\/\",\"url\":\"https:\\\/\\\/www.organisator.ch\\\/wp-content\\\/uploads\\\/2022\\\/01\\\/Logo_Organisator_Website.png\",\"contentUrl\":\"https:\\\/\\\/www.organisator.ch\\\/wp-content\\\/uploads\\\/2022\\\/01\\\/Logo_Organisator_Website.png\",\"width\":800,\"height\":77,\"caption\":\"Organisator\"},\"image\":{\"@id\":\"https:\\\/\\\/www.organisator.ch\\\/#\\\/schema\\\/logo\\\/image\\\/\"},\"sameAs\":[\"https:\\\/\\\/www.facebook.com\\\/OrganisatorFachmagazin\",\"https:\\\/\\\/www.linkedin.com\\\/showcase\\\/organisator-das-magazin-fr-kmu\",\"https:\\\/\\\/www.xing.com\\\/news\\\/pages\\\/organisator-ch-695\",\"https:\\\/\\\/www.youtube.com\\\/channel\\\/UCGP2Sq0iWaZwT3BdIAQFYpw\"]},{\"@type\":\"Person\",\"@id\":\"https:\\\/\\\/www.organisator.ch\\\/#\\\/schema\\\/person\\\/6f650f90b2842cd4c0cc334b4e36f67e\",\"name\":\"thomas.berner\",\"image\":{\"@type\":\"ImageObject\",\"inLanguage\":\"fr-FR\",\"@id\":\"https:\\\/\\\/secure.gravatar.com\\\/avatar\\\/ac5001d2a36cb6c6cd3e50789007ffca834b477b74a2144564522e944eabff61?s=96&d=mm&r=g\",\"url\":\"https:\\\/\\\/secure.gravatar.com\\\/avatar\\\/ac5001d2a36cb6c6cd3e50789007ffca834b477b74a2144564522e944eabff61?s=96&d=mm&r=g\",\"contentUrl\":\"https:\\\/\\\/secure.gravatar.com\\\/avatar\\\/ac5001d2a36cb6c6cd3e50789007ffca834b477b74a2144564522e944eabff61?s=96&d=mm&r=g\",\"caption\":\"thomas.berner\"},\"url\":\"https:\\\/\\\/www.organisator.ch\\\/fr\\\/author\\\/thomas-berner\\\/\"}]}<\/script>\n<!-- \/ Yoast SEO plugin. -->","yoast_head_json":{"title":"La FernUni Schweiz f\u00eate ses 30 ans d'existence - Organisateur","description":"Le mois de juin a \u00e9t\u00e9 plac\u00e9 sous le signe des 30 ans d'existence de la FernUni Schweiz. Le 23 juin 2022, une manifestation a \u00e9t\u00e9 organis\u00e9e \u00e0 cette occasion.","robots":{"index":"index","follow":"follow","max-snippet":"max-snippet:-1","max-image-preview":"max-image-preview:large","max-video-preview":"max-video-preview:-1"},"canonical":"https:\/\/www.organisator.ch\/fr\/formation-continue-2\/2022-07-04\/die-fernuni-schweiz-feiert-ihr-30-jaehriges-bestehen\/","og_locale":"fr_FR","og_type":"article","og_title":"Die FernUni Schweiz feiert ihr 30-j\u00e4hriges Bestehen","og_description":"Der Monat Juni stand ganz im Zeichen des 30-j\u00e4hrigen Bestehens der FernUni Schweiz. Am 23. Juni 2022 fand dazu ein Jubil\u00e4umsanlass statt.","og_url":"https:\/\/www.organisator.ch\/fr\/formation-continue-2\/2022-07-04\/die-fernuni-schweiz-feiert-ihr-30-jaehriges-bestehen\/","og_site_name":"Organisator","article_publisher":"https:\/\/www.facebook.com\/OrganisatorFachmagazin","article_published_time":"2022-07-04T11:56:13+00:00","og_image":[{"width":680,"height":397,"url":"https:\/\/www.organisator.ch\/wp-content\/uploads\/2022\/07\/Die-FernUni-Schweiz-feiert-ihr-30-jaehriges-Bestehen_Organisator.jpg","type":"image\/jpeg"}],"author":"thomas.berner","twitter_card":"summary_large_image","twitter_title":"Die #FernUni Schweiz feiert ihr 30-j\u00e4hriges Bestehen","twitter_description":"Der Monat Juni stand ganz im Zeichen des 30-j\u00e4hrigen Bestehens der #FernUni Schweiz. Am 23. Juni 2022 fand dazu ein #Jubil\u00e4umsanlass statt.","twitter_image":"https:\/\/www.organisator.ch\/wp-content\/uploads\/2022\/07\/Die-FernUni-Schweiz-feiert-ihr-30-jaehriges-Bestehen_Organisator.jpg","schema":{"@context":"https:\/\/schema.org","@graph":[{"@type":"Article","@id":"https:\/\/www.organisator.ch\/weiterbildung\/2022-07-04\/die-fernuni-schweiz-feiert-ihr-30-jaehriges-bestehen\/#article","isPartOf":{"@id":"https:\/\/www.organisator.ch\/weiterbildung\/2022-07-04\/die-fernuni-schweiz-feiert-ihr-30-jaehriges-bestehen\/"},"author":{"name":"thomas.berner","@id":"https:\/\/www.organisator.ch\/#\/schema\/person\/6f650f90b2842cd4c0cc334b4e36f67e"},"headline":"Die FernUni Schweiz feiert ihr 30-j\u00e4hriges Bestehen","datePublished":"2022-07-04T11:56:13+00:00","mainEntityOfPage":{"@id":"https:\/\/www.organisator.ch\/weiterbildung\/2022-07-04\/die-fernuni-schweiz-feiert-ihr-30-jaehriges-bestehen\/"},"wordCount":584,"publisher":{"@id":"https:\/\/www.organisator.ch\/#organization"},"image":{"@id":"https:\/\/www.organisator.ch\/weiterbildung\/2022-07-04\/die-fernuni-schweiz-feiert-ihr-30-jaehriges-bestehen\/#primaryimage"},"thumbnailUrl":"https:\/\/www.organisator.ch\/wp-content\/uploads\/2022\/07\/Die-FernUni-Schweiz-feiert-ihr-30-jaehriges-Bestehen_Organisator.jpg","keywords":["Aus-\/Weiterbildung","Jubil\u00e4um","Universit\u00e4t"],"articleSection":["WEITERBILDUNG"],"inLanguage":"fr-FR"},{"@type":"WebPage","@id":"https:\/\/www.organisator.ch\/weiterbildung\/2022-07-04\/die-fernuni-schweiz-feiert-ihr-30-jaehriges-bestehen\/","url":"https:\/\/www.organisator.ch\/weiterbildung\/2022-07-04\/die-fernuni-schweiz-feiert-ihr-30-jaehriges-bestehen\/","name":"La FernUni Schweiz f\u00eate ses 30 ans d'existence - Organisateur","isPartOf":{"@id":"https:\/\/www.organisator.ch\/#website"},"primaryImageOfPage":{"@id":"https:\/\/www.organisator.ch\/weiterbildung\/2022-07-04\/die-fernuni-schweiz-feiert-ihr-30-jaehriges-bestehen\/#primaryimage"},"image":{"@id":"https:\/\/www.organisator.ch\/weiterbildung\/2022-07-04\/die-fernuni-schweiz-feiert-ihr-30-jaehriges-bestehen\/#primaryimage"},"thumbnailUrl":"https:\/\/www.organisator.ch\/wp-content\/uploads\/2022\/07\/Die-FernUni-Schweiz-feiert-ihr-30-jaehriges-Bestehen_Organisator.jpg","datePublished":"2022-07-04T11:56:13+00:00","description":"Le mois de juin a \u00e9t\u00e9 plac\u00e9 sous le signe des 30 ans d'existence de la FernUni Schweiz. Le 23 juin 2022, une manifestation a \u00e9t\u00e9 organis\u00e9e \u00e0 cette occasion.","breadcrumb":{"@id":"https:\/\/www.organisator.ch\/weiterbildung\/2022-07-04\/die-fernuni-schweiz-feiert-ihr-30-jaehriges-bestehen\/#breadcrumb"},"inLanguage":"fr-FR","potentialAction":[{"@type":"ReadAction","target":["https:\/\/www.organisator.ch\/weiterbildung\/2022-07-04\/die-fernuni-schweiz-feiert-ihr-30-jaehriges-bestehen\/"]}]},{"@type":"ImageObject","inLanguage":"fr-FR","@id":"https:\/\/www.organisator.ch\/weiterbildung\/2022-07-04\/die-fernuni-schweiz-feiert-ihr-30-jaehriges-bestehen\/#primaryimage","url":"https:\/\/www.organisator.ch\/wp-content\/uploads\/2022\/07\/Die-FernUni-Schweiz-feiert-ihr-30-jaehriges-Bestehen_Organisator.jpg","contentUrl":"https:\/\/www.organisator.ch\/wp-content\/uploads\/2022\/07\/Die-FernUni-Schweiz-feiert-ihr-30-jaehriges-Bestehen_Organisator.jpg","width":680,"height":397,"caption":"Seit 30 Jahren besteht die FernUni Schweiz: Das Jubil\u00e4um wurde am 23. Juni 2022 in Brig gefeiert. (Bild: zVg \/ FernUni Schweiz)"},{"@type":"BreadcrumbList","@id":"https:\/\/www.organisator.ch\/weiterbildung\/2022-07-04\/die-fernuni-schweiz-feiert-ihr-30-jaehriges-bestehen\/#breadcrumb","itemListElement":[{"@type":"ListItem","position":1,"name":"Home","item":"https:\/\/www.organisator.ch\/"},{"@type":"ListItem","position":2,"name":"Die FernUni Schweiz feiert ihr 30-j\u00e4hriges Bestehen"}]},{"@type":"WebSite","@id":"https:\/\/www.organisator.ch\/#website","url":"https:\/\/www.organisator.ch\/","name":"Organisateur","description":"Comp\u00e9tence et comp\u00e9tence. Proches de la pratique. L'ORGANISATEUR pr\u00e9pare 10 num\u00e9ros par an sur les th\u00e8mes essentiels pour les dirigeants de PME.","publisher":{"@id":"https:\/\/www.organisator.ch\/#organization"},"potentialAction":[{"@type":"SearchAction","target":{"@type":"EntryPoint","urlTemplate":"https:\/\/www.organisator.ch\/?s={search_term_string}"},"query-input":{"@type":"PropertyValueSpecification","valueRequired":true,"valueName":"search_term_string"}}],"inLanguage":"fr-FR"},{"@type":"Organization","@id":"https:\/\/www.organisator.ch\/#organization","name":"Organisateur","url":"https:\/\/www.organisator.ch\/","logo":{"@type":"ImageObject","inLanguage":"fr-FR","@id":"https:\/\/www.organisator.ch\/#\/schema\/logo\/image\/","url":"https:\/\/www.organisator.ch\/wp-content\/uploads\/2022\/01\/Logo_Organisator_Website.png","contentUrl":"https:\/\/www.organisator.ch\/wp-content\/uploads\/2022\/01\/Logo_Organisator_Website.png","width":800,"height":77,"caption":"Organisator"},"image":{"@id":"https:\/\/www.organisator.ch\/#\/schema\/logo\/image\/"},"sameAs":["https:\/\/www.facebook.com\/OrganisatorFachmagazin","https:\/\/www.linkedin.com\/showcase\/organisator-das-magazin-fr-kmu","https:\/\/www.xing.com\/news\/pages\/organisator-ch-695","https:\/\/www.youtube.com\/channel\/UCGP2Sq0iWaZwT3BdIAQFYpw"]},{"@type":"Person","@id":"https:\/\/www.organisator.ch\/#\/schema\/person\/6f650f90b2842cd4c0cc334b4e36f67e","name":"thomas.berner","image":{"@type":"ImageObject","inLanguage":"fr-FR","@id":"https:\/\/secure.gravatar.com\/avatar\/ac5001d2a36cb6c6cd3e50789007ffca834b477b74a2144564522e944eabff61?s=96&d=mm&r=g","url":"https:\/\/secure.gravatar.com\/avatar\/ac5001d2a36cb6c6cd3e50789007ffca834b477b74a2144564522e944eabff61?s=96&d=mm&r=g","contentUrl":"https:\/\/secure.gravatar.com\/avatar\/ac5001d2a36cb6c6cd3e50789007ffca834b477b74a2144564522e944eabff61?s=96&d=mm&r=g","caption":"thomas.berner"},"url":"https:\/\/www.organisator.ch\/fr\/author\/thomas-berner\/"}]}},"_links":{"self":[{"href":"https:\/\/www.organisator.ch\/fr\/wp-json\/wp\/v2\/posts\/15543","targetHints":{"allow":["GET"]}}],"collection":[{"href":"https:\/\/www.organisator.ch\/fr\/wp-json\/wp\/v2\/posts"}],"about":[{"href":"https:\/\/www.organisator.ch\/fr\/wp-json\/wp\/v2\/types\/post"}],"author":[{"embeddable":true,"href":"https:\/\/www.organisator.ch\/fr\/wp-json\/wp\/v2\/users\/4"}],"replies":[{"embeddable":true,"href":"https:\/\/www.organisator.ch\/fr\/wp-json\/wp\/v2\/comments?post=15543"}],"version-history":[{"count":1,"href":"https:\/\/www.organisator.ch\/fr\/wp-json\/wp\/v2\/posts\/15543\/revisions"}],"predecessor-version":[{"id":15545,"href":"https:\/\/www.organisator.ch\/fr\/wp-json\/wp\/v2\/posts\/15543\/revisions\/15545"}],"wp:featuredmedia":[{"embeddable":true,"href":"https:\/\/www.organisator.ch\/fr\/wp-json\/wp\/v2\/media\/15544"}],"wp:attachment":[{"href":"https:\/\/www.organisator.ch\/fr\/wp-json\/wp\/v2\/media?parent=15543"}],"wp:term":[{"taxonomy":"category","embeddable":true,"href":"https:\/\/www.organisator.ch\/fr\/wp-json\/wp\/v2\/categories?post=15543"},{"taxonomy":"post_tag","embeddable":true,"href":"https:\/\/www.organisator.ch\/fr\/wp-json\/wp\/v2\/tags?post=15543"}],"curies":[{"name":"wp","href":"https:\/\/api.w.org\/{rel}","templated":true}]}}