{"id":15563,"date":"2022-07-05T15:57:15","date_gmt":"2022-07-05T13:57:15","guid":{"rendered":"https:\/\/www.organisator.ch\/?p=15563"},"modified":"2022-07-05T15:57:15","modified_gmt":"2022-07-05T13:57:15","slug":"energie-solaire-democratiser-avec-emprunt-vert","status":"publish","type":"post","link":"https:\/\/www.organisator.ch\/fr\/sustainability\/2022-07-05\/solarenergie-demokratisieren-mit-gruener-anleihe\/","title":{"rendered":"D\u00e9mocratiser l'\u00e9nergie solaire avec une obligation verte"},"content":{"rendered":"<figure id=\"attachment_15564\" aria-describedby=\"caption-attachment-15564\" style=\"width: 680px\" class=\"wp-caption alignnone\"><img loading=\"lazy\" decoding=\"async\" class=\"size-full wp-image-15564\" src=\"https:\/\/www.organisator.ch\/wp-content\/uploads\/2022\/07\/Solarenergie-demokratisieren-mit-gruener-Anleihe_Organisator.jpg\" alt=\"\" width=\"680\" height=\"458\" srcset=\"https:\/\/www.organisator.ch\/wp-content\/uploads\/2022\/07\/Solarenergie-demokratisieren-mit-gruener-Anleihe_Organisator.jpg 680w, https:\/\/www.organisator.ch\/wp-content\/uploads\/2022\/07\/Solarenergie-demokratisieren-mit-gruener-Anleihe_Organisator-18x12.jpg 18w, https:\/\/www.organisator.ch\/wp-content\/uploads\/2022\/07\/Solarenergie-demokratisieren-mit-gruener-Anleihe_Organisator-260x175.jpg 260w, https:\/\/www.organisator.ch\/wp-content\/uploads\/2022\/07\/Solarenergie-demokratisieren-mit-gruener-Anleihe_Organisator-520x350.jpg 520w, https:\/\/www.organisator.ch\/wp-content\/uploads\/2022\/07\/Solarenergie-demokratisieren-mit-gruener-Anleihe_Organisator-300x202.jpg 300w\" sizes=\"auto, (max-width: 680px) 100vw, 680px\" \/><figcaption id=\"caption-attachment-15564\" class=\"wp-caption-text\">Younergy veut d\u00e9mocratiser l'\u00e9nergie solaire. Ici, une installation \u00e0 La Cure. (Image : obs\/Younergy Solar AG)<\/figcaption><\/figure>\n<p>Le mod\u00e8le de Younergy Solar SA repose sur le principe de l'\u00e9nergie en tant que service : l'entreprise investit dans l'installation de syst\u00e8mes solaires afin de fournir une \u00e9nergie renouvelable produite localement. Younergy installe des panneaux photovolta\u00efques sur les toits de ses clients et prend en charge l'ensemble des co\u00fbts d'installation, de maintenance et de surveillance. Ainsi, les clients - qu'il s'agisse de maisons individuelles ou de grandes entreprises - produisent leur propre \u00e9lectricit\u00e9 sans aucun investissement pr\u00e9alable et, au lieu de cela, ne paient que pour l'\u00e9nergie produite. Une fois la p\u00e9riode d'amortissement \u00e9coul\u00e9e, l'installation devient la propri\u00e9t\u00e9 du client. Younergy permet ainsi \u00e0 chacun, ind\u00e9pendamment de son budget personnel, de produire et d'utiliser de l'\u00e9lectricit\u00e9 solaire, que ce soit dans sa propre maison ou en commun avec d'autres locataires. \"Dans toute la Suisse, nous sommes les seuls \u00e0 couvrir les maisons individuelles ainsi que les b\u00e2timents avec des toits plus grands. C'\u00e9tait la cl\u00e9 de notre croissance rapide\", explique Pedro Miranda, directeur et cofondateur de Younergy.<\/p>\n<h3><b>L'objectif de l'obligation verte<\/b><\/h3>\n<p>Younergy est le plus grand propri\u00e9taire d'installations photovolta\u00efques en Suisse en termes de nombre de sites de production - plus de 480 installations solaires dans toute la Suisse. L'entreprise a \u00e9t\u00e9 fond\u00e9e en 2015 par un groupe d'experts en \u00e9nergie solaire de l'EPFL. L'objectif de cette entreprise en pleine croissance est de permettre \u00e0 tous les habitants d'acc\u00e9der \u00e0 une \u00e9nergie propre et bon march\u00e9 en investissant dans des projets photovolta\u00efques d\u00e9centralis\u00e9s. Selon Younergie, la demande ne cesse d'augmenter. Afin de financer de nouveaux projets photovolta\u00efques, l'entreprise lausannoise \u00e9met actuellement un emprunt obligataire \u00e0 distribution directe de 5 millions de CHF, avec un taux d'int\u00e9r\u00eat de 3,0 % et une dur\u00e9e de cinq ans, du 1er ao\u00fbt 2022 au 31 juillet 2027. La p\u00e9riode de souscription se termine le 25 juillet 2022. Avec un investissement de 10'000 CHF, Younergy peut installer 20 modules solaires qui produisent localement 10 MWh d'\u00e9lectricit\u00e9 solaire par an. Cela permet d'\u00e9conomiser 4 tonnes de CO2 \/ an.<\/p>\n<h3><b>Solution locale et d\u00e9veloppement international<\/b><\/h3>\n<p>Avec cette source de financement, Younergy souhaite avant tout d\u00e9velopper de nouveaux projets afin de r\u00e9pondre \u00e0 la demande croissante non seulement en Suisse, mais aussi dans plusieurs pays europ\u00e9ens. Rainer Isenrich, pr\u00e9sident du conseil d'administration de Younergy, est optimiste quant \u00e0 l'avenir de l'entreprise : \"Nous voulons rendre l'\u00e9nergie solaire accessible, facile \u00e0 mettre en \u0153uvre et abordable, afin que ces solutions se r\u00e9pandent au-del\u00e0 des fronti\u00e8res suisses. Apr\u00e8s le march\u00e9 portugais et le march\u00e9 espagnol, Younergy s'est \u00e9tendue \u00e0 l'Allemagne en 2022\". En d'autres termes, l'entreprise souhaite d\u00e9mocratiser l'\u00e9nergie solaire. \"La transition \u00e9nerg\u00e9tique se fait principalement au niveau local. C'est pourquoi nous souhaitons d\u00e9velopper cette solution\", souligne Pedro Miranda. La forte augmentation des prix de l'\u00e9nergie et l'ins\u00e9curit\u00e9 \u00e9nerg\u00e9tique li\u00e9e \u00e0 la situation g\u00e9opolitique n\u00e9cessitent un approvisionnement local. En 2023, le prix de l'\u00e9lectricit\u00e9 devrait augmenter de plus de 20 % en Suisse. La solution de Younergy permet en revanche d'obtenir des prix nettement plus avantageux pour les particuliers et les entreprises, est-il pr\u00e9cis\u00e9.<\/p>\n<p>La vision de Younergy est que le futur paysage \u00e9nerg\u00e9tique de la Suisse sera marqu\u00e9 par une forte d\u00e9centralisation. Younergy part du principe que chaque toit devrait y contribuer avec au moins douze panneaux solaires. L'entreprise est notamment soutenue par l'Office f\u00e9d\u00e9ral de l'\u00e9nergie (OFEN) afin d'acc\u00e9l\u00e9rer le d\u00e9veloppement de services cloud pour les syst\u00e8mes \u00e9nerg\u00e9tiques d\u00e9centralis\u00e9s.<\/p>\n<p class=\"contact-text\"><em>Plus d'informations : <a href=\"https:\/\/www.younergy.ch\/\">Younergy Solar AG<\/a><\/em><\/p>","protected":false},"excerpt":{"rendered":"<p>Das Modell der Younergy Solar AG beruht auf dem Grundsatz von Energie als Service: Das Unternehmen investiert in die Installation von Solaranlagen, um lokal erzeugte erneuerbare Energie zu liefern. Younergy errichtet Photovoltaikanlagen auf den D\u00e4chern seiner Kunden und \u00fcbernimmt die gesamten Kosten der Installation, Wartung und \u00dcberwachung. Somit produzieren die Kunden &#8211; von Einfamilienh\u00e4usern bis [&hellip;]<\/p>\n","protected":false},"author":4,"featured_media":15564,"comment_status":"closed","ping_status":"closed","sticky":false,"template":"","format":"standard","meta":{"_acf_changed":false,"_yoast_wpseo_focuskw":"Solarenergie demokratisieren","_yoast_wpseo_metadesc":"Younergy, ein Lausanner Unternehmen, will Solarenergie demokratisieren. Zur Finanzierung von Projekten werden gr\u00fcne Anleihen ausgegeben.","articlekey":"","footnotes":""},"categories":[580],"tags":[358,2143,492],"class_list":["post-15563","post","type-post","status-publish","format-standard","has-post-thumbnail","hentry","category-sustainability","tag-nachhaltige-wirtschaft","tag-solarenergie","tag-unternehmen"],"acf":[],"yoast_head":"<!-- This site is optimized with the Yoast SEO plugin v27.4 - https:\/\/yoast.com\/product\/yoast-seo-wordpress\/ -->\n<title>Solarenergie demokratisieren mit gr\u00fcner Anleihe - Organisator<\/title>\n<meta name=\"description\" content=\"Younergy, ein Lausanner Unternehmen, will Solarenergie demokratisieren. Zur Finanzierung von Projekten werden gr\u00fcne Anleihen ausgegeben.\" \/>\n<meta name=\"robots\" content=\"index, follow, max-snippet:-1, max-image-preview:large, max-video-preview:-1\" \/>\n<link rel=\"canonical\" href=\"https:\/\/www.organisator.ch\/fr\/sustainability\/2022-07-05\/energie-solaire-democratiser-avec-emprunt-vert\/\" \/>\n<meta property=\"og:locale\" content=\"fr_FR\" \/>\n<meta property=\"og:type\" content=\"article\" \/>\n<meta property=\"og:title\" content=\"Solarenergie demokratisieren mit gr\u00fcner Anleihe\" \/>\n<meta property=\"og:description\" content=\"Younergy, ein Lausanner Unternehmen, will Solarenergie demokratisieren. Zur Finanzierung von Projekten werden gr\u00fcne Anleihen ausgegeben.\" \/>\n<meta property=\"og:url\" content=\"https:\/\/www.organisator.ch\/fr\/sustainability\/2022-07-05\/energie-solaire-democratiser-avec-emprunt-vert\/\" \/>\n<meta property=\"og:site_name\" content=\"Organisator\" \/>\n<meta property=\"article:publisher\" content=\"https:\/\/www.facebook.com\/OrganisatorFachmagazin\" \/>\n<meta property=\"article:published_time\" content=\"2022-07-05T13:57:15+00:00\" \/>\n<meta property=\"og:image\" content=\"https:\/\/www.organisator.ch\/wp-content\/uploads\/2022\/07\/Solarenergie-demokratisieren-mit-gruener-Anleihe_Organisator.jpg\" \/>\n\t<meta property=\"og:image:width\" content=\"680\" \/>\n\t<meta property=\"og:image:height\" content=\"458\" \/>\n\t<meta property=\"og:image:type\" content=\"image\/jpeg\" \/>\n<meta name=\"author\" content=\"thomas.berner\" \/>\n<meta name=\"twitter:card\" content=\"summary_large_image\" \/>\n<meta name=\"twitter:title\" content=\"#Solarenergie demokratisieren mit gr\u00fcner #Anleihe\" \/>\n<meta name=\"twitter:description\" content=\"#Younergy, ein Lausanner Unternehmen, will #Solarenergie demokratisieren. Zur #Finanzierung von Projekten werden gr\u00fcne #Anleihen ausgegeben.\" \/>\n<meta name=\"twitter:image\" content=\"https:\/\/www.organisator.ch\/wp-content\/uploads\/2022\/07\/Solarenergie-demokratisieren-mit-gruener-Anleihe_Organisator.jpg\" \/>\n<script type=\"application\/ld+json\" class=\"yoast-schema-graph\">{\"@context\":\"https:\\\/\\\/schema.org\",\"@graph\":[{\"@type\":\"Article\",\"@id\":\"https:\\\/\\\/www.organisator.ch\\\/sustainability\\\/2022-07-05\\\/solarenergie-demokratisieren-mit-gruener-anleihe\\\/#article\",\"isPartOf\":{\"@id\":\"https:\\\/\\\/www.organisator.ch\\\/sustainability\\\/2022-07-05\\\/solarenergie-demokratisieren-mit-gruener-anleihe\\\/\"},\"author\":{\"name\":\"thomas.berner\",\"@id\":\"https:\\\/\\\/www.organisator.ch\\\/#\\\/schema\\\/person\\\/6f650f90b2842cd4c0cc334b4e36f67e\"},\"headline\":\"Solarenergie demokratisieren mit gr\u00fcner Anleihe\",\"datePublished\":\"2022-07-05T13:57:15+00:00\",\"mainEntityOfPage\":{\"@id\":\"https:\\\/\\\/www.organisator.ch\\\/sustainability\\\/2022-07-05\\\/solarenergie-demokratisieren-mit-gruener-anleihe\\\/\"},\"wordCount\":562,\"publisher\":{\"@id\":\"https:\\\/\\\/www.organisator.ch\\\/#organization\"},\"image\":{\"@id\":\"https:\\\/\\\/www.organisator.ch\\\/sustainability\\\/2022-07-05\\\/solarenergie-demokratisieren-mit-gruener-anleihe\\\/#primaryimage\"},\"thumbnailUrl\":\"https:\\\/\\\/www.organisator.ch\\\/wp-content\\\/uploads\\\/2022\\\/07\\\/Solarenergie-demokratisieren-mit-gruener-Anleihe_Organisator.jpg\",\"keywords\":[\"Nachhaltige Wirtschaft\",\"Solarenergie\",\"Unternehmen\"],\"articleSection\":[\"SUSTAINABILITY\"],\"inLanguage\":\"fr-FR\"},{\"@type\":\"WebPage\",\"@id\":\"https:\\\/\\\/www.organisator.ch\\\/sustainability\\\/2022-07-05\\\/solarenergie-demokratisieren-mit-gruener-anleihe\\\/\",\"url\":\"https:\\\/\\\/www.organisator.ch\\\/sustainability\\\/2022-07-05\\\/solarenergie-demokratisieren-mit-gruener-anleihe\\\/\",\"name\":\"Solarenergie demokratisieren mit gr\u00fcner Anleihe - Organisator\",\"isPartOf\":{\"@id\":\"https:\\\/\\\/www.organisator.ch\\\/#website\"},\"primaryImageOfPage\":{\"@id\":\"https:\\\/\\\/www.organisator.ch\\\/sustainability\\\/2022-07-05\\\/solarenergie-demokratisieren-mit-gruener-anleihe\\\/#primaryimage\"},\"image\":{\"@id\":\"https:\\\/\\\/www.organisator.ch\\\/sustainability\\\/2022-07-05\\\/solarenergie-demokratisieren-mit-gruener-anleihe\\\/#primaryimage\"},\"thumbnailUrl\":\"https:\\\/\\\/www.organisator.ch\\\/wp-content\\\/uploads\\\/2022\\\/07\\\/Solarenergie-demokratisieren-mit-gruener-Anleihe_Organisator.jpg\",\"datePublished\":\"2022-07-05T13:57:15+00:00\",\"description\":\"Younergy, ein Lausanner Unternehmen, will Solarenergie demokratisieren. Zur Finanzierung von Projekten werden gr\u00fcne Anleihen ausgegeben.\",\"breadcrumb\":{\"@id\":\"https:\\\/\\\/www.organisator.ch\\\/sustainability\\\/2022-07-05\\\/solarenergie-demokratisieren-mit-gruener-anleihe\\\/#breadcrumb\"},\"inLanguage\":\"fr-FR\",\"potentialAction\":[{\"@type\":\"ReadAction\",\"target\":[\"https:\\\/\\\/www.organisator.ch\\\/sustainability\\\/2022-07-05\\\/solarenergie-demokratisieren-mit-gruener-anleihe\\\/\"]}]},{\"@type\":\"ImageObject\",\"inLanguage\":\"fr-FR\",\"@id\":\"https:\\\/\\\/www.organisator.ch\\\/sustainability\\\/2022-07-05\\\/solarenergie-demokratisieren-mit-gruener-anleihe\\\/#primaryimage\",\"url\":\"https:\\\/\\\/www.organisator.ch\\\/wp-content\\\/uploads\\\/2022\\\/07\\\/Solarenergie-demokratisieren-mit-gruener-Anleihe_Organisator.jpg\",\"contentUrl\":\"https:\\\/\\\/www.organisator.ch\\\/wp-content\\\/uploads\\\/2022\\\/07\\\/Solarenergie-demokratisieren-mit-gruener-Anleihe_Organisator.jpg\",\"width\":680,\"height\":458,\"caption\":\"Younergy will die Solarenergie demokratisieren. Hier eine Anlage in La Cure. (Bild: obs\\\/Younergy Solar AG)\"},{\"@type\":\"BreadcrumbList\",\"@id\":\"https:\\\/\\\/www.organisator.ch\\\/sustainability\\\/2022-07-05\\\/solarenergie-demokratisieren-mit-gruener-anleihe\\\/#breadcrumb\",\"itemListElement\":[{\"@type\":\"ListItem\",\"position\":1,\"name\":\"Home\",\"item\":\"https:\\\/\\\/www.organisator.ch\\\/\"},{\"@type\":\"ListItem\",\"position\":2,\"name\":\"Solarenergie demokratisieren mit gr\u00fcner Anleihe\"}]},{\"@type\":\"WebSite\",\"@id\":\"https:\\\/\\\/www.organisator.ch\\\/#website\",\"url\":\"https:\\\/\\\/www.organisator.ch\\\/\",\"name\":\"Organisator\",\"description\":\"Kompetent. Praxisnah. Der ORGANISATOR bereitet in 10 Ausgaben pro Jahr die wesentlichen Themen f\u00fcr F\u00fchrungskr\u00e4fte von KMU auf.\",\"publisher\":{\"@id\":\"https:\\\/\\\/www.organisator.ch\\\/#organization\"},\"potentialAction\":[{\"@type\":\"SearchAction\",\"target\":{\"@type\":\"EntryPoint\",\"urlTemplate\":\"https:\\\/\\\/www.organisator.ch\\\/?s={search_term_string}\"},\"query-input\":{\"@type\":\"PropertyValueSpecification\",\"valueRequired\":true,\"valueName\":\"search_term_string\"}}],\"inLanguage\":\"fr-FR\"},{\"@type\":\"Organization\",\"@id\":\"https:\\\/\\\/www.organisator.ch\\\/#organization\",\"name\":\"Organisator\",\"url\":\"https:\\\/\\\/www.organisator.ch\\\/\",\"logo\":{\"@type\":\"ImageObject\",\"inLanguage\":\"fr-FR\",\"@id\":\"https:\\\/\\\/www.organisator.ch\\\/#\\\/schema\\\/logo\\\/image\\\/\",\"url\":\"https:\\\/\\\/www.organisator.ch\\\/wp-content\\\/uploads\\\/2022\\\/01\\\/Logo_Organisator_Website.png\",\"contentUrl\":\"https:\\\/\\\/www.organisator.ch\\\/wp-content\\\/uploads\\\/2022\\\/01\\\/Logo_Organisator_Website.png\",\"width\":800,\"height\":77,\"caption\":\"Organisator\"},\"image\":{\"@id\":\"https:\\\/\\\/www.organisator.ch\\\/#\\\/schema\\\/logo\\\/image\\\/\"},\"sameAs\":[\"https:\\\/\\\/www.facebook.com\\\/OrganisatorFachmagazin\",\"https:\\\/\\\/www.linkedin.com\\\/showcase\\\/organisator-das-magazin-fr-kmu\",\"https:\\\/\\\/www.xing.com\\\/news\\\/pages\\\/organisator-ch-695\",\"https:\\\/\\\/www.youtube.com\\\/channel\\\/UCGP2Sq0iWaZwT3BdIAQFYpw\"]},{\"@type\":\"Person\",\"@id\":\"https:\\\/\\\/www.organisator.ch\\\/#\\\/schema\\\/person\\\/6f650f90b2842cd4c0cc334b4e36f67e\",\"name\":\"thomas.berner\",\"image\":{\"@type\":\"ImageObject\",\"inLanguage\":\"fr-FR\",\"@id\":\"https:\\\/\\\/secure.gravatar.com\\\/avatar\\\/ac5001d2a36cb6c6cd3e50789007ffca834b477b74a2144564522e944eabff61?s=96&d=mm&r=g\",\"url\":\"https:\\\/\\\/secure.gravatar.com\\\/avatar\\\/ac5001d2a36cb6c6cd3e50789007ffca834b477b74a2144564522e944eabff61?s=96&d=mm&r=g\",\"contentUrl\":\"https:\\\/\\\/secure.gravatar.com\\\/avatar\\\/ac5001d2a36cb6c6cd3e50789007ffca834b477b74a2144564522e944eabff61?s=96&d=mm&r=g\",\"caption\":\"thomas.berner\"},\"url\":\"https:\\\/\\\/www.organisator.ch\\\/fr\\\/author\\\/thomas-berner\\\/\"}]}<\/script>\n<!-- \/ Yoast SEO plugin. -->","yoast_head_json":{"title":"D\u00e9mocratiser l'\u00e9nergie solaire avec une obligation verte - Organisateur","description":"Younergy, une entreprise lausannoise, veut d\u00e9mocratiser l'\u00e9nergie solaire. Des obligations vertes sont \u00e9mises pour financer des projets.","robots":{"index":"index","follow":"follow","max-snippet":"max-snippet:-1","max-image-preview":"max-image-preview:large","max-video-preview":"max-video-preview:-1"},"canonical":"https:\/\/www.organisator.ch\/fr\/sustainability\/2022-07-05\/energie-solaire-democratiser-avec-emprunt-vert\/","og_locale":"fr_FR","og_type":"article","og_title":"Solarenergie demokratisieren mit gr\u00fcner Anleihe","og_description":"Younergy, ein Lausanner Unternehmen, will Solarenergie demokratisieren. Zur Finanzierung von Projekten werden gr\u00fcne Anleihen ausgegeben.","og_url":"https:\/\/www.organisator.ch\/fr\/sustainability\/2022-07-05\/energie-solaire-democratiser-avec-emprunt-vert\/","og_site_name":"Organisator","article_publisher":"https:\/\/www.facebook.com\/OrganisatorFachmagazin","article_published_time":"2022-07-05T13:57:15+00:00","og_image":[{"width":680,"height":458,"url":"https:\/\/www.organisator.ch\/wp-content\/uploads\/2022\/07\/Solarenergie-demokratisieren-mit-gruener-Anleihe_Organisator.jpg","type":"image\/jpeg"}],"author":"thomas.berner","twitter_card":"summary_large_image","twitter_title":"#Solarenergie demokratisieren mit gr\u00fcner #Anleihe","twitter_description":"#Younergy, ein Lausanner Unternehmen, will #Solarenergie demokratisieren. Zur #Finanzierung von Projekten werden gr\u00fcne #Anleihen ausgegeben.","twitter_image":"https:\/\/www.organisator.ch\/wp-content\/uploads\/2022\/07\/Solarenergie-demokratisieren-mit-gruener-Anleihe_Organisator.jpg","schema":{"@context":"https:\/\/schema.org","@graph":[{"@type":"Article","@id":"https:\/\/www.organisator.ch\/sustainability\/2022-07-05\/solarenergie-demokratisieren-mit-gruener-anleihe\/#article","isPartOf":{"@id":"https:\/\/www.organisator.ch\/sustainability\/2022-07-05\/solarenergie-demokratisieren-mit-gruener-anleihe\/"},"author":{"name":"thomas.berner","@id":"https:\/\/www.organisator.ch\/#\/schema\/person\/6f650f90b2842cd4c0cc334b4e36f67e"},"headline":"Solarenergie demokratisieren mit gr\u00fcner Anleihe","datePublished":"2022-07-05T13:57:15+00:00","mainEntityOfPage":{"@id":"https:\/\/www.organisator.ch\/sustainability\/2022-07-05\/solarenergie-demokratisieren-mit-gruener-anleihe\/"},"wordCount":562,"publisher":{"@id":"https:\/\/www.organisator.ch\/#organization"},"image":{"@id":"https:\/\/www.organisator.ch\/sustainability\/2022-07-05\/solarenergie-demokratisieren-mit-gruener-anleihe\/#primaryimage"},"thumbnailUrl":"https:\/\/www.organisator.ch\/wp-content\/uploads\/2022\/07\/Solarenergie-demokratisieren-mit-gruener-Anleihe_Organisator.jpg","keywords":["Nachhaltige Wirtschaft","Solarenergie","Unternehmen"],"articleSection":["SUSTAINABILITY"],"inLanguage":"fr-FR"},{"@type":"WebPage","@id":"https:\/\/www.organisator.ch\/sustainability\/2022-07-05\/solarenergie-demokratisieren-mit-gruener-anleihe\/","url":"https:\/\/www.organisator.ch\/sustainability\/2022-07-05\/solarenergie-demokratisieren-mit-gruener-anleihe\/","name":"D\u00e9mocratiser l'\u00e9nergie solaire avec une obligation verte - Organisateur","isPartOf":{"@id":"https:\/\/www.organisator.ch\/#website"},"primaryImageOfPage":{"@id":"https:\/\/www.organisator.ch\/sustainability\/2022-07-05\/solarenergie-demokratisieren-mit-gruener-anleihe\/#primaryimage"},"image":{"@id":"https:\/\/www.organisator.ch\/sustainability\/2022-07-05\/solarenergie-demokratisieren-mit-gruener-anleihe\/#primaryimage"},"thumbnailUrl":"https:\/\/www.organisator.ch\/wp-content\/uploads\/2022\/07\/Solarenergie-demokratisieren-mit-gruener-Anleihe_Organisator.jpg","datePublished":"2022-07-05T13:57:15+00:00","description":"Younergy, une entreprise lausannoise, veut d\u00e9mocratiser l'\u00e9nergie solaire. Des obligations vertes sont \u00e9mises pour financer des projets.","breadcrumb":{"@id":"https:\/\/www.organisator.ch\/sustainability\/2022-07-05\/solarenergie-demokratisieren-mit-gruener-anleihe\/#breadcrumb"},"inLanguage":"fr-FR","potentialAction":[{"@type":"ReadAction","target":["https:\/\/www.organisator.ch\/sustainability\/2022-07-05\/solarenergie-demokratisieren-mit-gruener-anleihe\/"]}]},{"@type":"ImageObject","inLanguage":"fr-FR","@id":"https:\/\/www.organisator.ch\/sustainability\/2022-07-05\/solarenergie-demokratisieren-mit-gruener-anleihe\/#primaryimage","url":"https:\/\/www.organisator.ch\/wp-content\/uploads\/2022\/07\/Solarenergie-demokratisieren-mit-gruener-Anleihe_Organisator.jpg","contentUrl":"https:\/\/www.organisator.ch\/wp-content\/uploads\/2022\/07\/Solarenergie-demokratisieren-mit-gruener-Anleihe_Organisator.jpg","width":680,"height":458,"caption":"Younergy will die Solarenergie demokratisieren. Hier eine Anlage in La Cure. (Bild: obs\/Younergy Solar AG)"},{"@type":"BreadcrumbList","@id":"https:\/\/www.organisator.ch\/sustainability\/2022-07-05\/solarenergie-demokratisieren-mit-gruener-anleihe\/#breadcrumb","itemListElement":[{"@type":"ListItem","position":1,"name":"Home","item":"https:\/\/www.organisator.ch\/"},{"@type":"ListItem","position":2,"name":"Solarenergie demokratisieren mit gr\u00fcner Anleihe"}]},{"@type":"WebSite","@id":"https:\/\/www.organisator.ch\/#website","url":"https:\/\/www.organisator.ch\/","name":"Organisateur","description":"Comp\u00e9tence et comp\u00e9tence. Proches de la pratique. L'ORGANISATEUR pr\u00e9pare 10 num\u00e9ros par an sur les th\u00e8mes essentiels pour les dirigeants de PME.","publisher":{"@id":"https:\/\/www.organisator.ch\/#organization"},"potentialAction":[{"@type":"SearchAction","target":{"@type":"EntryPoint","urlTemplate":"https:\/\/www.organisator.ch\/?s={search_term_string}"},"query-input":{"@type":"PropertyValueSpecification","valueRequired":true,"valueName":"search_term_string"}}],"inLanguage":"fr-FR"},{"@type":"Organization","@id":"https:\/\/www.organisator.ch\/#organization","name":"Organisateur","url":"https:\/\/www.organisator.ch\/","logo":{"@type":"ImageObject","inLanguage":"fr-FR","@id":"https:\/\/www.organisator.ch\/#\/schema\/logo\/image\/","url":"https:\/\/www.organisator.ch\/wp-content\/uploads\/2022\/01\/Logo_Organisator_Website.png","contentUrl":"https:\/\/www.organisator.ch\/wp-content\/uploads\/2022\/01\/Logo_Organisator_Website.png","width":800,"height":77,"caption":"Organisator"},"image":{"@id":"https:\/\/www.organisator.ch\/#\/schema\/logo\/image\/"},"sameAs":["https:\/\/www.facebook.com\/OrganisatorFachmagazin","https:\/\/www.linkedin.com\/showcase\/organisator-das-magazin-fr-kmu","https:\/\/www.xing.com\/news\/pages\/organisator-ch-695","https:\/\/www.youtube.com\/channel\/UCGP2Sq0iWaZwT3BdIAQFYpw"]},{"@type":"Person","@id":"https:\/\/www.organisator.ch\/#\/schema\/person\/6f650f90b2842cd4c0cc334b4e36f67e","name":"thomas.berner","image":{"@type":"ImageObject","inLanguage":"fr-FR","@id":"https:\/\/secure.gravatar.com\/avatar\/ac5001d2a36cb6c6cd3e50789007ffca834b477b74a2144564522e944eabff61?s=96&d=mm&r=g","url":"https:\/\/secure.gravatar.com\/avatar\/ac5001d2a36cb6c6cd3e50789007ffca834b477b74a2144564522e944eabff61?s=96&d=mm&r=g","contentUrl":"https:\/\/secure.gravatar.com\/avatar\/ac5001d2a36cb6c6cd3e50789007ffca834b477b74a2144564522e944eabff61?s=96&d=mm&r=g","caption":"thomas.berner"},"url":"https:\/\/www.organisator.ch\/fr\/author\/thomas-berner\/"}]}},"_links":{"self":[{"href":"https:\/\/www.organisator.ch\/fr\/wp-json\/wp\/v2\/posts\/15563","targetHints":{"allow":["GET"]}}],"collection":[{"href":"https:\/\/www.organisator.ch\/fr\/wp-json\/wp\/v2\/posts"}],"about":[{"href":"https:\/\/www.organisator.ch\/fr\/wp-json\/wp\/v2\/types\/post"}],"author":[{"embeddable":true,"href":"https:\/\/www.organisator.ch\/fr\/wp-json\/wp\/v2\/users\/4"}],"replies":[{"embeddable":true,"href":"https:\/\/www.organisator.ch\/fr\/wp-json\/wp\/v2\/comments?post=15563"}],"version-history":[{"count":3,"href":"https:\/\/www.organisator.ch\/fr\/wp-json\/wp\/v2\/posts\/15563\/revisions"}],"predecessor-version":[{"id":15598,"href":"https:\/\/www.organisator.ch\/fr\/wp-json\/wp\/v2\/posts\/15563\/revisions\/15598"}],"wp:featuredmedia":[{"embeddable":true,"href":"https:\/\/www.organisator.ch\/fr\/wp-json\/wp\/v2\/media\/15564"}],"wp:attachment":[{"href":"https:\/\/www.organisator.ch\/fr\/wp-json\/wp\/v2\/media?parent=15563"}],"wp:term":[{"taxonomy":"category","embeddable":true,"href":"https:\/\/www.organisator.ch\/fr\/wp-json\/wp\/v2\/categories?post=15563"},{"taxonomy":"post_tag","embeddable":true,"href":"https:\/\/www.organisator.ch\/fr\/wp-json\/wp\/v2\/tags?post=15563"}],"curies":[{"name":"wp","href":"https:\/\/api.w.org\/{rel}","templated":true}]}}