{"id":15590,"date":"2022-07-07T09:34:26","date_gmt":"2022-07-07T07:34:26","guid":{"rendered":"https:\/\/www.m-q.ch\/?p=16597"},"modified":"2022-07-21T12:01:36","modified_gmt":"2022-07-21T10:01:36","slug":"bereichsuebergreifende-datenloeschung-datenschutz-umfrage-zeigt-luft-nach-oben","status":"publish","type":"post","link":"https:\/\/www.organisator.ch\/fr\/operational-excellence\/2022-07-07\/bereichsuebergreifende-datenloeschung-datenschutz-umfrage-zeigt-luft-nach-oben\/","title":{"rendered":"Effacement des donn\u00e9es dans tous les domaines : l'enqu\u00eate sur la protection des donn\u00e9es r\u00e9v\u00e8le une marge de progression"},"content":{"rendered":"<figure id=\"attachment_16598\" class=\"wp-caption alignnone\" style=\"width: 680px\" aria-describedby=\"caption-attachment-16598\"><img class=\"alignnone wp-image-16598 size-full\" src=\"https:\/\/www.m-q.ch\/wp-content\/uploads\/2022\/07\/Bereichsuebergreifende-Datenloeschung-Datenschutz-Umfrage-zeigt-Luft-nach-oben_MQ.jpg\" alt=\"Loi sur la protection des donn\u00e9es en Suisse\" width=\"680\" height=\"432\" \/><figcaption id=\"caption-attachment-16598\" class=\"wp-caption-text\">L'enqu\u00eate Heartbeat de Swiss Infosec et Swiss GRC prend le pouls sur des th\u00e8mes d'actualit\u00e9. (Image : Adobe Stock\/stock.adobe.com)<\/figcaption><\/figure>\r\n115 personnes ont particip\u00e9 \u00e0 l'enqu\u00eate Heartbeat de Swiss Infosec sur la protection des donn\u00e9es. La plupart d'entre elles (40%) travaillent dans le d\u00e9partement informatique de leur entreprise. Mais de nombreuses r\u00e9ponses sont \u00e9galement venues des d\u00e9partements juridique et RH ainsi que du conseil d'administration\/de la direction. Le fait que la protection des donn\u00e9es soit per\u00e7ue comme un sujet important et prise au s\u00e9rieux au niveau du conseil d'administration et de la direction rend les auteurs de cette enqu\u00eate sur la protection des donn\u00e9es confiants et plaide en faveur d'une plus grande importance accord\u00e9e \u00e0 la protection des donn\u00e9es.\r\n<h3>Bonne note en ce qui concerne les directives internes de protection des donn\u00e9es<\/h3>\r\n83% des organisations qui ont particip\u00e9 \u00e0 l'enqu\u00eate sur la protection des donn\u00e9es disposent d'un document interne avec des directives sur la protection des donn\u00e9es. 12% ne disposent pas d'un tel document et les 5% restantes ne savent pas s'il existe des directives internes sur la protection des donn\u00e9es. L'existence de directives internes en mati\u00e8re de protection des donn\u00e9es montre que les organisations se pr\u00e9occupent du th\u00e8me de la protection des donn\u00e9es\/de la loi sur la protection des donn\u00e9es et que l'approche de la protection des donn\u00e9es n'est pas arbitraire, mais clairement d\u00e9finie par rapport \u00e0 l'entreprise. Cela cr\u00e9e de la s\u00e9curit\u00e9 et de la continuit\u00e9. 66% des organisations ont par ailleurs recours \u00e0 des propri\u00e9taires de donn\u00e9es (data owners), qui sont responsables d'une partie d\u00e9termin\u00e9e des donn\u00e9es au sein de l'organisation.\r\n<h3>Peu d'entreprises n'ont pas encore de d\u00e9claration de protection des donn\u00e9es<\/h3>\r\n104 des 115 personnes participantes, soit 90%, confirment que leur organisation dispose d'une d\u00e9claration de confidentialit\u00e9 (DSE). Ce chiffre \u00e9lev\u00e9 est r\u00e9jouissant. Toutefois, les experts en protection des donn\u00e9es de Swiss Infosec SA se demandent - sans le demander explicitement dans l'enqu\u00eate - si ces DSE couvrent \u00e9galement les traitements de donn\u00e9es au-del\u00e0 du site web. L'exp\u00e9rience montre que ce n'est pas toujours le cas. Mais au regard de la nouvelle loi sur la protection des donn\u00e9es, ces traitements de donn\u00e9es devraient \u00eatre couverts par les d\u00e9clarations de protection des donn\u00e9es.\r\n<h3>Une enqu\u00eate sur la protection des donn\u00e9es r\u00e9v\u00e8le une marge de progression en mati\u00e8re d'effacement r\u00e9gulier et transversal des donn\u00e9es<\/h3>\r\nSans surprise, c'est dans le domaine de la suppression des donn\u00e9es que le potentiel d'optimisation est le plus important. Certes, 39% des participants \u00e0 l'enqu\u00eate indiquent que les donn\u00e9es sont r\u00e9guli\u00e8rement effac\u00e9es dans leur organisation, et ce dans tous les domaines. Mais dans 43% des entreprises, un tel effacement des donn\u00e9es n'a pas lieu et les 8% restants des r\u00e9pondants n'en ont pas connaissance. Eugen Roesle, Head of Legal and Data Privacy chez Swiss Infosec SA, parle dans ce contexte du \"dernier kilom\u00e8tre de la protection des donn\u00e9es\" que de nombreuses entreprises devraient encore parcourir, m\u00eame si la NDSG ne change rien sur le plan purement juridique en ce qui concerne la suppression des donn\u00e9es. En effet, les donn\u00e9es personnelles qui ne sont plus n\u00e9cessaires parce qu'elles ont atteint leur but doivent d\u00e9j\u00e0 \u00eatre effac\u00e9es selon la loi actuellement en vigueur.\r\n<h3>Prendre en compte la gouvernance de la protection des donn\u00e9es<\/h3>\r\nL'une des principales exigences de la gouvernance en mati\u00e8re de protection des donn\u00e9es est la mise en place d'un processus permettant de v\u00e9rifier le respect de la protection des donn\u00e9es lors de nouveaux projets impliquant des donn\u00e9es personnelles. 57% des organisations participantes r\u00e9pondent \u00e0 cette exigence, 43% ne le font pas ou plut\u00f4t pas. Il est n\u00e9cessaire d'agir dans le domaine de la gouvernance de la protection des donn\u00e9es, d'autant plus que la v\u00e9rification en temps utile et, dans le meilleur des cas, automatique du respect de la protection des donn\u00e9es lors de nouveaux projets permet de gagner du temps et d'\u00e9liminer les incertitudes et les mauvaises surprises.\r\n<h3>Soutien par des outils\/logiciels sp\u00e9cifiques ?<\/h3>\r\nLes organisations qui misent sur des outils\/solutions logicielles sp\u00e9cifiques dans le domaine de la protection des donn\u00e9es sont sous-repr\u00e9sent\u00e9es selon l'enqu\u00eate. Tout de m\u00eame 40% des entreprises ont recours \u00e0 un tel soutien, 60% n'y ont pas (encore) recours. La question de savoir si la taille de l'entreprise ou sa complexit\u00e9 influencent la d\u00e9cision d'utiliser des outils ou si les offres correspondantes et leurs solutions sur mesure sont trop peu connues reste ouverte.\r\n\r\n<em>Source : <a href=\"http:\/\/www.infosec.ch\/\">Swiss Infosec<\/a><\/em>\n<p class=\"syndicated-attribution\">Cet article est paru initialement sur m-q.ch - <a href=\"https:\/\/www.m-q.ch\/de\/bereichsuebergreifende-datenloeschung-datenschutz-umfrage-zeigt-luft-nach-oben\/\" target=\"_blank\">https:\/\/www.m-q.ch\/de\/bereichsuebergreifende-datenloeschung-datenschutz-umfrage-zeigt-luft-nach-oben\/<\/a><\/p>","protected":false},"excerpt":{"rendered":"<p>An der Swiss Infosec Heartbeat-Umfrage zum Thema Datenschutz haben 115 Personen teilgenommen. Die meisten davon (40%) arbeiten in der IT-Abteilung ihres Unternehmens. Zahlreiche Antworten kamen aber auch aus den Abteilungen Legal und HR und aus dem Bereich Verwaltungsrat\/Gesch\u00e4ftsleitung. Die Tatsache, dass Datenschutz auf Verwaltungsrat- und Managementebene als wichtiges Thema wahr- und ernstgenommen wird, stimmt die [\u2026]<\/p>\n","protected":false},"author":8,"featured_media":0,"comment_status":"closed","ping_status":"closed","sticky":false,"template":"","format":"standard","meta":{"_acf_changed":false,"_yoast_wpseo_focuskw":"Datenschutzgesetz Schweiz","_yoast_wpseo_metadesc":"Das neue Datenschutzgesetz (NDSG) tritt im kommenden Jahr in Kraft. Die Swiss Infosec AG wollte zusammen mit der Swiss GRC AG im Rahmen einer Datenschutz-Umfrage erfahren, ob die Aussicht auf das Inkrafttreten des NDSG per 1. September 2023 bereits Auswirkungen darauf hat, wie in den Unternehmen mit Datenschutz umgegangen wird.","articlekey":"","footnotes":""},"categories":[582],"tags":[3053,3020,3054],"class_list":["post-15590","post","type-post","status-publish","format-standard","hentry","category-operational-excellence","tag-datenschutz-umfrage","tag-datenschutzgesetz-schweiz","tag-ndsg"],"acf":[],"yoast_head":"<!-- This site is optimized with the Yoast SEO plugin v27.5 - https:\/\/yoast.com\/product\/yoast-seo-wordpress\/ -->\n<title>Bereichs\u00fcbergreifende Datenl\u00f6schung: Datenschutz-Umfrage zeigt Luft nach oben - Organisator<\/title>\n<meta name=\"description\" content=\"Das neue Datenschutzgesetz (NDSG) tritt im kommenden Jahr in Kraft. Die Swiss Infosec AG wollte zusammen mit der Swiss GRC AG im Rahmen einer Datenschutz-Umfrage erfahren, ob die Aussicht auf das Inkrafttreten des NDSG per 1. September 2023 bereits Auswirkungen darauf hat, wie in den Unternehmen mit Datenschutz umgegangen wird.\" \/>\n<meta name=\"robots\" content=\"index, follow, max-snippet:-1, max-image-preview:large, max-video-preview:-1\" \/>\n<link rel=\"canonical\" href=\"https:\/\/www.m-q.ch\/de\/bereichsuebergreifende-datenloeschung-datenschutz-umfrage-zeigt-luft-nach-oben\/\" \/>\n<meta property=\"og:locale\" content=\"fr_FR\" \/>\n<meta property=\"og:type\" content=\"article\" \/>\n<meta property=\"og:title\" content=\"Bereichs\u00fcbergreifende Datenl\u00f6schung: Datenschutz-Umfrage zeigt Luft nach oben - Organisator\" \/>\n<meta property=\"og:description\" content=\"Das neue Datenschutzgesetz (NDSG) tritt im kommenden Jahr in Kraft. Die Swiss Infosec AG wollte zusammen mit der Swiss GRC AG im Rahmen einer Datenschutz-Umfrage erfahren, ob die Aussicht auf das Inkrafttreten des NDSG per 1. September 2023 bereits Auswirkungen darauf hat, wie in den Unternehmen mit Datenschutz umgegangen wird.\" \/>\n<meta property=\"og:url\" content=\"https:\/\/www.m-q.ch\/de\/bereichsuebergreifende-datenloeschung-datenschutz-umfrage-zeigt-luft-nach-oben\/\" \/>\n<meta property=\"og:site_name\" content=\"Organisator\" \/>\n<meta property=\"article:publisher\" content=\"https:\/\/www.facebook.com\/OrganisatorFachmagazin\" \/>\n<meta property=\"article:published_time\" content=\"2022-07-07T07:34:26+00:00\" \/>\n<meta property=\"article:modified_time\" content=\"2022-07-21T10:01:36+00:00\" \/>\n<meta property=\"og:image\" content=\"https:\/\/www.m-q.ch\/wp-content\/uploads\/2022\/07\/Bereichsuebergreifende-Datenloeschung-Datenschutz-Umfrage-zeigt-Luft-nach-oben_MQ.jpg\" \/>\n<meta name=\"author\" content=\"galledia\" \/>\n<meta name=\"twitter:card\" content=\"summary_large_image\" \/>\n<meta name=\"twitter:creator\" content=\"@admin\" \/>\n<script type=\"application\/ld+json\" class=\"yoast-schema-graph\">{\"@context\":\"https:\\\/\\\/schema.org\",\"@graph\":[{\"@type\":\"Article\",\"@id\":\"https:\\\/\\\/www.m-q.ch\\\/de\\\/bereichsuebergreifende-datenloeschung-datenschutz-umfrage-zeigt-luft-nach-oben\\\/#article\",\"isPartOf\":{\"@id\":\"https:\\\/\\\/www.organisator.ch\\\/operational-excellence\\\/2022-07-07\\\/bereichsuebergreifende-datenloeschung-datenschutz-umfrage-zeigt-luft-nach-oben\\\/\"},\"author\":{\"name\":\"galledia\",\"@id\":\"https:\\\/\\\/www.organisator.ch\\\/#\\\/schema\\\/person\\\/4e51799071cd2dd1232ac003643ef5f0\"},\"headline\":\"Bereichs\u00fcbergreifende Datenl\u00f6schung: Datenschutz-Umfrage zeigt Luft nach oben\",\"datePublished\":\"2022-07-07T07:34:26+00:00\",\"dateModified\":\"2022-07-21T10:01:36+00:00\",\"mainEntityOfPage\":{\"@id\":\"https:\\\/\\\/www.organisator.ch\\\/operational-excellence\\\/2022-07-07\\\/bereichsuebergreifende-datenloeschung-datenschutz-umfrage-zeigt-luft-nach-oben\\\/\"},\"wordCount\":552,\"publisher\":{\"@id\":\"https:\\\/\\\/www.organisator.ch\\\/#organization\"},\"image\":{\"@id\":\"https:\\\/\\\/www.m-q.ch\\\/de\\\/bereichsuebergreifende-datenloeschung-datenschutz-umfrage-zeigt-luft-nach-oben\\\/#primaryimage\"},\"thumbnailUrl\":\"https:\\\/\\\/www.m-q.ch\\\/wp-content\\\/uploads\\\/2022\\\/07\\\/Bereichsuebergreifende-Datenloeschung-Datenschutz-Umfrage-zeigt-Luft-nach-oben_MQ.jpg\",\"keywords\":[\"Datenschutz-Umfrage\",\"Datenschutzgesetz Schweiz\",\"NDSG\"],\"articleSection\":[\"OPERATIONAL EXCELLENCE\"],\"inLanguage\":\"fr-FR\"},{\"@type\":\"WebPage\",\"@id\":\"https:\\\/\\\/www.organisator.ch\\\/operational-excellence\\\/2022-07-07\\\/bereichsuebergreifende-datenloeschung-datenschutz-umfrage-zeigt-luft-nach-oben\\\/\",\"url\":\"https:\\\/\\\/www.m-q.ch\\\/de\\\/bereichsuebergreifende-datenloeschung-datenschutz-umfrage-zeigt-luft-nach-oben\\\/\",\"name\":\"Bereichs\u00fcbergreifende Datenl\u00f6schung: Datenschutz-Umfrage zeigt Luft nach oben - Organisator\",\"isPartOf\":{\"@id\":\"https:\\\/\\\/www.organisator.ch\\\/#website\"},\"primaryImageOfPage\":{\"@id\":\"https:\\\/\\\/www.m-q.ch\\\/de\\\/bereichsuebergreifende-datenloeschung-datenschutz-umfrage-zeigt-luft-nach-oben\\\/#primaryimage\"},\"image\":{\"@id\":\"https:\\\/\\\/www.m-q.ch\\\/de\\\/bereichsuebergreifende-datenloeschung-datenschutz-umfrage-zeigt-luft-nach-oben\\\/#primaryimage\"},\"thumbnailUrl\":\"https:\\\/\\\/www.m-q.ch\\\/wp-content\\\/uploads\\\/2022\\\/07\\\/Bereichsuebergreifende-Datenloeschung-Datenschutz-Umfrage-zeigt-Luft-nach-oben_MQ.jpg\",\"datePublished\":\"2022-07-07T07:34:26+00:00\",\"dateModified\":\"2022-07-21T10:01:36+00:00\",\"description\":\"Das neue Datenschutzgesetz (NDSG) tritt im kommenden Jahr in Kraft. Die Swiss Infosec AG wollte zusammen mit der Swiss GRC AG im Rahmen einer Datenschutz-Umfrage erfahren, ob die Aussicht auf das Inkrafttreten des NDSG per 1. September 2023 bereits Auswirkungen darauf hat, wie in den Unternehmen mit Datenschutz umgegangen wird.\",\"breadcrumb\":{\"@id\":\"https:\\\/\\\/www.m-q.ch\\\/de\\\/bereichsuebergreifende-datenloeschung-datenschutz-umfrage-zeigt-luft-nach-oben\\\/#breadcrumb\"},\"inLanguage\":\"fr-FR\",\"potentialAction\":[{\"@type\":\"ReadAction\",\"target\":[\"https:\\\/\\\/www.m-q.ch\\\/de\\\/bereichsuebergreifende-datenloeschung-datenschutz-umfrage-zeigt-luft-nach-oben\\\/\"]}]},{\"@type\":\"ImageObject\",\"inLanguage\":\"fr-FR\",\"@id\":\"https:\\\/\\\/www.m-q.ch\\\/de\\\/bereichsuebergreifende-datenloeschung-datenschutz-umfrage-zeigt-luft-nach-oben\\\/#primaryimage\",\"url\":\"https:\\\/\\\/www.m-q.ch\\\/wp-content\\\/uploads\\\/2022\\\/07\\\/Bereichsuebergreifende-Datenloeschung-Datenschutz-Umfrage-zeigt-Luft-nach-oben_MQ.jpg\",\"contentUrl\":\"https:\\\/\\\/www.m-q.ch\\\/wp-content\\\/uploads\\\/2022\\\/07\\\/Bereichsuebergreifende-Datenloeschung-Datenschutz-Umfrage-zeigt-Luft-nach-oben_MQ.jpg\"},{\"@type\":\"BreadcrumbList\",\"@id\":\"https:\\\/\\\/www.m-q.ch\\\/de\\\/bereichsuebergreifende-datenloeschung-datenschutz-umfrage-zeigt-luft-nach-oben\\\/#breadcrumb\",\"itemListElement\":[{\"@type\":\"ListItem\",\"position\":1,\"name\":\"Home\",\"item\":\"https:\\\/\\\/www.organisator.ch\\\/\"},{\"@type\":\"ListItem\",\"position\":2,\"name\":\"Bereichs\u00fcbergreifende Datenl\u00f6schung: Datenschutz-Umfrage zeigt Luft nach oben\"}]},{\"@type\":\"WebSite\",\"@id\":\"https:\\\/\\\/www.organisator.ch\\\/#website\",\"url\":\"https:\\\/\\\/www.organisator.ch\\\/\",\"name\":\"Organisator\",\"description\":\"Kompetent. Praxisnah. Der ORGANISATOR bereitet in 10 Ausgaben pro Jahr die wesentlichen Themen f\u00fcr F\u00fchrungskr\u00e4fte von KMU auf.\",\"publisher\":{\"@id\":\"https:\\\/\\\/www.organisator.ch\\\/#organization\"},\"potentialAction\":[{\"@type\":\"SearchAction\",\"target\":{\"@type\":\"EntryPoint\",\"urlTemplate\":\"https:\\\/\\\/www.organisator.ch\\\/?s={search_term_string}\"},\"query-input\":{\"@type\":\"PropertyValueSpecification\",\"valueRequired\":true,\"valueName\":\"search_term_string\"}}],\"inLanguage\":\"fr-FR\"},{\"@type\":\"Organization\",\"@id\":\"https:\\\/\\\/www.organisator.ch\\\/#organization\",\"name\":\"Organisator\",\"url\":\"https:\\\/\\\/www.organisator.ch\\\/\",\"logo\":{\"@type\":\"ImageObject\",\"inLanguage\":\"fr-FR\",\"@id\":\"https:\\\/\\\/www.organisator.ch\\\/#\\\/schema\\\/logo\\\/image\\\/\",\"url\":\"https:\\\/\\\/www.organisator.ch\\\/wp-content\\\/uploads\\\/2022\\\/01\\\/Logo_Organisator_Website.png\",\"contentUrl\":\"https:\\\/\\\/www.organisator.ch\\\/wp-content\\\/uploads\\\/2022\\\/01\\\/Logo_Organisator_Website.png\",\"width\":800,\"height\":77,\"caption\":\"Organisator\"},\"image\":{\"@id\":\"https:\\\/\\\/www.organisator.ch\\\/#\\\/schema\\\/logo\\\/image\\\/\"},\"sameAs\":[\"https:\\\/\\\/www.facebook.com\\\/OrganisatorFachmagazin\",\"https:\\\/\\\/www.linkedin.com\\\/showcase\\\/organisator-das-magazin-fr-kmu\",\"https:\\\/\\\/www.xing.com\\\/news\\\/pages\\\/organisator-ch-695\",\"https:\\\/\\\/www.youtube.com\\\/channel\\\/UCGP2Sq0iWaZwT3BdIAQFYpw\"]},{\"@type\":\"Person\",\"@id\":\"https:\\\/\\\/www.organisator.ch\\\/#\\\/schema\\\/person\\\/4e51799071cd2dd1232ac003643ef5f0\",\"name\":\"galledia\",\"image\":{\"@type\":\"ImageObject\",\"inLanguage\":\"fr-FR\",\"@id\":\"https:\\\/\\\/secure.gravatar.com\\\/avatar\\\/78a7f90c01fc2bfc875782a0d4922b37cde2cf184ce347b91316d23cd7f69a36?s=96&d=mm&r=g\",\"url\":\"https:\\\/\\\/secure.gravatar.com\\\/avatar\\\/78a7f90c01fc2bfc875782a0d4922b37cde2cf184ce347b91316d23cd7f69a36?s=96&d=mm&r=g\",\"contentUrl\":\"https:\\\/\\\/secure.gravatar.com\\\/avatar\\\/78a7f90c01fc2bfc875782a0d4922b37cde2cf184ce347b91316d23cd7f69a36?s=96&d=mm&r=g\",\"caption\":\"galledia\"},\"sameAs\":[\"https:\\\/\\\/x.com\\\/admin\"],\"url\":\"https:\\\/\\\/www.organisator.ch\\\/fr\\\/author\\\/galledia\\\/\"}]}<\/script>\n<!-- \/ Yoast SEO plugin. -->","yoast_head_json":{"title":"Effacement des donn\u00e9es dans tous les domaines : l'enqu\u00eate sur la protection des donn\u00e9es montre une marge de progression - Organisator","description":"La nouvelle loi sur la protection des donn\u00e9es (NDSG) entrera en vigueur l'ann\u00e9e prochaine. Dans le cadre d'une enqu\u00eate sur la protection des donn\u00e9es, Swiss Infosec SA et Swiss GRC SA ont voulu savoir si la perspective de l'entr\u00e9e en vigueur de la NDSG au 1er septembre 2023 avait d\u00e9j\u00e0 des r\u00e9percussions sur la mani\u00e8re dont les entreprises g\u00e8rent la protection des donn\u00e9es.","robots":{"index":"index","follow":"follow","max-snippet":"max-snippet:-1","max-image-preview":"max-image-preview:large","max-video-preview":"max-video-preview:-1"},"canonical":"https:\/\/www.m-q.ch\/de\/bereichsuebergreifende-datenloeschung-datenschutz-umfrage-zeigt-luft-nach-oben\/","og_locale":"fr_FR","og_type":"article","og_title":"Bereichs\u00fcbergreifende Datenl\u00f6schung: Datenschutz-Umfrage zeigt Luft nach oben - Organisator","og_description":"Das neue Datenschutzgesetz (NDSG) tritt im kommenden Jahr in Kraft. Die Swiss Infosec AG wollte zusammen mit der Swiss GRC AG im Rahmen einer Datenschutz-Umfrage erfahren, ob die Aussicht auf das Inkrafttreten des NDSG per 1. September 2023 bereits Auswirkungen darauf hat, wie in den Unternehmen mit Datenschutz umgegangen wird.","og_url":"https:\/\/www.m-q.ch\/de\/bereichsuebergreifende-datenloeschung-datenschutz-umfrage-zeigt-luft-nach-oben\/","og_site_name":"Organisator","article_publisher":"https:\/\/www.facebook.com\/OrganisatorFachmagazin","article_published_time":"2022-07-07T07:34:26+00:00","article_modified_time":"2022-07-21T10:01:36+00:00","og_image":[{"url":"https:\/\/www.m-q.ch\/wp-content\/uploads\/2022\/07\/Bereichsuebergreifende-Datenloeschung-Datenschutz-Umfrage-zeigt-Luft-nach-oben_MQ.jpg","type":"","width":"","height":""}],"author":"galledia","twitter_card":"summary_large_image","twitter_creator":"@admin","schema":{"@context":"https:\/\/schema.org","@graph":[{"@type":"Article","@id":"https:\/\/www.m-q.ch\/de\/bereichsuebergreifende-datenloeschung-datenschutz-umfrage-zeigt-luft-nach-oben\/#article","isPartOf":{"@id":"https:\/\/www.organisator.ch\/operational-excellence\/2022-07-07\/bereichsuebergreifende-datenloeschung-datenschutz-umfrage-zeigt-luft-nach-oben\/"},"author":{"name":"galledia","@id":"https:\/\/www.organisator.ch\/#\/schema\/person\/4e51799071cd2dd1232ac003643ef5f0"},"headline":"Bereichs\u00fcbergreifende Datenl\u00f6schung: Datenschutz-Umfrage zeigt Luft nach oben","datePublished":"2022-07-07T07:34:26+00:00","dateModified":"2022-07-21T10:01:36+00:00","mainEntityOfPage":{"@id":"https:\/\/www.organisator.ch\/operational-excellence\/2022-07-07\/bereichsuebergreifende-datenloeschung-datenschutz-umfrage-zeigt-luft-nach-oben\/"},"wordCount":552,"publisher":{"@id":"https:\/\/www.organisator.ch\/#organization"},"image":{"@id":"https:\/\/www.m-q.ch\/de\/bereichsuebergreifende-datenloeschung-datenschutz-umfrage-zeigt-luft-nach-oben\/#primaryimage"},"thumbnailUrl":"https:\/\/www.m-q.ch\/wp-content\/uploads\/2022\/07\/Bereichsuebergreifende-Datenloeschung-Datenschutz-Umfrage-zeigt-Luft-nach-oben_MQ.jpg","keywords":["Datenschutz-Umfrage","Datenschutzgesetz Schweiz","NDSG"],"articleSection":["OPERATIONAL EXCELLENCE"],"inLanguage":"fr-FR"},{"@type":"WebPage","@id":"https:\/\/www.organisator.ch\/operational-excellence\/2022-07-07\/bereichsuebergreifende-datenloeschung-datenschutz-umfrage-zeigt-luft-nach-oben\/","url":"https:\/\/www.m-q.ch\/de\/bereichsuebergreifende-datenloeschung-datenschutz-umfrage-zeigt-luft-nach-oben\/","name":"Effacement des donn\u00e9es dans tous les domaines : l'enqu\u00eate sur la protection des donn\u00e9es montre une marge de progression - Organisator","isPartOf":{"@id":"https:\/\/www.organisator.ch\/#website"},"primaryImageOfPage":{"@id":"https:\/\/www.m-q.ch\/de\/bereichsuebergreifende-datenloeschung-datenschutz-umfrage-zeigt-luft-nach-oben\/#primaryimage"},"image":{"@id":"https:\/\/www.m-q.ch\/de\/bereichsuebergreifende-datenloeschung-datenschutz-umfrage-zeigt-luft-nach-oben\/#primaryimage"},"thumbnailUrl":"https:\/\/www.m-q.ch\/wp-content\/uploads\/2022\/07\/Bereichsuebergreifende-Datenloeschung-Datenschutz-Umfrage-zeigt-Luft-nach-oben_MQ.jpg","datePublished":"2022-07-07T07:34:26+00:00","dateModified":"2022-07-21T10:01:36+00:00","description":"La nouvelle loi sur la protection des donn\u00e9es (NDSG) entrera en vigueur l'ann\u00e9e prochaine. Dans le cadre d'une enqu\u00eate sur la protection des donn\u00e9es, Swiss Infosec SA et Swiss GRC SA ont voulu savoir si la perspective de l'entr\u00e9e en vigueur de la NDSG au 1er septembre 2023 avait d\u00e9j\u00e0 des r\u00e9percussions sur la mani\u00e8re dont les entreprises g\u00e8rent la protection des donn\u00e9es.","breadcrumb":{"@id":"https:\/\/www.m-q.ch\/de\/bereichsuebergreifende-datenloeschung-datenschutz-umfrage-zeigt-luft-nach-oben\/#breadcrumb"},"inLanguage":"fr-FR","potentialAction":[{"@type":"ReadAction","target":["https:\/\/www.m-q.ch\/de\/bereichsuebergreifende-datenloeschung-datenschutz-umfrage-zeigt-luft-nach-oben\/"]}]},{"@type":"ImageObject","inLanguage":"fr-FR","@id":"https:\/\/www.m-q.ch\/de\/bereichsuebergreifende-datenloeschung-datenschutz-umfrage-zeigt-luft-nach-oben\/#primaryimage","url":"https:\/\/www.m-q.ch\/wp-content\/uploads\/2022\/07\/Bereichsuebergreifende-Datenloeschung-Datenschutz-Umfrage-zeigt-Luft-nach-oben_MQ.jpg","contentUrl":"https:\/\/www.m-q.ch\/wp-content\/uploads\/2022\/07\/Bereichsuebergreifende-Datenloeschung-Datenschutz-Umfrage-zeigt-Luft-nach-oben_MQ.jpg"},{"@type":"BreadcrumbList","@id":"https:\/\/www.m-q.ch\/de\/bereichsuebergreifende-datenloeschung-datenschutz-umfrage-zeigt-luft-nach-oben\/#breadcrumb","itemListElement":[{"@type":"ListItem","position":1,"name":"Home","item":"https:\/\/www.organisator.ch\/"},{"@type":"ListItem","position":2,"name":"Bereichs\u00fcbergreifende Datenl\u00f6schung: Datenschutz-Umfrage zeigt Luft nach oben"}]},{"@type":"WebSite","@id":"https:\/\/www.organisator.ch\/#website","url":"https:\/\/www.organisator.ch\/","name":"Organisateur","description":"Comp\u00e9tence et comp\u00e9tence. Proches de la pratique. L'ORGANISATEUR pr\u00e9pare 10 num\u00e9ros par an sur les th\u00e8mes essentiels pour les dirigeants de PME.","publisher":{"@id":"https:\/\/www.organisator.ch\/#organization"},"potentialAction":[{"@type":"SearchAction","target":{"@type":"EntryPoint","urlTemplate":"https:\/\/www.organisator.ch\/?s={search_term_string}"},"query-input":{"@type":"PropertyValueSpecification","valueRequired":true,"valueName":"search_term_string"}}],"inLanguage":"fr-FR"},{"@type":"Organization","@id":"https:\/\/www.organisator.ch\/#organization","name":"Organisateur","url":"https:\/\/www.organisator.ch\/","logo":{"@type":"ImageObject","inLanguage":"fr-FR","@id":"https:\/\/www.organisator.ch\/#\/schema\/logo\/image\/","url":"https:\/\/www.organisator.ch\/wp-content\/uploads\/2022\/01\/Logo_Organisator_Website.png","contentUrl":"https:\/\/www.organisator.ch\/wp-content\/uploads\/2022\/01\/Logo_Organisator_Website.png","width":800,"height":77,"caption":"Organisator"},"image":{"@id":"https:\/\/www.organisator.ch\/#\/schema\/logo\/image\/"},"sameAs":["https:\/\/www.facebook.com\/OrganisatorFachmagazin","https:\/\/www.linkedin.com\/showcase\/organisator-das-magazin-fr-kmu","https:\/\/www.xing.com\/news\/pages\/organisator-ch-695","https:\/\/www.youtube.com\/channel\/UCGP2Sq0iWaZwT3BdIAQFYpw"]},{"@type":"Person","@id":"https:\/\/www.organisator.ch\/#\/schema\/person\/4e51799071cd2dd1232ac003643ef5f0","name":"galledia","image":{"@type":"ImageObject","inLanguage":"fr-FR","@id":"https:\/\/secure.gravatar.com\/avatar\/78a7f90c01fc2bfc875782a0d4922b37cde2cf184ce347b91316d23cd7f69a36?s=96&d=mm&r=g","url":"https:\/\/secure.gravatar.com\/avatar\/78a7f90c01fc2bfc875782a0d4922b37cde2cf184ce347b91316d23cd7f69a36?s=96&d=mm&r=g","contentUrl":"https:\/\/secure.gravatar.com\/avatar\/78a7f90c01fc2bfc875782a0d4922b37cde2cf184ce347b91316d23cd7f69a36?s=96&d=mm&r=g","caption":"galledia"},"sameAs":["https:\/\/x.com\/admin"],"url":"https:\/\/www.organisator.ch\/fr\/author\/galledia\/"}]}},"_links":{"self":[{"href":"https:\/\/www.organisator.ch\/fr\/wp-json\/wp\/v2\/posts\/15590","targetHints":{"allow":["GET"]}}],"collection":[{"href":"https:\/\/www.organisator.ch\/fr\/wp-json\/wp\/v2\/posts"}],"about":[{"href":"https:\/\/www.organisator.ch\/fr\/wp-json\/wp\/v2\/types\/post"}],"author":[{"embeddable":true,"href":"https:\/\/www.organisator.ch\/fr\/wp-json\/wp\/v2\/users\/8"}],"replies":[{"embeddable":true,"href":"https:\/\/www.organisator.ch\/fr\/wp-json\/wp\/v2\/comments?post=15590"}],"version-history":[{"count":4,"href":"https:\/\/www.organisator.ch\/fr\/wp-json\/wp\/v2\/posts\/15590\/revisions"}],"predecessor-version":[{"id":15729,"href":"https:\/\/www.organisator.ch\/fr\/wp-json\/wp\/v2\/posts\/15590\/revisions\/15729"}],"wp:attachment":[{"href":"https:\/\/www.organisator.ch\/fr\/wp-json\/wp\/v2\/media?parent=15590"}],"wp:term":[{"taxonomy":"category","embeddable":true,"href":"https:\/\/www.organisator.ch\/fr\/wp-json\/wp\/v2\/categories?post=15590"},{"taxonomy":"post_tag","embeddable":true,"href":"https:\/\/www.organisator.ch\/fr\/wp-json\/wp\/v2\/tags?post=15590"}],"curies":[{"name":"wp","href":"https:\/\/api.w.org\/{rel}","templated":true}]}}