{"id":15593,"date":"2022-07-07T14:48:18","date_gmt":"2022-07-07T12:48:18","guid":{"rendered":"https:\/\/www.organisator.ch\/?p=15593"},"modified":"2022-07-07T09:58:59","modified_gmt":"2022-07-07T07:58:59","slug":"voyages-entreprises-suisses-prennent-continuellement-vers","status":"publish","type":"post","link":"https:\/\/www.organisator.ch\/fr\/allgemein\/2022-07-07\/schweizer-geschaeftsreisen-nehmen-kontinuierlich-zu\/","title":{"rendered":"Les voyages d'affaires en Suisse sont en constante augmentation"},"content":{"rendered":"<figure id=\"attachment_15594\" aria-describedby=\"caption-attachment-15594\" style=\"width: 680px\" class=\"wp-caption alignnone\"><img loading=\"lazy\" decoding=\"async\" class=\"size-full wp-image-15594\" src=\"https:\/\/www.organisator.ch\/wp-content\/uploads\/2022\/07\/Schweizer-Geschaeftsreisen-nehmen-kontinuierlich-zu_Organisator.jpg\" alt=\"\" width=\"680\" height=\"435\" srcset=\"https:\/\/www.organisator.ch\/wp-content\/uploads\/2022\/07\/Schweizer-Geschaeftsreisen-nehmen-kontinuierlich-zu_Organisator.jpg 680w, https:\/\/www.organisator.ch\/wp-content\/uploads\/2022\/07\/Schweizer-Geschaeftsreisen-nehmen-kontinuierlich-zu_Organisator-18x12.jpg 18w, https:\/\/www.organisator.ch\/wp-content\/uploads\/2022\/07\/Schweizer-Geschaeftsreisen-nehmen-kontinuierlich-zu_Organisator-274x175.jpg 274w, https:\/\/www.organisator.ch\/wp-content\/uploads\/2022\/07\/Schweizer-Geschaeftsreisen-nehmen-kontinuierlich-zu_Organisator-547x350.jpg 547w, https:\/\/www.organisator.ch\/wp-content\/uploads\/2022\/07\/Schweizer-Geschaeftsreisen-nehmen-kontinuierlich-zu_Organisator-300x192.jpg 300w\" sizes=\"auto, (max-width: 680px) 100vw, 680px\" \/><figcaption id=\"caption-attachment-15594\" class=\"wp-caption-text\">Les voyages d'affaires en Suisse sont de nouveau en hausse, et pas seulement cela : Les entreprises font payer les vols. (Image : Airplus International \/ Pixabay.com)<\/figcaption><\/figure>\n<p>Les rencontres personnelles et le r\u00e9seautage professionnel ont quasiment cess\u00e9 au d\u00e9but de la pand\u00e9mie de Corona. Pourtant, selon une enqu\u00eate men\u00e9e par AirPlus International, sp\u00e9cialiste des paiements aux entreprises, aupr\u00e8s de 111 cadres sup\u00e9rieurs en Allemagne, 84 pour cent des personnes interrog\u00e9es sont d'avis que ces rencontres personnelles en particulier sont indispensables pour \u00e9tablir des relations commerciales et une confiance mutuelle. Cela ne vaut pas seulement chez nos voisins du nord : \"Nous voyons tr\u00e8s clairement cette attitude en Suisse\", confirme \u00e9galement Andy Stehrenberger, directeur d'AirPlus International en Suisse. La majorit\u00e9 des personnes interrog\u00e9es pr\u00e9f\u00e8rent \u00e9galement une rencontre personnelle pour les n\u00e9gociations (cit\u00e9es par 76 pour cent), les \u00e9v\u00e9nements \u00e0 contenu de communication \u00e9motionnel (73 pour cent), les r\u00e9unions \u00e0 contenu confidentiel et sensible (71 pour cent), la prospection et la fid\u00e9lisation de la client\u00e8le, les visites de salons et les rencontres sectorielles (70 pour cent dans les deux cas) ainsi que les r\u00e9unions internes strat\u00e9giques (56 pour cent). En revanche, les personnes interrog\u00e9es estiment que des \u00e9v\u00e9nements tels que l'\u00e9change de connaissances ou la collaboration au sein d'\u00e9quipes de projet peuvent continuer \u00e0 se d\u00e9rouler virtuellement \u00e0 l'avenir.<\/p>\n<h3>Les voyages d'affaires en Suisse sont en nette augmentation depuis le d\u00e9but de l'ann\u00e9e<\/h3>\n<p>En Suisse, le nombre de transactions de billets d'avion effectu\u00e9es via AirPlus est en constante augmentation depuis le d\u00e9but de l'ann\u00e9e, comme le montre le Business Travel Index d'AirPlus. Apr\u00e8s une br\u00e8ve stagnation en avril, pr\u00e8s de trois fois plus de vols ont \u00e9t\u00e9 enregistr\u00e9s via AirPlus en mai 2022 qu'en janvier. Avec la reprise des voyages, l'\u00e9cart par rapport \u00e0 l'ann\u00e9e 2019, avant la crise, se r\u00e9duit \u00e9galement de mois en mois. En mai 2022, le volume de facturation en Suisse n'\u00e9tait plus que de 15,1 % inf\u00e9rieur au niveau de mai 2019.<\/p>\n<p>Il est frappant de constater que les entreprises suisses font payer les voyages cette ann\u00e9e et font davantage voyager leurs collaborateurs en classe affaires. Sur les vols intercontinentaux, la part des vols en classe affaires a augment\u00e9 de 2,3 points de pourcentage \u00e0 50,5 pour cent entre janvier et mai 2022 par rapport \u00e0 2019, l'ann\u00e9e pr\u00e9c\u00e9dant celle de Corona, et de 1,9 point de pourcentage \u00e0 5,2 pour cent sur les lignes europ\u00e9ennes. C'est sur les lignes int\u00e9rieures suisses que cette \u00e9volution est la plus frappante : Ici, la part de la classe affaires a augment\u00e9 de 18,8 points de pourcentage pour atteindre 26,4 pour cent au cours des cinq premiers mois de 2022 (janvier-mai 2019 : 7,6 pour cent).<\/p>\n<h3>Les Suisses plus longtemps en voyage d'affaires<\/h3>\n<p>Alors que la p\u00e9riode moyenne de r\u00e9servation \u00e0 l'avance au printemps 2022 n'a diminu\u00e9 que pour les vols intercontinentaux - de 34,2 jours en 2019 \u00e0 31 jours en 2022 -, on constate parfois de nets d\u00e9calages dans la dur\u00e9e des voyages. De janvier \u00e0 mai 2022, les voyages intercontinentaux ont dur\u00e9 en moyenne 12,5 jours (10,3 jours en 2019), les voyages en Europe 4,6 jours (3,7 jours en 2019) et les voyages d'affaires en Suisse ont augment\u00e9 de mani\u00e8re significative pour atteindre une moyenne de 18,5 jours (3,4 jours en 2019). \"Les possibilit\u00e9s actuelles et l'acceptation du 'travail \u00e0 distance' apparaissent clairement ici\", explique Andy Stehrenberger. \"Au lieu de voyager plusieurs fois de A \u00e0 B \u00e0 l'int\u00e9rieur de la Suisse, les d\u00e9placements sont regroup\u00e9s ou le lieu de travail est carr\u00e9ment d\u00e9plac\u00e9 pour une p\u00e9riode plus longue. Ce fait t\u00e9moigne \u00e9galement d'un changement de mentalit\u00e9 \u00e9cologique\", ajoute Stehrenberger.<\/p>\n<p>Les r\u00e9sultats de l'enqu\u00eate AirPlus en Allemagne prouvent \u00e9galement que le th\u00e8me des voyages d'affaires durables rev\u00eat une grande importance pour les entreprises. Presque toutes les entreprises interrog\u00e9es indiquent que ce th\u00e8me figure \u00e0 leur agenda. Parmi les mesures les plus importantes, on trouve notamment le regroupement des rendez-vous d'affaires dans des voyages moins fr\u00e9quents mais plus longs (cit\u00e9 par 60%) - seul le choix de moyens de transport aussi \u00e9cologiques que possible a \u00e9t\u00e9 cit\u00e9 encore plus souvent (64%).<\/p>","protected":false},"excerpt":{"rendered":"<p>Pers\u00f6nliche Treffen und berufliches Networking kamen zu Beginn der Corona-Pandemie quasi zum Stillstand. Doch gem\u00e4ss einer Umfrage des Corporate-Payment-Spezialisten AirPlus International unter 111 Topmanagern in Deutschland sind 84 Prozent der Befragten der Meinung, dass insbesondere diese pers\u00f6nlichen Treffen unerl\u00e4sslich sind, um Gesch\u00e4ftsbeziehungen und gegenseitiges Vertrauen aufzubauen. Dies gilt nicht nur in unserem n\u00f6rdlichen Nachbarland: \u00abDiese [&hellip;]<\/p>\n","protected":false},"author":4,"featured_media":15594,"comment_status":"closed","ping_status":"closed","sticky":false,"template":"","format":"standard","meta":{"_acf_changed":false,"_yoast_wpseo_focuskw":"Schweizer Gesch\u00e4ftsreisen","_yoast_wpseo_metadesc":"Schweizer Gesch\u00e4ftsreisen nehmen zu. Es zeigt sich auch ein leichter Trend zu teureren Buchungsklassen sowie einer l\u00e4ngeren Reisedauer.","articlekey":"","footnotes":""},"categories":[1],"tags":[107,487],"class_list":["post-15593","post","type-post","status-publish","format-standard","has-post-thumbnail","hentry","category-allgemein","tag-business-travel","tag-umfrage"],"acf":[],"yoast_head":"<!-- This site is optimized with the Yoast SEO plugin v27.5 - https:\/\/yoast.com\/product\/yoast-seo-wordpress\/ -->\n<title>Schweizer Gesch\u00e4ftsreisen nehmen kontinuierlich zu - Organisator<\/title>\n<meta name=\"description\" content=\"Schweizer Gesch\u00e4ftsreisen nehmen zu. Es zeigt sich auch ein leichter Trend zu teureren Buchungsklassen sowie einer l\u00e4ngeren Reisedauer.\" \/>\n<meta name=\"robots\" content=\"index, follow, max-snippet:-1, max-image-preview:large, max-video-preview:-1\" \/>\n<link rel=\"canonical\" href=\"https:\/\/www.organisator.ch\/fr\/general\/2022-07-07\/voyages-entreprises-suisses-prennent-continuellement-vers\/\" \/>\n<meta property=\"og:locale\" content=\"fr_FR\" \/>\n<meta property=\"og:type\" content=\"article\" \/>\n<meta property=\"og:title\" content=\"Schweizer Gesch\u00e4ftsreisen nehmen kontinuierlich zu\" \/>\n<meta property=\"og:description\" content=\"Schweizer Gesch\u00e4ftsreisen nehmen zu. Es zeigt sich auch ein leichter Trend zu teureren Buchungsklassen sowie einer l\u00e4ngeren Reisedauer.\" \/>\n<meta property=\"og:url\" content=\"https:\/\/www.organisator.ch\/fr\/general\/2022-07-07\/voyages-entreprises-suisses-prennent-continuellement-vers\/\" \/>\n<meta property=\"og:site_name\" content=\"Organisator\" \/>\n<meta property=\"article:publisher\" content=\"https:\/\/www.facebook.com\/OrganisatorFachmagazin\" \/>\n<meta property=\"article:published_time\" content=\"2022-07-07T12:48:18+00:00\" \/>\n<meta property=\"og:image\" content=\"https:\/\/www.organisator.ch\/wp-content\/uploads\/2022\/07\/Schweizer-Geschaeftsreisen-nehmen-kontinuierlich-zu_Organisator.jpg\" \/>\n\t<meta property=\"og:image:width\" content=\"680\" \/>\n\t<meta property=\"og:image:height\" content=\"435\" \/>\n\t<meta property=\"og:image:type\" content=\"image\/jpeg\" \/>\n<meta name=\"author\" content=\"thomas.berner\" \/>\n<meta name=\"twitter:card\" content=\"summary_large_image\" \/>\n<meta name=\"twitter:title\" content=\"Schweizer #Gesch\u00e4ftsreisen nehmen kontinuierlich zu\" \/>\n<meta name=\"twitter:description\" content=\"Schweizer #Gesch\u00e4ftsreisen nehmen zu. Es zeigt sich auch ein leichter Trend zu teureren #Buchungsklassen sowie einer l\u00e4ngeren #Reisedauer.\" \/>\n<meta name=\"twitter:image\" content=\"https:\/\/www.organisator.ch\/wp-content\/uploads\/2022\/07\/Schweizer-Geschaeftsreisen-nehmen-kontinuierlich-zu_Organisator.jpg\" \/>\n<script type=\"application\/ld+json\" class=\"yoast-schema-graph\">{\"@context\":\"https:\\\/\\\/schema.org\",\"@graph\":[{\"@type\":\"Article\",\"@id\":\"https:\\\/\\\/www.organisator.ch\\\/en\\\/general\\\/2022-07-07\\\/swiss-business-travel-take-continuously-to\\\/#article\",\"isPartOf\":{\"@id\":\"https:\\\/\\\/www.organisator.ch\\\/en\\\/general\\\/2022-07-07\\\/swiss-business-travel-take-continuously-to\\\/\"},\"author\":{\"name\":\"thomas.berner\",\"@id\":\"https:\\\/\\\/www.organisator.ch\\\/#\\\/schema\\\/person\\\/6f650f90b2842cd4c0cc334b4e36f67e\"},\"headline\":\"Schweizer Gesch\u00e4ftsreisen nehmen kontinuierlich zu\",\"datePublished\":\"2022-07-07T12:48:18+00:00\",\"mainEntityOfPage\":{\"@id\":\"https:\\\/\\\/www.organisator.ch\\\/en\\\/general\\\/2022-07-07\\\/swiss-business-travel-take-continuously-to\\\/\"},\"wordCount\":544,\"publisher\":{\"@id\":\"https:\\\/\\\/www.organisator.ch\\\/#organization\"},\"image\":{\"@id\":\"https:\\\/\\\/www.organisator.ch\\\/en\\\/general\\\/2022-07-07\\\/swiss-business-travel-take-continuously-to\\\/#primaryimage\"},\"thumbnailUrl\":\"https:\\\/\\\/www.organisator.ch\\\/wp-content\\\/uploads\\\/2022\\\/07\\\/Schweizer-Geschaeftsreisen-nehmen-kontinuierlich-zu_Organisator.jpg\",\"keywords\":[\"Business Travel\",\"Umfrage\"],\"articleSection\":[\"Allgemein\"],\"inLanguage\":\"fr-FR\"},{\"@type\":\"WebPage\",\"@id\":\"https:\\\/\\\/www.organisator.ch\\\/en\\\/general\\\/2022-07-07\\\/swiss-business-travel-take-continuously-to\\\/\",\"url\":\"https:\\\/\\\/www.organisator.ch\\\/en\\\/general\\\/2022-07-07\\\/swiss-business-travel-take-continuously-to\\\/\",\"name\":\"Schweizer Gesch\u00e4ftsreisen nehmen kontinuierlich zu - Organisator\",\"isPartOf\":{\"@id\":\"https:\\\/\\\/www.organisator.ch\\\/#website\"},\"primaryImageOfPage\":{\"@id\":\"https:\\\/\\\/www.organisator.ch\\\/en\\\/general\\\/2022-07-07\\\/swiss-business-travel-take-continuously-to\\\/#primaryimage\"},\"image\":{\"@id\":\"https:\\\/\\\/www.organisator.ch\\\/en\\\/general\\\/2022-07-07\\\/swiss-business-travel-take-continuously-to\\\/#primaryimage\"},\"thumbnailUrl\":\"https:\\\/\\\/www.organisator.ch\\\/wp-content\\\/uploads\\\/2022\\\/07\\\/Schweizer-Geschaeftsreisen-nehmen-kontinuierlich-zu_Organisator.jpg\",\"datePublished\":\"2022-07-07T12:48:18+00:00\",\"description\":\"Schweizer Gesch\u00e4ftsreisen nehmen zu. Es zeigt sich auch ein leichter Trend zu teureren Buchungsklassen sowie einer l\u00e4ngeren Reisedauer.\",\"breadcrumb\":{\"@id\":\"https:\\\/\\\/www.organisator.ch\\\/en\\\/general\\\/2022-07-07\\\/swiss-business-travel-take-continuously-to\\\/#breadcrumb\"},\"inLanguage\":\"fr-FR\",\"potentialAction\":[{\"@type\":\"ReadAction\",\"target\":[\"https:\\\/\\\/www.organisator.ch\\\/en\\\/general\\\/2022-07-07\\\/swiss-business-travel-take-continuously-to\\\/\"]}]},{\"@type\":\"ImageObject\",\"inLanguage\":\"fr-FR\",\"@id\":\"https:\\\/\\\/www.organisator.ch\\\/en\\\/general\\\/2022-07-07\\\/swiss-business-travel-take-continuously-to\\\/#primaryimage\",\"url\":\"https:\\\/\\\/www.organisator.ch\\\/wp-content\\\/uploads\\\/2022\\\/07\\\/Schweizer-Geschaeftsreisen-nehmen-kontinuierlich-zu_Organisator.jpg\",\"contentUrl\":\"https:\\\/\\\/www.organisator.ch\\\/wp-content\\\/uploads\\\/2022\\\/07\\\/Schweizer-Geschaeftsreisen-nehmen-kontinuierlich-zu_Organisator.jpg\",\"width\":680,\"height\":435,\"caption\":\"Schweizer Gesch\u00e4ftsreisen nehmen wieder zu, und nicht nur dies: Unternehmen lassen sich Fliegen etwas kosten. (Bild: Airplus International \\\/ Pixabay.com)\"},{\"@type\":\"BreadcrumbList\",\"@id\":\"https:\\\/\\\/www.organisator.ch\\\/en\\\/general\\\/2022-07-07\\\/swiss-business-travel-take-continuously-to\\\/#breadcrumb\",\"itemListElement\":[{\"@type\":\"ListItem\",\"position\":1,\"name\":\"Home\",\"item\":\"https:\\\/\\\/www.organisator.ch\\\/\"},{\"@type\":\"ListItem\",\"position\":2,\"name\":\"Schweizer Gesch\u00e4ftsreisen nehmen kontinuierlich zu\"}]},{\"@type\":\"WebSite\",\"@id\":\"https:\\\/\\\/www.organisator.ch\\\/#website\",\"url\":\"https:\\\/\\\/www.organisator.ch\\\/\",\"name\":\"Organisator\",\"description\":\"Kompetent. Praxisnah. Der ORGANISATOR bereitet in 10 Ausgaben pro Jahr die wesentlichen Themen f\u00fcr F\u00fchrungskr\u00e4fte von KMU auf.\",\"publisher\":{\"@id\":\"https:\\\/\\\/www.organisator.ch\\\/#organization\"},\"potentialAction\":[{\"@type\":\"SearchAction\",\"target\":{\"@type\":\"EntryPoint\",\"urlTemplate\":\"https:\\\/\\\/www.organisator.ch\\\/?s={search_term_string}\"},\"query-input\":{\"@type\":\"PropertyValueSpecification\",\"valueRequired\":true,\"valueName\":\"search_term_string\"}}],\"inLanguage\":\"fr-FR\"},{\"@type\":\"Organization\",\"@id\":\"https:\\\/\\\/www.organisator.ch\\\/#organization\",\"name\":\"Organisator\",\"url\":\"https:\\\/\\\/www.organisator.ch\\\/\",\"logo\":{\"@type\":\"ImageObject\",\"inLanguage\":\"fr-FR\",\"@id\":\"https:\\\/\\\/www.organisator.ch\\\/#\\\/schema\\\/logo\\\/image\\\/\",\"url\":\"https:\\\/\\\/www.organisator.ch\\\/wp-content\\\/uploads\\\/2022\\\/01\\\/Logo_Organisator_Website.png\",\"contentUrl\":\"https:\\\/\\\/www.organisator.ch\\\/wp-content\\\/uploads\\\/2022\\\/01\\\/Logo_Organisator_Website.png\",\"width\":800,\"height\":77,\"caption\":\"Organisator\"},\"image\":{\"@id\":\"https:\\\/\\\/www.organisator.ch\\\/#\\\/schema\\\/logo\\\/image\\\/\"},\"sameAs\":[\"https:\\\/\\\/www.facebook.com\\\/OrganisatorFachmagazin\",\"https:\\\/\\\/www.linkedin.com\\\/showcase\\\/organisator-das-magazin-fr-kmu\",\"https:\\\/\\\/www.xing.com\\\/news\\\/pages\\\/organisator-ch-695\",\"https:\\\/\\\/www.youtube.com\\\/channel\\\/UCGP2Sq0iWaZwT3BdIAQFYpw\"]},{\"@type\":\"Person\",\"@id\":\"https:\\\/\\\/www.organisator.ch\\\/#\\\/schema\\\/person\\\/6f650f90b2842cd4c0cc334b4e36f67e\",\"name\":\"thomas.berner\",\"image\":{\"@type\":\"ImageObject\",\"inLanguage\":\"fr-FR\",\"@id\":\"https:\\\/\\\/secure.gravatar.com\\\/avatar\\\/ac5001d2a36cb6c6cd3e50789007ffca834b477b74a2144564522e944eabff61?s=96&d=mm&r=g\",\"url\":\"https:\\\/\\\/secure.gravatar.com\\\/avatar\\\/ac5001d2a36cb6c6cd3e50789007ffca834b477b74a2144564522e944eabff61?s=96&d=mm&r=g\",\"contentUrl\":\"https:\\\/\\\/secure.gravatar.com\\\/avatar\\\/ac5001d2a36cb6c6cd3e50789007ffca834b477b74a2144564522e944eabff61?s=96&d=mm&r=g\",\"caption\":\"thomas.berner\"},\"url\":\"https:\\\/\\\/www.organisator.ch\\\/fr\\\/author\\\/thomas-berner\\\/\"}]}<\/script>\n<!-- \/ Yoast SEO plugin. -->","yoast_head_json":{"title":"Les voyages d'affaires en Suisse sont en constante augmentation - Organisateur","description":"Les voyages d'affaires en Suisse sont en augmentation. On constate \u00e9galement une l\u00e9g\u00e8re tendance vers des classes de r\u00e9servation plus ch\u00e8res ainsi qu'une dur\u00e9e de voyage plus longue.","robots":{"index":"index","follow":"follow","max-snippet":"max-snippet:-1","max-image-preview":"max-image-preview:large","max-video-preview":"max-video-preview:-1"},"canonical":"https:\/\/www.organisator.ch\/fr\/general\/2022-07-07\/voyages-entreprises-suisses-prennent-continuellement-vers\/","og_locale":"fr_FR","og_type":"article","og_title":"Schweizer Gesch\u00e4ftsreisen nehmen kontinuierlich zu","og_description":"Schweizer Gesch\u00e4ftsreisen nehmen zu. Es zeigt sich auch ein leichter Trend zu teureren Buchungsklassen sowie einer l\u00e4ngeren Reisedauer.","og_url":"https:\/\/www.organisator.ch\/fr\/general\/2022-07-07\/voyages-entreprises-suisses-prennent-continuellement-vers\/","og_site_name":"Organisator","article_publisher":"https:\/\/www.facebook.com\/OrganisatorFachmagazin","article_published_time":"2022-07-07T12:48:18+00:00","og_image":[{"width":680,"height":435,"url":"https:\/\/www.organisator.ch\/wp-content\/uploads\/2022\/07\/Schweizer-Geschaeftsreisen-nehmen-kontinuierlich-zu_Organisator.jpg","type":"image\/jpeg"}],"author":"thomas.berner","twitter_card":"summary_large_image","twitter_title":"Schweizer #Gesch\u00e4ftsreisen nehmen kontinuierlich zu","twitter_description":"Schweizer #Gesch\u00e4ftsreisen nehmen zu. Es zeigt sich auch ein leichter Trend zu teureren #Buchungsklassen sowie einer l\u00e4ngeren #Reisedauer.","twitter_image":"https:\/\/www.organisator.ch\/wp-content\/uploads\/2022\/07\/Schweizer-Geschaeftsreisen-nehmen-kontinuierlich-zu_Organisator.jpg","schema":{"@context":"https:\/\/schema.org","@graph":[{"@type":"Article","@id":"https:\/\/www.organisator.ch\/en\/general\/2022-07-07\/swiss-business-travel-take-continuously-to\/#article","isPartOf":{"@id":"https:\/\/www.organisator.ch\/en\/general\/2022-07-07\/swiss-business-travel-take-continuously-to\/"},"author":{"name":"thomas.berner","@id":"https:\/\/www.organisator.ch\/#\/schema\/person\/6f650f90b2842cd4c0cc334b4e36f67e"},"headline":"Schweizer Gesch\u00e4ftsreisen nehmen kontinuierlich zu","datePublished":"2022-07-07T12:48:18+00:00","mainEntityOfPage":{"@id":"https:\/\/www.organisator.ch\/en\/general\/2022-07-07\/swiss-business-travel-take-continuously-to\/"},"wordCount":544,"publisher":{"@id":"https:\/\/www.organisator.ch\/#organization"},"image":{"@id":"https:\/\/www.organisator.ch\/en\/general\/2022-07-07\/swiss-business-travel-take-continuously-to\/#primaryimage"},"thumbnailUrl":"https:\/\/www.organisator.ch\/wp-content\/uploads\/2022\/07\/Schweizer-Geschaeftsreisen-nehmen-kontinuierlich-zu_Organisator.jpg","keywords":["Business Travel","Umfrage"],"articleSection":["Allgemein"],"inLanguage":"fr-FR"},{"@type":"WebPage","@id":"https:\/\/www.organisator.ch\/en\/general\/2022-07-07\/swiss-business-travel-take-continuously-to\/","url":"https:\/\/www.organisator.ch\/en\/general\/2022-07-07\/swiss-business-travel-take-continuously-to\/","name":"Les voyages d'affaires en Suisse sont en constante augmentation - Organisateur","isPartOf":{"@id":"https:\/\/www.organisator.ch\/#website"},"primaryImageOfPage":{"@id":"https:\/\/www.organisator.ch\/en\/general\/2022-07-07\/swiss-business-travel-take-continuously-to\/#primaryimage"},"image":{"@id":"https:\/\/www.organisator.ch\/en\/general\/2022-07-07\/swiss-business-travel-take-continuously-to\/#primaryimage"},"thumbnailUrl":"https:\/\/www.organisator.ch\/wp-content\/uploads\/2022\/07\/Schweizer-Geschaeftsreisen-nehmen-kontinuierlich-zu_Organisator.jpg","datePublished":"2022-07-07T12:48:18+00:00","description":"Les voyages d'affaires en Suisse sont en augmentation. On constate \u00e9galement une l\u00e9g\u00e8re tendance vers des classes de r\u00e9servation plus ch\u00e8res ainsi qu'une dur\u00e9e de voyage plus longue.","breadcrumb":{"@id":"https:\/\/www.organisator.ch\/en\/general\/2022-07-07\/swiss-business-travel-take-continuously-to\/#breadcrumb"},"inLanguage":"fr-FR","potentialAction":[{"@type":"ReadAction","target":["https:\/\/www.organisator.ch\/en\/general\/2022-07-07\/swiss-business-travel-take-continuously-to\/"]}]},{"@type":"ImageObject","inLanguage":"fr-FR","@id":"https:\/\/www.organisator.ch\/en\/general\/2022-07-07\/swiss-business-travel-take-continuously-to\/#primaryimage","url":"https:\/\/www.organisator.ch\/wp-content\/uploads\/2022\/07\/Schweizer-Geschaeftsreisen-nehmen-kontinuierlich-zu_Organisator.jpg","contentUrl":"https:\/\/www.organisator.ch\/wp-content\/uploads\/2022\/07\/Schweizer-Geschaeftsreisen-nehmen-kontinuierlich-zu_Organisator.jpg","width":680,"height":435,"caption":"Schweizer Gesch\u00e4ftsreisen nehmen wieder zu, und nicht nur dies: Unternehmen lassen sich Fliegen etwas kosten. (Bild: Airplus International \/ Pixabay.com)"},{"@type":"BreadcrumbList","@id":"https:\/\/www.organisator.ch\/en\/general\/2022-07-07\/swiss-business-travel-take-continuously-to\/#breadcrumb","itemListElement":[{"@type":"ListItem","position":1,"name":"Home","item":"https:\/\/www.organisator.ch\/"},{"@type":"ListItem","position":2,"name":"Schweizer Gesch\u00e4ftsreisen nehmen kontinuierlich zu"}]},{"@type":"WebSite","@id":"https:\/\/www.organisator.ch\/#website","url":"https:\/\/www.organisator.ch\/","name":"Organisateur","description":"Comp\u00e9tence et comp\u00e9tence. Proches de la pratique. L'ORGANISATEUR pr\u00e9pare 10 num\u00e9ros par an sur les th\u00e8mes essentiels pour les dirigeants de PME.","publisher":{"@id":"https:\/\/www.organisator.ch\/#organization"},"potentialAction":[{"@type":"SearchAction","target":{"@type":"EntryPoint","urlTemplate":"https:\/\/www.organisator.ch\/?s={search_term_string}"},"query-input":{"@type":"PropertyValueSpecification","valueRequired":true,"valueName":"search_term_string"}}],"inLanguage":"fr-FR"},{"@type":"Organization","@id":"https:\/\/www.organisator.ch\/#organization","name":"Organisateur","url":"https:\/\/www.organisator.ch\/","logo":{"@type":"ImageObject","inLanguage":"fr-FR","@id":"https:\/\/www.organisator.ch\/#\/schema\/logo\/image\/","url":"https:\/\/www.organisator.ch\/wp-content\/uploads\/2022\/01\/Logo_Organisator_Website.png","contentUrl":"https:\/\/www.organisator.ch\/wp-content\/uploads\/2022\/01\/Logo_Organisator_Website.png","width":800,"height":77,"caption":"Organisator"},"image":{"@id":"https:\/\/www.organisator.ch\/#\/schema\/logo\/image\/"},"sameAs":["https:\/\/www.facebook.com\/OrganisatorFachmagazin","https:\/\/www.linkedin.com\/showcase\/organisator-das-magazin-fr-kmu","https:\/\/www.xing.com\/news\/pages\/organisator-ch-695","https:\/\/www.youtube.com\/channel\/UCGP2Sq0iWaZwT3BdIAQFYpw"]},{"@type":"Person","@id":"https:\/\/www.organisator.ch\/#\/schema\/person\/6f650f90b2842cd4c0cc334b4e36f67e","name":"thomas.berner","image":{"@type":"ImageObject","inLanguage":"fr-FR","@id":"https:\/\/secure.gravatar.com\/avatar\/ac5001d2a36cb6c6cd3e50789007ffca834b477b74a2144564522e944eabff61?s=96&d=mm&r=g","url":"https:\/\/secure.gravatar.com\/avatar\/ac5001d2a36cb6c6cd3e50789007ffca834b477b74a2144564522e944eabff61?s=96&d=mm&r=g","contentUrl":"https:\/\/secure.gravatar.com\/avatar\/ac5001d2a36cb6c6cd3e50789007ffca834b477b74a2144564522e944eabff61?s=96&d=mm&r=g","caption":"thomas.berner"},"url":"https:\/\/www.organisator.ch\/fr\/author\/thomas-berner\/"}]}},"_links":{"self":[{"href":"https:\/\/www.organisator.ch\/fr\/wp-json\/wp\/v2\/posts\/15593","targetHints":{"allow":["GET"]}}],"collection":[{"href":"https:\/\/www.organisator.ch\/fr\/wp-json\/wp\/v2\/posts"}],"about":[{"href":"https:\/\/www.organisator.ch\/fr\/wp-json\/wp\/v2\/types\/post"}],"author":[{"embeddable":true,"href":"https:\/\/www.organisator.ch\/fr\/wp-json\/wp\/v2\/users\/4"}],"replies":[{"embeddable":true,"href":"https:\/\/www.organisator.ch\/fr\/wp-json\/wp\/v2\/comments?post=15593"}],"version-history":[{"count":1,"href":"https:\/\/www.organisator.ch\/fr\/wp-json\/wp\/v2\/posts\/15593\/revisions"}],"predecessor-version":[{"id":15596,"href":"https:\/\/www.organisator.ch\/fr\/wp-json\/wp\/v2\/posts\/15593\/revisions\/15596"}],"wp:featuredmedia":[{"embeddable":true,"href":"https:\/\/www.organisator.ch\/fr\/wp-json\/wp\/v2\/media\/15594"}],"wp:attachment":[{"href":"https:\/\/www.organisator.ch\/fr\/wp-json\/wp\/v2\/media?parent=15593"}],"wp:term":[{"taxonomy":"category","embeddable":true,"href":"https:\/\/www.organisator.ch\/fr\/wp-json\/wp\/v2\/categories?post=15593"},{"taxonomy":"post_tag","embeddable":true,"href":"https:\/\/www.organisator.ch\/fr\/wp-json\/wp\/v2\/tags?post=15593"}],"curies":[{"name":"wp","href":"https:\/\/api.w.org\/{rel}","templated":true}]}}