{"id":15601,"date":"2022-07-07T14:35:26","date_gmt":"2022-07-07T12:35:26","guid":{"rendered":"https:\/\/www.m-q.ch\/?p=16600"},"modified":"2022-07-21T12:35:53","modified_gmt":"2022-07-21T10:35:53","slug":"lindenhofgruppe-verringert-woechentliche-arbeitszeit-auf-weniger-als-40-stunden-in-der-pflege","status":"publish","type":"post","link":"https:\/\/www.organisator.ch\/fr\/operational-excellence\/2022-07-07\/lindenhofgruppe-verringert-woechentliche-arbeitszeit-auf-weniger-als-40-stunden-in-der-pflege\/","title":{"rendered":"Le groupe Lindenhof r\u00e9duit le temps de travail hebdomadaire \u00e0 moins de 40 heures dans les soins infirmiers"},"content":{"rendered":"<figure id=\"attachment_16601\" class=\"wp-caption alignnone\" style=\"width: 680px\" aria-describedby=\"caption-attachment-16601\"><img class=\"alignnone wp-image-16601 size-full\" src=\"https:\/\/www.m-q.ch\/wp-content\/uploads\/2022\/07\/Lindenhofgruppe-verringert-woechentliche-Arbeitszeit-auf-weniger-als-40-Stunden-in-der-Pflege_MQ.jpg\" alt=\"Groupe Lindenhof\" width=\"680\" height=\"453\" \/><figcaption id=\"caption-attachment-16601\" class=\"wp-caption-text\">Site du Lindenhof, groupe Lindenhof, Berne. (Image : obs\/Lindenhofgruppe)<\/figcaption><\/figure>\r\nLe groupe Lindenhof est l'un des principaux h\u00f4pitaux priv\u00e9s du pays. Ses trois h\u00f4pitaux accueillent chaque ann\u00e9e plus de 140'000 patients, dont environ 27'000 en hospitalisation. Outre des soins de base interdisciplinaires complets, le groupe hospitalier propose un \u00e9ventail de m\u00e9decine sp\u00e9cialis\u00e9e et hautement sp\u00e9cialis\u00e9e. Les points forts de l'offre de prestations sont l'orthop\u00e9die, la m\u00e9decine interne, la chirurgie visc\u00e9rale, la gyn\u00e9cologie, l'urologie, la neurochirurgie, la cardiologie, l'angiologie\/la chirurgie vasculaire, l'oncologie, l'ORL, la radiologie, la radioth\u00e9rapie, la n\u00e9phrologie et la m\u00e9decine d'urgence. Le groupe emploie environ 2 500 personnes. \"Dans le canton de Berne, nous sommes le leader en mati\u00e8re de qualit\u00e9 de la m\u00e9decine et des soins\", explique Guido Speck, CEO du groupe Lindenhof. \"Une position qui implique des responsabilit\u00e9s - \u00e9galement vis-\u00e0-vis des collaborateurs\".\r\n\r\nLa charge de travail des collaborateurs des soins a \u00e9galement augment\u00e9 au sein du groupe Lindenhof. \"Malgr\u00e9 la situation globale exigeante, nous avons donc d\u00e9cid\u00e9 d'apporter une nouvelle contribution substantielle \u00e0 l'am\u00e9lioration des conditions de travail dans les soins\", explique Guido Speck. Un vaste ensemble de mesures doit maintenant souligner la pr\u00e9tention du groupe Lindenhof \u00e0 la direction en tant qu'employeur progressiste et attrayant. Il doit en outre confirmer l'importance accord\u00e9e \u00e0 la sant\u00e9 et au bien-\u00eatre des collaborateurs au sein du groupe Lindenhof.\r\n\r\nConcr\u00e8tement, cela signifie qu'en plus de l'augmentation de salaire accord\u00e9e \u00e0 tous les collaborateurs le 1er avril 2022, les collaborateurs du secteur des soins recevront des indemnit\u00e9s dont le montant total correspond \u00e0 une r\u00e9duction du temps de travail hebdomadaire \u00e0 moins de 40 heures - pour le m\u00eame salaire. Outre l'augmentation du cr\u00e9dit-temps pour les services de nuit, qui passe de 20 % \u00e0 30 %, les infirmiers travaillant en 3x8 24 heures sur 24 b\u00e9n\u00e9ficient de 7 jours de vacances suppl\u00e9mentaires. Les collaborateurs peuvent en outre d\u00e9cider eux-m\u00eames s'ils souhaitent des jours de cong\u00e9, prendre des vacances ou travailler moins d'heures par semaine. Une \u00e9norme am\u00e9lioration qui apporte plus de flexibilit\u00e9 et une meilleure qualit\u00e9 de vie.\r\n\r\nPour continuer \u00e0 soulager le personnel existant, le groupe Lindenhof lance une campagne cibl\u00e9e pour recruter de nouveaux professionnels qualifi\u00e9s. Elle vise \u00e0 enthousiasmer les jeunes pour le m\u00e9tier de soignant et \u00e0 continuer \u00e0 d\u00e9charger les collaborateurs existants. \"Votre sant\u00e9 est notre vocation - votre bien-\u00eatre notre devoir. Telle est la devise de notre travail quotidien. Une devise qui englobe \u00e9galement nos collaborateurs\", ajoute Raul Gutierrez, responsable HRM. \"Nous nous engageons en permanence \u00e0 \u00eatre et \u00e0 rester le premier choix de nos collaborateurs. Par gratitude et en signe d'appr\u00e9ciation de leurs prestations\".\r\n\r\n<a href=\"http:\/\/www.lindenhofgruppe.ch\/\"><em>Source et informations compl\u00e9mentaires<\/em><\/a>\n<p class=\"syndicated-attribution\">Cet article est paru initialement sur m-q.ch - <a href=\"https:\/\/www.m-q.ch\/de\/lindenhofgruppe-verringert-woechentliche-arbeitszeit-auf-weniger-als-40-stunden-in-der-pflege\/\" target=\"_blank\">https:\/\/www.m-q.ch\/de\/lindenhofgruppe-verringert-woechentliche-arbeitszeit-auf-weniger-als-40-stunden-in-der-pflege\/<\/a><\/p>","protected":false},"excerpt":{"rendered":"<p>Die Lindenhofgruppe z\u00e4hlt landesweit zu den f\u00fchrenden Listenspit\u00e4lern mit privater Tr\u00e4gerschaft. In ihren drei Spit\u00e4lern werden j\u00e4hrlich \u00fcber 140\u2019000 Patientinnen und Patienten, davon rund 27\u2019000 station\u00e4r versorgt. Die Spitalgruppe bietet neben einer umfassenden interdisziplin\u00e4ren Grundversorgung ein Spektrum der spezialisierten und hochspezialisierten Medizin an. Schwerpunkte des Leistungsangebots bilden die Orthop\u00e4die, Innere Medizin, Viszeralchirurgie, Frauenmedizin, Urologie, Neurochirurgie, [\u2026]<\/p>\n","protected":false},"author":8,"featured_media":0,"comment_status":"closed","ping_status":"closed","sticky":false,"template":"","format":"standard","meta":{"_acf_changed":false,"_yoast_wpseo_focuskw":"Lindenhofgrupp","_yoast_wpseo_metadesc":"Die Pandemie hat den herrschenden Mangel an Fachpersonen, insbesondere in der Pflege, weiter versch\u00e4rft.","articlekey":"","footnotes":""},"categories":[582],"tags":[3023,3051],"class_list":["post-15601","post","type-post","status-publish","format-standard","hentry","category-operational-excellence","tag-arbeitsbedingungen","tag-lindenhofgrupp"],"acf":[],"yoast_head":"<!-- This site is optimized with the Yoast SEO plugin v27.5 - https:\/\/yoast.com\/product\/yoast-seo-wordpress\/ -->\n<title>Lindenhofgruppe verringert w\u00f6chentliche Arbeitszeit auf weniger als 40 Stunden in der Pflege - Organisator<\/title>\n<meta name=\"description\" content=\"Die Pandemie hat den herrschenden Mangel an Fachpersonen, insbesondere in der Pflege, weiter versch\u00e4rft.\" \/>\n<meta name=\"robots\" content=\"index, follow, max-snippet:-1, max-image-preview:large, max-video-preview:-1\" \/>\n<link rel=\"canonical\" href=\"https:\/\/www.m-q.ch\/de\/lindenhofgruppe-verringert-woechentliche-arbeitszeit-auf-weniger-als-40-stunden-in-der-pflege\/\" \/>\n<meta property=\"og:locale\" content=\"fr_FR\" \/>\n<meta property=\"og:type\" content=\"article\" \/>\n<meta property=\"og:title\" content=\"Lindenhofgruppe verringert w\u00f6chentliche Arbeitszeit auf weniger als 40 Stunden in der Pflege - Organisator\" \/>\n<meta property=\"og:description\" content=\"Die Pandemie hat den herrschenden Mangel an Fachpersonen, insbesondere in der Pflege, weiter versch\u00e4rft.\" \/>\n<meta property=\"og:url\" content=\"https:\/\/www.m-q.ch\/de\/lindenhofgruppe-verringert-woechentliche-arbeitszeit-auf-weniger-als-40-stunden-in-der-pflege\/\" \/>\n<meta property=\"og:site_name\" content=\"Organisator\" \/>\n<meta property=\"article:publisher\" content=\"https:\/\/www.facebook.com\/OrganisatorFachmagazin\" \/>\n<meta property=\"article:published_time\" content=\"2022-07-07T12:35:26+00:00\" \/>\n<meta property=\"article:modified_time\" content=\"2022-07-21T10:35:53+00:00\" \/>\n<meta property=\"og:image\" content=\"https:\/\/www.m-q.ch\/wp-content\/uploads\/2022\/07\/Lindenhofgruppe-verringert-woechentliche-Arbeitszeit-auf-weniger-als-40-Stunden-in-der-Pflege_MQ.jpg\" \/>\n<meta name=\"author\" content=\"galledia\" \/>\n<meta name=\"twitter:card\" content=\"summary_large_image\" \/>\n<meta name=\"twitter:creator\" content=\"@admin\" \/>\n<script type=\"application\/ld+json\" class=\"yoast-schema-graph\">{\"@context\":\"https:\\\/\\\/schema.org\",\"@graph\":[{\"@type\":\"Article\",\"@id\":\"https:\\\/\\\/www.m-q.ch\\\/de\\\/lindenhofgruppe-verringert-woechentliche-arbeitszeit-auf-weniger-als-40-stunden-in-der-pflege\\\/#article\",\"isPartOf\":{\"@id\":\"https:\\\/\\\/www.organisator.ch\\\/operational-excellence\\\/2022-07-07\\\/lindenhofgruppe-verringert-woechentliche-arbeitszeit-auf-weniger-als-40-stunden-in-der-pflege\\\/\"},\"author\":{\"name\":\"galledia\",\"@id\":\"https:\\\/\\\/www.organisator.ch\\\/#\\\/schema\\\/person\\\/4e51799071cd2dd1232ac003643ef5f0\"},\"headline\":\"Lindenhofgruppe verringert w\u00f6chentliche Arbeitszeit auf weniger als 40 Stunden in der Pflege\",\"datePublished\":\"2022-07-07T12:35:26+00:00\",\"dateModified\":\"2022-07-21T10:35:53+00:00\",\"mainEntityOfPage\":{\"@id\":\"https:\\\/\\\/www.organisator.ch\\\/operational-excellence\\\/2022-07-07\\\/lindenhofgruppe-verringert-woechentliche-arbeitszeit-auf-weniger-als-40-stunden-in-der-pflege\\\/\"},\"wordCount\":392,\"publisher\":{\"@id\":\"https:\\\/\\\/www.organisator.ch\\\/#organization\"},\"image\":{\"@id\":\"https:\\\/\\\/www.m-q.ch\\\/de\\\/lindenhofgruppe-verringert-woechentliche-arbeitszeit-auf-weniger-als-40-stunden-in-der-pflege\\\/#primaryimage\"},\"thumbnailUrl\":\"https:\\\/\\\/www.m-q.ch\\\/wp-content\\\/uploads\\\/2022\\\/07\\\/Lindenhofgruppe-verringert-woechentliche-Arbeitszeit-auf-weniger-als-40-Stunden-in-der-Pflege_MQ.jpg\",\"keywords\":[\"Arbeitsbedingungen\",\"Lindenhofgrupp\"],\"articleSection\":[\"OPERATIONAL EXCELLENCE\"],\"inLanguage\":\"fr-FR\"},{\"@type\":\"WebPage\",\"@id\":\"https:\\\/\\\/www.organisator.ch\\\/operational-excellence\\\/2022-07-07\\\/lindenhofgruppe-verringert-woechentliche-arbeitszeit-auf-weniger-als-40-stunden-in-der-pflege\\\/\",\"url\":\"https:\\\/\\\/www.m-q.ch\\\/de\\\/lindenhofgruppe-verringert-woechentliche-arbeitszeit-auf-weniger-als-40-stunden-in-der-pflege\\\/\",\"name\":\"Lindenhofgruppe verringert w\u00f6chentliche Arbeitszeit auf weniger als 40 Stunden in der Pflege - Organisator\",\"isPartOf\":{\"@id\":\"https:\\\/\\\/www.organisator.ch\\\/#website\"},\"primaryImageOfPage\":{\"@id\":\"https:\\\/\\\/www.m-q.ch\\\/de\\\/lindenhofgruppe-verringert-woechentliche-arbeitszeit-auf-weniger-als-40-stunden-in-der-pflege\\\/#primaryimage\"},\"image\":{\"@id\":\"https:\\\/\\\/www.m-q.ch\\\/de\\\/lindenhofgruppe-verringert-woechentliche-arbeitszeit-auf-weniger-als-40-stunden-in-der-pflege\\\/#primaryimage\"},\"thumbnailUrl\":\"https:\\\/\\\/www.m-q.ch\\\/wp-content\\\/uploads\\\/2022\\\/07\\\/Lindenhofgruppe-verringert-woechentliche-Arbeitszeit-auf-weniger-als-40-Stunden-in-der-Pflege_MQ.jpg\",\"datePublished\":\"2022-07-07T12:35:26+00:00\",\"dateModified\":\"2022-07-21T10:35:53+00:00\",\"description\":\"Die Pandemie hat den herrschenden Mangel an Fachpersonen, insbesondere in der Pflege, weiter versch\u00e4rft.\",\"breadcrumb\":{\"@id\":\"https:\\\/\\\/www.m-q.ch\\\/de\\\/lindenhofgruppe-verringert-woechentliche-arbeitszeit-auf-weniger-als-40-stunden-in-der-pflege\\\/#breadcrumb\"},\"inLanguage\":\"fr-FR\",\"potentialAction\":[{\"@type\":\"ReadAction\",\"target\":[\"https:\\\/\\\/www.m-q.ch\\\/de\\\/lindenhofgruppe-verringert-woechentliche-arbeitszeit-auf-weniger-als-40-stunden-in-der-pflege\\\/\"]}]},{\"@type\":\"ImageObject\",\"inLanguage\":\"fr-FR\",\"@id\":\"https:\\\/\\\/www.m-q.ch\\\/de\\\/lindenhofgruppe-verringert-woechentliche-arbeitszeit-auf-weniger-als-40-stunden-in-der-pflege\\\/#primaryimage\",\"url\":\"https:\\\/\\\/www.m-q.ch\\\/wp-content\\\/uploads\\\/2022\\\/07\\\/Lindenhofgruppe-verringert-woechentliche-Arbeitszeit-auf-weniger-als-40-Stunden-in-der-Pflege_MQ.jpg\",\"contentUrl\":\"https:\\\/\\\/www.m-q.ch\\\/wp-content\\\/uploads\\\/2022\\\/07\\\/Lindenhofgruppe-verringert-woechentliche-Arbeitszeit-auf-weniger-als-40-Stunden-in-der-Pflege_MQ.jpg\"},{\"@type\":\"BreadcrumbList\",\"@id\":\"https:\\\/\\\/www.m-q.ch\\\/de\\\/lindenhofgruppe-verringert-woechentliche-arbeitszeit-auf-weniger-als-40-stunden-in-der-pflege\\\/#breadcrumb\",\"itemListElement\":[{\"@type\":\"ListItem\",\"position\":1,\"name\":\"Home\",\"item\":\"https:\\\/\\\/www.organisator.ch\\\/\"},{\"@type\":\"ListItem\",\"position\":2,\"name\":\"Lindenhofgruppe verringert w\u00f6chentliche Arbeitszeit auf weniger als 40 Stunden in der Pflege\"}]},{\"@type\":\"WebSite\",\"@id\":\"https:\\\/\\\/www.organisator.ch\\\/#website\",\"url\":\"https:\\\/\\\/www.organisator.ch\\\/\",\"name\":\"Organisator\",\"description\":\"Kompetent. Praxisnah. Der ORGANISATOR bereitet in 10 Ausgaben pro Jahr die wesentlichen Themen f\u00fcr F\u00fchrungskr\u00e4fte von KMU auf.\",\"publisher\":{\"@id\":\"https:\\\/\\\/www.organisator.ch\\\/#organization\"},\"potentialAction\":[{\"@type\":\"SearchAction\",\"target\":{\"@type\":\"EntryPoint\",\"urlTemplate\":\"https:\\\/\\\/www.organisator.ch\\\/?s={search_term_string}\"},\"query-input\":{\"@type\":\"PropertyValueSpecification\",\"valueRequired\":true,\"valueName\":\"search_term_string\"}}],\"inLanguage\":\"fr-FR\"},{\"@type\":\"Organization\",\"@id\":\"https:\\\/\\\/www.organisator.ch\\\/#organization\",\"name\":\"Organisator\",\"url\":\"https:\\\/\\\/www.organisator.ch\\\/\",\"logo\":{\"@type\":\"ImageObject\",\"inLanguage\":\"fr-FR\",\"@id\":\"https:\\\/\\\/www.organisator.ch\\\/#\\\/schema\\\/logo\\\/image\\\/\",\"url\":\"https:\\\/\\\/www.organisator.ch\\\/wp-content\\\/uploads\\\/2022\\\/01\\\/Logo_Organisator_Website.png\",\"contentUrl\":\"https:\\\/\\\/www.organisator.ch\\\/wp-content\\\/uploads\\\/2022\\\/01\\\/Logo_Organisator_Website.png\",\"width\":800,\"height\":77,\"caption\":\"Organisator\"},\"image\":{\"@id\":\"https:\\\/\\\/www.organisator.ch\\\/#\\\/schema\\\/logo\\\/image\\\/\"},\"sameAs\":[\"https:\\\/\\\/www.facebook.com\\\/OrganisatorFachmagazin\",\"https:\\\/\\\/www.linkedin.com\\\/showcase\\\/organisator-das-magazin-fr-kmu\",\"https:\\\/\\\/www.xing.com\\\/news\\\/pages\\\/organisator-ch-695\",\"https:\\\/\\\/www.youtube.com\\\/channel\\\/UCGP2Sq0iWaZwT3BdIAQFYpw\"]},{\"@type\":\"Person\",\"@id\":\"https:\\\/\\\/www.organisator.ch\\\/#\\\/schema\\\/person\\\/4e51799071cd2dd1232ac003643ef5f0\",\"name\":\"galledia\",\"image\":{\"@type\":\"ImageObject\",\"inLanguage\":\"fr-FR\",\"@id\":\"https:\\\/\\\/secure.gravatar.com\\\/avatar\\\/78a7f90c01fc2bfc875782a0d4922b37cde2cf184ce347b91316d23cd7f69a36?s=96&d=mm&r=g\",\"url\":\"https:\\\/\\\/secure.gravatar.com\\\/avatar\\\/78a7f90c01fc2bfc875782a0d4922b37cde2cf184ce347b91316d23cd7f69a36?s=96&d=mm&r=g\",\"contentUrl\":\"https:\\\/\\\/secure.gravatar.com\\\/avatar\\\/78a7f90c01fc2bfc875782a0d4922b37cde2cf184ce347b91316d23cd7f69a36?s=96&d=mm&r=g\",\"caption\":\"galledia\"},\"sameAs\":[\"https:\\\/\\\/x.com\\\/admin\"],\"url\":\"https:\\\/\\\/www.organisator.ch\\\/fr\\\/author\\\/galledia\\\/\"}]}<\/script>\n<!-- \/ Yoast SEO plugin. -->","yoast_head_json":{"title":"Le groupe Lindenhof r\u00e9duit le temps de travail hebdomadaire \u00e0 moins de 40 heures dans les soins - Organisateur","description":"La pand\u00e9mie a encore aggrav\u00e9 la p\u00e9nurie actuelle de professionnels, notamment dans le domaine des soins.","robots":{"index":"index","follow":"follow","max-snippet":"max-snippet:-1","max-image-preview":"max-image-preview:large","max-video-preview":"max-video-preview:-1"},"canonical":"https:\/\/www.m-q.ch\/de\/lindenhofgruppe-verringert-woechentliche-arbeitszeit-auf-weniger-als-40-stunden-in-der-pflege\/","og_locale":"fr_FR","og_type":"article","og_title":"Lindenhofgruppe verringert w\u00f6chentliche Arbeitszeit auf weniger als 40 Stunden in der Pflege - Organisator","og_description":"Die Pandemie hat den herrschenden Mangel an Fachpersonen, insbesondere in der Pflege, weiter versch\u00e4rft.","og_url":"https:\/\/www.m-q.ch\/de\/lindenhofgruppe-verringert-woechentliche-arbeitszeit-auf-weniger-als-40-stunden-in-der-pflege\/","og_site_name":"Organisator","article_publisher":"https:\/\/www.facebook.com\/OrganisatorFachmagazin","article_published_time":"2022-07-07T12:35:26+00:00","article_modified_time":"2022-07-21T10:35:53+00:00","og_image":[{"url":"https:\/\/www.m-q.ch\/wp-content\/uploads\/2022\/07\/Lindenhofgruppe-verringert-woechentliche-Arbeitszeit-auf-weniger-als-40-Stunden-in-der-Pflege_MQ.jpg","type":"","width":"","height":""}],"author":"galledia","twitter_card":"summary_large_image","twitter_creator":"@admin","schema":{"@context":"https:\/\/schema.org","@graph":[{"@type":"Article","@id":"https:\/\/www.m-q.ch\/de\/lindenhofgruppe-verringert-woechentliche-arbeitszeit-auf-weniger-als-40-stunden-in-der-pflege\/#article","isPartOf":{"@id":"https:\/\/www.organisator.ch\/operational-excellence\/2022-07-07\/lindenhofgruppe-verringert-woechentliche-arbeitszeit-auf-weniger-als-40-stunden-in-der-pflege\/"},"author":{"name":"galledia","@id":"https:\/\/www.organisator.ch\/#\/schema\/person\/4e51799071cd2dd1232ac003643ef5f0"},"headline":"Lindenhofgruppe verringert w\u00f6chentliche Arbeitszeit auf weniger als 40 Stunden in der Pflege","datePublished":"2022-07-07T12:35:26+00:00","dateModified":"2022-07-21T10:35:53+00:00","mainEntityOfPage":{"@id":"https:\/\/www.organisator.ch\/operational-excellence\/2022-07-07\/lindenhofgruppe-verringert-woechentliche-arbeitszeit-auf-weniger-als-40-stunden-in-der-pflege\/"},"wordCount":392,"publisher":{"@id":"https:\/\/www.organisator.ch\/#organization"},"image":{"@id":"https:\/\/www.m-q.ch\/de\/lindenhofgruppe-verringert-woechentliche-arbeitszeit-auf-weniger-als-40-stunden-in-der-pflege\/#primaryimage"},"thumbnailUrl":"https:\/\/www.m-q.ch\/wp-content\/uploads\/2022\/07\/Lindenhofgruppe-verringert-woechentliche-Arbeitszeit-auf-weniger-als-40-Stunden-in-der-Pflege_MQ.jpg","keywords":["Arbeitsbedingungen","Lindenhofgrupp"],"articleSection":["OPERATIONAL EXCELLENCE"],"inLanguage":"fr-FR"},{"@type":"WebPage","@id":"https:\/\/www.organisator.ch\/operational-excellence\/2022-07-07\/lindenhofgruppe-verringert-woechentliche-arbeitszeit-auf-weniger-als-40-stunden-in-der-pflege\/","url":"https:\/\/www.m-q.ch\/de\/lindenhofgruppe-verringert-woechentliche-arbeitszeit-auf-weniger-als-40-stunden-in-der-pflege\/","name":"Le groupe Lindenhof r\u00e9duit le temps de travail hebdomadaire \u00e0 moins de 40 heures dans les soins - Organisateur","isPartOf":{"@id":"https:\/\/www.organisator.ch\/#website"},"primaryImageOfPage":{"@id":"https:\/\/www.m-q.ch\/de\/lindenhofgruppe-verringert-woechentliche-arbeitszeit-auf-weniger-als-40-stunden-in-der-pflege\/#primaryimage"},"image":{"@id":"https:\/\/www.m-q.ch\/de\/lindenhofgruppe-verringert-woechentliche-arbeitszeit-auf-weniger-als-40-stunden-in-der-pflege\/#primaryimage"},"thumbnailUrl":"https:\/\/www.m-q.ch\/wp-content\/uploads\/2022\/07\/Lindenhofgruppe-verringert-woechentliche-Arbeitszeit-auf-weniger-als-40-Stunden-in-der-Pflege_MQ.jpg","datePublished":"2022-07-07T12:35:26+00:00","dateModified":"2022-07-21T10:35:53+00:00","description":"La pand\u00e9mie a encore aggrav\u00e9 la p\u00e9nurie actuelle de professionnels, notamment dans le domaine des soins.","breadcrumb":{"@id":"https:\/\/www.m-q.ch\/de\/lindenhofgruppe-verringert-woechentliche-arbeitszeit-auf-weniger-als-40-stunden-in-der-pflege\/#breadcrumb"},"inLanguage":"fr-FR","potentialAction":[{"@type":"ReadAction","target":["https:\/\/www.m-q.ch\/de\/lindenhofgruppe-verringert-woechentliche-arbeitszeit-auf-weniger-als-40-stunden-in-der-pflege\/"]}]},{"@type":"ImageObject","inLanguage":"fr-FR","@id":"https:\/\/www.m-q.ch\/de\/lindenhofgruppe-verringert-woechentliche-arbeitszeit-auf-weniger-als-40-stunden-in-der-pflege\/#primaryimage","url":"https:\/\/www.m-q.ch\/wp-content\/uploads\/2022\/07\/Lindenhofgruppe-verringert-woechentliche-Arbeitszeit-auf-weniger-als-40-Stunden-in-der-Pflege_MQ.jpg","contentUrl":"https:\/\/www.m-q.ch\/wp-content\/uploads\/2022\/07\/Lindenhofgruppe-verringert-woechentliche-Arbeitszeit-auf-weniger-als-40-Stunden-in-der-Pflege_MQ.jpg"},{"@type":"BreadcrumbList","@id":"https:\/\/www.m-q.ch\/de\/lindenhofgruppe-verringert-woechentliche-arbeitszeit-auf-weniger-als-40-stunden-in-der-pflege\/#breadcrumb","itemListElement":[{"@type":"ListItem","position":1,"name":"Home","item":"https:\/\/www.organisator.ch\/"},{"@type":"ListItem","position":2,"name":"Lindenhofgruppe verringert w\u00f6chentliche Arbeitszeit auf weniger als 40 Stunden in der Pflege"}]},{"@type":"WebSite","@id":"https:\/\/www.organisator.ch\/#website","url":"https:\/\/www.organisator.ch\/","name":"Organisateur","description":"Comp\u00e9tence et comp\u00e9tence. Proches de la pratique. L'ORGANISATEUR pr\u00e9pare 10 num\u00e9ros par an sur les th\u00e8mes essentiels pour les dirigeants de PME.","publisher":{"@id":"https:\/\/www.organisator.ch\/#organization"},"potentialAction":[{"@type":"SearchAction","target":{"@type":"EntryPoint","urlTemplate":"https:\/\/www.organisator.ch\/?s={search_term_string}"},"query-input":{"@type":"PropertyValueSpecification","valueRequired":true,"valueName":"search_term_string"}}],"inLanguage":"fr-FR"},{"@type":"Organization","@id":"https:\/\/www.organisator.ch\/#organization","name":"Organisateur","url":"https:\/\/www.organisator.ch\/","logo":{"@type":"ImageObject","inLanguage":"fr-FR","@id":"https:\/\/www.organisator.ch\/#\/schema\/logo\/image\/","url":"https:\/\/www.organisator.ch\/wp-content\/uploads\/2022\/01\/Logo_Organisator_Website.png","contentUrl":"https:\/\/www.organisator.ch\/wp-content\/uploads\/2022\/01\/Logo_Organisator_Website.png","width":800,"height":77,"caption":"Organisator"},"image":{"@id":"https:\/\/www.organisator.ch\/#\/schema\/logo\/image\/"},"sameAs":["https:\/\/www.facebook.com\/OrganisatorFachmagazin","https:\/\/www.linkedin.com\/showcase\/organisator-das-magazin-fr-kmu","https:\/\/www.xing.com\/news\/pages\/organisator-ch-695","https:\/\/www.youtube.com\/channel\/UCGP2Sq0iWaZwT3BdIAQFYpw"]},{"@type":"Person","@id":"https:\/\/www.organisator.ch\/#\/schema\/person\/4e51799071cd2dd1232ac003643ef5f0","name":"galledia","image":{"@type":"ImageObject","inLanguage":"fr-FR","@id":"https:\/\/secure.gravatar.com\/avatar\/78a7f90c01fc2bfc875782a0d4922b37cde2cf184ce347b91316d23cd7f69a36?s=96&d=mm&r=g","url":"https:\/\/secure.gravatar.com\/avatar\/78a7f90c01fc2bfc875782a0d4922b37cde2cf184ce347b91316d23cd7f69a36?s=96&d=mm&r=g","contentUrl":"https:\/\/secure.gravatar.com\/avatar\/78a7f90c01fc2bfc875782a0d4922b37cde2cf184ce347b91316d23cd7f69a36?s=96&d=mm&r=g","caption":"galledia"},"sameAs":["https:\/\/x.com\/admin"],"url":"https:\/\/www.organisator.ch\/fr\/author\/galledia\/"}]}},"_links":{"self":[{"href":"https:\/\/www.organisator.ch\/fr\/wp-json\/wp\/v2\/posts\/15601","targetHints":{"allow":["GET"]}}],"collection":[{"href":"https:\/\/www.organisator.ch\/fr\/wp-json\/wp\/v2\/posts"}],"about":[{"href":"https:\/\/www.organisator.ch\/fr\/wp-json\/wp\/v2\/types\/post"}],"author":[{"embeddable":true,"href":"https:\/\/www.organisator.ch\/fr\/wp-json\/wp\/v2\/users\/8"}],"replies":[{"embeddable":true,"href":"https:\/\/www.organisator.ch\/fr\/wp-json\/wp\/v2\/comments?post=15601"}],"version-history":[{"count":3,"href":"https:\/\/www.organisator.ch\/fr\/wp-json\/wp\/v2\/posts\/15601\/revisions"}],"predecessor-version":[{"id":15724,"href":"https:\/\/www.organisator.ch\/fr\/wp-json\/wp\/v2\/posts\/15601\/revisions\/15724"}],"wp:attachment":[{"href":"https:\/\/www.organisator.ch\/fr\/wp-json\/wp\/v2\/media?parent=15601"}],"wp:term":[{"taxonomy":"category","embeddable":true,"href":"https:\/\/www.organisator.ch\/fr\/wp-json\/wp\/v2\/categories?post=15601"},{"taxonomy":"post_tag","embeddable":true,"href":"https:\/\/www.organisator.ch\/fr\/wp-json\/wp\/v2\/tags?post=15601"}],"curies":[{"name":"wp","href":"https:\/\/api.w.org\/{rel}","templated":true}]}}