{"id":15606,"date":"2022-07-13T07:32:08","date_gmt":"2022-07-13T05:32:08","guid":{"rendered":"https:\/\/www.organisator.ch\/?p=15606"},"modified":"2022-07-08T08:50:22","modified_gmt":"2022-07-08T06:50:22","slug":"rund-1150-junge-berufsleute-bereit-fuer-die-schweizer-berufs-meisterschaft","status":"publish","type":"post","link":"https:\/\/www.organisator.ch\/fr\/human-resources\/2022-07-13\/rund-1150-junge-berufsleute-bereit-fuer-die-schweizer-berufs-meisterschaft\/","title":{"rendered":"Environ 1 150 jeunes professionnels pr\u00eats pour le Championnat suisse des m\u00e9tiers"},"content":{"rendered":"<figure id=\"attachment_15607\" aria-describedby=\"caption-attachment-15607\" style=\"width: 679px\" class=\"wp-caption alignnone\"><img loading=\"lazy\" decoding=\"async\" class=\"size-full wp-image-15607\" src=\"https:\/\/www.organisator.ch\/wp-content\/uploads\/2022\/07\/Rund-1150-junge-Berufsleute-bereit-fuer-die-Schweizer-Berufs-Meisterschaft_Organisator.jpg\" alt=\"\" width=\"679\" height=\"396\" srcset=\"https:\/\/www.organisator.ch\/wp-content\/uploads\/2022\/07\/Rund-1150-junge-Berufsleute-bereit-fuer-die-Schweizer-Berufs-Meisterschaft_Organisator.jpg 679w, https:\/\/www.organisator.ch\/wp-content\/uploads\/2022\/07\/Rund-1150-junge-Berufsleute-bereit-fuer-die-Schweizer-Berufs-Meisterschaft_Organisator-18x10.jpg 18w, https:\/\/www.organisator.ch\/wp-content\/uploads\/2022\/07\/Rund-1150-junge-Berufsleute-bereit-fuer-die-Schweizer-Berufs-Meisterschaft_Organisator-300x175.jpg 300w, https:\/\/www.organisator.ch\/wp-content\/uploads\/2022\/07\/Rund-1150-junge-Berufsleute-bereit-fuer-die-Schweizer-Berufs-Meisterschaft_Organisator-600x350.jpg 600w\" sizes=\"auto, (max-width: 679px) 100vw, 679px\" \/><figcaption id=\"caption-attachment-15607\" class=\"wp-caption-text\">A nouveau des championnats des m\u00e9tiers devant un grand public : pr\u00e8s de 1150 jeunes professionnels se pr\u00e9parent pour les championnats suisses des m\u00e9tiers \u00e0 Berne. (Image : zVg SwissSkills)<\/figcaption><\/figure>\n<p>Du 7 au 11 septembre 2022, le site de Bernexpo deviendra pour la troisi\u00e8me fois, apr\u00e8s 2014 et 2018, une immense sc\u00e8ne temporaire pour la rel\u00e8ve de quelque 150 m\u00e9tiers diff\u00e9rents. Environ 1'150 des meilleurs jeunes professionnels suisses offriront pendant les SwissSkills 2022 un aper\u00e7u inspirant de la diversit\u00e9 et de l'excellence de la formation professionnelle suisse. La troisi\u00e8me \u00e9dition de ces championnats suisses centraux des m\u00e9tiers \u00e9tait initialement pr\u00e9vue pour 2020 et a d\u00fb \u00eatre report\u00e9e de deux ans en raison de la pand\u00e9mie de Corona. La joie est d'autant plus grande que la pr\u00e9sentation g\u00e9n\u00e9rale de la formation professionnelle suisse pourra \u00e0 nouveau avoir lieu dans toute son ampleur.<\/p>\n<h3>Les participants aux professions sont connus<\/h3>\n<p>Au total, environ 1 150 apprentis et dipl\u00f4m\u00e9s d'apprentissage se mesureront aux SwissSkills 2022. Les crit\u00e8res de participation aux SwissSkills, fix\u00e9s par les associations professionnelles respectives, sont aussi vari\u00e9s que les m\u00e9tiers des SwissSkills. A l'exception de quelques associations qui ne d\u00e9signeront leurs participants qu'apr\u00e8s les examens de fin d'apprentissage de l'\u00e9t\u00e9 2022, la plupart des associations professionnelles ont termin\u00e9 le processus de s\u00e9lection.<\/p>\n<p>Les plus de 850 candidates et candidats actuellement nomin\u00e9s sont pr\u00e9sent\u00e9s sur le site Internet de SwissSkills 2022 sous <a href=\"http:\/\/www.swiss-skills2022.ch\/de\/teilnehmende\" target=\"_blank\" rel=\"noopener\">www.swiss-skills2022.ch\/de\/teilnehmende<\/a> ont \u00e9t\u00e9 pr\u00e9sent\u00e9s. La liste sera compl\u00e9t\u00e9e au fur et \u00e0 mesure par d'autres participants.<\/p>\n<h3>Championnat des m\u00e9tiers : une attraction pour le public<\/h3>\n<p>Le format unique des SwissSkills centraux permet au public, et en particulier aux jeunes en processus d'orientation professionnelle, de regarder par-dessus l'\u00e9paule des meilleurs jeunes professionnels du pays au travail et de d\u00e9couvrir ainsi les m\u00e9tiers d'apprentissage les plus divers \u00e0 l'\u00e9chelle 1:1. De plus, les plus de 60 associations professionnelles participantes offrent au public des possibilit\u00e9s attrayantes pour essayer les m\u00e9tiers sur place.<\/p>\n<p>Environ 120'000 visiteurs sont attendus pendant cinq jours. Entre autres, 2426 classes avec plus de 60'000 \u00e9l\u00e8ves de toute la Suisse visiteront l'\u00e9v\u00e9nement.<\/p>\n<h3>Vitrine pour la formation professionnelle<\/h3>\n<p>\"Le syst\u00e8me suisse de formation professionnelle a extr\u00eamement bien fait ses preuves, notamment pendant la pand\u00e9mie de Corona, en tant que pilier central de la place industrielle et intellectuelle suisse, et offre de nombreuses perspectives aux jeunes du pays\", d\u00e9clare le pr\u00e9sident du comit\u00e9 d'organisation Daniel Arn. \"Les SwissSkills 2022 seront plus que jamais la grande vitrine de la formation professionnelle. Avec tous les participants et surtout les jeunes professionnels de la rel\u00e8ve, nous allons donner un signe important de renouveau\".<\/p>","protected":false},"excerpt":{"rendered":"<p>Das Gel\u00e4nde der Bernexpo wird vom 7. bis 11. September 2022 zum dritten Mal nach 2014 und 2018 zur riesigen tempor\u00e4ren B\u00fchne f\u00fcr den Nachwuchs aus rund 150 verschiedenen Lehrberufen. Etwa 1\u2019150 der besten jungen Schweizer Berufsleute bieten w\u00e4hrend den SwissSkills 2022 einen inspirierenden Einblick in die Vielfalt und Exzellenz der Schweizer Berufsbildung. Die dritte [&hellip;]<\/p>\n","protected":false},"author":4,"featured_media":15607,"comment_status":"closed","ping_status":"closed","sticky":false,"template":"","format":"standard","meta":{"_acf_changed":false,"_yoast_wpseo_focuskw":"Berufsleute","_yoast_wpseo_metadesc":"An den \u00abSwissSkills 2022\u00bb, die in zwei Monaten in Bern er\u00f6ffnet werden, stellen die besten jungen Berufsleute der Schweiz ihr K\u00f6nnen vor.","articlekey":"","footnotes":""},"categories":[579],"tags":[62,254,2699],"class_list":["post-15606","post","type-post","status-publish","format-standard","has-post-thumbnail","hentry","category-human-resources","tag-aus-weiterbildung","tag-hrm","tag-swissskills"],"acf":[],"yoast_head":"<!-- This site is optimized with the Yoast SEO plugin v27.5 - https:\/\/yoast.com\/product\/yoast-seo-wordpress\/ -->\n<title>Rund 1&#039;150 junge Berufsleute bereit f\u00fcr die Schweizer Berufs-Meisterschaft - Organisator<\/title>\n<meta name=\"description\" content=\"An den \u00abSwissSkills 2022\u00bb, die in zwei Monaten in Bern er\u00f6ffnet werden, stellen die besten jungen Berufsleute der Schweiz ihr K\u00f6nnen vor.\" \/>\n<meta name=\"robots\" content=\"index, follow, max-snippet:-1, max-image-preview:large, max-video-preview:-1\" \/>\n<link rel=\"canonical\" href=\"https:\/\/www.organisator.ch\/fr\/ressources-humaines\/2022-07-13\/rund-1150-junge-berufsleute-bereit-fuer-die-schweizer-berufs-meisterschaft\/\" \/>\n<meta property=\"og:locale\" content=\"fr_FR\" \/>\n<meta property=\"og:type\" content=\"article\" \/>\n<meta property=\"og:title\" content=\"Rund 1&#039;150 junge Berufsleute bereit f\u00fcr die Schweizer Berufs-Meisterschaft\" \/>\n<meta property=\"og:description\" content=\"An den \u00abSwissSkills 2022\u00bb, die in zwei Monaten in Bern er\u00f6ffnet werden, stellen die besten jungen Berufsleute der Schweiz ihr K\u00f6nnen vor.\" \/>\n<meta property=\"og:url\" content=\"https:\/\/www.organisator.ch\/fr\/ressources-humaines\/2022-07-13\/rund-1150-junge-berufsleute-bereit-fuer-die-schweizer-berufs-meisterschaft\/\" \/>\n<meta property=\"og:site_name\" content=\"Organisator\" \/>\n<meta property=\"article:publisher\" content=\"https:\/\/www.facebook.com\/OrganisatorFachmagazin\" \/>\n<meta property=\"article:published_time\" content=\"2022-07-13T05:32:08+00:00\" \/>\n<meta property=\"og:image\" content=\"https:\/\/www.organisator.ch\/wp-content\/uploads\/2022\/07\/Rund-1150-junge-Berufsleute-bereit-fuer-die-Schweizer-Berufs-Meisterschaft_Organisator.jpg\" \/>\n\t<meta property=\"og:image:width\" content=\"679\" \/>\n\t<meta property=\"og:image:height\" content=\"396\" \/>\n\t<meta property=\"og:image:type\" content=\"image\/jpeg\" \/>\n<meta name=\"author\" content=\"thomas.berner\" \/>\n<meta name=\"twitter:card\" content=\"summary_large_image\" \/>\n<meta name=\"twitter:title\" content=\"Rund 1&#039;150 junge #Berufsleute bereit f\u00fcr die Schweizer #Berufs-Meisterschaft\" \/>\n<meta name=\"twitter:description\" content=\"An den \u00ab#SwissSkills 2022\u00bb, die in zwei Monaten in Bern er\u00f6ffnet werden, stellen die besten jungen #Berufsleute der Schweiz ihr K\u00f6nnen vor.\" \/>\n<meta name=\"twitter:image\" content=\"https:\/\/www.organisator.ch\/wp-content\/uploads\/2022\/07\/Rund-1150-junge-Berufsleute-bereit-fuer-die-Schweizer-Berufs-Meisterschaft_Organisator.jpg\" \/>\n<script type=\"application\/ld+json\" class=\"yoast-schema-graph\">{\"@context\":\"https:\\\/\\\/schema.org\",\"@graph\":[{\"@type\":\"Article\",\"@id\":\"https:\\\/\\\/www.organisator.ch\\\/human-resources\\\/2022-07-13\\\/rund-1150-junge-berufsleute-bereit-fuer-die-schweizer-berufs-meisterschaft\\\/#article\",\"isPartOf\":{\"@id\":\"https:\\\/\\\/www.organisator.ch\\\/human-resources\\\/2022-07-13\\\/rund-1150-junge-berufsleute-bereit-fuer-die-schweizer-berufs-meisterschaft\\\/\"},\"author\":{\"name\":\"thomas.berner\",\"@id\":\"https:\\\/\\\/www.organisator.ch\\\/#\\\/schema\\\/person\\\/6f650f90b2842cd4c0cc334b4e36f67e\"},\"headline\":\"Rund 1&#8217;150 junge Berufsleute bereit f\u00fcr die Schweizer Berufs-Meisterschaft\",\"datePublished\":\"2022-07-13T05:32:08+00:00\",\"mainEntityOfPage\":{\"@id\":\"https:\\\/\\\/www.organisator.ch\\\/human-resources\\\/2022-07-13\\\/rund-1150-junge-berufsleute-bereit-fuer-die-schweizer-berufs-meisterschaft\\\/\"},\"wordCount\":389,\"publisher\":{\"@id\":\"https:\\\/\\\/www.organisator.ch\\\/#organization\"},\"image\":{\"@id\":\"https:\\\/\\\/www.organisator.ch\\\/human-resources\\\/2022-07-13\\\/rund-1150-junge-berufsleute-bereit-fuer-die-schweizer-berufs-meisterschaft\\\/#primaryimage\"},\"thumbnailUrl\":\"https:\\\/\\\/www.organisator.ch\\\/wp-content\\\/uploads\\\/2022\\\/07\\\/Rund-1150-junge-Berufsleute-bereit-fuer-die-Schweizer-Berufs-Meisterschaft_Organisator.jpg\",\"keywords\":[\"Aus-\\\/Weiterbildung\",\"HRM\",\"SwissSkills\"],\"articleSection\":[\"HUMAN RESOURCES\"],\"inLanguage\":\"fr-FR\"},{\"@type\":\"WebPage\",\"@id\":\"https:\\\/\\\/www.organisator.ch\\\/human-resources\\\/2022-07-13\\\/rund-1150-junge-berufsleute-bereit-fuer-die-schweizer-berufs-meisterschaft\\\/\",\"url\":\"https:\\\/\\\/www.organisator.ch\\\/human-resources\\\/2022-07-13\\\/rund-1150-junge-berufsleute-bereit-fuer-die-schweizer-berufs-meisterschaft\\\/\",\"name\":\"Rund 1'150 junge Berufsleute bereit f\u00fcr die Schweizer Berufs-Meisterschaft - Organisator\",\"isPartOf\":{\"@id\":\"https:\\\/\\\/www.organisator.ch\\\/#website\"},\"primaryImageOfPage\":{\"@id\":\"https:\\\/\\\/www.organisator.ch\\\/human-resources\\\/2022-07-13\\\/rund-1150-junge-berufsleute-bereit-fuer-die-schweizer-berufs-meisterschaft\\\/#primaryimage\"},\"image\":{\"@id\":\"https:\\\/\\\/www.organisator.ch\\\/human-resources\\\/2022-07-13\\\/rund-1150-junge-berufsleute-bereit-fuer-die-schweizer-berufs-meisterschaft\\\/#primaryimage\"},\"thumbnailUrl\":\"https:\\\/\\\/www.organisator.ch\\\/wp-content\\\/uploads\\\/2022\\\/07\\\/Rund-1150-junge-Berufsleute-bereit-fuer-die-Schweizer-Berufs-Meisterschaft_Organisator.jpg\",\"datePublished\":\"2022-07-13T05:32:08+00:00\",\"description\":\"An den \u00abSwissSkills 2022\u00bb, die in zwei Monaten in Bern er\u00f6ffnet werden, stellen die besten jungen Berufsleute der Schweiz ihr K\u00f6nnen vor.\",\"breadcrumb\":{\"@id\":\"https:\\\/\\\/www.organisator.ch\\\/human-resources\\\/2022-07-13\\\/rund-1150-junge-berufsleute-bereit-fuer-die-schweizer-berufs-meisterschaft\\\/#breadcrumb\"},\"inLanguage\":\"fr-FR\",\"potentialAction\":[{\"@type\":\"ReadAction\",\"target\":[\"https:\\\/\\\/www.organisator.ch\\\/human-resources\\\/2022-07-13\\\/rund-1150-junge-berufsleute-bereit-fuer-die-schweizer-berufs-meisterschaft\\\/\"]}]},{\"@type\":\"ImageObject\",\"inLanguage\":\"fr-FR\",\"@id\":\"https:\\\/\\\/www.organisator.ch\\\/human-resources\\\/2022-07-13\\\/rund-1150-junge-berufsleute-bereit-fuer-die-schweizer-berufs-meisterschaft\\\/#primaryimage\",\"url\":\"https:\\\/\\\/www.organisator.ch\\\/wp-content\\\/uploads\\\/2022\\\/07\\\/Rund-1150-junge-Berufsleute-bereit-fuer-die-Schweizer-Berufs-Meisterschaft_Organisator.jpg\",\"contentUrl\":\"https:\\\/\\\/www.organisator.ch\\\/wp-content\\\/uploads\\\/2022\\\/07\\\/Rund-1150-junge-Berufsleute-bereit-fuer-die-Schweizer-Berufs-Meisterschaft_Organisator.jpg\",\"width\":679,\"height\":396,\"caption\":\"Wieder Berufsmeisterschaft vor grossem Publikum: Rund 1'150 junge Berufsleute machen sich f\u00fcr die Schweizer Meisterschaften der Berufsleute in Bern bereit. (Bild: zVg SwissSkills)\"},{\"@type\":\"BreadcrumbList\",\"@id\":\"https:\\\/\\\/www.organisator.ch\\\/human-resources\\\/2022-07-13\\\/rund-1150-junge-berufsleute-bereit-fuer-die-schweizer-berufs-meisterschaft\\\/#breadcrumb\",\"itemListElement\":[{\"@type\":\"ListItem\",\"position\":1,\"name\":\"Home\",\"item\":\"https:\\\/\\\/www.organisator.ch\\\/\"},{\"@type\":\"ListItem\",\"position\":2,\"name\":\"Rund 1&#8217;150 junge Berufsleute bereit f\u00fcr die Schweizer Berufs-Meisterschaft\"}]},{\"@type\":\"WebSite\",\"@id\":\"https:\\\/\\\/www.organisator.ch\\\/#website\",\"url\":\"https:\\\/\\\/www.organisator.ch\\\/\",\"name\":\"Organisator\",\"description\":\"Kompetent. Praxisnah. Der ORGANISATOR bereitet in 10 Ausgaben pro Jahr die wesentlichen Themen f\u00fcr F\u00fchrungskr\u00e4fte von KMU auf.\",\"publisher\":{\"@id\":\"https:\\\/\\\/www.organisator.ch\\\/#organization\"},\"potentialAction\":[{\"@type\":\"SearchAction\",\"target\":{\"@type\":\"EntryPoint\",\"urlTemplate\":\"https:\\\/\\\/www.organisator.ch\\\/?s={search_term_string}\"},\"query-input\":{\"@type\":\"PropertyValueSpecification\",\"valueRequired\":true,\"valueName\":\"search_term_string\"}}],\"inLanguage\":\"fr-FR\"},{\"@type\":\"Organization\",\"@id\":\"https:\\\/\\\/www.organisator.ch\\\/#organization\",\"name\":\"Organisator\",\"url\":\"https:\\\/\\\/www.organisator.ch\\\/\",\"logo\":{\"@type\":\"ImageObject\",\"inLanguage\":\"fr-FR\",\"@id\":\"https:\\\/\\\/www.organisator.ch\\\/#\\\/schema\\\/logo\\\/image\\\/\",\"url\":\"https:\\\/\\\/www.organisator.ch\\\/wp-content\\\/uploads\\\/2022\\\/01\\\/Logo_Organisator_Website.png\",\"contentUrl\":\"https:\\\/\\\/www.organisator.ch\\\/wp-content\\\/uploads\\\/2022\\\/01\\\/Logo_Organisator_Website.png\",\"width\":800,\"height\":77,\"caption\":\"Organisator\"},\"image\":{\"@id\":\"https:\\\/\\\/www.organisator.ch\\\/#\\\/schema\\\/logo\\\/image\\\/\"},\"sameAs\":[\"https:\\\/\\\/www.facebook.com\\\/OrganisatorFachmagazin\",\"https:\\\/\\\/www.linkedin.com\\\/showcase\\\/organisator-das-magazin-fr-kmu\",\"https:\\\/\\\/www.xing.com\\\/news\\\/pages\\\/organisator-ch-695\",\"https:\\\/\\\/www.youtube.com\\\/channel\\\/UCGP2Sq0iWaZwT3BdIAQFYpw\"]},{\"@type\":\"Person\",\"@id\":\"https:\\\/\\\/www.organisator.ch\\\/#\\\/schema\\\/person\\\/6f650f90b2842cd4c0cc334b4e36f67e\",\"name\":\"thomas.berner\",\"image\":{\"@type\":\"ImageObject\",\"inLanguage\":\"fr-FR\",\"@id\":\"https:\\\/\\\/secure.gravatar.com\\\/avatar\\\/ac5001d2a36cb6c6cd3e50789007ffca834b477b74a2144564522e944eabff61?s=96&d=mm&r=g\",\"url\":\"https:\\\/\\\/secure.gravatar.com\\\/avatar\\\/ac5001d2a36cb6c6cd3e50789007ffca834b477b74a2144564522e944eabff61?s=96&d=mm&r=g\",\"contentUrl\":\"https:\\\/\\\/secure.gravatar.com\\\/avatar\\\/ac5001d2a36cb6c6cd3e50789007ffca834b477b74a2144564522e944eabff61?s=96&d=mm&r=g\",\"caption\":\"thomas.berner\"},\"url\":\"https:\\\/\\\/www.organisator.ch\\\/fr\\\/author\\\/thomas-berner\\\/\"}]}<\/script>\n<!-- \/ Yoast SEO plugin. -->","yoast_head_json":{"title":"Environ 1'150 jeunes professionnels pr\u00eats pour le Championnat suisse des m\u00e9tiers - Organisateur","description":"Lors des \"SwissSkills 2022\", qui s'ouvriront dans deux mois \u00e0 Berne, les meilleurs jeunes professionnels de Suisse pr\u00e9senteront leur savoir-faire.","robots":{"index":"index","follow":"follow","max-snippet":"max-snippet:-1","max-image-preview":"max-image-preview:large","max-video-preview":"max-video-preview:-1"},"canonical":"https:\/\/www.organisator.ch\/fr\/ressources-humaines\/2022-07-13\/rund-1150-junge-berufsleute-bereit-fuer-die-schweizer-berufs-meisterschaft\/","og_locale":"fr_FR","og_type":"article","og_title":"Rund 1'150 junge Berufsleute bereit f\u00fcr die Schweizer Berufs-Meisterschaft","og_description":"An den \u00abSwissSkills 2022\u00bb, die in zwei Monaten in Bern er\u00f6ffnet werden, stellen die besten jungen Berufsleute der Schweiz ihr K\u00f6nnen vor.","og_url":"https:\/\/www.organisator.ch\/fr\/ressources-humaines\/2022-07-13\/rund-1150-junge-berufsleute-bereit-fuer-die-schweizer-berufs-meisterschaft\/","og_site_name":"Organisator","article_publisher":"https:\/\/www.facebook.com\/OrganisatorFachmagazin","article_published_time":"2022-07-13T05:32:08+00:00","og_image":[{"width":679,"height":396,"url":"https:\/\/www.organisator.ch\/wp-content\/uploads\/2022\/07\/Rund-1150-junge-Berufsleute-bereit-fuer-die-Schweizer-Berufs-Meisterschaft_Organisator.jpg","type":"image\/jpeg"}],"author":"thomas.berner","twitter_card":"summary_large_image","twitter_title":"Rund 1'150 junge #Berufsleute bereit f\u00fcr die Schweizer #Berufs-Meisterschaft","twitter_description":"An den \u00ab#SwissSkills 2022\u00bb, die in zwei Monaten in Bern er\u00f6ffnet werden, stellen die besten jungen #Berufsleute der Schweiz ihr K\u00f6nnen vor.","twitter_image":"https:\/\/www.organisator.ch\/wp-content\/uploads\/2022\/07\/Rund-1150-junge-Berufsleute-bereit-fuer-die-Schweizer-Berufs-Meisterschaft_Organisator.jpg","schema":{"@context":"https:\/\/schema.org","@graph":[{"@type":"Article","@id":"https:\/\/www.organisator.ch\/human-resources\/2022-07-13\/rund-1150-junge-berufsleute-bereit-fuer-die-schweizer-berufs-meisterschaft\/#article","isPartOf":{"@id":"https:\/\/www.organisator.ch\/human-resources\/2022-07-13\/rund-1150-junge-berufsleute-bereit-fuer-die-schweizer-berufs-meisterschaft\/"},"author":{"name":"thomas.berner","@id":"https:\/\/www.organisator.ch\/#\/schema\/person\/6f650f90b2842cd4c0cc334b4e36f67e"},"headline":"Rund 1&#8217;150 junge Berufsleute bereit f\u00fcr die Schweizer Berufs-Meisterschaft","datePublished":"2022-07-13T05:32:08+00:00","mainEntityOfPage":{"@id":"https:\/\/www.organisator.ch\/human-resources\/2022-07-13\/rund-1150-junge-berufsleute-bereit-fuer-die-schweizer-berufs-meisterschaft\/"},"wordCount":389,"publisher":{"@id":"https:\/\/www.organisator.ch\/#organization"},"image":{"@id":"https:\/\/www.organisator.ch\/human-resources\/2022-07-13\/rund-1150-junge-berufsleute-bereit-fuer-die-schweizer-berufs-meisterschaft\/#primaryimage"},"thumbnailUrl":"https:\/\/www.organisator.ch\/wp-content\/uploads\/2022\/07\/Rund-1150-junge-Berufsleute-bereit-fuer-die-Schweizer-Berufs-Meisterschaft_Organisator.jpg","keywords":["Aus-\/Weiterbildung","HRM","SwissSkills"],"articleSection":["HUMAN RESOURCES"],"inLanguage":"fr-FR"},{"@type":"WebPage","@id":"https:\/\/www.organisator.ch\/human-resources\/2022-07-13\/rund-1150-junge-berufsleute-bereit-fuer-die-schweizer-berufs-meisterschaft\/","url":"https:\/\/www.organisator.ch\/human-resources\/2022-07-13\/rund-1150-junge-berufsleute-bereit-fuer-die-schweizer-berufs-meisterschaft\/","name":"Environ 1'150 jeunes professionnels pr\u00eats pour le Championnat suisse des m\u00e9tiers - Organisateur","isPartOf":{"@id":"https:\/\/www.organisator.ch\/#website"},"primaryImageOfPage":{"@id":"https:\/\/www.organisator.ch\/human-resources\/2022-07-13\/rund-1150-junge-berufsleute-bereit-fuer-die-schweizer-berufs-meisterschaft\/#primaryimage"},"image":{"@id":"https:\/\/www.organisator.ch\/human-resources\/2022-07-13\/rund-1150-junge-berufsleute-bereit-fuer-die-schweizer-berufs-meisterschaft\/#primaryimage"},"thumbnailUrl":"https:\/\/www.organisator.ch\/wp-content\/uploads\/2022\/07\/Rund-1150-junge-Berufsleute-bereit-fuer-die-Schweizer-Berufs-Meisterschaft_Organisator.jpg","datePublished":"2022-07-13T05:32:08+00:00","description":"Lors des \"SwissSkills 2022\", qui s'ouvriront dans deux mois \u00e0 Berne, les meilleurs jeunes professionnels de Suisse pr\u00e9senteront leur savoir-faire.","breadcrumb":{"@id":"https:\/\/www.organisator.ch\/human-resources\/2022-07-13\/rund-1150-junge-berufsleute-bereit-fuer-die-schweizer-berufs-meisterschaft\/#breadcrumb"},"inLanguage":"fr-FR","potentialAction":[{"@type":"ReadAction","target":["https:\/\/www.organisator.ch\/human-resources\/2022-07-13\/rund-1150-junge-berufsleute-bereit-fuer-die-schweizer-berufs-meisterschaft\/"]}]},{"@type":"ImageObject","inLanguage":"fr-FR","@id":"https:\/\/www.organisator.ch\/human-resources\/2022-07-13\/rund-1150-junge-berufsleute-bereit-fuer-die-schweizer-berufs-meisterschaft\/#primaryimage","url":"https:\/\/www.organisator.ch\/wp-content\/uploads\/2022\/07\/Rund-1150-junge-Berufsleute-bereit-fuer-die-Schweizer-Berufs-Meisterschaft_Organisator.jpg","contentUrl":"https:\/\/www.organisator.ch\/wp-content\/uploads\/2022\/07\/Rund-1150-junge-Berufsleute-bereit-fuer-die-Schweizer-Berufs-Meisterschaft_Organisator.jpg","width":679,"height":396,"caption":"Wieder Berufsmeisterschaft vor grossem Publikum: Rund 1'150 junge Berufsleute machen sich f\u00fcr die Schweizer Meisterschaften der Berufsleute in Bern bereit. (Bild: zVg SwissSkills)"},{"@type":"BreadcrumbList","@id":"https:\/\/www.organisator.ch\/human-resources\/2022-07-13\/rund-1150-junge-berufsleute-bereit-fuer-die-schweizer-berufs-meisterschaft\/#breadcrumb","itemListElement":[{"@type":"ListItem","position":1,"name":"Home","item":"https:\/\/www.organisator.ch\/"},{"@type":"ListItem","position":2,"name":"Rund 1&#8217;150 junge Berufsleute bereit f\u00fcr die Schweizer Berufs-Meisterschaft"}]},{"@type":"WebSite","@id":"https:\/\/www.organisator.ch\/#website","url":"https:\/\/www.organisator.ch\/","name":"Organisateur","description":"Comp\u00e9tence et comp\u00e9tence. Proches de la pratique. L'ORGANISATEUR pr\u00e9pare 10 num\u00e9ros par an sur les th\u00e8mes essentiels pour les dirigeants de PME.","publisher":{"@id":"https:\/\/www.organisator.ch\/#organization"},"potentialAction":[{"@type":"SearchAction","target":{"@type":"EntryPoint","urlTemplate":"https:\/\/www.organisator.ch\/?s={search_term_string}"},"query-input":{"@type":"PropertyValueSpecification","valueRequired":true,"valueName":"search_term_string"}}],"inLanguage":"fr-FR"},{"@type":"Organization","@id":"https:\/\/www.organisator.ch\/#organization","name":"Organisateur","url":"https:\/\/www.organisator.ch\/","logo":{"@type":"ImageObject","inLanguage":"fr-FR","@id":"https:\/\/www.organisator.ch\/#\/schema\/logo\/image\/","url":"https:\/\/www.organisator.ch\/wp-content\/uploads\/2022\/01\/Logo_Organisator_Website.png","contentUrl":"https:\/\/www.organisator.ch\/wp-content\/uploads\/2022\/01\/Logo_Organisator_Website.png","width":800,"height":77,"caption":"Organisator"},"image":{"@id":"https:\/\/www.organisator.ch\/#\/schema\/logo\/image\/"},"sameAs":["https:\/\/www.facebook.com\/OrganisatorFachmagazin","https:\/\/www.linkedin.com\/showcase\/organisator-das-magazin-fr-kmu","https:\/\/www.xing.com\/news\/pages\/organisator-ch-695","https:\/\/www.youtube.com\/channel\/UCGP2Sq0iWaZwT3BdIAQFYpw"]},{"@type":"Person","@id":"https:\/\/www.organisator.ch\/#\/schema\/person\/6f650f90b2842cd4c0cc334b4e36f67e","name":"thomas.berner","image":{"@type":"ImageObject","inLanguage":"fr-FR","@id":"https:\/\/secure.gravatar.com\/avatar\/ac5001d2a36cb6c6cd3e50789007ffca834b477b74a2144564522e944eabff61?s=96&d=mm&r=g","url":"https:\/\/secure.gravatar.com\/avatar\/ac5001d2a36cb6c6cd3e50789007ffca834b477b74a2144564522e944eabff61?s=96&d=mm&r=g","contentUrl":"https:\/\/secure.gravatar.com\/avatar\/ac5001d2a36cb6c6cd3e50789007ffca834b477b74a2144564522e944eabff61?s=96&d=mm&r=g","caption":"thomas.berner"},"url":"https:\/\/www.organisator.ch\/fr\/author\/thomas-berner\/"}]}},"_links":{"self":[{"href":"https:\/\/www.organisator.ch\/fr\/wp-json\/wp\/v2\/posts\/15606","targetHints":{"allow":["GET"]}}],"collection":[{"href":"https:\/\/www.organisator.ch\/fr\/wp-json\/wp\/v2\/posts"}],"about":[{"href":"https:\/\/www.organisator.ch\/fr\/wp-json\/wp\/v2\/types\/post"}],"author":[{"embeddable":true,"href":"https:\/\/www.organisator.ch\/fr\/wp-json\/wp\/v2\/users\/4"}],"replies":[{"embeddable":true,"href":"https:\/\/www.organisator.ch\/fr\/wp-json\/wp\/v2\/comments?post=15606"}],"version-history":[{"count":1,"href":"https:\/\/www.organisator.ch\/fr\/wp-json\/wp\/v2\/posts\/15606\/revisions"}],"predecessor-version":[{"id":15608,"href":"https:\/\/www.organisator.ch\/fr\/wp-json\/wp\/v2\/posts\/15606\/revisions\/15608"}],"wp:featuredmedia":[{"embeddable":true,"href":"https:\/\/www.organisator.ch\/fr\/wp-json\/wp\/v2\/media\/15607"}],"wp:attachment":[{"href":"https:\/\/www.organisator.ch\/fr\/wp-json\/wp\/v2\/media?parent=15606"}],"wp:term":[{"taxonomy":"category","embeddable":true,"href":"https:\/\/www.organisator.ch\/fr\/wp-json\/wp\/v2\/categories?post=15606"},{"taxonomy":"post_tag","embeddable":true,"href":"https:\/\/www.organisator.ch\/fr\/wp-json\/wp\/v2\/tags?post=15606"}],"curies":[{"name":"wp","href":"https:\/\/api.w.org\/{rel}","templated":true}]}}