{"id":15609,"date":"2022-07-12T06:42:20","date_gmt":"2022-07-12T04:42:20","guid":{"rendered":"https:\/\/www.organisator.ch\/?p=15609"},"modified":"2022-07-07T21:04:54","modified_gmt":"2022-07-07T19:04:54","slug":"demande-des-produits-pour-la-production-denergie-augmente","status":"publish","type":"post","link":"https:\/\/www.organisator.ch\/fr\/allgemein\/2022-07-12\/nachfrage-fuer-produkte-zur-energiegewinnung-steigt-an\/","title":{"rendered":"La demande de produits pour la production d'\u00e9nergie augmente"},"content":{"rendered":"<figure id=\"attachment_15610\" aria-describedby=\"caption-attachment-15610\" style=\"width: 680px\" class=\"wp-caption alignnone\"><img loading=\"lazy\" decoding=\"async\" class=\"size-full wp-image-15610\" src=\"https:\/\/www.organisator.ch\/wp-content\/uploads\/2022\/07\/Nachfrage-fuer-Produkte-zur-Energiegewinnung-steigt-an_Organisator.jpg\" alt=\"\" width=\"680\" height=\"453\" srcset=\"https:\/\/www.organisator.ch\/wp-content\/uploads\/2022\/07\/Nachfrage-fuer-Produkte-zur-Energiegewinnung-steigt-an_Organisator.jpg 680w, https:\/\/www.organisator.ch\/wp-content\/uploads\/2022\/07\/Nachfrage-fuer-Produkte-zur-Energiegewinnung-steigt-an_Organisator-18x12.jpg 18w, https:\/\/www.organisator.ch\/wp-content\/uploads\/2022\/07\/Nachfrage-fuer-Produkte-zur-Energiegewinnung-steigt-an_Organisator-263x175.jpg 263w, https:\/\/www.organisator.ch\/wp-content\/uploads\/2022\/07\/Nachfrage-fuer-Produkte-zur-Energiegewinnung-steigt-an_Organisator-525x350.jpg 525w, https:\/\/www.organisator.ch\/wp-content\/uploads\/2022\/07\/Nachfrage-fuer-Produkte-zur-Energiegewinnung-steigt-an_Organisator-300x200.jpg 300w\" sizes=\"auto, (max-width: 680px) 100vw, 680px\" \/><figcaption id=\"caption-attachment-15610\" class=\"wp-caption-text\">Les produits les plus recherch\u00e9s sur wlw au premier trimestre 2022 : les produits de production d'\u00e9nergie dominent. (Graphique : Visable)<\/figcaption><\/figure>\n<p>Si l'on consid\u00e8re les 20 cat\u00e9gories ayant connu la plus forte croissance entre le deuxi\u00e8me trimestre 2021 et le deuxi\u00e8me trimestre 2022, les produits destin\u00e9s \u00e0 la production d'\u00e9nergie dominent. Dans ce segment, les installations photovolta\u00efques enregistrent la plus forte hausse (305% d'augmentation du nombre de pages vues), suivies des modules solaires (plus 287%) et du forage de sondes g\u00e9othermiques (plus 252%). Les groupes \u00e9lectrog\u00e8nes enregistrent une augmentation de la demande de 261%.<\/p>\n<h3><strong>La recherche de bois de chauffage est \u00e9galement en hausse<\/strong><\/h3>\n<p>En mati\u00e8re de chauffage, une source d'\u00e9nergie presque archa\u00efque se distingue. Ainsi, le bois de chauffage enregistre une augmentation de 207% du nombre de pages consult\u00e9es. Les granul\u00e9s de bois (244% d'augmentation), les briquettes de bois (241% d'augmentation) et les petites \u00e9oliennes (241% d'augmentation) connaissent \u00e9galement une forte croissance. Les pompes \u00e0 chaleur enregistrent tout de m\u00eame une augmentation de 179%.<\/p>\n<p>\"La diversit\u00e9 des cat\u00e9gories li\u00e9es \u00e0 l'\u00e9nergie pourrait indiquer que la grande masse des professionnels et peut-\u00eatre m\u00eame des particuliers recherchent des produits de sources d'\u00e9nergie alternatives sur notre plate-forme B2B\", explique Peter F. Schmid, CEO de l'op\u00e9rateur de la plate-forme Visable. \"C'est une bonne chose. La transition \u00e9nerg\u00e9tique est une t\u00e2che qui concerne toute la soci\u00e9t\u00e9, tout le monde doit s'y mettre\".<\/p>\n<h3><strong>\"L'\u00e8re de la durabilit\u00e9 est lanc\u00e9e\"<\/strong><\/h3>\n<p>\"L''\u00e8re des crises' annonce d\u00e9finitivement l''\u00e8re de la durabilit\u00e9'. Le passage aux \u00e9nergies renouvelables r\u00e9duit les d\u00e9pendances et augmente la r\u00e9sistance aux crises\", d\u00e9clare le CEO de Visable. Dans un sondage r\u00e9alis\u00e9 par Visable en collaboration avec l'institut de sondage YouGov, 49 pour cent des entreprises interrog\u00e9es en Autriche avaient d\u00e9j\u00e0 indiqu\u00e9 en avril que l'importance de la durabilit\u00e9 avait augment\u00e9 chez elles en raison des crises actuelles.<\/p>\n<p>Malgr\u00e9 tous les efforts, le chemin est encore long jusqu'\u00e0 ce que l'\u00e9conomie et la soci\u00e9t\u00e9 soient enti\u00e8rement tourn\u00e9es vers la durabilit\u00e9. La d\u00e9pendance aux combustibles fossiles reste importante, comme le montre \u00e9galement l'examen des cat\u00e9gories qui ont connu la plus forte croissance au deuxi\u00e8me trimestre 2022 : les carburants diesel y occupent la premi\u00e8re place et les huiles de chauffage la 18e. L'\u00e8re des combustibles fossiles va donc encore durer un certain temps, m\u00eame si la r\u00e9orientation vers les \u00e9nergies renouvelables a maintenant d\u00e9finitivement commenc\u00e9.<\/p>\n<p><em>Source : <a href=\"http:\/\/www.visable.com\">Visible<\/a><\/em><\/p>","protected":false},"excerpt":{"rendered":"<p>Bei der Betrachtung der 20 Kategorien mit dem st\u00e4rksten Zuwachs im Vergleich zwischen dem zweiten Quartal 2021 und dem zweiten Quartal 2022 dominieren Produkte zur Energiegewinnung. Das gr\u00f6sste Plus in diesem Segment verzeichnen Photovoltaikanlagen (305% Anstieg der Seitenaufrufe), es folgen Solarmodule (plus 287%) und Erdw\u00e4rmesondenbohrung (plus 252%). Stromerzeuger verzeichnen einen Nachfragezuwachs von 261%. Auch Brennholz [&hellip;]<\/p>\n","protected":false},"author":4,"featured_media":15610,"comment_status":"closed","ping_status":"closed","sticky":false,"template":"","format":"standard","meta":{"_acf_changed":false,"_yoast_wpseo_focuskw":"Energiegewinnung","_yoast_wpseo_metadesc":"Die steigenden Energiepreise in Folge des Ukraine-Kriegs f\u00fchren zu verst\u00e4rkter Nachfrage von Produkten f\u00fcr die alternative Energiegewinnung.","articlekey":"","footnotes":""},"categories":[1],"tags":[358,393,508],"class_list":["post-15609","post","type-post","status-publish","format-standard","has-post-thumbnail","hentry","category-allgemein","tag-nachhaltige-wirtschaft","tag-produkte","tag-vermischtes"],"acf":[],"yoast_head":"<!-- This site is optimized with the Yoast SEO plugin v27.5 - https:\/\/yoast.com\/product\/yoast-seo-wordpress\/ -->\n<title>Nachfrage f\u00fcr Produkte zur Energiegewinnung steigt an - Organisator<\/title>\n<meta name=\"description\" content=\"Die steigenden Energiepreise in Folge des Ukraine-Kriegs f\u00fchren zu verst\u00e4rkter Nachfrage von Produkten f\u00fcr die alternative Energiegewinnung.\" \/>\n<meta name=\"robots\" content=\"index, follow, max-snippet:-1, max-image-preview:large, max-video-preview:-1\" \/>\n<link rel=\"canonical\" href=\"https:\/\/www.organisator.ch\/fr\/general\/2022-07-12\/demande-des-produits-pour-la-production-denergie-augmente\/\" \/>\n<meta property=\"og:locale\" content=\"fr_FR\" \/>\n<meta property=\"og:type\" content=\"article\" \/>\n<meta property=\"og:title\" content=\"Nachfrage f\u00fcr Produkte zur Energiegewinnung steigt an\" \/>\n<meta property=\"og:description\" content=\"Die steigenden Energiepreise in Folge des Ukraine-Kriegs f\u00fchren zu verst\u00e4rkter Nachfrage von Produkten f\u00fcr die alternative Energiegewinnung.\" \/>\n<meta property=\"og:url\" content=\"https:\/\/www.organisator.ch\/fr\/general\/2022-07-12\/demande-des-produits-pour-la-production-denergie-augmente\/\" \/>\n<meta property=\"og:site_name\" content=\"Organisator\" \/>\n<meta property=\"article:publisher\" content=\"https:\/\/www.facebook.com\/OrganisatorFachmagazin\" \/>\n<meta property=\"article:published_time\" content=\"2022-07-12T04:42:20+00:00\" \/>\n<meta property=\"og:image\" content=\"https:\/\/www.organisator.ch\/wp-content\/uploads\/2022\/07\/Nachfrage-fuer-Produkte-zur-Energiegewinnung-steigt-an_Organisator.jpg\" \/>\n\t<meta property=\"og:image:width\" content=\"680\" \/>\n\t<meta property=\"og:image:height\" content=\"453\" \/>\n\t<meta property=\"og:image:type\" content=\"image\/jpeg\" \/>\n<meta name=\"author\" content=\"thomas.berner\" \/>\n<meta name=\"twitter:card\" content=\"summary_large_image\" \/>\n<meta name=\"twitter:title\" content=\"Nachfrage f\u00fcr Produkte zur #Energiegewinnung steigt an\" \/>\n<meta name=\"twitter:description\" content=\"Die steigenden #Energiepreise in Folge des Ukraine-Kriegs f\u00fchren zu verst\u00e4rkter Nachfrage von Produkten f\u00fcr die alternative #Energiegewinnung.\" \/>\n<meta name=\"twitter:image\" content=\"https:\/\/www.organisator.ch\/wp-content\/uploads\/2022\/07\/Nachfrage-fuer-Produkte-zur-Energiegewinnung-steigt-an_Organisator.jpg\" \/>\n<script type=\"application\/ld+json\" class=\"yoast-schema-graph\">{\"@context\":\"https:\\\/\\\/schema.org\",\"@graph\":[{\"@type\":\"Article\",\"@id\":\"https:\\\/\\\/www.organisator.ch\\\/it\\\/generale\\\/2022-07-12\\\/la-domanda-di-prodotti-energetici-e-in-aumento\\\/#article\",\"isPartOf\":{\"@id\":\"https:\\\/\\\/www.organisator.ch\\\/it\\\/generale\\\/2022-07-12\\\/la-domanda-di-prodotti-energetici-e-in-aumento\\\/\"},\"author\":{\"name\":\"thomas.berner\",\"@id\":\"https:\\\/\\\/www.organisator.ch\\\/#\\\/schema\\\/person\\\/6f650f90b2842cd4c0cc334b4e36f67e\"},\"headline\":\"Nachfrage f\u00fcr Produkte zur Energiegewinnung steigt an\",\"datePublished\":\"2022-07-12T04:42:20+00:00\",\"mainEntityOfPage\":{\"@id\":\"https:\\\/\\\/www.organisator.ch\\\/it\\\/generale\\\/2022-07-12\\\/la-domanda-di-prodotti-energetici-e-in-aumento\\\/\"},\"wordCount\":331,\"publisher\":{\"@id\":\"https:\\\/\\\/www.organisator.ch\\\/#organization\"},\"image\":{\"@id\":\"https:\\\/\\\/www.organisator.ch\\\/it\\\/generale\\\/2022-07-12\\\/la-domanda-di-prodotti-energetici-e-in-aumento\\\/#primaryimage\"},\"thumbnailUrl\":\"https:\\\/\\\/www.organisator.ch\\\/wp-content\\\/uploads\\\/2022\\\/07\\\/Nachfrage-fuer-Produkte-zur-Energiegewinnung-steigt-an_Organisator.jpg\",\"keywords\":[\"Nachhaltige Wirtschaft\",\"Produkte\",\"Vermischtes\"],\"articleSection\":[\"Allgemein\"],\"inLanguage\":\"fr-FR\"},{\"@type\":\"WebPage\",\"@id\":\"https:\\\/\\\/www.organisator.ch\\\/it\\\/generale\\\/2022-07-12\\\/la-domanda-di-prodotti-energetici-e-in-aumento\\\/\",\"url\":\"https:\\\/\\\/www.organisator.ch\\\/it\\\/generale\\\/2022-07-12\\\/la-domanda-di-prodotti-energetici-e-in-aumento\\\/\",\"name\":\"Nachfrage f\u00fcr Produkte zur Energiegewinnung steigt an - Organisator\",\"isPartOf\":{\"@id\":\"https:\\\/\\\/www.organisator.ch\\\/#website\"},\"primaryImageOfPage\":{\"@id\":\"https:\\\/\\\/www.organisator.ch\\\/it\\\/generale\\\/2022-07-12\\\/la-domanda-di-prodotti-energetici-e-in-aumento\\\/#primaryimage\"},\"image\":{\"@id\":\"https:\\\/\\\/www.organisator.ch\\\/it\\\/generale\\\/2022-07-12\\\/la-domanda-di-prodotti-energetici-e-in-aumento\\\/#primaryimage\"},\"thumbnailUrl\":\"https:\\\/\\\/www.organisator.ch\\\/wp-content\\\/uploads\\\/2022\\\/07\\\/Nachfrage-fuer-Produkte-zur-Energiegewinnung-steigt-an_Organisator.jpg\",\"datePublished\":\"2022-07-12T04:42:20+00:00\",\"description\":\"Die steigenden Energiepreise in Folge des Ukraine-Kriegs f\u00fchren zu verst\u00e4rkter Nachfrage von Produkten f\u00fcr die alternative Energiegewinnung.\",\"breadcrumb\":{\"@id\":\"https:\\\/\\\/www.organisator.ch\\\/it\\\/generale\\\/2022-07-12\\\/la-domanda-di-prodotti-energetici-e-in-aumento\\\/#breadcrumb\"},\"inLanguage\":\"fr-FR\",\"potentialAction\":[{\"@type\":\"ReadAction\",\"target\":[\"https:\\\/\\\/www.organisator.ch\\\/it\\\/generale\\\/2022-07-12\\\/la-domanda-di-prodotti-energetici-e-in-aumento\\\/\"]}]},{\"@type\":\"ImageObject\",\"inLanguage\":\"fr-FR\",\"@id\":\"https:\\\/\\\/www.organisator.ch\\\/it\\\/generale\\\/2022-07-12\\\/la-domanda-di-prodotti-energetici-e-in-aumento\\\/#primaryimage\",\"url\":\"https:\\\/\\\/www.organisator.ch\\\/wp-content\\\/uploads\\\/2022\\\/07\\\/Nachfrage-fuer-Produkte-zur-Energiegewinnung-steigt-an_Organisator.jpg\",\"contentUrl\":\"https:\\\/\\\/www.organisator.ch\\\/wp-content\\\/uploads\\\/2022\\\/07\\\/Nachfrage-fuer-Produkte-zur-Energiegewinnung-steigt-an_Organisator.jpg\",\"width\":680,\"height\":453,\"caption\":\"Die meistgesuchten Produkte auf wlw im ersten Quartal 2022: Es dominieren Produkte zur Energiegewinnung. (Grafik: Visable)\"},{\"@type\":\"BreadcrumbList\",\"@id\":\"https:\\\/\\\/www.organisator.ch\\\/it\\\/generale\\\/2022-07-12\\\/la-domanda-di-prodotti-energetici-e-in-aumento\\\/#breadcrumb\",\"itemListElement\":[{\"@type\":\"ListItem\",\"position\":1,\"name\":\"Home\",\"item\":\"https:\\\/\\\/www.organisator.ch\\\/\"},{\"@type\":\"ListItem\",\"position\":2,\"name\":\"Nachfrage f\u00fcr Produkte zur Energiegewinnung steigt an\"}]},{\"@type\":\"WebSite\",\"@id\":\"https:\\\/\\\/www.organisator.ch\\\/#website\",\"url\":\"https:\\\/\\\/www.organisator.ch\\\/\",\"name\":\"Organisator\",\"description\":\"Kompetent. Praxisnah. Der ORGANISATOR bereitet in 10 Ausgaben pro Jahr die wesentlichen Themen f\u00fcr F\u00fchrungskr\u00e4fte von KMU auf.\",\"publisher\":{\"@id\":\"https:\\\/\\\/www.organisator.ch\\\/#organization\"},\"potentialAction\":[{\"@type\":\"SearchAction\",\"target\":{\"@type\":\"EntryPoint\",\"urlTemplate\":\"https:\\\/\\\/www.organisator.ch\\\/?s={search_term_string}\"},\"query-input\":{\"@type\":\"PropertyValueSpecification\",\"valueRequired\":true,\"valueName\":\"search_term_string\"}}],\"inLanguage\":\"fr-FR\"},{\"@type\":\"Organization\",\"@id\":\"https:\\\/\\\/www.organisator.ch\\\/#organization\",\"name\":\"Organisator\",\"url\":\"https:\\\/\\\/www.organisator.ch\\\/\",\"logo\":{\"@type\":\"ImageObject\",\"inLanguage\":\"fr-FR\",\"@id\":\"https:\\\/\\\/www.organisator.ch\\\/#\\\/schema\\\/logo\\\/image\\\/\",\"url\":\"https:\\\/\\\/www.organisator.ch\\\/wp-content\\\/uploads\\\/2022\\\/01\\\/Logo_Organisator_Website.png\",\"contentUrl\":\"https:\\\/\\\/www.organisator.ch\\\/wp-content\\\/uploads\\\/2022\\\/01\\\/Logo_Organisator_Website.png\",\"width\":800,\"height\":77,\"caption\":\"Organisator\"},\"image\":{\"@id\":\"https:\\\/\\\/www.organisator.ch\\\/#\\\/schema\\\/logo\\\/image\\\/\"},\"sameAs\":[\"https:\\\/\\\/www.facebook.com\\\/OrganisatorFachmagazin\",\"https:\\\/\\\/www.linkedin.com\\\/showcase\\\/organisator-das-magazin-fr-kmu\",\"https:\\\/\\\/www.xing.com\\\/news\\\/pages\\\/organisator-ch-695\",\"https:\\\/\\\/www.youtube.com\\\/channel\\\/UCGP2Sq0iWaZwT3BdIAQFYpw\"]},{\"@type\":\"Person\",\"@id\":\"https:\\\/\\\/www.organisator.ch\\\/#\\\/schema\\\/person\\\/6f650f90b2842cd4c0cc334b4e36f67e\",\"name\":\"thomas.berner\",\"image\":{\"@type\":\"ImageObject\",\"inLanguage\":\"fr-FR\",\"@id\":\"https:\\\/\\\/secure.gravatar.com\\\/avatar\\\/ac5001d2a36cb6c6cd3e50789007ffca834b477b74a2144564522e944eabff61?s=96&d=mm&r=g\",\"url\":\"https:\\\/\\\/secure.gravatar.com\\\/avatar\\\/ac5001d2a36cb6c6cd3e50789007ffca834b477b74a2144564522e944eabff61?s=96&d=mm&r=g\",\"contentUrl\":\"https:\\\/\\\/secure.gravatar.com\\\/avatar\\\/ac5001d2a36cb6c6cd3e50789007ffca834b477b74a2144564522e944eabff61?s=96&d=mm&r=g\",\"caption\":\"thomas.berner\"},\"url\":\"https:\\\/\\\/www.organisator.ch\\\/fr\\\/author\\\/thomas-berner\\\/\"}]}<\/script>\n<!-- \/ Yoast SEO plugin. -->","yoast_head_json":{"title":"La demande en produits de production d'\u00e9nergie augmente - Organisateur","description":"L'augmentation des prix de l'\u00e9nergie suite \u00e0 la guerre en Ukraine entra\u00eene une demande accrue de produits pour la production d'\u00e9nergie alternative.","robots":{"index":"index","follow":"follow","max-snippet":"max-snippet:-1","max-image-preview":"max-image-preview:large","max-video-preview":"max-video-preview:-1"},"canonical":"https:\/\/www.organisator.ch\/fr\/general\/2022-07-12\/demande-des-produits-pour-la-production-denergie-augmente\/","og_locale":"fr_FR","og_type":"article","og_title":"Nachfrage f\u00fcr Produkte zur Energiegewinnung steigt an","og_description":"Die steigenden Energiepreise in Folge des Ukraine-Kriegs f\u00fchren zu verst\u00e4rkter Nachfrage von Produkten f\u00fcr die alternative Energiegewinnung.","og_url":"https:\/\/www.organisator.ch\/fr\/general\/2022-07-12\/demande-des-produits-pour-la-production-denergie-augmente\/","og_site_name":"Organisator","article_publisher":"https:\/\/www.facebook.com\/OrganisatorFachmagazin","article_published_time":"2022-07-12T04:42:20+00:00","og_image":[{"width":680,"height":453,"url":"https:\/\/www.organisator.ch\/wp-content\/uploads\/2022\/07\/Nachfrage-fuer-Produkte-zur-Energiegewinnung-steigt-an_Organisator.jpg","type":"image\/jpeg"}],"author":"thomas.berner","twitter_card":"summary_large_image","twitter_title":"Nachfrage f\u00fcr Produkte zur #Energiegewinnung steigt an","twitter_description":"Die steigenden #Energiepreise in Folge des Ukraine-Kriegs f\u00fchren zu verst\u00e4rkter Nachfrage von Produkten f\u00fcr die alternative #Energiegewinnung.","twitter_image":"https:\/\/www.organisator.ch\/wp-content\/uploads\/2022\/07\/Nachfrage-fuer-Produkte-zur-Energiegewinnung-steigt-an_Organisator.jpg","schema":{"@context":"https:\/\/schema.org","@graph":[{"@type":"Article","@id":"https:\/\/www.organisator.ch\/it\/generale\/2022-07-12\/la-domanda-di-prodotti-energetici-e-in-aumento\/#article","isPartOf":{"@id":"https:\/\/www.organisator.ch\/it\/generale\/2022-07-12\/la-domanda-di-prodotti-energetici-e-in-aumento\/"},"author":{"name":"thomas.berner","@id":"https:\/\/www.organisator.ch\/#\/schema\/person\/6f650f90b2842cd4c0cc334b4e36f67e"},"headline":"Nachfrage f\u00fcr Produkte zur Energiegewinnung steigt an","datePublished":"2022-07-12T04:42:20+00:00","mainEntityOfPage":{"@id":"https:\/\/www.organisator.ch\/it\/generale\/2022-07-12\/la-domanda-di-prodotti-energetici-e-in-aumento\/"},"wordCount":331,"publisher":{"@id":"https:\/\/www.organisator.ch\/#organization"},"image":{"@id":"https:\/\/www.organisator.ch\/it\/generale\/2022-07-12\/la-domanda-di-prodotti-energetici-e-in-aumento\/#primaryimage"},"thumbnailUrl":"https:\/\/www.organisator.ch\/wp-content\/uploads\/2022\/07\/Nachfrage-fuer-Produkte-zur-Energiegewinnung-steigt-an_Organisator.jpg","keywords":["Nachhaltige Wirtschaft","Produkte","Vermischtes"],"articleSection":["Allgemein"],"inLanguage":"fr-FR"},{"@type":"WebPage","@id":"https:\/\/www.organisator.ch\/it\/generale\/2022-07-12\/la-domanda-di-prodotti-energetici-e-in-aumento\/","url":"https:\/\/www.organisator.ch\/it\/generale\/2022-07-12\/la-domanda-di-prodotti-energetici-e-in-aumento\/","name":"La demande en produits de production d'\u00e9nergie augmente - Organisateur","isPartOf":{"@id":"https:\/\/www.organisator.ch\/#website"},"primaryImageOfPage":{"@id":"https:\/\/www.organisator.ch\/it\/generale\/2022-07-12\/la-domanda-di-prodotti-energetici-e-in-aumento\/#primaryimage"},"image":{"@id":"https:\/\/www.organisator.ch\/it\/generale\/2022-07-12\/la-domanda-di-prodotti-energetici-e-in-aumento\/#primaryimage"},"thumbnailUrl":"https:\/\/www.organisator.ch\/wp-content\/uploads\/2022\/07\/Nachfrage-fuer-Produkte-zur-Energiegewinnung-steigt-an_Organisator.jpg","datePublished":"2022-07-12T04:42:20+00:00","description":"L'augmentation des prix de l'\u00e9nergie suite \u00e0 la guerre en Ukraine entra\u00eene une demande accrue de produits pour la production d'\u00e9nergie alternative.","breadcrumb":{"@id":"https:\/\/www.organisator.ch\/it\/generale\/2022-07-12\/la-domanda-di-prodotti-energetici-e-in-aumento\/#breadcrumb"},"inLanguage":"fr-FR","potentialAction":[{"@type":"ReadAction","target":["https:\/\/www.organisator.ch\/it\/generale\/2022-07-12\/la-domanda-di-prodotti-energetici-e-in-aumento\/"]}]},{"@type":"ImageObject","inLanguage":"fr-FR","@id":"https:\/\/www.organisator.ch\/it\/generale\/2022-07-12\/la-domanda-di-prodotti-energetici-e-in-aumento\/#primaryimage","url":"https:\/\/www.organisator.ch\/wp-content\/uploads\/2022\/07\/Nachfrage-fuer-Produkte-zur-Energiegewinnung-steigt-an_Organisator.jpg","contentUrl":"https:\/\/www.organisator.ch\/wp-content\/uploads\/2022\/07\/Nachfrage-fuer-Produkte-zur-Energiegewinnung-steigt-an_Organisator.jpg","width":680,"height":453,"caption":"Die meistgesuchten Produkte auf wlw im ersten Quartal 2022: Es dominieren Produkte zur Energiegewinnung. (Grafik: Visable)"},{"@type":"BreadcrumbList","@id":"https:\/\/www.organisator.ch\/it\/generale\/2022-07-12\/la-domanda-di-prodotti-energetici-e-in-aumento\/#breadcrumb","itemListElement":[{"@type":"ListItem","position":1,"name":"Home","item":"https:\/\/www.organisator.ch\/"},{"@type":"ListItem","position":2,"name":"Nachfrage f\u00fcr Produkte zur Energiegewinnung steigt an"}]},{"@type":"WebSite","@id":"https:\/\/www.organisator.ch\/#website","url":"https:\/\/www.organisator.ch\/","name":"Organisateur","description":"Comp\u00e9tence et comp\u00e9tence. Proches de la pratique. L'ORGANISATEUR pr\u00e9pare 10 num\u00e9ros par an sur les th\u00e8mes essentiels pour les dirigeants de PME.","publisher":{"@id":"https:\/\/www.organisator.ch\/#organization"},"potentialAction":[{"@type":"SearchAction","target":{"@type":"EntryPoint","urlTemplate":"https:\/\/www.organisator.ch\/?s={search_term_string}"},"query-input":{"@type":"PropertyValueSpecification","valueRequired":true,"valueName":"search_term_string"}}],"inLanguage":"fr-FR"},{"@type":"Organization","@id":"https:\/\/www.organisator.ch\/#organization","name":"Organisateur","url":"https:\/\/www.organisator.ch\/","logo":{"@type":"ImageObject","inLanguage":"fr-FR","@id":"https:\/\/www.organisator.ch\/#\/schema\/logo\/image\/","url":"https:\/\/www.organisator.ch\/wp-content\/uploads\/2022\/01\/Logo_Organisator_Website.png","contentUrl":"https:\/\/www.organisator.ch\/wp-content\/uploads\/2022\/01\/Logo_Organisator_Website.png","width":800,"height":77,"caption":"Organisator"},"image":{"@id":"https:\/\/www.organisator.ch\/#\/schema\/logo\/image\/"},"sameAs":["https:\/\/www.facebook.com\/OrganisatorFachmagazin","https:\/\/www.linkedin.com\/showcase\/organisator-das-magazin-fr-kmu","https:\/\/www.xing.com\/news\/pages\/organisator-ch-695","https:\/\/www.youtube.com\/channel\/UCGP2Sq0iWaZwT3BdIAQFYpw"]},{"@type":"Person","@id":"https:\/\/www.organisator.ch\/#\/schema\/person\/6f650f90b2842cd4c0cc334b4e36f67e","name":"thomas.berner","image":{"@type":"ImageObject","inLanguage":"fr-FR","@id":"https:\/\/secure.gravatar.com\/avatar\/ac5001d2a36cb6c6cd3e50789007ffca834b477b74a2144564522e944eabff61?s=96&d=mm&r=g","url":"https:\/\/secure.gravatar.com\/avatar\/ac5001d2a36cb6c6cd3e50789007ffca834b477b74a2144564522e944eabff61?s=96&d=mm&r=g","contentUrl":"https:\/\/secure.gravatar.com\/avatar\/ac5001d2a36cb6c6cd3e50789007ffca834b477b74a2144564522e944eabff61?s=96&d=mm&r=g","caption":"thomas.berner"},"url":"https:\/\/www.organisator.ch\/fr\/author\/thomas-berner\/"}]}},"_links":{"self":[{"href":"https:\/\/www.organisator.ch\/fr\/wp-json\/wp\/v2\/posts\/15609","targetHints":{"allow":["GET"]}}],"collection":[{"href":"https:\/\/www.organisator.ch\/fr\/wp-json\/wp\/v2\/posts"}],"about":[{"href":"https:\/\/www.organisator.ch\/fr\/wp-json\/wp\/v2\/types\/post"}],"author":[{"embeddable":true,"href":"https:\/\/www.organisator.ch\/fr\/wp-json\/wp\/v2\/users\/4"}],"replies":[{"embeddable":true,"href":"https:\/\/www.organisator.ch\/fr\/wp-json\/wp\/v2\/comments?post=15609"}],"version-history":[{"count":1,"href":"https:\/\/www.organisator.ch\/fr\/wp-json\/wp\/v2\/posts\/15609\/revisions"}],"predecessor-version":[{"id":15611,"href":"https:\/\/www.organisator.ch\/fr\/wp-json\/wp\/v2\/posts\/15609\/revisions\/15611"}],"wp:featuredmedia":[{"embeddable":true,"href":"https:\/\/www.organisator.ch\/fr\/wp-json\/wp\/v2\/media\/15610"}],"wp:attachment":[{"href":"https:\/\/www.organisator.ch\/fr\/wp-json\/wp\/v2\/media?parent=15609"}],"wp:term":[{"taxonomy":"category","embeddable":true,"href":"https:\/\/www.organisator.ch\/fr\/wp-json\/wp\/v2\/categories?post=15609"},{"taxonomy":"post_tag","embeddable":true,"href":"https:\/\/www.organisator.ch\/fr\/wp-json\/wp\/v2\/tags?post=15609"}],"curies":[{"name":"wp","href":"https:\/\/api.w.org\/{rel}","templated":true}]}}