{"id":15643,"date":"2022-07-13T04:50:44","date_gmt":"2022-07-13T02:50:44","guid":{"rendered":"https:\/\/www.m-q.ch\/?p=16617"},"modified":"2022-07-21T12:15:47","modified_gmt":"2022-07-21T10:15:47","slug":"caq-software-hersteller-babtec-gruendet-schweizer-niederlassung","status":"publish","type":"post","link":"https:\/\/www.organisator.ch\/fr\/operational-excellence\/2022-07-13\/caq-software-hersteller-babtec-gruendet-schweizer-niederlassung\/","title":{"rendered":"Le fabricant de logiciels CAQ Babtec cr\u00e9e une filiale suisse"},"content":{"rendered":"<img class=\"alignnone wp-image-16618 size-full\" src=\"https:\/\/www.m-q.ch\/wp-content\/uploads\/2022\/07\/Babtec_LogoPG.jpg\" alt=\"Babtec\" width=\"432\" height=\"142\" \/>\r\n\r\nBabtec est l'un des principaux fournisseurs de solutions logicielles pour la gestion de la qualit\u00e9. Depuis plus de 25 ans, des entreprises de toutes tailles et de tous secteurs assurent la qualit\u00e9 de leurs processus et de leurs produits gr\u00e2ce aux produits de ce fabricant. Aujourd'hui, l'entreprise de Wuppertal emploie plus de 180 personnes sur six sites.\r\n\r\nApr\u00e8s avoir ouvert plusieurs bureaux en Allemagne et des succursales en Autriche et en Espagne, le fabricant de logiciels cr\u00e9e maintenant une filiale en Suisse. L'inscription au registre du commerce a \u00e9t\u00e9 effectu\u00e9e le 1er juin 2022. Selon Peter H\u00f6nle, responsable du d\u00e9partement Customer &amp; Solutions chez Babtec, cette nouvelle fondation est la cons\u00e9quence du succ\u00e8s croissant du logiciel de gestion de la qualit\u00e9 de Wuppertal aupr\u00e8s des Conf\u00e9d\u00e9r\u00e9s : \"Nous avons pu gagner notre premier client suisse d\u00e8s 2001. Entre-temps, plus de 100 entreprises en Suisse et au Liechtenstein - la future zone de prise en charge de Babtec Schweiz AG - g\u00e8rent leur qualit\u00e9 avec nos solutions logicielles. Cela montre l'exigence de qualit\u00e9 \u00e9lev\u00e9e des entreprises suisses et le besoin croissant du march\u00e9 local en mati\u00e8re de num\u00e9risation efficace dans le travail de qualit\u00e9. C'est pourquoi nous avons d\u00e9cid\u00e9 d'\u00eatre repr\u00e9sent\u00e9s \u00e0 l'avenir par un site Babtec en Suisse \u00e9galement\".\r\n\r\nSur ce nouveau site, Babtec pr\u00e9voit, selon ses propres dires, de s'occuper principalement des projets de ses clients existants et de d\u00e9velopper ses activit\u00e9s commerciales.\r\n\r\n<a href=\"http:\/\/www.babtec.de\/\"><em>Source et informations compl\u00e9mentaires<\/em><\/a>\n<p class=\"syndicated-attribution\">Cet article est paru initialement sur m-q.ch - <a href=\"https:\/\/www.m-q.ch\/de\/caq-software-hersteller-babtec-gruendet-schweizer-niederlassung\/\" target=\"_blank\">https:\/\/www.m-q.ch\/de\/caq-software-hersteller-babtec-gruendet-schweizer-niederlassung\/<\/a><\/p>","protected":false},"excerpt":{"rendered":"<p>Babtec ist ein f\u00fchrender Anbieter von Software-L\u00f6sungen f\u00fcr das Qualit\u00e4tsmanagement. Seit mehr als 25 Jahren sichern Unternehmen jeder Gr\u00f6sse und aus allen Branchen mit Produkten dieses Herstellers die Qualit\u00e4t ihrer Prozesse und Produkte. Heute besch\u00e4ftigt das Wuppertaler Unternehmen \u00fcber 180 Mitarbeiter an sechs Standorten. Nach mehreren Gesch\u00e4ftsstellen in Deutschland sowie Niederlassungen in \u00d6sterreich und Spanien [\u2026]<\/p>\n","protected":false},"author":8,"featured_media":0,"comment_status":"closed","ping_status":"closed","sticky":false,"template":"","format":"standard","meta":{"_acf_changed":false,"_yoast_wpseo_focuskw":"Babtec","_yoast_wpseo_metadesc":"Der deutsche Hersteller von Qualit\u00e4tsmanagement-Software Babtec aus Wuppertal hat Anfang Juni mit der Gr\u00fcndung der Babtec Schweiz AG die Grundlage f\u00fcr einen Schweizer Standort geschaffen.","articlekey":"","footnotes":""},"categories":[582],"tags":[3039,3041,3042,3040,440],"class_list":["post-15643","post","type-post","status-publish","format-standard","hentry","category-operational-excellence","tag-babtec","tag-caq","tag-hersteller","tag-schweiz-ag","tag-software"],"acf":[],"yoast_head":"<!-- This site is optimized with the Yoast SEO plugin v27.5 - https:\/\/yoast.com\/product\/yoast-seo-wordpress\/ -->\n<title>CAQ-Software-Hersteller Babtec gr\u00fcndet Schweizer Niederlassung - Organisator<\/title>\n<meta name=\"description\" content=\"Der deutsche Hersteller von Qualit\u00e4tsmanagement-Software Babtec aus Wuppertal hat Anfang Juni mit der Gr\u00fcndung der Babtec Schweiz AG die Grundlage f\u00fcr einen Schweizer Standort geschaffen.\" \/>\n<meta name=\"robots\" content=\"index, follow, max-snippet:-1, max-image-preview:large, max-video-preview:-1\" \/>\n<link rel=\"canonical\" href=\"https:\/\/www.m-q.ch\/de\/caq-software-hersteller-babtec-gruendet-schweizer-niederlassung\/\" \/>\n<meta property=\"og:locale\" content=\"fr_FR\" \/>\n<meta property=\"og:type\" content=\"article\" \/>\n<meta property=\"og:title\" content=\"CAQ-Software-Hersteller Babtec gr\u00fcndet Schweizer Niederlassung - Organisator\" \/>\n<meta property=\"og:description\" content=\"Der deutsche Hersteller von Qualit\u00e4tsmanagement-Software Babtec aus Wuppertal hat Anfang Juni mit der Gr\u00fcndung der Babtec Schweiz AG die Grundlage f\u00fcr einen Schweizer Standort geschaffen.\" \/>\n<meta property=\"og:url\" content=\"https:\/\/www.m-q.ch\/de\/caq-software-hersteller-babtec-gruendet-schweizer-niederlassung\/\" \/>\n<meta property=\"og:site_name\" content=\"Organisator\" \/>\n<meta property=\"article:publisher\" content=\"https:\/\/www.facebook.com\/OrganisatorFachmagazin\" \/>\n<meta property=\"article:published_time\" content=\"2022-07-13T02:50:44+00:00\" \/>\n<meta property=\"article:modified_time\" content=\"2022-07-21T10:15:47+00:00\" \/>\n<meta property=\"og:image\" content=\"https:\/\/www.m-q.ch\/wp-content\/uploads\/2022\/07\/Babtec_LogoPG.jpg\" \/>\n<meta name=\"author\" content=\"galledia\" \/>\n<meta name=\"twitter:card\" content=\"summary_large_image\" \/>\n<meta name=\"twitter:creator\" content=\"@admin\" \/>\n<script type=\"application\/ld+json\" class=\"yoast-schema-graph\">{\"@context\":\"https:\\\/\\\/schema.org\",\"@graph\":[{\"@type\":\"Article\",\"@id\":\"https:\\\/\\\/www.m-q.ch\\\/de\\\/caq-software-hersteller-babtec-gruendet-schweizer-niederlassung\\\/#article\",\"isPartOf\":{\"@id\":\"https:\\\/\\\/www.organisator.ch\\\/operational-excellence\\\/2022-07-13\\\/caq-software-hersteller-babtec-gruendet-schweizer-niederlassung\\\/\"},\"author\":{\"name\":\"galledia\",\"@id\":\"https:\\\/\\\/www.organisator.ch\\\/#\\\/schema\\\/person\\\/4e51799071cd2dd1232ac003643ef5f0\"},\"headline\":\"CAQ-Software-Hersteller Babtec gr\u00fcndet Schweizer Niederlassung\",\"datePublished\":\"2022-07-13T02:50:44+00:00\",\"dateModified\":\"2022-07-21T10:15:47+00:00\",\"mainEntityOfPage\":{\"@id\":\"https:\\\/\\\/www.organisator.ch\\\/operational-excellence\\\/2022-07-13\\\/caq-software-hersteller-babtec-gruendet-schweizer-niederlassung\\\/\"},\"wordCount\":211,\"publisher\":{\"@id\":\"https:\\\/\\\/www.organisator.ch\\\/#organization\"},\"image\":{\"@id\":\"https:\\\/\\\/www.m-q.ch\\\/de\\\/caq-software-hersteller-babtec-gruendet-schweizer-niederlassung\\\/#primaryimage\"},\"thumbnailUrl\":\"https:\\\/\\\/www.m-q.ch\\\/wp-content\\\/uploads\\\/2022\\\/07\\\/Babtec_LogoPG.jpg\",\"keywords\":[\"Babtec\",\"CAQ\",\"Hersteller\",\"Schweiz AG\",\"Software\"],\"articleSection\":[\"OPERATIONAL EXCELLENCE\"],\"inLanguage\":\"fr-FR\"},{\"@type\":\"WebPage\",\"@id\":\"https:\\\/\\\/www.organisator.ch\\\/operational-excellence\\\/2022-07-13\\\/caq-software-hersteller-babtec-gruendet-schweizer-niederlassung\\\/\",\"url\":\"https:\\\/\\\/www.m-q.ch\\\/de\\\/caq-software-hersteller-babtec-gruendet-schweizer-niederlassung\\\/\",\"name\":\"CAQ-Software-Hersteller Babtec gr\u00fcndet Schweizer Niederlassung - Organisator\",\"isPartOf\":{\"@id\":\"https:\\\/\\\/www.organisator.ch\\\/#website\"},\"primaryImageOfPage\":{\"@id\":\"https:\\\/\\\/www.m-q.ch\\\/de\\\/caq-software-hersteller-babtec-gruendet-schweizer-niederlassung\\\/#primaryimage\"},\"image\":{\"@id\":\"https:\\\/\\\/www.m-q.ch\\\/de\\\/caq-software-hersteller-babtec-gruendet-schweizer-niederlassung\\\/#primaryimage\"},\"thumbnailUrl\":\"https:\\\/\\\/www.m-q.ch\\\/wp-content\\\/uploads\\\/2022\\\/07\\\/Babtec_LogoPG.jpg\",\"datePublished\":\"2022-07-13T02:50:44+00:00\",\"dateModified\":\"2022-07-21T10:15:47+00:00\",\"description\":\"Der deutsche Hersteller von Qualit\u00e4tsmanagement-Software Babtec aus Wuppertal hat Anfang Juni mit der Gr\u00fcndung der Babtec Schweiz AG die Grundlage f\u00fcr einen Schweizer Standort geschaffen.\",\"breadcrumb\":{\"@id\":\"https:\\\/\\\/www.m-q.ch\\\/de\\\/caq-software-hersteller-babtec-gruendet-schweizer-niederlassung\\\/#breadcrumb\"},\"inLanguage\":\"fr-FR\",\"potentialAction\":[{\"@type\":\"ReadAction\",\"target\":[\"https:\\\/\\\/www.m-q.ch\\\/de\\\/caq-software-hersteller-babtec-gruendet-schweizer-niederlassung\\\/\"]}]},{\"@type\":\"ImageObject\",\"inLanguage\":\"fr-FR\",\"@id\":\"https:\\\/\\\/www.m-q.ch\\\/de\\\/caq-software-hersteller-babtec-gruendet-schweizer-niederlassung\\\/#primaryimage\",\"url\":\"https:\\\/\\\/www.m-q.ch\\\/wp-content\\\/uploads\\\/2022\\\/07\\\/Babtec_LogoPG.jpg\",\"contentUrl\":\"https:\\\/\\\/www.m-q.ch\\\/wp-content\\\/uploads\\\/2022\\\/07\\\/Babtec_LogoPG.jpg\"},{\"@type\":\"BreadcrumbList\",\"@id\":\"https:\\\/\\\/www.m-q.ch\\\/de\\\/caq-software-hersteller-babtec-gruendet-schweizer-niederlassung\\\/#breadcrumb\",\"itemListElement\":[{\"@type\":\"ListItem\",\"position\":1,\"name\":\"Home\",\"item\":\"https:\\\/\\\/www.organisator.ch\\\/\"},{\"@type\":\"ListItem\",\"position\":2,\"name\":\"CAQ-Software-Hersteller Babtec gr\u00fcndet Schweizer Niederlassung\"}]},{\"@type\":\"WebSite\",\"@id\":\"https:\\\/\\\/www.organisator.ch\\\/#website\",\"url\":\"https:\\\/\\\/www.organisator.ch\\\/\",\"name\":\"Organisator\",\"description\":\"Kompetent. Praxisnah. Der ORGANISATOR bereitet in 10 Ausgaben pro Jahr die wesentlichen Themen f\u00fcr F\u00fchrungskr\u00e4fte von KMU auf.\",\"publisher\":{\"@id\":\"https:\\\/\\\/www.organisator.ch\\\/#organization\"},\"potentialAction\":[{\"@type\":\"SearchAction\",\"target\":{\"@type\":\"EntryPoint\",\"urlTemplate\":\"https:\\\/\\\/www.organisator.ch\\\/?s={search_term_string}\"},\"query-input\":{\"@type\":\"PropertyValueSpecification\",\"valueRequired\":true,\"valueName\":\"search_term_string\"}}],\"inLanguage\":\"fr-FR\"},{\"@type\":\"Organization\",\"@id\":\"https:\\\/\\\/www.organisator.ch\\\/#organization\",\"name\":\"Organisator\",\"url\":\"https:\\\/\\\/www.organisator.ch\\\/\",\"logo\":{\"@type\":\"ImageObject\",\"inLanguage\":\"fr-FR\",\"@id\":\"https:\\\/\\\/www.organisator.ch\\\/#\\\/schema\\\/logo\\\/image\\\/\",\"url\":\"https:\\\/\\\/www.organisator.ch\\\/wp-content\\\/uploads\\\/2022\\\/01\\\/Logo_Organisator_Website.png\",\"contentUrl\":\"https:\\\/\\\/www.organisator.ch\\\/wp-content\\\/uploads\\\/2022\\\/01\\\/Logo_Organisator_Website.png\",\"width\":800,\"height\":77,\"caption\":\"Organisator\"},\"image\":{\"@id\":\"https:\\\/\\\/www.organisator.ch\\\/#\\\/schema\\\/logo\\\/image\\\/\"},\"sameAs\":[\"https:\\\/\\\/www.facebook.com\\\/OrganisatorFachmagazin\",\"https:\\\/\\\/www.linkedin.com\\\/showcase\\\/organisator-das-magazin-fr-kmu\",\"https:\\\/\\\/www.xing.com\\\/news\\\/pages\\\/organisator-ch-695\",\"https:\\\/\\\/www.youtube.com\\\/channel\\\/UCGP2Sq0iWaZwT3BdIAQFYpw\"]},{\"@type\":\"Person\",\"@id\":\"https:\\\/\\\/www.organisator.ch\\\/#\\\/schema\\\/person\\\/4e51799071cd2dd1232ac003643ef5f0\",\"name\":\"galledia\",\"image\":{\"@type\":\"ImageObject\",\"inLanguage\":\"fr-FR\",\"@id\":\"https:\\\/\\\/secure.gravatar.com\\\/avatar\\\/78a7f90c01fc2bfc875782a0d4922b37cde2cf184ce347b91316d23cd7f69a36?s=96&d=mm&r=g\",\"url\":\"https:\\\/\\\/secure.gravatar.com\\\/avatar\\\/78a7f90c01fc2bfc875782a0d4922b37cde2cf184ce347b91316d23cd7f69a36?s=96&d=mm&r=g\",\"contentUrl\":\"https:\\\/\\\/secure.gravatar.com\\\/avatar\\\/78a7f90c01fc2bfc875782a0d4922b37cde2cf184ce347b91316d23cd7f69a36?s=96&d=mm&r=g\",\"caption\":\"galledia\"},\"sameAs\":[\"https:\\\/\\\/x.com\\\/admin\"],\"url\":\"https:\\\/\\\/www.organisator.ch\\\/fr\\\/author\\\/galledia\\\/\"}]}<\/script>\n<!-- \/ Yoast SEO plugin. -->","yoast_head_json":{"title":"Babtec, fabricant de logiciels CAQ, cr\u00e9e une filiale suisse - Organisateur","description":"L'\u00e9diteur allemand de logiciels de gestion de la qualit\u00e9 Babtec, bas\u00e9 \u00e0 Wuppertal, a jet\u00e9 les bases d'un site suisse en cr\u00e9ant d\u00e9but juin Babtec Schweiz AG.","robots":{"index":"index","follow":"follow","max-snippet":"max-snippet:-1","max-image-preview":"max-image-preview:large","max-video-preview":"max-video-preview:-1"},"canonical":"https:\/\/www.m-q.ch\/de\/caq-software-hersteller-babtec-gruendet-schweizer-niederlassung\/","og_locale":"fr_FR","og_type":"article","og_title":"CAQ-Software-Hersteller Babtec gr\u00fcndet Schweizer Niederlassung - Organisator","og_description":"Der deutsche Hersteller von Qualit\u00e4tsmanagement-Software Babtec aus Wuppertal hat Anfang Juni mit der Gr\u00fcndung der Babtec Schweiz AG die Grundlage f\u00fcr einen Schweizer Standort geschaffen.","og_url":"https:\/\/www.m-q.ch\/de\/caq-software-hersteller-babtec-gruendet-schweizer-niederlassung\/","og_site_name":"Organisator","article_publisher":"https:\/\/www.facebook.com\/OrganisatorFachmagazin","article_published_time":"2022-07-13T02:50:44+00:00","article_modified_time":"2022-07-21T10:15:47+00:00","og_image":[{"url":"https:\/\/www.m-q.ch\/wp-content\/uploads\/2022\/07\/Babtec_LogoPG.jpg","type":"","width":"","height":""}],"author":"galledia","twitter_card":"summary_large_image","twitter_creator":"@admin","schema":{"@context":"https:\/\/schema.org","@graph":[{"@type":"Article","@id":"https:\/\/www.m-q.ch\/de\/caq-software-hersteller-babtec-gruendet-schweizer-niederlassung\/#article","isPartOf":{"@id":"https:\/\/www.organisator.ch\/operational-excellence\/2022-07-13\/caq-software-hersteller-babtec-gruendet-schweizer-niederlassung\/"},"author":{"name":"galledia","@id":"https:\/\/www.organisator.ch\/#\/schema\/person\/4e51799071cd2dd1232ac003643ef5f0"},"headline":"CAQ-Software-Hersteller Babtec gr\u00fcndet Schweizer Niederlassung","datePublished":"2022-07-13T02:50:44+00:00","dateModified":"2022-07-21T10:15:47+00:00","mainEntityOfPage":{"@id":"https:\/\/www.organisator.ch\/operational-excellence\/2022-07-13\/caq-software-hersteller-babtec-gruendet-schweizer-niederlassung\/"},"wordCount":211,"publisher":{"@id":"https:\/\/www.organisator.ch\/#organization"},"image":{"@id":"https:\/\/www.m-q.ch\/de\/caq-software-hersteller-babtec-gruendet-schweizer-niederlassung\/#primaryimage"},"thumbnailUrl":"https:\/\/www.m-q.ch\/wp-content\/uploads\/2022\/07\/Babtec_LogoPG.jpg","keywords":["Babtec","CAQ","Hersteller","Schweiz AG","Software"],"articleSection":["OPERATIONAL EXCELLENCE"],"inLanguage":"fr-FR"},{"@type":"WebPage","@id":"https:\/\/www.organisator.ch\/operational-excellence\/2022-07-13\/caq-software-hersteller-babtec-gruendet-schweizer-niederlassung\/","url":"https:\/\/www.m-q.ch\/de\/caq-software-hersteller-babtec-gruendet-schweizer-niederlassung\/","name":"Babtec, fabricant de logiciels CAQ, cr\u00e9e une filiale suisse - Organisateur","isPartOf":{"@id":"https:\/\/www.organisator.ch\/#website"},"primaryImageOfPage":{"@id":"https:\/\/www.m-q.ch\/de\/caq-software-hersteller-babtec-gruendet-schweizer-niederlassung\/#primaryimage"},"image":{"@id":"https:\/\/www.m-q.ch\/de\/caq-software-hersteller-babtec-gruendet-schweizer-niederlassung\/#primaryimage"},"thumbnailUrl":"https:\/\/www.m-q.ch\/wp-content\/uploads\/2022\/07\/Babtec_LogoPG.jpg","datePublished":"2022-07-13T02:50:44+00:00","dateModified":"2022-07-21T10:15:47+00:00","description":"L'\u00e9diteur allemand de logiciels de gestion de la qualit\u00e9 Babtec, bas\u00e9 \u00e0 Wuppertal, a jet\u00e9 les bases d'un site suisse en cr\u00e9ant d\u00e9but juin Babtec Schweiz AG.","breadcrumb":{"@id":"https:\/\/www.m-q.ch\/de\/caq-software-hersteller-babtec-gruendet-schweizer-niederlassung\/#breadcrumb"},"inLanguage":"fr-FR","potentialAction":[{"@type":"ReadAction","target":["https:\/\/www.m-q.ch\/de\/caq-software-hersteller-babtec-gruendet-schweizer-niederlassung\/"]}]},{"@type":"ImageObject","inLanguage":"fr-FR","@id":"https:\/\/www.m-q.ch\/de\/caq-software-hersteller-babtec-gruendet-schweizer-niederlassung\/#primaryimage","url":"https:\/\/www.m-q.ch\/wp-content\/uploads\/2022\/07\/Babtec_LogoPG.jpg","contentUrl":"https:\/\/www.m-q.ch\/wp-content\/uploads\/2022\/07\/Babtec_LogoPG.jpg"},{"@type":"BreadcrumbList","@id":"https:\/\/www.m-q.ch\/de\/caq-software-hersteller-babtec-gruendet-schweizer-niederlassung\/#breadcrumb","itemListElement":[{"@type":"ListItem","position":1,"name":"Home","item":"https:\/\/www.organisator.ch\/"},{"@type":"ListItem","position":2,"name":"CAQ-Software-Hersteller Babtec gr\u00fcndet Schweizer Niederlassung"}]},{"@type":"WebSite","@id":"https:\/\/www.organisator.ch\/#website","url":"https:\/\/www.organisator.ch\/","name":"Organisateur","description":"Comp\u00e9tence et comp\u00e9tence. Proches de la pratique. L'ORGANISATEUR pr\u00e9pare 10 num\u00e9ros par an sur les th\u00e8mes essentiels pour les dirigeants de PME.","publisher":{"@id":"https:\/\/www.organisator.ch\/#organization"},"potentialAction":[{"@type":"SearchAction","target":{"@type":"EntryPoint","urlTemplate":"https:\/\/www.organisator.ch\/?s={search_term_string}"},"query-input":{"@type":"PropertyValueSpecification","valueRequired":true,"valueName":"search_term_string"}}],"inLanguage":"fr-FR"},{"@type":"Organization","@id":"https:\/\/www.organisator.ch\/#organization","name":"Organisateur","url":"https:\/\/www.organisator.ch\/","logo":{"@type":"ImageObject","inLanguage":"fr-FR","@id":"https:\/\/www.organisator.ch\/#\/schema\/logo\/image\/","url":"https:\/\/www.organisator.ch\/wp-content\/uploads\/2022\/01\/Logo_Organisator_Website.png","contentUrl":"https:\/\/www.organisator.ch\/wp-content\/uploads\/2022\/01\/Logo_Organisator_Website.png","width":800,"height":77,"caption":"Organisator"},"image":{"@id":"https:\/\/www.organisator.ch\/#\/schema\/logo\/image\/"},"sameAs":["https:\/\/www.facebook.com\/OrganisatorFachmagazin","https:\/\/www.linkedin.com\/showcase\/organisator-das-magazin-fr-kmu","https:\/\/www.xing.com\/news\/pages\/organisator-ch-695","https:\/\/www.youtube.com\/channel\/UCGP2Sq0iWaZwT3BdIAQFYpw"]},{"@type":"Person","@id":"https:\/\/www.organisator.ch\/#\/schema\/person\/4e51799071cd2dd1232ac003643ef5f0","name":"galledia","image":{"@type":"ImageObject","inLanguage":"fr-FR","@id":"https:\/\/secure.gravatar.com\/avatar\/78a7f90c01fc2bfc875782a0d4922b37cde2cf184ce347b91316d23cd7f69a36?s=96&d=mm&r=g","url":"https:\/\/secure.gravatar.com\/avatar\/78a7f90c01fc2bfc875782a0d4922b37cde2cf184ce347b91316d23cd7f69a36?s=96&d=mm&r=g","contentUrl":"https:\/\/secure.gravatar.com\/avatar\/78a7f90c01fc2bfc875782a0d4922b37cde2cf184ce347b91316d23cd7f69a36?s=96&d=mm&r=g","caption":"galledia"},"sameAs":["https:\/\/x.com\/admin"],"url":"https:\/\/www.organisator.ch\/fr\/author\/galledia\/"}]}},"_links":{"self":[{"href":"https:\/\/www.organisator.ch\/fr\/wp-json\/wp\/v2\/posts\/15643","targetHints":{"allow":["GET"]}}],"collection":[{"href":"https:\/\/www.organisator.ch\/fr\/wp-json\/wp\/v2\/posts"}],"about":[{"href":"https:\/\/www.organisator.ch\/fr\/wp-json\/wp\/v2\/types\/post"}],"author":[{"embeddable":true,"href":"https:\/\/www.organisator.ch\/fr\/wp-json\/wp\/v2\/users\/8"}],"replies":[{"embeddable":true,"href":"https:\/\/www.organisator.ch\/fr\/wp-json\/wp\/v2\/comments?post=15643"}],"version-history":[{"count":3,"href":"https:\/\/www.organisator.ch\/fr\/wp-json\/wp\/v2\/posts\/15643\/revisions"}],"predecessor-version":[{"id":15704,"href":"https:\/\/www.organisator.ch\/fr\/wp-json\/wp\/v2\/posts\/15643\/revisions\/15704"}],"wp:attachment":[{"href":"https:\/\/www.organisator.ch\/fr\/wp-json\/wp\/v2\/media?parent=15643"}],"wp:term":[{"taxonomy":"category","embeddable":true,"href":"https:\/\/www.organisator.ch\/fr\/wp-json\/wp\/v2\/categories?post=15643"},{"taxonomy":"post_tag","embeddable":true,"href":"https:\/\/www.organisator.ch\/fr\/wp-json\/wp\/v2\/tags?post=15643"}],"curies":[{"name":"wp","href":"https:\/\/api.w.org\/{rel}","templated":true}]}}