{"id":15658,"date":"2022-07-25T07:40:50","date_gmt":"2022-07-25T05:40:50","guid":{"rendered":"https:\/\/www.organisator.ch\/?p=15658"},"modified":"2022-07-25T07:32:37","modified_gmt":"2022-07-25T05:32:37","slug":"rueckblick-female-business-seminars-ceo-talk-mit-silvio-denz","status":"publish","type":"post","link":"https:\/\/www.organisator.ch\/fr\/allgemein\/2022-07-25\/rueckblick-female-business-seminars-ceo-talk-mit-silvio-denz\/","title":{"rendered":"R\u00e9trospective de l'\u00e9v\u00e9nement : Female Business Seminars CEO-Talk avec Silvio Denz"},"content":{"rendered":"<figure id=\"attachment_15659\" aria-describedby=\"caption-attachment-15659\" style=\"width: 680px\" class=\"wp-caption alignnone\"><img loading=\"lazy\" decoding=\"async\" class=\"size-full wp-image-15659\" src=\"https:\/\/www.organisator.ch\/wp-content\/uploads\/2022\/07\/Rueckblick-Female-Business-Seminars-CEO-Talk-mit-Silvio-Denz_Organisator.jpg\" alt=\"\" width=\"680\" height=\"489\" srcset=\"https:\/\/www.organisator.ch\/wp-content\/uploads\/2022\/07\/Rueckblick-Female-Business-Seminars-CEO-Talk-mit-Silvio-Denz_Organisator.jpg 680w, https:\/\/www.organisator.ch\/wp-content\/uploads\/2022\/07\/Rueckblick-Female-Business-Seminars-CEO-Talk-mit-Silvio-Denz_Organisator-18x12.jpg 18w, https:\/\/www.organisator.ch\/wp-content\/uploads\/2022\/07\/Rueckblick-Female-Business-Seminars-CEO-Talk-mit-Silvio-Denz_Organisator-243x175.jpg 243w, https:\/\/www.organisator.ch\/wp-content\/uploads\/2022\/07\/Rueckblick-Female-Business-Seminars-CEO-Talk-mit-Silvio-Denz_Organisator-487x350.jpg 487w, https:\/\/www.organisator.ch\/wp-content\/uploads\/2022\/07\/Rueckblick-Female-Business-Seminars-CEO-Talk-mit-Silvio-Denz_Organisator-300x216.jpg 300w\" sizes=\"auto, (max-width: 680px) 100vw, 680px\" \/><figcaption id=\"caption-attachment-15659\" class=\"wp-caption-text\">Le bon flair pour les parfums, les vins et une culture d'entreprise responsable : Silvio Denz en a parl\u00e9 lors du Female Business Seminar CEO-Talk du 5 juillet 2022. (Photo : zVg \/ Adriana Tripa)<\/figcaption><\/figure>\n<p>Le mardi 5 juillet 2022, le quatri\u00e8me CEO-Talk de Female Business Seminars avec Silvio Denz, actionnaire principal et VRP de Lalique Group SA, s'est d\u00e9roul\u00e9 avec succ\u00e8s. L'entretien a \u00e9t\u00e9 men\u00e9 par Madame Karin Jeker Weber, fondatrice et CEO de Female Business Seminars. Silvio Denz, entrepreneur exp\u00e9riment\u00e9, a donn\u00e9 au public un aper\u00e7u de son groupe Lalique, des h\u00f4tels et des domaines viticoles. Au cours de la discussion, il est apparu clairement qu'il est important d'avoir du flair pour les personnes et l'histoire derri\u00e8re une entreprise. L'entrepreneur, qui a eu tr\u00e8s jeune un bon flair pour les parfums, a en outre soulign\u00e9 la pertinence de la cr\u00e9ation d'exp\u00e9riences qui font appel \u00e0 tous les sens. \"Cr\u00e9ez des exp\u00e9riences qui font appel \u00e0 tous les sens\", tel \u00e9tait le message de l'invit\u00e9 du talk-show.<\/p>\n<p>L'h\u00e9ritage du fondateur de l'entreprise Ren\u00e9 Lalique a \u00e9t\u00e9 ressuscit\u00e9 sous la direction de Silvio Denz, compl\u00e9t\u00e9 par une exp\u00e9rience et des relations commerciales pr\u00e9cieuses dans le secteur des cosm\u00e9tiques et des parfums. Avec Silvio Denz, le public a fait la connaissance d'un CEO responsable, pour qui le maintien des emplois et du site de production \u00e0 Wingen (Alsace) est particuli\u00e8rement important. Aujourd'hui, on peut \u00e9galement y visiter un mus\u00e9e avec plus de 650 \u0153uvres en bijoux, cristal et verre d\u00e9coratif ou la villa de Ren\u00e9 Lalique transform\u00e9e en h\u00f4tel. Positionn\u00e9 comme un \u00e9v\u00e9nement exclusif, l'\u00e9tablissement 5 \u00e9toiles Les Trois Rois \u00e0 B\u00e2le offrait le cadre appropri\u00e9 pour cette manifestation. L'h\u00f4tesse et directrice g\u00e9n\u00e9rale de l'h\u00f4tel Tanja Wegmann, qui a transmis son poste \u00e0 son successeur Philippe Clarinval d\u00e9but juillet, \u00e9tait \u00e9galement pr\u00e9sente.<\/p>\n<p><em>Source : <a href=\"http:\/\/www.femalebusinessseminars.ch\">www.femalebusinessseminars.ch<\/a><\/em><\/p>","protected":false},"excerpt":{"rendered":"<p>Am Dienstag, den 5. Juli 2022, ging der vierte CEO-Talk von Female Business Seminars mit Silvio Denz, Hauptaktion\u00e4r und VRP der Lalique Group SA, erfolgreich \u00fcber die B\u00fchne. Das Interview wurde von Frau Dr. Karin Jeker Weber, Gr\u00fcnderin und CEO von Female Business Seminars, geleitet. Der erfahrene Unternehmer Silvio Denz gab dem Publikum Einblick in [&hellip;]<\/p>\n","protected":false},"author":4,"featured_media":15659,"comment_status":"closed","ping_status":"closed","sticky":false,"template":"","format":"standard","meta":{"_acf_changed":false,"_yoast_wpseo_focuskw":"Silvio Denz","_yoast_wpseo_metadesc":"Silvio Denz, Verwaltungsratspr\u00e4sident der Lalique Group SA, gab am Female Business Seminars CEO-Talk Einblicke in sein Leben und Schaffen.","articlekey":"","footnotes":""},"categories":[1],"tags":[335,2846],"class_list":["post-15658","post","type-post","status-publish","format-standard","has-post-thumbnail","hentry","category-allgemein","tag-management-und-unternehmensfuehrung","tag-tagungen-und-events"],"acf":[],"yoast_head":"<!-- This site is optimized with the Yoast SEO plugin v27.5 - https:\/\/yoast.com\/product\/yoast-seo-wordpress\/ -->\n<title>R\u00fcckblick: Female Business Seminars CEO-Talk mit Silvio Denz - Organisator<\/title>\n<meta name=\"description\" content=\"Silvio Denz, Verwaltungsratspr\u00e4sident der Lalique Group SA, gab am Female Business Seminars CEO-Talk Einblicke in sein Leben und Schaffen.\" \/>\n<meta name=\"robots\" content=\"index, follow, max-snippet:-1, max-image-preview:large, max-video-preview:-1\" \/>\n<link rel=\"canonical\" href=\"https:\/\/www.organisator.ch\/fr\/general\/2022-07-25\/rueckblick-female-business-seminars-ceo-talk-mit-silvio-denz\/\" \/>\n<meta property=\"og:locale\" content=\"fr_FR\" \/>\n<meta property=\"og:type\" content=\"article\" \/>\n<meta property=\"og:title\" content=\"R\u00fcckblick: Female Business Seminars CEO-Talk mit Silvio Denz\" \/>\n<meta property=\"og:description\" content=\"Silvio Denz, Verwaltungsratspr\u00e4sident der Lalique Group SA, gab am Female Business Seminars CEO-Talk Einblicke in sein Leben und Schaffen.\" \/>\n<meta property=\"og:url\" content=\"https:\/\/www.organisator.ch\/fr\/general\/2022-07-25\/rueckblick-female-business-seminars-ceo-talk-mit-silvio-denz\/\" \/>\n<meta property=\"og:site_name\" content=\"Organisator\" \/>\n<meta property=\"article:publisher\" content=\"https:\/\/www.facebook.com\/OrganisatorFachmagazin\" \/>\n<meta property=\"article:published_time\" content=\"2022-07-25T05:40:50+00:00\" \/>\n<meta property=\"og:image\" content=\"https:\/\/www.organisator.ch\/wp-content\/uploads\/2022\/07\/Rueckblick-Female-Business-Seminars-CEO-Talk-mit-Silvio-Denz_Organisator.jpg\" \/>\n\t<meta property=\"og:image:width\" content=\"680\" \/>\n\t<meta property=\"og:image:height\" content=\"489\" \/>\n\t<meta property=\"og:image:type\" content=\"image\/jpeg\" \/>\n<meta name=\"author\" content=\"thomas.berner\" \/>\n<meta name=\"twitter:card\" content=\"summary_large_image\" \/>\n<meta name=\"twitter:title\" content=\"R\u00fcckblick: Female Business Seminars CEO-Talk mit Silvio #Denz\" \/>\n<meta name=\"twitter:description\" content=\"Silvio #Denz, Verwaltungsratspr\u00e4sident der #Lalique Group SA, gab am Female Business Seminars #CEO-Talk Einblicke in sein Leben und Schaffen.\" \/>\n<meta name=\"twitter:image\" content=\"https:\/\/www.organisator.ch\/wp-content\/uploads\/2022\/07\/Rueckblick-Female-Business-Seminars-CEO-Talk-mit-Silvio-Denz_Organisator.jpg\" \/>\n<script type=\"application\/ld+json\" class=\"yoast-schema-graph\">{\"@context\":\"https:\\\/\\\/schema.org\",\"@graph\":[{\"@type\":\"Article\",\"@id\":\"https:\\\/\\\/www.organisator.ch\\\/en\\\/general\\\/2022-07-25\\\/retrospective-female-business-seminars-ceo-talk-with-silvio-denz\\\/#article\",\"isPartOf\":{\"@id\":\"https:\\\/\\\/www.organisator.ch\\\/en\\\/general\\\/2022-07-25\\\/retrospective-female-business-seminars-ceo-talk-with-silvio-denz\\\/\"},\"author\":{\"name\":\"thomas.berner\",\"@id\":\"https:\\\/\\\/www.organisator.ch\\\/#\\\/schema\\\/person\\\/6f650f90b2842cd4c0cc334b4e36f67e\"},\"headline\":\"R\u00fcckblick: Female Business Seminars CEO-Talk mit Silvio Denz\",\"datePublished\":\"2022-07-25T05:40:50+00:00\",\"mainEntityOfPage\":{\"@id\":\"https:\\\/\\\/www.organisator.ch\\\/en\\\/general\\\/2022-07-25\\\/retrospective-female-business-seminars-ceo-talk-with-silvio-denz\\\/\"},\"wordCount\":298,\"publisher\":{\"@id\":\"https:\\\/\\\/www.organisator.ch\\\/#organization\"},\"image\":{\"@id\":\"https:\\\/\\\/www.organisator.ch\\\/en\\\/general\\\/2022-07-25\\\/retrospective-female-business-seminars-ceo-talk-with-silvio-denz\\\/#primaryimage\"},\"thumbnailUrl\":\"https:\\\/\\\/www.organisator.ch\\\/wp-content\\\/uploads\\\/2022\\\/07\\\/Rueckblick-Female-Business-Seminars-CEO-Talk-mit-Silvio-Denz_Organisator.jpg\",\"keywords\":[\"Management und Unternehmensf\u00fchrung\",\"Tagungen und Events\"],\"articleSection\":[\"Allgemein\"],\"inLanguage\":\"fr-FR\"},{\"@type\":\"WebPage\",\"@id\":\"https:\\\/\\\/www.organisator.ch\\\/en\\\/general\\\/2022-07-25\\\/retrospective-female-business-seminars-ceo-talk-with-silvio-denz\\\/\",\"url\":\"https:\\\/\\\/www.organisator.ch\\\/en\\\/general\\\/2022-07-25\\\/retrospective-female-business-seminars-ceo-talk-with-silvio-denz\\\/\",\"name\":\"R\u00fcckblick: Female Business Seminars CEO-Talk mit Silvio Denz - Organisator\",\"isPartOf\":{\"@id\":\"https:\\\/\\\/www.organisator.ch\\\/#website\"},\"primaryImageOfPage\":{\"@id\":\"https:\\\/\\\/www.organisator.ch\\\/en\\\/general\\\/2022-07-25\\\/retrospective-female-business-seminars-ceo-talk-with-silvio-denz\\\/#primaryimage\"},\"image\":{\"@id\":\"https:\\\/\\\/www.organisator.ch\\\/en\\\/general\\\/2022-07-25\\\/retrospective-female-business-seminars-ceo-talk-with-silvio-denz\\\/#primaryimage\"},\"thumbnailUrl\":\"https:\\\/\\\/www.organisator.ch\\\/wp-content\\\/uploads\\\/2022\\\/07\\\/Rueckblick-Female-Business-Seminars-CEO-Talk-mit-Silvio-Denz_Organisator.jpg\",\"datePublished\":\"2022-07-25T05:40:50+00:00\",\"description\":\"Silvio Denz, Verwaltungsratspr\u00e4sident der Lalique Group SA, gab am Female Business Seminars CEO-Talk Einblicke in sein Leben und Schaffen.\",\"breadcrumb\":{\"@id\":\"https:\\\/\\\/www.organisator.ch\\\/en\\\/general\\\/2022-07-25\\\/retrospective-female-business-seminars-ceo-talk-with-silvio-denz\\\/#breadcrumb\"},\"inLanguage\":\"fr-FR\",\"potentialAction\":[{\"@type\":\"ReadAction\",\"target\":[\"https:\\\/\\\/www.organisator.ch\\\/en\\\/general\\\/2022-07-25\\\/retrospective-female-business-seminars-ceo-talk-with-silvio-denz\\\/\"]}]},{\"@type\":\"ImageObject\",\"inLanguage\":\"fr-FR\",\"@id\":\"https:\\\/\\\/www.organisator.ch\\\/en\\\/general\\\/2022-07-25\\\/retrospective-female-business-seminars-ceo-talk-with-silvio-denz\\\/#primaryimage\",\"url\":\"https:\\\/\\\/www.organisator.ch\\\/wp-content\\\/uploads\\\/2022\\\/07\\\/Rueckblick-Female-Business-Seminars-CEO-Talk-mit-Silvio-Denz_Organisator.jpg\",\"contentUrl\":\"https:\\\/\\\/www.organisator.ch\\\/wp-content\\\/uploads\\\/2022\\\/07\\\/Rueckblick-Female-Business-Seminars-CEO-Talk-mit-Silvio-Denz_Organisator.jpg\",\"width\":680,\"height\":489,\"caption\":\"Den guten Riecher f\u00fcr Parfums, Weine und eine verantwortungsvolle Unternehmenskultur: Dar\u00fcber sprach Silvio Denz anl\u00e4sslich des Female Business Seminars CEO-Talk vom 5. Juli 2022. (Bild: zVg \\\/ Adriana Tripa)\"},{\"@type\":\"BreadcrumbList\",\"@id\":\"https:\\\/\\\/www.organisator.ch\\\/en\\\/general\\\/2022-07-25\\\/retrospective-female-business-seminars-ceo-talk-with-silvio-denz\\\/#breadcrumb\",\"itemListElement\":[{\"@type\":\"ListItem\",\"position\":1,\"name\":\"Home\",\"item\":\"https:\\\/\\\/www.organisator.ch\\\/\"},{\"@type\":\"ListItem\",\"position\":2,\"name\":\"R\u00fcckblick: Female Business Seminars CEO-Talk mit Silvio Denz\"}]},{\"@type\":\"WebSite\",\"@id\":\"https:\\\/\\\/www.organisator.ch\\\/#website\",\"url\":\"https:\\\/\\\/www.organisator.ch\\\/\",\"name\":\"Organisator\",\"description\":\"Kompetent. Praxisnah. Der ORGANISATOR bereitet in 10 Ausgaben pro Jahr die wesentlichen Themen f\u00fcr F\u00fchrungskr\u00e4fte von KMU auf.\",\"publisher\":{\"@id\":\"https:\\\/\\\/www.organisator.ch\\\/#organization\"},\"potentialAction\":[{\"@type\":\"SearchAction\",\"target\":{\"@type\":\"EntryPoint\",\"urlTemplate\":\"https:\\\/\\\/www.organisator.ch\\\/?s={search_term_string}\"},\"query-input\":{\"@type\":\"PropertyValueSpecification\",\"valueRequired\":true,\"valueName\":\"search_term_string\"}}],\"inLanguage\":\"fr-FR\"},{\"@type\":\"Organization\",\"@id\":\"https:\\\/\\\/www.organisator.ch\\\/#organization\",\"name\":\"Organisator\",\"url\":\"https:\\\/\\\/www.organisator.ch\\\/\",\"logo\":{\"@type\":\"ImageObject\",\"inLanguage\":\"fr-FR\",\"@id\":\"https:\\\/\\\/www.organisator.ch\\\/#\\\/schema\\\/logo\\\/image\\\/\",\"url\":\"https:\\\/\\\/www.organisator.ch\\\/wp-content\\\/uploads\\\/2022\\\/01\\\/Logo_Organisator_Website.png\",\"contentUrl\":\"https:\\\/\\\/www.organisator.ch\\\/wp-content\\\/uploads\\\/2022\\\/01\\\/Logo_Organisator_Website.png\",\"width\":800,\"height\":77,\"caption\":\"Organisator\"},\"image\":{\"@id\":\"https:\\\/\\\/www.organisator.ch\\\/#\\\/schema\\\/logo\\\/image\\\/\"},\"sameAs\":[\"https:\\\/\\\/www.facebook.com\\\/OrganisatorFachmagazin\",\"https:\\\/\\\/www.linkedin.com\\\/showcase\\\/organisator-das-magazin-fr-kmu\",\"https:\\\/\\\/www.xing.com\\\/news\\\/pages\\\/organisator-ch-695\",\"https:\\\/\\\/www.youtube.com\\\/channel\\\/UCGP2Sq0iWaZwT3BdIAQFYpw\"]},{\"@type\":\"Person\",\"@id\":\"https:\\\/\\\/www.organisator.ch\\\/#\\\/schema\\\/person\\\/6f650f90b2842cd4c0cc334b4e36f67e\",\"name\":\"thomas.berner\",\"image\":{\"@type\":\"ImageObject\",\"inLanguage\":\"fr-FR\",\"@id\":\"https:\\\/\\\/secure.gravatar.com\\\/avatar\\\/ac5001d2a36cb6c6cd3e50789007ffca834b477b74a2144564522e944eabff61?s=96&d=mm&r=g\",\"url\":\"https:\\\/\\\/secure.gravatar.com\\\/avatar\\\/ac5001d2a36cb6c6cd3e50789007ffca834b477b74a2144564522e944eabff61?s=96&d=mm&r=g\",\"contentUrl\":\"https:\\\/\\\/secure.gravatar.com\\\/avatar\\\/ac5001d2a36cb6c6cd3e50789007ffca834b477b74a2144564522e944eabff61?s=96&d=mm&r=g\",\"caption\":\"thomas.berner\"},\"url\":\"https:\\\/\\\/www.organisator.ch\\\/fr\\\/author\\\/thomas-berner\\\/\"}]}<\/script>\n<!-- \/ Yoast SEO plugin. -->","yoast_head_json":{"title":"R\u00e9trospective de l'\u00e9v\u00e9nement : Female Business Seminars CEO-Talk avec Silvio Denz - organisateur","description":"Silvio Denz, pr\u00e9sident du conseil d'administration de Lalique Group SA, a donn\u00e9 un aper\u00e7u de sa vie et de son \u0153uvre lors du Female Business Seminars CEO-Talk.","robots":{"index":"index","follow":"follow","max-snippet":"max-snippet:-1","max-image-preview":"max-image-preview:large","max-video-preview":"max-video-preview:-1"},"canonical":"https:\/\/www.organisator.ch\/fr\/general\/2022-07-25\/rueckblick-female-business-seminars-ceo-talk-mit-silvio-denz\/","og_locale":"fr_FR","og_type":"article","og_title":"R\u00fcckblick: Female Business Seminars CEO-Talk mit Silvio Denz","og_description":"Silvio Denz, Verwaltungsratspr\u00e4sident der Lalique Group SA, gab am Female Business Seminars CEO-Talk Einblicke in sein Leben und Schaffen.","og_url":"https:\/\/www.organisator.ch\/fr\/general\/2022-07-25\/rueckblick-female-business-seminars-ceo-talk-mit-silvio-denz\/","og_site_name":"Organisator","article_publisher":"https:\/\/www.facebook.com\/OrganisatorFachmagazin","article_published_time":"2022-07-25T05:40:50+00:00","og_image":[{"width":680,"height":489,"url":"https:\/\/www.organisator.ch\/wp-content\/uploads\/2022\/07\/Rueckblick-Female-Business-Seminars-CEO-Talk-mit-Silvio-Denz_Organisator.jpg","type":"image\/jpeg"}],"author":"thomas.berner","twitter_card":"summary_large_image","twitter_title":"R\u00fcckblick: Female Business Seminars CEO-Talk mit Silvio #Denz","twitter_description":"Silvio #Denz, Verwaltungsratspr\u00e4sident der #Lalique Group SA, gab am Female Business Seminars #CEO-Talk Einblicke in sein Leben und Schaffen.","twitter_image":"https:\/\/www.organisator.ch\/wp-content\/uploads\/2022\/07\/Rueckblick-Female-Business-Seminars-CEO-Talk-mit-Silvio-Denz_Organisator.jpg","schema":{"@context":"https:\/\/schema.org","@graph":[{"@type":"Article","@id":"https:\/\/www.organisator.ch\/en\/general\/2022-07-25\/retrospective-female-business-seminars-ceo-talk-with-silvio-denz\/#article","isPartOf":{"@id":"https:\/\/www.organisator.ch\/en\/general\/2022-07-25\/retrospective-female-business-seminars-ceo-talk-with-silvio-denz\/"},"author":{"name":"thomas.berner","@id":"https:\/\/www.organisator.ch\/#\/schema\/person\/6f650f90b2842cd4c0cc334b4e36f67e"},"headline":"R\u00fcckblick: Female Business Seminars CEO-Talk mit Silvio Denz","datePublished":"2022-07-25T05:40:50+00:00","mainEntityOfPage":{"@id":"https:\/\/www.organisator.ch\/en\/general\/2022-07-25\/retrospective-female-business-seminars-ceo-talk-with-silvio-denz\/"},"wordCount":298,"publisher":{"@id":"https:\/\/www.organisator.ch\/#organization"},"image":{"@id":"https:\/\/www.organisator.ch\/en\/general\/2022-07-25\/retrospective-female-business-seminars-ceo-talk-with-silvio-denz\/#primaryimage"},"thumbnailUrl":"https:\/\/www.organisator.ch\/wp-content\/uploads\/2022\/07\/Rueckblick-Female-Business-Seminars-CEO-Talk-mit-Silvio-Denz_Organisator.jpg","keywords":["Management und Unternehmensf\u00fchrung","Tagungen und Events"],"articleSection":["Allgemein"],"inLanguage":"fr-FR"},{"@type":"WebPage","@id":"https:\/\/www.organisator.ch\/en\/general\/2022-07-25\/retrospective-female-business-seminars-ceo-talk-with-silvio-denz\/","url":"https:\/\/www.organisator.ch\/en\/general\/2022-07-25\/retrospective-female-business-seminars-ceo-talk-with-silvio-denz\/","name":"R\u00e9trospective de l'\u00e9v\u00e9nement : Female Business Seminars CEO-Talk avec Silvio Denz - organisateur","isPartOf":{"@id":"https:\/\/www.organisator.ch\/#website"},"primaryImageOfPage":{"@id":"https:\/\/www.organisator.ch\/en\/general\/2022-07-25\/retrospective-female-business-seminars-ceo-talk-with-silvio-denz\/#primaryimage"},"image":{"@id":"https:\/\/www.organisator.ch\/en\/general\/2022-07-25\/retrospective-female-business-seminars-ceo-talk-with-silvio-denz\/#primaryimage"},"thumbnailUrl":"https:\/\/www.organisator.ch\/wp-content\/uploads\/2022\/07\/Rueckblick-Female-Business-Seminars-CEO-Talk-mit-Silvio-Denz_Organisator.jpg","datePublished":"2022-07-25T05:40:50+00:00","description":"Silvio Denz, pr\u00e9sident du conseil d'administration de Lalique Group SA, a donn\u00e9 un aper\u00e7u de sa vie et de son \u0153uvre lors du Female Business Seminars CEO-Talk.","breadcrumb":{"@id":"https:\/\/www.organisator.ch\/en\/general\/2022-07-25\/retrospective-female-business-seminars-ceo-talk-with-silvio-denz\/#breadcrumb"},"inLanguage":"fr-FR","potentialAction":[{"@type":"ReadAction","target":["https:\/\/www.organisator.ch\/en\/general\/2022-07-25\/retrospective-female-business-seminars-ceo-talk-with-silvio-denz\/"]}]},{"@type":"ImageObject","inLanguage":"fr-FR","@id":"https:\/\/www.organisator.ch\/en\/general\/2022-07-25\/retrospective-female-business-seminars-ceo-talk-with-silvio-denz\/#primaryimage","url":"https:\/\/www.organisator.ch\/wp-content\/uploads\/2022\/07\/Rueckblick-Female-Business-Seminars-CEO-Talk-mit-Silvio-Denz_Organisator.jpg","contentUrl":"https:\/\/www.organisator.ch\/wp-content\/uploads\/2022\/07\/Rueckblick-Female-Business-Seminars-CEO-Talk-mit-Silvio-Denz_Organisator.jpg","width":680,"height":489,"caption":"Den guten Riecher f\u00fcr Parfums, Weine und eine verantwortungsvolle Unternehmenskultur: Dar\u00fcber sprach Silvio Denz anl\u00e4sslich des Female Business Seminars CEO-Talk vom 5. Juli 2022. (Bild: zVg \/ Adriana Tripa)"},{"@type":"BreadcrumbList","@id":"https:\/\/www.organisator.ch\/en\/general\/2022-07-25\/retrospective-female-business-seminars-ceo-talk-with-silvio-denz\/#breadcrumb","itemListElement":[{"@type":"ListItem","position":1,"name":"Home","item":"https:\/\/www.organisator.ch\/"},{"@type":"ListItem","position":2,"name":"R\u00fcckblick: Female Business Seminars CEO-Talk mit Silvio Denz"}]},{"@type":"WebSite","@id":"https:\/\/www.organisator.ch\/#website","url":"https:\/\/www.organisator.ch\/","name":"Organisateur","description":"Comp\u00e9tence et comp\u00e9tence. Proches de la pratique. L'ORGANISATEUR pr\u00e9pare 10 num\u00e9ros par an sur les th\u00e8mes essentiels pour les dirigeants de PME.","publisher":{"@id":"https:\/\/www.organisator.ch\/#organization"},"potentialAction":[{"@type":"SearchAction","target":{"@type":"EntryPoint","urlTemplate":"https:\/\/www.organisator.ch\/?s={search_term_string}"},"query-input":{"@type":"PropertyValueSpecification","valueRequired":true,"valueName":"search_term_string"}}],"inLanguage":"fr-FR"},{"@type":"Organization","@id":"https:\/\/www.organisator.ch\/#organization","name":"Organisateur","url":"https:\/\/www.organisator.ch\/","logo":{"@type":"ImageObject","inLanguage":"fr-FR","@id":"https:\/\/www.organisator.ch\/#\/schema\/logo\/image\/","url":"https:\/\/www.organisator.ch\/wp-content\/uploads\/2022\/01\/Logo_Organisator_Website.png","contentUrl":"https:\/\/www.organisator.ch\/wp-content\/uploads\/2022\/01\/Logo_Organisator_Website.png","width":800,"height":77,"caption":"Organisator"},"image":{"@id":"https:\/\/www.organisator.ch\/#\/schema\/logo\/image\/"},"sameAs":["https:\/\/www.facebook.com\/OrganisatorFachmagazin","https:\/\/www.linkedin.com\/showcase\/organisator-das-magazin-fr-kmu","https:\/\/www.xing.com\/news\/pages\/organisator-ch-695","https:\/\/www.youtube.com\/channel\/UCGP2Sq0iWaZwT3BdIAQFYpw"]},{"@type":"Person","@id":"https:\/\/www.organisator.ch\/#\/schema\/person\/6f650f90b2842cd4c0cc334b4e36f67e","name":"thomas.berner","image":{"@type":"ImageObject","inLanguage":"fr-FR","@id":"https:\/\/secure.gravatar.com\/avatar\/ac5001d2a36cb6c6cd3e50789007ffca834b477b74a2144564522e944eabff61?s=96&d=mm&r=g","url":"https:\/\/secure.gravatar.com\/avatar\/ac5001d2a36cb6c6cd3e50789007ffca834b477b74a2144564522e944eabff61?s=96&d=mm&r=g","contentUrl":"https:\/\/secure.gravatar.com\/avatar\/ac5001d2a36cb6c6cd3e50789007ffca834b477b74a2144564522e944eabff61?s=96&d=mm&r=g","caption":"thomas.berner"},"url":"https:\/\/www.organisator.ch\/fr\/author\/thomas-berner\/"}]}},"_links":{"self":[{"href":"https:\/\/www.organisator.ch\/fr\/wp-json\/wp\/v2\/posts\/15658","targetHints":{"allow":["GET"]}}],"collection":[{"href":"https:\/\/www.organisator.ch\/fr\/wp-json\/wp\/v2\/posts"}],"about":[{"href":"https:\/\/www.organisator.ch\/fr\/wp-json\/wp\/v2\/types\/post"}],"author":[{"embeddable":true,"href":"https:\/\/www.organisator.ch\/fr\/wp-json\/wp\/v2\/users\/4"}],"replies":[{"embeddable":true,"href":"https:\/\/www.organisator.ch\/fr\/wp-json\/wp\/v2\/comments?post=15658"}],"version-history":[{"count":1,"href":"https:\/\/www.organisator.ch\/fr\/wp-json\/wp\/v2\/posts\/15658\/revisions"}],"predecessor-version":[{"id":15660,"href":"https:\/\/www.organisator.ch\/fr\/wp-json\/wp\/v2\/posts\/15658\/revisions\/15660"}],"wp:featuredmedia":[{"embeddable":true,"href":"https:\/\/www.organisator.ch\/fr\/wp-json\/wp\/v2\/media\/15659"}],"wp:attachment":[{"href":"https:\/\/www.organisator.ch\/fr\/wp-json\/wp\/v2\/media?parent=15658"}],"wp:term":[{"taxonomy":"category","embeddable":true,"href":"https:\/\/www.organisator.ch\/fr\/wp-json\/wp\/v2\/categories?post=15658"},{"taxonomy":"post_tag","embeddable":true,"href":"https:\/\/www.organisator.ch\/fr\/wp-json\/wp\/v2\/tags?post=15658"}],"curies":[{"name":"wp","href":"https:\/\/api.w.org\/{rel}","templated":true}]}}