{"id":15661,"date":"2022-07-21T14:15:25","date_gmt":"2022-07-21T12:15:25","guid":{"rendered":"https:\/\/www.organisator.ch\/?p=15661"},"modified":"2022-09-20T13:23:45","modified_gmt":"2022-09-20T11:23:45","slug":"hochqualifizierte-selbstbewusste-mitarbeiter-fuehren","status":"publish","type":"post","link":"https:\/\/www.organisator.ch\/fr\/management\/2022-07-21\/hochqualifizierte-selbstbewusste-mitarbeiter-fuehren\/","title":{"rendered":"Diriger des collaborateurs hautement qualifi\u00e9s et s\u00fbrs d'eux"},"content":{"rendered":"<figure id=\"attachment_15662\" aria-describedby=\"caption-attachment-15662\" style=\"width: 680px\" class=\"wp-caption alignnone\"><img loading=\"lazy\" decoding=\"async\" class=\"size-full wp-image-15662\" src=\"https:\/\/www.organisator.ch\/wp-content\/uploads\/2022\/07\/Hochqualifizierte-selbstbewusste-Mitarbeiter-fuehren_Organisator.jpg\" alt=\"\" width=\"680\" height=\"426\" srcset=\"https:\/\/www.organisator.ch\/wp-content\/uploads\/2022\/07\/Hochqualifizierte-selbstbewusste-Mitarbeiter-fuehren_Organisator.jpg 680w, https:\/\/www.organisator.ch\/wp-content\/uploads\/2022\/07\/Hochqualifizierte-selbstbewusste-Mitarbeiter-fuehren_Organisator-18x12.jpg 18w, https:\/\/www.organisator.ch\/wp-content\/uploads\/2022\/07\/Hochqualifizierte-selbstbewusste-Mitarbeiter-fuehren_Organisator-279x175.jpg 279w, https:\/\/www.organisator.ch\/wp-content\/uploads\/2022\/07\/Hochqualifizierte-selbstbewusste-Mitarbeiter-fuehren_Organisator-559x350.jpg 559w, https:\/\/www.organisator.ch\/wp-content\/uploads\/2022\/07\/Hochqualifizierte-selbstbewusste-Mitarbeiter-fuehren_Organisator-300x188.jpg 300w\" sizes=\"auto, (max-width: 680px) 100vw, 680px\" \/><figcaption id=\"caption-attachment-15662\" class=\"wp-caption-text\">Diriger des collaborateurs et collaboratrices s\u00fbrs d'eux est une t\u00e2che exigeante. (Image : Unsplash.com)<\/figcaption><\/figure>\n<p>Aujourd'hui, les cadres n'ont souvent plus d'avance sur leurs collaborateurs en termes de connaissances techniques et d'exp\u00e9rience. En effet, il n'est pas rare que ces derniers soient des sp\u00e9cialistes hautement qualifi\u00e9s. Ces collaborateurs sont donc tr\u00e8s s\u00fbrs d'eux, surtout lorsqu'ils savent que l'entreprise d\u00e9pend de leur expertise. Ils veulent alors ressentir au quotidien l'estime qu'ils estiment leur \u00eatre due. Si cela fait d\u00e9faut, leur motivation au travail diminue et, dans le cas extr\u00eame, ils changent d'employeur.<\/p>\n<h3><strong>Communiquer plus et diff\u00e9remment<\/strong><\/h3>\n<p>De nombreux cadres ont du mal \u00e0 diriger des collaborateurs aussi s\u00fbrs d'eux, notamment parce que certains ont encore secr\u00e8tement int\u00e9rioris\u00e9 le credo selon lequel leurs instructions doivent \u00eatre suivies aveugl\u00e9ment. Mais de nombreux membres de la \"g\u00e9n\u00e9ration Y\", n\u00e9s apr\u00e8s 1980 et qui forment aujourd'hui d\u00e9j\u00e0 l'\u00e9pine dorsale de nombreuses entreprises, voient les choses diff\u00e9remment. Ils remettent souvent en question les instructions et les d\u00e9cisions de leurs dirigeants et veulent avoir une explication plausible \u00e0 leurs yeux sur la n\u00e9cessit\u00e9 de certaines choses.<\/p>\n<p>Cela signifie pour les cadres : Ils doivent communiquer davantage et diff\u00e9remment qu'auparavant avec leurs collaborateurs. Au lieu de donner des instructions du haut vers le bas, il faut aujourd'hui impliquer les employ\u00e9s dans les processus de d\u00e9cision. Si cela n'est pas possible, les cadres doivent au moins accepter que les collaborateurs, en plus de leurs d\u00e9cisions, remettent parfois en question leur comportement.<\/p>\n<p>En th\u00e9orie, la plupart des cadres en sont bien conscients. Mais cela ne signifie pas qu'ils adoptent toujours le bon comportement de direction dans leur travail quotidien. On constate souvent que dans les situations o\u00f9 ils sont eux-m\u00eames tendus, les sup\u00e9rieurs adoptent un comportement qui correspond davantage \u00e0 un style de gestion autoritaire qu'\u00e0 un style de gestion partenarial et coop\u00e9ratif. Il n'est pas rare qu'ils provoquent ainsi des conflits qui auraient pu \u00eatre \u00e9vit\u00e9s.<\/p>\n<h3><strong>Les collaborateurs \"tiquent\" tr\u00e8s diff\u00e9remment<\/strong><\/h3>\n<p>Dans la vie quotidienne de l'entreprise, on constate en outre que les \u00e9quipes compos\u00e9es de nombreux collaborateurs s\u00fbrs d'eux ne rencontrent jamais de probl\u00e8mes avec certains d'entre eux, mais que les relations avec d'autres sont toujours conflictuelles, ce qui fait que ces collaborateurs sont \u00e9tiquet\u00e9s \"difficiles\" par leur direction.<\/p>\n<p>Si l'on analyse les causes de cette situation, on constate souvent que si la relation entre le cadre et le collaborateur est bonne, les cadres ont la plupart du temps<\/p>\n<ul>\n<li>ont un syst\u00e8me de valeurs similaire \u00e0 celui des collaborateurs avec lesquels ils s'entendent bien, et\/ou<\/li>\n<li>leurs pr\u00e9f\u00e9rences en mati\u00e8re de comportement correspondent aux attentes que les collaborateurs ont envers leur manager en raison de leur syst\u00e8me de valeurs.<\/li>\n<\/ul>\n<p>Il en va autrement pour les \"collaborateurs difficiles\". Soit ils ont un syst\u00e8me de valeurs diff\u00e9rent de celui de leur manager, ce qui fait que d'autres choses sont importantes pour eux. Ou bien ils ont, en raison de leur syst\u00e8me de valeurs, des attentes envers leur manager que celui-ci ne satisfait pas en raison de leurs pr\u00e9f\u00e9rences.<\/p>\n<h3><strong>Conna\u00eetre les diff\u00e9rents syst\u00e8mes de valeurs<\/strong><\/h3>\n<p>Les syst\u00e8mes de valeurs et les attentes divergents ne posent g\u00e9n\u00e9ralement pas de probl\u00e8me dans le quotidien de l'entreprise si les cadres les connaissent. Mais de nombreux sup\u00e9rieurs ne sont m\u00eame pas conscients de leur propre syst\u00e8me de valeurs et de leurs propres pr\u00e9f\u00e9rences en mati\u00e8re de comportement. Et c'est encore moins le cas en ce qui concerne les collaborateurs. Pourtant, cela devient de plus en plus important pour une direction r\u00e9ussie - notamment parce qu'aujourd'hui, de moins en moins de personnes sont pr\u00eates \u00e0 accepter sans poser de questions une quelconque autorit\u00e9 qu'elles n'ont pas choisie.<\/p>\n<p>Si les sup\u00e9rieurs souhaitent diriger leurs collaborateurs de mani\u00e8re individuelle et conform\u00e9ment \u00e0 leurs syst\u00e8mes de valeurs, ils doivent savoir ce qui suit :<\/p>\n<ul>\n<li>Quel est le \"tic\" de mon collaborateur ?<\/li>\n<li>Comment voit-on le monde \u00e0 travers ses \"lunettes\" ?<\/li>\n<li>De quoi a-t-il besoin pour \u00eatre performant ?<\/li>\n<\/ul>\n<p>Car ce n'est qu'alors que les cadres peuvent vraiment adapter leur comportement de direction \u00e0 leur interlocuteur. En outre, ce n'est qu'\u00e0 ce moment-l\u00e0 qu'ils peuvent conclure un accord solide avec chaque collaborateur sur ce dont il a besoin pour que son travail soit satisfaisant, parce qu'il a du sens et qu'il correspond \u00e0 son syst\u00e8me de valeurs.<\/p>\n<p><strong>Auteur<br \/>\n<\/strong><em>Joachim Simon, Braunschweig, est un formateur de cadres et un conf\u00e9rencier sp\u00e9cialis\u00e9 dans le (self-)leadership (<a href=\"http:\/\/www.joachimsimon.info\/\">www.joachimsimon.info<\/a>). Il est l'auteur du livre \"Selbstverantwortung im Unternehmen\" paru aux \u00e9ditions Haufe et cofondateur de l'application de coaching en (auto)leadership Mindshine (<a href=\"http:\/\/www.mindshine.app\">www.mindshine.app<\/a>).<\/em><\/p>","protected":false},"excerpt":{"rendered":"<p>F\u00fchrungskr\u00e4fte haben heute oft keinen fachlichen Wissens- und Erfahrungsvorsprung mehr vor ihren Mitarbeitenden. Denn diese sind nicht selten hochqualifizierte Spezialisten. Entsprechend selbstbewusst sind diese Mitarbeiter \u2013 insbesondere, wenn sie wissen, dass das Unternehmen auf ihre Expertise angewiesen ist. Dann wollen sie im t\u00e4glichen Miteinander die Wertsch\u00e4tzung sp\u00fcren, die ihnen ihrer Auffassung nach geb\u00fchrt. Fehlt diese, [&hellip;]<\/p>\n","protected":false},"author":4,"featured_media":15662,"comment_status":"closed","ping_status":"closed","sticky":false,"template":"","format":"standard","meta":{"_acf_changed":false,"_yoast_wpseo_focuskw":"selbstbewusste Mitarbeiter","_yoast_wpseo_metadesc":"Hochqualifizierte und selbstbewusste Mitarbeiter hinterfragen h\u00e4ufig die Meinungen und Entscheidungen ihrer Vorgesetzten. Wie damit umgehen?","articlekey":"","footnotes":""},"categories":[28],"tags":[320,335],"class_list":["post-15661","post","type-post","status-publish","format-standard","has-post-thumbnail","hentry","category-management","tag-leadership","tag-management-und-unternehmensfuehrung"],"acf":[],"yoast_head":"<!-- This site is optimized with the Yoast SEO plugin v27.5 - https:\/\/yoast.com\/product\/yoast-seo-wordpress\/ -->\n<title>Hochqualifizierte, selbstbewusste Mitarbeiter f\u00fchren - Organisator<\/title>\n<meta name=\"description\" content=\"Hochqualifizierte und selbstbewusste Mitarbeiter hinterfragen h\u00e4ufig die Meinungen und Entscheidungen ihrer Vorgesetzten. Wie damit umgehen?\" \/>\n<meta name=\"robots\" content=\"index, follow, max-snippet:-1, max-image-preview:large, max-video-preview:-1\" \/>\n<link rel=\"canonical\" href=\"https:\/\/www.organisator.ch\/fr\/gestion-2\/2022-07-21\/hochqualifizierte-selbstbewusste-mitarbeiter-fuehren\/\" \/>\n<meta property=\"og:locale\" content=\"fr_FR\" \/>\n<meta property=\"og:type\" content=\"article\" \/>\n<meta property=\"og:title\" content=\"Hochqualifizierte, selbstbewusste Mitarbeiter f\u00fchren\" \/>\n<meta property=\"og:description\" content=\"Hochqualifizierte und selbstbewusste Mitarbeiter hinterfragen h\u00e4ufig die Meinungen und Entscheidungen ihrer Vorgesetzten. Wie damit umgehen?\" \/>\n<meta property=\"og:url\" content=\"https:\/\/www.organisator.ch\/fr\/gestion-2\/2022-07-21\/hochqualifizierte-selbstbewusste-mitarbeiter-fuehren\/\" \/>\n<meta property=\"og:site_name\" content=\"Organisator\" \/>\n<meta property=\"article:publisher\" content=\"https:\/\/www.facebook.com\/OrganisatorFachmagazin\" \/>\n<meta property=\"article:published_time\" content=\"2022-07-21T12:15:25+00:00\" \/>\n<meta property=\"article:modified_time\" content=\"2022-09-20T11:23:45+00:00\" \/>\n<meta property=\"og:image\" content=\"https:\/\/www.organisator.ch\/wp-content\/uploads\/2022\/07\/Hochqualifizierte-selbstbewusste-Mitarbeiter-fuehren_Organisator.jpg\" \/>\n\t<meta property=\"og:image:width\" content=\"680\" \/>\n\t<meta property=\"og:image:height\" content=\"426\" \/>\n\t<meta property=\"og:image:type\" content=\"image\/jpeg\" \/>\n<meta name=\"author\" content=\"thomas.berner\" \/>\n<meta name=\"twitter:card\" content=\"summary_large_image\" \/>\n<meta name=\"twitter:title\" content=\"Hochqualifizierte, selbstbewusste #Mitarbeiter f\u00fchren\" \/>\n<meta name=\"twitter:description\" content=\"Hochqualifizierte und selbstbewusste #Mitarbeiter hinterfragen h\u00e4ufig die Meinungen und Entscheidungen ihrer #Vorgesetzten. Wie damit umgehen?\" \/>\n<meta name=\"twitter:image\" content=\"https:\/\/www.organisator.ch\/wp-content\/uploads\/2022\/07\/Hochqualifizierte-selbstbewusste-Mitarbeiter-fuehren_Organisator.jpg\" \/>\n<script type=\"application\/ld+json\" class=\"yoast-schema-graph\">{\"@context\":\"https:\\\/\\\/schema.org\",\"@graph\":[{\"@type\":\"Article\",\"@id\":\"https:\\\/\\\/www.organisator.ch\\\/management\\\/2022-07-21\\\/hochqualifizierte-selbstbewusste-mitarbeiter-fuehren\\\/#article\",\"isPartOf\":{\"@id\":\"https:\\\/\\\/www.organisator.ch\\\/management\\\/2022-07-21\\\/hochqualifizierte-selbstbewusste-mitarbeiter-fuehren\\\/\"},\"author\":{\"name\":\"thomas.berner\",\"@id\":\"https:\\\/\\\/www.organisator.ch\\\/#\\\/schema\\\/person\\\/6f650f90b2842cd4c0cc334b4e36f67e\"},\"headline\":\"Hochqualifizierte, selbstbewusste Mitarbeiter f\u00fchren\",\"datePublished\":\"2022-07-21T12:15:25+00:00\",\"dateModified\":\"2022-09-20T11:23:45+00:00\",\"mainEntityOfPage\":{\"@id\":\"https:\\\/\\\/www.organisator.ch\\\/management\\\/2022-07-21\\\/hochqualifizierte-selbstbewusste-mitarbeiter-fuehren\\\/\"},\"wordCount\":659,\"publisher\":{\"@id\":\"https:\\\/\\\/www.organisator.ch\\\/#organization\"},\"image\":{\"@id\":\"https:\\\/\\\/www.organisator.ch\\\/management\\\/2022-07-21\\\/hochqualifizierte-selbstbewusste-mitarbeiter-fuehren\\\/#primaryimage\"},\"thumbnailUrl\":\"https:\\\/\\\/www.organisator.ch\\\/wp-content\\\/uploads\\\/2022\\\/07\\\/Hochqualifizierte-selbstbewusste-Mitarbeiter-fuehren_Organisator.jpg\",\"keywords\":[\"Leadership\",\"Management und Unternehmensf\u00fchrung\"],\"articleSection\":[\"MANAGEMENT\"],\"inLanguage\":\"fr-FR\"},{\"@type\":\"WebPage\",\"@id\":\"https:\\\/\\\/www.organisator.ch\\\/management\\\/2022-07-21\\\/hochqualifizierte-selbstbewusste-mitarbeiter-fuehren\\\/\",\"url\":\"https:\\\/\\\/www.organisator.ch\\\/management\\\/2022-07-21\\\/hochqualifizierte-selbstbewusste-mitarbeiter-fuehren\\\/\",\"name\":\"Hochqualifizierte, selbstbewusste Mitarbeiter f\u00fchren - Organisator\",\"isPartOf\":{\"@id\":\"https:\\\/\\\/www.organisator.ch\\\/#website\"},\"primaryImageOfPage\":{\"@id\":\"https:\\\/\\\/www.organisator.ch\\\/management\\\/2022-07-21\\\/hochqualifizierte-selbstbewusste-mitarbeiter-fuehren\\\/#primaryimage\"},\"image\":{\"@id\":\"https:\\\/\\\/www.organisator.ch\\\/management\\\/2022-07-21\\\/hochqualifizierte-selbstbewusste-mitarbeiter-fuehren\\\/#primaryimage\"},\"thumbnailUrl\":\"https:\\\/\\\/www.organisator.ch\\\/wp-content\\\/uploads\\\/2022\\\/07\\\/Hochqualifizierte-selbstbewusste-Mitarbeiter-fuehren_Organisator.jpg\",\"datePublished\":\"2022-07-21T12:15:25+00:00\",\"dateModified\":\"2022-09-20T11:23:45+00:00\",\"description\":\"Hochqualifizierte und selbstbewusste Mitarbeiter hinterfragen h\u00e4ufig die Meinungen und Entscheidungen ihrer Vorgesetzten. Wie damit umgehen?\",\"breadcrumb\":{\"@id\":\"https:\\\/\\\/www.organisator.ch\\\/management\\\/2022-07-21\\\/hochqualifizierte-selbstbewusste-mitarbeiter-fuehren\\\/#breadcrumb\"},\"inLanguage\":\"fr-FR\",\"potentialAction\":[{\"@type\":\"ReadAction\",\"target\":[\"https:\\\/\\\/www.organisator.ch\\\/management\\\/2022-07-21\\\/hochqualifizierte-selbstbewusste-mitarbeiter-fuehren\\\/\"]}]},{\"@type\":\"ImageObject\",\"inLanguage\":\"fr-FR\",\"@id\":\"https:\\\/\\\/www.organisator.ch\\\/management\\\/2022-07-21\\\/hochqualifizierte-selbstbewusste-mitarbeiter-fuehren\\\/#primaryimage\",\"url\":\"https:\\\/\\\/www.organisator.ch\\\/wp-content\\\/uploads\\\/2022\\\/07\\\/Hochqualifizierte-selbstbewusste-Mitarbeiter-fuehren_Organisator.jpg\",\"contentUrl\":\"https:\\\/\\\/www.organisator.ch\\\/wp-content\\\/uploads\\\/2022\\\/07\\\/Hochqualifizierte-selbstbewusste-Mitarbeiter-fuehren_Organisator.jpg\",\"width\":680,\"height\":426,\"caption\":\"Selbstbewusste Mitarbeiter und Mitarbeiterinnen f\u00fchren ist anspruchsvoll. (Bild: Unsplash.com)\"},{\"@type\":\"BreadcrumbList\",\"@id\":\"https:\\\/\\\/www.organisator.ch\\\/management\\\/2022-07-21\\\/hochqualifizierte-selbstbewusste-mitarbeiter-fuehren\\\/#breadcrumb\",\"itemListElement\":[{\"@type\":\"ListItem\",\"position\":1,\"name\":\"Home\",\"item\":\"https:\\\/\\\/www.organisator.ch\\\/\"},{\"@type\":\"ListItem\",\"position\":2,\"name\":\"Hochqualifizierte, selbstbewusste Mitarbeiter f\u00fchren\"}]},{\"@type\":\"WebSite\",\"@id\":\"https:\\\/\\\/www.organisator.ch\\\/#website\",\"url\":\"https:\\\/\\\/www.organisator.ch\\\/\",\"name\":\"Organisator\",\"description\":\"Kompetent. Praxisnah. Der ORGANISATOR bereitet in 10 Ausgaben pro Jahr die wesentlichen Themen f\u00fcr F\u00fchrungskr\u00e4fte von KMU auf.\",\"publisher\":{\"@id\":\"https:\\\/\\\/www.organisator.ch\\\/#organization\"},\"potentialAction\":[{\"@type\":\"SearchAction\",\"target\":{\"@type\":\"EntryPoint\",\"urlTemplate\":\"https:\\\/\\\/www.organisator.ch\\\/?s={search_term_string}\"},\"query-input\":{\"@type\":\"PropertyValueSpecification\",\"valueRequired\":true,\"valueName\":\"search_term_string\"}}],\"inLanguage\":\"fr-FR\"},{\"@type\":\"Organization\",\"@id\":\"https:\\\/\\\/www.organisator.ch\\\/#organization\",\"name\":\"Organisator\",\"url\":\"https:\\\/\\\/www.organisator.ch\\\/\",\"logo\":{\"@type\":\"ImageObject\",\"inLanguage\":\"fr-FR\",\"@id\":\"https:\\\/\\\/www.organisator.ch\\\/#\\\/schema\\\/logo\\\/image\\\/\",\"url\":\"https:\\\/\\\/www.organisator.ch\\\/wp-content\\\/uploads\\\/2022\\\/01\\\/Logo_Organisator_Website.png\",\"contentUrl\":\"https:\\\/\\\/www.organisator.ch\\\/wp-content\\\/uploads\\\/2022\\\/01\\\/Logo_Organisator_Website.png\",\"width\":800,\"height\":77,\"caption\":\"Organisator\"},\"image\":{\"@id\":\"https:\\\/\\\/www.organisator.ch\\\/#\\\/schema\\\/logo\\\/image\\\/\"},\"sameAs\":[\"https:\\\/\\\/www.facebook.com\\\/OrganisatorFachmagazin\",\"https:\\\/\\\/www.linkedin.com\\\/showcase\\\/organisator-das-magazin-fr-kmu\",\"https:\\\/\\\/www.xing.com\\\/news\\\/pages\\\/organisator-ch-695\",\"https:\\\/\\\/www.youtube.com\\\/channel\\\/UCGP2Sq0iWaZwT3BdIAQFYpw\"]},{\"@type\":\"Person\",\"@id\":\"https:\\\/\\\/www.organisator.ch\\\/#\\\/schema\\\/person\\\/6f650f90b2842cd4c0cc334b4e36f67e\",\"name\":\"thomas.berner\",\"image\":{\"@type\":\"ImageObject\",\"inLanguage\":\"fr-FR\",\"@id\":\"https:\\\/\\\/secure.gravatar.com\\\/avatar\\\/ac5001d2a36cb6c6cd3e50789007ffca834b477b74a2144564522e944eabff61?s=96&d=mm&r=g\",\"url\":\"https:\\\/\\\/secure.gravatar.com\\\/avatar\\\/ac5001d2a36cb6c6cd3e50789007ffca834b477b74a2144564522e944eabff61?s=96&d=mm&r=g\",\"contentUrl\":\"https:\\\/\\\/secure.gravatar.com\\\/avatar\\\/ac5001d2a36cb6c6cd3e50789007ffca834b477b74a2144564522e944eabff61?s=96&d=mm&r=g\",\"caption\":\"thomas.berner\"},\"url\":\"https:\\\/\\\/www.organisator.ch\\\/fr\\\/author\\\/thomas-berner\\\/\"}]}<\/script>\n<!-- \/ Yoast SEO plugin. -->","yoast_head_json":{"title":"Diriger des collaborateurs hautement qualifi\u00e9s et confiants - Organisateur","description":"Les employ\u00e9s hautement qualifi\u00e9s et s\u00fbrs d'eux remettent souvent en question les opinions et les d\u00e9cisions de leurs sup\u00e9rieurs. Comment g\u00e9rer cela ?","robots":{"index":"index","follow":"follow","max-snippet":"max-snippet:-1","max-image-preview":"max-image-preview:large","max-video-preview":"max-video-preview:-1"},"canonical":"https:\/\/www.organisator.ch\/fr\/gestion-2\/2022-07-21\/hochqualifizierte-selbstbewusste-mitarbeiter-fuehren\/","og_locale":"fr_FR","og_type":"article","og_title":"Hochqualifizierte, selbstbewusste Mitarbeiter f\u00fchren","og_description":"Hochqualifizierte und selbstbewusste Mitarbeiter hinterfragen h\u00e4ufig die Meinungen und Entscheidungen ihrer Vorgesetzten. Wie damit umgehen?","og_url":"https:\/\/www.organisator.ch\/fr\/gestion-2\/2022-07-21\/hochqualifizierte-selbstbewusste-mitarbeiter-fuehren\/","og_site_name":"Organisator","article_publisher":"https:\/\/www.facebook.com\/OrganisatorFachmagazin","article_published_time":"2022-07-21T12:15:25+00:00","article_modified_time":"2022-09-20T11:23:45+00:00","og_image":[{"width":680,"height":426,"url":"https:\/\/www.organisator.ch\/wp-content\/uploads\/2022\/07\/Hochqualifizierte-selbstbewusste-Mitarbeiter-fuehren_Organisator.jpg","type":"image\/jpeg"}],"author":"thomas.berner","twitter_card":"summary_large_image","twitter_title":"Hochqualifizierte, selbstbewusste #Mitarbeiter f\u00fchren","twitter_description":"Hochqualifizierte und selbstbewusste #Mitarbeiter hinterfragen h\u00e4ufig die Meinungen und Entscheidungen ihrer #Vorgesetzten. Wie damit umgehen?","twitter_image":"https:\/\/www.organisator.ch\/wp-content\/uploads\/2022\/07\/Hochqualifizierte-selbstbewusste-Mitarbeiter-fuehren_Organisator.jpg","schema":{"@context":"https:\/\/schema.org","@graph":[{"@type":"Article","@id":"https:\/\/www.organisator.ch\/management\/2022-07-21\/hochqualifizierte-selbstbewusste-mitarbeiter-fuehren\/#article","isPartOf":{"@id":"https:\/\/www.organisator.ch\/management\/2022-07-21\/hochqualifizierte-selbstbewusste-mitarbeiter-fuehren\/"},"author":{"name":"thomas.berner","@id":"https:\/\/www.organisator.ch\/#\/schema\/person\/6f650f90b2842cd4c0cc334b4e36f67e"},"headline":"Hochqualifizierte, selbstbewusste Mitarbeiter f\u00fchren","datePublished":"2022-07-21T12:15:25+00:00","dateModified":"2022-09-20T11:23:45+00:00","mainEntityOfPage":{"@id":"https:\/\/www.organisator.ch\/management\/2022-07-21\/hochqualifizierte-selbstbewusste-mitarbeiter-fuehren\/"},"wordCount":659,"publisher":{"@id":"https:\/\/www.organisator.ch\/#organization"},"image":{"@id":"https:\/\/www.organisator.ch\/management\/2022-07-21\/hochqualifizierte-selbstbewusste-mitarbeiter-fuehren\/#primaryimage"},"thumbnailUrl":"https:\/\/www.organisator.ch\/wp-content\/uploads\/2022\/07\/Hochqualifizierte-selbstbewusste-Mitarbeiter-fuehren_Organisator.jpg","keywords":["Leadership","Management und Unternehmensf\u00fchrung"],"articleSection":["MANAGEMENT"],"inLanguage":"fr-FR"},{"@type":"WebPage","@id":"https:\/\/www.organisator.ch\/management\/2022-07-21\/hochqualifizierte-selbstbewusste-mitarbeiter-fuehren\/","url":"https:\/\/www.organisator.ch\/management\/2022-07-21\/hochqualifizierte-selbstbewusste-mitarbeiter-fuehren\/","name":"Diriger des collaborateurs hautement qualifi\u00e9s et confiants - Organisateur","isPartOf":{"@id":"https:\/\/www.organisator.ch\/#website"},"primaryImageOfPage":{"@id":"https:\/\/www.organisator.ch\/management\/2022-07-21\/hochqualifizierte-selbstbewusste-mitarbeiter-fuehren\/#primaryimage"},"image":{"@id":"https:\/\/www.organisator.ch\/management\/2022-07-21\/hochqualifizierte-selbstbewusste-mitarbeiter-fuehren\/#primaryimage"},"thumbnailUrl":"https:\/\/www.organisator.ch\/wp-content\/uploads\/2022\/07\/Hochqualifizierte-selbstbewusste-Mitarbeiter-fuehren_Organisator.jpg","datePublished":"2022-07-21T12:15:25+00:00","dateModified":"2022-09-20T11:23:45+00:00","description":"Les employ\u00e9s hautement qualifi\u00e9s et s\u00fbrs d'eux remettent souvent en question les opinions et les d\u00e9cisions de leurs sup\u00e9rieurs. Comment g\u00e9rer cela ?","breadcrumb":{"@id":"https:\/\/www.organisator.ch\/management\/2022-07-21\/hochqualifizierte-selbstbewusste-mitarbeiter-fuehren\/#breadcrumb"},"inLanguage":"fr-FR","potentialAction":[{"@type":"ReadAction","target":["https:\/\/www.organisator.ch\/management\/2022-07-21\/hochqualifizierte-selbstbewusste-mitarbeiter-fuehren\/"]}]},{"@type":"ImageObject","inLanguage":"fr-FR","@id":"https:\/\/www.organisator.ch\/management\/2022-07-21\/hochqualifizierte-selbstbewusste-mitarbeiter-fuehren\/#primaryimage","url":"https:\/\/www.organisator.ch\/wp-content\/uploads\/2022\/07\/Hochqualifizierte-selbstbewusste-Mitarbeiter-fuehren_Organisator.jpg","contentUrl":"https:\/\/www.organisator.ch\/wp-content\/uploads\/2022\/07\/Hochqualifizierte-selbstbewusste-Mitarbeiter-fuehren_Organisator.jpg","width":680,"height":426,"caption":"Selbstbewusste Mitarbeiter und Mitarbeiterinnen f\u00fchren ist anspruchsvoll. (Bild: Unsplash.com)"},{"@type":"BreadcrumbList","@id":"https:\/\/www.organisator.ch\/management\/2022-07-21\/hochqualifizierte-selbstbewusste-mitarbeiter-fuehren\/#breadcrumb","itemListElement":[{"@type":"ListItem","position":1,"name":"Home","item":"https:\/\/www.organisator.ch\/"},{"@type":"ListItem","position":2,"name":"Hochqualifizierte, selbstbewusste Mitarbeiter f\u00fchren"}]},{"@type":"WebSite","@id":"https:\/\/www.organisator.ch\/#website","url":"https:\/\/www.organisator.ch\/","name":"Organisateur","description":"Comp\u00e9tence et comp\u00e9tence. Proches de la pratique. L'ORGANISATEUR pr\u00e9pare 10 num\u00e9ros par an sur les th\u00e8mes essentiels pour les dirigeants de PME.","publisher":{"@id":"https:\/\/www.organisator.ch\/#organization"},"potentialAction":[{"@type":"SearchAction","target":{"@type":"EntryPoint","urlTemplate":"https:\/\/www.organisator.ch\/?s={search_term_string}"},"query-input":{"@type":"PropertyValueSpecification","valueRequired":true,"valueName":"search_term_string"}}],"inLanguage":"fr-FR"},{"@type":"Organization","@id":"https:\/\/www.organisator.ch\/#organization","name":"Organisateur","url":"https:\/\/www.organisator.ch\/","logo":{"@type":"ImageObject","inLanguage":"fr-FR","@id":"https:\/\/www.organisator.ch\/#\/schema\/logo\/image\/","url":"https:\/\/www.organisator.ch\/wp-content\/uploads\/2022\/01\/Logo_Organisator_Website.png","contentUrl":"https:\/\/www.organisator.ch\/wp-content\/uploads\/2022\/01\/Logo_Organisator_Website.png","width":800,"height":77,"caption":"Organisator"},"image":{"@id":"https:\/\/www.organisator.ch\/#\/schema\/logo\/image\/"},"sameAs":["https:\/\/www.facebook.com\/OrganisatorFachmagazin","https:\/\/www.linkedin.com\/showcase\/organisator-das-magazin-fr-kmu","https:\/\/www.xing.com\/news\/pages\/organisator-ch-695","https:\/\/www.youtube.com\/channel\/UCGP2Sq0iWaZwT3BdIAQFYpw"]},{"@type":"Person","@id":"https:\/\/www.organisator.ch\/#\/schema\/person\/6f650f90b2842cd4c0cc334b4e36f67e","name":"thomas.berner","image":{"@type":"ImageObject","inLanguage":"fr-FR","@id":"https:\/\/secure.gravatar.com\/avatar\/ac5001d2a36cb6c6cd3e50789007ffca834b477b74a2144564522e944eabff61?s=96&d=mm&r=g","url":"https:\/\/secure.gravatar.com\/avatar\/ac5001d2a36cb6c6cd3e50789007ffca834b477b74a2144564522e944eabff61?s=96&d=mm&r=g","contentUrl":"https:\/\/secure.gravatar.com\/avatar\/ac5001d2a36cb6c6cd3e50789007ffca834b477b74a2144564522e944eabff61?s=96&d=mm&r=g","caption":"thomas.berner"},"url":"https:\/\/www.organisator.ch\/fr\/author\/thomas-berner\/"}]}},"_links":{"self":[{"href":"https:\/\/www.organisator.ch\/fr\/wp-json\/wp\/v2\/posts\/15661","targetHints":{"allow":["GET"]}}],"collection":[{"href":"https:\/\/www.organisator.ch\/fr\/wp-json\/wp\/v2\/posts"}],"about":[{"href":"https:\/\/www.organisator.ch\/fr\/wp-json\/wp\/v2\/types\/post"}],"author":[{"embeddable":true,"href":"https:\/\/www.organisator.ch\/fr\/wp-json\/wp\/v2\/users\/4"}],"replies":[{"embeddable":true,"href":"https:\/\/www.organisator.ch\/fr\/wp-json\/wp\/v2\/comments?post=15661"}],"version-history":[{"count":1,"href":"https:\/\/www.organisator.ch\/fr\/wp-json\/wp\/v2\/posts\/15661\/revisions"}],"predecessor-version":[{"id":15663,"href":"https:\/\/www.organisator.ch\/fr\/wp-json\/wp\/v2\/posts\/15661\/revisions\/15663"}],"wp:featuredmedia":[{"embeddable":true,"href":"https:\/\/www.organisator.ch\/fr\/wp-json\/wp\/v2\/media\/15662"}],"wp:attachment":[{"href":"https:\/\/www.organisator.ch\/fr\/wp-json\/wp\/v2\/media?parent=15661"}],"wp:term":[{"taxonomy":"category","embeddable":true,"href":"https:\/\/www.organisator.ch\/fr\/wp-json\/wp\/v2\/categories?post=15661"},{"taxonomy":"post_tag","embeddable":true,"href":"https:\/\/www.organisator.ch\/fr\/wp-json\/wp\/v2\/tags?post=15661"}],"curies":[{"name":"wp","href":"https:\/\/api.w.org\/{rel}","templated":true}]}}