{"id":15692,"date":"2022-07-21T03:47:27","date_gmt":"2022-07-21T01:47:27","guid":{"rendered":"https:\/\/www.m-q.ch\/?p=16672"},"modified":"2022-07-21T11:31:30","modified_gmt":"2022-07-21T09:31:30","slug":"whitepaper-seizing-the-potentials-of-business-ecosystems","status":"publish","type":"post","link":"https:\/\/www.organisator.ch\/fr\/operational-excellence\/2022-07-21\/whitepaper-seizing-the-potentials-of-business-ecosystems\/","title":{"rendered":"Livre blanc \"Seizing the Potentials of Business Ecosystems\" (Exploiter le potentiel des \u00e9cosyst\u00e8mes commerciaux)"},"content":{"rendered":"<figure id=\"attachment_16673\" class=\"wp-caption alignnone\" style=\"width: 680px\" aria-describedby=\"caption-attachment-16673\"><img class=\"alignnone wp-image-16673 size-full\" src=\"https:\/\/www.m-q.ch\/wp-content\/uploads\/2022\/07\/Whitepaper-Seizing-the-Potentials-of-Business-Ecosystems_MQ.jpg\" alt=\"Livre blanc\" width=\"680\" height=\"469\" \/><figcaption id=\"caption-attachment-16673\" class=\"wp-caption-text\">Page de couverture du livre blanc \"Seizing the Potentials of Business Ecosystems\". (Image : zVg)<\/figcaption><\/figure>\r\nLe livre blanc commun \"Seizing the Potentials of Ecosystems\", r\u00e9dig\u00e9 par des chercheurs* de l'Universit\u00e9 d'\u00e9conomie et de droit EBS, du FIR \u00e0 la RWTH d'Aix-la-Chapelle et de l'Universit\u00e9 de Saint-Gall, pr\u00e9sente les caract\u00e9ristiques cl\u00e9s des \u00e9cosyst\u00e8mes (\"Business Ecosystems\") sur la base des r\u00e9sultats de recherche les plus r\u00e9cents et des meilleures pratiques. L'\u00e9quipe en d\u00e9duit des recommandations pour des avantages concurrentiels durables.\r\n<h3>Les \u00e9cosyst\u00e8mes comme formes de cr\u00e9ation de valeur<\/h3>\r\nLes \u00e9cosyst\u00e8mes repr\u00e9sentent de nouvelles formes de cr\u00e9ation de valeur au-del\u00e0 des fronti\u00e8res des entreprises et des industries. Ils se d\u00e9veloppent dans toutes les industries et constituent la base des entreprises les plus pr\u00e9cieuses. Entre 2015 et 2021, par exemple, 23% de toutes les start-ups consid\u00e9r\u00e9es comme \"unicorn\" (c'est-\u00e0-dire d'une valeur sup\u00e9rieure \u00e0 1 milliard $) ont orient\u00e9 leur mod\u00e8le d'entreprise de mani\u00e8re significative vers la cr\u00e9ation de valeur dans les \u00e9cosyst\u00e8mes. Dans le m\u00eame temps, 22 des 100 premi\u00e8res entreprises du S&amp;P (Standard &amp; Poor's.) op\u00e9raient principalement dans des \u00e9cosyst\u00e8mes, ce qui repr\u00e9sentait 40% de la capitalisation boursi\u00e8re du S&amp;P Top 100.<sup>*)<\/sup>\r\n<h3>Un livre blanc explique neuf caract\u00e9ristiques cl\u00e9s<\/h3>\r\nLes entreprises qui r\u00e9ussissent prouvent que tant les clients que les entreprises profitent des \u00e9cosyst\u00e8mes. L'\u00e9norme potentiel de cr\u00e9ation de valeur suscite un int\u00e9r\u00eat massif pour cette nouvelle forme d'\u00e9conomie, mais il manque souvent une compr\u00e9hension commune de ce que sont et peuvent r\u00e9ellement apporter les \u00e9cosyst\u00e8mes. Une \u00e9quipe interdisciplinaire de chercheurs* a donc caract\u00e9ris\u00e9 la nature des \u00e9cosyst\u00e8mes \u00e0 l'aide de trois niveaux et de neuf propri\u00e9t\u00e9s cl\u00e9s au total :\r\n\r\nNoyau de l'\u00e9cosyst\u00e8me\r\n<ol>\r\n \t<li>Un objectif et une vision partag\u00e9s<\/li>\r\n \t<li>Co-cr\u00e9ation entre les acteurs impliqu\u00e9s<\/li>\r\n \t<li>Des solutions modulaires et compl\u00e9mentaires<\/li>\r\n<\/ol>\r\nRelations avec les \u00e9cosyst\u00e8mes\r\n<ol start=\"4\">\r\n \t<li>Relations multilat\u00e9rales<\/li>\r\n \t<li>Acteurs autonomes<\/li>\r\n \t<li>Cr\u00e9ation de valeur bas\u00e9e sur l'information<\/li>\r\n<\/ol>\r\nMilieu \u00e9cosyst\u00e9mique\r\n<ol start=\"7\">\r\n \t<li>Valeurs partag\u00e9es<\/li>\r\n \t<li>Infrastructure technologique commune<\/li>\r\n \t<li>Effets de r\u00e9seau<\/li>\r\n<\/ol>\r\nSur la base de cette classification, l'\u00e9quipe de chercheurs* donne dans le livre blanc des recommandations concr\u00e8tes pour obtenir dans les \u00e9cosyst\u00e8mes des avantages concurrentiels durables dans l'environnement technologique, social et \u00e9conomique. Les meilleures pratiques de managers exp\u00e9riment\u00e9s issus d'entreprises industrielles \u00e9tablies et de startups num\u00e9riques illustrent comment les caract\u00e9ristiques cl\u00e9s des \u00e9cosyst\u00e8mes sont mises en pratique. Le livre blanc en anglais est disponible sous <a href=\"https:\/\/seizing-ecosystems.fir.de\/white-paper\/\">seizing-ecosystems.fir.de\/white-paper\/<\/a> peuvent \u00eatre t\u00e9l\u00e9charg\u00e9s gratuitement.\n<p class=\"syndicated-attribution\">Cet article est paru initialement sur m-q.ch - <a href=\"https:\/\/www.m-q.ch\/de\/whitepaper-seizing-the-potentials-of-business-ecosystems\/\" target=\"_blank\">https:\/\/www.m-q.ch\/de\/whitepaper-seizing-the-potentials-of-business-ecosystems\/<\/a><\/p>","protected":false},"excerpt":{"rendered":"<p>Das gemeinsame Whitepaper \u201eSeizing the Potentials of Ecosystems\u201c von Forscher*innen der EBS Universit\u00e4t f\u00fcr Wirtschaft und Recht, des FIR an der RWTH Aachen und der Universit\u00e4t St. Gallen pr\u00e4sentiert die Kerneigenschaften von \u00d6kosystemen (\u201eBusiness Ecosystems\u201c) auf Basis neuester Forschungsergebnisse und Best Practices. Das Team leitet daraus Empfehlungen f\u00fcr nachhaltige Wettbewerbsvorteile ab. \u00d6kosysteme als Formen der [\u2026]<\/p>\n","protected":false},"author":8,"featured_media":0,"comment_status":"closed","ping_status":"closed","sticky":false,"template":"","format":"standard","meta":{"_acf_changed":false,"_yoast_wpseo_focuskw":"Whitepaper","_yoast_wpseo_metadesc":"EBS, FIR und Universit\u00e4t St. Gallen ver\u00f6ffentlichen Empfehlungen f\u00fcr wertsch\u00f6pfende Zusammenarbeit in \u00d6kosystemen, abgeleitet von neusten wissenschaftlichen Erkenntnissen.","articlekey":"","footnotes":""},"categories":[582],"tags":[3045,524],"class_list":["post-15692","post","type-post","status-publish","format-standard","hentry","category-operational-excellence","tag-business-ecosystems","tag-whitepaper"],"acf":[],"yoast_head":"<!-- This site is optimized with the Yoast SEO plugin v27.5 - https:\/\/yoast.com\/product\/yoast-seo-wordpress\/ -->\n<title>Whitepaper \u201eSeizing the Potentials of Business Ecosystems\u201c - Organisator<\/title>\n<meta name=\"description\" content=\"EBS, FIR und Universit\u00e4t St. Gallen ver\u00f6ffentlichen Empfehlungen f\u00fcr wertsch\u00f6pfende Zusammenarbeit in \u00d6kosystemen, abgeleitet von neusten wissenschaftlichen Erkenntnissen.\" \/>\n<meta name=\"robots\" content=\"index, follow, max-snippet:-1, max-image-preview:large, max-video-preview:-1\" \/>\n<link rel=\"canonical\" href=\"https:\/\/www.m-q.ch\/de\/whitepaper-seizing-the-potentials-of-business-ecosystems\/\" \/>\n<meta property=\"og:locale\" content=\"fr_FR\" \/>\n<meta property=\"og:type\" content=\"article\" \/>\n<meta property=\"og:title\" content=\"Whitepaper \u201eSeizing the Potentials of Business Ecosystems\u201c - Organisator\" \/>\n<meta property=\"og:description\" content=\"EBS, FIR und Universit\u00e4t St. Gallen ver\u00f6ffentlichen Empfehlungen f\u00fcr wertsch\u00f6pfende Zusammenarbeit in \u00d6kosystemen, abgeleitet von neusten wissenschaftlichen Erkenntnissen.\" \/>\n<meta property=\"og:url\" content=\"https:\/\/www.m-q.ch\/de\/whitepaper-seizing-the-potentials-of-business-ecosystems\/\" \/>\n<meta property=\"og:site_name\" content=\"Organisator\" \/>\n<meta property=\"article:publisher\" content=\"https:\/\/www.facebook.com\/OrganisatorFachmagazin\" \/>\n<meta property=\"article:published_time\" content=\"2022-07-21T01:47:27+00:00\" \/>\n<meta property=\"article:modified_time\" content=\"2022-07-21T09:31:30+00:00\" \/>\n<meta property=\"og:image\" content=\"https:\/\/www.m-q.ch\/wp-content\/uploads\/2022\/07\/Whitepaper-Seizing-the-Potentials-of-Business-Ecosystems_MQ.jpg\" \/>\n<meta name=\"author\" content=\"galledia\" \/>\n<meta name=\"twitter:card\" content=\"summary_large_image\" \/>\n<meta name=\"twitter:creator\" content=\"@admin\" \/>\n<script type=\"application\/ld+json\" class=\"yoast-schema-graph\">{\"@context\":\"https:\\\/\\\/schema.org\",\"@graph\":[{\"@type\":\"Article\",\"@id\":\"https:\\\/\\\/www.m-q.ch\\\/de\\\/whitepaper-seizing-the-potentials-of-business-ecosystems\\\/#article\",\"isPartOf\":{\"@id\":\"https:\\\/\\\/www.organisator.ch\\\/operational-excellence\\\/2022-07-21\\\/whitepaper-seizing-the-potentials-of-business-ecosystems\\\/\"},\"author\":{\"name\":\"galledia\",\"@id\":\"https:\\\/\\\/www.organisator.ch\\\/#\\\/schema\\\/person\\\/4e51799071cd2dd1232ac003643ef5f0\"},\"headline\":\"Whitepaper \u201eSeizing the Potentials of Business Ecosystems\u201c\",\"datePublished\":\"2022-07-21T01:47:27+00:00\",\"dateModified\":\"2022-07-21T09:31:30+00:00\",\"mainEntityOfPage\":{\"@id\":\"https:\\\/\\\/www.organisator.ch\\\/operational-excellence\\\/2022-07-21\\\/whitepaper-seizing-the-potentials-of-business-ecosystems\\\/\"},\"wordCount\":326,\"publisher\":{\"@id\":\"https:\\\/\\\/www.organisator.ch\\\/#organization\"},\"image\":{\"@id\":\"https:\\\/\\\/www.m-q.ch\\\/de\\\/whitepaper-seizing-the-potentials-of-business-ecosystems\\\/#primaryimage\"},\"thumbnailUrl\":\"https:\\\/\\\/www.m-q.ch\\\/wp-content\\\/uploads\\\/2022\\\/07\\\/Whitepaper-Seizing-the-Potentials-of-Business-Ecosystems_MQ.jpg\",\"keywords\":[\"Business Ecosystems\",\"Whitepaper\"],\"articleSection\":[\"OPERATIONAL EXCELLENCE\"],\"inLanguage\":\"fr-FR\"},{\"@type\":\"WebPage\",\"@id\":\"https:\\\/\\\/www.organisator.ch\\\/operational-excellence\\\/2022-07-21\\\/whitepaper-seizing-the-potentials-of-business-ecosystems\\\/\",\"url\":\"https:\\\/\\\/www.m-q.ch\\\/de\\\/whitepaper-seizing-the-potentials-of-business-ecosystems\\\/\",\"name\":\"Whitepaper \u201eSeizing the Potentials of Business Ecosystems\u201c - Organisator\",\"isPartOf\":{\"@id\":\"https:\\\/\\\/www.organisator.ch\\\/#website\"},\"primaryImageOfPage\":{\"@id\":\"https:\\\/\\\/www.m-q.ch\\\/de\\\/whitepaper-seizing-the-potentials-of-business-ecosystems\\\/#primaryimage\"},\"image\":{\"@id\":\"https:\\\/\\\/www.m-q.ch\\\/de\\\/whitepaper-seizing-the-potentials-of-business-ecosystems\\\/#primaryimage\"},\"thumbnailUrl\":\"https:\\\/\\\/www.m-q.ch\\\/wp-content\\\/uploads\\\/2022\\\/07\\\/Whitepaper-Seizing-the-Potentials-of-Business-Ecosystems_MQ.jpg\",\"datePublished\":\"2022-07-21T01:47:27+00:00\",\"dateModified\":\"2022-07-21T09:31:30+00:00\",\"description\":\"EBS, FIR und Universit\u00e4t St. Gallen ver\u00f6ffentlichen Empfehlungen f\u00fcr wertsch\u00f6pfende Zusammenarbeit in \u00d6kosystemen, abgeleitet von neusten wissenschaftlichen Erkenntnissen.\",\"breadcrumb\":{\"@id\":\"https:\\\/\\\/www.m-q.ch\\\/de\\\/whitepaper-seizing-the-potentials-of-business-ecosystems\\\/#breadcrumb\"},\"inLanguage\":\"fr-FR\",\"potentialAction\":[{\"@type\":\"ReadAction\",\"target\":[\"https:\\\/\\\/www.m-q.ch\\\/de\\\/whitepaper-seizing-the-potentials-of-business-ecosystems\\\/\"]}]},{\"@type\":\"ImageObject\",\"inLanguage\":\"fr-FR\",\"@id\":\"https:\\\/\\\/www.m-q.ch\\\/de\\\/whitepaper-seizing-the-potentials-of-business-ecosystems\\\/#primaryimage\",\"url\":\"https:\\\/\\\/www.m-q.ch\\\/wp-content\\\/uploads\\\/2022\\\/07\\\/Whitepaper-Seizing-the-Potentials-of-Business-Ecosystems_MQ.jpg\",\"contentUrl\":\"https:\\\/\\\/www.m-q.ch\\\/wp-content\\\/uploads\\\/2022\\\/07\\\/Whitepaper-Seizing-the-Potentials-of-Business-Ecosystems_MQ.jpg\"},{\"@type\":\"BreadcrumbList\",\"@id\":\"https:\\\/\\\/www.m-q.ch\\\/de\\\/whitepaper-seizing-the-potentials-of-business-ecosystems\\\/#breadcrumb\",\"itemListElement\":[{\"@type\":\"ListItem\",\"position\":1,\"name\":\"Home\",\"item\":\"https:\\\/\\\/www.organisator.ch\\\/\"},{\"@type\":\"ListItem\",\"position\":2,\"name\":\"Whitepaper \u201eSeizing the Potentials of Business Ecosystems\u201c\"}]},{\"@type\":\"WebSite\",\"@id\":\"https:\\\/\\\/www.organisator.ch\\\/#website\",\"url\":\"https:\\\/\\\/www.organisator.ch\\\/\",\"name\":\"Organisator\",\"description\":\"Kompetent. Praxisnah. Der ORGANISATOR bereitet in 10 Ausgaben pro Jahr die wesentlichen Themen f\u00fcr F\u00fchrungskr\u00e4fte von KMU auf.\",\"publisher\":{\"@id\":\"https:\\\/\\\/www.organisator.ch\\\/#organization\"},\"potentialAction\":[{\"@type\":\"SearchAction\",\"target\":{\"@type\":\"EntryPoint\",\"urlTemplate\":\"https:\\\/\\\/www.organisator.ch\\\/?s={search_term_string}\"},\"query-input\":{\"@type\":\"PropertyValueSpecification\",\"valueRequired\":true,\"valueName\":\"search_term_string\"}}],\"inLanguage\":\"fr-FR\"},{\"@type\":\"Organization\",\"@id\":\"https:\\\/\\\/www.organisator.ch\\\/#organization\",\"name\":\"Organisator\",\"url\":\"https:\\\/\\\/www.organisator.ch\\\/\",\"logo\":{\"@type\":\"ImageObject\",\"inLanguage\":\"fr-FR\",\"@id\":\"https:\\\/\\\/www.organisator.ch\\\/#\\\/schema\\\/logo\\\/image\\\/\",\"url\":\"https:\\\/\\\/www.organisator.ch\\\/wp-content\\\/uploads\\\/2022\\\/01\\\/Logo_Organisator_Website.png\",\"contentUrl\":\"https:\\\/\\\/www.organisator.ch\\\/wp-content\\\/uploads\\\/2022\\\/01\\\/Logo_Organisator_Website.png\",\"width\":800,\"height\":77,\"caption\":\"Organisator\"},\"image\":{\"@id\":\"https:\\\/\\\/www.organisator.ch\\\/#\\\/schema\\\/logo\\\/image\\\/\"},\"sameAs\":[\"https:\\\/\\\/www.facebook.com\\\/OrganisatorFachmagazin\",\"https:\\\/\\\/www.linkedin.com\\\/showcase\\\/organisator-das-magazin-fr-kmu\",\"https:\\\/\\\/www.xing.com\\\/news\\\/pages\\\/organisator-ch-695\",\"https:\\\/\\\/www.youtube.com\\\/channel\\\/UCGP2Sq0iWaZwT3BdIAQFYpw\"]},{\"@type\":\"Person\",\"@id\":\"https:\\\/\\\/www.organisator.ch\\\/#\\\/schema\\\/person\\\/4e51799071cd2dd1232ac003643ef5f0\",\"name\":\"galledia\",\"image\":{\"@type\":\"ImageObject\",\"inLanguage\":\"fr-FR\",\"@id\":\"https:\\\/\\\/secure.gravatar.com\\\/avatar\\\/78a7f90c01fc2bfc875782a0d4922b37cde2cf184ce347b91316d23cd7f69a36?s=96&d=mm&r=g\",\"url\":\"https:\\\/\\\/secure.gravatar.com\\\/avatar\\\/78a7f90c01fc2bfc875782a0d4922b37cde2cf184ce347b91316d23cd7f69a36?s=96&d=mm&r=g\",\"contentUrl\":\"https:\\\/\\\/secure.gravatar.com\\\/avatar\\\/78a7f90c01fc2bfc875782a0d4922b37cde2cf184ce347b91316d23cd7f69a36?s=96&d=mm&r=g\",\"caption\":\"galledia\"},\"sameAs\":[\"https:\\\/\\\/x.com\\\/admin\"],\"url\":\"https:\\\/\\\/www.organisator.ch\\\/fr\\\/author\\\/galledia\\\/\"}]}<\/script>\n<!-- \/ Yoast SEO plugin. -->","yoast_head_json":{"title":"Livre blanc \"Seizing the Potentials of Business Ecosystems\" - Organisateur","description":"EBS, FIR et l'Universit\u00e9 de Saint-Gall publient des recommandations pour une collaboration \u00e0 valeur ajout\u00e9e dans les \u00e9cosyst\u00e8mes, d\u00e9riv\u00e9es des derni\u00e8res connaissances scientifiques.","robots":{"index":"index","follow":"follow","max-snippet":"max-snippet:-1","max-image-preview":"max-image-preview:large","max-video-preview":"max-video-preview:-1"},"canonical":"https:\/\/www.m-q.ch\/de\/whitepaper-seizing-the-potentials-of-business-ecosystems\/","og_locale":"fr_FR","og_type":"article","og_title":"Whitepaper \u201eSeizing the Potentials of Business Ecosystems\u201c - Organisator","og_description":"EBS, FIR und Universit\u00e4t St. Gallen ver\u00f6ffentlichen Empfehlungen f\u00fcr wertsch\u00f6pfende Zusammenarbeit in \u00d6kosystemen, abgeleitet von neusten wissenschaftlichen Erkenntnissen.","og_url":"https:\/\/www.m-q.ch\/de\/whitepaper-seizing-the-potentials-of-business-ecosystems\/","og_site_name":"Organisator","article_publisher":"https:\/\/www.facebook.com\/OrganisatorFachmagazin","article_published_time":"2022-07-21T01:47:27+00:00","article_modified_time":"2022-07-21T09:31:30+00:00","og_image":[{"url":"https:\/\/www.m-q.ch\/wp-content\/uploads\/2022\/07\/Whitepaper-Seizing-the-Potentials-of-Business-Ecosystems_MQ.jpg","type":"","width":"","height":""}],"author":"galledia","twitter_card":"summary_large_image","twitter_creator":"@admin","schema":{"@context":"https:\/\/schema.org","@graph":[{"@type":"Article","@id":"https:\/\/www.m-q.ch\/de\/whitepaper-seizing-the-potentials-of-business-ecosystems\/#article","isPartOf":{"@id":"https:\/\/www.organisator.ch\/operational-excellence\/2022-07-21\/whitepaper-seizing-the-potentials-of-business-ecosystems\/"},"author":{"name":"galledia","@id":"https:\/\/www.organisator.ch\/#\/schema\/person\/4e51799071cd2dd1232ac003643ef5f0"},"headline":"Whitepaper \u201eSeizing the Potentials of Business Ecosystems\u201c","datePublished":"2022-07-21T01:47:27+00:00","dateModified":"2022-07-21T09:31:30+00:00","mainEntityOfPage":{"@id":"https:\/\/www.organisator.ch\/operational-excellence\/2022-07-21\/whitepaper-seizing-the-potentials-of-business-ecosystems\/"},"wordCount":326,"publisher":{"@id":"https:\/\/www.organisator.ch\/#organization"},"image":{"@id":"https:\/\/www.m-q.ch\/de\/whitepaper-seizing-the-potentials-of-business-ecosystems\/#primaryimage"},"thumbnailUrl":"https:\/\/www.m-q.ch\/wp-content\/uploads\/2022\/07\/Whitepaper-Seizing-the-Potentials-of-Business-Ecosystems_MQ.jpg","keywords":["Business Ecosystems","Whitepaper"],"articleSection":["OPERATIONAL EXCELLENCE"],"inLanguage":"fr-FR"},{"@type":"WebPage","@id":"https:\/\/www.organisator.ch\/operational-excellence\/2022-07-21\/whitepaper-seizing-the-potentials-of-business-ecosystems\/","url":"https:\/\/www.m-q.ch\/de\/whitepaper-seizing-the-potentials-of-business-ecosystems\/","name":"Livre blanc \"Seizing the Potentials of Business Ecosystems\" - Organisateur","isPartOf":{"@id":"https:\/\/www.organisator.ch\/#website"},"primaryImageOfPage":{"@id":"https:\/\/www.m-q.ch\/de\/whitepaper-seizing-the-potentials-of-business-ecosystems\/#primaryimage"},"image":{"@id":"https:\/\/www.m-q.ch\/de\/whitepaper-seizing-the-potentials-of-business-ecosystems\/#primaryimage"},"thumbnailUrl":"https:\/\/www.m-q.ch\/wp-content\/uploads\/2022\/07\/Whitepaper-Seizing-the-Potentials-of-Business-Ecosystems_MQ.jpg","datePublished":"2022-07-21T01:47:27+00:00","dateModified":"2022-07-21T09:31:30+00:00","description":"EBS, FIR et l'Universit\u00e9 de Saint-Gall publient des recommandations pour une collaboration \u00e0 valeur ajout\u00e9e dans les \u00e9cosyst\u00e8mes, d\u00e9riv\u00e9es des derni\u00e8res connaissances scientifiques.","breadcrumb":{"@id":"https:\/\/www.m-q.ch\/de\/whitepaper-seizing-the-potentials-of-business-ecosystems\/#breadcrumb"},"inLanguage":"fr-FR","potentialAction":[{"@type":"ReadAction","target":["https:\/\/www.m-q.ch\/de\/whitepaper-seizing-the-potentials-of-business-ecosystems\/"]}]},{"@type":"ImageObject","inLanguage":"fr-FR","@id":"https:\/\/www.m-q.ch\/de\/whitepaper-seizing-the-potentials-of-business-ecosystems\/#primaryimage","url":"https:\/\/www.m-q.ch\/wp-content\/uploads\/2022\/07\/Whitepaper-Seizing-the-Potentials-of-Business-Ecosystems_MQ.jpg","contentUrl":"https:\/\/www.m-q.ch\/wp-content\/uploads\/2022\/07\/Whitepaper-Seizing-the-Potentials-of-Business-Ecosystems_MQ.jpg"},{"@type":"BreadcrumbList","@id":"https:\/\/www.m-q.ch\/de\/whitepaper-seizing-the-potentials-of-business-ecosystems\/#breadcrumb","itemListElement":[{"@type":"ListItem","position":1,"name":"Home","item":"https:\/\/www.organisator.ch\/"},{"@type":"ListItem","position":2,"name":"Whitepaper \u201eSeizing the Potentials of Business Ecosystems\u201c"}]},{"@type":"WebSite","@id":"https:\/\/www.organisator.ch\/#website","url":"https:\/\/www.organisator.ch\/","name":"Organisateur","description":"Comp\u00e9tence et comp\u00e9tence. Proches de la pratique. L'ORGANISATEUR pr\u00e9pare 10 num\u00e9ros par an sur les th\u00e8mes essentiels pour les dirigeants de PME.","publisher":{"@id":"https:\/\/www.organisator.ch\/#organization"},"potentialAction":[{"@type":"SearchAction","target":{"@type":"EntryPoint","urlTemplate":"https:\/\/www.organisator.ch\/?s={search_term_string}"},"query-input":{"@type":"PropertyValueSpecification","valueRequired":true,"valueName":"search_term_string"}}],"inLanguage":"fr-FR"},{"@type":"Organization","@id":"https:\/\/www.organisator.ch\/#organization","name":"Organisateur","url":"https:\/\/www.organisator.ch\/","logo":{"@type":"ImageObject","inLanguage":"fr-FR","@id":"https:\/\/www.organisator.ch\/#\/schema\/logo\/image\/","url":"https:\/\/www.organisator.ch\/wp-content\/uploads\/2022\/01\/Logo_Organisator_Website.png","contentUrl":"https:\/\/www.organisator.ch\/wp-content\/uploads\/2022\/01\/Logo_Organisator_Website.png","width":800,"height":77,"caption":"Organisator"},"image":{"@id":"https:\/\/www.organisator.ch\/#\/schema\/logo\/image\/"},"sameAs":["https:\/\/www.facebook.com\/OrganisatorFachmagazin","https:\/\/www.linkedin.com\/showcase\/organisator-das-magazin-fr-kmu","https:\/\/www.xing.com\/news\/pages\/organisator-ch-695","https:\/\/www.youtube.com\/channel\/UCGP2Sq0iWaZwT3BdIAQFYpw"]},{"@type":"Person","@id":"https:\/\/www.organisator.ch\/#\/schema\/person\/4e51799071cd2dd1232ac003643ef5f0","name":"galledia","image":{"@type":"ImageObject","inLanguage":"fr-FR","@id":"https:\/\/secure.gravatar.com\/avatar\/78a7f90c01fc2bfc875782a0d4922b37cde2cf184ce347b91316d23cd7f69a36?s=96&d=mm&r=g","url":"https:\/\/secure.gravatar.com\/avatar\/78a7f90c01fc2bfc875782a0d4922b37cde2cf184ce347b91316d23cd7f69a36?s=96&d=mm&r=g","contentUrl":"https:\/\/secure.gravatar.com\/avatar\/78a7f90c01fc2bfc875782a0d4922b37cde2cf184ce347b91316d23cd7f69a36?s=96&d=mm&r=g","caption":"galledia"},"sameAs":["https:\/\/x.com\/admin"],"url":"https:\/\/www.organisator.ch\/fr\/author\/galledia\/"}]}},"_links":{"self":[{"href":"https:\/\/www.organisator.ch\/fr\/wp-json\/wp\/v2\/posts\/15692","targetHints":{"allow":["GET"]}}],"collection":[{"href":"https:\/\/www.organisator.ch\/fr\/wp-json\/wp\/v2\/posts"}],"about":[{"href":"https:\/\/www.organisator.ch\/fr\/wp-json\/wp\/v2\/types\/post"}],"author":[{"embeddable":true,"href":"https:\/\/www.organisator.ch\/fr\/wp-json\/wp\/v2\/users\/8"}],"replies":[{"embeddable":true,"href":"https:\/\/www.organisator.ch\/fr\/wp-json\/wp\/v2\/comments?post=15692"}],"version-history":[{"count":4,"href":"https:\/\/www.organisator.ch\/fr\/wp-json\/wp\/v2\/posts\/15692\/revisions"}],"predecessor-version":[{"id":15712,"href":"https:\/\/www.organisator.ch\/fr\/wp-json\/wp\/v2\/posts\/15692\/revisions\/15712"}],"wp:attachment":[{"href":"https:\/\/www.organisator.ch\/fr\/wp-json\/wp\/v2\/media?parent=15692"}],"wp:term":[{"taxonomy":"category","embeddable":true,"href":"https:\/\/www.organisator.ch\/fr\/wp-json\/wp\/v2\/categories?post=15692"},{"taxonomy":"post_tag","embeddable":true,"href":"https:\/\/www.organisator.ch\/fr\/wp-json\/wp\/v2\/tags?post=15692"}],"curies":[{"name":"wp","href":"https:\/\/api.w.org\/{rel}","templated":true}]}}