{"id":1574,"date":"2017-03-01T16:18:03","date_gmt":"2017-03-01T15:18:03","guid":{"rendered":"https:\/\/www.organisator.ch\/?p=1574"},"modified":"2017-03-01T16:18:03","modified_gmt":"2017-03-01T15:18:03","slug":"1574-2","status":"publish","type":"post","link":"https:\/\/www.organisator.ch\/fr\/human-resources\/fit_im_job\/2017-03-01\/1574-2\/","title":{"rendered":"Une \u00e9tude ADP r\u00e9v\u00e8le que les travailleurs les plus heureux se trouvent en Europe centrale"},"content":{"rendered":"<figure id=\"attachment_1576\" aria-describedby=\"caption-attachment-1576\" style=\"width: 578px\" class=\"wp-caption alignnone\"><img loading=\"lazy\" decoding=\"async\" class=\"size-full wp-image-1576\" src=\"https:\/\/www.organisator.ch\/wp-content\/uploads\/2017\/03\/Europas-gluecklichste-Arbeitskraefte-wie-schneidet-die-Schweiz-ab-org-organisator.jpg\" alt=\"\" width=\"578\" height=\"480\" srcset=\"https:\/\/www.organisator.ch\/wp-content\/uploads\/2017\/03\/Europas-gluecklichste-Arbeitskraefte-wie-schneidet-die-Schweiz-ab-org-organisator.jpg 578w, https:\/\/www.organisator.ch\/wp-content\/uploads\/2017\/03\/Europas-gluecklichste-Arbeitskraefte-wie-schneidet-die-Schweiz-ab-org-organisator-14x12.jpg 14w, https:\/\/www.organisator.ch\/wp-content\/uploads\/2017\/03\/Europas-gluecklichste-Arbeitskraefte-wie-schneidet-die-Schweiz-ab-org-organisator-211x175.jpg 211w, https:\/\/www.organisator.ch\/wp-content\/uploads\/2017\/03\/Europas-gluecklichste-Arbeitskraefte-wie-schneidet-die-Schweiz-ab-org-organisator-421x350.jpg 421w, https:\/\/www.organisator.ch\/wp-content\/uploads\/2017\/03\/Europas-gluecklichste-Arbeitskraefte-wie-schneidet-die-Schweiz-ab-org-organisator-300x249.jpg 300w\" sizes=\"auto, (max-width: 578px) 100vw, 578px\" \/><figcaption id=\"caption-attachment-1576\" class=\"wp-caption-text\">On dit que les travailleurs les plus heureux sont plus performants, voire plus performants. (Image : Depositphotos_minerva)<\/figcaption><\/figure>\n<p>L'\u00e9tude ADP montre o\u00f9 les employ\u00e9s sont les plus heureux. Voici le top cinq des pays europ\u00e9ens selon le degr\u00e9 de satisfaction des travailleurs :<\/p>\n<ol>\n<li>Pays-Bas (76%)<\/li>\n<li>Pologne (74%)<\/li>\n<li>Suisse (73%)<\/li>\n<li>Espagne (71%)<\/li>\n<li>Grande-Bretagne, France et Allemagne (68%)<\/li>\n<\/ol>\n<p><strong>Diff\u00e9rents crit\u00e8res <\/strong><\/p>\n<p>Malgr\u00e9 une satisfaction au travail \u00e9lev\u00e9e, 86% des travailleurs polonais envisageraient une opportunit\u00e9 de carri\u00e8re dans un autre pays - contre 54% des personnes interrog\u00e9es en France, qui d\u00e9clarent g\u00e9n\u00e9ralement une satisfaction et un optimisme plus faibles que les travailleurs polonais. Ces r\u00e9sultats sont int\u00e9ressants en ce qui concerne les chiffres de l'emploi. Par exemple, le taux de ch\u00f4mage de 18,91 pp2T en Espagne est dramatiquement \u00e9lev\u00e9. Une grande satisfaction au travail est probablement un r\u00e9sultat direct de la s\u00e9curit\u00e9 professionnelle comparative.<\/p>\n<p>Les employ\u00e9s allemands sont les plus confiants dans leur avenir professionnel. 83% d'entre eux sont optimistes. La Grande-Bretagne enregistre la plus forte baisse par rapport \u00e0 l'ann\u00e9e derni\u00e8re (76% contre 81%). La Grande-Bretagne \u00e9tant l'une des \u00e9conomies les plus fortes d'Europe avec un niveau d'emploi \u00e9lev\u00e9, le r\u00e9sultat du r\u00e9f\u00e9rendum sur l'UE est probablement \u00e0 l'origine de cette chute.<\/p>\n<p><strong>Changement d\u00e9mographique<\/strong><\/p>\n<p>Les jeunes travailleurs ont tendance \u00e0 faire preuve d'un plus grand optimisme, avec 85% des 16-24 ans optimistes quant \u00e0 l'avenir du travail, contre une moyenne g\u00e9n\u00e9rale de 78%. Ce chiffre tombe \u00e0 72% dans le groupe d'\u00e2ge 55 + - ce qui indique que l'optimisme diminue avec l'\u00e2ge.<\/p>\n<p><strong>Domaines les plus satisfaits <\/strong><\/p>\n<p>Entre-temps, le secteur des t\u00e9l\u00e9communications et de l'informatique est devenu l'industrie la plus satisfaite. 79% des salari\u00e9s se disent satisfaits. En revanche, seuls 65% des salari\u00e9s du commerce de d\u00e9tail, de la restauration et de l'industrie des loisirs se sont d\u00e9clar\u00e9s satisfaits.<\/p>\n<p>Sebastien Moyon, Service Delivery Director chez ADP Switzerland, commente : \"Il est reconnu depuis longtemps que le bonheur des employ\u00e9s a un impact important sur la production. Les organisations doivent veiller \u00e0 ce que leurs employ\u00e9s soient heureux, engag\u00e9s et satisfaits de leur r\u00f4le\".<\/p>\n<p><em>Pour plus d'informations, veuillez consulter l'\u00e9tude \"Le point de vue des travailleurs en Europe 2017\" \u00e0 cette adresse. <a href=\"http:\/\/www.adp.ch\/the-workforce-view\/the-workforce-view\">Lien<\/a><\/em><\/p>\n<p><a href=\"http:\/\/www.adp.ch\">www.adp.ch<\/a><\/p>\n<p>&nbsp;<\/p>","protected":false},"excerpt":{"rendered":"<p>Die ADP Studie zeit, wo die gl\u00fccklichsten Mitarbeiter arbeiten. Im Folgenden sind die Top f\u00fcnf der europ\u00e4ischen L\u00e4nder nach der Zufriedenheit der Arbeiter aufgelistet: Niederlande (76%) Polen (74%) Schweiz (73%) Spanien (71%) Grossbritannien, Frankreich und Deutschland (68%) Unterschiedliche Kriterien Trotz hoher Arbeitszufriedenheit w\u00fcrden 86% der polnischen Arbeitnehmer eine Karrierechance in einem anderen Land in Betracht [&hellip;]<\/p>\n","protected":false},"author":5,"featured_media":1576,"comment_status":"open","ping_status":"open","sticky":false,"template":"","format":"standard","meta":{"_acf_changed":false,"_yoast_wpseo_focuskw":"ADP Studie","_yoast_wpseo_metadesc":"Laut einer Studie von ADP berichten Arbeitnehmer, die in Spanien, den Niederlanden und Polen besch\u00e4ftigt sind, von der h\u00f6chsten Arbeitszufriedenheit.","articlekey":"","footnotes":""},"categories":[25],"tags":[51,58,208,254,459],"class_list":["post-1574","post","type-post","status-publish","format-standard","has-post-thumbnail","hentry","category-fit_im_job","tag-arbeitsplatzgestaltung","tag-arbeitszufriedenheit","tag-fit-im-job","tag-hrm","tag-studie"],"acf":[],"yoast_head":"<!-- This site is optimized with the Yoast SEO plugin v27.4 - https:\/\/yoast.com\/product\/yoast-seo-wordpress\/ -->\n<title>ADP Studie ortet die gl\u00fccklichsten Arbeitskr\u00e4fte in Mitteleuropa - Organisator<\/title>\n<meta name=\"description\" content=\"Laut einer Studie von ADP berichten Arbeitnehmer, die in Spanien, den Niederlanden und Polen besch\u00e4ftigt sind, von der h\u00f6chsten Arbeitszufriedenheit.\" \/>\n<meta name=\"robots\" content=\"index, follow, max-snippet:-1, max-image-preview:large, max-video-preview:-1\" \/>\n<link rel=\"canonical\" href=\"https:\/\/www.m-q.ch\/adp-studie-zeigt-die-gluecklichsten-arbeitskraefte-wie-schneidet-die-schweiz-ab\/\" \/>\n<meta property=\"og:locale\" content=\"fr_FR\" \/>\n<meta property=\"og:type\" content=\"article\" \/>\n<meta property=\"og:title\" content=\"ADP Studie ortet die gl\u00fccklichsten Arbeitskr\u00e4fte in Mitteleuropa\" \/>\n<meta property=\"og:description\" content=\"Laut einer Studie von #ADP berichten Arbeitnehmer, die in Spanien, den Niederlanden und Polen besch\u00e4ftigt sind, von der h\u00f6chsten #Arbeitszufriedenheit. Bei der neuen Studie wurden fast 10&#039;000 europ\u00e4ische, erwachsene Arbeitskr\u00e4fte befragt, was sie von der Zukunft der Arbeit, internationalem Wettbewerb und #Talentmanagement halten.\" \/>\n<meta property=\"og:url\" content=\"https:\/\/www.m-q.ch\/adp-studie-zeigt-die-gluecklichsten-arbeitskraefte-wie-schneidet-die-schweiz-ab\/\" \/>\n<meta property=\"og:site_name\" content=\"Organisator\" \/>\n<meta property=\"article:publisher\" content=\"https:\/\/www.facebook.com\/OrganisatorFachmagazin\" \/>\n<meta property=\"article:published_time\" content=\"2017-03-01T15:18:03+00:00\" \/>\n<meta property=\"og:image\" content=\"https:\/\/www.organisator.ch\/wp-content\/uploads\/2017\/03\/Europas-gluecklichste-Arbeitskraefte-wie-schneidet-die-Schweiz-ab-org-organisator.jpg\" \/>\n\t<meta property=\"og:image:width\" content=\"578\" \/>\n\t<meta property=\"og:image:height\" content=\"480\" \/>\n\t<meta property=\"og:image:type\" content=\"image\/jpeg\" \/>\n<meta name=\"author\" content=\"michael.merz\" \/>\n<meta name=\"twitter:card\" content=\"summary_large_image\" \/>\n<meta name=\"twitter:title\" content=\"ADP Studie ortet die gl\u00fccklichsten Arbeitskr\u00e4fte in Mitteleuropa #gl\u00fccklicheArbeitskr\u00e4fte\" \/>\n<meta name=\"twitter:description\" content=\"Laut einer Studie von ADP berichten Arbeitnehmer, die in Spanien, den Niederlanden und Polen besch\u00e4ftigt sind, von der h\u00f6chsten Arbeitszufriedenheit. Bei der neuen Studie wurden fast 10&#039;000 europ\u00e4ische, erwachsene Arbeitskr\u00e4fte befragt, was sie von der Zukunft der Arbeit, internationalem Wettbewerb und Talentmanagement halten.\" \/>\n<meta name=\"twitter:image\" content=\"https:\/\/www.organisator.ch\/wp-content\/uploads\/2017\/03\/Europas-gl\u00fccklichste-Arbeitskr\u00e4fte-wie-schneidet-die-Schweiz-ab-org-organisator.jpg\" \/>\n<script type=\"application\/ld+json\" class=\"yoast-schema-graph\">{\"@context\":\"https:\\\/\\\/schema.org\",\"@graph\":[{\"@type\":\"Article\",\"@id\":\"https:\\\/\\\/www.m-q.ch\\\/adp-studie-zeigt-die-gluecklichsten-arbeitskraefte-wie-schneidet-die-schweiz-ab\\\/#article\",\"isPartOf\":{\"@id\":\"https:\\\/\\\/www.organisator.ch\\\/human-resources\\\/fit_im_job\\\/2017-03-01\\\/1574-2\\\/\"},\"author\":{\"name\":\"michael.merz\",\"@id\":\"https:\\\/\\\/www.organisator.ch\\\/#\\\/schema\\\/person\\\/134708ca9321c57b0362cceb7948ffbd\"},\"headline\":\"ADP Studie ortet die gl\u00fccklichsten Arbeitskr\u00e4fte in Mitteleuropa\",\"datePublished\":\"2017-03-01T15:18:03+00:00\",\"mainEntityOfPage\":{\"@id\":\"https:\\\/\\\/www.organisator.ch\\\/human-resources\\\/fit_im_job\\\/2017-03-01\\\/1574-2\\\/\"},\"wordCount\":347,\"commentCount\":0,\"publisher\":{\"@id\":\"https:\\\/\\\/www.organisator.ch\\\/#organization\"},\"image\":{\"@id\":\"https:\\\/\\\/www.m-q.ch\\\/adp-studie-zeigt-die-gluecklichsten-arbeitskraefte-wie-schneidet-die-schweiz-ab\\\/#primaryimage\"},\"thumbnailUrl\":\"https:\\\/\\\/www.organisator.ch\\\/wp-content\\\/uploads\\\/2017\\\/03\\\/Europas-gluecklichste-Arbeitskraefte-wie-schneidet-die-Schweiz-ab-org-organisator.jpg\",\"keywords\":[\"Arbeitsplatzgestaltung\",\"Arbeitszufriedenheit\",\"Fit im Job\",\"HRM\",\"Studie\"],\"articleSection\":[\"FIT IM JOB\"],\"inLanguage\":\"fr-FR\"},{\"@type\":\"WebPage\",\"@id\":\"https:\\\/\\\/www.organisator.ch\\\/human-resources\\\/fit_im_job\\\/2017-03-01\\\/1574-2\\\/\",\"url\":\"https:\\\/\\\/www.m-q.ch\\\/adp-studie-zeigt-die-gluecklichsten-arbeitskraefte-wie-schneidet-die-schweiz-ab\\\/\",\"name\":\"ADP Studie ortet die gl\u00fccklichsten Arbeitskr\u00e4fte in Mitteleuropa - Organisator\",\"isPartOf\":{\"@id\":\"https:\\\/\\\/www.organisator.ch\\\/#website\"},\"primaryImageOfPage\":{\"@id\":\"https:\\\/\\\/www.m-q.ch\\\/adp-studie-zeigt-die-gluecklichsten-arbeitskraefte-wie-schneidet-die-schweiz-ab\\\/#primaryimage\"},\"image\":{\"@id\":\"https:\\\/\\\/www.m-q.ch\\\/adp-studie-zeigt-die-gluecklichsten-arbeitskraefte-wie-schneidet-die-schweiz-ab\\\/#primaryimage\"},\"thumbnailUrl\":\"https:\\\/\\\/www.organisator.ch\\\/wp-content\\\/uploads\\\/2017\\\/03\\\/Europas-gluecklichste-Arbeitskraefte-wie-schneidet-die-Schweiz-ab-org-organisator.jpg\",\"datePublished\":\"2017-03-01T15:18:03+00:00\",\"description\":\"Laut einer Studie von ADP berichten Arbeitnehmer, die in Spanien, den Niederlanden und Polen besch\u00e4ftigt sind, von der h\u00f6chsten Arbeitszufriedenheit.\",\"breadcrumb\":{\"@id\":\"https:\\\/\\\/www.m-q.ch\\\/adp-studie-zeigt-die-gluecklichsten-arbeitskraefte-wie-schneidet-die-schweiz-ab\\\/#breadcrumb\"},\"inLanguage\":\"fr-FR\",\"potentialAction\":[{\"@type\":\"ReadAction\",\"target\":[\"https:\\\/\\\/www.m-q.ch\\\/adp-studie-zeigt-die-gluecklichsten-arbeitskraefte-wie-schneidet-die-schweiz-ab\\\/\"]}]},{\"@type\":\"ImageObject\",\"inLanguage\":\"fr-FR\",\"@id\":\"https:\\\/\\\/www.m-q.ch\\\/adp-studie-zeigt-die-gluecklichsten-arbeitskraefte-wie-schneidet-die-schweiz-ab\\\/#primaryimage\",\"url\":\"https:\\\/\\\/www.organisator.ch\\\/wp-content\\\/uploads\\\/2017\\\/03\\\/Europas-gluecklichste-Arbeitskraefte-wie-schneidet-die-Schweiz-ab-org-organisator.jpg\",\"contentUrl\":\"https:\\\/\\\/www.organisator.ch\\\/wp-content\\\/uploads\\\/2017\\\/03\\\/Europas-gluecklichste-Arbeitskraefte-wie-schneidet-die-Schweiz-ab-org-organisator.jpg\",\"width\":578,\"height\":480,\"caption\":\"Es heisst die gl\u00fccklichsten Arbeitsnehmer erbringen h\u00f6here Leistungen. (Bild: Depositphotos_minerva)\"},{\"@type\":\"BreadcrumbList\",\"@id\":\"https:\\\/\\\/www.m-q.ch\\\/adp-studie-zeigt-die-gluecklichsten-arbeitskraefte-wie-schneidet-die-schweiz-ab\\\/#breadcrumb\",\"itemListElement\":[{\"@type\":\"ListItem\",\"position\":1,\"name\":\"Home\",\"item\":\"https:\\\/\\\/www.organisator.ch\\\/\"},{\"@type\":\"ListItem\",\"position\":2,\"name\":\"ADP Studie ortet die gl\u00fccklichsten Arbeitskr\u00e4fte in Mitteleuropa\"}]},{\"@type\":\"WebSite\",\"@id\":\"https:\\\/\\\/www.organisator.ch\\\/#website\",\"url\":\"https:\\\/\\\/www.organisator.ch\\\/\",\"name\":\"Organisator\",\"description\":\"Kompetent. Praxisnah. Der ORGANISATOR bereitet in 10 Ausgaben pro Jahr die wesentlichen Themen f\u00fcr F\u00fchrungskr\u00e4fte von KMU auf.\",\"publisher\":{\"@id\":\"https:\\\/\\\/www.organisator.ch\\\/#organization\"},\"potentialAction\":[{\"@type\":\"SearchAction\",\"target\":{\"@type\":\"EntryPoint\",\"urlTemplate\":\"https:\\\/\\\/www.organisator.ch\\\/?s={search_term_string}\"},\"query-input\":{\"@type\":\"PropertyValueSpecification\",\"valueRequired\":true,\"valueName\":\"search_term_string\"}}],\"inLanguage\":\"fr-FR\"},{\"@type\":\"Organization\",\"@id\":\"https:\\\/\\\/www.organisator.ch\\\/#organization\",\"name\":\"Organisator\",\"url\":\"https:\\\/\\\/www.organisator.ch\\\/\",\"logo\":{\"@type\":\"ImageObject\",\"inLanguage\":\"fr-FR\",\"@id\":\"https:\\\/\\\/www.organisator.ch\\\/#\\\/schema\\\/logo\\\/image\\\/\",\"url\":\"https:\\\/\\\/www.organisator.ch\\\/wp-content\\\/uploads\\\/2022\\\/01\\\/Logo_Organisator_Website.png\",\"contentUrl\":\"https:\\\/\\\/www.organisator.ch\\\/wp-content\\\/uploads\\\/2022\\\/01\\\/Logo_Organisator_Website.png\",\"width\":800,\"height\":77,\"caption\":\"Organisator\"},\"image\":{\"@id\":\"https:\\\/\\\/www.organisator.ch\\\/#\\\/schema\\\/logo\\\/image\\\/\"},\"sameAs\":[\"https:\\\/\\\/www.facebook.com\\\/OrganisatorFachmagazin\",\"https:\\\/\\\/www.linkedin.com\\\/showcase\\\/organisator-das-magazin-fr-kmu\",\"https:\\\/\\\/www.xing.com\\\/news\\\/pages\\\/organisator-ch-695\",\"https:\\\/\\\/www.youtube.com\\\/channel\\\/UCGP2Sq0iWaZwT3BdIAQFYpw\"]},{\"@type\":\"Person\",\"@id\":\"https:\\\/\\\/www.organisator.ch\\\/#\\\/schema\\\/person\\\/134708ca9321c57b0362cceb7948ffbd\",\"name\":\"michael.merz\",\"image\":{\"@type\":\"ImageObject\",\"inLanguage\":\"fr-FR\",\"@id\":\"https:\\\/\\\/secure.gravatar.com\\\/avatar\\\/?s=96&d=mm&r=g\",\"url\":\"https:\\\/\\\/secure.gravatar.com\\\/avatar\\\/?s=96&d=mm&r=g\",\"contentUrl\":\"https:\\\/\\\/secure.gravatar.com\\\/avatar\\\/?s=96&d=mm&r=g\",\"caption\":\"michael.merz\"},\"url\":\"https:\\\/\\\/www.organisator.ch\\\/fr\\\/author\\\/michael-merz\\\/\"}]}<\/script>\n<!-- \/ Yoast SEO plugin. -->","yoast_head_json":{"title":"Une \u00e9tude ADP r\u00e9v\u00e8le que les travailleurs les plus heureux sont ceux d'Europe centrale - Organisateur","description":"Selon une \u00e9tude d'ADP, les salari\u00e9s travaillant en Espagne, aux Pays-Bas et en Pologne font \u00e9tat de la plus grande satisfaction au travail.","robots":{"index":"index","follow":"follow","max-snippet":"max-snippet:-1","max-image-preview":"max-image-preview:large","max-video-preview":"max-video-preview:-1"},"canonical":"https:\/\/www.m-q.ch\/adp-studie-zeigt-die-gluecklichsten-arbeitskraefte-wie-schneidet-die-schweiz-ab\/","og_locale":"fr_FR","og_type":"article","og_title":"ADP Studie ortet die gl\u00fccklichsten Arbeitskr\u00e4fte in Mitteleuropa","og_description":"Laut einer Studie von #ADP berichten Arbeitnehmer, die in Spanien, den Niederlanden und Polen besch\u00e4ftigt sind, von der h\u00f6chsten #Arbeitszufriedenheit. Bei der neuen Studie wurden fast 10'000 europ\u00e4ische, erwachsene Arbeitskr\u00e4fte befragt, was sie von der Zukunft der Arbeit, internationalem Wettbewerb und #Talentmanagement halten.","og_url":"https:\/\/www.m-q.ch\/adp-studie-zeigt-die-gluecklichsten-arbeitskraefte-wie-schneidet-die-schweiz-ab\/","og_site_name":"Organisator","article_publisher":"https:\/\/www.facebook.com\/OrganisatorFachmagazin","article_published_time":"2017-03-01T15:18:03+00:00","og_image":[{"width":578,"height":480,"url":"https:\/\/www.organisator.ch\/wp-content\/uploads\/2017\/03\/Europas-gluecklichste-Arbeitskraefte-wie-schneidet-die-Schweiz-ab-org-organisator.jpg","type":"image\/jpeg"}],"author":"michael.merz","twitter_card":"summary_large_image","twitter_title":"ADP Studie ortet die gl\u00fccklichsten Arbeitskr\u00e4fte in Mitteleuropa #gl\u00fccklicheArbeitskr\u00e4fte","twitter_description":"Laut einer Studie von ADP berichten Arbeitnehmer, die in Spanien, den Niederlanden und Polen besch\u00e4ftigt sind, von der h\u00f6chsten Arbeitszufriedenheit. Bei der neuen Studie wurden fast 10'000 europ\u00e4ische, erwachsene Arbeitskr\u00e4fte befragt, was sie von der Zukunft der Arbeit, internationalem Wettbewerb und Talentmanagement halten.","twitter_image":"https:\/\/www.organisator.ch\/wp-content\/uploads\/2017\/03\/Europas-gl\u00fccklichste-Arbeitskr\u00e4fte-wie-schneidet-die-Schweiz-ab-org-organisator.jpg","schema":{"@context":"https:\/\/schema.org","@graph":[{"@type":"Article","@id":"https:\/\/www.m-q.ch\/adp-studie-zeigt-die-gluecklichsten-arbeitskraefte-wie-schneidet-die-schweiz-ab\/#article","isPartOf":{"@id":"https:\/\/www.organisator.ch\/human-resources\/fit_im_job\/2017-03-01\/1574-2\/"},"author":{"name":"michael.merz","@id":"https:\/\/www.organisator.ch\/#\/schema\/person\/134708ca9321c57b0362cceb7948ffbd"},"headline":"ADP Studie ortet die gl\u00fccklichsten Arbeitskr\u00e4fte in Mitteleuropa","datePublished":"2017-03-01T15:18:03+00:00","mainEntityOfPage":{"@id":"https:\/\/www.organisator.ch\/human-resources\/fit_im_job\/2017-03-01\/1574-2\/"},"wordCount":347,"commentCount":0,"publisher":{"@id":"https:\/\/www.organisator.ch\/#organization"},"image":{"@id":"https:\/\/www.m-q.ch\/adp-studie-zeigt-die-gluecklichsten-arbeitskraefte-wie-schneidet-die-schweiz-ab\/#primaryimage"},"thumbnailUrl":"https:\/\/www.organisator.ch\/wp-content\/uploads\/2017\/03\/Europas-gluecklichste-Arbeitskraefte-wie-schneidet-die-Schweiz-ab-org-organisator.jpg","keywords":["Arbeitsplatzgestaltung","Arbeitszufriedenheit","Fit im Job","HRM","Studie"],"articleSection":["FIT IM JOB"],"inLanguage":"fr-FR"},{"@type":"WebPage","@id":"https:\/\/www.organisator.ch\/human-resources\/fit_im_job\/2017-03-01\/1574-2\/","url":"https:\/\/www.m-q.ch\/adp-studie-zeigt-die-gluecklichsten-arbeitskraefte-wie-schneidet-die-schweiz-ab\/","name":"Une \u00e9tude ADP r\u00e9v\u00e8le que les travailleurs les plus heureux sont ceux d'Europe centrale - Organisateur","isPartOf":{"@id":"https:\/\/www.organisator.ch\/#website"},"primaryImageOfPage":{"@id":"https:\/\/www.m-q.ch\/adp-studie-zeigt-die-gluecklichsten-arbeitskraefte-wie-schneidet-die-schweiz-ab\/#primaryimage"},"image":{"@id":"https:\/\/www.m-q.ch\/adp-studie-zeigt-die-gluecklichsten-arbeitskraefte-wie-schneidet-die-schweiz-ab\/#primaryimage"},"thumbnailUrl":"https:\/\/www.organisator.ch\/wp-content\/uploads\/2017\/03\/Europas-gluecklichste-Arbeitskraefte-wie-schneidet-die-Schweiz-ab-org-organisator.jpg","datePublished":"2017-03-01T15:18:03+00:00","description":"Selon une \u00e9tude d'ADP, les salari\u00e9s travaillant en Espagne, aux Pays-Bas et en Pologne font \u00e9tat de la plus grande satisfaction au travail.","breadcrumb":{"@id":"https:\/\/www.m-q.ch\/adp-studie-zeigt-die-gluecklichsten-arbeitskraefte-wie-schneidet-die-schweiz-ab\/#breadcrumb"},"inLanguage":"fr-FR","potentialAction":[{"@type":"ReadAction","target":["https:\/\/www.m-q.ch\/adp-studie-zeigt-die-gluecklichsten-arbeitskraefte-wie-schneidet-die-schweiz-ab\/"]}]},{"@type":"ImageObject","inLanguage":"fr-FR","@id":"https:\/\/www.m-q.ch\/adp-studie-zeigt-die-gluecklichsten-arbeitskraefte-wie-schneidet-die-schweiz-ab\/#primaryimage","url":"https:\/\/www.organisator.ch\/wp-content\/uploads\/2017\/03\/Europas-gluecklichste-Arbeitskraefte-wie-schneidet-die-Schweiz-ab-org-organisator.jpg","contentUrl":"https:\/\/www.organisator.ch\/wp-content\/uploads\/2017\/03\/Europas-gluecklichste-Arbeitskraefte-wie-schneidet-die-Schweiz-ab-org-organisator.jpg","width":578,"height":480,"caption":"Es heisst die gl\u00fccklichsten Arbeitsnehmer erbringen h\u00f6here Leistungen. (Bild: Depositphotos_minerva)"},{"@type":"BreadcrumbList","@id":"https:\/\/www.m-q.ch\/adp-studie-zeigt-die-gluecklichsten-arbeitskraefte-wie-schneidet-die-schweiz-ab\/#breadcrumb","itemListElement":[{"@type":"ListItem","position":1,"name":"Home","item":"https:\/\/www.organisator.ch\/"},{"@type":"ListItem","position":2,"name":"ADP Studie ortet die gl\u00fccklichsten Arbeitskr\u00e4fte in Mitteleuropa"}]},{"@type":"WebSite","@id":"https:\/\/www.organisator.ch\/#website","url":"https:\/\/www.organisator.ch\/","name":"Organisateur","description":"Comp\u00e9tence et comp\u00e9tence. Proches de la pratique. L'ORGANISATEUR pr\u00e9pare 10 num\u00e9ros par an sur les th\u00e8mes essentiels pour les dirigeants de PME.","publisher":{"@id":"https:\/\/www.organisator.ch\/#organization"},"potentialAction":[{"@type":"SearchAction","target":{"@type":"EntryPoint","urlTemplate":"https:\/\/www.organisator.ch\/?s={search_term_string}"},"query-input":{"@type":"PropertyValueSpecification","valueRequired":true,"valueName":"search_term_string"}}],"inLanguage":"fr-FR"},{"@type":"Organization","@id":"https:\/\/www.organisator.ch\/#organization","name":"Organisateur","url":"https:\/\/www.organisator.ch\/","logo":{"@type":"ImageObject","inLanguage":"fr-FR","@id":"https:\/\/www.organisator.ch\/#\/schema\/logo\/image\/","url":"https:\/\/www.organisator.ch\/wp-content\/uploads\/2022\/01\/Logo_Organisator_Website.png","contentUrl":"https:\/\/www.organisator.ch\/wp-content\/uploads\/2022\/01\/Logo_Organisator_Website.png","width":800,"height":77,"caption":"Organisator"},"image":{"@id":"https:\/\/www.organisator.ch\/#\/schema\/logo\/image\/"},"sameAs":["https:\/\/www.facebook.com\/OrganisatorFachmagazin","https:\/\/www.linkedin.com\/showcase\/organisator-das-magazin-fr-kmu","https:\/\/www.xing.com\/news\/pages\/organisator-ch-695","https:\/\/www.youtube.com\/channel\/UCGP2Sq0iWaZwT3BdIAQFYpw"]},{"@type":"Person","@id":"https:\/\/www.organisator.ch\/#\/schema\/person\/134708ca9321c57b0362cceb7948ffbd","name":"michael.merz","image":{"@type":"ImageObject","inLanguage":"fr-FR","@id":"https:\/\/secure.gravatar.com\/avatar\/?s=96&d=mm&r=g","url":"https:\/\/secure.gravatar.com\/avatar\/?s=96&d=mm&r=g","contentUrl":"https:\/\/secure.gravatar.com\/avatar\/?s=96&d=mm&r=g","caption":"michael.merz"},"url":"https:\/\/www.organisator.ch\/fr\/author\/michael-merz\/"}]}},"_links":{"self":[{"href":"https:\/\/www.organisator.ch\/fr\/wp-json\/wp\/v2\/posts\/1574","targetHints":{"allow":["GET"]}}],"collection":[{"href":"https:\/\/www.organisator.ch\/fr\/wp-json\/wp\/v2\/posts"}],"about":[{"href":"https:\/\/www.organisator.ch\/fr\/wp-json\/wp\/v2\/types\/post"}],"author":[{"embeddable":true,"href":"https:\/\/www.organisator.ch\/fr\/wp-json\/wp\/v2\/users\/5"}],"replies":[{"embeddable":true,"href":"https:\/\/www.organisator.ch\/fr\/wp-json\/wp\/v2\/comments?post=1574"}],"version-history":[{"count":0,"href":"https:\/\/www.organisator.ch\/fr\/wp-json\/wp\/v2\/posts\/1574\/revisions"}],"wp:featuredmedia":[{"embeddable":true,"href":"https:\/\/www.organisator.ch\/fr\/wp-json\/wp\/v2\/media\/1576"}],"wp:attachment":[{"href":"https:\/\/www.organisator.ch\/fr\/wp-json\/wp\/v2\/media?parent=1574"}],"wp:term":[{"taxonomy":"category","embeddable":true,"href":"https:\/\/www.organisator.ch\/fr\/wp-json\/wp\/v2\/categories?post=1574"},{"taxonomy":"post_tag","embeddable":true,"href":"https:\/\/www.organisator.ch\/fr\/wp-json\/wp\/v2\/tags?post=1574"}],"curies":[{"name":"wp","href":"https:\/\/api.w.org\/{rel}","templated":true}]}}