{"id":15741,"date":"2022-07-22T03:35:24","date_gmt":"2022-07-22T01:35:24","guid":{"rendered":"https:\/\/www.m-q.ch\/?p=16669"},"modified":"2022-07-23T15:18:09","modified_gmt":"2022-07-23T13:18:09","slug":"3d-metrology-conference-messtechnik-als-innovationstreiber","status":"publish","type":"post","link":"https:\/\/www.organisator.ch\/fr\/operational-excellence\/2022-07-22\/3d-metrology-conference-messtechnik-als-innovationstreiber\/","title":{"rendered":"3D Metrology Conference : la m\u00e9trologie, moteur de l'innovation"},"content":{"rendered":"<figure id=\"attachment_16670\" class=\"wp-caption alignnone\" style=\"width: 680px\" aria-describedby=\"caption-attachment-16670\"><img class=\"alignnone wp-image-16670 size-full\" src=\"https:\/\/www.m-q.ch\/wp-content\/uploads\/2022\/07\/3D-Metrology-Conference-Messtechnik-als-Innovationstreiber_MQ.jpg\" alt=\"Conf\u00e9rence sur la m\u00e9trologie 3D\" width=\"680\" height=\"453\" \/><figcaption id=\"caption-attachment-16670\" class=\"wp-caption-text\">Du 15 au 17 novembre 2022, Aix-la-Chapelle accueillera la 3D Metrology Conference. (Image : zVg \/ Service de presse WZL Aachen)<\/figcaption><\/figure>\r\nApr\u00e8s des \u00e9ditions couronn\u00e9es de succ\u00e8s \u00e0 Aix-la-Chapelle, Hambourg et Londres et, plus r\u00e9cemment, deux \u00e9ditions virtuelles, la 3D Metrology Conference revient \u00e0 son lieu de fondation, le campus de Melaten.\r\n<h3>3D Metrology Conference avec exposition industrielle<\/h3>\r\nLors de la 3DMC, jusqu'\u00e0 200 utilisateurs industriels et experts universitaires de renom \u00e9changent leurs id\u00e9es et marquent le caract\u00e8re innovant et ouvert de la manifestation. Il se refl\u00e8te \u00e9galement dans la conception du programme : un programme de conf\u00e9rences de haut niveau est associ\u00e9 \u00e0 une exposition industrielle ouverte, \u00e0 des sessions d'int\u00e9r\u00eat sp\u00e9cial et \u00e0 des formats de r\u00e9seau d\u00e9di\u00e9s. Les professeurs Ben Hughes et Robert Schmitt seront les mod\u00e9rateurs et les h\u00f4tes de la manifestation.\r\n<h3>Pr\u00e9sentation de cas d'utilisation et de r\u00e9sultats de recherche<\/h3>\r\nLe th\u00e8me de la conf\u00e9rence est la m\u00e9trologie en tant que moteur d'innovation dans l'automatisation et l'assurance qualit\u00e9. D'une part, des utilisateurs finaux industriels pr\u00e9senteront des cas d'utilisation r\u00e9ussis dans diff\u00e9rents secteurs, par exemple dans la construction automobile, l'a\u00e9ronautique ou l'\u00e9nergie. D'autre part, des scientifiques de renomm\u00e9e internationale pr\u00e9senteront les progr\u00e8s r\u00e9alis\u00e9s dans le domaine de la m\u00e9trologie, qui permettent de nouvelles applications. Les donn\u00e9es 3D et la vision artificielle constituent l'ADN de la conf\u00e9rence et sont compl\u00e9t\u00e9es par d'autres technologies, par exemple dans les domaines de la num\u00e9risation et de l'intelligence artificielle.\r\n<h3>Diverses nouveaut\u00e9s<\/h3>\r\nEn 2022, la 3DMC introduira deux nouveaut\u00e9s : L'exposition industrielle aura lieu pour la premi\u00e8re fois dans le nouveau hall des machines du WZL, ce qui permettra aux exposants de pr\u00e9senter en direct des cas d'utilisation innovants et d'en discuter avec la communaut\u00e9. Les avantages d'un salon, d'un laboratoire de technique de production et d'un forum d'experts seront ainsi r\u00e9unis en un seul lieu. Une autre nouveaut\u00e9 est que les pr\u00e9sentations s\u00e9lectionn\u00e9es seront compl\u00e9t\u00e9es par un article \u00e0 comit\u00e9 de lecture dans le journal Open Access Metrology, ce qui renforce encore l'excellence scientifique durable de la conf\u00e9rence.\r\n\r\n<em>Site web de l'\u00e9v\u00e9nement : <a href=\"https:\/\/www.3dmc.events\/\">https:\/\/www.3dmc.events<\/a><\/em>\n<p class=\"syndicated-attribution\">Cet article est paru initialement sur m-q.ch - <a href=\"https:\/\/www.m-q.ch\/de\/3d-metrology-conference-messtechnik-als-innovationstreiber\/\" target=\"_blank\">https:\/\/www.m-q.ch\/de\/3d-metrology-conference-messtechnik-als-innovationstreiber\/<\/a><\/p>","protected":false},"excerpt":{"rendered":"<p>Nach erfolgreichen Editionen in Aachen, Hamburg und London sowie zuletzt zwei virtuellen Austragungen kehrt die 3D Metrology Conference nun an ihren Gr\u00fcndungsort, den Campus Melaten, zur\u00fcck. 3D Metrology Conference mit Industrieausstellung Auf der 3DMC tauschen sich bis zu 200 industrielle Anwender und akademisch renommierte Experten aus und pr\u00e4gen den innovativen und offenen Charakter der Veranstaltung. [\u2026]<\/p>\n","protected":false},"author":8,"featured_media":0,"comment_status":"closed","ping_status":"closed","sticky":false,"template":"","format":"standard","meta":{"_acf_changed":false,"_yoast_wpseo_focuskw":"3D Metrology Conference","_yoast_wpseo_metadesc":"Dieses Jahr findet vom 15. bis zum 17. November die 3D Metrology Conference in Aachen statt. Die 3DMC ist eine der bedeutendsten Konferenzen","articlekey":"","footnotes":""},"categories":[582],"tags":[3062,3063],"class_list":["post-15741","post","type-post","status-publish","format-standard","hentry","category-operational-excellence","tag-3d-metrology-conference","tag-innovationstreiber"],"acf":[],"yoast_head":"<!-- This site is optimized with the Yoast SEO plugin v27.5 - https:\/\/yoast.com\/product\/yoast-seo-wordpress\/ -->\n<title>3D Metrology Conference: Messtechnik als Innovationstreiber - Organisator<\/title>\n<meta name=\"description\" content=\"Dieses Jahr findet vom 15. bis zum 17. November die 3D Metrology Conference in Aachen statt. Die 3DMC ist eine der bedeutendsten Konferenzen\" \/>\n<meta name=\"robots\" content=\"index, follow, max-snippet:-1, max-image-preview:large, max-video-preview:-1\" \/>\n<link rel=\"canonical\" href=\"https:\/\/www.m-q.ch\/de\/3d-metrology-conference-messtechnik-als-innovationstreiber\/\" \/>\n<meta property=\"og:locale\" content=\"fr_FR\" \/>\n<meta property=\"og:type\" content=\"article\" \/>\n<meta property=\"og:title\" content=\"3D Metrology Conference: Messtechnik als Innovationstreiber - Organisator\" \/>\n<meta property=\"og:description\" content=\"Dieses Jahr findet vom 15. bis zum 17. November die 3D Metrology Conference in Aachen statt. Die 3DMC ist eine der bedeutendsten Konferenzen\" \/>\n<meta property=\"og:url\" content=\"https:\/\/www.m-q.ch\/de\/3d-metrology-conference-messtechnik-als-innovationstreiber\/\" \/>\n<meta property=\"og:site_name\" content=\"Organisator\" \/>\n<meta property=\"article:publisher\" content=\"https:\/\/www.facebook.com\/OrganisatorFachmagazin\" \/>\n<meta property=\"article:published_time\" content=\"2022-07-22T01:35:24+00:00\" \/>\n<meta property=\"article:modified_time\" content=\"2022-07-23T13:18:09+00:00\" \/>\n<meta property=\"og:image\" content=\"https:\/\/www.m-q.ch\/wp-content\/uploads\/2022\/07\/3D-Metrology-Conference-Messtechnik-als-Innovationstreiber_MQ.jpg\" \/>\n<meta name=\"author\" content=\"galledia\" \/>\n<meta name=\"twitter:card\" content=\"summary_large_image\" \/>\n<meta name=\"twitter:creator\" content=\"@admin\" \/>\n<script type=\"application\/ld+json\" class=\"yoast-schema-graph\">{\"@context\":\"https:\\\/\\\/schema.org\",\"@graph\":[{\"@type\":\"Article\",\"@id\":\"https:\\\/\\\/www.m-q.ch\\\/de\\\/3d-metrology-conference-messtechnik-als-innovationstreiber\\\/#article\",\"isPartOf\":{\"@id\":\"https:\\\/\\\/www.organisator.ch\\\/operational-excellence\\\/2022-07-22\\\/3d-metrology-conference-messtechnik-als-innovationstreiber\\\/\"},\"author\":{\"name\":\"galledia\",\"@id\":\"https:\\\/\\\/www.organisator.ch\\\/#\\\/schema\\\/person\\\/4e51799071cd2dd1232ac003643ef5f0\"},\"headline\":\"3D Metrology Conference: Messtechnik als Innovationstreiber\",\"datePublished\":\"2022-07-22T01:35:24+00:00\",\"dateModified\":\"2022-07-23T13:18:09+00:00\",\"mainEntityOfPage\":{\"@id\":\"https:\\\/\\\/www.organisator.ch\\\/operational-excellence\\\/2022-07-22\\\/3d-metrology-conference-messtechnik-als-innovationstreiber\\\/\"},\"wordCount\":304,\"publisher\":{\"@id\":\"https:\\\/\\\/www.organisator.ch\\\/#organization\"},\"image\":{\"@id\":\"https:\\\/\\\/www.m-q.ch\\\/de\\\/3d-metrology-conference-messtechnik-als-innovationstreiber\\\/#primaryimage\"},\"thumbnailUrl\":\"https:\\\/\\\/www.m-q.ch\\\/wp-content\\\/uploads\\\/2022\\\/07\\\/3D-Metrology-Conference-Messtechnik-als-Innovationstreiber_MQ.jpg\",\"keywords\":[\"3D Metrology Conference\",\"Innovationstreiber\"],\"articleSection\":[\"OPERATIONAL EXCELLENCE\"],\"inLanguage\":\"fr-FR\"},{\"@type\":\"WebPage\",\"@id\":\"https:\\\/\\\/www.organisator.ch\\\/operational-excellence\\\/2022-07-22\\\/3d-metrology-conference-messtechnik-als-innovationstreiber\\\/\",\"url\":\"https:\\\/\\\/www.m-q.ch\\\/de\\\/3d-metrology-conference-messtechnik-als-innovationstreiber\\\/\",\"name\":\"3D Metrology Conference: Messtechnik als Innovationstreiber - Organisator\",\"isPartOf\":{\"@id\":\"https:\\\/\\\/www.organisator.ch\\\/#website\"},\"primaryImageOfPage\":{\"@id\":\"https:\\\/\\\/www.m-q.ch\\\/de\\\/3d-metrology-conference-messtechnik-als-innovationstreiber\\\/#primaryimage\"},\"image\":{\"@id\":\"https:\\\/\\\/www.m-q.ch\\\/de\\\/3d-metrology-conference-messtechnik-als-innovationstreiber\\\/#primaryimage\"},\"thumbnailUrl\":\"https:\\\/\\\/www.m-q.ch\\\/wp-content\\\/uploads\\\/2022\\\/07\\\/3D-Metrology-Conference-Messtechnik-als-Innovationstreiber_MQ.jpg\",\"datePublished\":\"2022-07-22T01:35:24+00:00\",\"dateModified\":\"2022-07-23T13:18:09+00:00\",\"description\":\"Dieses Jahr findet vom 15. bis zum 17. November die 3D Metrology Conference in Aachen statt. Die 3DMC ist eine der bedeutendsten Konferenzen\",\"breadcrumb\":{\"@id\":\"https:\\\/\\\/www.m-q.ch\\\/de\\\/3d-metrology-conference-messtechnik-als-innovationstreiber\\\/#breadcrumb\"},\"inLanguage\":\"fr-FR\",\"potentialAction\":[{\"@type\":\"ReadAction\",\"target\":[\"https:\\\/\\\/www.m-q.ch\\\/de\\\/3d-metrology-conference-messtechnik-als-innovationstreiber\\\/\"]}]},{\"@type\":\"ImageObject\",\"inLanguage\":\"fr-FR\",\"@id\":\"https:\\\/\\\/www.m-q.ch\\\/de\\\/3d-metrology-conference-messtechnik-als-innovationstreiber\\\/#primaryimage\",\"url\":\"https:\\\/\\\/www.m-q.ch\\\/wp-content\\\/uploads\\\/2022\\\/07\\\/3D-Metrology-Conference-Messtechnik-als-Innovationstreiber_MQ.jpg\",\"contentUrl\":\"https:\\\/\\\/www.m-q.ch\\\/wp-content\\\/uploads\\\/2022\\\/07\\\/3D-Metrology-Conference-Messtechnik-als-Innovationstreiber_MQ.jpg\"},{\"@type\":\"BreadcrumbList\",\"@id\":\"https:\\\/\\\/www.m-q.ch\\\/de\\\/3d-metrology-conference-messtechnik-als-innovationstreiber\\\/#breadcrumb\",\"itemListElement\":[{\"@type\":\"ListItem\",\"position\":1,\"name\":\"Home\",\"item\":\"https:\\\/\\\/www.organisator.ch\\\/\"},{\"@type\":\"ListItem\",\"position\":2,\"name\":\"3D Metrology Conference: Messtechnik als Innovationstreiber\"}]},{\"@type\":\"WebSite\",\"@id\":\"https:\\\/\\\/www.organisator.ch\\\/#website\",\"url\":\"https:\\\/\\\/www.organisator.ch\\\/\",\"name\":\"Organisator\",\"description\":\"Kompetent. Praxisnah. Der ORGANISATOR bereitet in 10 Ausgaben pro Jahr die wesentlichen Themen f\u00fcr F\u00fchrungskr\u00e4fte von KMU auf.\",\"publisher\":{\"@id\":\"https:\\\/\\\/www.organisator.ch\\\/#organization\"},\"potentialAction\":[{\"@type\":\"SearchAction\",\"target\":{\"@type\":\"EntryPoint\",\"urlTemplate\":\"https:\\\/\\\/www.organisator.ch\\\/?s={search_term_string}\"},\"query-input\":{\"@type\":\"PropertyValueSpecification\",\"valueRequired\":true,\"valueName\":\"search_term_string\"}}],\"inLanguage\":\"fr-FR\"},{\"@type\":\"Organization\",\"@id\":\"https:\\\/\\\/www.organisator.ch\\\/#organization\",\"name\":\"Organisator\",\"url\":\"https:\\\/\\\/www.organisator.ch\\\/\",\"logo\":{\"@type\":\"ImageObject\",\"inLanguage\":\"fr-FR\",\"@id\":\"https:\\\/\\\/www.organisator.ch\\\/#\\\/schema\\\/logo\\\/image\\\/\",\"url\":\"https:\\\/\\\/www.organisator.ch\\\/wp-content\\\/uploads\\\/2022\\\/01\\\/Logo_Organisator_Website.png\",\"contentUrl\":\"https:\\\/\\\/www.organisator.ch\\\/wp-content\\\/uploads\\\/2022\\\/01\\\/Logo_Organisator_Website.png\",\"width\":800,\"height\":77,\"caption\":\"Organisator\"},\"image\":{\"@id\":\"https:\\\/\\\/www.organisator.ch\\\/#\\\/schema\\\/logo\\\/image\\\/\"},\"sameAs\":[\"https:\\\/\\\/www.facebook.com\\\/OrganisatorFachmagazin\",\"https:\\\/\\\/www.linkedin.com\\\/showcase\\\/organisator-das-magazin-fr-kmu\",\"https:\\\/\\\/www.xing.com\\\/news\\\/pages\\\/organisator-ch-695\",\"https:\\\/\\\/www.youtube.com\\\/channel\\\/UCGP2Sq0iWaZwT3BdIAQFYpw\"]},{\"@type\":\"Person\",\"@id\":\"https:\\\/\\\/www.organisator.ch\\\/#\\\/schema\\\/person\\\/4e51799071cd2dd1232ac003643ef5f0\",\"name\":\"galledia\",\"image\":{\"@type\":\"ImageObject\",\"inLanguage\":\"fr-FR\",\"@id\":\"https:\\\/\\\/secure.gravatar.com\\\/avatar\\\/78a7f90c01fc2bfc875782a0d4922b37cde2cf184ce347b91316d23cd7f69a36?s=96&d=mm&r=g\",\"url\":\"https:\\\/\\\/secure.gravatar.com\\\/avatar\\\/78a7f90c01fc2bfc875782a0d4922b37cde2cf184ce347b91316d23cd7f69a36?s=96&d=mm&r=g\",\"contentUrl\":\"https:\\\/\\\/secure.gravatar.com\\\/avatar\\\/78a7f90c01fc2bfc875782a0d4922b37cde2cf184ce347b91316d23cd7f69a36?s=96&d=mm&r=g\",\"caption\":\"galledia\"},\"sameAs\":[\"https:\\\/\\\/x.com\\\/admin\"],\"url\":\"https:\\\/\\\/www.organisator.ch\\\/fr\\\/author\\\/galledia\\\/\"}]}<\/script>\n<!-- \/ Yoast SEO plugin. -->","yoast_head_json":{"title":"3D Metrology Conference : La m\u00e9trologie, moteur de l'innovation - Organisateur","description":"Cette ann\u00e9e, la 3D Metrology Conference se tiendra du 15 au 17 novembre \u00e0 Aix-la-Chapelle. La 3DMC est l'une des plus importantes conf\u00e9rences","robots":{"index":"index","follow":"follow","max-snippet":"max-snippet:-1","max-image-preview":"max-image-preview:large","max-video-preview":"max-video-preview:-1"},"canonical":"https:\/\/www.m-q.ch\/de\/3d-metrology-conference-messtechnik-als-innovationstreiber\/","og_locale":"fr_FR","og_type":"article","og_title":"3D Metrology Conference: Messtechnik als Innovationstreiber - Organisator","og_description":"Dieses Jahr findet vom 15. bis zum 17. November die 3D Metrology Conference in Aachen statt. Die 3DMC ist eine der bedeutendsten Konferenzen","og_url":"https:\/\/www.m-q.ch\/de\/3d-metrology-conference-messtechnik-als-innovationstreiber\/","og_site_name":"Organisator","article_publisher":"https:\/\/www.facebook.com\/OrganisatorFachmagazin","article_published_time":"2022-07-22T01:35:24+00:00","article_modified_time":"2022-07-23T13:18:09+00:00","og_image":[{"url":"https:\/\/www.m-q.ch\/wp-content\/uploads\/2022\/07\/3D-Metrology-Conference-Messtechnik-als-Innovationstreiber_MQ.jpg","type":"","width":"","height":""}],"author":"galledia","twitter_card":"summary_large_image","twitter_creator":"@admin","schema":{"@context":"https:\/\/schema.org","@graph":[{"@type":"Article","@id":"https:\/\/www.m-q.ch\/de\/3d-metrology-conference-messtechnik-als-innovationstreiber\/#article","isPartOf":{"@id":"https:\/\/www.organisator.ch\/operational-excellence\/2022-07-22\/3d-metrology-conference-messtechnik-als-innovationstreiber\/"},"author":{"name":"galledia","@id":"https:\/\/www.organisator.ch\/#\/schema\/person\/4e51799071cd2dd1232ac003643ef5f0"},"headline":"3D Metrology Conference: Messtechnik als Innovationstreiber","datePublished":"2022-07-22T01:35:24+00:00","dateModified":"2022-07-23T13:18:09+00:00","mainEntityOfPage":{"@id":"https:\/\/www.organisator.ch\/operational-excellence\/2022-07-22\/3d-metrology-conference-messtechnik-als-innovationstreiber\/"},"wordCount":304,"publisher":{"@id":"https:\/\/www.organisator.ch\/#organization"},"image":{"@id":"https:\/\/www.m-q.ch\/de\/3d-metrology-conference-messtechnik-als-innovationstreiber\/#primaryimage"},"thumbnailUrl":"https:\/\/www.m-q.ch\/wp-content\/uploads\/2022\/07\/3D-Metrology-Conference-Messtechnik-als-Innovationstreiber_MQ.jpg","keywords":["3D Metrology Conference","Innovationstreiber"],"articleSection":["OPERATIONAL EXCELLENCE"],"inLanguage":"fr-FR"},{"@type":"WebPage","@id":"https:\/\/www.organisator.ch\/operational-excellence\/2022-07-22\/3d-metrology-conference-messtechnik-als-innovationstreiber\/","url":"https:\/\/www.m-q.ch\/de\/3d-metrology-conference-messtechnik-als-innovationstreiber\/","name":"3D Metrology Conference : La m\u00e9trologie, moteur de l'innovation - Organisateur","isPartOf":{"@id":"https:\/\/www.organisator.ch\/#website"},"primaryImageOfPage":{"@id":"https:\/\/www.m-q.ch\/de\/3d-metrology-conference-messtechnik-als-innovationstreiber\/#primaryimage"},"image":{"@id":"https:\/\/www.m-q.ch\/de\/3d-metrology-conference-messtechnik-als-innovationstreiber\/#primaryimage"},"thumbnailUrl":"https:\/\/www.m-q.ch\/wp-content\/uploads\/2022\/07\/3D-Metrology-Conference-Messtechnik-als-Innovationstreiber_MQ.jpg","datePublished":"2022-07-22T01:35:24+00:00","dateModified":"2022-07-23T13:18:09+00:00","description":"Cette ann\u00e9e, la 3D Metrology Conference se tiendra du 15 au 17 novembre \u00e0 Aix-la-Chapelle. La 3DMC est l'une des plus importantes conf\u00e9rences","breadcrumb":{"@id":"https:\/\/www.m-q.ch\/de\/3d-metrology-conference-messtechnik-als-innovationstreiber\/#breadcrumb"},"inLanguage":"fr-FR","potentialAction":[{"@type":"ReadAction","target":["https:\/\/www.m-q.ch\/de\/3d-metrology-conference-messtechnik-als-innovationstreiber\/"]}]},{"@type":"ImageObject","inLanguage":"fr-FR","@id":"https:\/\/www.m-q.ch\/de\/3d-metrology-conference-messtechnik-als-innovationstreiber\/#primaryimage","url":"https:\/\/www.m-q.ch\/wp-content\/uploads\/2022\/07\/3D-Metrology-Conference-Messtechnik-als-Innovationstreiber_MQ.jpg","contentUrl":"https:\/\/www.m-q.ch\/wp-content\/uploads\/2022\/07\/3D-Metrology-Conference-Messtechnik-als-Innovationstreiber_MQ.jpg"},{"@type":"BreadcrumbList","@id":"https:\/\/www.m-q.ch\/de\/3d-metrology-conference-messtechnik-als-innovationstreiber\/#breadcrumb","itemListElement":[{"@type":"ListItem","position":1,"name":"Home","item":"https:\/\/www.organisator.ch\/"},{"@type":"ListItem","position":2,"name":"3D Metrology Conference: Messtechnik als Innovationstreiber"}]},{"@type":"WebSite","@id":"https:\/\/www.organisator.ch\/#website","url":"https:\/\/www.organisator.ch\/","name":"Organisateur","description":"Comp\u00e9tence et comp\u00e9tence. Proches de la pratique. L'ORGANISATEUR pr\u00e9pare 10 num\u00e9ros par an sur les th\u00e8mes essentiels pour les dirigeants de PME.","publisher":{"@id":"https:\/\/www.organisator.ch\/#organization"},"potentialAction":[{"@type":"SearchAction","target":{"@type":"EntryPoint","urlTemplate":"https:\/\/www.organisator.ch\/?s={search_term_string}"},"query-input":{"@type":"PropertyValueSpecification","valueRequired":true,"valueName":"search_term_string"}}],"inLanguage":"fr-FR"},{"@type":"Organization","@id":"https:\/\/www.organisator.ch\/#organization","name":"Organisateur","url":"https:\/\/www.organisator.ch\/","logo":{"@type":"ImageObject","inLanguage":"fr-FR","@id":"https:\/\/www.organisator.ch\/#\/schema\/logo\/image\/","url":"https:\/\/www.organisator.ch\/wp-content\/uploads\/2022\/01\/Logo_Organisator_Website.png","contentUrl":"https:\/\/www.organisator.ch\/wp-content\/uploads\/2022\/01\/Logo_Organisator_Website.png","width":800,"height":77,"caption":"Organisator"},"image":{"@id":"https:\/\/www.organisator.ch\/#\/schema\/logo\/image\/"},"sameAs":["https:\/\/www.facebook.com\/OrganisatorFachmagazin","https:\/\/www.linkedin.com\/showcase\/organisator-das-magazin-fr-kmu","https:\/\/www.xing.com\/news\/pages\/organisator-ch-695","https:\/\/www.youtube.com\/channel\/UCGP2Sq0iWaZwT3BdIAQFYpw"]},{"@type":"Person","@id":"https:\/\/www.organisator.ch\/#\/schema\/person\/4e51799071cd2dd1232ac003643ef5f0","name":"galledia","image":{"@type":"ImageObject","inLanguage":"fr-FR","@id":"https:\/\/secure.gravatar.com\/avatar\/78a7f90c01fc2bfc875782a0d4922b37cde2cf184ce347b91316d23cd7f69a36?s=96&d=mm&r=g","url":"https:\/\/secure.gravatar.com\/avatar\/78a7f90c01fc2bfc875782a0d4922b37cde2cf184ce347b91316d23cd7f69a36?s=96&d=mm&r=g","contentUrl":"https:\/\/secure.gravatar.com\/avatar\/78a7f90c01fc2bfc875782a0d4922b37cde2cf184ce347b91316d23cd7f69a36?s=96&d=mm&r=g","caption":"galledia"},"sameAs":["https:\/\/x.com\/admin"],"url":"https:\/\/www.organisator.ch\/fr\/author\/galledia\/"}]}},"_links":{"self":[{"href":"https:\/\/www.organisator.ch\/fr\/wp-json\/wp\/v2\/posts\/15741","targetHints":{"allow":["GET"]}}],"collection":[{"href":"https:\/\/www.organisator.ch\/fr\/wp-json\/wp\/v2\/posts"}],"about":[{"href":"https:\/\/www.organisator.ch\/fr\/wp-json\/wp\/v2\/types\/post"}],"author":[{"embeddable":true,"href":"https:\/\/www.organisator.ch\/fr\/wp-json\/wp\/v2\/users\/8"}],"replies":[{"embeddable":true,"href":"https:\/\/www.organisator.ch\/fr\/wp-json\/wp\/v2\/comments?post=15741"}],"version-history":[{"count":4,"href":"https:\/\/www.organisator.ch\/fr\/wp-json\/wp\/v2\/posts\/15741\/revisions"}],"predecessor-version":[{"id":15746,"href":"https:\/\/www.organisator.ch\/fr\/wp-json\/wp\/v2\/posts\/15741\/revisions\/15746"}],"wp:attachment":[{"href":"https:\/\/www.organisator.ch\/fr\/wp-json\/wp\/v2\/media?parent=15741"}],"wp:term":[{"taxonomy":"category","embeddable":true,"href":"https:\/\/www.organisator.ch\/fr\/wp-json\/wp\/v2\/categories?post=15741"},{"taxonomy":"post_tag","embeddable":true,"href":"https:\/\/www.organisator.ch\/fr\/wp-json\/wp\/v2\/tags?post=15741"}],"curies":[{"name":"wp","href":"https:\/\/api.w.org\/{rel}","templated":true}]}}